{"id":102077,"date":"2024-06-02T18:07:36","date_gmt":"2024-06-02T16:07:36","guid":{"rendered":"https:\/\/exaudi.org\/?p=102077"},"modified":"2024-06-02T18:07:36","modified_gmt":"2024-06-02T16:07:36","slug":"riflessione-di-mons-enrique-diaz-il-signore-e-la-nostra-forza","status":"publish","type":"post","link":"https:\/\/exaudi.org\/it\/riflessione-di-mons-enrique-diaz-il-signore-e-la-nostra-forza\/","title":{"rendered":"Riflessione di Mons. Enrique D\u00edaz: \u201cIl Signore \u00e8 la nostra forza\u201d"},"content":{"rendered":"<p>Mons. Enrique D\u00edaz D\u00edaz condivide con i lettori di Exaudi la sua riflessione sul <a href=\"https:\/\/www.dominicos.org\/predicacion\/homilia\/2-6-2024\/lecturas\/\">Vangelo di questa domenica, 2 giugno 2024<\/a>, dal titolo: <em>\u201cIl Signore \u00e8 la nostra forza\u201d.<\/em><\/p>\n<p>***<\/p>\n<p>Deuteronomio 5,12 \u2013 15: <em>\u201cRicordati che eri schiavo in Egitto\u201d<\/em><\/p>\n<p>Salmo 80: <em>\u201cIl Signore \u00e8 la nostra forza\u201d<\/em><\/p>\n<p>II Corinzi 4,6-11: <em>&#8220;La vita di Ges\u00f9 si manifesta nella nostra carne mortale&#8221;<\/em><\/p>\n<p>San Marco 2,23 \u2013 3,6: <em>\u201cIl Figlio dell\u2019uomo \u00e8 padrone anche del sabato\u201d<\/em><\/p>\n<p>Quanto \u00e8 bello contemplare Cristo libero da leggi e pregiudizi, e allo stesso tempo liberante dalle schiavit\u00f9 e dalle malattie! \u00c8 vero, servono leggi che tutelino gli interessi dei pi\u00f9 deboli, usanze che preservino le belle tradizioni della nostra gente, feste ed eventi che ricordino momenti importanti della Chiesa, del Paese e della comunit\u00e0. Ma non catene che schiavizzano e dimenticano le persone, la loro dignit\u00e0 e i loro diritti. Troviamo spesso che Ges\u00f9 adotta un atteggiamento critico nei confronti delle leggi e delle istituzioni ebraiche e non perde occasione per relativizzarne il valore nei confronti delle autorit\u00e0 e dei leader religiosi. Quando la legge diventa una catena, perde il suo significato e denigra la persona.<\/p>\n<p>In quante pratiche siamo rimasti senza guardare al loro vero contenuto? Ges\u00f9 interroga gli uomini del suo tempo perch\u00e9 hanno fatto delle leggi un peso pesante per tutto il popolo. Il sabato, con un significato prezioso nel rapporto con Dio e con un profondo contenuto sociale nella ricerca della giustizia per i pi\u00f9 poveri, diventa ormai un peso che non ha nemmeno rapporto con Dio e che distorce la cura dei fratelli. Basta leggere con attenzione la prima lettura di questa giornata in cui si ricorda al popolo che era schiavo e che il sabato \u00e8 proprio per manifestare la sua libert\u00e0 e la libert\u00e0 dei suoi fratelli. Il popolo ebraico ha perso il suo significato, continua a rispettare una legge che diventa un peso e che non manifesta il vero senso della libert\u00e0, della dignit\u00e0 della persona e del tempo dedicato con speciale riverenza all&#8217;incontro con Dio.<\/p>\n<p>Con la risurrezione di Cristo, i primi cristiani abbandonarono il sabato come tempo sacro e adottarono la domenica come giorno del Signore, s\u00ec per il riposo personale, ma soprattutto per l&#8217;incontro con il nostro Dio e creatore. Di fronte alle gravi accuse che muove Ges\u00f9, dovremo interrogarci se anche noi abbiamo perso il senso del giorno del riposo. Presumibilmente ci riposiamo nelle domeniche che dovrebbero essere dedicate a Dio in modo speciale e in cui avremmo l&#8217;opportunit\u00e0 di incontrare le famiglie e la comunit\u00e0, ma abbiamo fatto della domenica un giorno di dissolutezza e di spensieratezza che non rafforza il nostro spirito.<\/p>\n<p>Il sabato ebraico dimentica la cosa pi\u00f9 importante, ovvero l&#8217;amore, che \u00e8 al di sopra di ogni pratica religiosa. La nostra domenica dimentica il rapporto con Dio e l&#8217;impegno verso i fratelli. Ha perso il senso della santificazione e del vero riposo. Le dure parole di Ges\u00f9 cercano di focalizzare i suoi oppositori su ci\u00f2 che \u00e8 trascendentale: un umanesimo che libera, salva e unifica. Il sabato \u00e8 fatto per l&#8217;uomo e non il contrario. Ma dietro questa frase ci sono tante altre realt\u00e0 fatte per l&#8217;uomo e sembra che l&#8217;uomo finisca per esserne schiavo. Il denaro, lo sport, le merci, il vino, la droga&#8230;\u00a0 tutto avrebbe avuto la sua utilit\u00e0 purch\u00e9 fosse usato nel suo vero senso. Ma ci siamo smarriti e abbiamo finito per essere schiavi e schiavizzare le persone. Ci farebbe molto comodo oggi rivedere quelle cose o compiti che dovrebbero far crescere l&#8217;uomo e finiscono per soffocarlo: le leggi, le tasse, il lavoro, le relazioni, i divertimenti&#8230;\u00a0 e tante altre cose che sono fatte per l&#8217;uomo e che sembrano a Finiscono per trattenerlo e opprimerlo. Cosa risponderemmo a Ges\u00f9 quando ci dicesse che il sabato \u00e8 fatto per l&#8217;uomo, che le cose sono fatte per l&#8217;uomo e non l&#8217;uomo per le cose?<\/p>\n<p>Nella seconda parte del vangelo troviamo una di quelle occasioni in cui Ges\u00f9 deve interrogarsi seriamente se le leggi e le cerimonie che il suo popolo fa lo portano a un vero rapporto con Dio. Mette un uomo al centro della sinagoga. Uno storpio cio\u00e8 l&#8217;uomo legato, incatenato e soggetto a tanti legami che non gli permettono di raggiungere Dio. Ma mettendo Ges\u00f9 in mezzo, mette anche Se stesso, poich\u00e9 \u00e8 Lui che veramente i farisei vogliono giudicare. L&#8217;uomo al centro \u00e8 segno di Cristo che si pone come mezzo e come ponte per raggiungere Dio Padre.<\/p>\n<p>La domanda tocca il fondo di ogni relazione: i riti e le leggi portano a Dio? Il segno \u00e8 il sabato, istituzione sacra per gli Israeliti. La chiave la d\u00e0 Ges\u00f9 stesso: se una legge, un rito o un&#8217;istituzione d\u00e0 la vita all&#8217;uomo, dovremo prendercene cura; Se va contro la vita dell\u2019uomo dobbiamo metterlo in discussione. Raramente si dice di Ges\u00f9 che \u00e8 pieno di rabbia e tristezza. Ebbene, oggi lo fa quando scopre che l&#8217;uomo \u00e8 disprezzato. Dobbiamo porci oggi la stessa domanda e verificare se ci\u00f2 che stiamo facendo in famiglia, nel lavoro, nell&#8217;educazione, \u00e8 dare vita alla persona o \u00e8 solo strumentale. Che posto occupano i bambini in una famiglia? Sono trattati e rispettati come persone? E a scuola? E al lavoro? E negli affari? Dovremo riconoscere che molte volte la persona viene utilizzata per interessi egoistici. Oggi Ges\u00f9 ci interroga e ci fa riflettere: stiamo dando la vita con i nostri atteggiamenti e le nostre idee?<\/p>\n<p><em>Padre buono, che hai cura e proteggi l&#8217;umanit\u00e0, donaci di scoprire ci\u00f2 che veramente ci d\u00e0 la libert\u00e0 e ci avvicina alla tua presenza. Amen<\/em><\/p>\n","protected":false},"excerpt":{"rendered":"<p>IX Domenica Ordinaria<\/p>\n","protected":false},"author":25,"featured_media":102058,"comment_status":"closed","ping_status":"closed","sticky":false,"template":"","format":"standard","meta":{"_acf_changed":false,"_crdt_document":"","inline_featured_image":false,"footnotes":""},"categories":[73,95],"tags":[10807,10963,4952,706],"class_list":["post-102077","post","type-post","status-publish","format-standard","has-post-thumbnail","hentry","category-chiesa-e-mondo","category-spiritualita","tag-commento","tag-enrique-diaz-2","tag-trending-it","tag-vangelo"],"acf":[],"yoast_head":"<!-- This site is optimized with the Yoast SEO plugin v27.4 - https:\/\/yoast.com\/product\/yoast-seo-wordpress\/ -->\n<title>Riflessione di Mons. Enrique D\u00edaz: \u201cIl Signore \u00e8 la nostra forza\u201d &#8211; Exaudi<\/title>\n<meta name=\"robots\" content=\"index, follow, max-snippet:-1, max-image-preview:large, max-video-preview:-1\" \/>\n<link rel=\"canonical\" href=\"https:\/\/exaudi.org\/it\/riflessione-di-mons-enrique-diaz-il-signore-e-la-nostra-forza\/\" \/>\n<meta property=\"og:locale\" content=\"it_IT\" \/>\n<meta property=\"og:type\" content=\"article\" \/>\n<meta property=\"og:title\" content=\"Riflessione di Mons. Enrique D\u00edaz: \u201cIl Signore \u00e8 la nostra forza\u201d &#8211; Exaudi\" \/>\n<meta property=\"og:description\" content=\"IX Domenica Ordinaria\" \/>\n<meta property=\"og:url\" content=\"https:\/\/exaudi.org\/it\/riflessione-di-mons-enrique-diaz-il-signore-e-la-nostra-forza\/\" \/>\n<meta property=\"og:site_name\" content=\"Exaudi\" \/>\n<meta property=\"article:publisher\" content=\"https:\/\/www.facebook.com\/ExaudiNews\" \/>\n<meta property=\"article:published_time\" content=\"2024-06-02T16:07:36+00:00\" \/>\n<meta property=\"og:image\" content=\"https:\/\/exaudi.org\/wp-content\/uploads\/2024\/06\/catholic-3700867_1280.jpg\" \/>\n\t<meta property=\"og:image:width\" content=\"1280\" \/>\n\t<meta property=\"og:image:height\" content=\"850\" \/>\n\t<meta property=\"og:image:type\" content=\"image\/jpeg\" \/>\n<meta name=\"author\" content=\"Enrique D\u00edaz\" \/>\n<meta name=\"twitter:card\" content=\"summary_large_image\" \/>\n<meta name=\"twitter:creator\" content=\"@Exaudi_News\" \/>\n<meta name=\"twitter:site\" content=\"@Exaudi_News\" \/>\n<meta name=\"twitter:label1\" content=\"Scritto da\" \/>\n\t<meta name=\"twitter:data1\" content=\"Enrique D\u00edaz\" \/>\n\t<meta name=\"twitter:label2\" content=\"Tempo di lettura stimato\" \/>\n\t<meta name=\"twitter:data2\" content=\"5 minuti\" \/>\n<script type=\"application\/ld+json\" class=\"yoast-schema-graph\">{\"@context\":\"https:\\\/\\\/schema.org\",\"@graph\":[{\"@type\":\"Article\",\"@id\":\"https:\\\/\\\/exaudi.org\\\/it\\\/riflessione-di-mons-enrique-diaz-il-signore-e-la-nostra-forza\\\/#article\",\"isPartOf\":{\"@id\":\"https:\\\/\\\/exaudi.org\\\/it\\\/riflessione-di-mons-enrique-diaz-il-signore-e-la-nostra-forza\\\/\"},\"author\":{\"name\":\"Enrique D\u00edaz\",\"@id\":\"https:\\\/\\\/exaudi.org\\\/#\\\/schema\\\/person\\\/c02ffbd10830fa375f6882f7dcf1844d\"},\"headline\":\"Riflessione di Mons. Enrique D\u00edaz: \u201cIl Signore \u00e8 la nostra forza\u201d\",\"datePublished\":\"2024-06-02T16:07:36+00:00\",\"mainEntityOfPage\":{\"@id\":\"https:\\\/\\\/exaudi.org\\\/it\\\/riflessione-di-mons-enrique-diaz-il-signore-e-la-nostra-forza\\\/\"},\"wordCount\":936,\"image\":{\"@id\":\"https:\\\/\\\/exaudi.org\\\/it\\\/riflessione-di-mons-enrique-diaz-il-signore-e-la-nostra-forza\\\/#primaryimage\"},\"thumbnailUrl\":\"https:\\\/\\\/exaudi.org\\\/wp-content\\\/uploads\\\/2024\\\/06\\\/catholic-3700867_1280.jpg\",\"keywords\":[\"Commento\",\"ENRIQUE D\u00cdAZ\",\"Trending\",\"Vangelo\"],\"articleSection\":[\"Chiesa e Mondo\",\"Spiritualit\u00e0\"],\"inLanguage\":\"it-IT\"},{\"@type\":\"WebPage\",\"@id\":\"https:\\\/\\\/exaudi.org\\\/it\\\/riflessione-di-mons-enrique-diaz-il-signore-e-la-nostra-forza\\\/\",\"url\":\"https:\\\/\\\/exaudi.org\\\/it\\\/riflessione-di-mons-enrique-diaz-il-signore-e-la-nostra-forza\\\/\",\"name\":\"Riflessione di Mons. Enrique D\u00edaz: \u201cIl Signore \u00e8 la nostra forza\u201d &#8211; Exaudi\",\"isPartOf\":{\"@id\":\"https:\\\/\\\/exaudi.org\\\/#website\"},\"primaryImageOfPage\":{\"@id\":\"https:\\\/\\\/exaudi.org\\\/it\\\/riflessione-di-mons-enrique-diaz-il-signore-e-la-nostra-forza\\\/#primaryimage\"},\"image\":{\"@id\":\"https:\\\/\\\/exaudi.org\\\/it\\\/riflessione-di-mons-enrique-diaz-il-signore-e-la-nostra-forza\\\/#primaryimage\"},\"thumbnailUrl\":\"https:\\\/\\\/exaudi.org\\\/wp-content\\\/uploads\\\/2024\\\/06\\\/catholic-3700867_1280.jpg\",\"datePublished\":\"2024-06-02T16:07:36+00:00\",\"author\":{\"@id\":\"https:\\\/\\\/exaudi.org\\\/#\\\/schema\\\/person\\\/c02ffbd10830fa375f6882f7dcf1844d\"},\"breadcrumb\":{\"@id\":\"https:\\\/\\\/exaudi.org\\\/it\\\/riflessione-di-mons-enrique-diaz-il-signore-e-la-nostra-forza\\\/#breadcrumb\"},\"inLanguage\":\"it-IT\",\"potentialAction\":[{\"@type\":\"ReadAction\",\"target\":[\"https:\\\/\\\/exaudi.org\\\/it\\\/riflessione-di-mons-enrique-diaz-il-signore-e-la-nostra-forza\\\/\"]}]},{\"@type\":\"ImageObject\",\"inLanguage\":\"it-IT\",\"@id\":\"https:\\\/\\\/exaudi.org\\\/it\\\/riflessione-di-mons-enrique-diaz-il-signore-e-la-nostra-forza\\\/#primaryimage\",\"url\":\"https:\\\/\\\/exaudi.org\\\/wp-content\\\/uploads\\\/2024\\\/06\\\/catholic-3700867_1280.jpg\",\"contentUrl\":\"https:\\\/\\\/exaudi.org\\\/wp-content\\\/uploads\\\/2024\\\/06\\\/catholic-3700867_1280.jpg\",\"width\":1280,\"height\":850},{\"@type\":\"BreadcrumbList\",\"@id\":\"https:\\\/\\\/exaudi.org\\\/it\\\/riflessione-di-mons-enrique-diaz-il-signore-e-la-nostra-forza\\\/#breadcrumb\",\"itemListElement\":[{\"@type\":\"ListItem\",\"position\":1,\"name\":\"Portada\",\"item\":\"https:\\\/\\\/exaudi.org\\\/it\\\/\"},{\"@type\":\"ListItem\",\"position\":2,\"name\":\"Riflessione di Mons. Enrique D\u00edaz: \u201cIl Signore \u00e8 la nostra forza\u201d\"}]},{\"@type\":\"WebSite\",\"@id\":\"https:\\\/\\\/exaudi.org\\\/#website\",\"url\":\"https:\\\/\\\/exaudi.org\\\/\",\"name\":\"Exaudi\",\"description\":\"News\",\"potentialAction\":[{\"@type\":\"SearchAction\",\"target\":{\"@type\":\"EntryPoint\",\"urlTemplate\":\"https:\\\/\\\/exaudi.org\\\/?s={search_term_string}\"},\"query-input\":{\"@type\":\"PropertyValueSpecification\",\"valueRequired\":true,\"valueName\":\"search_term_string\"}}],\"inLanguage\":\"it-IT\"},{\"@type\":\"Person\",\"@id\":\"https:\\\/\\\/exaudi.org\\\/#\\\/schema\\\/person\\\/c02ffbd10830fa375f6882f7dcf1844d\",\"name\":\"Enrique D\u00edaz\",\"image\":{\"@type\":\"ImageObject\",\"inLanguage\":\"it-IT\",\"@id\":\"https:\\\/\\\/secure.gravatar.com\\\/avatar\\\/7ca10be5325a95d04b74082d68ba605aa69611eb0f68f47096cb1bc349873284?s=96&d=mm&r=g\",\"url\":\"https:\\\/\\\/secure.gravatar.com\\\/avatar\\\/7ca10be5325a95d04b74082d68ba605aa69611eb0f68f47096cb1bc349873284?s=96&d=mm&r=g\",\"contentUrl\":\"https:\\\/\\\/secure.gravatar.com\\\/avatar\\\/7ca10be5325a95d04b74082d68ba605aa69611eb0f68f47096cb1bc349873284?s=96&d=mm&r=g\",\"caption\":\"Enrique D\u00edaz\"},\"description\":\"Naci\u00f3 en Huandacareo, Michoac\u00e1n, M\u00e9xico, en 1952. Realiz\u00f3 sus estudios de Filosof\u00eda y Teolog\u00eda en el Seminario de Morelia. Ordenado di\u00e1cono el 22 de mayo de 1977, y presb\u00edtero el 23 de octubre del mismo a\u00f1o. Obtuvo la Licenciatura en Sagrada Escritura en el Pontificio Instituto B\u00edblico en Roma. Ha desarrollado m\u00faltiples encargos pastorales como el de capell\u00e1n de la rector\u00eda de las Tres Aves Mar\u00edas; responsable de la Pastoral B\u00edblica Diocesana y director de la Escuela B\u00edblica en Morelia; maestro de Biblia en el Seminario Conciliar de Morelia, p\u00e1rroco de la Parroquia de Nuestra Se\u00f1ora de Guadalupe, Col. Guadalupe, Morelia; o vicario episcopal para la Zona de Nuestra Se\u00f1ora de la Luz, P\u00e1tzcuaro. Ordenado obispo auxiliar de san Crist\u00f3bal de las Casas en 2003. En la Conferencia Episcopal form\u00f3 parte de las Comisiones de Biblia, Diaconado y Ministerios Laicales. Fue responsable de las Dimensiones de Ministerios Laicales, de Educaci\u00f3n y Cultura. Ha participado en encuentros latinoamericanos y mundiales sobre el Diaconado Permanente. Actualmente es el responsable de la Dimensi\u00f3n de Pastoral de la Cultura. Particip\u00f3 como Miembro del S\u00ednodo de Obispos sobre la Palabra de Dios en la Vida y Misi\u00f3n de la Iglesia en Roma, en 2008. Recibi\u00f3 el nombramiento de obispo coadjutor de San Crist\u00f3bal de las Casas en 2014. Nombrado II obispo de Irapuato el d\u00eda 11 de marzo, tom\u00f3 posesi\u00f3n el 19 de Mayo. Colabora en varias revistas y publicaciones sobre todo con la reflexi\u00f3n diaria y dominical tanto en audio como escrita.\",\"url\":\"https:\\\/\\\/exaudi.org\\\/it\\\/author\\\/enriquediaz\\\/\"}]}<\/script>\n<!-- \/ Yoast SEO plugin. -->","yoast_head_json":{"title":"Riflessione di Mons. Enrique D\u00edaz: \u201cIl Signore \u00e8 la nostra forza\u201d &#8211; Exaudi","robots":{"index":"index","follow":"follow","max-snippet":"max-snippet:-1","max-image-preview":"max-image-preview:large","max-video-preview":"max-video-preview:-1"},"canonical":"https:\/\/exaudi.org\/it\/riflessione-di-mons-enrique-diaz-il-signore-e-la-nostra-forza\/","og_locale":"it_IT","og_type":"article","og_title":"Riflessione di Mons. Enrique D\u00edaz: \u201cIl Signore \u00e8 la nostra forza\u201d &#8211; Exaudi","og_description":"IX Domenica Ordinaria","og_url":"https:\/\/exaudi.org\/it\/riflessione-di-mons-enrique-diaz-il-signore-e-la-nostra-forza\/","og_site_name":"Exaudi","article_publisher":"https:\/\/www.facebook.com\/ExaudiNews","article_published_time":"2024-06-02T16:07:36+00:00","og_image":[{"width":1280,"height":850,"url":"https:\/\/exaudi.org\/wp-content\/uploads\/2024\/06\/catholic-3700867_1280.jpg","type":"image\/jpeg"}],"author":"Enrique D\u00edaz","twitter_card":"summary_large_image","twitter_creator":"@Exaudi_News","twitter_site":"@Exaudi_News","twitter_misc":{"Scritto da":"Enrique D\u00edaz","Tempo di lettura stimato":"5 minuti"},"schema":{"@context":"https:\/\/schema.org","@graph":[{"@type":"Article","@id":"https:\/\/exaudi.org\/it\/riflessione-di-mons-enrique-diaz-il-signore-e-la-nostra-forza\/#article","isPartOf":{"@id":"https:\/\/exaudi.org\/it\/riflessione-di-mons-enrique-diaz-il-signore-e-la-nostra-forza\/"},"author":{"name":"Enrique D\u00edaz","@id":"https:\/\/exaudi.org\/#\/schema\/person\/c02ffbd10830fa375f6882f7dcf1844d"},"headline":"Riflessione di Mons. Enrique D\u00edaz: \u201cIl Signore \u00e8 la nostra forza\u201d","datePublished":"2024-06-02T16:07:36+00:00","mainEntityOfPage":{"@id":"https:\/\/exaudi.org\/it\/riflessione-di-mons-enrique-diaz-il-signore-e-la-nostra-forza\/"},"wordCount":936,"image":{"@id":"https:\/\/exaudi.org\/it\/riflessione-di-mons-enrique-diaz-il-signore-e-la-nostra-forza\/#primaryimage"},"thumbnailUrl":"https:\/\/exaudi.org\/wp-content\/uploads\/2024\/06\/catholic-3700867_1280.jpg","keywords":["Commento","ENRIQUE D\u00cdAZ","Trending","Vangelo"],"articleSection":["Chiesa e Mondo","Spiritualit\u00e0"],"inLanguage":"it-IT"},{"@type":"WebPage","@id":"https:\/\/exaudi.org\/it\/riflessione-di-mons-enrique-diaz-il-signore-e-la-nostra-forza\/","url":"https:\/\/exaudi.org\/it\/riflessione-di-mons-enrique-diaz-il-signore-e-la-nostra-forza\/","name":"Riflessione di Mons. Enrique D\u00edaz: \u201cIl Signore \u00e8 la nostra forza\u201d &#8211; Exaudi","isPartOf":{"@id":"https:\/\/exaudi.org\/#website"},"primaryImageOfPage":{"@id":"https:\/\/exaudi.org\/it\/riflessione-di-mons-enrique-diaz-il-signore-e-la-nostra-forza\/#primaryimage"},"image":{"@id":"https:\/\/exaudi.org\/it\/riflessione-di-mons-enrique-diaz-il-signore-e-la-nostra-forza\/#primaryimage"},"thumbnailUrl":"https:\/\/exaudi.org\/wp-content\/uploads\/2024\/06\/catholic-3700867_1280.jpg","datePublished":"2024-06-02T16:07:36+00:00","author":{"@id":"https:\/\/exaudi.org\/#\/schema\/person\/c02ffbd10830fa375f6882f7dcf1844d"},"breadcrumb":{"@id":"https:\/\/exaudi.org\/it\/riflessione-di-mons-enrique-diaz-il-signore-e-la-nostra-forza\/#breadcrumb"},"inLanguage":"it-IT","potentialAction":[{"@type":"ReadAction","target":["https:\/\/exaudi.org\/it\/riflessione-di-mons-enrique-diaz-il-signore-e-la-nostra-forza\/"]}]},{"@type":"ImageObject","inLanguage":"it-IT","@id":"https:\/\/exaudi.org\/it\/riflessione-di-mons-enrique-diaz-il-signore-e-la-nostra-forza\/#primaryimage","url":"https:\/\/exaudi.org\/wp-content\/uploads\/2024\/06\/catholic-3700867_1280.jpg","contentUrl":"https:\/\/exaudi.org\/wp-content\/uploads\/2024\/06\/catholic-3700867_1280.jpg","width":1280,"height":850},{"@type":"BreadcrumbList","@id":"https:\/\/exaudi.org\/it\/riflessione-di-mons-enrique-diaz-il-signore-e-la-nostra-forza\/#breadcrumb","itemListElement":[{"@type":"ListItem","position":1,"name":"Portada","item":"https:\/\/exaudi.org\/it\/"},{"@type":"ListItem","position":2,"name":"Riflessione di Mons. Enrique D\u00edaz: \u201cIl Signore \u00e8 la nostra forza\u201d"}]},{"@type":"WebSite","@id":"https:\/\/exaudi.org\/#website","url":"https:\/\/exaudi.org\/","name":"Exaudi","description":"News","potentialAction":[{"@type":"SearchAction","target":{"@type":"EntryPoint","urlTemplate":"https:\/\/exaudi.org\/?s={search_term_string}"},"query-input":{"@type":"PropertyValueSpecification","valueRequired":true,"valueName":"search_term_string"}}],"inLanguage":"it-IT"},{"@type":"Person","@id":"https:\/\/exaudi.org\/#\/schema\/person\/c02ffbd10830fa375f6882f7dcf1844d","name":"Enrique D\u00edaz","image":{"@type":"ImageObject","inLanguage":"it-IT","@id":"https:\/\/secure.gravatar.com\/avatar\/7ca10be5325a95d04b74082d68ba605aa69611eb0f68f47096cb1bc349873284?s=96&d=mm&r=g","url":"https:\/\/secure.gravatar.com\/avatar\/7ca10be5325a95d04b74082d68ba605aa69611eb0f68f47096cb1bc349873284?s=96&d=mm&r=g","contentUrl":"https:\/\/secure.gravatar.com\/avatar\/7ca10be5325a95d04b74082d68ba605aa69611eb0f68f47096cb1bc349873284?s=96&d=mm&r=g","caption":"Enrique D\u00edaz"},"description":"Naci\u00f3 en Huandacareo, Michoac\u00e1n, M\u00e9xico, en 1952. Realiz\u00f3 sus estudios de Filosof\u00eda y Teolog\u00eda en el Seminario de Morelia. Ordenado di\u00e1cono el 22 de mayo de 1977, y presb\u00edtero el 23 de octubre del mismo a\u00f1o. Obtuvo la Licenciatura en Sagrada Escritura en el Pontificio Instituto B\u00edblico en Roma. Ha desarrollado m\u00faltiples encargos pastorales como el de capell\u00e1n de la rector\u00eda de las Tres Aves Mar\u00edas; responsable de la Pastoral B\u00edblica Diocesana y director de la Escuela B\u00edblica en Morelia; maestro de Biblia en el Seminario Conciliar de Morelia, p\u00e1rroco de la Parroquia de Nuestra Se\u00f1ora de Guadalupe, Col. Guadalupe, Morelia; o vicario episcopal para la Zona de Nuestra Se\u00f1ora de la Luz, P\u00e1tzcuaro. Ordenado obispo auxiliar de san Crist\u00f3bal de las Casas en 2003. En la Conferencia Episcopal form\u00f3 parte de las Comisiones de Biblia, Diaconado y Ministerios Laicales. Fue responsable de las Dimensiones de Ministerios Laicales, de Educaci\u00f3n y Cultura. Ha participado en encuentros latinoamericanos y mundiales sobre el Diaconado Permanente. Actualmente es el responsable de la Dimensi\u00f3n de Pastoral de la Cultura. Particip\u00f3 como Miembro del S\u00ednodo de Obispos sobre la Palabra de Dios en la Vida y Misi\u00f3n de la Iglesia en Roma, en 2008. Recibi\u00f3 el nombramiento de obispo coadjutor de San Crist\u00f3bal de las Casas en 2014. Nombrado II obispo de Irapuato el d\u00eda 11 de marzo, tom\u00f3 posesi\u00f3n el 19 de Mayo. Colabora en varias revistas y publicaciones sobre todo con la reflexi\u00f3n diaria y dominical tanto en audio como escrita.","url":"https:\/\/exaudi.org\/it\/author\/enriquediaz\/"}]}},"jetpack_featured_media_url":"https:\/\/exaudi.org\/wp-content\/uploads\/2024\/06\/catholic-3700867_1280.jpg","jetpack_shortlink":"https:\/\/wp.me\/pgKjF2-qyp","_links":{"self":[{"href":"https:\/\/exaudi.org\/it\/wp-json\/wp\/v2\/posts\/102077","targetHints":{"allow":["GET"]}}],"collection":[{"href":"https:\/\/exaudi.org\/it\/wp-json\/wp\/v2\/posts"}],"about":[{"href":"https:\/\/exaudi.org\/it\/wp-json\/wp\/v2\/types\/post"}],"author":[{"embeddable":true,"href":"https:\/\/exaudi.org\/it\/wp-json\/wp\/v2\/users\/25"}],"replies":[{"embeddable":true,"href":"https:\/\/exaudi.org\/it\/wp-json\/wp\/v2\/comments?post=102077"}],"version-history":[{"count":0,"href":"https:\/\/exaudi.org\/it\/wp-json\/wp\/v2\/posts\/102077\/revisions"}],"wp:featuredmedia":[{"embeddable":true,"href":"https:\/\/exaudi.org\/it\/wp-json\/wp\/v2\/media\/102058"}],"wp:attachment":[{"href":"https:\/\/exaudi.org\/it\/wp-json\/wp\/v2\/media?parent=102077"}],"wp:term":[{"taxonomy":"category","embeddable":true,"href":"https:\/\/exaudi.org\/it\/wp-json\/wp\/v2\/categories?post=102077"},{"taxonomy":"post_tag","embeddable":true,"href":"https:\/\/exaudi.org\/it\/wp-json\/wp\/v2\/tags?post=102077"}],"curies":[{"name":"wp","href":"https:\/\/api.w.org\/{rel}","templated":true}]}}