{"id":100981,"date":"2024-05-20T20:23:17","date_gmt":"2024-05-20T18:23:17","guid":{"rendered":"https:\/\/exaudi.org\/?p=100981"},"modified":"2024-05-21T10:47:59","modified_gmt":"2024-05-21T08:47:59","slug":"papa-francesco-promuove-la-campagna-globale-a-favore-del-medico-di-famiglia","status":"publish","type":"post","link":"https:\/\/exaudi.org\/it\/papa-francesco-promuove-la-campagna-globale-a-favore-del-medico-di-famiglia\/","title":{"rendered":"Papa Francesco promuove la campagna globale a favore del medico di famiglia"},"content":{"rendered":"<p>Papa Francesco ricever\u00e0 questo sabato, 25 maggio 2024, i promotori della campagna \u201cGrazie Dottore!\u201d. (<a href=\"https:\/\/thankyoudoctor.org\/\">ThanksDoctor.org<\/a>), un\u2019iniziativa globale che mira a valorizzare il ruolo umanizzante che il medico di base, detto anche medico di famiglia, svolge nel sistema sanitario e nella societ\u00e0.<\/p>\n<p>L\u2019iniziativa, lanciata il 16 novembre 2023 in Vaticano, ha ricevuto il sostegno di alcune delle associazioni mediche pi\u00f9 rappresentative, nonch\u00e9 delle istituzioni della societ\u00e0 civile, contando gi\u00e0 sul sostegno di oltre un milione di persone.<\/p>\n<p>La campagna \u00e8 nata su iniziativa dell&#8217;associazione medica no-profit <a href=\"https:\/\/somoscommunitycare.org\/\">SOMOS Community Care<\/a>, di New York, in collaborazione con la <a href=\"https:\/\/www.academyforlife.va\/content\/pav\/en.html\">Pontificia Accademia per la Vita<\/a>, istituzione della Santa Sede che riunisce accademici per le loro conoscenze ed eccellenze professionali, senza discriminazione di origine geografica o religiosa.<\/p>\n<p>Hanno gi\u00e0 aderito alla campagna di ricerca l\u2019Unione Europea dei Medici di Famiglia (UEMO), il<a href=\"https:\/\/portale.fnomceo.it\/\"> Collegio Italiano dei Medici<\/a>, la <a href=\"https:\/\/www.nysafp.org\/\">NYS Academy of Family Physicians<\/a>, la <a href=\"https:\/\/www.fiamc.org\/\">Federation of Catholic Doctors of the World<\/a>, il <a href=\"https:\/\/worldcouncilforhealth.org\/\">World Council for Health<\/a> e il Journal e medicina applicata.<\/p>\n<p>Le istituzioni hanno sottoscritto la \u201c<a href=\"https:\/\/thankyoudoctor.org\/homepage\/declaracion\/\">Dichiarazione per la riscoperta del medico di famiglia<\/a>\u201d in cui lanciano un \u201cappello a tutti gli attori sociali e politici affinch\u00e9 uniscano le forze e rimettano in risalto la relazione tra medico e paziente\u201d.<\/p>\n<h3><strong>\u201cBuoni Samaritani\u201d<\/strong><\/h3>\n<p>Allo stesso tempo, la \u201cDichiarazione\u201d \u201criconosce il ruolo che milioni di medici svolgono ogni giorno nei cinque continenti, i quali non solo costituiscono la prima linea dei nostri sistemi sanitari, ma talvolta vanno ben oltre, diventando i &#8216;buoni Samaritani&#8217; della ogni persona.&#8221;<\/p>\n<p>Mons. Vincenzo Paglia, presidente della Pontificia Accademia per la Vita, ha applaudito questo riferimento ai medici come \u201cbuoni samaritani\u201d: \u201c\u00c8 senza dubbio un titolo che li onora, ma soprattutto li rende responsabili verso l&#8217;umanit\u00e0 bisognosa di cure\u201d.<\/p>\n<p>\u201c\u00c8 davvero fondamentale riscoprire il rapporto tra medico e paziente come cuore della medicina. La medicina non pu\u00f2 ridursi a ricette o tecnologie, anche se molto sofisticate, poich\u00e9 gli uomini e le donne non possono mai essere considerati esclusivamente per la loro malattia\u201d, indica l&#8217;arcivescovo.<\/p>\n<h3><strong>Una preoccupazione di papa Francesco<\/strong><\/h3>\n<p>Papa Francesco \u00e8 intervenuto in pi\u00f9 occasioni per denunciare che &#8220;purtroppo, per vari motivi, la figura del medico di famiglia \u00e8 quasi scomparsa, e il rischio \u00e8 che, per privilegiare le &#8216;eccellenze&#8217;, si trascuri la buona qualit\u00e0 dei servizi sanit\u00e0 territoriale o che queste diventino cos\u00ec burocratizzate e informatizzate che le persone anziane o poco formate ne risultano di fatto escluse o emarginate&#8221; (<a href=\"https:\/\/www.vatican.va\/content\/francesco\/es\/speeches\/2022\/november\/documents\/20221114-farmacisti.html\">14 novembre 2022<\/a>).<\/p>\n<h3><strong>Il problema del sistema sanitario<\/strong><\/h3>\n<p>Il dottor Ram\u00f3n Tallaj, presidente di SOMOS Community Care, ha spiegato che \u201cil medico di famiglia contribuisce a basare il sistema sanitario sulla prevenzione. Quando il rapporto medico-paziente viene meno o si rompe, il sistema sanitario \u00e8 condannato a intervenire solo quando la situazione del paziente \u00e8 gi\u00e0 degenerata, con costi umani e sociali altissimi\u201d.<\/p>\n<p>\u201cIl \u201cGrazie, dottore!\u201d &#8220;Esso \u00e8 della massima importanza alla luce degli straordinari progressi tecnologici e dell&#8217;innovazione nel campo della medicina e della farmacologia, che con tutti i loro vantaggi rischiano di marginalizzare il ruolo fondamentale ed essenziale che deve svolgere il medico di base&#8221;.<\/p>\n<p>\u201c\u00c8 tragico che alla fine si scelga di creare un sistema in cui i pazienti vengono assegnati a un complesso sanitario, un edificio anonimo, in cui non esiste il rapporto medico-paziente e in cui il paziente diffida del ruolo del medico \u2013riconosce il dottor Tallaj\u2013. Questo ci ha portato a ignorare il ruolo del medico di famiglia e a sostituirlo con un edificio, che si chiama ospedale\u201d.<\/p>\n<p>\u201cIl mondo senza medici sarebbe disumanizzato\u201d, riconosce il dottor Tallaj. I medici superano le ideologie e le divisioni, perch\u00e9 hanno a cuore la persona umana e ne difendono la dignit\u00e0\u201d.<\/p>\n<p>All&#8217;udienza con il Papa parteciperanno pi\u00f9 di trecento medici di base provenienti da diversi continenti, riuniti a Roma, dove parteciperanno a diversi momenti di incontro per condividere esperienze.<\/p>\n","protected":false},"excerpt":{"rendered":"<p>Il 25 maggio accoglier\u00e0 pi\u00f9 di trecento medici, promotori di un&#8217;iniziativa che ha gi\u00e0 raccolto il sostegno di pi\u00f9 di un milione di persone con l&#8217;obiettivo di riscoprire il ruolo del medico di base nei sistemi sanitari e nella societ\u00e0<\/p>\n","protected":false},"author":17,"featured_media":100920,"comment_status":"closed","ping_status":"closed","sticky":false,"template":"","format":"standard","meta":{"_acf_changed":false,"_crdt_document":"","inline_featured_image":false,"footnotes":""},"categories":[131],"tags":[16038,16040,16039,6403,16041,401,5772,16042,16043,16044,4952],"class_list":["post-100981","post","type-post","status-publish","format-standard","has-post-thumbnail","hentry","category-vaticano","tag-25-maggio","tag-campagna-mondiale","tag-cure-primarie","tag-medici","tag-medico-di-famiglia","tag-papa-francisco-it","tag-persona","tag-promotori","tag-riscoperta","tag-societa-sistemi-sanitari","tag-trending-it"],"acf":[],"yoast_head":"<!-- This site is optimized with the Yoast SEO plugin v27.5 - https:\/\/yoast.com\/product\/yoast-seo-wordpress\/ -->\n<title>Papa Francesco promuove la campagna globale a favore del medico di famiglia &#8211; Exaudi<\/title>\n<meta name=\"robots\" content=\"index, follow, max-snippet:-1, max-image-preview:large, max-video-preview:-1\" \/>\n<link rel=\"canonical\" href=\"https:\/\/exaudi.org\/it\/papa-francesco-promuove-la-campagna-globale-a-favore-del-medico-di-famiglia\/\" \/>\n<meta property=\"og:locale\" content=\"it_IT\" \/>\n<meta property=\"og:type\" content=\"article\" \/>\n<meta property=\"og:title\" content=\"Papa Francesco promuove la campagna globale a favore del medico di famiglia &#8211; Exaudi\" \/>\n<meta property=\"og:description\" content=\"Il 25 maggio accoglier\u00e0 pi\u00f9 di trecento medici, promotori di un&#039;iniziativa che ha gi\u00e0 raccolto il sostegno di pi\u00f9 di un milione di persone con l&#039;obiettivo di riscoprire il ruolo del medico di base nei sistemi sanitari e nella societ\u00e0\" \/>\n<meta property=\"og:url\" content=\"https:\/\/exaudi.org\/it\/papa-francesco-promuove-la-campagna-globale-a-favore-del-medico-di-famiglia\/\" \/>\n<meta property=\"og:site_name\" content=\"Exaudi\" \/>\n<meta property=\"article:publisher\" content=\"https:\/\/www.facebook.com\/ExaudiNews\" \/>\n<meta property=\"article:author\" content=\"https:\/\/www.facebook.com\/ExaudiNotizie\/\" \/>\n<meta property=\"article:published_time\" content=\"2024-05-20T18:23:17+00:00\" \/>\n<meta property=\"article:modified_time\" content=\"2024-05-21T08:47:59+00:00\" \/>\n<meta property=\"og:image\" content=\"https:\/\/exaudi.org\/wp-content\/uploads\/2024\/05\/cq5dam.thumbnail.cropped.750.422-10.jpeg\" \/>\n\t<meta property=\"og:image:width\" content=\"750\" \/>\n\t<meta property=\"og:image:height\" content=\"422\" \/>\n\t<meta property=\"og:image:type\" content=\"image\/jpeg\" \/>\n<meta name=\"author\" content=\"Exaudi Redazione\" \/>\n<meta name=\"twitter:card\" content=\"summary_large_image\" \/>\n<meta name=\"twitter:creator\" content=\"@Exaudi_Notizie\" \/>\n<meta name=\"twitter:site\" content=\"@Exaudi_News\" \/>\n<meta name=\"twitter:label1\" content=\"Scritto da\" \/>\n\t<meta name=\"twitter:data1\" content=\"Exaudi Redazione\" \/>\n\t<meta name=\"twitter:label2\" content=\"Tempo di lettura stimato\" \/>\n\t<meta name=\"twitter:data2\" content=\"3 minuti\" \/>\n<script type=\"application\/ld+json\" class=\"yoast-schema-graph\">{\"@context\":\"https:\\\/\\\/schema.org\",\"@graph\":[{\"@type\":\"Article\",\"@id\":\"https:\\\/\\\/exaudi.org\\\/it\\\/papa-francesco-promuove-la-campagna-globale-a-favore-del-medico-di-famiglia\\\/#article\",\"isPartOf\":{\"@id\":\"https:\\\/\\\/exaudi.org\\\/it\\\/papa-francesco-promuove-la-campagna-globale-a-favore-del-medico-di-famiglia\\\/\"},\"author\":{\"name\":\"Exaudi Redazione\",\"@id\":\"https:\\\/\\\/exaudi.org\\\/#\\\/schema\\\/person\\\/e1ab6ed07c01774724dd96f925f3a5f0\"},\"headline\":\"Papa Francesco promuove la campagna globale a favore del medico di famiglia\",\"datePublished\":\"2024-05-20T18:23:17+00:00\",\"dateModified\":\"2024-05-21T08:47:59+00:00\",\"mainEntityOfPage\":{\"@id\":\"https:\\\/\\\/exaudi.org\\\/it\\\/papa-francesco-promuove-la-campagna-globale-a-favore-del-medico-di-famiglia\\\/\"},\"wordCount\":636,\"image\":{\"@id\":\"https:\\\/\\\/exaudi.org\\\/it\\\/papa-francesco-promuove-la-campagna-globale-a-favore-del-medico-di-famiglia\\\/#primaryimage\"},\"thumbnailUrl\":\"https:\\\/\\\/exaudi.org\\\/wp-content\\\/uploads\\\/2024\\\/05\\\/cq5dam.thumbnail.cropped.750.422-10.jpeg\",\"keywords\":[\"25 MAGGIO\",\"CAMPAGNA MONDIALE\",\"CURE PRIMARIE\",\"Medici\",\"MEDICO DI FAMIGLIA\",\"papa francisco\",\"persona\",\"PROMOTORI\",\"RISCOPERTA\",\"SOCIET\u00c0 SISTEMI SANITARI\",\"Trending\"],\"articleSection\":[\"Vaticano\"],\"inLanguage\":\"it-IT\"},{\"@type\":\"WebPage\",\"@id\":\"https:\\\/\\\/exaudi.org\\\/it\\\/papa-francesco-promuove-la-campagna-globale-a-favore-del-medico-di-famiglia\\\/\",\"url\":\"https:\\\/\\\/exaudi.org\\\/it\\\/papa-francesco-promuove-la-campagna-globale-a-favore-del-medico-di-famiglia\\\/\",\"name\":\"Papa Francesco promuove la campagna globale a favore del medico di famiglia &#8211; Exaudi\",\"isPartOf\":{\"@id\":\"https:\\\/\\\/exaudi.org\\\/#website\"},\"primaryImageOfPage\":{\"@id\":\"https:\\\/\\\/exaudi.org\\\/it\\\/papa-francesco-promuove-la-campagna-globale-a-favore-del-medico-di-famiglia\\\/#primaryimage\"},\"image\":{\"@id\":\"https:\\\/\\\/exaudi.org\\\/it\\\/papa-francesco-promuove-la-campagna-globale-a-favore-del-medico-di-famiglia\\\/#primaryimage\"},\"thumbnailUrl\":\"https:\\\/\\\/exaudi.org\\\/wp-content\\\/uploads\\\/2024\\\/05\\\/cq5dam.thumbnail.cropped.750.422-10.jpeg\",\"datePublished\":\"2024-05-20T18:23:17+00:00\",\"dateModified\":\"2024-05-21T08:47:59+00:00\",\"author\":{\"@id\":\"https:\\\/\\\/exaudi.org\\\/#\\\/schema\\\/person\\\/e1ab6ed07c01774724dd96f925f3a5f0\"},\"breadcrumb\":{\"@id\":\"https:\\\/\\\/exaudi.org\\\/it\\\/papa-francesco-promuove-la-campagna-globale-a-favore-del-medico-di-famiglia\\\/#breadcrumb\"},\"inLanguage\":\"it-IT\",\"potentialAction\":[{\"@type\":\"ReadAction\",\"target\":[\"https:\\\/\\\/exaudi.org\\\/it\\\/papa-francesco-promuove-la-campagna-globale-a-favore-del-medico-di-famiglia\\\/\"]}]},{\"@type\":\"ImageObject\",\"inLanguage\":\"it-IT\",\"@id\":\"https:\\\/\\\/exaudi.org\\\/it\\\/papa-francesco-promuove-la-campagna-globale-a-favore-del-medico-di-famiglia\\\/#primaryimage\",\"url\":\"https:\\\/\\\/exaudi.org\\\/wp-content\\\/uploads\\\/2024\\\/05\\\/cq5dam.thumbnail.cropped.750.422-10.jpeg\",\"contentUrl\":\"https:\\\/\\\/exaudi.org\\\/wp-content\\\/uploads\\\/2024\\\/05\\\/cq5dam.thumbnail.cropped.750.422-10.jpeg\",\"width\":750,\"height\":422},{\"@type\":\"BreadcrumbList\",\"@id\":\"https:\\\/\\\/exaudi.org\\\/it\\\/papa-francesco-promuove-la-campagna-globale-a-favore-del-medico-di-famiglia\\\/#breadcrumb\",\"itemListElement\":[{\"@type\":\"ListItem\",\"position\":1,\"name\":\"Portada\",\"item\":\"https:\\\/\\\/exaudi.org\\\/it\\\/\"},{\"@type\":\"ListItem\",\"position\":2,\"name\":\"Papa Francesco promuove la campagna globale a favore del medico di famiglia\"}]},{\"@type\":\"WebSite\",\"@id\":\"https:\\\/\\\/exaudi.org\\\/#website\",\"url\":\"https:\\\/\\\/exaudi.org\\\/\",\"name\":\"Exaudi\",\"description\":\"News\",\"potentialAction\":[{\"@type\":\"SearchAction\",\"target\":{\"@type\":\"EntryPoint\",\"urlTemplate\":\"https:\\\/\\\/exaudi.org\\\/?s={search_term_string}\"},\"query-input\":{\"@type\":\"PropertyValueSpecification\",\"valueRequired\":true,\"valueName\":\"search_term_string\"}}],\"inLanguage\":\"it-IT\"},{\"@type\":\"Person\",\"@id\":\"https:\\\/\\\/exaudi.org\\\/#\\\/schema\\\/person\\\/e1ab6ed07c01774724dd96f925f3a5f0\",\"name\":\"Exaudi Redazione\",\"image\":{\"@type\":\"ImageObject\",\"inLanguage\":\"it-IT\",\"@id\":\"https:\\\/\\\/secure.gravatar.com\\\/avatar\\\/ad6774b3ada023bf5b939d64f45c94b3adf91502dd883507d469b4308a943bb3?s=96&d=mm&r=g\",\"url\":\"https:\\\/\\\/secure.gravatar.com\\\/avatar\\\/ad6774b3ada023bf5b939d64f45c94b3adf91502dd883507d469b4308a943bb3?s=96&d=mm&r=g\",\"contentUrl\":\"https:\\\/\\\/secure.gravatar.com\\\/avatar\\\/ad6774b3ada023bf5b939d64f45c94b3adf91502dd883507d469b4308a943bb3?s=96&d=mm&r=g\",\"caption\":\"Exaudi Redazione\"},\"description\":\"Che cosa \u00e8 Exaudi News? Exaudi News \u00e8 un agenzia cattolica internazionale che informa, istruisce e trasforma quotidianamente in spagnolo, inglese e italiano. Attraverso notizie, articoli di analisi e trasmissioni in diretta degli eventi del Papa, Exaudi cerca di rafforzare l'unit\u00e0 dei cristiani e di contribuire all'evangelizzazione del mondo, sempre guidato dalla dottrina sociale della Chiesa. Lavoriamo per portare la verit\u00e0 e i valori cristiani in ogni angolo del pianeta. Aiutaci a trasformare il mondo con Exaudi! Noi di Exaudi crediamo che l'evangelizzazione e l'informazione di qualit\u00e0 possano cambiare la vita. Per continuare la nostra missione ed espandere la nostra portata, abbiamo bisogno del tuo aiuto. Stiamo anche cercando persone motivate che vogliano unirsi al nostro team. Grazie al vostro sostegno raggiungeremo pi\u00f9 persone, diffonderemo il messaggio di Cristo e rafforzeremo l'unit\u00e0 dei cristiani. Vuoi unirti alla nostra missione? Per maggiori informazioni su come contribuire, visita Exaudi.org\\\/it o contattaci direttamente: info@exaudi.org Exaudi: informa, forma e trasforma.\",\"sameAs\":[\"https:\\\/\\\/www.facebook.com\\\/ExaudiNotizie\\\/\",\"https:\\\/\\\/www.instagram.com\\\/Exaudi_notizie\\\/\",\"https:\\\/\\\/x.com\\\/Exaudi_Notizie\",\"https:\\\/\\\/www.youtube.com\\\/@exaudicatholicnews\"],\"url\":\"https:\\\/\\\/exaudi.org\\\/it\\\/author\\\/dlvedi-org\\\/\"}]}<\/script>\n<!-- \/ Yoast SEO plugin. -->","yoast_head_json":{"title":"Papa Francesco promuove la campagna globale a favore del medico di famiglia &#8211; Exaudi","robots":{"index":"index","follow":"follow","max-snippet":"max-snippet:-1","max-image-preview":"max-image-preview:large","max-video-preview":"max-video-preview:-1"},"canonical":"https:\/\/exaudi.org\/it\/papa-francesco-promuove-la-campagna-globale-a-favore-del-medico-di-famiglia\/","og_locale":"it_IT","og_type":"article","og_title":"Papa Francesco promuove la campagna globale a favore del medico di famiglia &#8211; Exaudi","og_description":"Il 25 maggio accoglier\u00e0 pi\u00f9 di trecento medici, promotori di un'iniziativa che ha gi\u00e0 raccolto il sostegno di pi\u00f9 di un milione di persone con l'obiettivo di riscoprire il ruolo del medico di base nei sistemi sanitari e nella societ\u00e0","og_url":"https:\/\/exaudi.org\/it\/papa-francesco-promuove-la-campagna-globale-a-favore-del-medico-di-famiglia\/","og_site_name":"Exaudi","article_publisher":"https:\/\/www.facebook.com\/ExaudiNews","article_author":"https:\/\/www.facebook.com\/ExaudiNotizie\/","article_published_time":"2024-05-20T18:23:17+00:00","article_modified_time":"2024-05-21T08:47:59+00:00","og_image":[{"width":750,"height":422,"url":"https:\/\/exaudi.org\/wp-content\/uploads\/2024\/05\/cq5dam.thumbnail.cropped.750.422-10.jpeg","type":"image\/jpeg"}],"author":"Exaudi Redazione","twitter_card":"summary_large_image","twitter_creator":"@Exaudi_Notizie","twitter_site":"@Exaudi_News","twitter_misc":{"Scritto da":"Exaudi Redazione","Tempo di lettura stimato":"3 minuti"},"schema":{"@context":"https:\/\/schema.org","@graph":[{"@type":"Article","@id":"https:\/\/exaudi.org\/it\/papa-francesco-promuove-la-campagna-globale-a-favore-del-medico-di-famiglia\/#article","isPartOf":{"@id":"https:\/\/exaudi.org\/it\/papa-francesco-promuove-la-campagna-globale-a-favore-del-medico-di-famiglia\/"},"author":{"name":"Exaudi Redazione","@id":"https:\/\/exaudi.org\/#\/schema\/person\/e1ab6ed07c01774724dd96f925f3a5f0"},"headline":"Papa Francesco promuove la campagna globale a favore del medico di famiglia","datePublished":"2024-05-20T18:23:17+00:00","dateModified":"2024-05-21T08:47:59+00:00","mainEntityOfPage":{"@id":"https:\/\/exaudi.org\/it\/papa-francesco-promuove-la-campagna-globale-a-favore-del-medico-di-famiglia\/"},"wordCount":636,"image":{"@id":"https:\/\/exaudi.org\/it\/papa-francesco-promuove-la-campagna-globale-a-favore-del-medico-di-famiglia\/#primaryimage"},"thumbnailUrl":"https:\/\/exaudi.org\/wp-content\/uploads\/2024\/05\/cq5dam.thumbnail.cropped.750.422-10.jpeg","keywords":["25 MAGGIO","CAMPAGNA MONDIALE","CURE PRIMARIE","Medici","MEDICO DI FAMIGLIA","papa francisco","persona","PROMOTORI","RISCOPERTA","SOCIET\u00c0 SISTEMI SANITARI","Trending"],"articleSection":["Vaticano"],"inLanguage":"it-IT"},{"@type":"WebPage","@id":"https:\/\/exaudi.org\/it\/papa-francesco-promuove-la-campagna-globale-a-favore-del-medico-di-famiglia\/","url":"https:\/\/exaudi.org\/it\/papa-francesco-promuove-la-campagna-globale-a-favore-del-medico-di-famiglia\/","name":"Papa Francesco promuove la campagna globale a favore del medico di famiglia &#8211; Exaudi","isPartOf":{"@id":"https:\/\/exaudi.org\/#website"},"primaryImageOfPage":{"@id":"https:\/\/exaudi.org\/it\/papa-francesco-promuove-la-campagna-globale-a-favore-del-medico-di-famiglia\/#primaryimage"},"image":{"@id":"https:\/\/exaudi.org\/it\/papa-francesco-promuove-la-campagna-globale-a-favore-del-medico-di-famiglia\/#primaryimage"},"thumbnailUrl":"https:\/\/exaudi.org\/wp-content\/uploads\/2024\/05\/cq5dam.thumbnail.cropped.750.422-10.jpeg","datePublished":"2024-05-20T18:23:17+00:00","dateModified":"2024-05-21T08:47:59+00:00","author":{"@id":"https:\/\/exaudi.org\/#\/schema\/person\/e1ab6ed07c01774724dd96f925f3a5f0"},"breadcrumb":{"@id":"https:\/\/exaudi.org\/it\/papa-francesco-promuove-la-campagna-globale-a-favore-del-medico-di-famiglia\/#breadcrumb"},"inLanguage":"it-IT","potentialAction":[{"@type":"ReadAction","target":["https:\/\/exaudi.org\/it\/papa-francesco-promuove-la-campagna-globale-a-favore-del-medico-di-famiglia\/"]}]},{"@type":"ImageObject","inLanguage":"it-IT","@id":"https:\/\/exaudi.org\/it\/papa-francesco-promuove-la-campagna-globale-a-favore-del-medico-di-famiglia\/#primaryimage","url":"https:\/\/exaudi.org\/wp-content\/uploads\/2024\/05\/cq5dam.thumbnail.cropped.750.422-10.jpeg","contentUrl":"https:\/\/exaudi.org\/wp-content\/uploads\/2024\/05\/cq5dam.thumbnail.cropped.750.422-10.jpeg","width":750,"height":422},{"@type":"BreadcrumbList","@id":"https:\/\/exaudi.org\/it\/papa-francesco-promuove-la-campagna-globale-a-favore-del-medico-di-famiglia\/#breadcrumb","itemListElement":[{"@type":"ListItem","position":1,"name":"Portada","item":"https:\/\/exaudi.org\/it\/"},{"@type":"ListItem","position":2,"name":"Papa Francesco promuove la campagna globale a favore del medico di famiglia"}]},{"@type":"WebSite","@id":"https:\/\/exaudi.org\/#website","url":"https:\/\/exaudi.org\/","name":"Exaudi","description":"News","potentialAction":[{"@type":"SearchAction","target":{"@type":"EntryPoint","urlTemplate":"https:\/\/exaudi.org\/?s={search_term_string}"},"query-input":{"@type":"PropertyValueSpecification","valueRequired":true,"valueName":"search_term_string"}}],"inLanguage":"it-IT"},{"@type":"Person","@id":"https:\/\/exaudi.org\/#\/schema\/person\/e1ab6ed07c01774724dd96f925f3a5f0","name":"Exaudi Redazione","image":{"@type":"ImageObject","inLanguage":"it-IT","@id":"https:\/\/secure.gravatar.com\/avatar\/ad6774b3ada023bf5b939d64f45c94b3adf91502dd883507d469b4308a943bb3?s=96&d=mm&r=g","url":"https:\/\/secure.gravatar.com\/avatar\/ad6774b3ada023bf5b939d64f45c94b3adf91502dd883507d469b4308a943bb3?s=96&d=mm&r=g","contentUrl":"https:\/\/secure.gravatar.com\/avatar\/ad6774b3ada023bf5b939d64f45c94b3adf91502dd883507d469b4308a943bb3?s=96&d=mm&r=g","caption":"Exaudi Redazione"},"description":"Che cosa \u00e8 Exaudi News? Exaudi News \u00e8 un agenzia cattolica internazionale che informa, istruisce e trasforma quotidianamente in spagnolo, inglese e italiano. Attraverso notizie, articoli di analisi e trasmissioni in diretta degli eventi del Papa, Exaudi cerca di rafforzare l'unit\u00e0 dei cristiani e di contribuire all'evangelizzazione del mondo, sempre guidato dalla dottrina sociale della Chiesa. Lavoriamo per portare la verit\u00e0 e i valori cristiani in ogni angolo del pianeta. Aiutaci a trasformare il mondo con Exaudi! Noi di Exaudi crediamo che l'evangelizzazione e l'informazione di qualit\u00e0 possano cambiare la vita. Per continuare la nostra missione ed espandere la nostra portata, abbiamo bisogno del tuo aiuto. Stiamo anche cercando persone motivate che vogliano unirsi al nostro team. Grazie al vostro sostegno raggiungeremo pi\u00f9 persone, diffonderemo il messaggio di Cristo e rafforzeremo l'unit\u00e0 dei cristiani. Vuoi unirti alla nostra missione? Per maggiori informazioni su come contribuire, visita Exaudi.org\/it o contattaci direttamente: info@exaudi.org Exaudi: informa, forma e trasforma.","sameAs":["https:\/\/www.facebook.com\/ExaudiNotizie\/","https:\/\/www.instagram.com\/Exaudi_notizie\/","https:\/\/x.com\/Exaudi_Notizie","https:\/\/www.youtube.com\/@exaudicatholicnews"],"url":"https:\/\/exaudi.org\/it\/author\/dlvedi-org\/"}]}},"jetpack_featured_media_url":"https:\/\/exaudi.org\/wp-content\/uploads\/2024\/05\/cq5dam.thumbnail.cropped.750.422-10.jpeg","jetpack_shortlink":"https:\/\/wp.me\/pgKjF2-qgJ","_links":{"self":[{"href":"https:\/\/exaudi.org\/it\/wp-json\/wp\/v2\/posts\/100981","targetHints":{"allow":["GET"]}}],"collection":[{"href":"https:\/\/exaudi.org\/it\/wp-json\/wp\/v2\/posts"}],"about":[{"href":"https:\/\/exaudi.org\/it\/wp-json\/wp\/v2\/types\/post"}],"author":[{"embeddable":true,"href":"https:\/\/exaudi.org\/it\/wp-json\/wp\/v2\/users\/17"}],"replies":[{"embeddable":true,"href":"https:\/\/exaudi.org\/it\/wp-json\/wp\/v2\/comments?post=100981"}],"version-history":[{"count":0,"href":"https:\/\/exaudi.org\/it\/wp-json\/wp\/v2\/posts\/100981\/revisions"}],"wp:featuredmedia":[{"embeddable":true,"href":"https:\/\/exaudi.org\/it\/wp-json\/wp\/v2\/media\/100920"}],"wp:attachment":[{"href":"https:\/\/exaudi.org\/it\/wp-json\/wp\/v2\/media?parent=100981"}],"wp:term":[{"taxonomy":"category","embeddable":true,"href":"https:\/\/exaudi.org\/it\/wp-json\/wp\/v2\/categories?post=100981"},{"taxonomy":"post_tag","embeddable":true,"href":"https:\/\/exaudi.org\/it\/wp-json\/wp\/v2\/tags?post=100981"}],"curies":[{"name":"wp","href":"https:\/\/api.w.org\/{rel}","templated":true}]}}