{"id":100439,"date":"2024-05-14T19:21:56","date_gmt":"2024-05-14T17:21:56","guid":{"rendered":"https:\/\/exaudi.org\/?p=100439"},"modified":"2024-05-14T19:21:56","modified_gmt":"2024-05-14T17:21:56","slug":"indulgenza-remissione-e-perdono-nel-giubileo-2025","status":"publish","type":"post","link":"https:\/\/exaudi.org\/it\/indulgenza-remissione-e-perdono-nel-giubileo-2025\/","title":{"rendered":"Indulgenza, remissione e perdono nel Giubileo 2025"},"content":{"rendered":"<p>Come espresso da Papa Francesco gi\u00e0 nella Bolla di convocazione del Giubileo Straordinario della Misericordia del 2015, il dono dell\u2019Indulgenza \u201cci permette di scoprire quanto sia illimitata la misericordia di Dio\u201d. Oggi, convocato al Giubileo Ordinario del 2025, in un momento storico in cui \u201cl\u2019umanit\u00e0 \u2013 afferma il Santo Padre nell\u2019annuncio dello scorso 9 maggio \u2013 \u00e8 sottoposta ad una nuova e difficile prova che vede numerose popolazioni oppresse dalla brutalit\u00e0 della violenza\u201d , \u00e8 pi\u00f9 che mai attuale \u201cquella grazia giubilare che \u00e8 l\u2019indulgenza\u201d. A provvedere alle modalit\u00e0 per ottenerla \u00e8 la Penitenzieria Apostolica, la quale, questo luned\u00ec 13 maggio, in memoria della Vergine di Fatima, ha reso pubblico il decreto con le indicazioni e le norme sulla concessione di quella speciale &#8220;grazia&#8221;, \u200b\u200bdurante il Giubileo che si avvicina.<\/p>\n<h3><strong>I pellegrinaggi: Roma e Gerusalemme<\/strong><\/h3>\n<p>A firma del cardinale Angelo De Donatis, penitenziere maggiore, e di monsignor Krzysztof Nykiel, reggente della penitenzieria, il documento intitolato \u201c<a href=\"https:\/\/press.vatican.va\/content\/salastampa\/it\/bollettino\/pubblico\/2024\/05\/13\/0392\/00808.html#es\">Norme sulla concessione delle indulgenze<\/a>\u201d, chiarisce, anzitutto, che \u201cnel corso del Giubileo ordinario del 2025 ogni altra concessione di indulgenza&#8221; e che, quindi, alle solite condizioni sar\u00e0 possibile ottenerla e applicarla &#8220;alle anime del purgatorio sotto forma di suffragio&#8221;.<\/p>\n<p>Il decreto della Penitenzieria Apostolica evidenzia, in modo speciale, la partecipazione ai pellegrinaggi, sia quelli effettuati a Roma in &#8220;almeno una&#8221; delle quattro Basiliche Papali Maggiori (San Pietro in Vaticano, Santissimo Salvatore in Laterano , di Santa Maria Maggiore, di San Paolo fuori le Mura) e in Terra Santa in almeno una delle tre Basiliche (del Santo Sepolcro di Gerusalemme, della Nativit\u00e0 di Betlemme o dell&#8217;Annunciazione di Nazareth).<\/p>\n<h3><strong>Di indulgenza nel mondo<\/strong><\/h3>\n<p>Il documento precisa che l&#8217;indulgenza si pu\u00f2 ottenere anche partecipando alla Messa, al Rosario, alla Via Crucis e ad altre celebrazioni in pellegrinaggio \u201cin qualunque sacro luogo giubilare\u201d o \u201cin altre circoscrizioni ecclesiastiche\u201d, cattedrali e chiese, a norma le disposizioni dei vescovi locali.<\/p>\n<p>Allo stesso modo, indica come mete di pellegrinaggio altri luoghi sacri di Roma e del mondo \u2013 tra cui i grandi santuari e le basiliche come Assisi, Loreto e Pompei \u2013 ed evidenzia anche le modalit\u00e0 per ottenere l&#8217;indulgenza di coloro che \u201cper gravi motivi\u201d (monache di clausura, malati, carcerati, ecc.)\u00a0 non potranno partecipare ai pellegrinaggi e alle celebrazioni.<\/p>\n<h3><strong>Misericordia e penitenza<\/strong><\/h3>\n<p>In linea con <a href=\"https:\/\/www.vatican.va\/content\/francesco\/es\/bulls\/documents\/20240509_spes-non-confundit_bolla-giubileo2025.html\">Spes non confundit<\/a>, dove Francesco afferma che \u00abnell&#8217;Anno giubilare saremo chiamati ad essere segni tangibili di speranza per tanti fratelli e sorelle che vivono in condizioni di disagio\u00bb, le Norme penitenzieri chiariscono che l&#8217;indulgenza \u00e8 \u00ablegata anche alle opere di misericordia e di penitenza\u00bb. L&#8217;invito ai credenti \u00e8, poi, quello di riscoprire le opere di misericordia corporali e spirituali, perch\u00e9 scegliendo di visitare i malati, i carcerati, gli anziani soli, le persone con disabilit\u00e0, sar\u00e0 possibile ottenere l&#8217;indulgenza in ogni visita, anche una volta al giorno.<\/p>\n<p>La stessa possibilit\u00e0 \u00e8 legata, prosegue il documento, a iniziative \u201cche attuino concretamente e generosamente lo spirito penitenziale che \u00e8 come l&#8217;anima del Giubileo\u201d, in particolare riscoprendo \u201cil valore penitenziale del venerd\u00ec\u201d con l&#8217;astensione \u201calmeno per un giorno dalle distrazioni \u201creali, ma anche virtuali\u201d (come quelle indotte dai media e dai social network), dal \u201cconsumo superfluo\u201d, praticando il digiuno come indicato dalla Chiesa, ad esempio, \u201cdonando una proporzionata somma di denaro ai poveri &#8221; oppure &#8220;sostenendo opere di carattere religioso o sociale&#8221;, a favore della difesa e tutela della vita, dei bambini abbandonati, dei giovani in difficolt\u00e0, degli anziani bisognosi o soli, degli emigranti, o ancora &#8220;dedicando un&#8217;adeguata porzione di tempo libero ad attivit\u00e0 di volontariato.&#8221;<\/p>\n<h3><strong>Il sacramento della penitenza<\/strong><\/h3>\n<p>L&#8217;Anno Santo, afferma la Penitenzieria presentando le Norme, \u00e8 un periodo speciale per sperimentare il perdono divino. Per questo, nella parte finale, viene dato spazio a tutto ci\u00f2 che facilita l&#8217;accesso alla Confessione, con una serie di facolt\u00e0 concesse ai vescovi in \u200b\u200bquesto senso e con l&#8217;invito a tutti i sacerdoti \u00aba offrire con generosa disponibilit\u00e0 e dedizione di s\u00e9 stessi la pi\u00f9 ampia possibilit\u00e0 per i fedeli di avvalersi dei mezzi della salvezza\u00bb.<\/p>\n<p>Si suggeriscono anche indicazioni pratiche, come la pubblicazione di \u201cfasce orarie per le confessioni\u201d, l&#8217;esortazione a \u201criunirsi nel confessionale, programmando le celebrazioni penitenziali in modo fisso e frequente\u201d, chiedendo aiuto anche ai sacerdoti anziani che non hanno pastorale obblighi. Un&#8217;ultima raccomandazione ai vescovi \u00e8 che abbiano cura di spiegare \u201ccon chiarezza le disposizioni e i principi\u201d alla base della concessione delle indulgenze, con una formazione che tenga conto \u201cin modo particolare delle circostanze di luogo, di cultura e di tradizioni\u201d di ogni paese.<\/p>\n","protected":false},"excerpt":{"rendered":"<p>L&#8217;indulgenza, via per sperimentare la misericordia divina, ha gi\u00e0 indicazioni dettagliate per il prossimo anno giubilare<\/p>\n","protected":false},"author":17,"featured_media":100396,"comment_status":"closed","ping_status":"closed","sticky":false,"template":"","format":"standard","meta":{"_acf_changed":false,"_crdt_document":"","inline_featured_image":false,"footnotes":""},"categories":[131],"tags":[476,9070,3944,6201,4952,266],"class_list":["post-100439","post","type-post","status-publish","format-standard","has-post-thumbnail","hentry","category-vaticano","tag-giubileo","tag-giubileo-2025-2","tag-pellegrinaggio","tag-sacramento","tag-trending-it","tag-vaticano"],"acf":[],"yoast_head":"<!-- This site is optimized with the Yoast SEO plugin v27.5 - https:\/\/yoast.com\/product\/yoast-seo-wordpress\/ -->\n<title>Indulgenza, remissione e perdono nel Giubileo 2025 &#8211; Exaudi<\/title>\n<meta name=\"robots\" content=\"index, follow, max-snippet:-1, max-image-preview:large, max-video-preview:-1\" \/>\n<link rel=\"canonical\" href=\"https:\/\/exaudi.org\/it\/indulgenza-remissione-e-perdono-nel-giubileo-2025\/\" \/>\n<meta property=\"og:locale\" content=\"it_IT\" \/>\n<meta property=\"og:type\" content=\"article\" \/>\n<meta property=\"og:title\" content=\"Indulgenza, remissione e perdono nel Giubileo 2025 &#8211; Exaudi\" \/>\n<meta property=\"og:description\" content=\"L&#039;indulgenza, via per sperimentare la misericordia divina, ha gi\u00e0 indicazioni dettagliate per il prossimo anno giubilare\" \/>\n<meta property=\"og:url\" content=\"https:\/\/exaudi.org\/it\/indulgenza-remissione-e-perdono-nel-giubileo-2025\/\" \/>\n<meta property=\"og:site_name\" content=\"Exaudi\" \/>\n<meta property=\"article:publisher\" content=\"https:\/\/www.facebook.com\/ExaudiNews\" \/>\n<meta property=\"article:author\" content=\"https:\/\/www.facebook.com\/ExaudiNotizie\/\" \/>\n<meta property=\"article:published_time\" content=\"2024-05-14T17:21:56+00:00\" \/>\n<meta property=\"og:image\" content=\"https:\/\/exaudi.org\/wp-content\/uploads\/2024\/05\/cq5dam.thumbnail.cropped.1500.844-1.jpeg\" \/>\n\t<meta property=\"og:image:width\" content=\"1500\" \/>\n\t<meta property=\"og:image:height\" content=\"844\" \/>\n\t<meta property=\"og:image:type\" content=\"image\/jpeg\" \/>\n<meta name=\"author\" content=\"Exaudi Redazione\" \/>\n<meta name=\"twitter:card\" content=\"summary_large_image\" \/>\n<meta name=\"twitter:creator\" content=\"@Exaudi_Notizie\" \/>\n<meta name=\"twitter:site\" content=\"@Exaudi_News\" \/>\n<meta name=\"twitter:label1\" content=\"Scritto da\" \/>\n\t<meta name=\"twitter:data1\" content=\"Exaudi Redazione\" \/>\n\t<meta name=\"twitter:label2\" content=\"Tempo di lettura stimato\" \/>\n\t<meta name=\"twitter:data2\" content=\"4 minuti\" \/>\n<script type=\"application\/ld+json\" class=\"yoast-schema-graph\">{\"@context\":\"https:\\\/\\\/schema.org\",\"@graph\":[{\"@type\":\"Article\",\"@id\":\"https:\\\/\\\/exaudi.org\\\/it\\\/indulgenza-remissione-e-perdono-nel-giubileo-2025\\\/#article\",\"isPartOf\":{\"@id\":\"https:\\\/\\\/exaudi.org\\\/it\\\/indulgenza-remissione-e-perdono-nel-giubileo-2025\\\/\"},\"author\":{\"name\":\"Exaudi Redazione\",\"@id\":\"https:\\\/\\\/exaudi.org\\\/#\\\/schema\\\/person\\\/e1ab6ed07c01774724dd96f925f3a5f0\"},\"headline\":\"Indulgenza, remissione e perdono nel Giubileo 2025\",\"datePublished\":\"2024-05-14T17:21:56+00:00\",\"mainEntityOfPage\":{\"@id\":\"https:\\\/\\\/exaudi.org\\\/it\\\/indulgenza-remissione-e-perdono-nel-giubileo-2025\\\/\"},\"wordCount\":740,\"image\":{\"@id\":\"https:\\\/\\\/exaudi.org\\\/it\\\/indulgenza-remissione-e-perdono-nel-giubileo-2025\\\/#primaryimage\"},\"thumbnailUrl\":\"https:\\\/\\\/exaudi.org\\\/wp-content\\\/uploads\\\/2024\\\/05\\\/cq5dam.thumbnail.cropped.1500.844-1.jpeg\",\"keywords\":[\"giubileo\",\"Giubileo 2025\",\"Pellegrinaggio\",\"sacramento\",\"Trending\",\"Vaticano\"],\"articleSection\":[\"Vaticano\"],\"inLanguage\":\"it-IT\"},{\"@type\":\"WebPage\",\"@id\":\"https:\\\/\\\/exaudi.org\\\/it\\\/indulgenza-remissione-e-perdono-nel-giubileo-2025\\\/\",\"url\":\"https:\\\/\\\/exaudi.org\\\/it\\\/indulgenza-remissione-e-perdono-nel-giubileo-2025\\\/\",\"name\":\"Indulgenza, remissione e perdono nel Giubileo 2025 &#8211; Exaudi\",\"isPartOf\":{\"@id\":\"https:\\\/\\\/exaudi.org\\\/#website\"},\"primaryImageOfPage\":{\"@id\":\"https:\\\/\\\/exaudi.org\\\/it\\\/indulgenza-remissione-e-perdono-nel-giubileo-2025\\\/#primaryimage\"},\"image\":{\"@id\":\"https:\\\/\\\/exaudi.org\\\/it\\\/indulgenza-remissione-e-perdono-nel-giubileo-2025\\\/#primaryimage\"},\"thumbnailUrl\":\"https:\\\/\\\/exaudi.org\\\/wp-content\\\/uploads\\\/2024\\\/05\\\/cq5dam.thumbnail.cropped.1500.844-1.jpeg\",\"datePublished\":\"2024-05-14T17:21:56+00:00\",\"author\":{\"@id\":\"https:\\\/\\\/exaudi.org\\\/#\\\/schema\\\/person\\\/e1ab6ed07c01774724dd96f925f3a5f0\"},\"breadcrumb\":{\"@id\":\"https:\\\/\\\/exaudi.org\\\/it\\\/indulgenza-remissione-e-perdono-nel-giubileo-2025\\\/#breadcrumb\"},\"inLanguage\":\"it-IT\",\"potentialAction\":[{\"@type\":\"ReadAction\",\"target\":[\"https:\\\/\\\/exaudi.org\\\/it\\\/indulgenza-remissione-e-perdono-nel-giubileo-2025\\\/\"]}]},{\"@type\":\"ImageObject\",\"inLanguage\":\"it-IT\",\"@id\":\"https:\\\/\\\/exaudi.org\\\/it\\\/indulgenza-remissione-e-perdono-nel-giubileo-2025\\\/#primaryimage\",\"url\":\"https:\\\/\\\/exaudi.org\\\/wp-content\\\/uploads\\\/2024\\\/05\\\/cq5dam.thumbnail.cropped.1500.844-1.jpeg\",\"contentUrl\":\"https:\\\/\\\/exaudi.org\\\/wp-content\\\/uploads\\\/2024\\\/05\\\/cq5dam.thumbnail.cropped.1500.844-1.jpeg\",\"width\":1500,\"height\":844},{\"@type\":\"BreadcrumbList\",\"@id\":\"https:\\\/\\\/exaudi.org\\\/it\\\/indulgenza-remissione-e-perdono-nel-giubileo-2025\\\/#breadcrumb\",\"itemListElement\":[{\"@type\":\"ListItem\",\"position\":1,\"name\":\"Portada\",\"item\":\"https:\\\/\\\/exaudi.org\\\/it\\\/\"},{\"@type\":\"ListItem\",\"position\":2,\"name\":\"Indulgenza, remissione e perdono nel Giubileo 2025\"}]},{\"@type\":\"WebSite\",\"@id\":\"https:\\\/\\\/exaudi.org\\\/#website\",\"url\":\"https:\\\/\\\/exaudi.org\\\/\",\"name\":\"Exaudi\",\"description\":\"News\",\"potentialAction\":[{\"@type\":\"SearchAction\",\"target\":{\"@type\":\"EntryPoint\",\"urlTemplate\":\"https:\\\/\\\/exaudi.org\\\/?s={search_term_string}\"},\"query-input\":{\"@type\":\"PropertyValueSpecification\",\"valueRequired\":true,\"valueName\":\"search_term_string\"}}],\"inLanguage\":\"it-IT\"},{\"@type\":\"Person\",\"@id\":\"https:\\\/\\\/exaudi.org\\\/#\\\/schema\\\/person\\\/e1ab6ed07c01774724dd96f925f3a5f0\",\"name\":\"Exaudi Redazione\",\"image\":{\"@type\":\"ImageObject\",\"inLanguage\":\"it-IT\",\"@id\":\"https:\\\/\\\/secure.gravatar.com\\\/avatar\\\/ad6774b3ada023bf5b939d64f45c94b3adf91502dd883507d469b4308a943bb3?s=96&d=mm&r=g\",\"url\":\"https:\\\/\\\/secure.gravatar.com\\\/avatar\\\/ad6774b3ada023bf5b939d64f45c94b3adf91502dd883507d469b4308a943bb3?s=96&d=mm&r=g\",\"contentUrl\":\"https:\\\/\\\/secure.gravatar.com\\\/avatar\\\/ad6774b3ada023bf5b939d64f45c94b3adf91502dd883507d469b4308a943bb3?s=96&d=mm&r=g\",\"caption\":\"Exaudi Redazione\"},\"description\":\"Che cosa \u00e8 Exaudi News? Exaudi News \u00e8 un agenzia cattolica internazionale che informa, istruisce e trasforma quotidianamente in spagnolo, inglese e italiano. Attraverso notizie, articoli di analisi e trasmissioni in diretta degli eventi del Papa, Exaudi cerca di rafforzare l'unit\u00e0 dei cristiani e di contribuire all'evangelizzazione del mondo, sempre guidato dalla dottrina sociale della Chiesa. Lavoriamo per portare la verit\u00e0 e i valori cristiani in ogni angolo del pianeta. Aiutaci a trasformare il mondo con Exaudi! Noi di Exaudi crediamo che l'evangelizzazione e l'informazione di qualit\u00e0 possano cambiare la vita. Per continuare la nostra missione ed espandere la nostra portata, abbiamo bisogno del tuo aiuto. Stiamo anche cercando persone motivate che vogliano unirsi al nostro team. Grazie al vostro sostegno raggiungeremo pi\u00f9 persone, diffonderemo il messaggio di Cristo e rafforzeremo l'unit\u00e0 dei cristiani. Vuoi unirti alla nostra missione? Per maggiori informazioni su come contribuire, visita Exaudi.org\\\/it o contattaci direttamente: info@exaudi.org Exaudi: informa, forma e trasforma.\",\"sameAs\":[\"https:\\\/\\\/www.facebook.com\\\/ExaudiNotizie\\\/\",\"https:\\\/\\\/www.instagram.com\\\/Exaudi_notizie\\\/\",\"https:\\\/\\\/x.com\\\/Exaudi_Notizie\",\"https:\\\/\\\/www.youtube.com\\\/@exaudicatholicnews\"],\"url\":\"https:\\\/\\\/exaudi.org\\\/it\\\/author\\\/dlvedi-org\\\/\"}]}<\/script>\n<!-- \/ Yoast SEO plugin. -->","yoast_head_json":{"title":"Indulgenza, remissione e perdono nel Giubileo 2025 &#8211; Exaudi","robots":{"index":"index","follow":"follow","max-snippet":"max-snippet:-1","max-image-preview":"max-image-preview:large","max-video-preview":"max-video-preview:-1"},"canonical":"https:\/\/exaudi.org\/it\/indulgenza-remissione-e-perdono-nel-giubileo-2025\/","og_locale":"it_IT","og_type":"article","og_title":"Indulgenza, remissione e perdono nel Giubileo 2025 &#8211; Exaudi","og_description":"L'indulgenza, via per sperimentare la misericordia divina, ha gi\u00e0 indicazioni dettagliate per il prossimo anno giubilare","og_url":"https:\/\/exaudi.org\/it\/indulgenza-remissione-e-perdono-nel-giubileo-2025\/","og_site_name":"Exaudi","article_publisher":"https:\/\/www.facebook.com\/ExaudiNews","article_author":"https:\/\/www.facebook.com\/ExaudiNotizie\/","article_published_time":"2024-05-14T17:21:56+00:00","og_image":[{"width":1500,"height":844,"url":"https:\/\/exaudi.org\/wp-content\/uploads\/2024\/05\/cq5dam.thumbnail.cropped.1500.844-1.jpeg","type":"image\/jpeg"}],"author":"Exaudi Redazione","twitter_card":"summary_large_image","twitter_creator":"@Exaudi_Notizie","twitter_site":"@Exaudi_News","twitter_misc":{"Scritto da":"Exaudi Redazione","Tempo di lettura stimato":"4 minuti"},"schema":{"@context":"https:\/\/schema.org","@graph":[{"@type":"Article","@id":"https:\/\/exaudi.org\/it\/indulgenza-remissione-e-perdono-nel-giubileo-2025\/#article","isPartOf":{"@id":"https:\/\/exaudi.org\/it\/indulgenza-remissione-e-perdono-nel-giubileo-2025\/"},"author":{"name":"Exaudi Redazione","@id":"https:\/\/exaudi.org\/#\/schema\/person\/e1ab6ed07c01774724dd96f925f3a5f0"},"headline":"Indulgenza, remissione e perdono nel Giubileo 2025","datePublished":"2024-05-14T17:21:56+00:00","mainEntityOfPage":{"@id":"https:\/\/exaudi.org\/it\/indulgenza-remissione-e-perdono-nel-giubileo-2025\/"},"wordCount":740,"image":{"@id":"https:\/\/exaudi.org\/it\/indulgenza-remissione-e-perdono-nel-giubileo-2025\/#primaryimage"},"thumbnailUrl":"https:\/\/exaudi.org\/wp-content\/uploads\/2024\/05\/cq5dam.thumbnail.cropped.1500.844-1.jpeg","keywords":["giubileo","Giubileo 2025","Pellegrinaggio","sacramento","Trending","Vaticano"],"articleSection":["Vaticano"],"inLanguage":"it-IT"},{"@type":"WebPage","@id":"https:\/\/exaudi.org\/it\/indulgenza-remissione-e-perdono-nel-giubileo-2025\/","url":"https:\/\/exaudi.org\/it\/indulgenza-remissione-e-perdono-nel-giubileo-2025\/","name":"Indulgenza, remissione e perdono nel Giubileo 2025 &#8211; Exaudi","isPartOf":{"@id":"https:\/\/exaudi.org\/#website"},"primaryImageOfPage":{"@id":"https:\/\/exaudi.org\/it\/indulgenza-remissione-e-perdono-nel-giubileo-2025\/#primaryimage"},"image":{"@id":"https:\/\/exaudi.org\/it\/indulgenza-remissione-e-perdono-nel-giubileo-2025\/#primaryimage"},"thumbnailUrl":"https:\/\/exaudi.org\/wp-content\/uploads\/2024\/05\/cq5dam.thumbnail.cropped.1500.844-1.jpeg","datePublished":"2024-05-14T17:21:56+00:00","author":{"@id":"https:\/\/exaudi.org\/#\/schema\/person\/e1ab6ed07c01774724dd96f925f3a5f0"},"breadcrumb":{"@id":"https:\/\/exaudi.org\/it\/indulgenza-remissione-e-perdono-nel-giubileo-2025\/#breadcrumb"},"inLanguage":"it-IT","potentialAction":[{"@type":"ReadAction","target":["https:\/\/exaudi.org\/it\/indulgenza-remissione-e-perdono-nel-giubileo-2025\/"]}]},{"@type":"ImageObject","inLanguage":"it-IT","@id":"https:\/\/exaudi.org\/it\/indulgenza-remissione-e-perdono-nel-giubileo-2025\/#primaryimage","url":"https:\/\/exaudi.org\/wp-content\/uploads\/2024\/05\/cq5dam.thumbnail.cropped.1500.844-1.jpeg","contentUrl":"https:\/\/exaudi.org\/wp-content\/uploads\/2024\/05\/cq5dam.thumbnail.cropped.1500.844-1.jpeg","width":1500,"height":844},{"@type":"BreadcrumbList","@id":"https:\/\/exaudi.org\/it\/indulgenza-remissione-e-perdono-nel-giubileo-2025\/#breadcrumb","itemListElement":[{"@type":"ListItem","position":1,"name":"Portada","item":"https:\/\/exaudi.org\/it\/"},{"@type":"ListItem","position":2,"name":"Indulgenza, remissione e perdono nel Giubileo 2025"}]},{"@type":"WebSite","@id":"https:\/\/exaudi.org\/#website","url":"https:\/\/exaudi.org\/","name":"Exaudi","description":"News","potentialAction":[{"@type":"SearchAction","target":{"@type":"EntryPoint","urlTemplate":"https:\/\/exaudi.org\/?s={search_term_string}"},"query-input":{"@type":"PropertyValueSpecification","valueRequired":true,"valueName":"search_term_string"}}],"inLanguage":"it-IT"},{"@type":"Person","@id":"https:\/\/exaudi.org\/#\/schema\/person\/e1ab6ed07c01774724dd96f925f3a5f0","name":"Exaudi Redazione","image":{"@type":"ImageObject","inLanguage":"it-IT","@id":"https:\/\/secure.gravatar.com\/avatar\/ad6774b3ada023bf5b939d64f45c94b3adf91502dd883507d469b4308a943bb3?s=96&d=mm&r=g","url":"https:\/\/secure.gravatar.com\/avatar\/ad6774b3ada023bf5b939d64f45c94b3adf91502dd883507d469b4308a943bb3?s=96&d=mm&r=g","contentUrl":"https:\/\/secure.gravatar.com\/avatar\/ad6774b3ada023bf5b939d64f45c94b3adf91502dd883507d469b4308a943bb3?s=96&d=mm&r=g","caption":"Exaudi Redazione"},"description":"Che cosa \u00e8 Exaudi News? Exaudi News \u00e8 un agenzia cattolica internazionale che informa, istruisce e trasforma quotidianamente in spagnolo, inglese e italiano. Attraverso notizie, articoli di analisi e trasmissioni in diretta degli eventi del Papa, Exaudi cerca di rafforzare l'unit\u00e0 dei cristiani e di contribuire all'evangelizzazione del mondo, sempre guidato dalla dottrina sociale della Chiesa. Lavoriamo per portare la verit\u00e0 e i valori cristiani in ogni angolo del pianeta. Aiutaci a trasformare il mondo con Exaudi! Noi di Exaudi crediamo che l'evangelizzazione e l'informazione di qualit\u00e0 possano cambiare la vita. Per continuare la nostra missione ed espandere la nostra portata, abbiamo bisogno del tuo aiuto. Stiamo anche cercando persone motivate che vogliano unirsi al nostro team. Grazie al vostro sostegno raggiungeremo pi\u00f9 persone, diffonderemo il messaggio di Cristo e rafforzeremo l'unit\u00e0 dei cristiani. Vuoi unirti alla nostra missione? Per maggiori informazioni su come contribuire, visita Exaudi.org\/it o contattaci direttamente: info@exaudi.org Exaudi: informa, forma e trasforma.","sameAs":["https:\/\/www.facebook.com\/ExaudiNotizie\/","https:\/\/www.instagram.com\/Exaudi_notizie\/","https:\/\/x.com\/Exaudi_Notizie","https:\/\/www.youtube.com\/@exaudicatholicnews"],"url":"https:\/\/exaudi.org\/it\/author\/dlvedi-org\/"}]}},"jetpack_featured_media_url":"https:\/\/exaudi.org\/wp-content\/uploads\/2024\/05\/cq5dam.thumbnail.cropped.1500.844-1.jpeg","jetpack_shortlink":"https:\/\/wp.me\/pgKjF2-q7Z","_links":{"self":[{"href":"https:\/\/exaudi.org\/it\/wp-json\/wp\/v2\/posts\/100439","targetHints":{"allow":["GET"]}}],"collection":[{"href":"https:\/\/exaudi.org\/it\/wp-json\/wp\/v2\/posts"}],"about":[{"href":"https:\/\/exaudi.org\/it\/wp-json\/wp\/v2\/types\/post"}],"author":[{"embeddable":true,"href":"https:\/\/exaudi.org\/it\/wp-json\/wp\/v2\/users\/17"}],"replies":[{"embeddable":true,"href":"https:\/\/exaudi.org\/it\/wp-json\/wp\/v2\/comments?post=100439"}],"version-history":[{"count":0,"href":"https:\/\/exaudi.org\/it\/wp-json\/wp\/v2\/posts\/100439\/revisions"}],"wp:featuredmedia":[{"embeddable":true,"href":"https:\/\/exaudi.org\/it\/wp-json\/wp\/v2\/media\/100396"}],"wp:attachment":[{"href":"https:\/\/exaudi.org\/it\/wp-json\/wp\/v2\/media?parent=100439"}],"wp:term":[{"taxonomy":"category","embeddable":true,"href":"https:\/\/exaudi.org\/it\/wp-json\/wp\/v2\/categories?post=100439"},{"taxonomy":"post_tag","embeddable":true,"href":"https:\/\/exaudi.org\/it\/wp-json\/wp\/v2\/tags?post=100439"}],"curies":[{"name":"wp","href":"https:\/\/api.w.org\/{rel}","templated":true}]}}