{"id":100160,"date":"2024-05-10T21:54:27","date_gmt":"2024-05-10T19:54:27","guid":{"rendered":"https:\/\/exaudi.org\/?p=100160"},"modified":"2024-05-10T21:54:27","modified_gmt":"2024-05-10T19:54:27","slug":"le-madri-per-la-prima-volta-aumentano-di-oltre-il-19-alleta-di-40-anni","status":"publish","type":"post","link":"https:\/\/exaudi.org\/it\/le-madri-per-la-prima-volta-aumentano-di-oltre-il-19-alleta-di-40-anni\/","title":{"rendered":"Le madri per la prima volta aumentano di oltre il 19% all\u2019et\u00e0 di 40 anni"},"content":{"rendered":"<p><a href=\"https:\/\/ine.es\/jaxiT3\/Datos.htm?t=1406#_tabs-mapa\">Secondo i dati dell&#8217;Istituto Nazionale di Statistica<\/a> (INE), il numero di donne che diventano madri per la prima volta all&#8217;et\u00e0 di 40 anni in Spagna \u00e8 aumentato del 19,3%. In questo modo il nostro Paese \u00e8 primo in Europa per nascite di bambini da madri di et\u00e0 superiore ai 30 anni. Va ricordato che la Spagna \u00e8 il settimo paese al mondo con il peggior tasso di fertilit\u00e0, situato al di sotto del livello di ricambio generazionale da 40 anni.<\/p>\n<p>Secondo i dati di <a href=\"https:\/\/es.statista.com\/estadisticas\/474282\/numero-de-nacimientos-en-espana-por-edad-de-la-madre\/\">Statista<\/a>, piattaforma globale di dati che fornisce ricerche di mercato, la tendenza delle donne spagnole a continuare ad avere pi\u00f9 figli dopo i 30 anni \u00e8 continuata anche nel 2022, evidenziando soprattutto la fascia di et\u00e0 tra i 32 e i 36 anni. Nello specifico, 23.919 donne avevano un bambini entro i 35 anni, mentre il numero di nascite da donne tra i 20 e i 30 anni \u00e8 rimasto in tutti i casi al di sotto delle 20.000.<\/p>\n<p>Alcune delle cause riconducibili a questo fatto, come abbiamo analizzato in <a href=\"https:\/\/www.observatoriobioetica.org\/2024\/02\/espana-registra-la-cifra-mas-baja-de-nacimientos-desde-1941\/10000809\">precedenza<\/a>, sono il ritardo della maternit\u00e0 fino al raggiungimento della stabilit\u00e0 lavorativa, la mancanza di politiche di conciliazione, la disoccupazione, la precariet\u00e0 economica, la ricerca di realizzazione personale nel mondo del lavoro o l&#8217;aumento delle separazioni e degli aborti, tra gli altri.<\/p>\n<h3><strong>Aborti e trattamenti per la fertilit\u00e0<\/strong><\/h3>\n<p>Secondo un rapporto del Family Policy Institute (IPF), nel 2022 in Spagna sono stati eseguiti 269 aborti al giorno. Si tratta di un totale di 98.316 aborti all&#8217;anno, con un aumento di oltre 8.000 rispetto al 2021. Insieme a Francia e Germania, \u00e8 il paese dell&#8217;Unione Europea dove si verificano il maggior numero di interruzioni di gravidanza.<\/p>\n<p>Mentre il numero degli aborti cresce a un ritmo allarmante, aumenta anche il numero di donne che ogni anno si sottopongono a <a href=\"https:\/\/www.observatoriobioetica.org\/2019\/01\/que-efectos-adversos-sufren-los-ninos-nacidos-por-reproduccion-asistida\/29436\">trattamenti per la fertilit\u00e0<\/a> in cerca di una gravidanza. Nell&#8217;ultimo anno l&#8217;incremento \u00e8 stato del 30%. Pi\u00f9 della met\u00e0 dei trattamenti di donazione di ovociti in Europa vengono effettuati nel nostro Paese, diventando cos\u00ec il pi\u00f9 grande fornitore di ovociti dell&#8217;intero continente.<\/p>\n<p>Come abbiamo sottolineato nel <a href=\"https:\/\/bioethicsobservatory.org\/2021\/10\/assisted-reproductive-treatments-in-europe-updated-vision-country-by-country\/41913\/\">nostro Osservatorio<\/a>, mentre in molti Paesi esistono restrizioni e divieti in relazione a questa pratica, nel nostro Paese qualsiasi donna pu\u00f2 accedere a questi trattamenti grazie ai pochi ostacoli che esistono grazie a una legislazione flessibile e liste di attesa molto brevi. . Ecco perch\u00e9 molti pazienti internazionali si recano in Spagna ogni anno per accedere ad alcuni trattamenti per la fertilit\u00e0.<\/p>\n<p>Molti pazienti intorno ai 40 anni si rivolgono a cliniche di riproduzione assistita, come la fecondazione in vitro (IVF), per ottenere una gravidanza a causa della diminuzione della fertilit\u00e0 con l&#8217;et\u00e0, che <a href=\"https:\/\/www.observatoriobioetica.org\/2022\/01\/los-ninos-concebidos-por-reproduccion-asistida-tienen-mas-problemas-cardiovasculares\/37664\">aumenta il rischio<\/a> di alterazioni cromosomiche e la probabilit\u00e0 che si verifichi un aborto spontaneo. &#8220;Nei casi di fecondazione in vitro con ovociti propri, \u00e8 normale completare il processo con l&#8217;analisi genetica degli embrioni (Test Genetico Preimpianto, PGT-A) prima del loro trasferimento nell&#8217;utero, poich\u00e9, con l&#8217;aumentare dell&#8217;et\u00e0, il rischio aumenta di alterazione cromosomica nell&#8217;embrione, che \u00e8 legata a un minor tasso di annidamento e ad un maggior rischio di aborto,&#8221; spiega la Dott.ssa Marina Gonz\u00e1lez, direttrice di una clinica di riproduzione assistita.<\/p>\n<p>Ma i rischi per il futuro bambino concepito attraverso le tecniche di riproduzione assistita (ART) non finiscono qui. Numerosi studi hanno analizzato le possibili differenze e somiglianze tra i bambini concepiti attraverso l\u2019ART e quelli concepiti naturalmente. Mentre la maggior parte degli studi precedenti sui bambini concepiti mediante ART si sono concentrati sugli esiti perinatali e sull\u2019infanzia, un piccolo numero di studi ha esteso il periodo di follow-up all\u2019adolescenza e alla giovane et\u00e0 adulta. (<a href=\"https:\/\/academic.oup.com\/humupd\/article\/25\/2\/137\/5316072?login=false\">Berntsen et al., 2019<\/a>; <a href=\"https:\/\/academic.oup.com\/humrep\/article\/33\/10\/1948\/5084991?login=false\">Norrman et al., 2018<\/a>; <a href=\"https:\/\/link.springer.com\/article\/10.1007\/s00787-019-01433-2\">Rissanen et al., 2019<\/a>; <a href=\"https:\/\/academic.oup.com\/humrep\/article\/30\/9\/2129\/622716?login=false\">Svahn et al., 2015<\/a>).<\/p>\n<p><a href=\"https:\/\/www.observatoriobioetica.org\/wp-content\/uploads\/2022\/07\/TheWell-BeingOfAdolescentsConc.pdf\">Secondo uno studio<\/a> pubblicato dall\u2019European Journal of Population che ha analizzato gli adolescenti concepiti naturalmente rispetto a quelli concepiti attraverso tecniche di riproduzione assistita, questi ultimi soffrono pi\u00f9 di ansia o depressione prima di raggiungere l\u2019et\u00e0 adulta.<\/p>\n<h3><strong>Valutazione bioetica<\/strong><\/h3>\n<p>Il drammatico calo dei tassi di natalit\u00e0 in molti paesi sviluppati e, soprattutto, in Spagna, costituisce un grave problema demografico per il quale non vengono intraprese azioni sufficienti.<\/p>\n<p><a href=\"https:\/\/www.observatoriobioetica.org\/2017\/04\/estatuto-biologico-del-embrion-humano-3\/15982\">All\u2019aborto<\/a> bisogna aggiungere altre cause che sono all\u2019origine del problema. Il fatto della maternit\u00e0 ritardata che analizziamo in questo articolo e il conseguente ricorso alla ART per cercare di compensare la diminuzione della fertilit\u00e0 delle donne con l&#8217;aumentare dell&#8217;et\u00e0, sembra essere una conseguenza dei cambiamenti sociologici nelle societ\u00e0 avanzate in cui la struttura del lavoro e la scala di valori in cui prevalgono la realizzazione e l\u2019arricchimento personale relegano in secondo piano le aspettative di fondare una famiglia e di concepire figli.<\/p>\n<p>Criteri edonistici, che confondono il piacere con il significato vitale, escludono la paternit\u00e0 e la maternit\u00e0 nelle et\u00e0 pi\u00f9 fertili e, potremmo dire, biologicamente pi\u00f9 adatte a gestare e allevare i figli. Le strutture sociali promosse dai governi di molti paesi sviluppati, primo fra tutti il \u200b\u200bnostro, sembrano sottovalutare la reale tutela della famiglia, che implica la creazione di opportunit\u00e0 di crescita dei figli con il sostegno di un lavoro, economico, sanitario o sociale, che permettere a molte coppie di valorizzare la propria paternit\u00e0 e maternit\u00e0 come un vero valore di significato, una forma di donazione personale che realizza aspirazioni di realizzazione personale molto meglio della semplice progressione economica o ricreativa.<\/p>\n<p>Recuperare la famiglia, aperta all&#8217;accoglienza dei figli, come cellula fondamentale della societ\u00e0 e luogo privilegiato dell&#8217;educazione umana, \u00e8 responsabilit\u00e0 di tutti, non solo dei governi con le loro politiche, ma anche dei media e della scuola, per cui devono lavorare allontanare la falsa immagine che la paternit\u00e0 e la maternit\u00e0 nel progetto familiare hanno come situazione che mette a rischio la realizzazione personale, proprio in ambito lavorativo, e presentarla per quello che \u00e8, il luogo privilegiato per accogliere la vita e accompagnarla verso una piena realizzazione.<\/p>\n<p><a href=\"https:\/\/www.observatoriobioetica.org\/2024\/05\/aumentan-mas-del-19-las-madres-primerizas-a-los-40-anos-en-espana\/10001449\"><em><strong>Julio Tudela Cuenca &#8211; Cristina Castillo &#8211; Osservatorio di Bioetica &#8211; Istituto di Scienze della Vita &#8211; Universit\u00e0 Cattolica<\/strong><\/em><\/a><\/p>\n","protected":false},"excerpt":{"rendered":"<p>Cause e conseguenze<\/p>\n","protected":false},"author":87,"featured_media":100147,"comment_status":"closed","ping_status":"closed","sticky":false,"template":"","format":"standard","meta":{"_acf_changed":false,"_crdt_document":"","inline_featured_image":false,"footnotes":""},"categories":[129],"tags":[3195,6083,13206,15093,15094,12866,12701,15095,15096],"class_list":["post-100160","post","type-post","status-publish","format-standard","has-post-thumbnail","hentry","category-voci","tag-aborto-it","tag-bioetica-it","tag-cristina-castillo-2","tag-eta-maternita","tag-fertilita","tag-julio-tudela-2","tag-maternita","tag-riproduzione-assistita","tag-tendenze-demografiche"],"acf":[],"yoast_head":"<!-- This site is optimized with the Yoast SEO plugin v27.5 - https:\/\/yoast.com\/product\/yoast-seo-wordpress\/ -->\n<title>Le madri per la prima volta aumentano di oltre il 19% all\u2019et\u00e0 di 40 anni &#8211; Exaudi<\/title>\n<meta name=\"robots\" content=\"index, follow, max-snippet:-1, max-image-preview:large, max-video-preview:-1\" \/>\n<link rel=\"canonical\" href=\"https:\/\/exaudi.org\/it\/le-madri-per-la-prima-volta-aumentano-di-oltre-il-19-alleta-di-40-anni\/\" \/>\n<meta property=\"og:locale\" content=\"it_IT\" \/>\n<meta property=\"og:type\" content=\"article\" \/>\n<meta property=\"og:title\" content=\"Le madri per la prima volta aumentano di oltre il 19% all\u2019et\u00e0 di 40 anni &#8211; Exaudi\" \/>\n<meta property=\"og:description\" content=\"Cause e conseguenze\" \/>\n<meta property=\"og:url\" content=\"https:\/\/exaudi.org\/it\/le-madri-per-la-prima-volta-aumentano-di-oltre-il-19-alleta-di-40-anni\/\" \/>\n<meta property=\"og:site_name\" content=\"Exaudi\" \/>\n<meta property=\"article:publisher\" content=\"https:\/\/www.facebook.com\/ExaudiNews\" \/>\n<meta property=\"article:author\" content=\"https:\/\/www.facebook.com\/observatoriodebioetica\/\" \/>\n<meta property=\"article:published_time\" content=\"2024-05-10T19:54:27+00:00\" \/>\n<meta property=\"og:image\" content=\"https:\/\/exaudi.org\/wp-content\/uploads\/2024\/05\/pexels-freestockpro-1008181.jpg\" \/>\n\t<meta property=\"og:image:width\" content=\"2000\" \/>\n\t<meta property=\"og:image:height\" content=\"1331\" \/>\n\t<meta property=\"og:image:type\" content=\"image\/jpeg\" \/>\n<meta name=\"author\" content=\"Observatorio de Bio\u00e9tica UCV\" \/>\n<meta name=\"twitter:card\" content=\"summary_large_image\" \/>\n<meta name=\"twitter:creator\" content=\"@obioetica\" \/>\n<meta name=\"twitter:site\" content=\"@Exaudi_News\" \/>\n<meta name=\"twitter:label1\" content=\"Scritto da\" \/>\n\t<meta name=\"twitter:data1\" content=\"Observatorio de Bio\u00e9tica UCV\" \/>\n\t<meta name=\"twitter:label2\" content=\"Tempo di lettura stimato\" \/>\n\t<meta name=\"twitter:data2\" content=\"5 minuti\" \/>\n<script type=\"application\/ld+json\" class=\"yoast-schema-graph\">{\"@context\":\"https:\\\/\\\/schema.org\",\"@graph\":[{\"@type\":\"Article\",\"@id\":\"https:\\\/\\\/exaudi.org\\\/it\\\/le-madri-per-la-prima-volta-aumentano-di-oltre-il-19-alleta-di-40-anni\\\/#article\",\"isPartOf\":{\"@id\":\"https:\\\/\\\/exaudi.org\\\/it\\\/le-madri-per-la-prima-volta-aumentano-di-oltre-il-19-alleta-di-40-anni\\\/\"},\"author\":{\"name\":\"Observatorio de Bio\u00e9tica UCV\",\"@id\":\"https:\\\/\\\/exaudi.org\\\/#\\\/schema\\\/person\\\/05d1c06e56ecb5490e9bff0d27026595\"},\"headline\":\"Le madri per la prima volta aumentano di oltre il 19% all\u2019et\u00e0 di 40 anni\",\"datePublished\":\"2024-05-10T19:54:27+00:00\",\"mainEntityOfPage\":{\"@id\":\"https:\\\/\\\/exaudi.org\\\/it\\\/le-madri-per-la-prima-volta-aumentano-di-oltre-il-19-alleta-di-40-anni\\\/\"},\"wordCount\":984,\"image\":{\"@id\":\"https:\\\/\\\/exaudi.org\\\/it\\\/le-madri-per-la-prima-volta-aumentano-di-oltre-il-19-alleta-di-40-anni\\\/#primaryimage\"},\"thumbnailUrl\":\"https:\\\/\\\/exaudi.org\\\/wp-content\\\/uploads\\\/2024\\\/05\\\/pexels-freestockpro-1008181.jpg\",\"keywords\":[\"Aborto\",\"Bio\u00e9tica\",\"CRISTINA CASTILLO\",\"ET\u00c0 MATERNIT\u00c0\",\"FERTILIT\u00c0\",\"JULIO TUDELA\",\"MATERNIT\u00c0\",\"RIPRODUZIONE ASSISTITA\",\"TENDENZE DEMOGRAFICHE\"],\"articleSection\":[\"Voci\"],\"inLanguage\":\"it-IT\"},{\"@type\":\"WebPage\",\"@id\":\"https:\\\/\\\/exaudi.org\\\/it\\\/le-madri-per-la-prima-volta-aumentano-di-oltre-il-19-alleta-di-40-anni\\\/\",\"url\":\"https:\\\/\\\/exaudi.org\\\/it\\\/le-madri-per-la-prima-volta-aumentano-di-oltre-il-19-alleta-di-40-anni\\\/\",\"name\":\"Le madri per la prima volta aumentano di oltre il 19% all\u2019et\u00e0 di 40 anni &#8211; Exaudi\",\"isPartOf\":{\"@id\":\"https:\\\/\\\/exaudi.org\\\/#website\"},\"primaryImageOfPage\":{\"@id\":\"https:\\\/\\\/exaudi.org\\\/it\\\/le-madri-per-la-prima-volta-aumentano-di-oltre-il-19-alleta-di-40-anni\\\/#primaryimage\"},\"image\":{\"@id\":\"https:\\\/\\\/exaudi.org\\\/it\\\/le-madri-per-la-prima-volta-aumentano-di-oltre-il-19-alleta-di-40-anni\\\/#primaryimage\"},\"thumbnailUrl\":\"https:\\\/\\\/exaudi.org\\\/wp-content\\\/uploads\\\/2024\\\/05\\\/pexels-freestockpro-1008181.jpg\",\"datePublished\":\"2024-05-10T19:54:27+00:00\",\"author\":{\"@id\":\"https:\\\/\\\/exaudi.org\\\/#\\\/schema\\\/person\\\/05d1c06e56ecb5490e9bff0d27026595\"},\"breadcrumb\":{\"@id\":\"https:\\\/\\\/exaudi.org\\\/it\\\/le-madri-per-la-prima-volta-aumentano-di-oltre-il-19-alleta-di-40-anni\\\/#breadcrumb\"},\"inLanguage\":\"it-IT\",\"potentialAction\":[{\"@type\":\"ReadAction\",\"target\":[\"https:\\\/\\\/exaudi.org\\\/it\\\/le-madri-per-la-prima-volta-aumentano-di-oltre-il-19-alleta-di-40-anni\\\/\"]}]},{\"@type\":\"ImageObject\",\"inLanguage\":\"it-IT\",\"@id\":\"https:\\\/\\\/exaudi.org\\\/it\\\/le-madri-per-la-prima-volta-aumentano-di-oltre-il-19-alleta-di-40-anni\\\/#primaryimage\",\"url\":\"https:\\\/\\\/exaudi.org\\\/wp-content\\\/uploads\\\/2024\\\/05\\\/pexels-freestockpro-1008181.jpg\",\"contentUrl\":\"https:\\\/\\\/exaudi.org\\\/wp-content\\\/uploads\\\/2024\\\/05\\\/pexels-freestockpro-1008181.jpg\",\"width\":2000,\"height\":1331,\"caption\":\"Pexels\"},{\"@type\":\"BreadcrumbList\",\"@id\":\"https:\\\/\\\/exaudi.org\\\/it\\\/le-madri-per-la-prima-volta-aumentano-di-oltre-il-19-alleta-di-40-anni\\\/#breadcrumb\",\"itemListElement\":[{\"@type\":\"ListItem\",\"position\":1,\"name\":\"Portada\",\"item\":\"https:\\\/\\\/exaudi.org\\\/it\\\/\"},{\"@type\":\"ListItem\",\"position\":2,\"name\":\"Le madri per la prima volta aumentano di oltre il 19% all\u2019et\u00e0 di 40 anni\"}]},{\"@type\":\"WebSite\",\"@id\":\"https:\\\/\\\/exaudi.org\\\/#website\",\"url\":\"https:\\\/\\\/exaudi.org\\\/\",\"name\":\"Exaudi\",\"description\":\"News\",\"potentialAction\":[{\"@type\":\"SearchAction\",\"target\":{\"@type\":\"EntryPoint\",\"urlTemplate\":\"https:\\\/\\\/exaudi.org\\\/?s={search_term_string}\"},\"query-input\":{\"@type\":\"PropertyValueSpecification\",\"valueRequired\":true,\"valueName\":\"search_term_string\"}}],\"inLanguage\":\"it-IT\"},{\"@type\":\"Person\",\"@id\":\"https:\\\/\\\/exaudi.org\\\/#\\\/schema\\\/person\\\/05d1c06e56ecb5490e9bff0d27026595\",\"name\":\"Observatorio de Bio\u00e9tica UCV\",\"image\":{\"@type\":\"ImageObject\",\"inLanguage\":\"it-IT\",\"@id\":\"https:\\\/\\\/secure.gravatar.com\\\/avatar\\\/086563f59595a89fb0851de25d712a03657b1cdfa8af3c9cd0a1ee122fc5d596?s=96&d=mm&r=g\",\"url\":\"https:\\\/\\\/secure.gravatar.com\\\/avatar\\\/086563f59595a89fb0851de25d712a03657b1cdfa8af3c9cd0a1ee122fc5d596?s=96&d=mm&r=g\",\"contentUrl\":\"https:\\\/\\\/secure.gravatar.com\\\/avatar\\\/086563f59595a89fb0851de25d712a03657b1cdfa8af3c9cd0a1ee122fc5d596?s=96&d=mm&r=g\",\"caption\":\"Observatorio de Bio\u00e9tica UCV\"},\"description\":\"El Observatorio de Bio\u00e9tica se encuentra dentro del Instituto Ciencias de la vida de la Universidad Cat\u00f3lica de Valencia \u201cSan Vicente M\u00e1rtir\u201d . En el trasfondo de sus publicaciones, se defiende la vida humana desde la fecundaci\u00f3n a la muerte natural y la dignidad de la persona, teniendo como objetivo aunar esfuerzos para difundir la cultura de la vida como la define la Evangelium Vitae.\",\"sameAs\":[\"https:\\\/\\\/www.observatoriobioetica.org\\\/\",\"https:\\\/\\\/www.facebook.com\\\/observatoriodebioetica\\\/\",\"https:\\\/\\\/x.com\\\/obioetica\",\"https:\\\/\\\/www.youtube.com\\\/channel\\\/UC_Tr4WS5-TXoNo5e1MdQc7w\"],\"url\":\"https:\\\/\\\/exaudi.org\\\/it\\\/author\\\/observatoriodebioeticaucv\\\/\"}]}<\/script>\n<!-- \/ Yoast SEO plugin. -->","yoast_head_json":{"title":"Le madri per la prima volta aumentano di oltre il 19% all\u2019et\u00e0 di 40 anni &#8211; Exaudi","robots":{"index":"index","follow":"follow","max-snippet":"max-snippet:-1","max-image-preview":"max-image-preview:large","max-video-preview":"max-video-preview:-1"},"canonical":"https:\/\/exaudi.org\/it\/le-madri-per-la-prima-volta-aumentano-di-oltre-il-19-alleta-di-40-anni\/","og_locale":"it_IT","og_type":"article","og_title":"Le madri per la prima volta aumentano di oltre il 19% all\u2019et\u00e0 di 40 anni &#8211; Exaudi","og_description":"Cause e conseguenze","og_url":"https:\/\/exaudi.org\/it\/le-madri-per-la-prima-volta-aumentano-di-oltre-il-19-alleta-di-40-anni\/","og_site_name":"Exaudi","article_publisher":"https:\/\/www.facebook.com\/ExaudiNews","article_author":"https:\/\/www.facebook.com\/observatoriodebioetica\/","article_published_time":"2024-05-10T19:54:27+00:00","og_image":[{"width":2000,"height":1331,"url":"https:\/\/exaudi.org\/wp-content\/uploads\/2024\/05\/pexels-freestockpro-1008181.jpg","type":"image\/jpeg"}],"author":"Observatorio de Bio\u00e9tica UCV","twitter_card":"summary_large_image","twitter_creator":"@obioetica","twitter_site":"@Exaudi_News","twitter_misc":{"Scritto da":"Observatorio de Bio\u00e9tica UCV","Tempo di lettura stimato":"5 minuti"},"schema":{"@context":"https:\/\/schema.org","@graph":[{"@type":"Article","@id":"https:\/\/exaudi.org\/it\/le-madri-per-la-prima-volta-aumentano-di-oltre-il-19-alleta-di-40-anni\/#article","isPartOf":{"@id":"https:\/\/exaudi.org\/it\/le-madri-per-la-prima-volta-aumentano-di-oltre-il-19-alleta-di-40-anni\/"},"author":{"name":"Observatorio de Bio\u00e9tica UCV","@id":"https:\/\/exaudi.org\/#\/schema\/person\/05d1c06e56ecb5490e9bff0d27026595"},"headline":"Le madri per la prima volta aumentano di oltre il 19% all\u2019et\u00e0 di 40 anni","datePublished":"2024-05-10T19:54:27+00:00","mainEntityOfPage":{"@id":"https:\/\/exaudi.org\/it\/le-madri-per-la-prima-volta-aumentano-di-oltre-il-19-alleta-di-40-anni\/"},"wordCount":984,"image":{"@id":"https:\/\/exaudi.org\/it\/le-madri-per-la-prima-volta-aumentano-di-oltre-il-19-alleta-di-40-anni\/#primaryimage"},"thumbnailUrl":"https:\/\/exaudi.org\/wp-content\/uploads\/2024\/05\/pexels-freestockpro-1008181.jpg","keywords":["Aborto","Bio\u00e9tica","CRISTINA CASTILLO","ET\u00c0 MATERNIT\u00c0","FERTILIT\u00c0","JULIO TUDELA","MATERNIT\u00c0","RIPRODUZIONE ASSISTITA","TENDENZE DEMOGRAFICHE"],"articleSection":["Voci"],"inLanguage":"it-IT"},{"@type":"WebPage","@id":"https:\/\/exaudi.org\/it\/le-madri-per-la-prima-volta-aumentano-di-oltre-il-19-alleta-di-40-anni\/","url":"https:\/\/exaudi.org\/it\/le-madri-per-la-prima-volta-aumentano-di-oltre-il-19-alleta-di-40-anni\/","name":"Le madri per la prima volta aumentano di oltre il 19% all\u2019et\u00e0 di 40 anni &#8211; Exaudi","isPartOf":{"@id":"https:\/\/exaudi.org\/#website"},"primaryImageOfPage":{"@id":"https:\/\/exaudi.org\/it\/le-madri-per-la-prima-volta-aumentano-di-oltre-il-19-alleta-di-40-anni\/#primaryimage"},"image":{"@id":"https:\/\/exaudi.org\/it\/le-madri-per-la-prima-volta-aumentano-di-oltre-il-19-alleta-di-40-anni\/#primaryimage"},"thumbnailUrl":"https:\/\/exaudi.org\/wp-content\/uploads\/2024\/05\/pexels-freestockpro-1008181.jpg","datePublished":"2024-05-10T19:54:27+00:00","author":{"@id":"https:\/\/exaudi.org\/#\/schema\/person\/05d1c06e56ecb5490e9bff0d27026595"},"breadcrumb":{"@id":"https:\/\/exaudi.org\/it\/le-madri-per-la-prima-volta-aumentano-di-oltre-il-19-alleta-di-40-anni\/#breadcrumb"},"inLanguage":"it-IT","potentialAction":[{"@type":"ReadAction","target":["https:\/\/exaudi.org\/it\/le-madri-per-la-prima-volta-aumentano-di-oltre-il-19-alleta-di-40-anni\/"]}]},{"@type":"ImageObject","inLanguage":"it-IT","@id":"https:\/\/exaudi.org\/it\/le-madri-per-la-prima-volta-aumentano-di-oltre-il-19-alleta-di-40-anni\/#primaryimage","url":"https:\/\/exaudi.org\/wp-content\/uploads\/2024\/05\/pexels-freestockpro-1008181.jpg","contentUrl":"https:\/\/exaudi.org\/wp-content\/uploads\/2024\/05\/pexels-freestockpro-1008181.jpg","width":2000,"height":1331,"caption":"Pexels"},{"@type":"BreadcrumbList","@id":"https:\/\/exaudi.org\/it\/le-madri-per-la-prima-volta-aumentano-di-oltre-il-19-alleta-di-40-anni\/#breadcrumb","itemListElement":[{"@type":"ListItem","position":1,"name":"Portada","item":"https:\/\/exaudi.org\/it\/"},{"@type":"ListItem","position":2,"name":"Le madri per la prima volta aumentano di oltre il 19% all\u2019et\u00e0 di 40 anni"}]},{"@type":"WebSite","@id":"https:\/\/exaudi.org\/#website","url":"https:\/\/exaudi.org\/","name":"Exaudi","description":"News","potentialAction":[{"@type":"SearchAction","target":{"@type":"EntryPoint","urlTemplate":"https:\/\/exaudi.org\/?s={search_term_string}"},"query-input":{"@type":"PropertyValueSpecification","valueRequired":true,"valueName":"search_term_string"}}],"inLanguage":"it-IT"},{"@type":"Person","@id":"https:\/\/exaudi.org\/#\/schema\/person\/05d1c06e56ecb5490e9bff0d27026595","name":"Observatorio de Bio\u00e9tica UCV","image":{"@type":"ImageObject","inLanguage":"it-IT","@id":"https:\/\/secure.gravatar.com\/avatar\/086563f59595a89fb0851de25d712a03657b1cdfa8af3c9cd0a1ee122fc5d596?s=96&d=mm&r=g","url":"https:\/\/secure.gravatar.com\/avatar\/086563f59595a89fb0851de25d712a03657b1cdfa8af3c9cd0a1ee122fc5d596?s=96&d=mm&r=g","contentUrl":"https:\/\/secure.gravatar.com\/avatar\/086563f59595a89fb0851de25d712a03657b1cdfa8af3c9cd0a1ee122fc5d596?s=96&d=mm&r=g","caption":"Observatorio de Bio\u00e9tica UCV"},"description":"El Observatorio de Bio\u00e9tica se encuentra dentro del Instituto Ciencias de la vida de la Universidad Cat\u00f3lica de Valencia \u201cSan Vicente M\u00e1rtir\u201d . En el trasfondo de sus publicaciones, se defiende la vida humana desde la fecundaci\u00f3n a la muerte natural y la dignidad de la persona, teniendo como objetivo aunar esfuerzos para difundir la cultura de la vida como la define la Evangelium Vitae.","sameAs":["https:\/\/www.observatoriobioetica.org\/","https:\/\/www.facebook.com\/observatoriodebioetica\/","https:\/\/x.com\/obioetica","https:\/\/www.youtube.com\/channel\/UC_Tr4WS5-TXoNo5e1MdQc7w"],"url":"https:\/\/exaudi.org\/it\/author\/observatoriodebioeticaucv\/"}]}},"jetpack_featured_media_url":"https:\/\/exaudi.org\/wp-content\/uploads\/2024\/05\/pexels-freestockpro-1008181.jpg","jetpack_shortlink":"https:\/\/wp.me\/pgKjF2-q3u","_links":{"self":[{"href":"https:\/\/exaudi.org\/it\/wp-json\/wp\/v2\/posts\/100160","targetHints":{"allow":["GET"]}}],"collection":[{"href":"https:\/\/exaudi.org\/it\/wp-json\/wp\/v2\/posts"}],"about":[{"href":"https:\/\/exaudi.org\/it\/wp-json\/wp\/v2\/types\/post"}],"author":[{"embeddable":true,"href":"https:\/\/exaudi.org\/it\/wp-json\/wp\/v2\/users\/87"}],"replies":[{"embeddable":true,"href":"https:\/\/exaudi.org\/it\/wp-json\/wp\/v2\/comments?post=100160"}],"version-history":[{"count":0,"href":"https:\/\/exaudi.org\/it\/wp-json\/wp\/v2\/posts\/100160\/revisions"}],"wp:featuredmedia":[{"embeddable":true,"href":"https:\/\/exaudi.org\/it\/wp-json\/wp\/v2\/media\/100147"}],"wp:attachment":[{"href":"https:\/\/exaudi.org\/it\/wp-json\/wp\/v2\/media?parent=100160"}],"wp:term":[{"taxonomy":"category","embeddable":true,"href":"https:\/\/exaudi.org\/it\/wp-json\/wp\/v2\/categories?post=100160"},{"taxonomy":"post_tag","embeddable":true,"href":"https:\/\/exaudi.org\/it\/wp-json\/wp\/v2\/tags?post=100160"}],"curies":[{"name":"wp","href":"https:\/\/api.w.org\/{rel}","templated":true}]}}