{"id":100084,"date":"2024-05-09T19:31:34","date_gmt":"2024-05-09T17:31:34","guid":{"rendered":"https:\/\/exaudi.org\/?p=100084"},"modified":"2024-05-09T19:32:48","modified_gmt":"2024-05-09T17:32:48","slug":"vivi-la-terra-santa-dal-messico-con-magdala","status":"publish","type":"post","link":"https:\/\/exaudi.org\/it\/vivi-la-terra-santa-dal-messico-con-magdala\/","title":{"rendered":"Vivi la Terra Santa dal Messico con Magdala"},"content":{"rendered":"<p>A causa dell&#8217;attuale conflitto in Medio Oriente, Magdala ha deciso di portare un&#8217;esperienza di Terra Santa in Messico dal 25 al 28 luglio di quest&#8217;anno. <strong>L&#8217;Incontro Magdala<\/strong> \u00e8 un evento che si svolger\u00e0 a Puebla, Stato caratterizzato dalla radicata presenza della Congregazione dei Francescani, che da pi\u00f9 di 800 anni custodiscono i luoghi sacri della Terra Santa. Inoltre, Puebla conta pi\u00f9 di 500 chiese che si estendono su tutto il suo territorio e una popolazione cattolica che supera l&#8217;80%, secondo i dati dell&#8217;Istituto Nazionale di Geografia e Statistica (INEGI). Questo profondo legame \u00e8 evidente nella presenza di elementi ispirati alla Terra di Ges\u00f9, come parte della Via Crucis e di vari monumenti, che fanno di Puebla un luogo significativo per sperimentare la spiritualit\u00e0 della Terra Santa.<\/p>\n<p>L&#8217;evento, che vedr\u00e0 la notevole partecipazione dell&#8217;Arcivescovo di Puebla, Monsignor V\u00edctor S\u00e1nchez, \u00e8 concepito come un cammino di fede e devozione verso Dio, pensato in preparazione alla celebrazione dell&#8217;anno 2033, commemorando l&#8217;anniversario della passione, morte e risurrezione di Cristo. <strong>L&#8217;Incontro Magdala<\/strong>, come nella sua precedente edizione, si basa su quattro pilastri fondamentali: Cantare, Camminare, Condividere e Festeggiare. Questo incontro riunisce i giovani e quei \u201cgiovani dentro\u201d che, attraverso pellegrinaggi, preghiere, canti e accompagnamento spirituale, cercano di sperimentare profondamente l&#8217;amore di Cristo. \u00c8 un&#8217;occasione unica per coltivare la fede e rafforzare il legame con la spiritualit\u00e0 cristiana.<\/p>\n<p><img loading=\"lazy\" decoding=\"async\" class=\"size-medium wp-image-100057 alignleft\" src=\"https:\/\/exaudi.org\/wp-content\/uploads\/2024\/05\/Imagen-de-WhatsApp-2024-05-08-a-las-20.08.24_ef9386fa-300x200.jpg\" alt=\"\" width=\"300\" height=\"200\" srcset=\"https:\/\/exaudi.org\/wp-content\/uploads\/2024\/05\/Imagen-de-WhatsApp-2024-05-08-a-las-20.08.24_ef9386fa-300x200.jpg 300w, https:\/\/exaudi.org\/wp-content\/uploads\/2024\/05\/Imagen-de-WhatsApp-2024-05-08-a-las-20.08.24_ef9386fa-360x240.jpg?crop=1 360w, https:\/\/exaudi.org\/wp-content\/uploads\/2024\/05\/Imagen-de-WhatsApp-2024-05-08-a-las-20.08.24_ef9386fa-500x333.jpg 500w, https:\/\/exaudi.org\/wp-content\/uploads\/2024\/05\/Imagen-de-WhatsApp-2024-05-08-a-las-20.08.24_ef9386fa-370x247.jpg 370w, https:\/\/exaudi.org\/wp-content\/uploads\/2024\/05\/Imagen-de-WhatsApp-2024-05-08-a-las-20.08.24_ef9386fa-293x195.jpg 293w, https:\/\/exaudi.org\/wp-content\/uploads\/2024\/05\/Imagen-de-WhatsApp-2024-05-08-a-las-20.08.24_ef9386fa-120x80.jpg 120w, https:\/\/exaudi.org\/wp-content\/uploads\/2024\/05\/Imagen-de-WhatsApp-2024-05-08-a-las-20.08.24_ef9386fa-240x160.jpg 240w, https:\/\/exaudi.org\/wp-content\/uploads\/2024\/05\/Imagen-de-WhatsApp-2024-05-08-a-las-20.08.24_ef9386fa-390x260.jpg 390w, https:\/\/exaudi.org\/wp-content\/uploads\/2024\/05\/Imagen-de-WhatsApp-2024-05-08-a-las-20.08.24_ef9386fa.jpg 512w\" sizes=\"auto, (max-width: 300px) 100vw, 300px\" \/>Durante <strong>l&#8217;Incontro Magdala<\/strong>, godremo di una notte di concerto unica, con la partecipazione di artisti di spicco come Jos\u00e9 Ignacio Mart\u00ednez e Paola Pablo, che eseguiranno l&#8217;inno \u201cInsegnaci a pregare\u201d del Pellegrinaggio di Preghiera. Avremo anche la presenza della talentuosa cantante Ana Bol\u00edvar, della comunit\u00e0 Cielo Abierto, e di Rogelio Casasola, riconosciuto per la sua emozionante canzone \u201cLluvia de Gracia\u201d, inno del Pellegrinaggio delle Grazie. Questa serata musicale ha lo scopo di immergere i pellegrini nell&#8217;atmosfera della Terra Santa attraverso accattivanti canti e video che verranno proiettati.<\/p>\n<p>L&#8217;itinerario dell&#8217;evento si evidenzia con la visita alla pittoresca citt\u00e0 di San Pedro Cholula, all&#8217;incantevole cittadina di Santa Mar\u00eda Tonantzintla e allo storico tempio di San Francisco Acatepec. Inoltre, comprende un significativo pellegrinaggio dal comune di Tecali de Herrera al comune di Cuautinchan. Le Celebrazioni Eucaristiche si svolgeranno nell&#8217;auditorium del Complesso Culturale Universitario della Benem\u00e9rita Universidad Aut\u00f3noma de Puebla (BUAP), accompagnate da discorsi spirituali, nonch\u00e9 da una notte di adorazione e lode<\/p>\n<p><em>\u201cPuebla \u00e8 stato un importante centro di irradiazione evangelica. Vi sorsero numerosi ordini e congregazioni religiose, come testimoniano le chiese del centro storico, i conventi, l&#8217;antico Collegio dei Gesuiti e la Cattedrale. Puebla \u00e8 stata fondamentale nella prima evangelizzazione del Nord America e l\u00ec \u00e8 avvenuta anche l\u2019evangelizzazione delle Filippine\u201d, <\/em>commenta padre Juan Mar\u00eda Solana, L.C., direttore generale di Magdala.<\/p>\n<p>Per maggiori informazioni e per partecipare \u00e8 necessario registrarsi <a href=\"https:\/\/bit.ly\/magdalaencounter2024\">sul sito<\/a>, scegliere l&#8217;esperienza desiderata ed effettuare il relativo pagamento con carta di credito. Una volta completata la registrazione, riceverai una email di conferma. Si precisa che l\u2019\u201cIncontro Magdala 2024\u201d non comprende l\u2019alloggio.<\/p>\n","protected":false},"excerpt":{"rendered":"<p>L&#8217;Incontro Magdala 2024 sar\u00e0 un cammino di fede e di amore per Dio, in preparazione alla celebrazione dell&#8217;anno 2033, anniversario della passione, morte e risurrezione di Cristo<\/p>\n","protected":false},"author":17,"featured_media":100060,"comment_status":"closed","ping_status":"closed","sticky":false,"template":"","format":"standard","meta":{"_acf_changed":false,"_crdt_document":"","inline_featured_image":false,"footnotes":""},"categories":[73],"tags":[1141,15040,1300,15036,4089,15038,819],"class_list":["post-100084","post","type-post","status-publish","format-standard","has-post-thumbnail","hentry","category-chiesa-e-mondo","tag-giovani","tag-incontro-magdala","tag-messico","tag-monsenor-victor-sanchez-2","tag-pellegrini","tag-puebla-2","tag-terra-santa"],"acf":[],"yoast_head":"<!-- This site is optimized with the Yoast SEO plugin v27.5 - https:\/\/yoast.com\/product\/yoast-seo-wordpress\/ -->\n<title>Vivi la Terra Santa dal Messico con Magdala &#8211; Exaudi<\/title>\n<meta name=\"robots\" content=\"index, follow, max-snippet:-1, max-image-preview:large, max-video-preview:-1\" \/>\n<link rel=\"canonical\" href=\"https:\/\/exaudi.org\/it\/vivi-la-terra-santa-dal-messico-con-magdala\/\" \/>\n<meta property=\"og:locale\" content=\"it_IT\" \/>\n<meta property=\"og:type\" content=\"article\" \/>\n<meta property=\"og:title\" content=\"Vivi la Terra Santa dal Messico con Magdala &#8211; Exaudi\" \/>\n<meta property=\"og:description\" content=\"L&#039;Incontro Magdala 2024 sar\u00e0 un cammino di fede e di amore per Dio, in preparazione alla celebrazione dell&#039;anno 2033, anniversario della passione, morte e risurrezione di Cristo\" \/>\n<meta property=\"og:url\" content=\"https:\/\/exaudi.org\/it\/vivi-la-terra-santa-dal-messico-con-magdala\/\" \/>\n<meta property=\"og:site_name\" content=\"Exaudi\" \/>\n<meta property=\"article:publisher\" content=\"https:\/\/www.facebook.com\/ExaudiNews\" \/>\n<meta property=\"article:author\" content=\"https:\/\/www.facebook.com\/ExaudiNotizie\/\" \/>\n<meta property=\"article:published_time\" content=\"2024-05-09T17:31:34+00:00\" \/>\n<meta property=\"article:modified_time\" content=\"2024-05-09T17:32:48+00:00\" \/>\n<meta property=\"og:image\" content=\"https:\/\/exaudi.org\/wp-content\/uploads\/2024\/05\/Imagen-de-WhatsApp-2024-05-08-a-las-20.08.24_d850f6fa.jpg\" \/>\n\t<meta property=\"og:image:width\" content=\"1600\" \/>\n\t<meta property=\"og:image:height\" content=\"1066\" \/>\n\t<meta property=\"og:image:type\" content=\"image\/jpeg\" \/>\n<meta name=\"author\" content=\"Exaudi Redazione\" \/>\n<meta name=\"twitter:card\" content=\"summary_large_image\" \/>\n<meta name=\"twitter:creator\" content=\"@Exaudi_Notizie\" \/>\n<meta name=\"twitter:site\" content=\"@Exaudi_News\" \/>\n<meta name=\"twitter:label1\" content=\"Scritto da\" \/>\n\t<meta name=\"twitter:data1\" content=\"Exaudi Redazione\" \/>\n\t<meta name=\"twitter:label2\" content=\"Tempo di lettura stimato\" \/>\n\t<meta name=\"twitter:data2\" content=\"2 minuti\" \/>\n<script type=\"application\/ld+json\" class=\"yoast-schema-graph\">{\"@context\":\"https:\\\/\\\/schema.org\",\"@graph\":[{\"@type\":\"Article\",\"@id\":\"https:\\\/\\\/exaudi.org\\\/it\\\/vivi-la-terra-santa-dal-messico-con-magdala\\\/#article\",\"isPartOf\":{\"@id\":\"https:\\\/\\\/exaudi.org\\\/it\\\/vivi-la-terra-santa-dal-messico-con-magdala\\\/\"},\"author\":{\"name\":\"Exaudi Redazione\",\"@id\":\"https:\\\/\\\/exaudi.org\\\/#\\\/schema\\\/person\\\/e1ab6ed07c01774724dd96f925f3a5f0\"},\"headline\":\"Vivi la Terra Santa dal Messico con Magdala\",\"datePublished\":\"2024-05-09T17:31:34+00:00\",\"dateModified\":\"2024-05-09T17:32:48+00:00\",\"mainEntityOfPage\":{\"@id\":\"https:\\\/\\\/exaudi.org\\\/it\\\/vivi-la-terra-santa-dal-messico-con-magdala\\\/\"},\"wordCount\":510,\"image\":{\"@id\":\"https:\\\/\\\/exaudi.org\\\/it\\\/vivi-la-terra-santa-dal-messico-con-magdala\\\/#primaryimage\"},\"thumbnailUrl\":\"https:\\\/\\\/exaudi.org\\\/wp-content\\\/uploads\\\/2024\\\/05\\\/Imagen-de-WhatsApp-2024-05-08-a-las-20.08.24_d850f6fa.jpg\",\"keywords\":[\"giovani\",\"INCONTRO MAGDALA\",\"Messico\",\"MONSE\u00d1OR V\u00cdCTOR S\u00c1NCHEZ\",\"pellegrini\",\"PUEBLA\",\"Terra Santa\"],\"articleSection\":[\"Chiesa e Mondo\"],\"inLanguage\":\"it-IT\"},{\"@type\":\"WebPage\",\"@id\":\"https:\\\/\\\/exaudi.org\\\/it\\\/vivi-la-terra-santa-dal-messico-con-magdala\\\/\",\"url\":\"https:\\\/\\\/exaudi.org\\\/it\\\/vivi-la-terra-santa-dal-messico-con-magdala\\\/\",\"name\":\"Vivi la Terra Santa dal Messico con Magdala &#8211; Exaudi\",\"isPartOf\":{\"@id\":\"https:\\\/\\\/exaudi.org\\\/#website\"},\"primaryImageOfPage\":{\"@id\":\"https:\\\/\\\/exaudi.org\\\/it\\\/vivi-la-terra-santa-dal-messico-con-magdala\\\/#primaryimage\"},\"image\":{\"@id\":\"https:\\\/\\\/exaudi.org\\\/it\\\/vivi-la-terra-santa-dal-messico-con-magdala\\\/#primaryimage\"},\"thumbnailUrl\":\"https:\\\/\\\/exaudi.org\\\/wp-content\\\/uploads\\\/2024\\\/05\\\/Imagen-de-WhatsApp-2024-05-08-a-las-20.08.24_d850f6fa.jpg\",\"datePublished\":\"2024-05-09T17:31:34+00:00\",\"dateModified\":\"2024-05-09T17:32:48+00:00\",\"author\":{\"@id\":\"https:\\\/\\\/exaudi.org\\\/#\\\/schema\\\/person\\\/e1ab6ed07c01774724dd96f925f3a5f0\"},\"breadcrumb\":{\"@id\":\"https:\\\/\\\/exaudi.org\\\/it\\\/vivi-la-terra-santa-dal-messico-con-magdala\\\/#breadcrumb\"},\"inLanguage\":\"it-IT\",\"potentialAction\":[{\"@type\":\"ReadAction\",\"target\":[\"https:\\\/\\\/exaudi.org\\\/it\\\/vivi-la-terra-santa-dal-messico-con-magdala\\\/\"]}]},{\"@type\":\"ImageObject\",\"inLanguage\":\"it-IT\",\"@id\":\"https:\\\/\\\/exaudi.org\\\/it\\\/vivi-la-terra-santa-dal-messico-con-magdala\\\/#primaryimage\",\"url\":\"https:\\\/\\\/exaudi.org\\\/wp-content\\\/uploads\\\/2024\\\/05\\\/Imagen-de-WhatsApp-2024-05-08-a-las-20.08.24_d850f6fa.jpg\",\"contentUrl\":\"https:\\\/\\\/exaudi.org\\\/wp-content\\\/uploads\\\/2024\\\/05\\\/Imagen-de-WhatsApp-2024-05-08-a-las-20.08.24_d850f6fa.jpg\",\"width\":1600,\"height\":1066},{\"@type\":\"BreadcrumbList\",\"@id\":\"https:\\\/\\\/exaudi.org\\\/it\\\/vivi-la-terra-santa-dal-messico-con-magdala\\\/#breadcrumb\",\"itemListElement\":[{\"@type\":\"ListItem\",\"position\":1,\"name\":\"Portada\",\"item\":\"https:\\\/\\\/exaudi.org\\\/it\\\/\"},{\"@type\":\"ListItem\",\"position\":2,\"name\":\"Vivi la Terra Santa dal Messico con Magdala\"}]},{\"@type\":\"WebSite\",\"@id\":\"https:\\\/\\\/exaudi.org\\\/#website\",\"url\":\"https:\\\/\\\/exaudi.org\\\/\",\"name\":\"Exaudi\",\"description\":\"News\",\"potentialAction\":[{\"@type\":\"SearchAction\",\"target\":{\"@type\":\"EntryPoint\",\"urlTemplate\":\"https:\\\/\\\/exaudi.org\\\/?s={search_term_string}\"},\"query-input\":{\"@type\":\"PropertyValueSpecification\",\"valueRequired\":true,\"valueName\":\"search_term_string\"}}],\"inLanguage\":\"it-IT\"},{\"@type\":\"Person\",\"@id\":\"https:\\\/\\\/exaudi.org\\\/#\\\/schema\\\/person\\\/e1ab6ed07c01774724dd96f925f3a5f0\",\"name\":\"Exaudi Redazione\",\"image\":{\"@type\":\"ImageObject\",\"inLanguage\":\"it-IT\",\"@id\":\"https:\\\/\\\/secure.gravatar.com\\\/avatar\\\/ad6774b3ada023bf5b939d64f45c94b3adf91502dd883507d469b4308a943bb3?s=96&d=mm&r=g\",\"url\":\"https:\\\/\\\/secure.gravatar.com\\\/avatar\\\/ad6774b3ada023bf5b939d64f45c94b3adf91502dd883507d469b4308a943bb3?s=96&d=mm&r=g\",\"contentUrl\":\"https:\\\/\\\/secure.gravatar.com\\\/avatar\\\/ad6774b3ada023bf5b939d64f45c94b3adf91502dd883507d469b4308a943bb3?s=96&d=mm&r=g\",\"caption\":\"Exaudi Redazione\"},\"description\":\"Che cosa \u00e8 Exaudi News? Exaudi News \u00e8 un agenzia cattolica internazionale che informa, istruisce e trasforma quotidianamente in spagnolo, inglese e italiano. Attraverso notizie, articoli di analisi e trasmissioni in diretta degli eventi del Papa, Exaudi cerca di rafforzare l'unit\u00e0 dei cristiani e di contribuire all'evangelizzazione del mondo, sempre guidato dalla dottrina sociale della Chiesa. Lavoriamo per portare la verit\u00e0 e i valori cristiani in ogni angolo del pianeta. Aiutaci a trasformare il mondo con Exaudi! Noi di Exaudi crediamo che l'evangelizzazione e l'informazione di qualit\u00e0 possano cambiare la vita. Per continuare la nostra missione ed espandere la nostra portata, abbiamo bisogno del tuo aiuto. Stiamo anche cercando persone motivate che vogliano unirsi al nostro team. Grazie al vostro sostegno raggiungeremo pi\u00f9 persone, diffonderemo il messaggio di Cristo e rafforzeremo l'unit\u00e0 dei cristiani. Vuoi unirti alla nostra missione? Per maggiori informazioni su come contribuire, visita Exaudi.org\\\/it o contattaci direttamente: info@exaudi.org Exaudi: informa, forma e trasforma.\",\"sameAs\":[\"https:\\\/\\\/www.facebook.com\\\/ExaudiNotizie\\\/\",\"https:\\\/\\\/www.instagram.com\\\/Exaudi_notizie\\\/\",\"https:\\\/\\\/x.com\\\/Exaudi_Notizie\",\"https:\\\/\\\/www.youtube.com\\\/@exaudicatholicnews\"],\"url\":\"https:\\\/\\\/exaudi.org\\\/it\\\/author\\\/dlvedi-org\\\/\"}]}<\/script>\n<!-- \/ Yoast SEO plugin. -->","yoast_head_json":{"title":"Vivi la Terra Santa dal Messico con Magdala &#8211; Exaudi","robots":{"index":"index","follow":"follow","max-snippet":"max-snippet:-1","max-image-preview":"max-image-preview:large","max-video-preview":"max-video-preview:-1"},"canonical":"https:\/\/exaudi.org\/it\/vivi-la-terra-santa-dal-messico-con-magdala\/","og_locale":"it_IT","og_type":"article","og_title":"Vivi la Terra Santa dal Messico con Magdala &#8211; Exaudi","og_description":"L'Incontro Magdala 2024 sar\u00e0 un cammino di fede e di amore per Dio, in preparazione alla celebrazione dell'anno 2033, anniversario della passione, morte e risurrezione di Cristo","og_url":"https:\/\/exaudi.org\/it\/vivi-la-terra-santa-dal-messico-con-magdala\/","og_site_name":"Exaudi","article_publisher":"https:\/\/www.facebook.com\/ExaudiNews","article_author":"https:\/\/www.facebook.com\/ExaudiNotizie\/","article_published_time":"2024-05-09T17:31:34+00:00","article_modified_time":"2024-05-09T17:32:48+00:00","og_image":[{"width":1600,"height":1066,"url":"https:\/\/exaudi.org\/wp-content\/uploads\/2024\/05\/Imagen-de-WhatsApp-2024-05-08-a-las-20.08.24_d850f6fa.jpg","type":"image\/jpeg"}],"author":"Exaudi Redazione","twitter_card":"summary_large_image","twitter_creator":"@Exaudi_Notizie","twitter_site":"@Exaudi_News","twitter_misc":{"Scritto da":"Exaudi Redazione","Tempo di lettura stimato":"2 minuti"},"schema":{"@context":"https:\/\/schema.org","@graph":[{"@type":"Article","@id":"https:\/\/exaudi.org\/it\/vivi-la-terra-santa-dal-messico-con-magdala\/#article","isPartOf":{"@id":"https:\/\/exaudi.org\/it\/vivi-la-terra-santa-dal-messico-con-magdala\/"},"author":{"name":"Exaudi Redazione","@id":"https:\/\/exaudi.org\/#\/schema\/person\/e1ab6ed07c01774724dd96f925f3a5f0"},"headline":"Vivi la Terra Santa dal Messico con Magdala","datePublished":"2024-05-09T17:31:34+00:00","dateModified":"2024-05-09T17:32:48+00:00","mainEntityOfPage":{"@id":"https:\/\/exaudi.org\/it\/vivi-la-terra-santa-dal-messico-con-magdala\/"},"wordCount":510,"image":{"@id":"https:\/\/exaudi.org\/it\/vivi-la-terra-santa-dal-messico-con-magdala\/#primaryimage"},"thumbnailUrl":"https:\/\/exaudi.org\/wp-content\/uploads\/2024\/05\/Imagen-de-WhatsApp-2024-05-08-a-las-20.08.24_d850f6fa.jpg","keywords":["giovani","INCONTRO MAGDALA","Messico","MONSE\u00d1OR V\u00cdCTOR S\u00c1NCHEZ","pellegrini","PUEBLA","Terra Santa"],"articleSection":["Chiesa e Mondo"],"inLanguage":"it-IT"},{"@type":"WebPage","@id":"https:\/\/exaudi.org\/it\/vivi-la-terra-santa-dal-messico-con-magdala\/","url":"https:\/\/exaudi.org\/it\/vivi-la-terra-santa-dal-messico-con-magdala\/","name":"Vivi la Terra Santa dal Messico con Magdala &#8211; Exaudi","isPartOf":{"@id":"https:\/\/exaudi.org\/#website"},"primaryImageOfPage":{"@id":"https:\/\/exaudi.org\/it\/vivi-la-terra-santa-dal-messico-con-magdala\/#primaryimage"},"image":{"@id":"https:\/\/exaudi.org\/it\/vivi-la-terra-santa-dal-messico-con-magdala\/#primaryimage"},"thumbnailUrl":"https:\/\/exaudi.org\/wp-content\/uploads\/2024\/05\/Imagen-de-WhatsApp-2024-05-08-a-las-20.08.24_d850f6fa.jpg","datePublished":"2024-05-09T17:31:34+00:00","dateModified":"2024-05-09T17:32:48+00:00","author":{"@id":"https:\/\/exaudi.org\/#\/schema\/person\/e1ab6ed07c01774724dd96f925f3a5f0"},"breadcrumb":{"@id":"https:\/\/exaudi.org\/it\/vivi-la-terra-santa-dal-messico-con-magdala\/#breadcrumb"},"inLanguage":"it-IT","potentialAction":[{"@type":"ReadAction","target":["https:\/\/exaudi.org\/it\/vivi-la-terra-santa-dal-messico-con-magdala\/"]}]},{"@type":"ImageObject","inLanguage":"it-IT","@id":"https:\/\/exaudi.org\/it\/vivi-la-terra-santa-dal-messico-con-magdala\/#primaryimage","url":"https:\/\/exaudi.org\/wp-content\/uploads\/2024\/05\/Imagen-de-WhatsApp-2024-05-08-a-las-20.08.24_d850f6fa.jpg","contentUrl":"https:\/\/exaudi.org\/wp-content\/uploads\/2024\/05\/Imagen-de-WhatsApp-2024-05-08-a-las-20.08.24_d850f6fa.jpg","width":1600,"height":1066},{"@type":"BreadcrumbList","@id":"https:\/\/exaudi.org\/it\/vivi-la-terra-santa-dal-messico-con-magdala\/#breadcrumb","itemListElement":[{"@type":"ListItem","position":1,"name":"Portada","item":"https:\/\/exaudi.org\/it\/"},{"@type":"ListItem","position":2,"name":"Vivi la Terra Santa dal Messico con Magdala"}]},{"@type":"WebSite","@id":"https:\/\/exaudi.org\/#website","url":"https:\/\/exaudi.org\/","name":"Exaudi","description":"News","potentialAction":[{"@type":"SearchAction","target":{"@type":"EntryPoint","urlTemplate":"https:\/\/exaudi.org\/?s={search_term_string}"},"query-input":{"@type":"PropertyValueSpecification","valueRequired":true,"valueName":"search_term_string"}}],"inLanguage":"it-IT"},{"@type":"Person","@id":"https:\/\/exaudi.org\/#\/schema\/person\/e1ab6ed07c01774724dd96f925f3a5f0","name":"Exaudi Redazione","image":{"@type":"ImageObject","inLanguage":"it-IT","@id":"https:\/\/secure.gravatar.com\/avatar\/ad6774b3ada023bf5b939d64f45c94b3adf91502dd883507d469b4308a943bb3?s=96&d=mm&r=g","url":"https:\/\/secure.gravatar.com\/avatar\/ad6774b3ada023bf5b939d64f45c94b3adf91502dd883507d469b4308a943bb3?s=96&d=mm&r=g","contentUrl":"https:\/\/secure.gravatar.com\/avatar\/ad6774b3ada023bf5b939d64f45c94b3adf91502dd883507d469b4308a943bb3?s=96&d=mm&r=g","caption":"Exaudi Redazione"},"description":"Che cosa \u00e8 Exaudi News? Exaudi News \u00e8 un agenzia cattolica internazionale che informa, istruisce e trasforma quotidianamente in spagnolo, inglese e italiano. Attraverso notizie, articoli di analisi e trasmissioni in diretta degli eventi del Papa, Exaudi cerca di rafforzare l'unit\u00e0 dei cristiani e di contribuire all'evangelizzazione del mondo, sempre guidato dalla dottrina sociale della Chiesa. Lavoriamo per portare la verit\u00e0 e i valori cristiani in ogni angolo del pianeta. Aiutaci a trasformare il mondo con Exaudi! Noi di Exaudi crediamo che l'evangelizzazione e l'informazione di qualit\u00e0 possano cambiare la vita. Per continuare la nostra missione ed espandere la nostra portata, abbiamo bisogno del tuo aiuto. Stiamo anche cercando persone motivate che vogliano unirsi al nostro team. Grazie al vostro sostegno raggiungeremo pi\u00f9 persone, diffonderemo il messaggio di Cristo e rafforzeremo l'unit\u00e0 dei cristiani. Vuoi unirti alla nostra missione? Per maggiori informazioni su come contribuire, visita Exaudi.org\/it o contattaci direttamente: info@exaudi.org Exaudi: informa, forma e trasforma.","sameAs":["https:\/\/www.facebook.com\/ExaudiNotizie\/","https:\/\/www.instagram.com\/Exaudi_notizie\/","https:\/\/x.com\/Exaudi_Notizie","https:\/\/www.youtube.com\/@exaudicatholicnews"],"url":"https:\/\/exaudi.org\/it\/author\/dlvedi-org\/"}]}},"jetpack_featured_media_url":"https:\/\/exaudi.org\/wp-content\/uploads\/2024\/05\/Imagen-de-WhatsApp-2024-05-08-a-las-20.08.24_d850f6fa.jpg","jetpack_shortlink":"https:\/\/wp.me\/pgKjF2-q2g","_links":{"self":[{"href":"https:\/\/exaudi.org\/it\/wp-json\/wp\/v2\/posts\/100084","targetHints":{"allow":["GET"]}}],"collection":[{"href":"https:\/\/exaudi.org\/it\/wp-json\/wp\/v2\/posts"}],"about":[{"href":"https:\/\/exaudi.org\/it\/wp-json\/wp\/v2\/types\/post"}],"author":[{"embeddable":true,"href":"https:\/\/exaudi.org\/it\/wp-json\/wp\/v2\/users\/17"}],"replies":[{"embeddable":true,"href":"https:\/\/exaudi.org\/it\/wp-json\/wp\/v2\/comments?post=100084"}],"version-history":[{"count":0,"href":"https:\/\/exaudi.org\/it\/wp-json\/wp\/v2\/posts\/100084\/revisions"}],"wp:featuredmedia":[{"embeddable":true,"href":"https:\/\/exaudi.org\/it\/wp-json\/wp\/v2\/media\/100060"}],"wp:attachment":[{"href":"https:\/\/exaudi.org\/it\/wp-json\/wp\/v2\/media?parent=100084"}],"wp:term":[{"taxonomy":"category","embeddable":true,"href":"https:\/\/exaudi.org\/it\/wp-json\/wp\/v2\/categories?post=100084"},{"taxonomy":"post_tag","embeddable":true,"href":"https:\/\/exaudi.org\/it\/wp-json\/wp\/v2\/tags?post=100084"}],"curies":[{"name":"wp","href":"https:\/\/api.w.org\/{rel}","templated":true}]}}