{"id":100072,"date":"2024-05-09T18:07:19","date_gmt":"2024-05-09T16:07:19","guid":{"rendered":"https:\/\/exaudi.org\/?p=100072"},"modified":"2024-05-09T18:07:19","modified_gmt":"2024-05-09T16:07:19","slug":"santisaia-9-maggio","status":"publish","type":"post","link":"https:\/\/exaudi.org\/it\/santisaia-9-maggio\/","title":{"rendered":"Sant&#8217;Isaia, 9 maggio"},"content":{"rendered":"<p>Sant&#8217;Isaia nacque in una nobile trib\u00f9 d&#8217;Israele intorno al 770 aC, inviato da Dio per rivelare al popolo infedele e peccatore la fedelt\u00e0 e la salvezza del Signore in adempimento della promessa fatta da Dio a Davide. Un tempo la tradizione diceva che sarebbe vissuto pi\u00f9 di un secolo e che le sue profezie coprivano circa cinquant&#8217;anni della storia di Israele, ma la critica testuale cattolica moderna afferma che furono gli eredi del suo spirito che, attraverso varie integrazioni, diedero l&#8217;attuale forma finale al primo testo originale.<\/p>\n<h3><strong>La chiamata di Dio arriva in una visione<\/strong><\/h3>\n<p>Le vie del Signore sono infinite, cos\u00ec come sono infinite le modalit\u00e0 con cui ci chiama a servirlo: nel caso di sant&#8217;Isaia, Dio viene in visione per affidargli la sua missione. Il futuro profeta vede il Signore seduto su un grande trono nel Tempio, circondato da cherubini, uno dei quali prende un carbone ardente dall&#8217;altare e con esso tocca la bocca di Isaia, &#8220;purificandolo&#8221; dal peccato. Allora Dio stesso prende la parola e manda Isaia a predicare la verit\u00e0 al popolo eletto. (Is 6,1-13).<\/p>\n<h3><strong>Il carisma profetico<\/strong><\/h3>\n<p>Gli oracoli profetici attribuiti al primo Isaia iniziano intorno al 740 aC, sotto il regno di Ozia: Isaia annuncia la caduta di Israele in un periodo storico che coincide con l&#8217;avanzata dell&#8217;impero assiro verso occidente. (Is 1-5) Gli oracoli narrati nella prima parte del libro di Isaia custodiscono i regni di Ioatan, Achaz, Ezechia e infine Manasse. Quando Ezechia, ad esempio, si allea con gli egiziani contro il crescente potere degli assiri, Isaia si oppone a loro e profetizza la distruzione del regno, esortando i governanti a non cercare alleanze tra loro, ma a rivolgersi solo a Dio. (Is 28-32) Il libro profetico di Isaia \u00e8 composto da 66 capitoli divisi in tre parti. Nella seconda parte del libro, detta &#8220;della consolazione&#8221;, non solo Isaia non viene mai nominato, ma le vicende narrate sono di due secoli dopo. Oltre a ci\u00f2, la bellezza e la chiarezza dei testi ha fatto pensare agli esegeti che pi\u00f9 che previsioni di eventi futuri si tratta di ulteriori rielaborazioni teologiche di eventi passati. (\u00c8 40-55). In diverse parti del libro si parla anche della venuta del Messia liberatore (Is 32,1-5; 61,1-3), prefigurandone la nascita e le sue opere (Is 2,1-5; 7,10- 17,9,1-6; 11,1-9; 28,16-17) e fino alla passione e morte. (Is 42,1-4;49.1-6;52.13-15).<\/p>\n<h3><strong>Morte come martire<\/strong><\/h3>\n<p>Quando il regno di Giuda passa nelle mani di Manasse, Isaia \u00e8 preoccupato: il nuovo re \u00e8 empio e crudele, perch\u00e9 \u00e8 caduto nell&#8217;idolatria. Il Signore allora manda il profeta a chiamarlo ad adorare l&#8217;unico vero Dio e a pentirsi dei suoi peccati. Siamo nell&#8217;anno 681 a.C. Manasse, per\u00f2, non ascolta Isaia e, secondo i vangeli apocrifi, lo condanna a una morte atroce: per questo il santo profeta \u00e8 venerato in molti luoghi anche come martire.<\/p>\n","protected":false},"excerpt":{"rendered":"<p>Profeta<\/p>\n","protected":false},"author":17,"featured_media":100003,"comment_status":"closed","ping_status":"closed","sticky":false,"template":"","format":"standard","meta":{"_acf_changed":false,"_crdt_document":"","inline_featured_image":false,"footnotes":""},"categories":[73],"tags":[15022,15023,11810],"class_list":["post-100072","post","type-post","status-publish","format-standard","has-post-thumbnail","hentry","category-chiesa-e-mondo","tag-profeta-2","tag-santisaia","tag-santoral-4"],"acf":[],"yoast_head":"<!-- This site is optimized with the Yoast SEO plugin v27.4 - https:\/\/yoast.com\/product\/yoast-seo-wordpress\/ -->\n<title>Sant&#039;Isaia, 9 maggio &#8211; Exaudi<\/title>\n<meta name=\"robots\" content=\"index, follow, max-snippet:-1, max-image-preview:large, max-video-preview:-1\" \/>\n<link rel=\"canonical\" href=\"https:\/\/exaudi.org\/it\/santisaia-9-maggio\/\" \/>\n<meta property=\"og:locale\" content=\"it_IT\" \/>\n<meta property=\"og:type\" content=\"article\" \/>\n<meta property=\"og:title\" content=\"Sant&#039;Isaia, 9 maggio &#8211; Exaudi\" \/>\n<meta property=\"og:description\" content=\"Profeta\" \/>\n<meta property=\"og:url\" content=\"https:\/\/exaudi.org\/it\/santisaia-9-maggio\/\" \/>\n<meta property=\"og:site_name\" content=\"Exaudi\" \/>\n<meta property=\"article:publisher\" content=\"https:\/\/www.facebook.com\/ExaudiNews\" \/>\n<meta property=\"article:author\" content=\"https:\/\/www.facebook.com\/ExaudiNotizie\/\" \/>\n<meta property=\"article:published_time\" content=\"2024-05-09T16:07:19+00:00\" \/>\n<meta property=\"og:image\" content=\"https:\/\/exaudi.org\/wp-content\/uploads\/2024\/05\/Isaias-Profeta.jpg\" \/>\n\t<meta property=\"og:image:width\" content=\"800\" \/>\n\t<meta property=\"og:image:height\" content=\"600\" \/>\n\t<meta property=\"og:image:type\" content=\"image\/jpeg\" \/>\n<meta name=\"author\" content=\"Exaudi Redazione\" \/>\n<meta name=\"twitter:card\" content=\"summary_large_image\" \/>\n<meta name=\"twitter:creator\" content=\"@Exaudi_Notizie\" \/>\n<meta name=\"twitter:site\" content=\"@Exaudi_News\" \/>\n<meta name=\"twitter:label1\" content=\"Scritto da\" \/>\n\t<meta name=\"twitter:data1\" content=\"Exaudi Redazione\" \/>\n\t<meta name=\"twitter:label2\" content=\"Tempo di lettura stimato\" \/>\n\t<meta name=\"twitter:data2\" content=\"2 minuti\" \/>\n<script type=\"application\/ld+json\" class=\"yoast-schema-graph\">{\"@context\":\"https:\\\/\\\/schema.org\",\"@graph\":[{\"@type\":\"Article\",\"@id\":\"https:\\\/\\\/exaudi.org\\\/it\\\/santisaia-9-maggio\\\/#article\",\"isPartOf\":{\"@id\":\"https:\\\/\\\/exaudi.org\\\/it\\\/santisaia-9-maggio\\\/\"},\"author\":{\"name\":\"Exaudi Redazione\",\"@id\":\"https:\\\/\\\/exaudi.org\\\/#\\\/schema\\\/person\\\/e1ab6ed07c01774724dd96f925f3a5f0\"},\"headline\":\"Sant&#8217;Isaia, 9 maggio\",\"datePublished\":\"2024-05-09T16:07:19+00:00\",\"mainEntityOfPage\":{\"@id\":\"https:\\\/\\\/exaudi.org\\\/it\\\/santisaia-9-maggio\\\/\"},\"wordCount\":476,\"image\":{\"@id\":\"https:\\\/\\\/exaudi.org\\\/it\\\/santisaia-9-maggio\\\/#primaryimage\"},\"thumbnailUrl\":\"https:\\\/\\\/exaudi.org\\\/wp-content\\\/uploads\\\/2024\\\/05\\\/Isaias-Profeta.jpg\",\"keywords\":[\"PROFETA\",\"SANT'ISAIA\",\"SANTORAL\"],\"articleSection\":[\"Chiesa e Mondo\"],\"inLanguage\":\"it-IT\"},{\"@type\":\"WebPage\",\"@id\":\"https:\\\/\\\/exaudi.org\\\/it\\\/santisaia-9-maggio\\\/\",\"url\":\"https:\\\/\\\/exaudi.org\\\/it\\\/santisaia-9-maggio\\\/\",\"name\":\"Sant'Isaia, 9 maggio &#8211; Exaudi\",\"isPartOf\":{\"@id\":\"https:\\\/\\\/exaudi.org\\\/#website\"},\"primaryImageOfPage\":{\"@id\":\"https:\\\/\\\/exaudi.org\\\/it\\\/santisaia-9-maggio\\\/#primaryimage\"},\"image\":{\"@id\":\"https:\\\/\\\/exaudi.org\\\/it\\\/santisaia-9-maggio\\\/#primaryimage\"},\"thumbnailUrl\":\"https:\\\/\\\/exaudi.org\\\/wp-content\\\/uploads\\\/2024\\\/05\\\/Isaias-Profeta.jpg\",\"datePublished\":\"2024-05-09T16:07:19+00:00\",\"author\":{\"@id\":\"https:\\\/\\\/exaudi.org\\\/#\\\/schema\\\/person\\\/e1ab6ed07c01774724dd96f925f3a5f0\"},\"breadcrumb\":{\"@id\":\"https:\\\/\\\/exaudi.org\\\/it\\\/santisaia-9-maggio\\\/#breadcrumb\"},\"inLanguage\":\"it-IT\",\"potentialAction\":[{\"@type\":\"ReadAction\",\"target\":[\"https:\\\/\\\/exaudi.org\\\/it\\\/santisaia-9-maggio\\\/\"]}]},{\"@type\":\"ImageObject\",\"inLanguage\":\"it-IT\",\"@id\":\"https:\\\/\\\/exaudi.org\\\/it\\\/santisaia-9-maggio\\\/#primaryimage\",\"url\":\"https:\\\/\\\/exaudi.org\\\/wp-content\\\/uploads\\\/2024\\\/05\\\/Isaias-Profeta.jpg\",\"contentUrl\":\"https:\\\/\\\/exaudi.org\\\/wp-content\\\/uploads\\\/2024\\\/05\\\/Isaias-Profeta.jpg\",\"width\":800,\"height\":600},{\"@type\":\"BreadcrumbList\",\"@id\":\"https:\\\/\\\/exaudi.org\\\/it\\\/santisaia-9-maggio\\\/#breadcrumb\",\"itemListElement\":[{\"@type\":\"ListItem\",\"position\":1,\"name\":\"Portada\",\"item\":\"https:\\\/\\\/exaudi.org\\\/it\\\/\"},{\"@type\":\"ListItem\",\"position\":2,\"name\":\"Sant&#8217;Isaia, 9 maggio\"}]},{\"@type\":\"WebSite\",\"@id\":\"https:\\\/\\\/exaudi.org\\\/#website\",\"url\":\"https:\\\/\\\/exaudi.org\\\/\",\"name\":\"Exaudi\",\"description\":\"News\",\"potentialAction\":[{\"@type\":\"SearchAction\",\"target\":{\"@type\":\"EntryPoint\",\"urlTemplate\":\"https:\\\/\\\/exaudi.org\\\/?s={search_term_string}\"},\"query-input\":{\"@type\":\"PropertyValueSpecification\",\"valueRequired\":true,\"valueName\":\"search_term_string\"}}],\"inLanguage\":\"it-IT\"},{\"@type\":\"Person\",\"@id\":\"https:\\\/\\\/exaudi.org\\\/#\\\/schema\\\/person\\\/e1ab6ed07c01774724dd96f925f3a5f0\",\"name\":\"Exaudi Redazione\",\"image\":{\"@type\":\"ImageObject\",\"inLanguage\":\"it-IT\",\"@id\":\"https:\\\/\\\/secure.gravatar.com\\\/avatar\\\/ad6774b3ada023bf5b939d64f45c94b3adf91502dd883507d469b4308a943bb3?s=96&d=mm&r=g\",\"url\":\"https:\\\/\\\/secure.gravatar.com\\\/avatar\\\/ad6774b3ada023bf5b939d64f45c94b3adf91502dd883507d469b4308a943bb3?s=96&d=mm&r=g\",\"contentUrl\":\"https:\\\/\\\/secure.gravatar.com\\\/avatar\\\/ad6774b3ada023bf5b939d64f45c94b3adf91502dd883507d469b4308a943bb3?s=96&d=mm&r=g\",\"caption\":\"Exaudi Redazione\"},\"description\":\"Che cosa \u00e8 Exaudi News? Exaudi News \u00e8 un agenzia cattolica internazionale che informa, istruisce e trasforma quotidianamente in spagnolo, inglese e italiano. Attraverso notizie, articoli di analisi e trasmissioni in diretta degli eventi del Papa, Exaudi cerca di rafforzare l'unit\u00e0 dei cristiani e di contribuire all'evangelizzazione del mondo, sempre guidato dalla dottrina sociale della Chiesa. Lavoriamo per portare la verit\u00e0 e i valori cristiani in ogni angolo del pianeta. Aiutaci a trasformare il mondo con Exaudi! Noi di Exaudi crediamo che l'evangelizzazione e l'informazione di qualit\u00e0 possano cambiare la vita. Per continuare la nostra missione ed espandere la nostra portata, abbiamo bisogno del tuo aiuto. Stiamo anche cercando persone motivate che vogliano unirsi al nostro team. Grazie al vostro sostegno raggiungeremo pi\u00f9 persone, diffonderemo il messaggio di Cristo e rafforzeremo l'unit\u00e0 dei cristiani. Vuoi unirti alla nostra missione? Per maggiori informazioni su come contribuire, visita Exaudi.org\\\/it o contattaci direttamente: info@exaudi.org Exaudi: informa, forma e trasforma.\",\"sameAs\":[\"https:\\\/\\\/www.facebook.com\\\/ExaudiNotizie\\\/\",\"https:\\\/\\\/www.instagram.com\\\/Exaudi_notizie\\\/\",\"https:\\\/\\\/x.com\\\/Exaudi_Notizie\",\"https:\\\/\\\/www.youtube.com\\\/@exaudicatholicnews\"],\"url\":\"https:\\\/\\\/exaudi.org\\\/it\\\/author\\\/dlvedi-org\\\/\"}]}<\/script>\n<!-- \/ Yoast SEO plugin. -->","yoast_head_json":{"title":"Sant'Isaia, 9 maggio &#8211; Exaudi","robots":{"index":"index","follow":"follow","max-snippet":"max-snippet:-1","max-image-preview":"max-image-preview:large","max-video-preview":"max-video-preview:-1"},"canonical":"https:\/\/exaudi.org\/it\/santisaia-9-maggio\/","og_locale":"it_IT","og_type":"article","og_title":"Sant'Isaia, 9 maggio &#8211; Exaudi","og_description":"Profeta","og_url":"https:\/\/exaudi.org\/it\/santisaia-9-maggio\/","og_site_name":"Exaudi","article_publisher":"https:\/\/www.facebook.com\/ExaudiNews","article_author":"https:\/\/www.facebook.com\/ExaudiNotizie\/","article_published_time":"2024-05-09T16:07:19+00:00","og_image":[{"width":800,"height":600,"url":"https:\/\/exaudi.org\/wp-content\/uploads\/2024\/05\/Isaias-Profeta.jpg","type":"image\/jpeg"}],"author":"Exaudi Redazione","twitter_card":"summary_large_image","twitter_creator":"@Exaudi_Notizie","twitter_site":"@Exaudi_News","twitter_misc":{"Scritto da":"Exaudi Redazione","Tempo di lettura stimato":"2 minuti"},"schema":{"@context":"https:\/\/schema.org","@graph":[{"@type":"Article","@id":"https:\/\/exaudi.org\/it\/santisaia-9-maggio\/#article","isPartOf":{"@id":"https:\/\/exaudi.org\/it\/santisaia-9-maggio\/"},"author":{"name":"Exaudi Redazione","@id":"https:\/\/exaudi.org\/#\/schema\/person\/e1ab6ed07c01774724dd96f925f3a5f0"},"headline":"Sant&#8217;Isaia, 9 maggio","datePublished":"2024-05-09T16:07:19+00:00","mainEntityOfPage":{"@id":"https:\/\/exaudi.org\/it\/santisaia-9-maggio\/"},"wordCount":476,"image":{"@id":"https:\/\/exaudi.org\/it\/santisaia-9-maggio\/#primaryimage"},"thumbnailUrl":"https:\/\/exaudi.org\/wp-content\/uploads\/2024\/05\/Isaias-Profeta.jpg","keywords":["PROFETA","SANT'ISAIA","SANTORAL"],"articleSection":["Chiesa e Mondo"],"inLanguage":"it-IT"},{"@type":"WebPage","@id":"https:\/\/exaudi.org\/it\/santisaia-9-maggio\/","url":"https:\/\/exaudi.org\/it\/santisaia-9-maggio\/","name":"Sant'Isaia, 9 maggio &#8211; Exaudi","isPartOf":{"@id":"https:\/\/exaudi.org\/#website"},"primaryImageOfPage":{"@id":"https:\/\/exaudi.org\/it\/santisaia-9-maggio\/#primaryimage"},"image":{"@id":"https:\/\/exaudi.org\/it\/santisaia-9-maggio\/#primaryimage"},"thumbnailUrl":"https:\/\/exaudi.org\/wp-content\/uploads\/2024\/05\/Isaias-Profeta.jpg","datePublished":"2024-05-09T16:07:19+00:00","author":{"@id":"https:\/\/exaudi.org\/#\/schema\/person\/e1ab6ed07c01774724dd96f925f3a5f0"},"breadcrumb":{"@id":"https:\/\/exaudi.org\/it\/santisaia-9-maggio\/#breadcrumb"},"inLanguage":"it-IT","potentialAction":[{"@type":"ReadAction","target":["https:\/\/exaudi.org\/it\/santisaia-9-maggio\/"]}]},{"@type":"ImageObject","inLanguage":"it-IT","@id":"https:\/\/exaudi.org\/it\/santisaia-9-maggio\/#primaryimage","url":"https:\/\/exaudi.org\/wp-content\/uploads\/2024\/05\/Isaias-Profeta.jpg","contentUrl":"https:\/\/exaudi.org\/wp-content\/uploads\/2024\/05\/Isaias-Profeta.jpg","width":800,"height":600},{"@type":"BreadcrumbList","@id":"https:\/\/exaudi.org\/it\/santisaia-9-maggio\/#breadcrumb","itemListElement":[{"@type":"ListItem","position":1,"name":"Portada","item":"https:\/\/exaudi.org\/it\/"},{"@type":"ListItem","position":2,"name":"Sant&#8217;Isaia, 9 maggio"}]},{"@type":"WebSite","@id":"https:\/\/exaudi.org\/#website","url":"https:\/\/exaudi.org\/","name":"Exaudi","description":"News","potentialAction":[{"@type":"SearchAction","target":{"@type":"EntryPoint","urlTemplate":"https:\/\/exaudi.org\/?s={search_term_string}"},"query-input":{"@type":"PropertyValueSpecification","valueRequired":true,"valueName":"search_term_string"}}],"inLanguage":"it-IT"},{"@type":"Person","@id":"https:\/\/exaudi.org\/#\/schema\/person\/e1ab6ed07c01774724dd96f925f3a5f0","name":"Exaudi Redazione","image":{"@type":"ImageObject","inLanguage":"it-IT","@id":"https:\/\/secure.gravatar.com\/avatar\/ad6774b3ada023bf5b939d64f45c94b3adf91502dd883507d469b4308a943bb3?s=96&d=mm&r=g","url":"https:\/\/secure.gravatar.com\/avatar\/ad6774b3ada023bf5b939d64f45c94b3adf91502dd883507d469b4308a943bb3?s=96&d=mm&r=g","contentUrl":"https:\/\/secure.gravatar.com\/avatar\/ad6774b3ada023bf5b939d64f45c94b3adf91502dd883507d469b4308a943bb3?s=96&d=mm&r=g","caption":"Exaudi Redazione"},"description":"Che cosa \u00e8 Exaudi News? Exaudi News \u00e8 un agenzia cattolica internazionale che informa, istruisce e trasforma quotidianamente in spagnolo, inglese e italiano. Attraverso notizie, articoli di analisi e trasmissioni in diretta degli eventi del Papa, Exaudi cerca di rafforzare l'unit\u00e0 dei cristiani e di contribuire all'evangelizzazione del mondo, sempre guidato dalla dottrina sociale della Chiesa. Lavoriamo per portare la verit\u00e0 e i valori cristiani in ogni angolo del pianeta. Aiutaci a trasformare il mondo con Exaudi! Noi di Exaudi crediamo che l'evangelizzazione e l'informazione di qualit\u00e0 possano cambiare la vita. Per continuare la nostra missione ed espandere la nostra portata, abbiamo bisogno del tuo aiuto. Stiamo anche cercando persone motivate che vogliano unirsi al nostro team. Grazie al vostro sostegno raggiungeremo pi\u00f9 persone, diffonderemo il messaggio di Cristo e rafforzeremo l'unit\u00e0 dei cristiani. Vuoi unirti alla nostra missione? Per maggiori informazioni su come contribuire, visita Exaudi.org\/it o contattaci direttamente: info@exaudi.org Exaudi: informa, forma e trasforma.","sameAs":["https:\/\/www.facebook.com\/ExaudiNotizie\/","https:\/\/www.instagram.com\/Exaudi_notizie\/","https:\/\/x.com\/Exaudi_Notizie","https:\/\/www.youtube.com\/@exaudicatholicnews"],"url":"https:\/\/exaudi.org\/it\/author\/dlvedi-org\/"}]}},"jetpack_featured_media_url":"https:\/\/exaudi.org\/wp-content\/uploads\/2024\/05\/Isaias-Profeta.jpg","jetpack_shortlink":"https:\/\/wp.me\/pgKjF2-q24","_links":{"self":[{"href":"https:\/\/exaudi.org\/it\/wp-json\/wp\/v2\/posts\/100072","targetHints":{"allow":["GET"]}}],"collection":[{"href":"https:\/\/exaudi.org\/it\/wp-json\/wp\/v2\/posts"}],"about":[{"href":"https:\/\/exaudi.org\/it\/wp-json\/wp\/v2\/types\/post"}],"author":[{"embeddable":true,"href":"https:\/\/exaudi.org\/it\/wp-json\/wp\/v2\/users\/17"}],"replies":[{"embeddable":true,"href":"https:\/\/exaudi.org\/it\/wp-json\/wp\/v2\/comments?post=100072"}],"version-history":[{"count":0,"href":"https:\/\/exaudi.org\/it\/wp-json\/wp\/v2\/posts\/100072\/revisions"}],"wp:featuredmedia":[{"embeddable":true,"href":"https:\/\/exaudi.org\/it\/wp-json\/wp\/v2\/media\/100003"}],"wp:attachment":[{"href":"https:\/\/exaudi.org\/it\/wp-json\/wp\/v2\/media?parent=100072"}],"wp:term":[{"taxonomy":"category","embeddable":true,"href":"https:\/\/exaudi.org\/it\/wp-json\/wp\/v2\/categories?post=100072"},{"taxonomy":"post_tag","embeddable":true,"href":"https:\/\/exaudi.org\/it\/wp-json\/wp\/v2\/tags?post=100072"}],"curies":[{"name":"wp","href":"https:\/\/api.w.org\/{rel}","templated":true}]}}