{"id":79,"name":"Rafael Domingo Osl\u00e9","url":"","description":"Rafael Domingo Osl\u00e9 (Logro\u00f1o, 1963) es un jurista y catedr\u00e1tico espa\u00f1ol, estudioso de derecho romano, derecho comparado, derecho global y teor\u00eda del derecho. Actualmente, Domingo es titular de la C\u00e1tedra \u00c1lvaro d'Ors del Instituto Cultura y Sociedad de la Universidad de Navarra","link":"https:\/\/exaudi.org\/es\/author\/rdomingo\/","slug":"rdomingo","avatar_urls":{"24":"https:\/\/secure.gravatar.com\/avatar\/1694735f7f0bef7bf90c54f457355a0634947deeb3700762cc0dd423fbde934e?s=24&d=mm&r=g","48":"https:\/\/secure.gravatar.com\/avatar\/1694735f7f0bef7bf90c54f457355a0634947deeb3700762cc0dd423fbde934e?s=48&d=mm&r=g","96":"https:\/\/secure.gravatar.com\/avatar\/1694735f7f0bef7bf90c54f457355a0634947deeb3700762cc0dd423fbde934e?s=96&d=mm&r=g"},"meta":[],"acf":[],"yoast_head":"<!-- This site is optimized with the Yoast SEO plugin v27.5 - https:\/\/yoast.com\/product\/yoast-seo-wordpress\/ -->\n<title>Rafael Domingo Osl\u00e9, autor en Exaudi<\/title>\n<meta name=\"robots\" content=\"index, follow, max-snippet:-1, max-image-preview:large, max-video-preview:-1\" \/>\n<link rel=\"canonical\" href=\"https:\/\/exaudi.org\/es\/author\/rdomingo\/\" \/>\n<meta property=\"og:locale\" content=\"es_ES\" \/>\n<meta property=\"og:type\" content=\"profile\" \/>\n<meta property=\"og:title\" content=\"Rafael Domingo Osl\u00e9, autor en Exaudi\" \/>\n<meta property=\"og:url\" content=\"https:\/\/exaudi.org\/es\/author\/rdomingo\/\" \/>\n<meta property=\"og:site_name\" content=\"Exaudi\" \/>\n<meta property=\"og:image\" content=\"https:\/\/secure.gravatar.com\/avatar\/1694735f7f0bef7bf90c54f457355a0634947deeb3700762cc0dd423fbde934e?s=500&d=mm&r=g\" \/>\n<meta name=\"twitter:card\" content=\"summary_large_image\" \/>\n<meta name=\"twitter:site\" content=\"@Exaudi_News\" \/>\n<script type=\"application\/ld+json\" class=\"yoast-schema-graph\">{\"@context\":\"https:\\\/\\\/schema.org\",\"@graph\":[{\"@type\":\"ProfilePage\",\"@id\":\"https:\\\/\\\/exaudi.org\\\/es\\\/author\\\/rdomingo\\\/\",\"url\":\"https:\\\/\\\/exaudi.org\\\/es\\\/author\\\/rdomingo\\\/\",\"name\":\"Rafael Domingo Osl\u00e9, autor en Exaudi\",\"isPartOf\":{\"@id\":\"https:\\\/\\\/exaudi.org\\\/#website\"},\"breadcrumb\":{\"@id\":\"https:\\\/\\\/exaudi.org\\\/es\\\/author\\\/rdomingo\\\/#breadcrumb\"},\"inLanguage\":\"es\",\"potentialAction\":[{\"@type\":\"ReadAction\",\"target\":[\"https:\\\/\\\/exaudi.org\\\/es\\\/author\\\/rdomingo\\\/\"]}]},{\"@type\":\"BreadcrumbList\",\"@id\":\"https:\\\/\\\/exaudi.org\\\/es\\\/author\\\/rdomingo\\\/#breadcrumb\",\"itemListElement\":[{\"@type\":\"ListItem\",\"position\":1,\"name\":\"Portada\",\"item\":\"https:\\\/\\\/exaudi.org\\\/es\\\/\"},{\"@type\":\"ListItem\",\"position\":2,\"name\":\"Archivo de Rafael Domingo Osl\u00e9\"}]},{\"@type\":\"WebSite\",\"@id\":\"https:\\\/\\\/exaudi.org\\\/#website\",\"url\":\"https:\\\/\\\/exaudi.org\\\/\",\"name\":\"Exaudi\",\"description\":\"News\",\"potentialAction\":[{\"@type\":\"SearchAction\",\"target\":{\"@type\":\"EntryPoint\",\"urlTemplate\":\"https:\\\/\\\/exaudi.org\\\/?s={search_term_string}\"},\"query-input\":{\"@type\":\"PropertyValueSpecification\",\"valueRequired\":true,\"valueName\":\"search_term_string\"}}],\"inLanguage\":\"es\"},{\"@type\":\"Person\",\"@id\":\"https:\\\/\\\/exaudi.org\\\/#\\\/schema\\\/person\\\/d85106d93f38b38372f4a9396cc62f6d\",\"name\":\"Rafael Domingo Osl\u00e9\",\"image\":{\"@type\":\"ImageObject\",\"inLanguage\":\"es\",\"@id\":\"https:\\\/\\\/secure.gravatar.com\\\/avatar\\\/1694735f7f0bef7bf90c54f457355a0634947deeb3700762cc0dd423fbde934e?s=96&d=mm&r=g\",\"url\":\"https:\\\/\\\/secure.gravatar.com\\\/avatar\\\/1694735f7f0bef7bf90c54f457355a0634947deeb3700762cc0dd423fbde934e?s=96&d=mm&r=g\",\"contentUrl\":\"https:\\\/\\\/secure.gravatar.com\\\/avatar\\\/1694735f7f0bef7bf90c54f457355a0634947deeb3700762cc0dd423fbde934e?s=96&d=mm&r=g\",\"caption\":\"Rafael Domingo Osl\u00e9\"},\"description\":\"Rafael Domingo Osl\u00e9 (Logro\u00f1o, 1963) es un jurista y catedr\u00e1tico espa\u00f1ol, estudioso de derecho romano, derecho comparado, derecho global y teor\u00eda del derecho. Actualmente, Domingo es titular de la C\u00e1tedra \u00c1lvaro d'Ors del Instituto Cultura y Sociedad de la Universidad de Navarra\",\"mainEntityOfPage\":{\"@id\":\"https:\\\/\\\/exaudi.org\\\/es\\\/author\\\/rdomingo\\\/\"}}]}<\/script>\n<!-- \/ Yoast SEO plugin. -->","yoast_head_json":{"title":"Rafael Domingo Osl\u00e9, autor en Exaudi","robots":{"index":"index","follow":"follow","max-snippet":"max-snippet:-1","max-image-preview":"max-image-preview:large","max-video-preview":"max-video-preview:-1"},"canonical":"https:\/\/exaudi.org\/es\/author\/rdomingo\/","og_locale":"es_ES","og_type":"profile","og_title":"Rafael Domingo Osl\u00e9, autor en Exaudi","og_url":"https:\/\/exaudi.org\/es\/author\/rdomingo\/","og_site_name":"Exaudi","og_image":[{"url":"https:\/\/secure.gravatar.com\/avatar\/1694735f7f0bef7bf90c54f457355a0634947deeb3700762cc0dd423fbde934e?s=500&d=mm&r=g","type":"","width":"","height":""}],"twitter_card":"summary_large_image","twitter_site":"@Exaudi_News","schema":{"@context":"https:\/\/schema.org","@graph":[{"@type":"ProfilePage","@id":"https:\/\/exaudi.org\/es\/author\/rdomingo\/","url":"https:\/\/exaudi.org\/es\/author\/rdomingo\/","name":"Rafael Domingo Osl\u00e9, autor en Exaudi","isPartOf":{"@id":"https:\/\/exaudi.org\/#website"},"breadcrumb":{"@id":"https:\/\/exaudi.org\/es\/author\/rdomingo\/#breadcrumb"},"inLanguage":"es","potentialAction":[{"@type":"ReadAction","target":["https:\/\/exaudi.org\/es\/author\/rdomingo\/"]}]},{"@type":"BreadcrumbList","@id":"https:\/\/exaudi.org\/es\/author\/rdomingo\/#breadcrumb","itemListElement":[{"@type":"ListItem","position":1,"name":"Portada","item":"https:\/\/exaudi.org\/es\/"},{"@type":"ListItem","position":2,"name":"Archivo de Rafael Domingo Osl\u00e9"}]},{"@type":"WebSite","@id":"https:\/\/exaudi.org\/#website","url":"https:\/\/exaudi.org\/","name":"Exaudi","description":"News","potentialAction":[{"@type":"SearchAction","target":{"@type":"EntryPoint","urlTemplate":"https:\/\/exaudi.org\/?s={search_term_string}"},"query-input":{"@type":"PropertyValueSpecification","valueRequired":true,"valueName":"search_term_string"}}],"inLanguage":"es"},{"@type":"Person","@id":"https:\/\/exaudi.org\/#\/schema\/person\/d85106d93f38b38372f4a9396cc62f6d","name":"Rafael Domingo Osl\u00e9","image":{"@type":"ImageObject","inLanguage":"es","@id":"https:\/\/secure.gravatar.com\/avatar\/1694735f7f0bef7bf90c54f457355a0634947deeb3700762cc0dd423fbde934e?s=96&d=mm&r=g","url":"https:\/\/secure.gravatar.com\/avatar\/1694735f7f0bef7bf90c54f457355a0634947deeb3700762cc0dd423fbde934e?s=96&d=mm&r=g","contentUrl":"https:\/\/secure.gravatar.com\/avatar\/1694735f7f0bef7bf90c54f457355a0634947deeb3700762cc0dd423fbde934e?s=96&d=mm&r=g","caption":"Rafael Domingo Osl\u00e9"},"description":"Rafael Domingo Osl\u00e9 (Logro\u00f1o, 1963) es un jurista y catedr\u00e1tico espa\u00f1ol, estudioso de derecho romano, derecho comparado, derecho global y teor\u00eda del derecho. Actualmente, Domingo es titular de la C\u00e1tedra \u00c1lvaro d'Ors del Instituto Cultura y Sociedad de la Universidad de Navarra","mainEntityOfPage":{"@id":"https:\/\/exaudi.org\/es\/author\/rdomingo\/"}}]}},"_links":{"self":[{"href":"https:\/\/exaudi.org\/es\/wp-json\/wp\/v2\/users\/79","targetHints":{"allow":["GET"]}}],"collection":[{"href":"https:\/\/exaudi.org\/es\/wp-json\/wp\/v2\/users"}]}}