{"id":76,"name":"Ra\u00fal Ortiz","url":"","description":"Nacido en Pereira, Risaralda, Colombia, el 30 de junio de 1980. Ordenado para la arquidi\u00f3cesis de Ibagu\u00e9 el 21 de noviembre de 2009. Curs\u00f3 los estudios filos\u00f3ficos en el Seminario Mayor Mar\u00eda Inmaculada de Ibagu\u00e9; los teol\u00f3gicos en la Universidad Pontificia Regina Apostolorum de Roma. Licenciado en Teolog\u00eda y especialista en Teolog\u00eda Patr\u00edstica e Historia de la Teolog\u00eda por la Pontificia Universidad Gregoriana de Roma. Ha sido vicario parroquial, p\u00e1rroco, rector eclesi\u00e1stico de un santuario, profesor del Seminario, director de un Instituto de Teolog\u00eda y Pastoral, y de una emisora cat\u00f3lica. Escritor de 7 libros de historia regional de la Iglesia para las arquidi\u00f3cesis de Popay\u00e1n e Ibagu\u00e9 y la di\u00f3cesis de Pereira","link":"https:\/\/exaudi.org\/es\/author\/raulortiz\/","slug":"raulortiz","avatar_urls":{"24":"https:\/\/secure.gravatar.com\/avatar\/04bdb04b875206501473ff2ea121588ebf5c572571d83a12b845eccb7d7e3d26?s=24&d=mm&r=g","48":"https:\/\/secure.gravatar.com\/avatar\/04bdb04b875206501473ff2ea121588ebf5c572571d83a12b845eccb7d7e3d26?s=48&d=mm&r=g","96":"https:\/\/secure.gravatar.com\/avatar\/04bdb04b875206501473ff2ea121588ebf5c572571d83a12b845eccb7d7e3d26?s=96&d=mm&r=g"},"meta":[],"acf":[],"yoast_head":"<!-- This site is optimized with the Yoast SEO plugin v27.5 - https:\/\/yoast.com\/product\/yoast-seo-wordpress\/ -->\n<title>Ra\u00fal Ortiz, autor en Exaudi<\/title>\n<meta name=\"robots\" content=\"index, follow, max-snippet:-1, max-image-preview:large, max-video-preview:-1\" \/>\n<link rel=\"canonical\" href=\"https:\/\/exaudi.org\/es\/author\/raulortiz\/\" \/>\n<meta property=\"og:locale\" content=\"es_ES\" \/>\n<meta property=\"og:type\" content=\"profile\" \/>\n<meta property=\"og:title\" content=\"Ra\u00fal Ortiz, autor en Exaudi\" \/>\n<meta property=\"og:url\" content=\"https:\/\/exaudi.org\/author\/raulortiz\/\" \/>\n<meta property=\"og:site_name\" content=\"Exaudi\" \/>\n<meta property=\"og:image\" content=\"https:\/\/secure.gravatar.com\/avatar\/04bdb04b875206501473ff2ea121588ebf5c572571d83a12b845eccb7d7e3d26?s=500&d=mm&r=g\" \/>\n<meta name=\"twitter:card\" content=\"summary_large_image\" \/>\n<meta name=\"twitter:site\" content=\"@Exaudi_News\" \/>\n<script type=\"application\/ld+json\" class=\"yoast-schema-graph\">{\"@context\":\"https:\\\/\\\/schema.org\",\"@graph\":[{\"@type\":\"ProfilePage\",\"@id\":\"https:\\\/\\\/exaudi.org\\\/author\\\/raulortiz\\\/\",\"url\":\"https:\\\/\\\/exaudi.org\\\/author\\\/raulortiz\\\/\",\"name\":\"Ra\u00fal Ortiz, autor en Exaudi\",\"isPartOf\":{\"@id\":\"https:\\\/\\\/exaudi.org\\\/#website\"},\"breadcrumb\":{\"@id\":\"https:\\\/\\\/exaudi.org\\\/author\\\/raulortiz\\\/#breadcrumb\"},\"inLanguage\":\"es\",\"potentialAction\":[{\"@type\":\"ReadAction\",\"target\":[\"https:\\\/\\\/exaudi.org\\\/author\\\/raulortiz\\\/\"]}]},{\"@type\":\"BreadcrumbList\",\"@id\":\"https:\\\/\\\/exaudi.org\\\/author\\\/raulortiz\\\/#breadcrumb\",\"itemListElement\":[{\"@type\":\"ListItem\",\"position\":1,\"name\":\"Portada\",\"item\":\"https:\\\/\\\/exaudi.org\\\/es\\\/\"},{\"@type\":\"ListItem\",\"position\":2,\"name\":\"Archivo de Ra\u00fal Ortiz\"}]},{\"@type\":\"WebSite\",\"@id\":\"https:\\\/\\\/exaudi.org\\\/#website\",\"url\":\"https:\\\/\\\/exaudi.org\\\/\",\"name\":\"Exaudi\",\"description\":\"News\",\"potentialAction\":[{\"@type\":\"SearchAction\",\"target\":{\"@type\":\"EntryPoint\",\"urlTemplate\":\"https:\\\/\\\/exaudi.org\\\/?s={search_term_string}\"},\"query-input\":{\"@type\":\"PropertyValueSpecification\",\"valueRequired\":true,\"valueName\":\"search_term_string\"}}],\"inLanguage\":\"es\"},{\"@type\":\"Person\",\"@id\":\"https:\\\/\\\/exaudi.org\\\/#\\\/schema\\\/person\\\/5750695c88ce87fd1866557e739071da\",\"name\":\"Ra\u00fal Ortiz\",\"image\":{\"@type\":\"ImageObject\",\"inLanguage\":\"es\",\"@id\":\"https:\\\/\\\/secure.gravatar.com\\\/avatar\\\/04bdb04b875206501473ff2ea121588ebf5c572571d83a12b845eccb7d7e3d26?s=96&d=mm&r=g\",\"url\":\"https:\\\/\\\/secure.gravatar.com\\\/avatar\\\/04bdb04b875206501473ff2ea121588ebf5c572571d83a12b845eccb7d7e3d26?s=96&d=mm&r=g\",\"contentUrl\":\"https:\\\/\\\/secure.gravatar.com\\\/avatar\\\/04bdb04b875206501473ff2ea121588ebf5c572571d83a12b845eccb7d7e3d26?s=96&d=mm&r=g\",\"caption\":\"Ra\u00fal Ortiz\"},\"description\":\"Nacido en Pereira, Risaralda, Colombia, el 30 de junio de 1980. Ordenado para la arquidi\u00f3cesis de Ibagu\u00e9 el 21 de noviembre de 2009. Curs\u00f3 los estudios filos\u00f3ficos en el Seminario Mayor Mar\u00eda Inmaculada de Ibagu\u00e9; los teol\u00f3gicos en la Universidad Pontificia Regina Apostolorum de Roma. Licenciado en Teolog\u00eda y especialista en Teolog\u00eda Patr\u00edstica e Historia de la Teolog\u00eda por la Pontificia Universidad Gregoriana de Roma. Ha sido vicario parroquial, p\u00e1rroco, rector eclesi\u00e1stico de un santuario, profesor del Seminario, director de un Instituto de Teolog\u00eda y Pastoral, y de una emisora cat\u00f3lica. Escritor de 7 libros de historia regional de la Iglesia para las arquidi\u00f3cesis de Popay\u00e1n e Ibagu\u00e9 y la di\u00f3cesis de Pereira\",\"mainEntityOfPage\":{\"@id\":\"https:\\\/\\\/exaudi.org\\\/author\\\/raulortiz\\\/\"}}]}<\/script>\n<!-- \/ Yoast SEO plugin. -->","yoast_head_json":{"title":"Ra\u00fal Ortiz, autor en Exaudi","robots":{"index":"index","follow":"follow","max-snippet":"max-snippet:-1","max-image-preview":"max-image-preview:large","max-video-preview":"max-video-preview:-1"},"canonical":"https:\/\/exaudi.org\/es\/author\/raulortiz\/","og_locale":"es_ES","og_type":"profile","og_title":"Ra\u00fal Ortiz, autor en Exaudi","og_url":"https:\/\/exaudi.org\/author\/raulortiz\/","og_site_name":"Exaudi","og_image":[{"url":"https:\/\/secure.gravatar.com\/avatar\/04bdb04b875206501473ff2ea121588ebf5c572571d83a12b845eccb7d7e3d26?s=500&d=mm&r=g","type":"","width":"","height":""}],"twitter_card":"summary_large_image","twitter_site":"@Exaudi_News","schema":{"@context":"https:\/\/schema.org","@graph":[{"@type":"ProfilePage","@id":"https:\/\/exaudi.org\/author\/raulortiz\/","url":"https:\/\/exaudi.org\/author\/raulortiz\/","name":"Ra\u00fal Ortiz, autor en Exaudi","isPartOf":{"@id":"https:\/\/exaudi.org\/#website"},"breadcrumb":{"@id":"https:\/\/exaudi.org\/author\/raulortiz\/#breadcrumb"},"inLanguage":"es","potentialAction":[{"@type":"ReadAction","target":["https:\/\/exaudi.org\/author\/raulortiz\/"]}]},{"@type":"BreadcrumbList","@id":"https:\/\/exaudi.org\/author\/raulortiz\/#breadcrumb","itemListElement":[{"@type":"ListItem","position":1,"name":"Portada","item":"https:\/\/exaudi.org\/es\/"},{"@type":"ListItem","position":2,"name":"Archivo de Ra\u00fal Ortiz"}]},{"@type":"WebSite","@id":"https:\/\/exaudi.org\/#website","url":"https:\/\/exaudi.org\/","name":"Exaudi","description":"News","potentialAction":[{"@type":"SearchAction","target":{"@type":"EntryPoint","urlTemplate":"https:\/\/exaudi.org\/?s={search_term_string}"},"query-input":{"@type":"PropertyValueSpecification","valueRequired":true,"valueName":"search_term_string"}}],"inLanguage":"es"},{"@type":"Person","@id":"https:\/\/exaudi.org\/#\/schema\/person\/5750695c88ce87fd1866557e739071da","name":"Ra\u00fal Ortiz","image":{"@type":"ImageObject","inLanguage":"es","@id":"https:\/\/secure.gravatar.com\/avatar\/04bdb04b875206501473ff2ea121588ebf5c572571d83a12b845eccb7d7e3d26?s=96&d=mm&r=g","url":"https:\/\/secure.gravatar.com\/avatar\/04bdb04b875206501473ff2ea121588ebf5c572571d83a12b845eccb7d7e3d26?s=96&d=mm&r=g","contentUrl":"https:\/\/secure.gravatar.com\/avatar\/04bdb04b875206501473ff2ea121588ebf5c572571d83a12b845eccb7d7e3d26?s=96&d=mm&r=g","caption":"Ra\u00fal Ortiz"},"description":"Nacido en Pereira, Risaralda, Colombia, el 30 de junio de 1980. Ordenado para la arquidi\u00f3cesis de Ibagu\u00e9 el 21 de noviembre de 2009. Curs\u00f3 los estudios filos\u00f3ficos en el Seminario Mayor Mar\u00eda Inmaculada de Ibagu\u00e9; los teol\u00f3gicos en la Universidad Pontificia Regina Apostolorum de Roma. Licenciado en Teolog\u00eda y especialista en Teolog\u00eda Patr\u00edstica e Historia de la Teolog\u00eda por la Pontificia Universidad Gregoriana de Roma. Ha sido vicario parroquial, p\u00e1rroco, rector eclesi\u00e1stico de un santuario, profesor del Seminario, director de un Instituto de Teolog\u00eda y Pastoral, y de una emisora cat\u00f3lica. Escritor de 7 libros de historia regional de la Iglesia para las arquidi\u00f3cesis de Popay\u00e1n e Ibagu\u00e9 y la di\u00f3cesis de Pereira","mainEntityOfPage":{"@id":"https:\/\/exaudi.org\/author\/raulortiz\/"}}]}},"_links":{"self":[{"href":"https:\/\/exaudi.org\/es\/wp-json\/wp\/v2\/users\/76","targetHints":{"allow":["GET"]}}],"collection":[{"href":"https:\/\/exaudi.org\/es\/wp-json\/wp\/v2\/users"}]}}