{"id":123,"name":"Enraizados","url":"https:\/\/enraizados.org\/","description":"Trabajando desde 2012 por mejorar la sociedad en la que vivimos\r\n\r\nLa Asociaci\u00f3n Enraizados en Cristo y en la Sociedad nace en el a\u00f1o 2012 con el objetivo de ser una voz cat\u00f3lica en la vida p\u00fablica, aportando una perspectiva cristiana a la visi\u00f3n de la vida y sus acontecimientos en la sociedad actual, tanto en Espa\u00f1a como en el Mundo.","link":"https:\/\/exaudi.org\/es\/author\/enraizados\/","slug":"enraizados","avatar_urls":{"24":"https:\/\/secure.gravatar.com\/avatar\/766befbb46a56201d09facd10f18b7d0b7764f075a7f94099d7102d86fc2f90b?s=24&d=mm&r=g","48":"https:\/\/secure.gravatar.com\/avatar\/766befbb46a56201d09facd10f18b7d0b7764f075a7f94099d7102d86fc2f90b?s=48&d=mm&r=g","96":"https:\/\/secure.gravatar.com\/avatar\/766befbb46a56201d09facd10f18b7d0b7764f075a7f94099d7102d86fc2f90b?s=96&d=mm&r=g"},"meta":[],"acf":[],"yoast_head":"<!-- This site is optimized with the Yoast SEO plugin v27.4 - https:\/\/yoast.com\/product\/yoast-seo-wordpress\/ -->\n<title>Enraizados, autor en Exaudi<\/title>\n<meta name=\"description\" content=\"Trabajando desde 2012 por mejorar la sociedad en la que vivimos La Asociaci\u00f3n Enraizados en Cristo y en la Sociedad nace en el a\u00f1o 2012 con el objetivo de ser una voz cat\u00f3lica en la vida p\u00fablica, aportando una perspectiva cristiana a la visi\u00f3n de la vida y sus acontecimientos en la sociedad actual, tanto en Espa\u00f1a como en el Mundo.\" \/>\n<meta name=\"robots\" content=\"index, follow, max-snippet:-1, max-image-preview:large, max-video-preview:-1\" \/>\n<link rel=\"canonical\" href=\"https:\/\/exaudi.org\/es\/author\/enraizados\/\" \/>\n<meta property=\"og:locale\" content=\"es_ES\" \/>\n<meta property=\"og:type\" content=\"profile\" \/>\n<meta property=\"og:title\" content=\"Enraizados, autor en Exaudi\" \/>\n<meta property=\"og:description\" content=\"Trabajando desde 2012 por mejorar la sociedad en la que vivimos La Asociaci\u00f3n Enraizados en Cristo y en la Sociedad nace en el a\u00f1o 2012 con el objetivo de ser una voz cat\u00f3lica en la vida p\u00fablica, aportando una perspectiva cristiana a la visi\u00f3n de la vida y sus acontecimientos en la sociedad actual, tanto en Espa\u00f1a como en el Mundo.\" \/>\n<meta property=\"og:url\" content=\"https:\/\/exaudi.org\/es\/author\/enraizados\/\" \/>\n<meta property=\"og:site_name\" content=\"Exaudi\" \/>\n<meta property=\"og:image\" content=\"https:\/\/secure.gravatar.com\/avatar\/766befbb46a56201d09facd10f18b7d0b7764f075a7f94099d7102d86fc2f90b?s=500&d=mm&r=g\" \/>\n<meta name=\"twitter:card\" content=\"summary_large_image\" \/>\n<meta name=\"twitter:site\" content=\"@Exaudi_News\" \/>\n<script type=\"application\/ld+json\" class=\"yoast-schema-graph\">{\"@context\":\"https:\\\/\\\/schema.org\",\"@graph\":[{\"@type\":\"ProfilePage\",\"@id\":\"https:\\\/\\\/exaudi.org\\\/es\\\/author\\\/enraizados\\\/\",\"url\":\"https:\\\/\\\/exaudi.org\\\/es\\\/author\\\/enraizados\\\/\",\"name\":\"Enraizados, autor en Exaudi\",\"isPartOf\":{\"@id\":\"https:\\\/\\\/exaudi.org\\\/#website\"},\"description\":\"Trabajando desde 2012 por mejorar la sociedad en la que vivimos La Asociaci\u00f3n Enraizados en Cristo y en la Sociedad nace en el a\u00f1o 2012 con el objetivo de ser una voz cat\u00f3lica en la vida p\u00fablica, aportando una perspectiva cristiana a la visi\u00f3n de la vida y sus acontecimientos en la sociedad actual, tanto en Espa\u00f1a como en el Mundo.\",\"breadcrumb\":{\"@id\":\"https:\\\/\\\/exaudi.org\\\/es\\\/author\\\/enraizados\\\/#breadcrumb\"},\"inLanguage\":\"es\",\"potentialAction\":[{\"@type\":\"ReadAction\",\"target\":[\"https:\\\/\\\/exaudi.org\\\/es\\\/author\\\/enraizados\\\/\"]}]},{\"@type\":\"BreadcrumbList\",\"@id\":\"https:\\\/\\\/exaudi.org\\\/es\\\/author\\\/enraizados\\\/#breadcrumb\",\"itemListElement\":[{\"@type\":\"ListItem\",\"position\":1,\"name\":\"Portada\",\"item\":\"https:\\\/\\\/exaudi.org\\\/es\\\/\"},{\"@type\":\"ListItem\",\"position\":2,\"name\":\"Archivo de Enraizados\"}]},{\"@type\":\"WebSite\",\"@id\":\"https:\\\/\\\/exaudi.org\\\/#website\",\"url\":\"https:\\\/\\\/exaudi.org\\\/\",\"name\":\"Exaudi\",\"description\":\"News\",\"potentialAction\":[{\"@type\":\"SearchAction\",\"target\":{\"@type\":\"EntryPoint\",\"urlTemplate\":\"https:\\\/\\\/exaudi.org\\\/?s={search_term_string}\"},\"query-input\":{\"@type\":\"PropertyValueSpecification\",\"valueRequired\":true,\"valueName\":\"search_term_string\"}}],\"inLanguage\":\"es\"},{\"@type\":\"Person\",\"@id\":\"https:\\\/\\\/exaudi.org\\\/#\\\/schema\\\/person\\\/20d66a3249df43321f92e55f42e42e4a\",\"name\":\"Enraizados\",\"image\":{\"@type\":\"ImageObject\",\"inLanguage\":\"es\",\"@id\":\"https:\\\/\\\/secure.gravatar.com\\\/avatar\\\/766befbb46a56201d09facd10f18b7d0b7764f075a7f94099d7102d86fc2f90b?s=96&d=mm&r=g\",\"url\":\"https:\\\/\\\/secure.gravatar.com\\\/avatar\\\/766befbb46a56201d09facd10f18b7d0b7764f075a7f94099d7102d86fc2f90b?s=96&d=mm&r=g\",\"contentUrl\":\"https:\\\/\\\/secure.gravatar.com\\\/avatar\\\/766befbb46a56201d09facd10f18b7d0b7764f075a7f94099d7102d86fc2f90b?s=96&d=mm&r=g\",\"caption\":\"Enraizados\"},\"description\":\"Trabajando desde 2012 por mejorar la sociedad en la que vivimos La Asociaci\u00f3n Enraizados en Cristo y en la Sociedad nace en el a\u00f1o 2012 con el objetivo de ser una voz cat\u00f3lica en la vida p\u00fablica, aportando una perspectiva cristiana a la visi\u00f3n de la vida y sus acontecimientos en la sociedad actual, tanto en Espa\u00f1a como en el Mundo.\",\"sameAs\":[\"https:\\\/\\\/enraizados.org\\\/\",\"https:\\\/\\\/www.facebook.com\\\/asociacionenraizados\",\"https:\\\/\\\/www.instagram.com\\\/asociacionenraizados\\\/\",\"https:\\\/\\\/x.com\\\/https:\\\/\\\/twitter.com\\\/asocenraizados\\\/\",\"https:\\\/\\\/www.youtube.com\\\/@AsociacionEnraizados\"],\"mainEntityOfPage\":{\"@id\":\"https:\\\/\\\/exaudi.org\\\/es\\\/author\\\/enraizados\\\/\"}}]}<\/script>\n<!-- \/ Yoast SEO plugin. -->","yoast_head_json":{"title":"Enraizados, autor en Exaudi","description":"Trabajando desde 2012 por mejorar la sociedad en la que vivimos La Asociaci\u00f3n Enraizados en Cristo y en la Sociedad nace en el a\u00f1o 2012 con el objetivo de ser una voz cat\u00f3lica en la vida p\u00fablica, aportando una perspectiva cristiana a la visi\u00f3n de la vida y sus acontecimientos en la sociedad actual, tanto en Espa\u00f1a como en el Mundo.","robots":{"index":"index","follow":"follow","max-snippet":"max-snippet:-1","max-image-preview":"max-image-preview:large","max-video-preview":"max-video-preview:-1"},"canonical":"https:\/\/exaudi.org\/es\/author\/enraizados\/","og_locale":"es_ES","og_type":"profile","og_title":"Enraizados, autor en Exaudi","og_description":"Trabajando desde 2012 por mejorar la sociedad en la que vivimos La Asociaci\u00f3n Enraizados en Cristo y en la Sociedad nace en el a\u00f1o 2012 con el objetivo de ser una voz cat\u00f3lica en la vida p\u00fablica, aportando una perspectiva cristiana a la visi\u00f3n de la vida y sus acontecimientos en la sociedad actual, tanto en Espa\u00f1a como en el Mundo.","og_url":"https:\/\/exaudi.org\/es\/author\/enraizados\/","og_site_name":"Exaudi","og_image":[{"url":"https:\/\/secure.gravatar.com\/avatar\/766befbb46a56201d09facd10f18b7d0b7764f075a7f94099d7102d86fc2f90b?s=500&d=mm&r=g","type":"","width":"","height":""}],"twitter_card":"summary_large_image","twitter_site":"@Exaudi_News","schema":{"@context":"https:\/\/schema.org","@graph":[{"@type":"ProfilePage","@id":"https:\/\/exaudi.org\/es\/author\/enraizados\/","url":"https:\/\/exaudi.org\/es\/author\/enraizados\/","name":"Enraizados, autor en Exaudi","isPartOf":{"@id":"https:\/\/exaudi.org\/#website"},"description":"Trabajando desde 2012 por mejorar la sociedad en la que vivimos La Asociaci\u00f3n Enraizados en Cristo y en la Sociedad nace en el a\u00f1o 2012 con el objetivo de ser una voz cat\u00f3lica en la vida p\u00fablica, aportando una perspectiva cristiana a la visi\u00f3n de la vida y sus acontecimientos en la sociedad actual, tanto en Espa\u00f1a como en el Mundo.","breadcrumb":{"@id":"https:\/\/exaudi.org\/es\/author\/enraizados\/#breadcrumb"},"inLanguage":"es","potentialAction":[{"@type":"ReadAction","target":["https:\/\/exaudi.org\/es\/author\/enraizados\/"]}]},{"@type":"BreadcrumbList","@id":"https:\/\/exaudi.org\/es\/author\/enraizados\/#breadcrumb","itemListElement":[{"@type":"ListItem","position":1,"name":"Portada","item":"https:\/\/exaudi.org\/es\/"},{"@type":"ListItem","position":2,"name":"Archivo de Enraizados"}]},{"@type":"WebSite","@id":"https:\/\/exaudi.org\/#website","url":"https:\/\/exaudi.org\/","name":"Exaudi","description":"News","potentialAction":[{"@type":"SearchAction","target":{"@type":"EntryPoint","urlTemplate":"https:\/\/exaudi.org\/?s={search_term_string}"},"query-input":{"@type":"PropertyValueSpecification","valueRequired":true,"valueName":"search_term_string"}}],"inLanguage":"es"},{"@type":"Person","@id":"https:\/\/exaudi.org\/#\/schema\/person\/20d66a3249df43321f92e55f42e42e4a","name":"Enraizados","image":{"@type":"ImageObject","inLanguage":"es","@id":"https:\/\/secure.gravatar.com\/avatar\/766befbb46a56201d09facd10f18b7d0b7764f075a7f94099d7102d86fc2f90b?s=96&d=mm&r=g","url":"https:\/\/secure.gravatar.com\/avatar\/766befbb46a56201d09facd10f18b7d0b7764f075a7f94099d7102d86fc2f90b?s=96&d=mm&r=g","contentUrl":"https:\/\/secure.gravatar.com\/avatar\/766befbb46a56201d09facd10f18b7d0b7764f075a7f94099d7102d86fc2f90b?s=96&d=mm&r=g","caption":"Enraizados"},"description":"Trabajando desde 2012 por mejorar la sociedad en la que vivimos La Asociaci\u00f3n Enraizados en Cristo y en la Sociedad nace en el a\u00f1o 2012 con el objetivo de ser una voz cat\u00f3lica en la vida p\u00fablica, aportando una perspectiva cristiana a la visi\u00f3n de la vida y sus acontecimientos en la sociedad actual, tanto en Espa\u00f1a como en el Mundo.","sameAs":["https:\/\/enraizados.org\/","https:\/\/www.facebook.com\/asociacionenraizados","https:\/\/www.instagram.com\/asociacionenraizados\/","https:\/\/x.com\/https:\/\/twitter.com\/asocenraizados\/","https:\/\/www.youtube.com\/@AsociacionEnraizados"],"mainEntityOfPage":{"@id":"https:\/\/exaudi.org\/es\/author\/enraizados\/"}}]}},"_links":{"self":[{"href":"https:\/\/exaudi.org\/es\/wp-json\/wp\/v2\/users\/123","targetHints":{"allow":["GET"]}}],"collection":[{"href":"https:\/\/exaudi.org\/es\/wp-json\/wp\/v2\/users"}]}}