{"id":99955,"date":"2024-05-08T17:00:37","date_gmt":"2024-05-08T15:00:37","guid":{"rendered":"https:\/\/exaudi.org\/?p=99955"},"modified":"2024-05-08T17:32:43","modified_gmt":"2024-05-08T15:32:43","slug":"el-papa-pecamos-contra-la-esperanza-cuando-nos-quedamos-anclados-en-el-pasado-olvidando-que-dios-nos-ama","status":"publish","type":"post","link":"https:\/\/exaudi.org\/es\/el-papa-pecamos-contra-la-esperanza-cuando-nos-quedamos-anclados-en-el-pasado-olvidando-que-dios-nos-ama\/","title":{"rendered":"El Papa: Pecamos contra la esperanza cuando nos quedamos anclados en el pasado, olvidando que Dios nos ama"},"content":{"rendered":"<p>La audiencia general de esta ma\u00f1ana tuvo lugar a las 9.00 horas en la Plaza de San Pedro, donde el Santo Padre Francisco se reuni\u00f3 con grupos de peregrinos y fieles de Italia y de todo el mundo.<\/p>\n<p>En su discurso en italiano, el Papa, continuando el ciclo de catequesis sobre \u00abLos Vicios y las Virtudes\u00bb, centr\u00f3 su reflexi\u00f3n en el tema de <em>la Esperanza<\/em> (Lectura: <em>Rom<\/em> 8,18.23-24).<\/p>\n<p>El Pont\u00edfice al mencionar esta virtud, afirm\u00f3 que pecamos a menudo contra ella cuando nos sobresalen nostalgias malas, melancol\u00edas, cuando nos dejamos vencer por nuestros pecados, olvidando la misericordia de Dios.<\/p>\n<p>Tras resumir su catequesis en las distintas lenguas, el Santo Padre dirigi\u00f3 expresiones especiales de saludo a los fieles presentes.<\/p>\n<p>La Audiencia General concluy\u00f3 con el rezo del <em>Pater Noster<\/em> y la Bendici\u00f3n Apost\u00f3lica.<\/p>\n<p>***<\/p>\n<p><b>Catequesis. Vicios y virtudes. 18.\u00a0<i>La esperanza<\/i><\/b><\/p>\n<p><i>Queridos hermanos y hermanas,<\/i><\/p>\n<p>En\u00a0<a href=\"https:\/\/www.vatican.va\/content\/francesco\/es\/audiences\/2024\/documents\/20240501-udienza-generale.html\">la \u00faltima catequesis<\/a>\u00a0empezamos a reflexionar sobre las virtudes teologales. Son tres: la fe, la esperanza y la caridad.\u00a0<a href=\"https:\/\/www.vatican.va\/content\/francesco\/es\/audiences\/2024\/documents\/20240501-udienza-generale.html\">La vez pasada<\/a>\u00a0reflexionamos sobre la fe, hoy es el turno de la esperanza.<\/p>\n<p>\u00abLa esperanza es la virtud teologal por la que aspiramos al Reino de los cielos y a la vida eterna como felicidad nuestra, poniendo nuestra confianza en las promesas de Cristo y apoy\u00e1ndonos no en nuestras fuerzas, sino en los auxilios de la gracia del Esp\u00edritu Santo\u00bb (<i><a href=\"https:\/\/www.vatican.va\/archive\/catechism_sp\/index_sp.html\">Catecismo de la Iglesia Cat\u00f3lica<\/a>,<\/i> n. 1817). Estas palabras nos confirman que la esperanza es la respuesta que se ofrece a nuestro coraz\u00f3n cuando surge en nosotros la pregunta absoluta: \u00ab\u00bfQu\u00e9 ser\u00e1 de m\u00ed? \u00bfCu\u00e1l es la meta del viaje? \u00bfCu\u00e1l es el destino del mundo?\u00bb.<img loading=\"lazy\" decoding=\"async\" class=\"size-medium wp-image-99965 alignleft\" src=\"https:\/\/exaudi.org\/wp-content\/uploads\/2024\/05\/cq5dam.web_.800.800-15-300x200.jpeg\" alt=\"\" width=\"300\" height=\"200\" srcset=\"https:\/\/exaudi.org\/wp-content\/uploads\/2024\/05\/cq5dam.web_.800.800-15-300x200.jpeg 300w, https:\/\/exaudi.org\/wp-content\/uploads\/2024\/05\/cq5dam.web_.800.800-15-770x513.jpeg 770w, https:\/\/exaudi.org\/wp-content\/uploads\/2024\/05\/cq5dam.web_.800.800-15-360x240.jpeg?crop=1 360w, https:\/\/exaudi.org\/wp-content\/uploads\/2024\/05\/cq5dam.web_.800.800-15-500x333.jpeg 500w, https:\/\/exaudi.org\/wp-content\/uploads\/2024\/05\/cq5dam.web_.800.800-15-370x247.jpeg 370w, https:\/\/exaudi.org\/wp-content\/uploads\/2024\/05\/cq5dam.web_.800.800-15-293x195.jpeg 293w, https:\/\/exaudi.org\/wp-content\/uploads\/2024\/05\/cq5dam.web_.800.800-15-120x80.jpeg 120w, https:\/\/exaudi.org\/wp-content\/uploads\/2024\/05\/cq5dam.web_.800.800-15-240x160.jpeg 240w, https:\/\/exaudi.org\/wp-content\/uploads\/2024\/05\/cq5dam.web_.800.800-15-390x260.jpeg 390w, https:\/\/exaudi.org\/wp-content\/uploads\/2024\/05\/cq5dam.web_.800.800-15.jpeg 800w\" sizes=\"auto, (max-width: 300px) 100vw, 300px\" \/><\/p>\n<p>Todos nos damos cuenta de que una respuesta negativa a estas preguntas produce tristeza. Si \u00a0el viaje de la vida no tiene sentido, si no hay nada ni al principio ni al final, entonces nos preguntamos por qu\u00e9 tenemos que caminar: de ah\u00ed surge la desesperaci\u00f3n humana, la sensaci\u00f3n de la inutilidad de todo. Y muchos podr\u00edan rebelarse: me he esforzado por ser virtuoso, por ser prudente, justo, fuerte, templado. Tambi\u00e9n he sido un hombre o una mujer de fe&#8230;. \u00bfDe qu\u00e9 ha servido mi lucha si todo se acaba aqu\u00ed? Si falta la esperanza, todas las dem\u00e1s virtudes corren el riesgo de desmoronarse y acabar en cenizas. Si no hubiera un ma\u00f1ana fiable, un horizonte luminoso, solamente podr\u00edamos concluir que la virtud es un esfuerzo in\u00fatil. \u00abS\u00f3lo cuando el futuro es cierto como realidad positiva, se hace llevadero tambi\u00e9n el presente.\u00bb, dec\u00eda\u00a0<a href=\"https:\/\/www.vatican.va\/content\/benedict-xvi\/es.html\">Benedicto XVI<\/a>, (Carta enc\u00edclica\u00a0<a href=\"https:\/\/www.vatican.va\/content\/benedict-xvi\/es\/encyclicals\/documents\/hf_ben-xvi_enc_20071130_spe-salvi.html\"><i>Spe salvi<\/i>,<\/a>\u00a02).<\/p>\n<p>El cristiano tiene esperanza no por m\u00e9rito propio. Si cree en el futuro, es porque Cristo muri\u00f3, resucit\u00f3 y nos dio su Esp\u00edritu. \u00abSe nos ofrece la salvaci\u00f3n en el sentido de que se nos ha dado la esperanza, una esperanza fiable, gracias a la cual podemos afrontar nuestro presente\u00bb (<i><a href=\"https:\/\/www.vatican.va\/content\/benedict-xvi\/es\/encyclicals\/documents\/hf_ben-xvi_enc_20071130_spe-salvi.html\">ibid.<\/a>,<\/i>\u00a01). En este sentido, una vez m\u00e1s, decimos que la esperanza es una virtud teologal: no emana de nosotros, no es una obstinaci\u00f3n de la que queremos convencernos, sino que es un don que viene directamente de Dios.<\/p>\n<p>A muchos cristianos dubitativos, que no hab\u00edan renacido del todo a la esperanza, el ap\u00f3stol Pablo les presenta la nueva l\u00f3gica de la experiencia cristiana: \u00abSi Cristo no resucit\u00f3, vana es la fe de ustedes y ustedes siguen en sus pecados. Por tanto, tambi\u00e9n los que durmieron en Cristo perecieron. Si solamente para esta vida tenemos puesta nuestra esperanza en Cristo, \u00a1somos los m\u00e1s dignos de compasi\u00f3n de todos los hombres!\u00bb (1\u00a0<i>Cor<\/i>\u00a015,17-19). Es como si dijera: si crees en la resurrecci\u00f3n de Cristo, entonces sabes con certeza que no hay derrota ni muerte para siempre. Pero si no crees en la resurrecci\u00f3n de Cristo, entonces todo se vuelve vac\u00edo, incluso la predicaci\u00f3n de los Ap\u00f3stoles.<img loading=\"lazy\" decoding=\"async\" class=\"size-medium wp-image-99969 alignright\" src=\"https:\/\/exaudi.org\/wp-content\/uploads\/2024\/05\/cq5dam.web_.800.800-23-300x200.jpeg\" alt=\"\" width=\"300\" height=\"200\" srcset=\"https:\/\/exaudi.org\/wp-content\/uploads\/2024\/05\/cq5dam.web_.800.800-23-300x200.jpeg 300w, https:\/\/exaudi.org\/wp-content\/uploads\/2024\/05\/cq5dam.web_.800.800-23-770x513.jpeg 770w, https:\/\/exaudi.org\/wp-content\/uploads\/2024\/05\/cq5dam.web_.800.800-23-360x240.jpeg?crop=1 360w, https:\/\/exaudi.org\/wp-content\/uploads\/2024\/05\/cq5dam.web_.800.800-23-500x333.jpeg 500w, https:\/\/exaudi.org\/wp-content\/uploads\/2024\/05\/cq5dam.web_.800.800-23-370x247.jpeg 370w, https:\/\/exaudi.org\/wp-content\/uploads\/2024\/05\/cq5dam.web_.800.800-23-293x195.jpeg 293w, https:\/\/exaudi.org\/wp-content\/uploads\/2024\/05\/cq5dam.web_.800.800-23-120x80.jpeg 120w, https:\/\/exaudi.org\/wp-content\/uploads\/2024\/05\/cq5dam.web_.800.800-23-240x160.jpeg 240w, https:\/\/exaudi.org\/wp-content\/uploads\/2024\/05\/cq5dam.web_.800.800-23-390x260.jpeg 390w, https:\/\/exaudi.org\/wp-content\/uploads\/2024\/05\/cq5dam.web_.800.800-23.jpeg 800w\" sizes=\"auto, (max-width: 300px) 100vw, 300px\" \/><\/p>\n<p>La esperanza es una virtud contra la que pecamos a menudo: en nuestras nostalgias malas, en nuestras melancol\u00edas, cuando pensamos que las felicidades pasadas est\u00e1n enterradas para siempre. Pecamos contra la esperanza cuando nos abatimos ante nuestros pecados, olvidando que Dios es misericordioso y m\u00e1s grande que nuestros corazones. No lo olvidemos, hermanos y hermanas: Dios perdona todo, Dios perdona siempre. Somos nosotros los que nos cansamos de pedir perd\u00f3n. Pero no olvidemos esta verdad: Dios lo perdona todo, Dios perdona siempre. Pecamos contra la esperanza cuando nos abatimos ante nuestros pecados; pecamos contra la esperanza cuando en nosotros el oto\u00f1o anula la primavera; cuando el amor de Dios deja de ser para nosotros un fuego eterno y nos falta la valent\u00eda de tomar decisiones que nos comprometen para toda la vida.<\/p>\n<p>\u00a1El mundo de hoy tiene tanta necesidad de esta virtud cristiana! El mundo necesita esperanza, como tambi\u00e9n necesita tanto la paciencia, virtud que camina de la mano de la esperanza. Los seres humanos pacientes son tejedores de bien. Desean obstinadamente la paz, y aunque algunos tienen prisa y quisieran todo y todo ya, la paciencia tiene capacidad de espera. Incluso cuando muchos a su alrededor han sucumbido a la desilusi\u00f3n, quien est\u00e1 animado por la esperanza y es paciente es capaz de atravesar las noches m\u00e1s oscuras. La esperanza y la paciencia van juntas.<\/p>\n<p>La esperanza es la virtud de quien tiene un coraz\u00f3n joven; y aqu\u00ed, la edad no cuenta. Porque existen tambi\u00e9n ancianos con los ojos llenos de luz, que viven una tensi\u00f3n permanente hacia el futuro. Pensemos en aquellos dos grandes ancianos del Evangelio, Sime\u00f3n y Ana: nunca se cansaron de esperar, y vieron el \u00faltimo tramo de su camino bendecido por el encuentro con el Mes\u00edas, a quien reconocieron en Jes\u00fas, llevado al Templo por sus padres. \u00a1Qu\u00e9 gracia si fuera as\u00ed para todos nosotros! Si, despu\u00e9s de una larga peregrinaci\u00f3n, al dejar las alforjas y el bast\u00f3n, nuestro coraz\u00f3n se llenara de una alegr\u00eda que nunca antes hab\u00edamos sentido, y nosotros tambi\u00e9n pudi\u00e9ramos exclamar:<\/p>\n<p>\u00abAhora, Se\u00f1or, puedes, seg\u00fan tu palabra, dejar que tu siervo se vaya en paz; porque han visto mis ojos tu salvaci\u00f3n, la que has preparado a la vista de todos los pueblos, luz para iluminar a los gentiles y gloria de tu pueblo Israel\u00bb (<i>Lc\u00a0<\/i>2,29-32).<\/p>\n<p><img loading=\"lazy\" decoding=\"async\" class=\"size-medium wp-image-99972 alignleft\" src=\"https:\/\/exaudi.org\/wp-content\/uploads\/2024\/05\/cq5dam.web_.800.800-34-300x200.jpeg\" alt=\"\" width=\"300\" height=\"200\" srcset=\"https:\/\/exaudi.org\/wp-content\/uploads\/2024\/05\/cq5dam.web_.800.800-34-300x200.jpeg 300w, https:\/\/exaudi.org\/wp-content\/uploads\/2024\/05\/cq5dam.web_.800.800-34-770x513.jpeg 770w, https:\/\/exaudi.org\/wp-content\/uploads\/2024\/05\/cq5dam.web_.800.800-34-360x240.jpeg?crop=1 360w, https:\/\/exaudi.org\/wp-content\/uploads\/2024\/05\/cq5dam.web_.800.800-34-500x333.jpeg 500w, https:\/\/exaudi.org\/wp-content\/uploads\/2024\/05\/cq5dam.web_.800.800-34-370x247.jpeg 370w, https:\/\/exaudi.org\/wp-content\/uploads\/2024\/05\/cq5dam.web_.800.800-34-293x195.jpeg 293w, https:\/\/exaudi.org\/wp-content\/uploads\/2024\/05\/cq5dam.web_.800.800-34-120x80.jpeg 120w, https:\/\/exaudi.org\/wp-content\/uploads\/2024\/05\/cq5dam.web_.800.800-34-240x160.jpeg 240w, https:\/\/exaudi.org\/wp-content\/uploads\/2024\/05\/cq5dam.web_.800.800-34-390x260.jpeg 390w, https:\/\/exaudi.org\/wp-content\/uploads\/2024\/05\/cq5dam.web_.800.800-34.jpeg 800w\" sizes=\"auto, (max-width: 300px) 100vw, 300px\" \/>Hermanos y hermanas, sigamos adelante y pidamos la gracia de tener esperanza, la esperanza con la paciencia. Mirar siempre hacia ese encuentro definitivo; pensar siempre que el Se\u00f1or est\u00e1 cerca de nosotros, que nunca, \u00a1nunca la muerte ser\u00e1 victoriosa! Sigamos adelante y pidamos al Se\u00f1or que nos d\u00e9 esta gran virtud de la esperanza, acompa\u00f1ada por la paciencia. Gracias.<\/p>\n<p>________________________<\/p>\n<p><b>Saludos<\/b><\/p>\n<p>Saludo cordialmente a los peregrinos de lengua espa\u00f1ola. Que el Se\u00f1or acrezca nuestra esperanza y nuestra paciencia, para ser artesanos de paz y de bien en el mundo que tiene mucha necesidad de la virtud. Hoy en mi patria, en Argentina, se celebra la solemnidad de Nuestra Se\u00f1ora de Luj\u00e1n, cuya imagen est\u00e1 aqu\u00ed presente. Pidamos por Argentina, para que el Se\u00f1or la ayude en su camino. Que Jes\u00fas los bendiga y la Virgen Santa los cuide. Muchas gracias.<\/p>\n<p>________________________<\/p>\n<p><b>Resumen le\u00eddo por el Santo Padre en espa\u00f1ol<br \/>\n<\/b><i><br \/>\nQueridos hermanos y hermanas:<\/i><\/p>\n<p>Hoy reflexionamos sobre la esperanza, que es la virtud teologal que nos ayuda a comprender que nuestra felicidad es el Reino de los cielos y la vida eterna, confiando en las promesas del Se\u00f1or Jes\u00fas y en el auxilio de las gracias del Esp\u00edritu Santo. Se fundamenta en el misterio pascual de Jesucristo y en el don del Esp\u00edritu Santo, no en nuestro esfuerzo ni en nuestra voluntad personal.<\/p>\n<p>Frente a las preguntas trascendentales sobre el destino de nuestra vida y del mundo, la esperanza es la respuesta que Cristo nos da. Con ella, podemos vivir con alegr\u00eda y serenidad nuestro presente, pues Jes\u00fas nos asegura un futuro confiable y un horizonte luminoso. Sin esperanza, en cambio, el hombre vive en la tristeza y cae en la desesperaci\u00f3n.<\/p>\n<p>Pec que es misericordioso y m\u00e1s grande que nuestro coraz\u00f3n, Dios es m\u00e1s grande que nuestro pecado; pecamos cuando no tenemos el valor de tomar decisiones que nos comprometan de por vida.<\/p>\n<p><iframe loading=\"lazy\" title=\"Audiencia General - 08 mayo 2024 - Papa Francisco\" width=\"500\" height=\"281\" src=\"https:\/\/www.youtube.com\/embed\/HS1-DkvvnLg?feature=oembed\" frameborder=\"0\" allow=\"accelerometer; autoplay; clipboard-write; encrypted-media; gyroscope; picture-in-picture; web-share\" referrerpolicy=\"strict-origin-when-cross-origin\" allowfullscreen><\/iframe><\/p>\n","protected":false},"excerpt":{"rendered":"<p>Audiencia General<\/p>\n","protected":false},"author":15,"featured_media":99958,"comment_status":"closed","ping_status":"closed","sticky":false,"template":"","format":"standard","meta":{"_acf_changed":false,"_crdt_document":"","inline_featured_image":false,"footnotes":""},"categories":[112,68],"tags":[179,2419,14985,14986],"class_list":["post-99955","post","type-post","status-publish","format-standard","has-post-thumbnail","hentry","category-audiencia-general","category-leon-xiv","tag-audiencia-general","tag-featured","tag-la-esperanza","tag-los-vicios-y-las-virtudes"],"acf":[],"yoast_head":"<!-- This site is optimized with the Yoast SEO plugin v27.4 - https:\/\/yoast.com\/product\/yoast-seo-wordpress\/ -->\n<title>El Papa: Pecamos contra la esperanza cuando nos quedamos anclados en el pasado, olvidando que Dios nos ama &#8211; Exaudi<\/title>\n<meta name=\"robots\" content=\"index, follow, max-snippet:-1, max-image-preview:large, max-video-preview:-1\" \/>\n<link rel=\"canonical\" href=\"https:\/\/exaudi.org\/es\/el-papa-pecamos-contra-la-esperanza-cuando-nos-quedamos-anclados-en-el-pasado-olvidando-que-dios-nos-ama\/\" \/>\n<meta property=\"og:locale\" content=\"es_ES\" \/>\n<meta property=\"og:type\" content=\"article\" \/>\n<meta property=\"og:title\" content=\"El Papa: Pecamos contra la esperanza cuando nos quedamos anclados en el pasado, olvidando que Dios nos ama &#8211; Exaudi\" \/>\n<meta property=\"og:description\" content=\"Audiencia General\" \/>\n<meta property=\"og:url\" content=\"https:\/\/exaudi.org\/es\/el-papa-pecamos-contra-la-esperanza-cuando-nos-quedamos-anclados-en-el-pasado-olvidando-que-dios-nos-ama\/\" \/>\n<meta property=\"og:site_name\" content=\"Exaudi\" \/>\n<meta property=\"article:publisher\" content=\"https:\/\/www.facebook.com\/ExaudiNews\" \/>\n<meta property=\"article:author\" content=\"https:\/\/www.facebook.com\/ExaudiNoticias\/\" \/>\n<meta property=\"article:published_time\" content=\"2024-05-08T15:00:37+00:00\" \/>\n<meta property=\"article:modified_time\" content=\"2024-05-08T15:32:43+00:00\" \/>\n<meta property=\"og:image\" content=\"https:\/\/exaudi.org\/wp-content\/uploads\/2024\/05\/cq5dam.web_.800.800-11.jpeg\" \/>\n\t<meta property=\"og:image:width\" content=\"800\" \/>\n\t<meta property=\"og:image:height\" content=\"533\" \/>\n\t<meta property=\"og:image:type\" content=\"image\/jpeg\" \/>\n<meta name=\"author\" content=\"Exaudi Redacci\u00f3n\" \/>\n<meta name=\"twitter:card\" content=\"summary_large_image\" \/>\n<meta name=\"twitter:creator\" content=\"@Exaudi_noticias\" \/>\n<meta name=\"twitter:site\" content=\"@Exaudi_News\" \/>\n<meta name=\"twitter:label1\" content=\"Escrito por\" \/>\n\t<meta name=\"twitter:data1\" content=\"Exaudi Redacci\u00f3n\" \/>\n\t<meta name=\"twitter:label2\" content=\"Tiempo de lectura\" \/>\n\t<meta name=\"twitter:data2\" content=\"7 minutos\" \/>\n<script type=\"application\/ld+json\" class=\"yoast-schema-graph\">{\"@context\":\"https:\\\/\\\/schema.org\",\"@graph\":[{\"@type\":\"Article\",\"@id\":\"https:\\\/\\\/exaudi.org\\\/es\\\/el-papa-pecamos-contra-la-esperanza-cuando-nos-quedamos-anclados-en-el-pasado-olvidando-que-dios-nos-ama\\\/#article\",\"isPartOf\":{\"@id\":\"https:\\\/\\\/exaudi.org\\\/es\\\/el-papa-pecamos-contra-la-esperanza-cuando-nos-quedamos-anclados-en-el-pasado-olvidando-que-dios-nos-ama\\\/\"},\"author\":{\"name\":\"Exaudi Redacci\u00f3n\",\"@id\":\"https:\\\/\\\/exaudi.org\\\/#\\\/schema\\\/person\\\/f5fc8f063065e38742da7afe15f25df7\"},\"headline\":\"El Papa: Pecamos contra la esperanza cuando nos quedamos anclados en el pasado, olvidando que Dios nos ama\",\"datePublished\":\"2024-05-08T15:00:37+00:00\",\"dateModified\":\"2024-05-08T15:32:43+00:00\",\"mainEntityOfPage\":{\"@id\":\"https:\\\/\\\/exaudi.org\\\/es\\\/el-papa-pecamos-contra-la-esperanza-cuando-nos-quedamos-anclados-en-el-pasado-olvidando-que-dios-nos-ama\\\/\"},\"wordCount\":1432,\"image\":{\"@id\":\"https:\\\/\\\/exaudi.org\\\/es\\\/el-papa-pecamos-contra-la-esperanza-cuando-nos-quedamos-anclados-en-el-pasado-olvidando-que-dios-nos-ama\\\/#primaryimage\"},\"thumbnailUrl\":\"https:\\\/\\\/exaudi.org\\\/wp-content\\\/uploads\\\/2024\\\/05\\\/cq5dam.web_.800.800-11.jpeg\",\"keywords\":[\"audiencia general\",\"Featured\",\"la Esperanza\",\"Los Vicios y las Virtudes\"],\"articleSection\":[\"Audiencia General\",\"Le\u00f3n XIV\"],\"inLanguage\":\"es\"},{\"@type\":\"WebPage\",\"@id\":\"https:\\\/\\\/exaudi.org\\\/es\\\/el-papa-pecamos-contra-la-esperanza-cuando-nos-quedamos-anclados-en-el-pasado-olvidando-que-dios-nos-ama\\\/\",\"url\":\"https:\\\/\\\/exaudi.org\\\/es\\\/el-papa-pecamos-contra-la-esperanza-cuando-nos-quedamos-anclados-en-el-pasado-olvidando-que-dios-nos-ama\\\/\",\"name\":\"El Papa: Pecamos contra la esperanza cuando nos quedamos anclados en el pasado, olvidando que Dios nos ama &#8211; Exaudi\",\"isPartOf\":{\"@id\":\"https:\\\/\\\/exaudi.org\\\/#website\"},\"primaryImageOfPage\":{\"@id\":\"https:\\\/\\\/exaudi.org\\\/es\\\/el-papa-pecamos-contra-la-esperanza-cuando-nos-quedamos-anclados-en-el-pasado-olvidando-que-dios-nos-ama\\\/#primaryimage\"},\"image\":{\"@id\":\"https:\\\/\\\/exaudi.org\\\/es\\\/el-papa-pecamos-contra-la-esperanza-cuando-nos-quedamos-anclados-en-el-pasado-olvidando-que-dios-nos-ama\\\/#primaryimage\"},\"thumbnailUrl\":\"https:\\\/\\\/exaudi.org\\\/wp-content\\\/uploads\\\/2024\\\/05\\\/cq5dam.web_.800.800-11.jpeg\",\"datePublished\":\"2024-05-08T15:00:37+00:00\",\"dateModified\":\"2024-05-08T15:32:43+00:00\",\"author\":{\"@id\":\"https:\\\/\\\/exaudi.org\\\/#\\\/schema\\\/person\\\/f5fc8f063065e38742da7afe15f25df7\"},\"breadcrumb\":{\"@id\":\"https:\\\/\\\/exaudi.org\\\/es\\\/el-papa-pecamos-contra-la-esperanza-cuando-nos-quedamos-anclados-en-el-pasado-olvidando-que-dios-nos-ama\\\/#breadcrumb\"},\"inLanguage\":\"es\",\"potentialAction\":[{\"@type\":\"ReadAction\",\"target\":[\"https:\\\/\\\/exaudi.org\\\/es\\\/el-papa-pecamos-contra-la-esperanza-cuando-nos-quedamos-anclados-en-el-pasado-olvidando-que-dios-nos-ama\\\/\"]}]},{\"@type\":\"ImageObject\",\"inLanguage\":\"es\",\"@id\":\"https:\\\/\\\/exaudi.org\\\/es\\\/el-papa-pecamos-contra-la-esperanza-cuando-nos-quedamos-anclados-en-el-pasado-olvidando-que-dios-nos-ama\\\/#primaryimage\",\"url\":\"https:\\\/\\\/exaudi.org\\\/wp-content\\\/uploads\\\/2024\\\/05\\\/cq5dam.web_.800.800-11.jpeg\",\"contentUrl\":\"https:\\\/\\\/exaudi.org\\\/wp-content\\\/uploads\\\/2024\\\/05\\\/cq5dam.web_.800.800-11.jpeg\",\"width\":800,\"height\":533},{\"@type\":\"BreadcrumbList\",\"@id\":\"https:\\\/\\\/exaudi.org\\\/es\\\/el-papa-pecamos-contra-la-esperanza-cuando-nos-quedamos-anclados-en-el-pasado-olvidando-que-dios-nos-ama\\\/#breadcrumb\",\"itemListElement\":[{\"@type\":\"ListItem\",\"position\":1,\"name\":\"Portada\",\"item\":\"https:\\\/\\\/exaudi.org\\\/es\\\/\"},{\"@type\":\"ListItem\",\"position\":2,\"name\":\"El Papa: Pecamos contra la esperanza cuando nos quedamos anclados en el pasado, olvidando que Dios nos ama\"}]},{\"@type\":\"WebSite\",\"@id\":\"https:\\\/\\\/exaudi.org\\\/#website\",\"url\":\"https:\\\/\\\/exaudi.org\\\/\",\"name\":\"Exaudi\",\"description\":\"News\",\"potentialAction\":[{\"@type\":\"SearchAction\",\"target\":{\"@type\":\"EntryPoint\",\"urlTemplate\":\"https:\\\/\\\/exaudi.org\\\/?s={search_term_string}\"},\"query-input\":{\"@type\":\"PropertyValueSpecification\",\"valueRequired\":true,\"valueName\":\"search_term_string\"}}],\"inLanguage\":\"es\"},{\"@type\":\"Person\",\"@id\":\"https:\\\/\\\/exaudi.org\\\/#\\\/schema\\\/person\\\/f5fc8f063065e38742da7afe15f25df7\",\"name\":\"Exaudi Redacci\u00f3n\",\"image\":{\"@type\":\"ImageObject\",\"inLanguage\":\"es\",\"@id\":\"https:\\\/\\\/secure.gravatar.com\\\/avatar\\\/fe0f6a059fb68d9b3e11bc5850dd4899b1c7492091a3cb6dd9b01b56ad828be2?s=96&d=mm&r=g\",\"url\":\"https:\\\/\\\/secure.gravatar.com\\\/avatar\\\/fe0f6a059fb68d9b3e11bc5850dd4899b1c7492091a3cb6dd9b01b56ad828be2?s=96&d=mm&r=g\",\"contentUrl\":\"https:\\\/\\\/secure.gravatar.com\\\/avatar\\\/fe0f6a059fb68d9b3e11bc5850dd4899b1c7492091a3cb6dd9b01b56ad828be2?s=96&d=mm&r=g\",\"caption\":\"Exaudi Redacci\u00f3n\"},\"description\":\"\u00bfQu\u00e9 es Exaudi News? Exaudi News es un medio de comunicaci\u00f3n cat\u00f3lico internacional que informa, forma y transforma, diariamente en espa\u00f1ol, ingl\u00e9s e italiano. A trav\u00e9s de noticias, art\u00edculos de an\u00e1lisis y transmisiones en directo de los eventos del Papa, Exaudi busca fortalecer la unidad de los cristianos y contribuir a la evangelizaci\u00f3n del mundo, siempre guiados por la doctrina social de la Iglesia. Trabajamos para acercar la verdad y los valores cristianos a cada rinc\u00f3n del planeta. \u00a1Ay\u00fadanos a transformar el mundo con Exaudi! En Exaudi creemos que la evangelizaci\u00f3n y la informaci\u00f3n de calidad pueden cambiar vidas. Para continuar con nuestra misi\u00f3n y expandir nuestro alcance, necesitamos tu ayuda. Adem\u00e1s, buscamos personas comprometidas que deseen unirse a nuestro equipo. Con tu apoyo, lograremos llegar a m\u00e1s personas, difundir el mensaje de Cristo y reforzar la unidad de los cristianos. \u00bfTe unes a nuestra misi\u00f3n? Para m\u00e1s informaci\u00f3n sobre c\u00f3mo colaborar, visita Exaudi.org\\\/es o cont\u00e1ctanos directamente: info@exaudi.org Exaudi: Informa, forma y transforma.\",\"sameAs\":[\"https:\\\/\\\/www.facebook.com\\\/ExaudiNoticias\\\/\",\"https:\\\/\\\/www.instagram.com\\\/exaudi_noticias\\\/\",\"https:\\\/\\\/x.com\\\/Exaudi_noticias\",\"https:\\\/\\\/www.youtube.com\\\/@exaudicatholicnews\"],\"url\":\"https:\\\/\\\/exaudi.org\\\/es\\\/author\\\/redaccionexaudi\\\/\"}]}<\/script>\n<!-- \/ Yoast SEO plugin. -->","yoast_head_json":{"title":"El Papa: Pecamos contra la esperanza cuando nos quedamos anclados en el pasado, olvidando que Dios nos ama &#8211; Exaudi","robots":{"index":"index","follow":"follow","max-snippet":"max-snippet:-1","max-image-preview":"max-image-preview:large","max-video-preview":"max-video-preview:-1"},"canonical":"https:\/\/exaudi.org\/es\/el-papa-pecamos-contra-la-esperanza-cuando-nos-quedamos-anclados-en-el-pasado-olvidando-que-dios-nos-ama\/","og_locale":"es_ES","og_type":"article","og_title":"El Papa: Pecamos contra la esperanza cuando nos quedamos anclados en el pasado, olvidando que Dios nos ama &#8211; Exaudi","og_description":"Audiencia General","og_url":"https:\/\/exaudi.org\/es\/el-papa-pecamos-contra-la-esperanza-cuando-nos-quedamos-anclados-en-el-pasado-olvidando-que-dios-nos-ama\/","og_site_name":"Exaudi","article_publisher":"https:\/\/www.facebook.com\/ExaudiNews","article_author":"https:\/\/www.facebook.com\/ExaudiNoticias\/","article_published_time":"2024-05-08T15:00:37+00:00","article_modified_time":"2024-05-08T15:32:43+00:00","og_image":[{"width":800,"height":533,"url":"https:\/\/exaudi.org\/wp-content\/uploads\/2024\/05\/cq5dam.web_.800.800-11.jpeg","type":"image\/jpeg"}],"author":"Exaudi Redacci\u00f3n","twitter_card":"summary_large_image","twitter_creator":"@Exaudi_noticias","twitter_site":"@Exaudi_News","twitter_misc":{"Escrito por":"Exaudi Redacci\u00f3n","Tiempo de lectura":"7 minutos"},"schema":{"@context":"https:\/\/schema.org","@graph":[{"@type":"Article","@id":"https:\/\/exaudi.org\/es\/el-papa-pecamos-contra-la-esperanza-cuando-nos-quedamos-anclados-en-el-pasado-olvidando-que-dios-nos-ama\/#article","isPartOf":{"@id":"https:\/\/exaudi.org\/es\/el-papa-pecamos-contra-la-esperanza-cuando-nos-quedamos-anclados-en-el-pasado-olvidando-que-dios-nos-ama\/"},"author":{"name":"Exaudi Redacci\u00f3n","@id":"https:\/\/exaudi.org\/#\/schema\/person\/f5fc8f063065e38742da7afe15f25df7"},"headline":"El Papa: Pecamos contra la esperanza cuando nos quedamos anclados en el pasado, olvidando que Dios nos ama","datePublished":"2024-05-08T15:00:37+00:00","dateModified":"2024-05-08T15:32:43+00:00","mainEntityOfPage":{"@id":"https:\/\/exaudi.org\/es\/el-papa-pecamos-contra-la-esperanza-cuando-nos-quedamos-anclados-en-el-pasado-olvidando-que-dios-nos-ama\/"},"wordCount":1432,"image":{"@id":"https:\/\/exaudi.org\/es\/el-papa-pecamos-contra-la-esperanza-cuando-nos-quedamos-anclados-en-el-pasado-olvidando-que-dios-nos-ama\/#primaryimage"},"thumbnailUrl":"https:\/\/exaudi.org\/wp-content\/uploads\/2024\/05\/cq5dam.web_.800.800-11.jpeg","keywords":["audiencia general","Featured","la Esperanza","Los Vicios y las Virtudes"],"articleSection":["Audiencia General","Le\u00f3n XIV"],"inLanguage":"es"},{"@type":"WebPage","@id":"https:\/\/exaudi.org\/es\/el-papa-pecamos-contra-la-esperanza-cuando-nos-quedamos-anclados-en-el-pasado-olvidando-que-dios-nos-ama\/","url":"https:\/\/exaudi.org\/es\/el-papa-pecamos-contra-la-esperanza-cuando-nos-quedamos-anclados-en-el-pasado-olvidando-que-dios-nos-ama\/","name":"El Papa: Pecamos contra la esperanza cuando nos quedamos anclados en el pasado, olvidando que Dios nos ama &#8211; Exaudi","isPartOf":{"@id":"https:\/\/exaudi.org\/#website"},"primaryImageOfPage":{"@id":"https:\/\/exaudi.org\/es\/el-papa-pecamos-contra-la-esperanza-cuando-nos-quedamos-anclados-en-el-pasado-olvidando-que-dios-nos-ama\/#primaryimage"},"image":{"@id":"https:\/\/exaudi.org\/es\/el-papa-pecamos-contra-la-esperanza-cuando-nos-quedamos-anclados-en-el-pasado-olvidando-que-dios-nos-ama\/#primaryimage"},"thumbnailUrl":"https:\/\/exaudi.org\/wp-content\/uploads\/2024\/05\/cq5dam.web_.800.800-11.jpeg","datePublished":"2024-05-08T15:00:37+00:00","dateModified":"2024-05-08T15:32:43+00:00","author":{"@id":"https:\/\/exaudi.org\/#\/schema\/person\/f5fc8f063065e38742da7afe15f25df7"},"breadcrumb":{"@id":"https:\/\/exaudi.org\/es\/el-papa-pecamos-contra-la-esperanza-cuando-nos-quedamos-anclados-en-el-pasado-olvidando-que-dios-nos-ama\/#breadcrumb"},"inLanguage":"es","potentialAction":[{"@type":"ReadAction","target":["https:\/\/exaudi.org\/es\/el-papa-pecamos-contra-la-esperanza-cuando-nos-quedamos-anclados-en-el-pasado-olvidando-que-dios-nos-ama\/"]}]},{"@type":"ImageObject","inLanguage":"es","@id":"https:\/\/exaudi.org\/es\/el-papa-pecamos-contra-la-esperanza-cuando-nos-quedamos-anclados-en-el-pasado-olvidando-que-dios-nos-ama\/#primaryimage","url":"https:\/\/exaudi.org\/wp-content\/uploads\/2024\/05\/cq5dam.web_.800.800-11.jpeg","contentUrl":"https:\/\/exaudi.org\/wp-content\/uploads\/2024\/05\/cq5dam.web_.800.800-11.jpeg","width":800,"height":533},{"@type":"BreadcrumbList","@id":"https:\/\/exaudi.org\/es\/el-papa-pecamos-contra-la-esperanza-cuando-nos-quedamos-anclados-en-el-pasado-olvidando-que-dios-nos-ama\/#breadcrumb","itemListElement":[{"@type":"ListItem","position":1,"name":"Portada","item":"https:\/\/exaudi.org\/es\/"},{"@type":"ListItem","position":2,"name":"El Papa: Pecamos contra la esperanza cuando nos quedamos anclados en el pasado, olvidando que Dios nos ama"}]},{"@type":"WebSite","@id":"https:\/\/exaudi.org\/#website","url":"https:\/\/exaudi.org\/","name":"Exaudi","description":"News","potentialAction":[{"@type":"SearchAction","target":{"@type":"EntryPoint","urlTemplate":"https:\/\/exaudi.org\/?s={search_term_string}"},"query-input":{"@type":"PropertyValueSpecification","valueRequired":true,"valueName":"search_term_string"}}],"inLanguage":"es"},{"@type":"Person","@id":"https:\/\/exaudi.org\/#\/schema\/person\/f5fc8f063065e38742da7afe15f25df7","name":"Exaudi Redacci\u00f3n","image":{"@type":"ImageObject","inLanguage":"es","@id":"https:\/\/secure.gravatar.com\/avatar\/fe0f6a059fb68d9b3e11bc5850dd4899b1c7492091a3cb6dd9b01b56ad828be2?s=96&d=mm&r=g","url":"https:\/\/secure.gravatar.com\/avatar\/fe0f6a059fb68d9b3e11bc5850dd4899b1c7492091a3cb6dd9b01b56ad828be2?s=96&d=mm&r=g","contentUrl":"https:\/\/secure.gravatar.com\/avatar\/fe0f6a059fb68d9b3e11bc5850dd4899b1c7492091a3cb6dd9b01b56ad828be2?s=96&d=mm&r=g","caption":"Exaudi Redacci\u00f3n"},"description":"\u00bfQu\u00e9 es Exaudi News? Exaudi News es un medio de comunicaci\u00f3n cat\u00f3lico internacional que informa, forma y transforma, diariamente en espa\u00f1ol, ingl\u00e9s e italiano. A trav\u00e9s de noticias, art\u00edculos de an\u00e1lisis y transmisiones en directo de los eventos del Papa, Exaudi busca fortalecer la unidad de los cristianos y contribuir a la evangelizaci\u00f3n del mundo, siempre guiados por la doctrina social de la Iglesia. Trabajamos para acercar la verdad y los valores cristianos a cada rinc\u00f3n del planeta. \u00a1Ay\u00fadanos a transformar el mundo con Exaudi! En Exaudi creemos que la evangelizaci\u00f3n y la informaci\u00f3n de calidad pueden cambiar vidas. Para continuar con nuestra misi\u00f3n y expandir nuestro alcance, necesitamos tu ayuda. Adem\u00e1s, buscamos personas comprometidas que deseen unirse a nuestro equipo. Con tu apoyo, lograremos llegar a m\u00e1s personas, difundir el mensaje de Cristo y reforzar la unidad de los cristianos. \u00bfTe unes a nuestra misi\u00f3n? Para m\u00e1s informaci\u00f3n sobre c\u00f3mo colaborar, visita Exaudi.org\/es o cont\u00e1ctanos directamente: info@exaudi.org Exaudi: Informa, forma y transforma.","sameAs":["https:\/\/www.facebook.com\/ExaudiNoticias\/","https:\/\/www.instagram.com\/exaudi_noticias\/","https:\/\/x.com\/Exaudi_noticias","https:\/\/www.youtube.com\/@exaudicatholicnews"],"url":"https:\/\/exaudi.org\/es\/author\/redaccionexaudi\/"}]}},"jetpack_featured_media_url":"https:\/\/exaudi.org\/wp-content\/uploads\/2024\/05\/cq5dam.web_.800.800-11.jpeg","jetpack_shortlink":"https:\/\/wp.me\/pgKjF2-q0b","_links":{"self":[{"href":"https:\/\/exaudi.org\/es\/wp-json\/wp\/v2\/posts\/99955","targetHints":{"allow":["GET"]}}],"collection":[{"href":"https:\/\/exaudi.org\/es\/wp-json\/wp\/v2\/posts"}],"about":[{"href":"https:\/\/exaudi.org\/es\/wp-json\/wp\/v2\/types\/post"}],"author":[{"embeddable":true,"href":"https:\/\/exaudi.org\/es\/wp-json\/wp\/v2\/users\/15"}],"replies":[{"embeddable":true,"href":"https:\/\/exaudi.org\/es\/wp-json\/wp\/v2\/comments?post=99955"}],"version-history":[{"count":0,"href":"https:\/\/exaudi.org\/es\/wp-json\/wp\/v2\/posts\/99955\/revisions"}],"wp:featuredmedia":[{"embeddable":true,"href":"https:\/\/exaudi.org\/es\/wp-json\/wp\/v2\/media\/99958"}],"wp:attachment":[{"href":"https:\/\/exaudi.org\/es\/wp-json\/wp\/v2\/media?parent=99955"}],"wp:term":[{"taxonomy":"category","embeddable":true,"href":"https:\/\/exaudi.org\/es\/wp-json\/wp\/v2\/categories?post=99955"},{"taxonomy":"post_tag","embeddable":true,"href":"https:\/\/exaudi.org\/es\/wp-json\/wp\/v2\/tags?post=99955"}],"curies":[{"name":"wp","href":"https:\/\/api.w.org\/{rel}","templated":true}]}}