{"id":99915,"date":"2024-05-07T17:11:18","date_gmt":"2024-05-07T15:11:18","guid":{"rendered":"https:\/\/exaudi.org\/?p=99915"},"modified":"2024-05-07T17:15:45","modified_gmt":"2024-05-07T15:15:45","slug":"diplomado-internacional-de-doctrina-social-en-nueva-york","status":"publish","type":"post","link":"https:\/\/exaudi.org\/es\/diplomado-internacional-de-doctrina-social-en-nueva-york\/","title":{"rendered":"Diplomado Internacional de Doctrina Social en Nueva York"},"content":{"rendered":"<audio class=\"wp-audio-shortcode\" id=\"audio-99915-1\" preload=\"none\" style=\"width: 100%;\" controls=\"controls\"><source type=\"audio\/mpeg\" src=\"https:\/\/exaudi.org\/wp-content\/uploads\/2024\/05\/Diplomado-Internacional-de-Doctrina-Social.mp3?_=1\" \/><a href=\"https:\/\/exaudi.org\/wp-content\/uploads\/2024\/05\/Diplomado-Internacional-de-Doctrina-Social.mp3\">https:\/\/exaudi.org\/wp-content\/uploads\/2024\/05\/Diplomado-Internacional-de-Doctrina-Social.mp3<\/a><\/audio>\n<p><span style=\"font-weight: 400\">Del 19 al 28 de Julio se realizar\u00e1 en la ciudad de Nueva York, un curso de Doctrina Social de la Iglesia del m\u00e1s alto nivel para abordar el Desarrollo Humano Integral Solidario y Sostenible que permita discernir las oportunidades, desaf\u00edos y peligros de la agenda 2030 de Naciones Unidas.<\/span><\/p>\n<p><span style=\"font-weight: 400\">Para ello, la Academia Internacional de L\u00edderes Cat\u00f3licos ha integrado un cuerpo docente del m\u00e1s alto nivel internacional encabezado por los Cardenales Christophe Pierre, nuncio en los Estados Unidos; Odilo Scherer, arzobispo de Sao Paulo en Brasil; y Marc Ouellet, presidente em\u00e9rito de la Pontificia Comisi\u00f3n para Am\u00e9rica Latina.<\/span><\/p>\n<p><span style=\"font-weight: 400\">Rocco Buttiglione, presidente de la Academia de L\u00edderes Cat\u00f3licos se\u00f1ala: \u201cQueremos discernir la realidad desde nuestra fe. Hoy especialmente queremos abordar la agenda 2030 de Naciones Unidas desde el concepto creado por San Paulo VI: el Desarrollo Humano Integral pero a la luz con los aportes de los Papas Benedicto XVI y Francisco\u201d.<\/span><\/p>\n<p><span style=\"font-weight: 400\">Adem\u00e1s de los tres cardenales, tambi\u00e9n dictar\u00e1n clases varios de los laicos referentes a nivel internacional en pensamiento social como Miguel Angel Rodr\u00edguez, ex Presidente de Costa Rica; Mario Paredes, ex asesor para Am\u00e9rica Latina de la Casa Blanca; Rocco Buttiglione, ex ministro para la Uni\u00f3n Europea; Enrique Garc\u00eda, ex presidente de CAF Banco de Desarrollo de Am\u00e9rica Latina; Fernando Carrillo, ex Procurador General de Colombia; Fernando S\u00e1nchez, vicepresidente de la Federaci\u00f3n Internacional de Universidades Cat\u00f3licas; Rodrigo Guerra, secretario de la Pontificia Comisi\u00f3n para Am\u00e9rica Latina; Eduardo Almeida, Ex director del BID en Hait\u00ed; Alejandra Segura, presidenta de la Red Internacional de Mujeres Cat\u00f3licas; entre otros.<\/span><span style=\"font-weight: 400\"><br \/>\n<\/span><span style=\"font-weight: 400\"><br \/>\n<\/span><span style=\"font-weight: 400\">\u201cEste diplomado quiere estudiar el desarrollo pero colocando en el coraz\u00f3n del mismo a los pobres, para ello no solo realizaremos un diagn\u00f3stico del desarrollo en las Am\u00e9ricas sino que presentaremos los principios y directrices de acci\u00f3n desde la ense\u00f1anza social de la Iglesia, y sobre todo mostraremos como los pobres son una dimensi\u00f3n constitutiva de la fe y por tanto, est\u00e1n en el coraz\u00f3n de un aut\u00e9ntico desarrollo\u201d, se\u00f1ala el director del Diplomado, Enrique Garc\u00eda quien fue tesorero general del Banco Interamericano de Desarrollo BID.<\/span><\/p>\n<p><span style=\"font-weight: 400\">Este curso adem\u00e1s ha logrado conjuntar a varios de los liderazgos m\u00e1s importantes de la Iglesia en el continente americano como Mons. Timothy Broglio, presidente de la conferencia episcopal en los EEUU; la Hna. Liliana Franco, presidenta de la Confederaci\u00f3n Latinoamericana de Religiosos CLAR; Mons. Octavio Cisneros, presidente del subcomit\u00e9 de ayuda a la Iglesia en Am\u00e9rica Latina de la Conferencia Episcopal de EEUU; P. Aidan Rooney, Vicepresidente de Saint John\u2019s University, entre otros.<\/span><\/p>\n<p><span style=\"font-weight: 400\">El diplomado se realizar\u00e1 en la segunda universidad cat\u00f3lica m\u00e1s grande de los Estados Unidos: Saint John\u2019s University, una universidad obra de la Sociedad de San Vicente de Paul.\u00a0<\/span><\/p>\n<p><span style=\"font-weight: 400\"><br \/>\n<\/span><span style=\"font-weight: 400\">Para mayores informes puede consultar el sitio: <\/span><a href=\"https:\/\/liderescatolicos.net\/diplomado2024\/\" target=\"_blank\" rel=\"noopener\"><span style=\"font-weight: 400\">https:\/\/liderescatolicos.net\/diplomado2024\/<\/span><\/a><\/p>\n<p><img loading=\"lazy\" decoding=\"async\" class=\"size-full wp-image-99916 alignnone\" src=\"https:\/\/exaudi.org\/wp-content\/uploads\/2024\/05\/IMG-20240507-WA0040.jpg\" alt=\"\" width=\"1237\" height=\"1600\" srcset=\"https:\/\/exaudi.org\/wp-content\/uploads\/2024\/05\/IMG-20240507-WA0040.jpg 1237w, https:\/\/exaudi.org\/wp-content\/uploads\/2024\/05\/IMG-20240507-WA0040-232x300.jpg 232w, https:\/\/exaudi.org\/wp-content\/uploads\/2024\/05\/IMG-20240507-WA0040-792x1024.jpg 792w, https:\/\/exaudi.org\/wp-content\/uploads\/2024\/05\/IMG-20240507-WA0040-770x996.jpg 770w, https:\/\/exaudi.org\/wp-content\/uploads\/2024\/05\/IMG-20240507-WA0040-1188x1536.jpg 1188w, https:\/\/exaudi.org\/wp-content\/uploads\/2024\/05\/IMG-20240507-WA0040-500x647.jpg 500w, https:\/\/exaudi.org\/wp-content\/uploads\/2024\/05\/IMG-20240507-WA0040-293x379.jpg 293w, https:\/\/exaudi.org\/wp-content\/uploads\/2024\/05\/IMG-20240507-WA0040-390x504.jpg 390w\" sizes=\"auto, (max-width: 1237px) 100vw, 1237px\" \/><\/p>\n<p><img loading=\"lazy\" decoding=\"async\" class=\"size-full wp-image-99919 alignnone\" src=\"https:\/\/exaudi.org\/wp-content\/uploads\/2024\/05\/IMG-20240507-WA0038.jpg\" alt=\"\" width=\"1282\" height=\"1600\" srcset=\"https:\/\/exaudi.org\/wp-content\/uploads\/2024\/05\/IMG-20240507-WA0038.jpg 1282w, https:\/\/exaudi.org\/wp-content\/uploads\/2024\/05\/IMG-20240507-WA0038-240x300.jpg 240w, https:\/\/exaudi.org\/wp-content\/uploads\/2024\/05\/IMG-20240507-WA0038-820x1024.jpg 820w, https:\/\/exaudi.org\/wp-content\/uploads\/2024\/05\/IMG-20240507-WA0038-770x961.jpg 770w, https:\/\/exaudi.org\/wp-content\/uploads\/2024\/05\/IMG-20240507-WA0038-1231x1536.jpg 1231w, https:\/\/exaudi.org\/wp-content\/uploads\/2024\/05\/IMG-20240507-WA0038-500x624.jpg 500w, https:\/\/exaudi.org\/wp-content\/uploads\/2024\/05\/IMG-20240507-WA0038-293x366.jpg 293w, https:\/\/exaudi.org\/wp-content\/uploads\/2024\/05\/IMG-20240507-WA0038-390x487.jpg 390w\" sizes=\"auto, (max-width: 1282px) 100vw, 1282px\" \/><\/p>\n","protected":false},"excerpt":{"rendered":"<p>3 cardenales de la Iglesia formar\u00e1n a l\u00edderes para analizar y estudiar la agenda 2030 de la ONU a la luz del Desarrollo Humano Integral Solidario<\/p>\n","protected":false},"author":107,"featured_media":99916,"comment_status":"closed","ping_status":"closed","sticky":false,"template":"","format":"standard","meta":{"_acf_changed":false,"_crdt_document":"","inline_featured_image":false,"footnotes":""},"categories":[74],"tags":[765,8628,14949,14956,14953,14952,14955,14954,8624,14951,8627,14950,13084,4655,4953],"class_list":["post-99915","post","type-post","status-publish","format-standard","has-post-thumbnail","hentry","category-iglesia-y-mundo","tag-academia-de-lideres-catolicos","tag-alejandra-segura","tag-christophe-pierre","tag-eduardo-almeida","tag-ex-asesor-para-america-latina-de-enrique-garcia","tag-ex-presidente-de-costa-rica-mario-paredes","tag-fernando-sanchez","tag-ffernando-carrillo","tag-jose-antonio-rosas","tag-marc-ouellet","tag-miguel-angel-rodriguez","tag-odilo-scherer","tag-rocco-buttiglione","tag-rodrigo-guerra-es","tag-trending-es"],"acf":[],"yoast_head":"<!-- This site is optimized with the Yoast SEO plugin v27.4 - https:\/\/yoast.com\/product\/yoast-seo-wordpress\/ -->\n<title>Diplomado Internacional de Doctrina Social en Nueva York &#8211; Exaudi<\/title>\n<meta name=\"robots\" content=\"index, follow, max-snippet:-1, max-image-preview:large, max-video-preview:-1\" \/>\n<link rel=\"canonical\" href=\"https:\/\/exaudi.org\/es\/diplomado-internacional-de-doctrina-social-en-nueva-york\/\" \/>\n<meta property=\"og:locale\" content=\"es_ES\" \/>\n<meta property=\"og:type\" content=\"article\" \/>\n<meta property=\"og:title\" content=\"Diplomado Internacional de Doctrina Social en Nueva York &#8211; Exaudi\" \/>\n<meta property=\"og:description\" content=\"3 cardenales de la Iglesia formar\u00e1n a l\u00edderes para analizar y estudiar la agenda 2030 de la ONU a la luz del Desarrollo Humano Integral Solidario\" \/>\n<meta property=\"og:url\" content=\"https:\/\/exaudi.org\/es\/diplomado-internacional-de-doctrina-social-en-nueva-york\/\" \/>\n<meta property=\"og:site_name\" content=\"Exaudi\" \/>\n<meta property=\"article:publisher\" content=\"https:\/\/www.facebook.com\/ExaudiNews\" \/>\n<meta property=\"article:published_time\" content=\"2024-05-07T15:11:18+00:00\" \/>\n<meta property=\"article:modified_time\" content=\"2024-05-07T15:15:45+00:00\" \/>\n<meta property=\"og:image\" content=\"https:\/\/exaudi.org\/wp-content\/uploads\/2024\/05\/IMG-20240507-WA0040.jpg\" \/>\n\t<meta property=\"og:image:width\" content=\"1237\" \/>\n\t<meta property=\"og:image:height\" content=\"1600\" \/>\n\t<meta property=\"og:image:type\" content=\"image\/jpeg\" \/>\n<meta name=\"author\" content=\"Academia de L\u00edderes Cat\u00f3licos\" \/>\n<meta name=\"twitter:card\" content=\"summary_large_image\" \/>\n<meta name=\"twitter:creator\" content=\"@Exaudi_News\" \/>\n<meta name=\"twitter:site\" content=\"@Exaudi_News\" \/>\n<meta name=\"twitter:label1\" content=\"Escrito por\" \/>\n\t<meta name=\"twitter:data1\" content=\"Academia de L\u00edderes Cat\u00f3licos\" \/>\n\t<meta name=\"twitter:label2\" content=\"Tiempo de lectura\" \/>\n\t<meta name=\"twitter:data2\" content=\"3 minutos\" \/>\n<script type=\"application\/ld+json\" class=\"yoast-schema-graph\">{\"@context\":\"https:\\\/\\\/schema.org\",\"@graph\":[{\"@type\":\"Article\",\"@id\":\"https:\\\/\\\/exaudi.org\\\/es\\\/diplomado-internacional-de-doctrina-social-en-nueva-york\\\/#article\",\"isPartOf\":{\"@id\":\"https:\\\/\\\/exaudi.org\\\/es\\\/diplomado-internacional-de-doctrina-social-en-nueva-york\\\/\"},\"author\":{\"name\":\"Academia de L\u00edderes Cat\u00f3licos\",\"@id\":\"https:\\\/\\\/exaudi.org\\\/#\\\/schema\\\/person\\\/334968a332d5dad9f94e08897852c6af\"},\"headline\":\"Diplomado Internacional de Doctrina Social en Nueva York\",\"datePublished\":\"2024-05-07T15:11:18+00:00\",\"dateModified\":\"2024-05-07T15:15:45+00:00\",\"mainEntityOfPage\":{\"@id\":\"https:\\\/\\\/exaudi.org\\\/es\\\/diplomado-internacional-de-doctrina-social-en-nueva-york\\\/\"},\"wordCount\":516,\"image\":{\"@id\":\"https:\\\/\\\/exaudi.org\\\/es\\\/diplomado-internacional-de-doctrina-social-en-nueva-york\\\/#primaryimage\"},\"thumbnailUrl\":\"https:\\\/\\\/exaudi.org\\\/wp-content\\\/uploads\\\/2024\\\/05\\\/IMG-20240507-WA0040.jpg\",\"keywords\":[\"Academia de L\u00edderes Cat\u00f3licos\",\"Alejandra Segura\",\"Christophe Pierre\",\"Eduardo Almeida\",\"ex asesor para Am\u00e9rica Latina de Enrique Garc\u00eda\",\"ex Presidente de Costa Rica; Mario Paredes\",\"Fernando S\u00e1nchez\",\"FFernando Carrillo\",\"Jos\u00e9 Antonio Rosas\",\"Marc Ouellet\",\"Miguel \u00c1ngel Rodr\u00edguez\",\"Odilo Scherer\",\"Rocco Buttiglione\",\"Rodrigo Guerra\",\"Trending\"],\"articleSection\":[\"Iglesia y Mundo\"],\"inLanguage\":\"es\"},{\"@type\":\"WebPage\",\"@id\":\"https:\\\/\\\/exaudi.org\\\/es\\\/diplomado-internacional-de-doctrina-social-en-nueva-york\\\/\",\"url\":\"https:\\\/\\\/exaudi.org\\\/es\\\/diplomado-internacional-de-doctrina-social-en-nueva-york\\\/\",\"name\":\"Diplomado Internacional de Doctrina Social en Nueva York &#8211; Exaudi\",\"isPartOf\":{\"@id\":\"https:\\\/\\\/exaudi.org\\\/#website\"},\"primaryImageOfPage\":{\"@id\":\"https:\\\/\\\/exaudi.org\\\/es\\\/diplomado-internacional-de-doctrina-social-en-nueva-york\\\/#primaryimage\"},\"image\":{\"@id\":\"https:\\\/\\\/exaudi.org\\\/es\\\/diplomado-internacional-de-doctrina-social-en-nueva-york\\\/#primaryimage\"},\"thumbnailUrl\":\"https:\\\/\\\/exaudi.org\\\/wp-content\\\/uploads\\\/2024\\\/05\\\/IMG-20240507-WA0040.jpg\",\"datePublished\":\"2024-05-07T15:11:18+00:00\",\"dateModified\":\"2024-05-07T15:15:45+00:00\",\"author\":{\"@id\":\"https:\\\/\\\/exaudi.org\\\/#\\\/schema\\\/person\\\/334968a332d5dad9f94e08897852c6af\"},\"breadcrumb\":{\"@id\":\"https:\\\/\\\/exaudi.org\\\/es\\\/diplomado-internacional-de-doctrina-social-en-nueva-york\\\/#breadcrumb\"},\"inLanguage\":\"es\",\"potentialAction\":[{\"@type\":\"ReadAction\",\"target\":[\"https:\\\/\\\/exaudi.org\\\/es\\\/diplomado-internacional-de-doctrina-social-en-nueva-york\\\/\"]}]},{\"@type\":\"ImageObject\",\"inLanguage\":\"es\",\"@id\":\"https:\\\/\\\/exaudi.org\\\/es\\\/diplomado-internacional-de-doctrina-social-en-nueva-york\\\/#primaryimage\",\"url\":\"https:\\\/\\\/exaudi.org\\\/wp-content\\\/uploads\\\/2024\\\/05\\\/IMG-20240507-WA0040.jpg\",\"contentUrl\":\"https:\\\/\\\/exaudi.org\\\/wp-content\\\/uploads\\\/2024\\\/05\\\/IMG-20240507-WA0040.jpg\",\"width\":1237,\"height\":1600},{\"@type\":\"BreadcrumbList\",\"@id\":\"https:\\\/\\\/exaudi.org\\\/es\\\/diplomado-internacional-de-doctrina-social-en-nueva-york\\\/#breadcrumb\",\"itemListElement\":[{\"@type\":\"ListItem\",\"position\":1,\"name\":\"Portada\",\"item\":\"https:\\\/\\\/exaudi.org\\\/es\\\/\"},{\"@type\":\"ListItem\",\"position\":2,\"name\":\"Diplomado Internacional de Doctrina Social en Nueva York\"}]},{\"@type\":\"WebSite\",\"@id\":\"https:\\\/\\\/exaudi.org\\\/#website\",\"url\":\"https:\\\/\\\/exaudi.org\\\/\",\"name\":\"Exaudi\",\"description\":\"News\",\"potentialAction\":[{\"@type\":\"SearchAction\",\"target\":{\"@type\":\"EntryPoint\",\"urlTemplate\":\"https:\\\/\\\/exaudi.org\\\/?s={search_term_string}\"},\"query-input\":{\"@type\":\"PropertyValueSpecification\",\"valueRequired\":true,\"valueName\":\"search_term_string\"}}],\"inLanguage\":\"es\"},{\"@type\":\"Person\",\"@id\":\"https:\\\/\\\/exaudi.org\\\/#\\\/schema\\\/person\\\/334968a332d5dad9f94e08897852c6af\",\"name\":\"Academia de L\u00edderes Cat\u00f3licos\",\"image\":{\"@type\":\"ImageObject\",\"inLanguage\":\"es\",\"@id\":\"https:\\\/\\\/secure.gravatar.com\\\/avatar\\\/80d80b1e34d8fa01f6b95d10e695853ca4ea7e054050e21ad1a15d546d4600ca?s=96&d=mm&r=g\",\"url\":\"https:\\\/\\\/secure.gravatar.com\\\/avatar\\\/80d80b1e34d8fa01f6b95d10e695853ca4ea7e054050e21ad1a15d546d4600ca?s=96&d=mm&r=g\",\"contentUrl\":\"https:\\\/\\\/secure.gravatar.com\\\/avatar\\\/80d80b1e34d8fa01f6b95d10e695853ca4ea7e054050e21ad1a15d546d4600ca?s=96&d=mm&r=g\",\"caption\":\"Academia de L\u00edderes Cat\u00f3licos\"},\"description\":\"Es una fundaci\u00f3n de derecho privado sin fines de lucro que busca formar cat\u00f3licos que a partir de la experiencia cristiana desarrollen su vocaci\u00f3n pol\u00edtica con la ayuda de la Doctrina Social de la Iglesia. La Academia Latinoamericana de L\u00edderes Cat\u00f3licos tiene como misi\u00f3n, formar l\u00edderes desde una perspectiva cat\u00f3lica, arraigados en la fe de la Iglesia, para transformar el mundo social, pol\u00edtico y econ\u00f3mico a la luz de la Doctrina Social de la Iglesia. Formar una nueva generaci\u00f3n de cat\u00f3licos latinoamericanos con responsabilidades pol\u00edticas y sociales para que transformen el rostro del continente al servicio de sus pueblos, a la luz del Magisterio de la Iglesia y de cara a los Jubileos del V Centenario Guadalupano y de los dos mil a\u00f1os de la redenci\u00f3n.\",\"sameAs\":[\"https:\\\/\\\/liderescatolicos.net\\\/\",\"https:\\\/\\\/www.youtube.com\\\/c\\\/LderesCatlicos\"],\"url\":\"https:\\\/\\\/exaudi.org\\\/es\\\/author\\\/academia-de-lideres-catolicos\\\/\"}]}<\/script>\n<!-- \/ Yoast SEO plugin. -->","yoast_head_json":{"title":"Diplomado Internacional de Doctrina Social en Nueva York &#8211; Exaudi","robots":{"index":"index","follow":"follow","max-snippet":"max-snippet:-1","max-image-preview":"max-image-preview:large","max-video-preview":"max-video-preview:-1"},"canonical":"https:\/\/exaudi.org\/es\/diplomado-internacional-de-doctrina-social-en-nueva-york\/","og_locale":"es_ES","og_type":"article","og_title":"Diplomado Internacional de Doctrina Social en Nueva York &#8211; Exaudi","og_description":"3 cardenales de la Iglesia formar\u00e1n a l\u00edderes para analizar y estudiar la agenda 2030 de la ONU a la luz del Desarrollo Humano Integral Solidario","og_url":"https:\/\/exaudi.org\/es\/diplomado-internacional-de-doctrina-social-en-nueva-york\/","og_site_name":"Exaudi","article_publisher":"https:\/\/www.facebook.com\/ExaudiNews","article_published_time":"2024-05-07T15:11:18+00:00","article_modified_time":"2024-05-07T15:15:45+00:00","og_image":[{"width":1237,"height":1600,"url":"https:\/\/exaudi.org\/wp-content\/uploads\/2024\/05\/IMG-20240507-WA0040.jpg","type":"image\/jpeg"}],"author":"Academia de L\u00edderes Cat\u00f3licos","twitter_card":"summary_large_image","twitter_creator":"@Exaudi_News","twitter_site":"@Exaudi_News","twitter_misc":{"Escrito por":"Academia de L\u00edderes Cat\u00f3licos","Tiempo de lectura":"3 minutos"},"schema":{"@context":"https:\/\/schema.org","@graph":[{"@type":"Article","@id":"https:\/\/exaudi.org\/es\/diplomado-internacional-de-doctrina-social-en-nueva-york\/#article","isPartOf":{"@id":"https:\/\/exaudi.org\/es\/diplomado-internacional-de-doctrina-social-en-nueva-york\/"},"author":{"name":"Academia de L\u00edderes Cat\u00f3licos","@id":"https:\/\/exaudi.org\/#\/schema\/person\/334968a332d5dad9f94e08897852c6af"},"headline":"Diplomado Internacional de Doctrina Social en Nueva York","datePublished":"2024-05-07T15:11:18+00:00","dateModified":"2024-05-07T15:15:45+00:00","mainEntityOfPage":{"@id":"https:\/\/exaudi.org\/es\/diplomado-internacional-de-doctrina-social-en-nueva-york\/"},"wordCount":516,"image":{"@id":"https:\/\/exaudi.org\/es\/diplomado-internacional-de-doctrina-social-en-nueva-york\/#primaryimage"},"thumbnailUrl":"https:\/\/exaudi.org\/wp-content\/uploads\/2024\/05\/IMG-20240507-WA0040.jpg","keywords":["Academia de L\u00edderes Cat\u00f3licos","Alejandra Segura","Christophe Pierre","Eduardo Almeida","ex asesor para Am\u00e9rica Latina de Enrique Garc\u00eda","ex Presidente de Costa Rica; Mario Paredes","Fernando S\u00e1nchez","FFernando Carrillo","Jos\u00e9 Antonio Rosas","Marc Ouellet","Miguel \u00c1ngel Rodr\u00edguez","Odilo Scherer","Rocco Buttiglione","Rodrigo Guerra","Trending"],"articleSection":["Iglesia y Mundo"],"inLanguage":"es"},{"@type":"WebPage","@id":"https:\/\/exaudi.org\/es\/diplomado-internacional-de-doctrina-social-en-nueva-york\/","url":"https:\/\/exaudi.org\/es\/diplomado-internacional-de-doctrina-social-en-nueva-york\/","name":"Diplomado Internacional de Doctrina Social en Nueva York &#8211; Exaudi","isPartOf":{"@id":"https:\/\/exaudi.org\/#website"},"primaryImageOfPage":{"@id":"https:\/\/exaudi.org\/es\/diplomado-internacional-de-doctrina-social-en-nueva-york\/#primaryimage"},"image":{"@id":"https:\/\/exaudi.org\/es\/diplomado-internacional-de-doctrina-social-en-nueva-york\/#primaryimage"},"thumbnailUrl":"https:\/\/exaudi.org\/wp-content\/uploads\/2024\/05\/IMG-20240507-WA0040.jpg","datePublished":"2024-05-07T15:11:18+00:00","dateModified":"2024-05-07T15:15:45+00:00","author":{"@id":"https:\/\/exaudi.org\/#\/schema\/person\/334968a332d5dad9f94e08897852c6af"},"breadcrumb":{"@id":"https:\/\/exaudi.org\/es\/diplomado-internacional-de-doctrina-social-en-nueva-york\/#breadcrumb"},"inLanguage":"es","potentialAction":[{"@type":"ReadAction","target":["https:\/\/exaudi.org\/es\/diplomado-internacional-de-doctrina-social-en-nueva-york\/"]}]},{"@type":"ImageObject","inLanguage":"es","@id":"https:\/\/exaudi.org\/es\/diplomado-internacional-de-doctrina-social-en-nueva-york\/#primaryimage","url":"https:\/\/exaudi.org\/wp-content\/uploads\/2024\/05\/IMG-20240507-WA0040.jpg","contentUrl":"https:\/\/exaudi.org\/wp-content\/uploads\/2024\/05\/IMG-20240507-WA0040.jpg","width":1237,"height":1600},{"@type":"BreadcrumbList","@id":"https:\/\/exaudi.org\/es\/diplomado-internacional-de-doctrina-social-en-nueva-york\/#breadcrumb","itemListElement":[{"@type":"ListItem","position":1,"name":"Portada","item":"https:\/\/exaudi.org\/es\/"},{"@type":"ListItem","position":2,"name":"Diplomado Internacional de Doctrina Social en Nueva York"}]},{"@type":"WebSite","@id":"https:\/\/exaudi.org\/#website","url":"https:\/\/exaudi.org\/","name":"Exaudi","description":"News","potentialAction":[{"@type":"SearchAction","target":{"@type":"EntryPoint","urlTemplate":"https:\/\/exaudi.org\/?s={search_term_string}"},"query-input":{"@type":"PropertyValueSpecification","valueRequired":true,"valueName":"search_term_string"}}],"inLanguage":"es"},{"@type":"Person","@id":"https:\/\/exaudi.org\/#\/schema\/person\/334968a332d5dad9f94e08897852c6af","name":"Academia de L\u00edderes Cat\u00f3licos","image":{"@type":"ImageObject","inLanguage":"es","@id":"https:\/\/secure.gravatar.com\/avatar\/80d80b1e34d8fa01f6b95d10e695853ca4ea7e054050e21ad1a15d546d4600ca?s=96&d=mm&r=g","url":"https:\/\/secure.gravatar.com\/avatar\/80d80b1e34d8fa01f6b95d10e695853ca4ea7e054050e21ad1a15d546d4600ca?s=96&d=mm&r=g","contentUrl":"https:\/\/secure.gravatar.com\/avatar\/80d80b1e34d8fa01f6b95d10e695853ca4ea7e054050e21ad1a15d546d4600ca?s=96&d=mm&r=g","caption":"Academia de L\u00edderes Cat\u00f3licos"},"description":"Es una fundaci\u00f3n de derecho privado sin fines de lucro que busca formar cat\u00f3licos que a partir de la experiencia cristiana desarrollen su vocaci\u00f3n pol\u00edtica con la ayuda de la Doctrina Social de la Iglesia. La Academia Latinoamericana de L\u00edderes Cat\u00f3licos tiene como misi\u00f3n, formar l\u00edderes desde una perspectiva cat\u00f3lica, arraigados en la fe de la Iglesia, para transformar el mundo social, pol\u00edtico y econ\u00f3mico a la luz de la Doctrina Social de la Iglesia. Formar una nueva generaci\u00f3n de cat\u00f3licos latinoamericanos con responsabilidades pol\u00edticas y sociales para que transformen el rostro del continente al servicio de sus pueblos, a la luz del Magisterio de la Iglesia y de cara a los Jubileos del V Centenario Guadalupano y de los dos mil a\u00f1os de la redenci\u00f3n.","sameAs":["https:\/\/liderescatolicos.net\/","https:\/\/www.youtube.com\/c\/LderesCatlicos"],"url":"https:\/\/exaudi.org\/es\/author\/academia-de-lideres-catolicos\/"}]}},"jetpack_featured_media_url":"https:\/\/exaudi.org\/wp-content\/uploads\/2024\/05\/IMG-20240507-WA0040.jpg","jetpack_shortlink":"https:\/\/wp.me\/pgKjF2-pZx","_links":{"self":[{"href":"https:\/\/exaudi.org\/es\/wp-json\/wp\/v2\/posts\/99915","targetHints":{"allow":["GET"]}}],"collection":[{"href":"https:\/\/exaudi.org\/es\/wp-json\/wp\/v2\/posts"}],"about":[{"href":"https:\/\/exaudi.org\/es\/wp-json\/wp\/v2\/types\/post"}],"author":[{"embeddable":true,"href":"https:\/\/exaudi.org\/es\/wp-json\/wp\/v2\/users\/107"}],"replies":[{"embeddable":true,"href":"https:\/\/exaudi.org\/es\/wp-json\/wp\/v2\/comments?post=99915"}],"version-history":[{"count":0,"href":"https:\/\/exaudi.org\/es\/wp-json\/wp\/v2\/posts\/99915\/revisions"}],"wp:featuredmedia":[{"embeddable":true,"href":"https:\/\/exaudi.org\/es\/wp-json\/wp\/v2\/media\/99916"}],"wp:attachment":[{"href":"https:\/\/exaudi.org\/es\/wp-json\/wp\/v2\/media?parent=99915"}],"wp:term":[{"taxonomy":"category","embeddable":true,"href":"https:\/\/exaudi.org\/es\/wp-json\/wp\/v2\/categories?post=99915"},{"taxonomy":"post_tag","embeddable":true,"href":"https:\/\/exaudi.org\/es\/wp-json\/wp\/v2\/tags?post=99915"}],"curies":[{"name":"wp","href":"https:\/\/api.w.org\/{rel}","templated":true}]}}