{"id":99911,"date":"2024-05-07T15:37:07","date_gmt":"2024-05-07T13:37:07","guid":{"rendered":"https:\/\/exaudi.org\/?p=99911"},"modified":"2024-05-07T15:37:07","modified_gmt":"2024-05-07T13:37:07","slug":"la-inteligencia-artificial-tiene-que-servir-a-la-humanidad","status":"publish","type":"post","link":"https:\/\/exaudi.org\/es\/la-inteligencia-artificial-tiene-que-servir-a-la-humanidad\/","title":{"rendered":"La inteligencia artificial tiene que servir a la humanidad"},"content":{"rendered":"<p>\u00abLos sistemas de inteligencia artificial son en s\u00ed mismos muy buenos. Pueden ayudarnos a hacer muchas cosas, pero si no prestamos la debida atenci\u00f3n, tomar\u00e1n el control de la humanidad\u00bb,\u00a0<a href=\"https:\/\/www.fides.org\/es\/news\/74959-AFRICA_NIGERIA_La_inteligencia_artificial_tiene_que_servir_a_la_humanidad_pero_no_sustituirla\" target=\"_blank\" rel=\"external nofollow noopener\">afirma Paulinus Chukwuemeka Ezeokafor<\/a>, obispo de Awka, en su informe para la 58\u00aa Jornada Mundial de las Comunicaciones Sociales que se celebrar\u00e1 el domingo 12 de mayo, tal como se lee en la\u00a0<i>Agencia Fides<\/i>.<\/p>\n<p>Con este motivo, la di\u00f3cesis de Awka organiz\u00f3 del 5 al 12 de mayo una semana de reflexi\u00f3n sobre el Mensaje del Papa Francisco: \u00abInteligencia artificial y sabidur\u00eda del coraz\u00f3n: por una comunicaci\u00f3n plenamente humana\u00bb. \u00abLa inteligencia artificial ha de crearse para servir a la humanidad y no para controlarla, sustituirla o hacerla superflua, porque si se apodera de ella, estamos acabados\u00bb, ha afirmado monse\u00f1or Ezeokafor. El obispo de Awka tambi\u00e9n ha subrayado que los seres humanos deben utilizar las tecnolog\u00edas modernas y avanzadas de modo que no se conviertan en objetos de lo que han creado.<\/p>\n<h3><b>Muchos j\u00f3venes abusan de la tecnolog\u00eda<\/b><\/h3>\n<p>Ezeokafor ha denunciado que muchos j\u00f3venes abusan de la tecnolog\u00eda cometiendo delitos inform\u00e1ticos, fraudes por Internet y estafas en la red. \u00abEs triste que muchos de nuestros j\u00f3venes utilicen la tecnolog\u00eda para perpetrar el mal en la sociedad; involucr\u00e1ndose en &#8216;Yahoo-Yahoo&#8217; (nombre con el que se conoce popularmente el fraude inform\u00e1tico en Nigeria, ed.) o fraude por Internet\u00bb, lamenta monse\u00f1or Ezeokafor.<\/p>\n<h3><b>Estafadores por Internet en Nigeria<\/b><\/h3>\n<p>Hasta hace poco, las bandas de estafadores por Internet en Nigeria se centraban en la zona de Lagos. Ahora, el fen\u00f3meno parece haberse extendido a todas las grandes ciudades y campus del sur de Nigeria. Y no es raro ver a hombres y mujeres j\u00f3venes, que viven una vida de lujo sin medios aparentes de subsistencia, gracias al fraude en la web. \u00abPor eso los padres deben priorizar la educaci\u00f3n y el desarrollo espiritual de sus hijos, para que puedan conectar con Dios y domar sus impulsos desenfrenados\u00bb, concluye el Obispo.<\/p>\n","protected":false},"excerpt":{"rendered":"<p>Informe del obispo de Awka, Nigeria sobre la inteligencia artificial para la 58\u00aa Jornada Mundial de las Comunicaciones Sociales que se celebrar\u00e1 el domingo 12 de mayo<\/p>\n","protected":false},"author":15,"featured_media":99912,"comment_status":"closed","ping_status":"closed","sticky":false,"template":"","format":"standard","meta":{"_acf_changed":false,"_crdt_document":"","inline_featured_image":false,"footnotes":""},"categories":[74],"tags":[2483,449,3454,7116,7767,174,602,158,14948,4953],"class_list":["post-99911","post","type-post","status-publish","format-standard","has-post-thumbnail","hentry","category-iglesia-y-mundo","tag-africa-es","tag-iglesia-catolica","tag-inteligencia-artificial","tag-jornada-mundial","tag-medios-de-comunicacion","tag-mensaje","tag-obispos","tag-papa-francisco","tag-papa-francisco-mensaje-jornada-mundial-medios-de-comunicacion-iglesia-catolica","tag-trending-es"],"acf":[],"yoast_head":"<!-- This site is optimized with the Yoast SEO plugin v27.4 - https:\/\/yoast.com\/product\/yoast-seo-wordpress\/ -->\n<title>La inteligencia artificial tiene que servir a la humanidad &#8211; Exaudi<\/title>\n<meta name=\"robots\" content=\"index, follow, max-snippet:-1, max-image-preview:large, max-video-preview:-1\" \/>\n<link rel=\"canonical\" href=\"https:\/\/exaudi.org\/es\/la-inteligencia-artificial-tiene-que-servir-a-la-humanidad\/\" \/>\n<meta property=\"og:locale\" content=\"es_ES\" \/>\n<meta property=\"og:type\" content=\"article\" \/>\n<meta property=\"og:title\" content=\"La inteligencia artificial tiene que servir a la humanidad &#8211; Exaudi\" \/>\n<meta property=\"og:description\" content=\"Informe del obispo de Awka, Nigeria sobre la inteligencia artificial para la 58\u00aa Jornada Mundial de las Comunicaciones Sociales que se celebrar\u00e1 el domingo 12 de mayo\" \/>\n<meta property=\"og:url\" content=\"https:\/\/exaudi.org\/es\/la-inteligencia-artificial-tiene-que-servir-a-la-humanidad\/\" \/>\n<meta property=\"og:site_name\" content=\"Exaudi\" \/>\n<meta property=\"article:publisher\" content=\"https:\/\/www.facebook.com\/ExaudiNews\" \/>\n<meta property=\"article:author\" content=\"https:\/\/www.facebook.com\/ExaudiNoticias\/\" \/>\n<meta property=\"article:published_time\" content=\"2024-05-07T13:37:07+00:00\" \/>\n<meta property=\"og:image\" content=\"https:\/\/exaudi.org\/wp-content\/uploads\/2024\/05\/cq5dam.thumbnail.cropped.750.422-1-2.jpeg\" \/>\n\t<meta property=\"og:image:width\" content=\"750\" \/>\n\t<meta property=\"og:image:height\" content=\"422\" \/>\n\t<meta property=\"og:image:type\" content=\"image\/jpeg\" \/>\n<meta name=\"author\" content=\"Exaudi Redacci\u00f3n\" \/>\n<meta name=\"twitter:card\" content=\"summary_large_image\" \/>\n<meta name=\"twitter:creator\" content=\"@Exaudi_noticias\" \/>\n<meta name=\"twitter:site\" content=\"@Exaudi_News\" \/>\n<meta name=\"twitter:label1\" content=\"Escrito por\" \/>\n\t<meta name=\"twitter:data1\" content=\"Exaudi Redacci\u00f3n\" \/>\n\t<meta name=\"twitter:label2\" content=\"Tiempo de lectura\" \/>\n\t<meta name=\"twitter:data2\" content=\"2 minutos\" \/>\n<script type=\"application\/ld+json\" class=\"yoast-schema-graph\">{\"@context\":\"https:\\\/\\\/schema.org\",\"@graph\":[{\"@type\":\"Article\",\"@id\":\"https:\\\/\\\/exaudi.org\\\/es\\\/la-inteligencia-artificial-tiene-que-servir-a-la-humanidad\\\/#article\",\"isPartOf\":{\"@id\":\"https:\\\/\\\/exaudi.org\\\/es\\\/la-inteligencia-artificial-tiene-que-servir-a-la-humanidad\\\/\"},\"author\":{\"name\":\"Exaudi Redacci\u00f3n\",\"@id\":\"https:\\\/\\\/exaudi.org\\\/#\\\/schema\\\/person\\\/f5fc8f063065e38742da7afe15f25df7\"},\"headline\":\"La inteligencia artificial tiene que servir a la humanidad\",\"datePublished\":\"2024-05-07T13:37:07+00:00\",\"mainEntityOfPage\":{\"@id\":\"https:\\\/\\\/exaudi.org\\\/es\\\/la-inteligencia-artificial-tiene-que-servir-a-la-humanidad\\\/\"},\"wordCount\":353,\"image\":{\"@id\":\"https:\\\/\\\/exaudi.org\\\/es\\\/la-inteligencia-artificial-tiene-que-servir-a-la-humanidad\\\/#primaryimage\"},\"thumbnailUrl\":\"https:\\\/\\\/exaudi.org\\\/wp-content\\\/uploads\\\/2024\\\/05\\\/cq5dam.thumbnail.cropped.750.422-1-2.jpeg\",\"keywords\":[\"Africa\",\"Iglesia cat\u00f3lica\",\"Inteligencia Artificial\",\"Jornada Mundial\",\"Medios de comunicaci\u00f3n\",\"mensaje\",\"obispos\",\"papa francisco\",\"PAPA FRANCISCO MENSAJE JORNADA MUNDIAL MEDIOS DE COMUNICACI\u00d3N IGLESIA CAT\u00d3LICA\",\"Trending\"],\"articleSection\":[\"Iglesia y Mundo\"],\"inLanguage\":\"es\"},{\"@type\":\"WebPage\",\"@id\":\"https:\\\/\\\/exaudi.org\\\/es\\\/la-inteligencia-artificial-tiene-que-servir-a-la-humanidad\\\/\",\"url\":\"https:\\\/\\\/exaudi.org\\\/es\\\/la-inteligencia-artificial-tiene-que-servir-a-la-humanidad\\\/\",\"name\":\"La inteligencia artificial tiene que servir a la humanidad &#8211; Exaudi\",\"isPartOf\":{\"@id\":\"https:\\\/\\\/exaudi.org\\\/#website\"},\"primaryImageOfPage\":{\"@id\":\"https:\\\/\\\/exaudi.org\\\/es\\\/la-inteligencia-artificial-tiene-que-servir-a-la-humanidad\\\/#primaryimage\"},\"image\":{\"@id\":\"https:\\\/\\\/exaudi.org\\\/es\\\/la-inteligencia-artificial-tiene-que-servir-a-la-humanidad\\\/#primaryimage\"},\"thumbnailUrl\":\"https:\\\/\\\/exaudi.org\\\/wp-content\\\/uploads\\\/2024\\\/05\\\/cq5dam.thumbnail.cropped.750.422-1-2.jpeg\",\"datePublished\":\"2024-05-07T13:37:07+00:00\",\"author\":{\"@id\":\"https:\\\/\\\/exaudi.org\\\/#\\\/schema\\\/person\\\/f5fc8f063065e38742da7afe15f25df7\"},\"breadcrumb\":{\"@id\":\"https:\\\/\\\/exaudi.org\\\/es\\\/la-inteligencia-artificial-tiene-que-servir-a-la-humanidad\\\/#breadcrumb\"},\"inLanguage\":\"es\",\"potentialAction\":[{\"@type\":\"ReadAction\",\"target\":[\"https:\\\/\\\/exaudi.org\\\/es\\\/la-inteligencia-artificial-tiene-que-servir-a-la-humanidad\\\/\"]}]},{\"@type\":\"ImageObject\",\"inLanguage\":\"es\",\"@id\":\"https:\\\/\\\/exaudi.org\\\/es\\\/la-inteligencia-artificial-tiene-que-servir-a-la-humanidad\\\/#primaryimage\",\"url\":\"https:\\\/\\\/exaudi.org\\\/wp-content\\\/uploads\\\/2024\\\/05\\\/cq5dam.thumbnail.cropped.750.422-1-2.jpeg\",\"contentUrl\":\"https:\\\/\\\/exaudi.org\\\/wp-content\\\/uploads\\\/2024\\\/05\\\/cq5dam.thumbnail.cropped.750.422-1-2.jpeg\",\"width\":750,\"height\":422},{\"@type\":\"BreadcrumbList\",\"@id\":\"https:\\\/\\\/exaudi.org\\\/es\\\/la-inteligencia-artificial-tiene-que-servir-a-la-humanidad\\\/#breadcrumb\",\"itemListElement\":[{\"@type\":\"ListItem\",\"position\":1,\"name\":\"Portada\",\"item\":\"https:\\\/\\\/exaudi.org\\\/es\\\/\"},{\"@type\":\"ListItem\",\"position\":2,\"name\":\"La inteligencia artificial tiene que servir a la humanidad\"}]},{\"@type\":\"WebSite\",\"@id\":\"https:\\\/\\\/exaudi.org\\\/#website\",\"url\":\"https:\\\/\\\/exaudi.org\\\/\",\"name\":\"Exaudi\",\"description\":\"News\",\"potentialAction\":[{\"@type\":\"SearchAction\",\"target\":{\"@type\":\"EntryPoint\",\"urlTemplate\":\"https:\\\/\\\/exaudi.org\\\/?s={search_term_string}\"},\"query-input\":{\"@type\":\"PropertyValueSpecification\",\"valueRequired\":true,\"valueName\":\"search_term_string\"}}],\"inLanguage\":\"es\"},{\"@type\":\"Person\",\"@id\":\"https:\\\/\\\/exaudi.org\\\/#\\\/schema\\\/person\\\/f5fc8f063065e38742da7afe15f25df7\",\"name\":\"Exaudi Redacci\u00f3n\",\"image\":{\"@type\":\"ImageObject\",\"inLanguage\":\"es\",\"@id\":\"https:\\\/\\\/secure.gravatar.com\\\/avatar\\\/fe0f6a059fb68d9b3e11bc5850dd4899b1c7492091a3cb6dd9b01b56ad828be2?s=96&d=mm&r=g\",\"url\":\"https:\\\/\\\/secure.gravatar.com\\\/avatar\\\/fe0f6a059fb68d9b3e11bc5850dd4899b1c7492091a3cb6dd9b01b56ad828be2?s=96&d=mm&r=g\",\"contentUrl\":\"https:\\\/\\\/secure.gravatar.com\\\/avatar\\\/fe0f6a059fb68d9b3e11bc5850dd4899b1c7492091a3cb6dd9b01b56ad828be2?s=96&d=mm&r=g\",\"caption\":\"Exaudi Redacci\u00f3n\"},\"description\":\"\u00bfQu\u00e9 es Exaudi News? Exaudi News es un medio de comunicaci\u00f3n cat\u00f3lico internacional que informa, forma y transforma, diariamente en espa\u00f1ol, ingl\u00e9s e italiano. A trav\u00e9s de noticias, art\u00edculos de an\u00e1lisis y transmisiones en directo de los eventos del Papa, Exaudi busca fortalecer la unidad de los cristianos y contribuir a la evangelizaci\u00f3n del mundo, siempre guiados por la doctrina social de la Iglesia. Trabajamos para acercar la verdad y los valores cristianos a cada rinc\u00f3n del planeta. \u00a1Ay\u00fadanos a transformar el mundo con Exaudi! En Exaudi creemos que la evangelizaci\u00f3n y la informaci\u00f3n de calidad pueden cambiar vidas. Para continuar con nuestra misi\u00f3n y expandir nuestro alcance, necesitamos tu ayuda. Adem\u00e1s, buscamos personas comprometidas que deseen unirse a nuestro equipo. Con tu apoyo, lograremos llegar a m\u00e1s personas, difundir el mensaje de Cristo y reforzar la unidad de los cristianos. \u00bfTe unes a nuestra misi\u00f3n? Para m\u00e1s informaci\u00f3n sobre c\u00f3mo colaborar, visita Exaudi.org\\\/es o cont\u00e1ctanos directamente: info@exaudi.org Exaudi: Informa, forma y transforma.\",\"sameAs\":[\"https:\\\/\\\/www.facebook.com\\\/ExaudiNoticias\\\/\",\"https:\\\/\\\/www.instagram.com\\\/exaudi_noticias\\\/\",\"https:\\\/\\\/x.com\\\/Exaudi_noticias\",\"https:\\\/\\\/www.youtube.com\\\/@exaudicatholicnews\"],\"url\":\"https:\\\/\\\/exaudi.org\\\/es\\\/author\\\/redaccionexaudi\\\/\"}]}<\/script>\n<!-- \/ Yoast SEO plugin. -->","yoast_head_json":{"title":"La inteligencia artificial tiene que servir a la humanidad &#8211; Exaudi","robots":{"index":"index","follow":"follow","max-snippet":"max-snippet:-1","max-image-preview":"max-image-preview:large","max-video-preview":"max-video-preview:-1"},"canonical":"https:\/\/exaudi.org\/es\/la-inteligencia-artificial-tiene-que-servir-a-la-humanidad\/","og_locale":"es_ES","og_type":"article","og_title":"La inteligencia artificial tiene que servir a la humanidad &#8211; Exaudi","og_description":"Informe del obispo de Awka, Nigeria sobre la inteligencia artificial para la 58\u00aa Jornada Mundial de las Comunicaciones Sociales que se celebrar\u00e1 el domingo 12 de mayo","og_url":"https:\/\/exaudi.org\/es\/la-inteligencia-artificial-tiene-que-servir-a-la-humanidad\/","og_site_name":"Exaudi","article_publisher":"https:\/\/www.facebook.com\/ExaudiNews","article_author":"https:\/\/www.facebook.com\/ExaudiNoticias\/","article_published_time":"2024-05-07T13:37:07+00:00","og_image":[{"width":750,"height":422,"url":"https:\/\/exaudi.org\/wp-content\/uploads\/2024\/05\/cq5dam.thumbnail.cropped.750.422-1-2.jpeg","type":"image\/jpeg"}],"author":"Exaudi Redacci\u00f3n","twitter_card":"summary_large_image","twitter_creator":"@Exaudi_noticias","twitter_site":"@Exaudi_News","twitter_misc":{"Escrito por":"Exaudi Redacci\u00f3n","Tiempo de lectura":"2 minutos"},"schema":{"@context":"https:\/\/schema.org","@graph":[{"@type":"Article","@id":"https:\/\/exaudi.org\/es\/la-inteligencia-artificial-tiene-que-servir-a-la-humanidad\/#article","isPartOf":{"@id":"https:\/\/exaudi.org\/es\/la-inteligencia-artificial-tiene-que-servir-a-la-humanidad\/"},"author":{"name":"Exaudi Redacci\u00f3n","@id":"https:\/\/exaudi.org\/#\/schema\/person\/f5fc8f063065e38742da7afe15f25df7"},"headline":"La inteligencia artificial tiene que servir a la humanidad","datePublished":"2024-05-07T13:37:07+00:00","mainEntityOfPage":{"@id":"https:\/\/exaudi.org\/es\/la-inteligencia-artificial-tiene-que-servir-a-la-humanidad\/"},"wordCount":353,"image":{"@id":"https:\/\/exaudi.org\/es\/la-inteligencia-artificial-tiene-que-servir-a-la-humanidad\/#primaryimage"},"thumbnailUrl":"https:\/\/exaudi.org\/wp-content\/uploads\/2024\/05\/cq5dam.thumbnail.cropped.750.422-1-2.jpeg","keywords":["Africa","Iglesia cat\u00f3lica","Inteligencia Artificial","Jornada Mundial","Medios de comunicaci\u00f3n","mensaje","obispos","papa francisco","PAPA FRANCISCO MENSAJE JORNADA MUNDIAL MEDIOS DE COMUNICACI\u00d3N IGLESIA CAT\u00d3LICA","Trending"],"articleSection":["Iglesia y Mundo"],"inLanguage":"es"},{"@type":"WebPage","@id":"https:\/\/exaudi.org\/es\/la-inteligencia-artificial-tiene-que-servir-a-la-humanidad\/","url":"https:\/\/exaudi.org\/es\/la-inteligencia-artificial-tiene-que-servir-a-la-humanidad\/","name":"La inteligencia artificial tiene que servir a la humanidad &#8211; Exaudi","isPartOf":{"@id":"https:\/\/exaudi.org\/#website"},"primaryImageOfPage":{"@id":"https:\/\/exaudi.org\/es\/la-inteligencia-artificial-tiene-que-servir-a-la-humanidad\/#primaryimage"},"image":{"@id":"https:\/\/exaudi.org\/es\/la-inteligencia-artificial-tiene-que-servir-a-la-humanidad\/#primaryimage"},"thumbnailUrl":"https:\/\/exaudi.org\/wp-content\/uploads\/2024\/05\/cq5dam.thumbnail.cropped.750.422-1-2.jpeg","datePublished":"2024-05-07T13:37:07+00:00","author":{"@id":"https:\/\/exaudi.org\/#\/schema\/person\/f5fc8f063065e38742da7afe15f25df7"},"breadcrumb":{"@id":"https:\/\/exaudi.org\/es\/la-inteligencia-artificial-tiene-que-servir-a-la-humanidad\/#breadcrumb"},"inLanguage":"es","potentialAction":[{"@type":"ReadAction","target":["https:\/\/exaudi.org\/es\/la-inteligencia-artificial-tiene-que-servir-a-la-humanidad\/"]}]},{"@type":"ImageObject","inLanguage":"es","@id":"https:\/\/exaudi.org\/es\/la-inteligencia-artificial-tiene-que-servir-a-la-humanidad\/#primaryimage","url":"https:\/\/exaudi.org\/wp-content\/uploads\/2024\/05\/cq5dam.thumbnail.cropped.750.422-1-2.jpeg","contentUrl":"https:\/\/exaudi.org\/wp-content\/uploads\/2024\/05\/cq5dam.thumbnail.cropped.750.422-1-2.jpeg","width":750,"height":422},{"@type":"BreadcrumbList","@id":"https:\/\/exaudi.org\/es\/la-inteligencia-artificial-tiene-que-servir-a-la-humanidad\/#breadcrumb","itemListElement":[{"@type":"ListItem","position":1,"name":"Portada","item":"https:\/\/exaudi.org\/es\/"},{"@type":"ListItem","position":2,"name":"La inteligencia artificial tiene que servir a la humanidad"}]},{"@type":"WebSite","@id":"https:\/\/exaudi.org\/#website","url":"https:\/\/exaudi.org\/","name":"Exaudi","description":"News","potentialAction":[{"@type":"SearchAction","target":{"@type":"EntryPoint","urlTemplate":"https:\/\/exaudi.org\/?s={search_term_string}"},"query-input":{"@type":"PropertyValueSpecification","valueRequired":true,"valueName":"search_term_string"}}],"inLanguage":"es"},{"@type":"Person","@id":"https:\/\/exaudi.org\/#\/schema\/person\/f5fc8f063065e38742da7afe15f25df7","name":"Exaudi Redacci\u00f3n","image":{"@type":"ImageObject","inLanguage":"es","@id":"https:\/\/secure.gravatar.com\/avatar\/fe0f6a059fb68d9b3e11bc5850dd4899b1c7492091a3cb6dd9b01b56ad828be2?s=96&d=mm&r=g","url":"https:\/\/secure.gravatar.com\/avatar\/fe0f6a059fb68d9b3e11bc5850dd4899b1c7492091a3cb6dd9b01b56ad828be2?s=96&d=mm&r=g","contentUrl":"https:\/\/secure.gravatar.com\/avatar\/fe0f6a059fb68d9b3e11bc5850dd4899b1c7492091a3cb6dd9b01b56ad828be2?s=96&d=mm&r=g","caption":"Exaudi Redacci\u00f3n"},"description":"\u00bfQu\u00e9 es Exaudi News? Exaudi News es un medio de comunicaci\u00f3n cat\u00f3lico internacional que informa, forma y transforma, diariamente en espa\u00f1ol, ingl\u00e9s e italiano. A trav\u00e9s de noticias, art\u00edculos de an\u00e1lisis y transmisiones en directo de los eventos del Papa, Exaudi busca fortalecer la unidad de los cristianos y contribuir a la evangelizaci\u00f3n del mundo, siempre guiados por la doctrina social de la Iglesia. Trabajamos para acercar la verdad y los valores cristianos a cada rinc\u00f3n del planeta. \u00a1Ay\u00fadanos a transformar el mundo con Exaudi! En Exaudi creemos que la evangelizaci\u00f3n y la informaci\u00f3n de calidad pueden cambiar vidas. Para continuar con nuestra misi\u00f3n y expandir nuestro alcance, necesitamos tu ayuda. Adem\u00e1s, buscamos personas comprometidas que deseen unirse a nuestro equipo. Con tu apoyo, lograremos llegar a m\u00e1s personas, difundir el mensaje de Cristo y reforzar la unidad de los cristianos. \u00bfTe unes a nuestra misi\u00f3n? Para m\u00e1s informaci\u00f3n sobre c\u00f3mo colaborar, visita Exaudi.org\/es o cont\u00e1ctanos directamente: info@exaudi.org Exaudi: Informa, forma y transforma.","sameAs":["https:\/\/www.facebook.com\/ExaudiNoticias\/","https:\/\/www.instagram.com\/exaudi_noticias\/","https:\/\/x.com\/Exaudi_noticias","https:\/\/www.youtube.com\/@exaudicatholicnews"],"url":"https:\/\/exaudi.org\/es\/author\/redaccionexaudi\/"}]}},"jetpack_featured_media_url":"https:\/\/exaudi.org\/wp-content\/uploads\/2024\/05\/cq5dam.thumbnail.cropped.750.422-1-2.jpeg","jetpack_shortlink":"https:\/\/wp.me\/pgKjF2-pZt","_links":{"self":[{"href":"https:\/\/exaudi.org\/es\/wp-json\/wp\/v2\/posts\/99911","targetHints":{"allow":["GET"]}}],"collection":[{"href":"https:\/\/exaudi.org\/es\/wp-json\/wp\/v2\/posts"}],"about":[{"href":"https:\/\/exaudi.org\/es\/wp-json\/wp\/v2\/types\/post"}],"author":[{"embeddable":true,"href":"https:\/\/exaudi.org\/es\/wp-json\/wp\/v2\/users\/15"}],"replies":[{"embeddable":true,"href":"https:\/\/exaudi.org\/es\/wp-json\/wp\/v2\/comments?post=99911"}],"version-history":[{"count":0,"href":"https:\/\/exaudi.org\/es\/wp-json\/wp\/v2\/posts\/99911\/revisions"}],"wp:featuredmedia":[{"embeddable":true,"href":"https:\/\/exaudi.org\/es\/wp-json\/wp\/v2\/media\/99912"}],"wp:attachment":[{"href":"https:\/\/exaudi.org\/es\/wp-json\/wp\/v2\/media?parent=99911"}],"wp:term":[{"taxonomy":"category","embeddable":true,"href":"https:\/\/exaudi.org\/es\/wp-json\/wp\/v2\/categories?post=99911"},{"taxonomy":"post_tag","embeddable":true,"href":"https:\/\/exaudi.org\/es\/wp-json\/wp\/v2\/tags?post=99911"}],"curies":[{"name":"wp","href":"https:\/\/api.w.org\/{rel}","templated":true}]}}