{"id":99405,"date":"2024-05-02T09:00:12","date_gmt":"2024-05-02T07:00:12","guid":{"rendered":"https:\/\/exaudi.org\/?p=99405"},"modified":"2024-05-02T22:51:32","modified_gmt":"2024-05-02T20:51:32","slug":"el-sueno-anticlerical","status":"publish","type":"post","link":"https:\/\/exaudi.org\/es\/el-sueno-anticlerical\/","title":{"rendered":"El sue\u00f1o anticlerical"},"content":{"rendered":"<audio class=\"wp-audio-shortcode\" id=\"audio-99405-1\" preload=\"none\" style=\"width: 100%;\" controls=\"controls\"><source type=\"audio\/mpeg\" src=\"https:\/\/exaudi.org\/wp-content\/uploads\/2024\/05\/El-sueno-anticlerical.mp3?_=1\" \/><a href=\"https:\/\/exaudi.org\/wp-content\/uploads\/2024\/05\/El-sueno-anticlerical.mp3\">https:\/\/exaudi.org\/wp-content\/uploads\/2024\/05\/El-sueno-anticlerical.mp3<\/a><\/audio>\n<p>Los anticlericales m\u00e1s radicales, cuando poseen mucho poder, se creen muy fuertes y tienen a la Iglesia por algo muy d\u00e9bil. De ah\u00ed que su sue\u00f1o sea suprimirla.<\/p>\n<p>Se fundan en que, qui\u00e9n tiene mucha fuerza, vence necesariamente al que tiene muy poca. Es como decir que la hormiga ha de ser derrotada por el elefante, porque f\u00e1cilmente podr\u00e1 aplastarla. Eso les parece tan evidente como que 4 es mayor que 2.<\/p>\n<p>A la pregunta, \u00bfpuedo con una barca, hecha con una hoja de papel, recorrer todo el orbe, atravesar los mares m\u00e1s encrespados?, responder\u00e1n: \u00a1esto es imposible!<\/p>\n<p>Su afirmaci\u00f3n, ha de ganar qui\u00e9n es mucho m\u00e1s fuerte, parece totalmente l\u00f3gica. Pero, la historia, constantemente constata lo contrario. La hormiga supera al elefante. El extremadamente debilucho triunfa sobre el muy potente. El tigre feroz se rinde ante la oveja. La Iglesia, comparada con la grandeza y las bravatas del oc\u00e9ano, resulta tan \u00ednfima, que no es m\u00e1s que una barquita de papel. Pero, siendo tan endeble, ha atravesado todo el globo terr\u00e1queo \u00a1Lo imposible se ha cumplido!<\/p>\n<p>As\u00ed pues, el fundamento del razonamiento anticlerical se ha hecho a\u00f1icos. Los hechos han mostrado el fracaso estrepitoso de la visi\u00f3n cerrada en lo natural.<\/p>\n<p>Lo antedicho tiene innumerables ilustraciones hist\u00f3ricas. As\u00ed, por ejemplo, ha ocurrido algo que era impensable, que Mois\u00e9s y el antiguo pueblo de Dios, sin armas, venciera al fara\u00f3n y a todo su ej\u00e9rcito.<\/p>\n<p>Fort\u00edsima fue la persecuci\u00f3n contra la Iglesia del todopoderoso emperador Diocleciano, un mar de sangre martirial. Se comprende, pues, que acu\u00f1ara una moneda con la siguiente inscripci\u00f3n: \u201cNomine christianorum deleto\u201d. Esto es, el nombre del cristianismo ha sido borrado. Pero, Diocleciano, no tard\u00f3 en fallecer. Pocos a\u00f1os despu\u00e9s, en el 313, la bandera cristiana, la cruz, coronaba triunfalmente el capitolio romano.<\/p>\n<p>A san Agust\u00edn le dec\u00edan los paganos: \u201cLa Iglesia va a perecer, los cristianos ya han terminado\u201d. Les respond\u00eda: \u201cSin embargo, yo os veo morir cada d\u00eda y la Iglesia permanece siempre en pie, anunciando el poder de Dios a las sucesivas generaciones\u201d. M\u00e1s a\u00fan, en vida del santo, aquel impero romano, que daba la carne de los cristianos a las fieras, cay\u00f3.<\/p>\n<p>Hay buenos cristianos que, a diferencia de Aza\u00f1a, besando la cruz, nunca se han conmovido. \u00c9ste, hab\u00eda sido anticlerical y jefe de anticlericales. Si alguien puede considerarse s\u00edmbolo de la mas\u00f3nica segunda rep\u00fablica espa\u00f1ola, \u00e9ste es Aza\u00f1a. Pero, al final de sus d\u00edas se convirti\u00f3. La flecha disparada por el arco de Cristo hizo diana en su coraz\u00f3n. Estando en Francia, libre, rodeado de anticlericales, logr\u00f3 ser atendido por un obispo, qui\u00e9n manifest\u00f3: \u201cqueriendo conocer los sentimientos \u00edntimos del enfermo, le present\u00e9 un d\u00eda el crucifijo. Con sus grandes ojos abiertos, luego h\u00famedos de l\u00e1grimas, se fij\u00f3 detenidamente sobre el Cristo de la cruz. Lo arranc\u00f3 de mis manos y lo bes\u00f3 con amor por tres veces, y dec\u00eda cada vez: \u2018Jes\u00fas, piedad, misericordia\u2019 (\u2026)\u201d. \u201cEse hombre (Aza\u00f1a) ten\u00eda fe (\u2026) la fe de su infancia y de su juventud, volv\u00eda a orientar los \u00faltimos d\u00edas de su vida\u201d. Abandonando su condici\u00f3n mas\u00f3nica, recibi\u00f3 los sacramentos, muri\u00f3 en la fe y la paz del Se\u00f1or.<\/p>\n<p>El apoyo del Papa Juan Pablo II el Grande a Solidaridad hab\u00eda disgustado profundamente a algunos gobernantes comunistas. En 1981 el Santo Padre fue tiroteado por un criminal infalible. Pero, no logr\u00f3 matarlo. En pocos meses se recuper\u00f3 completamente. Los que cayeron fueron los enemigos de Su Santidad. En efecto: en 1989 cay\u00f3 el Muro de Berl\u00edn y en 1989-1990 se hundi\u00f3 el marxismo. En 1992, Gorbachov, afirm\u00f3: \u201cCuanto ha sucedido en Europa oriental hubiera sido imposible sin la presencia de este Papa\u201d.<\/p>\n<p>Toda persona inteligente, viendo que la victoria de la hormiga sobre el elefante ha sido una constante hist\u00f3rica, se admira. Pero, como ya se\u00f1al\u00f3 Pit\u00e1goras, la admiraci\u00f3n es el principio del pensamiento. Sobre lo que me admiro, me pongo a pensar. Al anticlerical inteligente la reflexi\u00f3n le lleva a temer que pueda volver a suceder lo que tantas veces ha acaecido, que la hormiga venza al elefante. Ya no est\u00e1, pues, tan seguro de que el anticlerical vencer\u00e1. Si es prudente, se volver\u00e1 m\u00e1s cauto. Pero, existen tambi\u00e9n anticlericales imprudentes que no renunciaran a su sue\u00f1o anticlerical, pues el hombre es el \u00fanico viviente capaz de tropezar tres veces en la misma piedra. \u00c9stos, no han comprendido que adem\u00e1s de las fuerzas finitas, que tiene presentes, hay que contar con las infinitas. La Iglesia tiene a su favor la fuerza infinita divina. Las puertas del infierno no podr\u00e1n contra ella. Dios es m\u00e1s poderoso que el mundo, siempre vence. Luchar contra Dios es absurdo. De nada sirve dar coces contra el aguij\u00f3n. Los soldados romanos armados, custodios del sepulcro, temblaron de miedo y se quedaron como muertos ante la presencia gloriosa de Cristo resucitado.<\/p>\n<p>Si la Iglesia puede tanto, y es la portadora de la fe, es il\u00f3gico el intelectual prepotente propugnador de la lucha de la raz\u00f3n contra la fe. Pues, si con la Iglesia no se ha podido, tampoco se podr\u00e1 contra la fe.<\/p>\n<p>En definitiva, Cristo ha resucitado. La fe es racional y es la verdad. El anticlericalismo es un gigante con los pies de barro. Cristo es la roca que puede pulverizarlo<\/p>\n<p>En suma, \u00a1la fe es m\u00e1s potente que las ideolog\u00edas!<\/p>\n<p><img loading=\"lazy\" decoding=\"async\" class=\"size-full wp-image-99511 alignnone\" src=\"https:\/\/exaudi.org\/wp-content\/uploads\/2024\/05\/Design-Option-B.jpg\" alt=\"\" width=\"940\" height=\"788\" srcset=\"https:\/\/exaudi.org\/wp-content\/uploads\/2024\/05\/Design-Option-B.jpg 940w, https:\/\/exaudi.org\/wp-content\/uploads\/2024\/05\/Design-Option-B-300x251.jpg 300w, https:\/\/exaudi.org\/wp-content\/uploads\/2024\/05\/Design-Option-B-770x645.jpg 770w, https:\/\/exaudi.org\/wp-content\/uploads\/2024\/05\/Design-Option-B-500x419.jpg 500w, https:\/\/exaudi.org\/wp-content\/uploads\/2024\/05\/Design-Option-B-293x246.jpg 293w, https:\/\/exaudi.org\/wp-content\/uploads\/2024\/05\/Design-Option-B-390x327.jpg 390w\" sizes=\"auto, (max-width: 940px) 100vw, 940px\" \/><\/p>\n","protected":false},"excerpt":{"rendered":"<p>La fragilidad del sue\u00f1o anticlerical frente a la fortaleza de la fe<\/p>\n","protected":false},"author":45,"featured_media":99411,"comment_status":"closed","ping_status":"closed","sticky":false,"template":"","format":"standard","meta":{"_acf_changed":false,"_crdt_document":"","inline_featured_image":false,"footnotes":""},"categories":[],"tags":[14677,3164,13343,14676,4628,1992],"class_list":["post-99405","post","type-post","status-publish","format-standard","has-post-thumbnail","hentry","tag-anticlericalismo","tag-fe-es","tag-historia","tag-ideologias","tag-poder","tag-religion"],"acf":[],"yoast_head":"<!-- This site is optimized with the Yoast SEO plugin v27.4 - https:\/\/yoast.com\/product\/yoast-seo-wordpress\/ -->\n<title>El sue\u00f1o anticlerical &#8211; Exaudi<\/title>\n<meta name=\"robots\" content=\"index, follow, max-snippet:-1, max-image-preview:large, max-video-preview:-1\" \/>\n<link rel=\"canonical\" href=\"https:\/\/exaudi.org\/es\/the-anticlerical-dream\/\" \/>\n<meta property=\"og:locale\" content=\"es_ES\" \/>\n<meta property=\"og:type\" content=\"article\" \/>\n<meta property=\"og:title\" content=\"El sue\u00f1o anticlerical &#8211; Exaudi\" \/>\n<meta property=\"og:description\" content=\"La fragilidad del sue\u00f1o anticlerical frente a la fortaleza de la fe\" \/>\n<meta property=\"og:url\" content=\"https:\/\/exaudi.org\/the-anticlerical-dream\/\" \/>\n<meta property=\"og:site_name\" content=\"Exaudi\" \/>\n<meta property=\"article:publisher\" content=\"https:\/\/www.facebook.com\/ExaudiNews\" \/>\n<meta property=\"article:published_time\" content=\"2024-05-02T07:00:12+00:00\" \/>\n<meta property=\"article:modified_time\" content=\"2024-05-02T20:51:32+00:00\" \/>\n<meta property=\"og:image\" content=\"https:\/\/exaudi.org\/wp-content\/uploads\/2024\/05\/kate-stone-matheson-uy5t-CJuIK4-unsplash-scaled.jpg\" \/>\n\t<meta property=\"og:image:width\" content=\"2560\" \/>\n\t<meta property=\"og:image:height\" content=\"1727\" \/>\n\t<meta property=\"og:image:type\" content=\"image\/jpeg\" \/>\n<meta name=\"author\" content=\"Jos\u00e9 Mar\u00eda Montiu de Nuix\" \/>\n<meta name=\"twitter:card\" content=\"summary_large_image\" \/>\n<meta name=\"twitter:creator\" content=\"@Exaudi_News\" \/>\n<meta name=\"twitter:site\" content=\"@Exaudi_News\" \/>\n<meta name=\"twitter:label1\" content=\"Escrito por\" \/>\n\t<meta name=\"twitter:data1\" content=\"Jos\u00e9 Mar\u00eda Montiu de Nuix\" \/>\n\t<meta name=\"twitter:label2\" content=\"Tiempo de lectura\" \/>\n\t<meta name=\"twitter:data2\" content=\"5 minutos\" \/>\n<script type=\"application\/ld+json\" class=\"yoast-schema-graph\">{\"@context\":\"https:\\\/\\\/schema.org\",\"@graph\":[{\"@type\":\"Article\",\"@id\":\"https:\\\/\\\/exaudi.org\\\/the-anticlerical-dream\\\/#article\",\"isPartOf\":{\"@id\":\"https:\\\/\\\/exaudi.org\\\/the-anticlerical-dream\\\/\"},\"author\":{\"name\":\"Jos\u00e9 Mar\u00eda Montiu de Nuix\",\"@id\":\"https:\\\/\\\/exaudi.org\\\/#\\\/schema\\\/person\\\/63aa8d363a4039100348c8036010e9fa\"},\"headline\":\"El sue\u00f1o anticlerical\",\"datePublished\":\"2024-05-02T07:00:12+00:00\",\"dateModified\":\"2024-05-02T20:51:32+00:00\",\"mainEntityOfPage\":{\"@id\":\"https:\\\/\\\/exaudi.org\\\/the-anticlerical-dream\\\/\"},\"wordCount\":961,\"image\":{\"@id\":\"https:\\\/\\\/exaudi.org\\\/the-anticlerical-dream\\\/#primaryimage\"},\"thumbnailUrl\":\"https:\\\/\\\/exaudi.org\\\/wp-content\\\/uploads\\\/2024\\\/05\\\/kate-stone-matheson-uy5t-CJuIK4-unsplash-scaled.jpg\",\"keywords\":[\"Anticlericalismo\",\"fe\",\"Historia\",\"Ideolog\u00edas\",\"poder\",\"Religi\u00f3n\"],\"inLanguage\":\"es\"},{\"@type\":\"WebPage\",\"@id\":\"https:\\\/\\\/exaudi.org\\\/the-anticlerical-dream\\\/\",\"url\":\"https:\\\/\\\/exaudi.org\\\/the-anticlerical-dream\\\/\",\"name\":\"El sue\u00f1o anticlerical &#8211; Exaudi\",\"isPartOf\":{\"@id\":\"https:\\\/\\\/exaudi.org\\\/#website\"},\"primaryImageOfPage\":{\"@id\":\"https:\\\/\\\/exaudi.org\\\/the-anticlerical-dream\\\/#primaryimage\"},\"image\":{\"@id\":\"https:\\\/\\\/exaudi.org\\\/the-anticlerical-dream\\\/#primaryimage\"},\"thumbnailUrl\":\"https:\\\/\\\/exaudi.org\\\/wp-content\\\/uploads\\\/2024\\\/05\\\/kate-stone-matheson-uy5t-CJuIK4-unsplash-scaled.jpg\",\"datePublished\":\"2024-05-02T07:00:12+00:00\",\"dateModified\":\"2024-05-02T20:51:32+00:00\",\"author\":{\"@id\":\"https:\\\/\\\/exaudi.org\\\/#\\\/schema\\\/person\\\/63aa8d363a4039100348c8036010e9fa\"},\"breadcrumb\":{\"@id\":\"https:\\\/\\\/exaudi.org\\\/the-anticlerical-dream\\\/#breadcrumb\"},\"inLanguage\":\"es\",\"potentialAction\":[{\"@type\":\"ReadAction\",\"target\":[\"https:\\\/\\\/exaudi.org\\\/the-anticlerical-dream\\\/\"]}]},{\"@type\":\"ImageObject\",\"inLanguage\":\"es\",\"@id\":\"https:\\\/\\\/exaudi.org\\\/the-anticlerical-dream\\\/#primaryimage\",\"url\":\"https:\\\/\\\/exaudi.org\\\/wp-content\\\/uploads\\\/2024\\\/05\\\/kate-stone-matheson-uy5t-CJuIK4-unsplash-scaled.jpg\",\"contentUrl\":\"https:\\\/\\\/exaudi.org\\\/wp-content\\\/uploads\\\/2024\\\/05\\\/kate-stone-matheson-uy5t-CJuIK4-unsplash-scaled.jpg\",\"width\":2560,\"height\":1727,\"caption\":\"Unspalsh\"},{\"@type\":\"BreadcrumbList\",\"@id\":\"https:\\\/\\\/exaudi.org\\\/the-anticlerical-dream\\\/#breadcrumb\",\"itemListElement\":[{\"@type\":\"ListItem\",\"position\":1,\"name\":\"Portada\",\"item\":\"https:\\\/\\\/exaudi.org\\\/es\\\/\"},{\"@type\":\"ListItem\",\"position\":2,\"name\":\"El sue\u00f1o anticlerical\"}]},{\"@type\":\"WebSite\",\"@id\":\"https:\\\/\\\/exaudi.org\\\/#website\",\"url\":\"https:\\\/\\\/exaudi.org\\\/\",\"name\":\"Exaudi\",\"description\":\"News\",\"potentialAction\":[{\"@type\":\"SearchAction\",\"target\":{\"@type\":\"EntryPoint\",\"urlTemplate\":\"https:\\\/\\\/exaudi.org\\\/?s={search_term_string}\"},\"query-input\":{\"@type\":\"PropertyValueSpecification\",\"valueRequired\":true,\"valueName\":\"search_term_string\"}}],\"inLanguage\":\"es\"},{\"@type\":\"Person\",\"@id\":\"https:\\\/\\\/exaudi.org\\\/#\\\/schema\\\/person\\\/63aa8d363a4039100348c8036010e9fa\",\"name\":\"Jos\u00e9 Mar\u00eda Montiu de Nuix\",\"image\":{\"@type\":\"ImageObject\",\"inLanguage\":\"es\",\"@id\":\"https:\\\/\\\/secure.gravatar.com\\\/avatar\\\/f3d1e54272060740a50258cef7d916098d4ffe7ad9f6a7a8603d12c508634d10?s=96&d=mm&r=g\",\"url\":\"https:\\\/\\\/secure.gravatar.com\\\/avatar\\\/f3d1e54272060740a50258cef7d916098d4ffe7ad9f6a7a8603d12c508634d10?s=96&d=mm&r=g\",\"contentUrl\":\"https:\\\/\\\/secure.gravatar.com\\\/avatar\\\/f3d1e54272060740a50258cef7d916098d4ffe7ad9f6a7a8603d12c508634d10?s=96&d=mm&r=g\",\"caption\":\"Jos\u00e9 Mar\u00eda Montiu de Nuix\"},\"description\":\"Nacido en Cervera, L\u00e9rida, Espa\u00f1a, en 1960 y bautizado ese mismo a\u00f1o. Ordenado sacerdote en 1992. Doctor en Filosof\u00eda. Licenciado en Filosof\u00eda y Ciencias de la Educaci\u00f3n por la Universidad de Barcelona (UB). Licenciado (especialidad: Matem\u00e1tica Fundamental), cursos de doctorado y suficiencia investigadora en Ciencias Exactas por la UB. Licenciado en Filosof\u00eda por la Universidad de Navarra. Licenciado en Estudios Eclesi\u00e1sticos por la Facultad de Teolog\u00eda San Vicente Ferrer, Valencia. Docente e investigador con m\u00e1s de medio millar de publicaciones. Acad\u00e9mico de la Academia Hispanoamericana de Doctores.\",\"url\":\"https:\\\/\\\/exaudi.org\\\/es\\\/author\\\/josepmariamontiudenuix\\\/\"}]}<\/script>\n<!-- \/ Yoast SEO plugin. -->","yoast_head_json":{"title":"El sue\u00f1o anticlerical &#8211; Exaudi","robots":{"index":"index","follow":"follow","max-snippet":"max-snippet:-1","max-image-preview":"max-image-preview:large","max-video-preview":"max-video-preview:-1"},"canonical":"https:\/\/exaudi.org\/es\/the-anticlerical-dream\/","og_locale":"es_ES","og_type":"article","og_title":"El sue\u00f1o anticlerical &#8211; Exaudi","og_description":"La fragilidad del sue\u00f1o anticlerical frente a la fortaleza de la fe","og_url":"https:\/\/exaudi.org\/the-anticlerical-dream\/","og_site_name":"Exaudi","article_publisher":"https:\/\/www.facebook.com\/ExaudiNews","article_published_time":"2024-05-02T07:00:12+00:00","article_modified_time":"2024-05-02T20:51:32+00:00","og_image":[{"width":2560,"height":1727,"url":"https:\/\/exaudi.org\/wp-content\/uploads\/2024\/05\/kate-stone-matheson-uy5t-CJuIK4-unsplash-scaled.jpg","type":"image\/jpeg"}],"author":"Jos\u00e9 Mar\u00eda Montiu de Nuix","twitter_card":"summary_large_image","twitter_creator":"@Exaudi_News","twitter_site":"@Exaudi_News","twitter_misc":{"Escrito por":"Jos\u00e9 Mar\u00eda Montiu de Nuix","Tiempo de lectura":"5 minutos"},"schema":{"@context":"https:\/\/schema.org","@graph":[{"@type":"Article","@id":"https:\/\/exaudi.org\/the-anticlerical-dream\/#article","isPartOf":{"@id":"https:\/\/exaudi.org\/the-anticlerical-dream\/"},"author":{"name":"Jos\u00e9 Mar\u00eda Montiu de Nuix","@id":"https:\/\/exaudi.org\/#\/schema\/person\/63aa8d363a4039100348c8036010e9fa"},"headline":"El sue\u00f1o anticlerical","datePublished":"2024-05-02T07:00:12+00:00","dateModified":"2024-05-02T20:51:32+00:00","mainEntityOfPage":{"@id":"https:\/\/exaudi.org\/the-anticlerical-dream\/"},"wordCount":961,"image":{"@id":"https:\/\/exaudi.org\/the-anticlerical-dream\/#primaryimage"},"thumbnailUrl":"https:\/\/exaudi.org\/wp-content\/uploads\/2024\/05\/kate-stone-matheson-uy5t-CJuIK4-unsplash-scaled.jpg","keywords":["Anticlericalismo","fe","Historia","Ideolog\u00edas","poder","Religi\u00f3n"],"inLanguage":"es"},{"@type":"WebPage","@id":"https:\/\/exaudi.org\/the-anticlerical-dream\/","url":"https:\/\/exaudi.org\/the-anticlerical-dream\/","name":"El sue\u00f1o anticlerical &#8211; Exaudi","isPartOf":{"@id":"https:\/\/exaudi.org\/#website"},"primaryImageOfPage":{"@id":"https:\/\/exaudi.org\/the-anticlerical-dream\/#primaryimage"},"image":{"@id":"https:\/\/exaudi.org\/the-anticlerical-dream\/#primaryimage"},"thumbnailUrl":"https:\/\/exaudi.org\/wp-content\/uploads\/2024\/05\/kate-stone-matheson-uy5t-CJuIK4-unsplash-scaled.jpg","datePublished":"2024-05-02T07:00:12+00:00","dateModified":"2024-05-02T20:51:32+00:00","author":{"@id":"https:\/\/exaudi.org\/#\/schema\/person\/63aa8d363a4039100348c8036010e9fa"},"breadcrumb":{"@id":"https:\/\/exaudi.org\/the-anticlerical-dream\/#breadcrumb"},"inLanguage":"es","potentialAction":[{"@type":"ReadAction","target":["https:\/\/exaudi.org\/the-anticlerical-dream\/"]}]},{"@type":"ImageObject","inLanguage":"es","@id":"https:\/\/exaudi.org\/the-anticlerical-dream\/#primaryimage","url":"https:\/\/exaudi.org\/wp-content\/uploads\/2024\/05\/kate-stone-matheson-uy5t-CJuIK4-unsplash-scaled.jpg","contentUrl":"https:\/\/exaudi.org\/wp-content\/uploads\/2024\/05\/kate-stone-matheson-uy5t-CJuIK4-unsplash-scaled.jpg","width":2560,"height":1727,"caption":"Unspalsh"},{"@type":"BreadcrumbList","@id":"https:\/\/exaudi.org\/the-anticlerical-dream\/#breadcrumb","itemListElement":[{"@type":"ListItem","position":1,"name":"Portada","item":"https:\/\/exaudi.org\/es\/"},{"@type":"ListItem","position":2,"name":"El sue\u00f1o anticlerical"}]},{"@type":"WebSite","@id":"https:\/\/exaudi.org\/#website","url":"https:\/\/exaudi.org\/","name":"Exaudi","description":"News","potentialAction":[{"@type":"SearchAction","target":{"@type":"EntryPoint","urlTemplate":"https:\/\/exaudi.org\/?s={search_term_string}"},"query-input":{"@type":"PropertyValueSpecification","valueRequired":true,"valueName":"search_term_string"}}],"inLanguage":"es"},{"@type":"Person","@id":"https:\/\/exaudi.org\/#\/schema\/person\/63aa8d363a4039100348c8036010e9fa","name":"Jos\u00e9 Mar\u00eda Montiu de Nuix","image":{"@type":"ImageObject","inLanguage":"es","@id":"https:\/\/secure.gravatar.com\/avatar\/f3d1e54272060740a50258cef7d916098d4ffe7ad9f6a7a8603d12c508634d10?s=96&d=mm&r=g","url":"https:\/\/secure.gravatar.com\/avatar\/f3d1e54272060740a50258cef7d916098d4ffe7ad9f6a7a8603d12c508634d10?s=96&d=mm&r=g","contentUrl":"https:\/\/secure.gravatar.com\/avatar\/f3d1e54272060740a50258cef7d916098d4ffe7ad9f6a7a8603d12c508634d10?s=96&d=mm&r=g","caption":"Jos\u00e9 Mar\u00eda Montiu de Nuix"},"description":"Nacido en Cervera, L\u00e9rida, Espa\u00f1a, en 1960 y bautizado ese mismo a\u00f1o. Ordenado sacerdote en 1992. Doctor en Filosof\u00eda. Licenciado en Filosof\u00eda y Ciencias de la Educaci\u00f3n por la Universidad de Barcelona (UB). Licenciado (especialidad: Matem\u00e1tica Fundamental), cursos de doctorado y suficiencia investigadora en Ciencias Exactas por la UB. Licenciado en Filosof\u00eda por la Universidad de Navarra. Licenciado en Estudios Eclesi\u00e1sticos por la Facultad de Teolog\u00eda San Vicente Ferrer, Valencia. Docente e investigador con m\u00e1s de medio millar de publicaciones. Acad\u00e9mico de la Academia Hispanoamericana de Doctores.","url":"https:\/\/exaudi.org\/es\/author\/josepmariamontiudenuix\/"}]}},"jetpack_featured_media_url":"https:\/\/exaudi.org\/wp-content\/uploads\/2024\/05\/kate-stone-matheson-uy5t-CJuIK4-unsplash-scaled.jpg","jetpack_shortlink":"https:\/\/wp.me\/pgKjF2-pRj","_links":{"self":[{"href":"https:\/\/exaudi.org\/es\/wp-json\/wp\/v2\/posts\/99405","targetHints":{"allow":["GET"]}}],"collection":[{"href":"https:\/\/exaudi.org\/es\/wp-json\/wp\/v2\/posts"}],"about":[{"href":"https:\/\/exaudi.org\/es\/wp-json\/wp\/v2\/types\/post"}],"author":[{"embeddable":true,"href":"https:\/\/exaudi.org\/es\/wp-json\/wp\/v2\/users\/45"}],"replies":[{"embeddable":true,"href":"https:\/\/exaudi.org\/es\/wp-json\/wp\/v2\/comments?post=99405"}],"version-history":[{"count":0,"href":"https:\/\/exaudi.org\/es\/wp-json\/wp\/v2\/posts\/99405\/revisions"}],"wp:featuredmedia":[{"embeddable":true,"href":"https:\/\/exaudi.org\/es\/wp-json\/wp\/v2\/media\/99411"}],"wp:attachment":[{"href":"https:\/\/exaudi.org\/es\/wp-json\/wp\/v2\/media?parent=99405"}],"wp:term":[{"taxonomy":"category","embeddable":true,"href":"https:\/\/exaudi.org\/es\/wp-json\/wp\/v2\/categories?post=99405"},{"taxonomy":"post_tag","embeddable":true,"href":"https:\/\/exaudi.org\/es\/wp-json\/wp\/v2\/tags?post=99405"}],"curies":[{"name":"wp","href":"https:\/\/api.w.org\/{rel}","templated":true}]}}