{"id":98913,"date":"2024-04-25T19:13:49","date_gmt":"2024-04-25T17:13:49","guid":{"rendered":"https:\/\/exaudi.org\/?p=98913"},"modified":"2024-04-25T19:15:04","modified_gmt":"2024-04-25T17:15:04","slug":"la-interseccion-entre-teologia-y-tecnologia","status":"publish","type":"post","link":"https:\/\/exaudi.org\/es\/la-interseccion-entre-teologia-y-tecnologia\/","title":{"rendered":"La Intersecci\u00f3n entre Teolog\u00eda y Tecnolog\u00eda"},"content":{"rendered":"<audio class=\"wp-audio-shortcode\" id=\"audio-98913-1\" preload=\"none\" style=\"width: 100%;\" controls=\"controls\"><source type=\"audio\/mpeg\" src=\"https:\/\/exaudi.org\/wp-content\/uploads\/2024\/04\/La-Interseccion-entre-Teologia-y-Tecnologia.mp3?_=1\" \/><a href=\"https:\/\/exaudi.org\/wp-content\/uploads\/2024\/04\/La-Interseccion-entre-Teologia-y-Tecnologia.mp3\">https:\/\/exaudi.org\/wp-content\/uploads\/2024\/04\/La-Interseccion-entre-Teologia-y-Tecnologia.mp3<\/a><\/audio>\n<p style=\"font-weight: 400\">En medio de la era digital, donde la tecnolog\u00eda avanza a pasos agigantados y la Inteligencia Artificial se vuelve cada vez m\u00e1s sofisticada, surge una pregunta intrigante: \u00bfQu\u00e9 relaci\u00f3n tiene la teolog\u00eda con estos avances? Mario Salvador Mario Arroyo Mart\u00ednez Fabre, en su libro \u00abTeolog\u00eda de la Tecnolog\u00eda\u00bb, explora esta fascinante intersecci\u00f3n entre fe y rob\u00f3tica.<\/p>\n<p style=\"font-weight: 400\">La teolog\u00eda, como disciplina que busca entender y comunicar las verdades espirituales, se enfrenta a un desaf\u00edo \u00fanico en nuestro tiempo. En un mundo dominado por ChatGPT, iPhones de \u00faltima generaci\u00f3n y drones que surcan los cielos, la teolog\u00eda debe adaptarse para ser relevante y significativa para la sociedad contempor\u00e1nea.<\/p>\n<p style=\"font-weight: 400\">Mario Arroyo Mart\u00ednez Fabre, un erudito en filosof\u00eda y teolog\u00eda, plantea preguntas provocativas en su obra. \u00bfPuede la fe cristiana encontrar puntos de encuentro con la inteligencia artificial? \u00bfC\u00f3mo influyen los r\u00e1pidos avances tecnol\u00f3gicos en nuestras creencias religiosas? \u00bfPodr\u00eda incluso la pr\u00e1ctica de la fe inspirar nuevos desarrollos cient\u00edficos?<\/p>\n<p style=\"font-weight: 400\">El autor sostiene que la teolog\u00eda no puede permitirse permanecer ajena a los desarrollos culturales y cient\u00edficos del momento. Al contrario, debe integrarlos en su reflexi\u00f3n para continuar siendo relevante y significativa. La teolog\u00eda, lejos de ser est\u00e1tica, debe ser din\u00e1mica y adaptable, capaz de dialogar con la cultura contempor\u00e1nea y responder a sus desaf\u00edos.<\/p>\n<p style=\"font-weight: 400\">Mario Arroyo Mart\u00ednez Fabre, con su formaci\u00f3n acad\u00e9mica y experiencia, ofrece una herramienta valiosa para comprender esta compleja relaci\u00f3n entre fe y tecnolog\u00eda. Su libro busca no solo analizar estos temas desde un punto de vista teol\u00f3gico, sino tambi\u00e9n invitar al lector a reflexionar sobre c\u00f3mo la fe puede influir en el desarrollo tecnol\u00f3gico y viceversa.<\/p>\n<p style=\"font-weight: 400\">El autor, conocido por sus otras obras como \u00abCiencia y Fe: Un equilibrio posible\u00bb y \u00abDistop\u00eda: La fe en pol\u00e9mica con la cultura\u00bb, demuestra un profundo compromiso con el di\u00e1logo entre la fe y la raz\u00f3n, entre la religi\u00f3n y la ciencia. A trav\u00e9s de su an\u00e1lisis perspicaz, Mario Arroyo Mart\u00ednez Fabre nos invita a explorar terrenos poco explorados donde la teolog\u00eda y la tecnolog\u00eda se encuentran.<\/p>\n<p style=\"font-weight: 400\">En resumen, \u00abTeolog\u00eda de la Tecnolog\u00eda\u00bb es un libro esclarecedor que arroja luz sobre un tema apasionante y complejo. Invita a repensar la relaci\u00f3n entre fe y tecnolog\u00eda en un mundo cada vez m\u00e1s digitalizado y nos desaf\u00eda a considerar c\u00f3mo la teolog\u00eda puede ayudar a dar sentido y direcci\u00f3n \u00e9tica a nuestros avances tecnol\u00f3gicos.<\/p>\n<p style=\"font-weight: 400\">Puede adquirir <strong><a href=\"https:\/\/www.eunsa.es\/libro\/teologia-de-la-tecnologia_155700\/\" target=\"_blank\" rel=\"noopener\">el libro aqu\u00ed<\/a><\/strong>.<\/p>\n<p><img loading=\"lazy\" decoding=\"async\" class=\"size-full wp-image-98917 alignnone\" src=\"https:\/\/exaudi.org\/wp-content\/uploads\/2024\/04\/edition-150125-1.jpg\" alt=\"\" width=\"411\" height=\"609\" srcset=\"https:\/\/exaudi.org\/wp-content\/uploads\/2024\/04\/edition-150125-1.jpg 411w, https:\/\/exaudi.org\/wp-content\/uploads\/2024\/04\/edition-150125-1-202x300.jpg 202w, https:\/\/exaudi.org\/wp-content\/uploads\/2024\/04\/edition-150125-1-293x434.jpg 293w, https:\/\/exaudi.org\/wp-content\/uploads\/2024\/04\/edition-150125-1-390x578.jpg 390w\" sizes=\"auto, (max-width: 411px) 100vw, 411px\" \/><\/p>\n","protected":false},"excerpt":{"rendered":"<p>Reflexiones sobre el libro \u00abTeolog\u00eda de la Tecnolog\u00eda\u00bb<\/p>\n","protected":false},"author":15,"featured_media":98914,"comment_status":"closed","ping_status":"closed","sticky":false,"template":"","format":"standard","meta":{"_acf_changed":false,"_crdt_document":"","inline_featured_image":false,"footnotes":""},"categories":[74],"tags":[6240,14404,3164,14403,14402,4953],"class_list":["post-98913","post","type-post","status-publish","format-standard","has-post-thumbnail","hentry","category-iglesia-y-mundo","tag-ciencia","tag-eunsa","tag-fe-es","tag-salvador-mario-arroyo-martinez-fabre","tag-teologia-de-la-tecnologia","tag-trending-es"],"acf":[],"yoast_head":"<!-- This site is optimized with the Yoast SEO plugin v27.4 - https:\/\/yoast.com\/product\/yoast-seo-wordpress\/ -->\n<title>La Intersecci\u00f3n entre Teolog\u00eda y Tecnolog\u00eda &#8211; Exaudi<\/title>\n<meta name=\"robots\" content=\"index, follow, max-snippet:-1, max-image-preview:large, max-video-preview:-1\" \/>\n<link rel=\"canonical\" href=\"https:\/\/exaudi.org\/es\/the-intersection-between-theology-and-technology\/\" \/>\n<meta property=\"og:locale\" content=\"es_ES\" \/>\n<meta property=\"og:type\" content=\"article\" \/>\n<meta property=\"og:title\" content=\"La Intersecci\u00f3n entre Teolog\u00eda y Tecnolog\u00eda &#8211; Exaudi\" \/>\n<meta property=\"og:description\" content=\"Reflexiones sobre el libro &quot;Teolog\u00eda de la Tecnolog\u00eda&quot;\" \/>\n<meta property=\"og:url\" content=\"https:\/\/exaudi.org\/the-intersection-between-theology-and-technology\/\" \/>\n<meta property=\"og:site_name\" content=\"Exaudi\" \/>\n<meta property=\"article:publisher\" content=\"https:\/\/www.facebook.com\/ExaudiNews\" \/>\n<meta property=\"article:author\" content=\"https:\/\/www.facebook.com\/ExaudiNoticias\/\" \/>\n<meta property=\"article:published_time\" content=\"2024-04-25T17:13:49+00:00\" \/>\n<meta property=\"article:modified_time\" content=\"2024-04-25T17:15:04+00:00\" \/>\n<meta property=\"og:image\" content=\"https:\/\/exaudi.org\/wp-content\/uploads\/2024\/04\/edition-150125-e1714065204744.jpg\" \/>\n\t<meta property=\"og:image:width\" content=\"411\" \/>\n\t<meta property=\"og:image:height\" content=\"341\" \/>\n\t<meta property=\"og:image:type\" content=\"image\/jpeg\" \/>\n<meta name=\"author\" content=\"Exaudi Redacci\u00f3n\" \/>\n<meta name=\"twitter:card\" content=\"summary_large_image\" \/>\n<meta name=\"twitter:creator\" content=\"@Exaudi_noticias\" \/>\n<meta name=\"twitter:site\" content=\"@Exaudi_News\" \/>\n<meta name=\"twitter:label1\" content=\"Escrito por\" \/>\n\t<meta name=\"twitter:data1\" content=\"Exaudi Redacci\u00f3n\" \/>\n\t<meta name=\"twitter:label2\" content=\"Tiempo de lectura\" \/>\n\t<meta name=\"twitter:data2\" content=\"2 minutos\" \/>\n<script type=\"application\/ld+json\" class=\"yoast-schema-graph\">{\"@context\":\"https:\\\/\\\/schema.org\",\"@graph\":[{\"@type\":\"Article\",\"@id\":\"https:\\\/\\\/exaudi.org\\\/the-intersection-between-theology-and-technology\\\/#article\",\"isPartOf\":{\"@id\":\"https:\\\/\\\/exaudi.org\\\/the-intersection-between-theology-and-technology\\\/\"},\"author\":{\"name\":\"Exaudi Redacci\u00f3n\",\"@id\":\"https:\\\/\\\/exaudi.org\\\/#\\\/schema\\\/person\\\/f5fc8f063065e38742da7afe15f25df7\"},\"headline\":\"La Intersecci\u00f3n entre Teolog\u00eda y Tecnolog\u00eda\",\"datePublished\":\"2024-04-25T17:13:49+00:00\",\"dateModified\":\"2024-04-25T17:15:04+00:00\",\"mainEntityOfPage\":{\"@id\":\"https:\\\/\\\/exaudi.org\\\/the-intersection-between-theology-and-technology\\\/\"},\"wordCount\":472,\"image\":{\"@id\":\"https:\\\/\\\/exaudi.org\\\/the-intersection-between-theology-and-technology\\\/#primaryimage\"},\"thumbnailUrl\":\"https:\\\/\\\/exaudi.org\\\/wp-content\\\/uploads\\\/2024\\\/04\\\/edition-150125-e1714065204744.jpg\",\"keywords\":[\"Ciencia\",\"Eunsa\",\"fe\",\"Salvador Mario Arroyo Mart\u00ednez Fabre\",\"Teolog\u00eda de la Tecnolog\u00eda\",\"Trending\"],\"articleSection\":[\"Iglesia y Mundo\"],\"inLanguage\":\"es\"},{\"@type\":\"WebPage\",\"@id\":\"https:\\\/\\\/exaudi.org\\\/the-intersection-between-theology-and-technology\\\/\",\"url\":\"https:\\\/\\\/exaudi.org\\\/the-intersection-between-theology-and-technology\\\/\",\"name\":\"La Intersecci\u00f3n entre Teolog\u00eda y Tecnolog\u00eda &#8211; Exaudi\",\"isPartOf\":{\"@id\":\"https:\\\/\\\/exaudi.org\\\/#website\"},\"primaryImageOfPage\":{\"@id\":\"https:\\\/\\\/exaudi.org\\\/the-intersection-between-theology-and-technology\\\/#primaryimage\"},\"image\":{\"@id\":\"https:\\\/\\\/exaudi.org\\\/the-intersection-between-theology-and-technology\\\/#primaryimage\"},\"thumbnailUrl\":\"https:\\\/\\\/exaudi.org\\\/wp-content\\\/uploads\\\/2024\\\/04\\\/edition-150125-e1714065204744.jpg\",\"datePublished\":\"2024-04-25T17:13:49+00:00\",\"dateModified\":\"2024-04-25T17:15:04+00:00\",\"author\":{\"@id\":\"https:\\\/\\\/exaudi.org\\\/#\\\/schema\\\/person\\\/f5fc8f063065e38742da7afe15f25df7\"},\"breadcrumb\":{\"@id\":\"https:\\\/\\\/exaudi.org\\\/the-intersection-between-theology-and-technology\\\/#breadcrumb\"},\"inLanguage\":\"es\",\"potentialAction\":[{\"@type\":\"ReadAction\",\"target\":[\"https:\\\/\\\/exaudi.org\\\/the-intersection-between-theology-and-technology\\\/\"]}]},{\"@type\":\"ImageObject\",\"inLanguage\":\"es\",\"@id\":\"https:\\\/\\\/exaudi.org\\\/the-intersection-between-theology-and-technology\\\/#primaryimage\",\"url\":\"https:\\\/\\\/exaudi.org\\\/wp-content\\\/uploads\\\/2024\\\/04\\\/edition-150125-e1714065204744.jpg\",\"contentUrl\":\"https:\\\/\\\/exaudi.org\\\/wp-content\\\/uploads\\\/2024\\\/04\\\/edition-150125-e1714065204744.jpg\",\"width\":411,\"height\":341},{\"@type\":\"BreadcrumbList\",\"@id\":\"https:\\\/\\\/exaudi.org\\\/the-intersection-between-theology-and-technology\\\/#breadcrumb\",\"itemListElement\":[{\"@type\":\"ListItem\",\"position\":1,\"name\":\"Portada\",\"item\":\"https:\\\/\\\/exaudi.org\\\/es\\\/\"},{\"@type\":\"ListItem\",\"position\":2,\"name\":\"La Intersecci\u00f3n entre Teolog\u00eda y Tecnolog\u00eda\"}]},{\"@type\":\"WebSite\",\"@id\":\"https:\\\/\\\/exaudi.org\\\/#website\",\"url\":\"https:\\\/\\\/exaudi.org\\\/\",\"name\":\"Exaudi\",\"description\":\"News\",\"potentialAction\":[{\"@type\":\"SearchAction\",\"target\":{\"@type\":\"EntryPoint\",\"urlTemplate\":\"https:\\\/\\\/exaudi.org\\\/?s={search_term_string}\"},\"query-input\":{\"@type\":\"PropertyValueSpecification\",\"valueRequired\":true,\"valueName\":\"search_term_string\"}}],\"inLanguage\":\"es\"},{\"@type\":\"Person\",\"@id\":\"https:\\\/\\\/exaudi.org\\\/#\\\/schema\\\/person\\\/f5fc8f063065e38742da7afe15f25df7\",\"name\":\"Exaudi Redacci\u00f3n\",\"image\":{\"@type\":\"ImageObject\",\"inLanguage\":\"es\",\"@id\":\"https:\\\/\\\/secure.gravatar.com\\\/avatar\\\/fe0f6a059fb68d9b3e11bc5850dd4899b1c7492091a3cb6dd9b01b56ad828be2?s=96&d=mm&r=g\",\"url\":\"https:\\\/\\\/secure.gravatar.com\\\/avatar\\\/fe0f6a059fb68d9b3e11bc5850dd4899b1c7492091a3cb6dd9b01b56ad828be2?s=96&d=mm&r=g\",\"contentUrl\":\"https:\\\/\\\/secure.gravatar.com\\\/avatar\\\/fe0f6a059fb68d9b3e11bc5850dd4899b1c7492091a3cb6dd9b01b56ad828be2?s=96&d=mm&r=g\",\"caption\":\"Exaudi Redacci\u00f3n\"},\"description\":\"\u00bfQu\u00e9 es Exaudi News? Exaudi News es un medio de comunicaci\u00f3n cat\u00f3lico internacional que informa, forma y transforma, diariamente en espa\u00f1ol, ingl\u00e9s e italiano. A trav\u00e9s de noticias, art\u00edculos de an\u00e1lisis y transmisiones en directo de los eventos del Papa, Exaudi busca fortalecer la unidad de los cristianos y contribuir a la evangelizaci\u00f3n del mundo, siempre guiados por la doctrina social de la Iglesia. Trabajamos para acercar la verdad y los valores cristianos a cada rinc\u00f3n del planeta. \u00a1Ay\u00fadanos a transformar el mundo con Exaudi! En Exaudi creemos que la evangelizaci\u00f3n y la informaci\u00f3n de calidad pueden cambiar vidas. Para continuar con nuestra misi\u00f3n y expandir nuestro alcance, necesitamos tu ayuda. Adem\u00e1s, buscamos personas comprometidas que deseen unirse a nuestro equipo. Con tu apoyo, lograremos llegar a m\u00e1s personas, difundir el mensaje de Cristo y reforzar la unidad de los cristianos. \u00bfTe unes a nuestra misi\u00f3n? Para m\u00e1s informaci\u00f3n sobre c\u00f3mo colaborar, visita Exaudi.org\\\/es o cont\u00e1ctanos directamente: info@exaudi.org Exaudi: Informa, forma y transforma.\",\"sameAs\":[\"https:\\\/\\\/www.facebook.com\\\/ExaudiNoticias\\\/\",\"https:\\\/\\\/www.instagram.com\\\/exaudi_noticias\\\/\",\"https:\\\/\\\/x.com\\\/Exaudi_noticias\",\"https:\\\/\\\/www.youtube.com\\\/@exaudicatholicnews\"],\"url\":\"https:\\\/\\\/exaudi.org\\\/es\\\/author\\\/redaccionexaudi\\\/\"}]}<\/script>\n<!-- \/ Yoast SEO plugin. -->","yoast_head_json":{"title":"La Intersecci\u00f3n entre Teolog\u00eda y Tecnolog\u00eda &#8211; Exaudi","robots":{"index":"index","follow":"follow","max-snippet":"max-snippet:-1","max-image-preview":"max-image-preview:large","max-video-preview":"max-video-preview:-1"},"canonical":"https:\/\/exaudi.org\/es\/the-intersection-between-theology-and-technology\/","og_locale":"es_ES","og_type":"article","og_title":"La Intersecci\u00f3n entre Teolog\u00eda y Tecnolog\u00eda &#8211; Exaudi","og_description":"Reflexiones sobre el libro \"Teolog\u00eda de la Tecnolog\u00eda\"","og_url":"https:\/\/exaudi.org\/the-intersection-between-theology-and-technology\/","og_site_name":"Exaudi","article_publisher":"https:\/\/www.facebook.com\/ExaudiNews","article_author":"https:\/\/www.facebook.com\/ExaudiNoticias\/","article_published_time":"2024-04-25T17:13:49+00:00","article_modified_time":"2024-04-25T17:15:04+00:00","og_image":[{"width":411,"height":341,"url":"https:\/\/exaudi.org\/wp-content\/uploads\/2024\/04\/edition-150125-e1714065204744.jpg","type":"image\/jpeg"}],"author":"Exaudi Redacci\u00f3n","twitter_card":"summary_large_image","twitter_creator":"@Exaudi_noticias","twitter_site":"@Exaudi_News","twitter_misc":{"Escrito por":"Exaudi Redacci\u00f3n","Tiempo de lectura":"2 minutos"},"schema":{"@context":"https:\/\/schema.org","@graph":[{"@type":"Article","@id":"https:\/\/exaudi.org\/the-intersection-between-theology-and-technology\/#article","isPartOf":{"@id":"https:\/\/exaudi.org\/the-intersection-between-theology-and-technology\/"},"author":{"name":"Exaudi Redacci\u00f3n","@id":"https:\/\/exaudi.org\/#\/schema\/person\/f5fc8f063065e38742da7afe15f25df7"},"headline":"La Intersecci\u00f3n entre Teolog\u00eda y Tecnolog\u00eda","datePublished":"2024-04-25T17:13:49+00:00","dateModified":"2024-04-25T17:15:04+00:00","mainEntityOfPage":{"@id":"https:\/\/exaudi.org\/the-intersection-between-theology-and-technology\/"},"wordCount":472,"image":{"@id":"https:\/\/exaudi.org\/the-intersection-between-theology-and-technology\/#primaryimage"},"thumbnailUrl":"https:\/\/exaudi.org\/wp-content\/uploads\/2024\/04\/edition-150125-e1714065204744.jpg","keywords":["Ciencia","Eunsa","fe","Salvador Mario Arroyo Mart\u00ednez Fabre","Teolog\u00eda de la Tecnolog\u00eda","Trending"],"articleSection":["Iglesia y Mundo"],"inLanguage":"es"},{"@type":"WebPage","@id":"https:\/\/exaudi.org\/the-intersection-between-theology-and-technology\/","url":"https:\/\/exaudi.org\/the-intersection-between-theology-and-technology\/","name":"La Intersecci\u00f3n entre Teolog\u00eda y Tecnolog\u00eda &#8211; Exaudi","isPartOf":{"@id":"https:\/\/exaudi.org\/#website"},"primaryImageOfPage":{"@id":"https:\/\/exaudi.org\/the-intersection-between-theology-and-technology\/#primaryimage"},"image":{"@id":"https:\/\/exaudi.org\/the-intersection-between-theology-and-technology\/#primaryimage"},"thumbnailUrl":"https:\/\/exaudi.org\/wp-content\/uploads\/2024\/04\/edition-150125-e1714065204744.jpg","datePublished":"2024-04-25T17:13:49+00:00","dateModified":"2024-04-25T17:15:04+00:00","author":{"@id":"https:\/\/exaudi.org\/#\/schema\/person\/f5fc8f063065e38742da7afe15f25df7"},"breadcrumb":{"@id":"https:\/\/exaudi.org\/the-intersection-between-theology-and-technology\/#breadcrumb"},"inLanguage":"es","potentialAction":[{"@type":"ReadAction","target":["https:\/\/exaudi.org\/the-intersection-between-theology-and-technology\/"]}]},{"@type":"ImageObject","inLanguage":"es","@id":"https:\/\/exaudi.org\/the-intersection-between-theology-and-technology\/#primaryimage","url":"https:\/\/exaudi.org\/wp-content\/uploads\/2024\/04\/edition-150125-e1714065204744.jpg","contentUrl":"https:\/\/exaudi.org\/wp-content\/uploads\/2024\/04\/edition-150125-e1714065204744.jpg","width":411,"height":341},{"@type":"BreadcrumbList","@id":"https:\/\/exaudi.org\/the-intersection-between-theology-and-technology\/#breadcrumb","itemListElement":[{"@type":"ListItem","position":1,"name":"Portada","item":"https:\/\/exaudi.org\/es\/"},{"@type":"ListItem","position":2,"name":"La Intersecci\u00f3n entre Teolog\u00eda y Tecnolog\u00eda"}]},{"@type":"WebSite","@id":"https:\/\/exaudi.org\/#website","url":"https:\/\/exaudi.org\/","name":"Exaudi","description":"News","potentialAction":[{"@type":"SearchAction","target":{"@type":"EntryPoint","urlTemplate":"https:\/\/exaudi.org\/?s={search_term_string}"},"query-input":{"@type":"PropertyValueSpecification","valueRequired":true,"valueName":"search_term_string"}}],"inLanguage":"es"},{"@type":"Person","@id":"https:\/\/exaudi.org\/#\/schema\/person\/f5fc8f063065e38742da7afe15f25df7","name":"Exaudi Redacci\u00f3n","image":{"@type":"ImageObject","inLanguage":"es","@id":"https:\/\/secure.gravatar.com\/avatar\/fe0f6a059fb68d9b3e11bc5850dd4899b1c7492091a3cb6dd9b01b56ad828be2?s=96&d=mm&r=g","url":"https:\/\/secure.gravatar.com\/avatar\/fe0f6a059fb68d9b3e11bc5850dd4899b1c7492091a3cb6dd9b01b56ad828be2?s=96&d=mm&r=g","contentUrl":"https:\/\/secure.gravatar.com\/avatar\/fe0f6a059fb68d9b3e11bc5850dd4899b1c7492091a3cb6dd9b01b56ad828be2?s=96&d=mm&r=g","caption":"Exaudi Redacci\u00f3n"},"description":"\u00bfQu\u00e9 es Exaudi News? Exaudi News es un medio de comunicaci\u00f3n cat\u00f3lico internacional que informa, forma y transforma, diariamente en espa\u00f1ol, ingl\u00e9s e italiano. A trav\u00e9s de noticias, art\u00edculos de an\u00e1lisis y transmisiones en directo de los eventos del Papa, Exaudi busca fortalecer la unidad de los cristianos y contribuir a la evangelizaci\u00f3n del mundo, siempre guiados por la doctrina social de la Iglesia. Trabajamos para acercar la verdad y los valores cristianos a cada rinc\u00f3n del planeta. \u00a1Ay\u00fadanos a transformar el mundo con Exaudi! En Exaudi creemos que la evangelizaci\u00f3n y la informaci\u00f3n de calidad pueden cambiar vidas. Para continuar con nuestra misi\u00f3n y expandir nuestro alcance, necesitamos tu ayuda. Adem\u00e1s, buscamos personas comprometidas que deseen unirse a nuestro equipo. Con tu apoyo, lograremos llegar a m\u00e1s personas, difundir el mensaje de Cristo y reforzar la unidad de los cristianos. \u00bfTe unes a nuestra misi\u00f3n? Para m\u00e1s informaci\u00f3n sobre c\u00f3mo colaborar, visita Exaudi.org\/es o cont\u00e1ctanos directamente: info@exaudi.org Exaudi: Informa, forma y transforma.","sameAs":["https:\/\/www.facebook.com\/ExaudiNoticias\/","https:\/\/www.instagram.com\/exaudi_noticias\/","https:\/\/x.com\/Exaudi_noticias","https:\/\/www.youtube.com\/@exaudicatholicnews"],"url":"https:\/\/exaudi.org\/es\/author\/redaccionexaudi\/"}]}},"jetpack_featured_media_url":"https:\/\/exaudi.org\/wp-content\/uploads\/2024\/04\/edition-150125-e1714065204744.jpg","jetpack_shortlink":"https:\/\/wp.me\/pgKjF2-pJn","_links":{"self":[{"href":"https:\/\/exaudi.org\/es\/wp-json\/wp\/v2\/posts\/98913","targetHints":{"allow":["GET"]}}],"collection":[{"href":"https:\/\/exaudi.org\/es\/wp-json\/wp\/v2\/posts"}],"about":[{"href":"https:\/\/exaudi.org\/es\/wp-json\/wp\/v2\/types\/post"}],"author":[{"embeddable":true,"href":"https:\/\/exaudi.org\/es\/wp-json\/wp\/v2\/users\/15"}],"replies":[{"embeddable":true,"href":"https:\/\/exaudi.org\/es\/wp-json\/wp\/v2\/comments?post=98913"}],"version-history":[{"count":0,"href":"https:\/\/exaudi.org\/es\/wp-json\/wp\/v2\/posts\/98913\/revisions"}],"wp:featuredmedia":[{"embeddable":true,"href":"https:\/\/exaudi.org\/es\/wp-json\/wp\/v2\/media\/98914"}],"wp:attachment":[{"href":"https:\/\/exaudi.org\/es\/wp-json\/wp\/v2\/media?parent=98913"}],"wp:term":[{"taxonomy":"category","embeddable":true,"href":"https:\/\/exaudi.org\/es\/wp-json\/wp\/v2\/categories?post=98913"},{"taxonomy":"post_tag","embeddable":true,"href":"https:\/\/exaudi.org\/es\/wp-json\/wp\/v2\/tags?post=98913"}],"curies":[{"name":"wp","href":"https:\/\/api.w.org\/{rel}","templated":true}]}}