{"id":98897,"date":"2024-04-25T20:00:23","date_gmt":"2024-04-25T18:00:23","guid":{"rendered":"https:\/\/exaudi.org\/?p=98897"},"modified":"2024-04-26T08:50:11","modified_gmt":"2024-04-26T06:50:11","slug":"papa-francisco-una-paz-negociada-es-mejor-que-una-guerra-sin-fin","status":"publish","type":"post","link":"https:\/\/exaudi.org\/es\/papa-francisco-una-paz-negociada-es-mejor-que-una-guerra-sin-fin\/","title":{"rendered":"Papa Francisco: \u00abUna paz negociada es mejor que una guerra sin fin\u00bb"},"content":{"rendered":"<audio class=\"wp-audio-shortcode\" id=\"audio-98897-1\" preload=\"none\" style=\"width: 100%;\" controls=\"controls\"><source type=\"audio\/mpeg\" src=\"https:\/\/exaudi.org\/wp-content\/uploads\/2024\/04\/Papa-Francisco-Una-paz-negociada-es-mejor-que-una-guerra-sin-fin.mp3?_=1\" \/><a href=\"https:\/\/exaudi.org\/wp-content\/uploads\/2024\/04\/Papa-Francisco-Una-paz-negociada-es-mejor-que-una-guerra-sin-fin.mp3\">https:\/\/exaudi.org\/wp-content\/uploads\/2024\/04\/Papa-Francisco-Una-paz-negociada-es-mejor-que-una-guerra-sin-fin.mp3<\/a><\/audio>\n<p>\u00abEs mejor una paz negociada que una guerra sin fin\u00bb: as\u00ed se expres\u00f3 el Papa Francisco, pensando en Ucrania, Gaza y las guerras que alteran al mundo, en una entrevista concedida a la cadena estadounidense Cbs, ayer por la tarde en la Casa Santa Marta. Extractos de la entrevista, que dur\u00f3 cerca de una hora y fue conducida por Norah O&#8217;Donnell, directora de \u00abCbs Evening News\u00bb, fueron difundidos cuando pasaba la medianoche en Italia. Una versi\u00f3n ampliada del di\u00e1logo se emitir\u00e1 el domingo 19 de mayo, en v\u00edsperas de la Jornada Mundial de los Ni\u00f1os, que se celebrar\u00e1 en Roma los d\u00edas 25 y 26 de mayo.<\/p>\n<p>El Papa hizo un llamamiento a todos los pa\u00edses beligerantes para que pongan fin a los conflictos: \u00abIntenten negociar. Busquen la paz\u00bb. \u00abRezo mucho\u00bb por el alto el fuego en Gaza, a\u00f1adi\u00f3, recordando que cada tarde, a las 19 horas, llama a la \u00fanica parroquia cat\u00f3lica de la Franja para recibir noticias: la situaci\u00f3n \u00abes muy dura, muy dura\u00bb, dijo, entre otras cosas porque la gente tiene que luchar por la comida.<\/p>\n<p>Consultado sobre las consecuencias en los ni\u00f1os de la invasi\u00f3n rusa en Ucrania, el Papa Francisco dijo: \u00abEsos ni\u00f1os no saben sonre\u00edr. Yo les digo algo, pero han olvidado c\u00f3mo sonre\u00edr. Y cuando un ni\u00f1o se olvida de sonre\u00edr, es muy grave\u00bb.<\/p>\n<p>Francisco tambi\u00e9n habl\u00f3 del cambio clim\u00e1tico, que \u00abexiste\u00bb, y sobre la Jornada Mundial de los Ni\u00f1os dijo que los peque\u00f1os \u00absiempre llevan un mensaje\u00bb: nos dan \u00bb la manera \u00abde tener un coraz\u00f3n m\u00e1s joven\u00bb. A una pregunta sobre su salud, respondi\u00f3 con una sonrisa: \u00abEst\u00e1 bien\u00bb.<\/p>\n<p>A continuaci\u00f3n, reiter\u00f3 que en la Iglesia hay sitio para todos: \u00abYo dir\u00eda que siempre hay un sitio. Si en una parroquia el p\u00e1rroco no parece acogedor, lo comprendo, pero vayan y busquen en otra parte, siempre hay un lugar, siempre. No huyan de la Iglesia. La Iglesia es muy grande. Es m\u00e1s que un templo&#8230; no deben escapar de ella\u00bb.<\/p>\n<p><a href=\"https:\/\/www.cbsnews.com\/news\/pope-francis-norah-odonnell-interview\/\" target=\"_blank\" rel=\"noopener\">Entrevista completa video<\/a>.<\/p>\n","protected":false},"excerpt":{"rendered":"<p>El Papa pide que cesen las guerras en Ucrania, Gaza y en todo el mundo. Recuerda que en la Iglesia hay sitio para todos: si un p\u00e1rroco no parece acogedor -dijo- busquen en otra parte, siempre hay un lugar, no huyan de la Iglesia, es grande<\/p>\n","protected":false},"author":15,"featured_media":98898,"comment_status":"closed","ping_status":"closed","sticky":false,"template":"","format":"standard","meta":{"_acf_changed":false,"_crdt_document":"","inline_featured_image":false,"footnotes":""},"categories":[108,68],"tags":[393,3834,2646,533,2650,158,625,598,4953,1235],"class_list":["post-98897","post","type-post","status-publish","format-standard","has-post-thumbnail","hentry","category-entrevistas","category-leon-xiv","tag-entrevista","tag-guerra-es","tag-israel","tag-myanmar-es","tag-palestina","tag-papa-francisco","tag-paz","tag-rusia","tag-trending-es","tag-ucrania"],"acf":[],"yoast_head":"<!-- This site is optimized with the Yoast SEO plugin v27.4 - https:\/\/yoast.com\/product\/yoast-seo-wordpress\/ -->\n<title>Papa Francisco: &quot;Una paz negociada es mejor que una guerra sin fin&quot; &#8211; Exaudi<\/title>\n<meta name=\"robots\" content=\"index, follow, max-snippet:-1, max-image-preview:large, max-video-preview:-1\" \/>\n<link rel=\"canonical\" href=\"https:\/\/exaudi.org\/es\/papa-francisco-una-paz-negociada-es-mejor-que-una-guerra-sin-fin\/\" \/>\n<meta property=\"og:locale\" content=\"es_ES\" \/>\n<meta property=\"og:type\" content=\"article\" \/>\n<meta property=\"og:title\" content=\"Papa Francisco: &quot;Una paz negociada es mejor que una guerra sin fin&quot; &#8211; Exaudi\" \/>\n<meta property=\"og:description\" content=\"El Papa pide que cesen las guerras en Ucrania, Gaza y en todo el mundo. Recuerda que en la Iglesia hay sitio para todos: si un p\u00e1rroco no parece acogedor -dijo- busquen en otra parte, siempre hay un lugar, no huyan de la Iglesia, es grande\" \/>\n<meta property=\"og:url\" content=\"https:\/\/exaudi.org\/es\/papa-francisco-una-paz-negociada-es-mejor-que-una-guerra-sin-fin\/\" \/>\n<meta property=\"og:site_name\" content=\"Exaudi\" \/>\n<meta property=\"article:publisher\" content=\"https:\/\/www.facebook.com\/ExaudiNews\" \/>\n<meta property=\"article:author\" content=\"https:\/\/www.facebook.com\/ExaudiNoticias\/\" \/>\n<meta property=\"article:published_time\" content=\"2024-04-25T18:00:23+00:00\" \/>\n<meta property=\"article:modified_time\" content=\"2024-04-26T06:50:11+00:00\" \/>\n<meta property=\"og:image\" content=\"https:\/\/exaudi.org\/wp-content\/uploads\/2024\/04\/Imagen-de-WhatsApp-2024-04-24-a-las-16.14.31_bb93333e.jpg\" \/>\n\t<meta property=\"og:image:width\" content=\"848\" \/>\n\t<meta property=\"og:image:height\" content=\"848\" \/>\n\t<meta property=\"og:image:type\" content=\"image\/jpeg\" \/>\n<meta name=\"author\" content=\"Exaudi Redacci\u00f3n\" \/>\n<meta name=\"twitter:card\" content=\"summary_large_image\" \/>\n<meta name=\"twitter:creator\" content=\"@Exaudi_noticias\" \/>\n<meta name=\"twitter:site\" content=\"@Exaudi_News\" \/>\n<meta name=\"twitter:label1\" content=\"Escrito por\" \/>\n\t<meta name=\"twitter:data1\" content=\"Exaudi Redacci\u00f3n\" \/>\n\t<meta name=\"twitter:label2\" content=\"Tiempo de lectura\" \/>\n\t<meta name=\"twitter:data2\" content=\"2 minutos\" \/>\n<script type=\"application\/ld+json\" class=\"yoast-schema-graph\">{\"@context\":\"https:\\\/\\\/schema.org\",\"@graph\":[{\"@type\":\"Article\",\"@id\":\"https:\\\/\\\/exaudi.org\\\/es\\\/papa-francisco-una-paz-negociada-es-mejor-que-una-guerra-sin-fin\\\/#article\",\"isPartOf\":{\"@id\":\"https:\\\/\\\/exaudi.org\\\/es\\\/papa-francisco-una-paz-negociada-es-mejor-que-una-guerra-sin-fin\\\/\"},\"author\":{\"name\":\"Exaudi Redacci\u00f3n\",\"@id\":\"https:\\\/\\\/exaudi.org\\\/#\\\/schema\\\/person\\\/f5fc8f063065e38742da7afe15f25df7\"},\"headline\":\"Papa Francisco: \u00abUna paz negociada es mejor que una guerra sin fin\u00bb\",\"datePublished\":\"2024-04-25T18:00:23+00:00\",\"dateModified\":\"2024-04-26T06:50:11+00:00\",\"mainEntityOfPage\":{\"@id\":\"https:\\\/\\\/exaudi.org\\\/es\\\/papa-francisco-una-paz-negociada-es-mejor-que-una-guerra-sin-fin\\\/\"},\"wordCount\":377,\"image\":{\"@id\":\"https:\\\/\\\/exaudi.org\\\/es\\\/papa-francisco-una-paz-negociada-es-mejor-que-una-guerra-sin-fin\\\/#primaryimage\"},\"thumbnailUrl\":\"https:\\\/\\\/exaudi.org\\\/wp-content\\\/uploads\\\/2024\\\/04\\\/Imagen-de-WhatsApp-2024-04-24-a-las-16.14.31_bb93333e.jpg\",\"keywords\":[\"Entrevista\",\"guerra\",\"Israel\",\"myanmar\",\"Palestina\",\"papa francisco\",\"Paz\",\"Rusia\",\"Trending\",\"Ucrania\"],\"articleSection\":[\"Entrevistas\",\"Le\u00f3n XIV\"],\"inLanguage\":\"es\"},{\"@type\":\"WebPage\",\"@id\":\"https:\\\/\\\/exaudi.org\\\/es\\\/papa-francisco-una-paz-negociada-es-mejor-que-una-guerra-sin-fin\\\/\",\"url\":\"https:\\\/\\\/exaudi.org\\\/es\\\/papa-francisco-una-paz-negociada-es-mejor-que-una-guerra-sin-fin\\\/\",\"name\":\"Papa Francisco: \\\"Una paz negociada es mejor que una guerra sin fin\\\" &#8211; Exaudi\",\"isPartOf\":{\"@id\":\"https:\\\/\\\/exaudi.org\\\/#website\"},\"primaryImageOfPage\":{\"@id\":\"https:\\\/\\\/exaudi.org\\\/es\\\/papa-francisco-una-paz-negociada-es-mejor-que-una-guerra-sin-fin\\\/#primaryimage\"},\"image\":{\"@id\":\"https:\\\/\\\/exaudi.org\\\/es\\\/papa-francisco-una-paz-negociada-es-mejor-que-una-guerra-sin-fin\\\/#primaryimage\"},\"thumbnailUrl\":\"https:\\\/\\\/exaudi.org\\\/wp-content\\\/uploads\\\/2024\\\/04\\\/Imagen-de-WhatsApp-2024-04-24-a-las-16.14.31_bb93333e.jpg\",\"datePublished\":\"2024-04-25T18:00:23+00:00\",\"dateModified\":\"2024-04-26T06:50:11+00:00\",\"author\":{\"@id\":\"https:\\\/\\\/exaudi.org\\\/#\\\/schema\\\/person\\\/f5fc8f063065e38742da7afe15f25df7\"},\"breadcrumb\":{\"@id\":\"https:\\\/\\\/exaudi.org\\\/es\\\/papa-francisco-una-paz-negociada-es-mejor-que-una-guerra-sin-fin\\\/#breadcrumb\"},\"inLanguage\":\"es\",\"potentialAction\":[{\"@type\":\"ReadAction\",\"target\":[\"https:\\\/\\\/exaudi.org\\\/es\\\/papa-francisco-una-paz-negociada-es-mejor-que-una-guerra-sin-fin\\\/\"]}]},{\"@type\":\"ImageObject\",\"inLanguage\":\"es\",\"@id\":\"https:\\\/\\\/exaudi.org\\\/es\\\/papa-francisco-una-paz-negociada-es-mejor-que-una-guerra-sin-fin\\\/#primaryimage\",\"url\":\"https:\\\/\\\/exaudi.org\\\/wp-content\\\/uploads\\\/2024\\\/04\\\/Imagen-de-WhatsApp-2024-04-24-a-las-16.14.31_bb93333e.jpg\",\"contentUrl\":\"https:\\\/\\\/exaudi.org\\\/wp-content\\\/uploads\\\/2024\\\/04\\\/Imagen-de-WhatsApp-2024-04-24-a-las-16.14.31_bb93333e.jpg\",\"width\":848,\"height\":848,\"caption\":\"Franciscus\"},{\"@type\":\"BreadcrumbList\",\"@id\":\"https:\\\/\\\/exaudi.org\\\/es\\\/papa-francisco-una-paz-negociada-es-mejor-que-una-guerra-sin-fin\\\/#breadcrumb\",\"itemListElement\":[{\"@type\":\"ListItem\",\"position\":1,\"name\":\"Portada\",\"item\":\"https:\\\/\\\/exaudi.org\\\/es\\\/\"},{\"@type\":\"ListItem\",\"position\":2,\"name\":\"Papa Francisco: \u00abUna paz negociada es mejor que una guerra sin fin\u00bb\"}]},{\"@type\":\"WebSite\",\"@id\":\"https:\\\/\\\/exaudi.org\\\/#website\",\"url\":\"https:\\\/\\\/exaudi.org\\\/\",\"name\":\"Exaudi\",\"description\":\"News\",\"potentialAction\":[{\"@type\":\"SearchAction\",\"target\":{\"@type\":\"EntryPoint\",\"urlTemplate\":\"https:\\\/\\\/exaudi.org\\\/?s={search_term_string}\"},\"query-input\":{\"@type\":\"PropertyValueSpecification\",\"valueRequired\":true,\"valueName\":\"search_term_string\"}}],\"inLanguage\":\"es\"},{\"@type\":\"Person\",\"@id\":\"https:\\\/\\\/exaudi.org\\\/#\\\/schema\\\/person\\\/f5fc8f063065e38742da7afe15f25df7\",\"name\":\"Exaudi Redacci\u00f3n\",\"image\":{\"@type\":\"ImageObject\",\"inLanguage\":\"es\",\"@id\":\"https:\\\/\\\/secure.gravatar.com\\\/avatar\\\/fe0f6a059fb68d9b3e11bc5850dd4899b1c7492091a3cb6dd9b01b56ad828be2?s=96&d=mm&r=g\",\"url\":\"https:\\\/\\\/secure.gravatar.com\\\/avatar\\\/fe0f6a059fb68d9b3e11bc5850dd4899b1c7492091a3cb6dd9b01b56ad828be2?s=96&d=mm&r=g\",\"contentUrl\":\"https:\\\/\\\/secure.gravatar.com\\\/avatar\\\/fe0f6a059fb68d9b3e11bc5850dd4899b1c7492091a3cb6dd9b01b56ad828be2?s=96&d=mm&r=g\",\"caption\":\"Exaudi Redacci\u00f3n\"},\"description\":\"\u00bfQu\u00e9 es Exaudi News? Exaudi News es un medio de comunicaci\u00f3n cat\u00f3lico internacional que informa, forma y transforma, diariamente en espa\u00f1ol, ingl\u00e9s e italiano. A trav\u00e9s de noticias, art\u00edculos de an\u00e1lisis y transmisiones en directo de los eventos del Papa, Exaudi busca fortalecer la unidad de los cristianos y contribuir a la evangelizaci\u00f3n del mundo, siempre guiados por la doctrina social de la Iglesia. Trabajamos para acercar la verdad y los valores cristianos a cada rinc\u00f3n del planeta. \u00a1Ay\u00fadanos a transformar el mundo con Exaudi! En Exaudi creemos que la evangelizaci\u00f3n y la informaci\u00f3n de calidad pueden cambiar vidas. Para continuar con nuestra misi\u00f3n y expandir nuestro alcance, necesitamos tu ayuda. Adem\u00e1s, buscamos personas comprometidas que deseen unirse a nuestro equipo. Con tu apoyo, lograremos llegar a m\u00e1s personas, difundir el mensaje de Cristo y reforzar la unidad de los cristianos. \u00bfTe unes a nuestra misi\u00f3n? Para m\u00e1s informaci\u00f3n sobre c\u00f3mo colaborar, visita Exaudi.org\\\/es o cont\u00e1ctanos directamente: info@exaudi.org Exaudi: Informa, forma y transforma.\",\"sameAs\":[\"https:\\\/\\\/www.facebook.com\\\/ExaudiNoticias\\\/\",\"https:\\\/\\\/www.instagram.com\\\/exaudi_noticias\\\/\",\"https:\\\/\\\/x.com\\\/Exaudi_noticias\",\"https:\\\/\\\/www.youtube.com\\\/@exaudicatholicnews\"],\"url\":\"https:\\\/\\\/exaudi.org\\\/es\\\/author\\\/redaccionexaudi\\\/\"}]}<\/script>\n<!-- \/ Yoast SEO plugin. -->","yoast_head_json":{"title":"Papa Francisco: \"Una paz negociada es mejor que una guerra sin fin\" &#8211; Exaudi","robots":{"index":"index","follow":"follow","max-snippet":"max-snippet:-1","max-image-preview":"max-image-preview:large","max-video-preview":"max-video-preview:-1"},"canonical":"https:\/\/exaudi.org\/es\/papa-francisco-una-paz-negociada-es-mejor-que-una-guerra-sin-fin\/","og_locale":"es_ES","og_type":"article","og_title":"Papa Francisco: \"Una paz negociada es mejor que una guerra sin fin\" &#8211; Exaudi","og_description":"El Papa pide que cesen las guerras en Ucrania, Gaza y en todo el mundo. Recuerda que en la Iglesia hay sitio para todos: si un p\u00e1rroco no parece acogedor -dijo- busquen en otra parte, siempre hay un lugar, no huyan de la Iglesia, es grande","og_url":"https:\/\/exaudi.org\/es\/papa-francisco-una-paz-negociada-es-mejor-que-una-guerra-sin-fin\/","og_site_name":"Exaudi","article_publisher":"https:\/\/www.facebook.com\/ExaudiNews","article_author":"https:\/\/www.facebook.com\/ExaudiNoticias\/","article_published_time":"2024-04-25T18:00:23+00:00","article_modified_time":"2024-04-26T06:50:11+00:00","og_image":[{"width":848,"height":848,"url":"https:\/\/exaudi.org\/wp-content\/uploads\/2024\/04\/Imagen-de-WhatsApp-2024-04-24-a-las-16.14.31_bb93333e.jpg","type":"image\/jpeg"}],"author":"Exaudi Redacci\u00f3n","twitter_card":"summary_large_image","twitter_creator":"@Exaudi_noticias","twitter_site":"@Exaudi_News","twitter_misc":{"Escrito por":"Exaudi Redacci\u00f3n","Tiempo de lectura":"2 minutos"},"schema":{"@context":"https:\/\/schema.org","@graph":[{"@type":"Article","@id":"https:\/\/exaudi.org\/es\/papa-francisco-una-paz-negociada-es-mejor-que-una-guerra-sin-fin\/#article","isPartOf":{"@id":"https:\/\/exaudi.org\/es\/papa-francisco-una-paz-negociada-es-mejor-que-una-guerra-sin-fin\/"},"author":{"name":"Exaudi Redacci\u00f3n","@id":"https:\/\/exaudi.org\/#\/schema\/person\/f5fc8f063065e38742da7afe15f25df7"},"headline":"Papa Francisco: \u00abUna paz negociada es mejor que una guerra sin fin\u00bb","datePublished":"2024-04-25T18:00:23+00:00","dateModified":"2024-04-26T06:50:11+00:00","mainEntityOfPage":{"@id":"https:\/\/exaudi.org\/es\/papa-francisco-una-paz-negociada-es-mejor-que-una-guerra-sin-fin\/"},"wordCount":377,"image":{"@id":"https:\/\/exaudi.org\/es\/papa-francisco-una-paz-negociada-es-mejor-que-una-guerra-sin-fin\/#primaryimage"},"thumbnailUrl":"https:\/\/exaudi.org\/wp-content\/uploads\/2024\/04\/Imagen-de-WhatsApp-2024-04-24-a-las-16.14.31_bb93333e.jpg","keywords":["Entrevista","guerra","Israel","myanmar","Palestina","papa francisco","Paz","Rusia","Trending","Ucrania"],"articleSection":["Entrevistas","Le\u00f3n XIV"],"inLanguage":"es"},{"@type":"WebPage","@id":"https:\/\/exaudi.org\/es\/papa-francisco-una-paz-negociada-es-mejor-que-una-guerra-sin-fin\/","url":"https:\/\/exaudi.org\/es\/papa-francisco-una-paz-negociada-es-mejor-que-una-guerra-sin-fin\/","name":"Papa Francisco: \"Una paz negociada es mejor que una guerra sin fin\" &#8211; Exaudi","isPartOf":{"@id":"https:\/\/exaudi.org\/#website"},"primaryImageOfPage":{"@id":"https:\/\/exaudi.org\/es\/papa-francisco-una-paz-negociada-es-mejor-que-una-guerra-sin-fin\/#primaryimage"},"image":{"@id":"https:\/\/exaudi.org\/es\/papa-francisco-una-paz-negociada-es-mejor-que-una-guerra-sin-fin\/#primaryimage"},"thumbnailUrl":"https:\/\/exaudi.org\/wp-content\/uploads\/2024\/04\/Imagen-de-WhatsApp-2024-04-24-a-las-16.14.31_bb93333e.jpg","datePublished":"2024-04-25T18:00:23+00:00","dateModified":"2024-04-26T06:50:11+00:00","author":{"@id":"https:\/\/exaudi.org\/#\/schema\/person\/f5fc8f063065e38742da7afe15f25df7"},"breadcrumb":{"@id":"https:\/\/exaudi.org\/es\/papa-francisco-una-paz-negociada-es-mejor-que-una-guerra-sin-fin\/#breadcrumb"},"inLanguage":"es","potentialAction":[{"@type":"ReadAction","target":["https:\/\/exaudi.org\/es\/papa-francisco-una-paz-negociada-es-mejor-que-una-guerra-sin-fin\/"]}]},{"@type":"ImageObject","inLanguage":"es","@id":"https:\/\/exaudi.org\/es\/papa-francisco-una-paz-negociada-es-mejor-que-una-guerra-sin-fin\/#primaryimage","url":"https:\/\/exaudi.org\/wp-content\/uploads\/2024\/04\/Imagen-de-WhatsApp-2024-04-24-a-las-16.14.31_bb93333e.jpg","contentUrl":"https:\/\/exaudi.org\/wp-content\/uploads\/2024\/04\/Imagen-de-WhatsApp-2024-04-24-a-las-16.14.31_bb93333e.jpg","width":848,"height":848,"caption":"Franciscus"},{"@type":"BreadcrumbList","@id":"https:\/\/exaudi.org\/es\/papa-francisco-una-paz-negociada-es-mejor-que-una-guerra-sin-fin\/#breadcrumb","itemListElement":[{"@type":"ListItem","position":1,"name":"Portada","item":"https:\/\/exaudi.org\/es\/"},{"@type":"ListItem","position":2,"name":"Papa Francisco: \u00abUna paz negociada es mejor que una guerra sin fin\u00bb"}]},{"@type":"WebSite","@id":"https:\/\/exaudi.org\/#website","url":"https:\/\/exaudi.org\/","name":"Exaudi","description":"News","potentialAction":[{"@type":"SearchAction","target":{"@type":"EntryPoint","urlTemplate":"https:\/\/exaudi.org\/?s={search_term_string}"},"query-input":{"@type":"PropertyValueSpecification","valueRequired":true,"valueName":"search_term_string"}}],"inLanguage":"es"},{"@type":"Person","@id":"https:\/\/exaudi.org\/#\/schema\/person\/f5fc8f063065e38742da7afe15f25df7","name":"Exaudi Redacci\u00f3n","image":{"@type":"ImageObject","inLanguage":"es","@id":"https:\/\/secure.gravatar.com\/avatar\/fe0f6a059fb68d9b3e11bc5850dd4899b1c7492091a3cb6dd9b01b56ad828be2?s=96&d=mm&r=g","url":"https:\/\/secure.gravatar.com\/avatar\/fe0f6a059fb68d9b3e11bc5850dd4899b1c7492091a3cb6dd9b01b56ad828be2?s=96&d=mm&r=g","contentUrl":"https:\/\/secure.gravatar.com\/avatar\/fe0f6a059fb68d9b3e11bc5850dd4899b1c7492091a3cb6dd9b01b56ad828be2?s=96&d=mm&r=g","caption":"Exaudi Redacci\u00f3n"},"description":"\u00bfQu\u00e9 es Exaudi News? Exaudi News es un medio de comunicaci\u00f3n cat\u00f3lico internacional que informa, forma y transforma, diariamente en espa\u00f1ol, ingl\u00e9s e italiano. A trav\u00e9s de noticias, art\u00edculos de an\u00e1lisis y transmisiones en directo de los eventos del Papa, Exaudi busca fortalecer la unidad de los cristianos y contribuir a la evangelizaci\u00f3n del mundo, siempre guiados por la doctrina social de la Iglesia. Trabajamos para acercar la verdad y los valores cristianos a cada rinc\u00f3n del planeta. \u00a1Ay\u00fadanos a transformar el mundo con Exaudi! En Exaudi creemos que la evangelizaci\u00f3n y la informaci\u00f3n de calidad pueden cambiar vidas. Para continuar con nuestra misi\u00f3n y expandir nuestro alcance, necesitamos tu ayuda. Adem\u00e1s, buscamos personas comprometidas que deseen unirse a nuestro equipo. Con tu apoyo, lograremos llegar a m\u00e1s personas, difundir el mensaje de Cristo y reforzar la unidad de los cristianos. \u00bfTe unes a nuestra misi\u00f3n? Para m\u00e1s informaci\u00f3n sobre c\u00f3mo colaborar, visita Exaudi.org\/es o cont\u00e1ctanos directamente: info@exaudi.org Exaudi: Informa, forma y transforma.","sameAs":["https:\/\/www.facebook.com\/ExaudiNoticias\/","https:\/\/www.instagram.com\/exaudi_noticias\/","https:\/\/x.com\/Exaudi_noticias","https:\/\/www.youtube.com\/@exaudicatholicnews"],"url":"https:\/\/exaudi.org\/es\/author\/redaccionexaudi\/"}]}},"jetpack_featured_media_url":"https:\/\/exaudi.org\/wp-content\/uploads\/2024\/04\/Imagen-de-WhatsApp-2024-04-24-a-las-16.14.31_bb93333e.jpg","jetpack_shortlink":"https:\/\/wp.me\/pgKjF2-pJ7","_links":{"self":[{"href":"https:\/\/exaudi.org\/es\/wp-json\/wp\/v2\/posts\/98897","targetHints":{"allow":["GET"]}}],"collection":[{"href":"https:\/\/exaudi.org\/es\/wp-json\/wp\/v2\/posts"}],"about":[{"href":"https:\/\/exaudi.org\/es\/wp-json\/wp\/v2\/types\/post"}],"author":[{"embeddable":true,"href":"https:\/\/exaudi.org\/es\/wp-json\/wp\/v2\/users\/15"}],"replies":[{"embeddable":true,"href":"https:\/\/exaudi.org\/es\/wp-json\/wp\/v2\/comments?post=98897"}],"version-history":[{"count":0,"href":"https:\/\/exaudi.org\/es\/wp-json\/wp\/v2\/posts\/98897\/revisions"}],"wp:featuredmedia":[{"embeddable":true,"href":"https:\/\/exaudi.org\/es\/wp-json\/wp\/v2\/media\/98898"}],"wp:attachment":[{"href":"https:\/\/exaudi.org\/es\/wp-json\/wp\/v2\/media?parent=98897"}],"wp:term":[{"taxonomy":"category","embeddable":true,"href":"https:\/\/exaudi.org\/es\/wp-json\/wp\/v2\/categories?post=98897"},{"taxonomy":"post_tag","embeddable":true,"href":"https:\/\/exaudi.org\/es\/wp-json\/wp\/v2\/tags?post=98897"}],"curies":[{"name":"wp","href":"https:\/\/api.w.org\/{rel}","templated":true}]}}