{"id":98872,"date":"2026-04-25T08:00:11","date_gmt":"2026-04-25T06:00:11","guid":{"rendered":"https:\/\/exaudi.org\/?p=98872"},"modified":"2026-03-24T10:42:05","modified_gmt":"2026-03-24T09:42:05","slug":"san-marcos-25-de-abril","status":"publish","type":"post","link":"https:\/\/exaudi.org\/es\/san-marcos-25-de-abril\/","title":{"rendered":"San Marcos, 25 de abril"},"content":{"rendered":"<p>El evangelista Marcos naci\u00f3 en una familia hebrea acomodada. De \u00e9l sabemos solamente lo que narran los Hechos de los Ap\u00f3stoles y algunas cartas de los santos Pedro y Pablo. No fue disc\u00edpulo de Jes\u00fas, aunque alg\u00fan estudioso lo identifica con el muchacho, hijo de la viuda Mar\u00eda, que sigui\u00f3 a Jes\u00fas despu\u00e9s del arresto en el huerto de Getseman\u00ed.<\/p>\n<p><iframe title=\"Spotify Embed: San Marcos, 25 de abril\" style=\"border-radius: 12px\" width=\"100%\" height=\"152\" frameborder=\"0\" allowfullscreen allow=\"autoplay; clipboard-write; encrypted-media; fullscreen; picture-in-picture\" loading=\"lazy\" src=\"https:\/\/open.spotify.com\/embed\/episode\/3IYbgkfdeDYXsOpil84ZTD?si=3cac89ee9a2a48e1&amp;utm_source=oembed\"><\/iframe><\/p>\n<p>Marcos colabor\u00f3 con el Ap\u00f3stol Pablo, a quien conoci\u00f3 en Jerusal\u00e9n. Viaj\u00f3 con \u00e9l a Chipre y, m\u00e1s tarde, a Roma. En el a\u00f1o 66, san Pablo escribe a Timoteo desde una c\u00e1rcel romana: \u201cToma a Marcos y tr\u00e1ele contigo, porque me es \u00fatil para el ministerio\u201d (2Tm 4,11).<\/p>\n<h3><strong>San Marcos en Roma y otros viajes<\/strong><\/h3>\n<p>No se sabe si Marcos lleg\u00f3 a Roma a tiempo para asistir al martirio de Pablo, pero lo cierto es que en la capital del Imperio se puso al servicio de Pedro. La Bas\u00edlica romana de San Marcos, en el centro hist\u00f3rico, testimonia su presencia: se dice que fue erigida en el lugar en el que estaba la casa en la que vivi\u00f3 el evangelista<\/p>\n<p>San Pedro cita a menudo el nombre de Marcos. En su primera Carta, por ejemplo, leemos: \u201cLa iglesia en Babilonia, que ha sido elegida como ustedes, los saluda, lo mismo que mi hijo Marcos\u201d (1Pt 5,13). Aparece tambi\u00e9n en los Hechos de los Ap\u00f3stoles (12,12), despu\u00e9s de que Pedro fuera liberado milagrosamente de la prisi\u00f3n: \u201cAl advertir lo que le hab\u00eda sucedido, se dirigi\u00f3 a la casa de Mar\u00eda, la madre de Juan, llamado Marcos, donde un grupo numeroso se hallaba reunido en oraci\u00f3n\u201d.<\/p>\n<p>Despu\u00e9s de la muerte de Pedro, se pierde la pista de Marcos. Una antigua tradici\u00f3n lo sit\u00faa en Egipto como evangelizador y fundador de la Iglesia en Alejandr\u00eda. Otra, refiere que antes de ir a Egipto viaj\u00f3 a Aquileia (en el norte de Italia) para ocuparse de la evangelizaci\u00f3n de la zona nordeste del Imperio. All\u00ed convirti\u00f3 a Ergamora, que fue el primer obispo de la ciudad. Tras salir de Aquileia, parece que, a causa de una tempestad, lleg\u00f3 a las islas Rialtinas, n\u00facleo originario de la futura ciudad de Venecia. All\u00ed so\u00f1\u00f3 con un \u00e1ngel que le prometi\u00f3 que en esa tierra dormir\u00eda en espera del \u00faltimo d\u00eda.<\/p>\n<h3><strong>El testimonio supremo de San Marcos<\/strong><\/h3>\n<p>El evangelista Marcos muri\u00f3 probablemente entre los a\u00f1os 68 y 72, en Alejandr\u00eda de Egipto. En los Actos de Marco (del siglo IV) est\u00e1 escrito que un 24 de abril los paganos lo arrastraron por las calles de Alejandr\u00eda, atado con cuerdas por el cuello, y luego lo arrojaron a la c\u00e1rcel. All\u00ed fue confortado por un \u00e1ngel. Al d\u00eda siguiente sufri\u00f3 el mismo tormento, y muri\u00f3. Su cuerpo hab\u00eda sido destinado a las llamas, pero fue salvado por los fieles y sepultado en una gruta.<\/p>\n<p>Desde all\u00ed fue trasladado, en el siglo V, a una iglesia. Seg\u00fan una leyenda, en el a\u00f1o 828, ante la amenaza de los \u00e1rabes, dos mercaderes venecianos llevaron el cuerpo a su ciudad; y all\u00ed permanece sepultado en la Bas\u00edlica dedicada a \u00e9l. Algunas reliquias suyas se conservan tambi\u00e9n en El Cairo (Egipto), en la catedral de San Marcos, sede del Patriarca Copto Ortodoxo.<\/p>\n<h3><strong>El Evangelio \u201cconcreto\u201d de Marcos<\/strong><\/h3>\n<p>Marcos es considerado como \u201cel taqu\u00edgrafo\u201d de san Pedro. Su Evangelio fue escrito entre los a\u00f1os 50 y 60. Seg\u00fan la tradici\u00f3n, transcribi\u00f3 la predicaci\u00f3n de Pedro, dirigida principalmente a los primeros cristianos de Roma, sin elaborarla o adaptarla a un esquema personal. Por eso, su Evangelio posee gran vivacidad y claridad. Escribi\u00f3 en griego, la lengua m\u00e1s hablada en aquellos tiempos, con el objetivo de demostrar el poder de Jesucristo, Hijo de Dios, que se manifest\u00f3 en numerosos milagros.<\/p>\n<p>Las palabras del Evangelio de Marcos \u201cId por todo el mundo y predicad el evangelio a toda criatura\u201d indican claramente, seg\u00fan el Papa Francisco, qu\u00e9 quiere Jes\u00fas de sus disc\u00edpulos.<\/p>\n<h3><strong>Marcos, patr\u00f3n de Venecia<\/strong><\/h3>\n<p>San Marcos fue elegido como patr\u00f3n principal de Venecia en el a\u00f1o 1071. A lo largo de los siglos, la ciudad permaneci\u00f3 indisolublemente ligada a su persona, hasta el punto de que el s\u00edmbolo del evangelista, el le\u00f3n alado, se convirti\u00f3 en el s\u00edmbolo de la ciudad.<\/p>\n<p>San Marcos es tambi\u00e9n patr\u00f3n de los notarios, los vidrieros y los \u00f3pticos. Es venerado como santo por varias iglesias cristianas, adem\u00e1s de la cat\u00f3lica, entre ellas la Ortodoxa y la Copta, que lo considera su patriarca.<\/p>\n<p><img loading=\"lazy\" decoding=\"async\" class=\"size-full wp-image-124459 alignnone\" src=\"https:\/\/exaudi.org\/wp-content\/uploads\/2025\/04\/Copia-de-Santoral.jpg\" alt=\"\" width=\"1080\" height=\"1080\" srcset=\"https:\/\/exaudi.org\/wp-content\/uploads\/2025\/04\/Copia-de-Santoral.jpg 1080w, https:\/\/exaudi.org\/wp-content\/uploads\/2025\/04\/Copia-de-Santoral-300x300.jpg 300w, https:\/\/exaudi.org\/wp-content\/uploads\/2025\/04\/Copia-de-Santoral-1024x1024.jpg 1024w, https:\/\/exaudi.org\/wp-content\/uploads\/2025\/04\/Copia-de-Santoral-100x100.jpg?crop=1 100w, https:\/\/exaudi.org\/wp-content\/uploads\/2025\/04\/Copia-de-Santoral-770x770.jpg 770w, https:\/\/exaudi.org\/wp-content\/uploads\/2025\/04\/Copia-de-Santoral-500x500.jpg 500w\" sizes=\"auto, (max-width: 1080px) 100vw, 1080px\" \/><\/p>\n","protected":false},"excerpt":{"rendered":"<p>Evangelista<\/p>\n","protected":false},"author":15,"featured_media":98873,"comment_status":"closed","ping_status":"closed","sticky":false,"template":"","format":"standard","meta":{"_acf_changed":false,"_crdt_document":"","inline_featured_image":false,"footnotes":""},"categories":[74,2772],"tags":[1026,56136,9609,56135,56134,1848,1606,56133,449,32652,24892,1847,56132,387,56138,43568,28284,58880,56137],"class_list":["post-98872","post","type-post","status-publish","format-standard","has-post-thumbnail","hentry","category-iglesia-y-mundo","category-santoral","tag-25-de-abril","tag-autor-del-evangelio","tag-calendario-liturgico","tag-discipulo-de-san-pedro","tag-evangelio-de-san-marcos","tag-evangelista","tag-exaudi","tag-fiesta-de-san-marcos","tag-iglesia-catolica","tag-liturgia-catolica","tag-nuevo-testamento","tag-san-marcos","tag-san-marcos-evangelista","tag-santoral","tag-santos-abril","tag-santos-de-la-iglesia","tag-tradicion-cristiana","tag-trending-es-151","tag-vida-de-san-marcos"],"acf":[],"yoast_head":"<!-- This site is optimized with the Yoast SEO plugin v27.4 - https:\/\/yoast.com\/product\/yoast-seo-wordpress\/ -->\n<title>San Marcos, 25 de abril &#8211; Exaudi<\/title>\n<meta name=\"robots\" content=\"index, follow, max-snippet:-1, max-image-preview:large, max-video-preview:-1\" \/>\n<link rel=\"canonical\" href=\"https:\/\/exaudi.org\/es\/saint-mark-april-25\/\" \/>\n<meta property=\"og:locale\" content=\"es_ES\" \/>\n<meta property=\"og:type\" content=\"article\" \/>\n<meta property=\"og:title\" content=\"San Marcos, 25 de abril &#8211; Exaudi\" \/>\n<meta property=\"og:description\" content=\"Evangelista\" \/>\n<meta property=\"og:url\" content=\"https:\/\/exaudi.org\/saint-mark-april-25\/\" \/>\n<meta property=\"og:site_name\" content=\"Exaudi\" \/>\n<meta property=\"article:publisher\" content=\"https:\/\/www.facebook.com\/ExaudiNews\" \/>\n<meta property=\"article:author\" content=\"https:\/\/www.facebook.com\/ExaudiNoticias\/\" \/>\n<meta property=\"article:published_time\" content=\"2026-04-25T06:00:11+00:00\" \/>\n<meta property=\"og:image\" content=\"https:\/\/exaudi.org\/wp-content\/uploads\/2024\/04\/marcos_san.jpg\" \/>\n\t<meta property=\"og:image:width\" content=\"420\" \/>\n\t<meta property=\"og:image:height\" content=\"457\" \/>\n\t<meta property=\"og:image:type\" content=\"image\/jpeg\" \/>\n<meta name=\"author\" content=\"Exaudi Redacci\u00f3n\" \/>\n<meta name=\"twitter:card\" content=\"summary_large_image\" \/>\n<meta name=\"twitter:creator\" content=\"@Exaudi_noticias\" \/>\n<meta name=\"twitter:site\" content=\"@Exaudi_News\" \/>\n<meta name=\"twitter:label1\" content=\"Escrito por\" \/>\n\t<meta name=\"twitter:data1\" content=\"Exaudi Redacci\u00f3n\" \/>\n\t<meta name=\"twitter:label2\" content=\"Tiempo de lectura\" \/>\n\t<meta name=\"twitter:data2\" content=\"4 minutos\" \/>\n<script type=\"application\/ld+json\" class=\"yoast-schema-graph\">{\"@context\":\"https:\\\/\\\/schema.org\",\"@graph\":[{\"@type\":\"Article\",\"@id\":\"https:\\\/\\\/exaudi.org\\\/saint-mark-april-25\\\/#article\",\"isPartOf\":{\"@id\":\"https:\\\/\\\/exaudi.org\\\/saint-mark-april-25\\\/\"},\"author\":{\"name\":\"Exaudi Redacci\u00f3n\",\"@id\":\"https:\\\/\\\/exaudi.org\\\/#\\\/schema\\\/person\\\/f5fc8f063065e38742da7afe15f25df7\"},\"headline\":\"San Marcos, 25 de abril\",\"datePublished\":\"2026-04-25T06:00:11+00:00\",\"mainEntityOfPage\":{\"@id\":\"https:\\\/\\\/exaudi.org\\\/saint-mark-april-25\\\/\"},\"wordCount\":798,\"image\":{\"@id\":\"https:\\\/\\\/exaudi.org\\\/saint-mark-april-25\\\/#primaryimage\"},\"thumbnailUrl\":\"https:\\\/\\\/exaudi.org\\\/wp-content\\\/uploads\\\/2024\\\/04\\\/marcos_san.jpg\",\"keywords\":[\"25 de abril\",\"autor del evangelio\",\"CALENDARIO LIT\u00daRGICO\",\"disc\u00edpulo de san pedro\",\"evangelio de san marcos\",\"Evangelista\",\"Exaudi\",\"fiesta de san marcos\",\"Iglesia cat\u00f3lica\",\"Liturgia Cat\u00f3lica\",\"Nuevo Testamento\",\"San Marcos\",\"san marcos evangelista\",\"Santoral\",\"santos abril\",\"santos de la Iglesia\",\"Tradici\u00f3n cristiana\",\"Trending\",\"vida de san marcos\"],\"articleSection\":[\"Iglesia y Mundo\",\"Santoral\"],\"inLanguage\":\"es\"},{\"@type\":\"WebPage\",\"@id\":\"https:\\\/\\\/exaudi.org\\\/saint-mark-april-25\\\/\",\"url\":\"https:\\\/\\\/exaudi.org\\\/saint-mark-april-25\\\/\",\"name\":\"San Marcos, 25 de abril &#8211; Exaudi\",\"isPartOf\":{\"@id\":\"https:\\\/\\\/exaudi.org\\\/#website\"},\"primaryImageOfPage\":{\"@id\":\"https:\\\/\\\/exaudi.org\\\/saint-mark-april-25\\\/#primaryimage\"},\"image\":{\"@id\":\"https:\\\/\\\/exaudi.org\\\/saint-mark-april-25\\\/#primaryimage\"},\"thumbnailUrl\":\"https:\\\/\\\/exaudi.org\\\/wp-content\\\/uploads\\\/2024\\\/04\\\/marcos_san.jpg\",\"datePublished\":\"2026-04-25T06:00:11+00:00\",\"author\":{\"@id\":\"https:\\\/\\\/exaudi.org\\\/#\\\/schema\\\/person\\\/f5fc8f063065e38742da7afe15f25df7\"},\"breadcrumb\":{\"@id\":\"https:\\\/\\\/exaudi.org\\\/saint-mark-april-25\\\/#breadcrumb\"},\"inLanguage\":\"es\",\"potentialAction\":[{\"@type\":\"ReadAction\",\"target\":[\"https:\\\/\\\/exaudi.org\\\/saint-mark-april-25\\\/\"]}]},{\"@type\":\"ImageObject\",\"inLanguage\":\"es\",\"@id\":\"https:\\\/\\\/exaudi.org\\\/saint-mark-april-25\\\/#primaryimage\",\"url\":\"https:\\\/\\\/exaudi.org\\\/wp-content\\\/uploads\\\/2024\\\/04\\\/marcos_san.jpg\",\"contentUrl\":\"https:\\\/\\\/exaudi.org\\\/wp-content\\\/uploads\\\/2024\\\/04\\\/marcos_san.jpg\",\"width\":420,\"height\":457,\"caption\":\"Carlo Maratta\"},{\"@type\":\"BreadcrumbList\",\"@id\":\"https:\\\/\\\/exaudi.org\\\/saint-mark-april-25\\\/#breadcrumb\",\"itemListElement\":[{\"@type\":\"ListItem\",\"position\":1,\"name\":\"Portada\",\"item\":\"https:\\\/\\\/exaudi.org\\\/es\\\/\"},{\"@type\":\"ListItem\",\"position\":2,\"name\":\"San Marcos, 25 de abril\"}]},{\"@type\":\"WebSite\",\"@id\":\"https:\\\/\\\/exaudi.org\\\/#website\",\"url\":\"https:\\\/\\\/exaudi.org\\\/\",\"name\":\"Exaudi\",\"description\":\"News\",\"potentialAction\":[{\"@type\":\"SearchAction\",\"target\":{\"@type\":\"EntryPoint\",\"urlTemplate\":\"https:\\\/\\\/exaudi.org\\\/?s={search_term_string}\"},\"query-input\":{\"@type\":\"PropertyValueSpecification\",\"valueRequired\":true,\"valueName\":\"search_term_string\"}}],\"inLanguage\":\"es\"},{\"@type\":\"Person\",\"@id\":\"https:\\\/\\\/exaudi.org\\\/#\\\/schema\\\/person\\\/f5fc8f063065e38742da7afe15f25df7\",\"name\":\"Exaudi Redacci\u00f3n\",\"image\":{\"@type\":\"ImageObject\",\"inLanguage\":\"es\",\"@id\":\"https:\\\/\\\/secure.gravatar.com\\\/avatar\\\/fe0f6a059fb68d9b3e11bc5850dd4899b1c7492091a3cb6dd9b01b56ad828be2?s=96&d=mm&r=g\",\"url\":\"https:\\\/\\\/secure.gravatar.com\\\/avatar\\\/fe0f6a059fb68d9b3e11bc5850dd4899b1c7492091a3cb6dd9b01b56ad828be2?s=96&d=mm&r=g\",\"contentUrl\":\"https:\\\/\\\/secure.gravatar.com\\\/avatar\\\/fe0f6a059fb68d9b3e11bc5850dd4899b1c7492091a3cb6dd9b01b56ad828be2?s=96&d=mm&r=g\",\"caption\":\"Exaudi Redacci\u00f3n\"},\"description\":\"\u00bfQu\u00e9 es Exaudi News? Exaudi News es un medio de comunicaci\u00f3n cat\u00f3lico internacional que informa, forma y transforma, diariamente en espa\u00f1ol, ingl\u00e9s e italiano. A trav\u00e9s de noticias, art\u00edculos de an\u00e1lisis y transmisiones en directo de los eventos del Papa, Exaudi busca fortalecer la unidad de los cristianos y contribuir a la evangelizaci\u00f3n del mundo, siempre guiados por la doctrina social de la Iglesia. Trabajamos para acercar la verdad y los valores cristianos a cada rinc\u00f3n del planeta. \u00a1Ay\u00fadanos a transformar el mundo con Exaudi! En Exaudi creemos que la evangelizaci\u00f3n y la informaci\u00f3n de calidad pueden cambiar vidas. Para continuar con nuestra misi\u00f3n y expandir nuestro alcance, necesitamos tu ayuda. Adem\u00e1s, buscamos personas comprometidas que deseen unirse a nuestro equipo. Con tu apoyo, lograremos llegar a m\u00e1s personas, difundir el mensaje de Cristo y reforzar la unidad de los cristianos. \u00bfTe unes a nuestra misi\u00f3n? Para m\u00e1s informaci\u00f3n sobre c\u00f3mo colaborar, visita Exaudi.org\\\/es o cont\u00e1ctanos directamente: info@exaudi.org Exaudi: Informa, forma y transforma.\",\"sameAs\":[\"https:\\\/\\\/www.facebook.com\\\/ExaudiNoticias\\\/\",\"https:\\\/\\\/www.instagram.com\\\/exaudi_noticias\\\/\",\"https:\\\/\\\/x.com\\\/Exaudi_noticias\",\"https:\\\/\\\/www.youtube.com\\\/@exaudicatholicnews\"],\"url\":\"https:\\\/\\\/exaudi.org\\\/es\\\/author\\\/redaccionexaudi\\\/\"}]}<\/script>\n<!-- \/ Yoast SEO plugin. -->","yoast_head_json":{"title":"San Marcos, 25 de abril &#8211; Exaudi","robots":{"index":"index","follow":"follow","max-snippet":"max-snippet:-1","max-image-preview":"max-image-preview:large","max-video-preview":"max-video-preview:-1"},"canonical":"https:\/\/exaudi.org\/es\/saint-mark-april-25\/","og_locale":"es_ES","og_type":"article","og_title":"San Marcos, 25 de abril &#8211; Exaudi","og_description":"Evangelista","og_url":"https:\/\/exaudi.org\/saint-mark-april-25\/","og_site_name":"Exaudi","article_publisher":"https:\/\/www.facebook.com\/ExaudiNews","article_author":"https:\/\/www.facebook.com\/ExaudiNoticias\/","article_published_time":"2026-04-25T06:00:11+00:00","og_image":[{"width":420,"height":457,"url":"https:\/\/exaudi.org\/wp-content\/uploads\/2024\/04\/marcos_san.jpg","type":"image\/jpeg"}],"author":"Exaudi Redacci\u00f3n","twitter_card":"summary_large_image","twitter_creator":"@Exaudi_noticias","twitter_site":"@Exaudi_News","twitter_misc":{"Escrito por":"Exaudi Redacci\u00f3n","Tiempo de lectura":"4 minutos"},"schema":{"@context":"https:\/\/schema.org","@graph":[{"@type":"Article","@id":"https:\/\/exaudi.org\/saint-mark-april-25\/#article","isPartOf":{"@id":"https:\/\/exaudi.org\/saint-mark-april-25\/"},"author":{"name":"Exaudi Redacci\u00f3n","@id":"https:\/\/exaudi.org\/#\/schema\/person\/f5fc8f063065e38742da7afe15f25df7"},"headline":"San Marcos, 25 de abril","datePublished":"2026-04-25T06:00:11+00:00","mainEntityOfPage":{"@id":"https:\/\/exaudi.org\/saint-mark-april-25\/"},"wordCount":798,"image":{"@id":"https:\/\/exaudi.org\/saint-mark-april-25\/#primaryimage"},"thumbnailUrl":"https:\/\/exaudi.org\/wp-content\/uploads\/2024\/04\/marcos_san.jpg","keywords":["25 de abril","autor del evangelio","CALENDARIO LIT\u00daRGICO","disc\u00edpulo de san pedro","evangelio de san marcos","Evangelista","Exaudi","fiesta de san marcos","Iglesia cat\u00f3lica","Liturgia Cat\u00f3lica","Nuevo Testamento","San Marcos","san marcos evangelista","Santoral","santos abril","santos de la Iglesia","Tradici\u00f3n cristiana","Trending","vida de san marcos"],"articleSection":["Iglesia y Mundo","Santoral"],"inLanguage":"es"},{"@type":"WebPage","@id":"https:\/\/exaudi.org\/saint-mark-april-25\/","url":"https:\/\/exaudi.org\/saint-mark-april-25\/","name":"San Marcos, 25 de abril &#8211; Exaudi","isPartOf":{"@id":"https:\/\/exaudi.org\/#website"},"primaryImageOfPage":{"@id":"https:\/\/exaudi.org\/saint-mark-april-25\/#primaryimage"},"image":{"@id":"https:\/\/exaudi.org\/saint-mark-april-25\/#primaryimage"},"thumbnailUrl":"https:\/\/exaudi.org\/wp-content\/uploads\/2024\/04\/marcos_san.jpg","datePublished":"2026-04-25T06:00:11+00:00","author":{"@id":"https:\/\/exaudi.org\/#\/schema\/person\/f5fc8f063065e38742da7afe15f25df7"},"breadcrumb":{"@id":"https:\/\/exaudi.org\/saint-mark-april-25\/#breadcrumb"},"inLanguage":"es","potentialAction":[{"@type":"ReadAction","target":["https:\/\/exaudi.org\/saint-mark-april-25\/"]}]},{"@type":"ImageObject","inLanguage":"es","@id":"https:\/\/exaudi.org\/saint-mark-april-25\/#primaryimage","url":"https:\/\/exaudi.org\/wp-content\/uploads\/2024\/04\/marcos_san.jpg","contentUrl":"https:\/\/exaudi.org\/wp-content\/uploads\/2024\/04\/marcos_san.jpg","width":420,"height":457,"caption":"Carlo Maratta"},{"@type":"BreadcrumbList","@id":"https:\/\/exaudi.org\/saint-mark-april-25\/#breadcrumb","itemListElement":[{"@type":"ListItem","position":1,"name":"Portada","item":"https:\/\/exaudi.org\/es\/"},{"@type":"ListItem","position":2,"name":"San Marcos, 25 de abril"}]},{"@type":"WebSite","@id":"https:\/\/exaudi.org\/#website","url":"https:\/\/exaudi.org\/","name":"Exaudi","description":"News","potentialAction":[{"@type":"SearchAction","target":{"@type":"EntryPoint","urlTemplate":"https:\/\/exaudi.org\/?s={search_term_string}"},"query-input":{"@type":"PropertyValueSpecification","valueRequired":true,"valueName":"search_term_string"}}],"inLanguage":"es"},{"@type":"Person","@id":"https:\/\/exaudi.org\/#\/schema\/person\/f5fc8f063065e38742da7afe15f25df7","name":"Exaudi Redacci\u00f3n","image":{"@type":"ImageObject","inLanguage":"es","@id":"https:\/\/secure.gravatar.com\/avatar\/fe0f6a059fb68d9b3e11bc5850dd4899b1c7492091a3cb6dd9b01b56ad828be2?s=96&d=mm&r=g","url":"https:\/\/secure.gravatar.com\/avatar\/fe0f6a059fb68d9b3e11bc5850dd4899b1c7492091a3cb6dd9b01b56ad828be2?s=96&d=mm&r=g","contentUrl":"https:\/\/secure.gravatar.com\/avatar\/fe0f6a059fb68d9b3e11bc5850dd4899b1c7492091a3cb6dd9b01b56ad828be2?s=96&d=mm&r=g","caption":"Exaudi Redacci\u00f3n"},"description":"\u00bfQu\u00e9 es Exaudi News? Exaudi News es un medio de comunicaci\u00f3n cat\u00f3lico internacional que informa, forma y transforma, diariamente en espa\u00f1ol, ingl\u00e9s e italiano. A trav\u00e9s de noticias, art\u00edculos de an\u00e1lisis y transmisiones en directo de los eventos del Papa, Exaudi busca fortalecer la unidad de los cristianos y contribuir a la evangelizaci\u00f3n del mundo, siempre guiados por la doctrina social de la Iglesia. Trabajamos para acercar la verdad y los valores cristianos a cada rinc\u00f3n del planeta. \u00a1Ay\u00fadanos a transformar el mundo con Exaudi! En Exaudi creemos que la evangelizaci\u00f3n y la informaci\u00f3n de calidad pueden cambiar vidas. Para continuar con nuestra misi\u00f3n y expandir nuestro alcance, necesitamos tu ayuda. Adem\u00e1s, buscamos personas comprometidas que deseen unirse a nuestro equipo. Con tu apoyo, lograremos llegar a m\u00e1s personas, difundir el mensaje de Cristo y reforzar la unidad de los cristianos. \u00bfTe unes a nuestra misi\u00f3n? Para m\u00e1s informaci\u00f3n sobre c\u00f3mo colaborar, visita Exaudi.org\/es o cont\u00e1ctanos directamente: info@exaudi.org Exaudi: Informa, forma y transforma.","sameAs":["https:\/\/www.facebook.com\/ExaudiNoticias\/","https:\/\/www.instagram.com\/exaudi_noticias\/","https:\/\/x.com\/Exaudi_noticias","https:\/\/www.youtube.com\/@exaudicatholicnews"],"url":"https:\/\/exaudi.org\/es\/author\/redaccionexaudi\/"}]}},"jetpack_featured_media_url":"https:\/\/exaudi.org\/wp-content\/uploads\/2024\/04\/marcos_san.jpg","jetpack_shortlink":"https:\/\/wp.me\/pgKjF2-pII","_links":{"self":[{"href":"https:\/\/exaudi.org\/es\/wp-json\/wp\/v2\/posts\/98872","targetHints":{"allow":["GET"]}}],"collection":[{"href":"https:\/\/exaudi.org\/es\/wp-json\/wp\/v2\/posts"}],"about":[{"href":"https:\/\/exaudi.org\/es\/wp-json\/wp\/v2\/types\/post"}],"author":[{"embeddable":true,"href":"https:\/\/exaudi.org\/es\/wp-json\/wp\/v2\/users\/15"}],"replies":[{"embeddable":true,"href":"https:\/\/exaudi.org\/es\/wp-json\/wp\/v2\/comments?post=98872"}],"version-history":[{"count":1,"href":"https:\/\/exaudi.org\/es\/wp-json\/wp\/v2\/posts\/98872\/revisions"}],"predecessor-version":[{"id":162969,"href":"https:\/\/exaudi.org\/es\/wp-json\/wp\/v2\/posts\/98872\/revisions\/162969"}],"wp:featuredmedia":[{"embeddable":true,"href":"https:\/\/exaudi.org\/es\/wp-json\/wp\/v2\/media\/98873"}],"wp:attachment":[{"href":"https:\/\/exaudi.org\/es\/wp-json\/wp\/v2\/media?parent=98872"}],"wp:term":[{"taxonomy":"category","embeddable":true,"href":"https:\/\/exaudi.org\/es\/wp-json\/wp\/v2\/categories?post=98872"},{"taxonomy":"post_tag","embeddable":true,"href":"https:\/\/exaudi.org\/es\/wp-json\/wp\/v2\/tags?post=98872"}],"curies":[{"name":"wp","href":"https:\/\/api.w.org\/{rel}","templated":true}]}}