{"id":98858,"date":"2024-04-24T18:48:03","date_gmt":"2024-04-24T16:48:03","guid":{"rendered":"https:\/\/exaudi.org\/?p=98858"},"modified":"2024-04-24T19:00:13","modified_gmt":"2024-04-24T17:00:13","slug":"el-papa-descubrir-las-virtudes-divinas-fe-esperanza-y-caridad","status":"publish","type":"post","link":"https:\/\/exaudi.org\/es\/el-papa-descubrir-las-virtudes-divinas-fe-esperanza-y-caridad\/","title":{"rendered":"El Papa: Descubrir las virtudes divinas: fe, esperanza y caridad"},"content":{"rendered":"<p>La audiencia general de esta ma\u00f1ana , mi\u00e9rcoles 24 de abril de 2024, tuvo lugar a las 9.00 horas en la Plaza de San Pedro, donde el Santo Padre Francisco se reuni\u00f3 con grupos de peregrinos y fieles de Italia y de todo el mundo.<\/p>\n<p>En su discurso en italiano, el Papa, continuando el ciclo de catequesis sobre \u00abLos vicios y las virtudes\u00bb, centr\u00f3 su reflexi\u00f3n en el tema <em>La vida de la gracia seg\u00fan el Esp\u00edritu<\/em> (Lectura: <em>Col<\/em> 1,3-5).<\/p>\n<p>Tras resumir su catequesis en las distintas lenguas, el Santo Padre dirigi\u00f3 expresiones especiales de saludo a los fieles presentes.<\/p>\n<p>La Audiencia General concluy\u00f3 con el rezo del <em>Pater Noster<\/em> y la Bendici\u00f3n Apost\u00f3lica<\/p>\n<p>***<\/p>\n<h3><strong>Catequesis del Santo Padre\u00a0<\/strong><\/h3>\n<p><b>Catequesis. Vicios y virtudes. 16.\u00a0<i>La vida de gracia seg\u00fan el Esp\u00edritu<\/i><\/b><\/p>\n<p>Queridos hermanos y hermanas,<\/p>\n<div class=\"row\">\n<div class=\"col content post-content\">\n<p>\u00a1buenos d\u00edas!<\/p>\n<p>En las \u00faltimas semanas hemos reflexionado sobre las virtudes cardinales: prudencia, justicia,\u00a0 fortaleza y templanza. Son las cuatro virtudes cardinales. Como hemos subrayado varias veces, estas cuatro virtudes pertenecen a una\u00a0 sabidur\u00eda muy antigua, anterior incluso al cristianismo. La honestidad ya se predicaba antes de Cristo\u00a0 como deber c\u00edvico, la sabidur\u00eda como norma de actuaci\u00f3n, la valent\u00eda como ingrediente fundamental de\u00a0 una vida que tiende al bien y la moderaci\u00f3n como medida necesaria para no dejarse arrollar por los\u00a0 excesos. Este patrimonio tan antiguo, patrimonio de la humanidad, no ha sido sustituido por el cristianismo, sino enfocado,\u00a0 potenciado, purificado e integrado a la fe.<\/p>\n<p>Existe, entonces, en el coraz\u00f3n de cada hombre y de cada mujer la capacidad de buscar el bien. El\u00a0 Esp\u00edritu Santo se da para que quien lo recibe pueda distinguir claramente el bien del mal, tenga la fuerza\u00a0 de adherirse al bien rehuyendo el mal y, al hacerlo, alcance la plena realizaci\u00f3n de s\u00ed mismo<\/p>\n<p>Pero en el camino hacia la plenitud de la vida, que pertenece al destino de toda persona, el destino de cada persona es ser pleno, pleno de vida, el\u00a0 cristiano goza de una asistencia especial del Esp\u00edritu de Jesucristo. \u00c9sta se concreta en el don de otras tres\u00a0 virtudes, netamente cristianas, que a menudo se mencionan juntas en los escritos del Nuevo Testamento. Estas actitudes fundamentales, que caracterizan la vida de los cristianos, son la fe, la esperanza y la\u00a0 caridad. Dig\u00e1moslo juntos. \u00a1No escucho nada, m\u00e1s fuerte!<\/p>\n<\/div>\n<\/div>\n<div class=\"row\">\n<div class=\"col content post-content\">\n<p>Los escritores cristianos las llamaron pronto virtudes \u201cteologales\u201d, dado que se reciben y se viven\u00a0 en relaci\u00f3n con Dios, para diferenciarlas de las otras llamadas \u201ccardinales\u201d, que constituyen el \u201cgozne\u201d de\u00a0 una vida buena. Pero estas tres son recibidas en el Bautismo y vienen del Esp\u00edritu Santo.<\/p>\n<p>Las unas y las otras, reunidas en diferentes reflexiones sistem\u00e1ticas, han compuesto as\u00ed\u00a0 un maravilloso septenario, que a menudo se contrapone a la lista de los siete pecados capitales. El\u00a0\u00a0<em>Catecismo de la Iglesia Cat\u00f3lica\u00a0<\/em>define la acci\u00f3n de las virtudes teologales as\u00ed: \u201cLas virtudes teologales\u00a0 fundan, animan y caracterizan el obrar moral del cristiano. Informan y vivifican todas las virtudes\u00a0 morales. Estas virtudes son infundidas por Dios en el alma de los fieles para hacerlos capaces de obrar como hijos suyos y merecer la vida eterna. Estas tres virtudes, la fe, esperanza y caridad, son la garant\u00eda de la presencia y la acci\u00f3n del Esp\u00edritu Santo en las facultades\u00a0 del ser humano\u201d (n. 1813).<\/p>\n<p>Mientras que el riesgo de las virtudes cardinales, hablemos del riesgo, corren el riesgo de generar hombres y mujeres heroicos que hacen el bien,\u00a0 pero que act\u00faan solos, aislados; en cambio, el gran don de las virtudes teologales es la existencia vivida en el Esp\u00edritu Santo. El cristiano nunca est\u00e1 solo. Hace el bien no por un esfuerzo tit\u00e1nico de compromiso\u00a0 personal, sino porque, como humilde disc\u00edpulo, hace el bien porque como humilde disc\u00edpulo camina detr\u00e1s del Maestro Jes\u00fas, \u00e9l va delante en el camino.<\/p>\n<p>Las virtudes teologales\u00a0 son el gran ant\u00eddoto contra la autosuficiencia. \u00a1Cu\u00e1ntas veces ciertos hombres y mujeres moralmente\u00a0 irreprochables corren el riesgo de volverse presuntuosos y arrogantes a los ojos de quienes los conocen!\u00a0 Es un peligro del que nos previene bien el Evangelio, donde Jes\u00fas recomienda a los disc\u00edpulos: \u201cTambi\u00e9n\u00a0 ustedes, cuando hayan hecho todo lo que se les ha mandado, digan: \u2018Somos siervos in\u00fatiles. Hemos\u00a0 hecho lo que deb\u00edamos\u2019\u201d. (<em>Lc\u00a0<\/em>17,10). La soberbia es un veneno, un veneno poderoso: basta una gota para echar a perder toda una vida marcada por el bien. Una persona puede haber realizado innumerables obras buenas, puede haber ganado elogios y alabanzas, pero si ha hecho todo esto s\u00f3lo para s\u00ed misma, para s\u00ed mismo, para exaltarse a s\u00ed\u00a0 misma, \u00bfpuede considerarse una persona virtuosa? No, no.<\/p>\n<p>El bien no es s\u00f3lo un fin, sino tambi\u00e9n un camino. El bien requiere mucha discreci\u00f3n, de mucha amabilidad. Sobre todo, el bien necesita despojarse de esa presencia a veces demasiado dominante que es\u00a0 nuestro ego. Cuando nuestro \u201cyo\u201d est\u00e1 al centro, se arruina todo, se arruina todo. Si cada acci\u00f3n que realizamos en la vida la realizamos s\u00f3lo para nosotros mismos, \u00bfes\u00a0 realmente tan importante esta motivaci\u00f3n?\u00a0 El pobre yo se empadrona de todo y as\u00ed nace la soberbia.<\/p>\n<p>Para corregir todas estas situaciones que a veces se vuelven dolorosas, las virtudes teologales son\u00a0 de gran ayuda. Lo son especialmente en los momentos de ca\u00edda, porque incluso quienes tienen buenas\u00a0 intenciones morales a veces caen. Todos caemos en la vida, todos somos pecadores. As\u00ed como incluso quienes practican la virtud cada d\u00eda a veces se\u00a0 equivocan, todos nos equivocamos en la vida: la inteligencia no siempre es l\u00facida, la voluntad no siempre es firme, las pasiones no siempre\u00a0 se gobiernan, la valent\u00eda no siempre vence al miedo.<\/p>\n<p>Pero si abrimos nuestro coraz\u00f3n al Esp\u00edritu Santo, el maestro interior, \u00c9l\u00a0 reaviva en nosotros las virtudes teologales: entonces, si hemos perdido la confianza, Dios nos reabre a la fe; con la fuerza del Esp\u00edritu, si hemos perdido la confianza, Dios nos reabre a la fe; si estamos desanimados, Dios despierta en nosotros la esperanza; si nuestro coraz\u00f3n est\u00e1 endurecido,\u00a0 Dios lo enternece con su amor. Gracias.<\/p>\n<p>&nbsp;<\/p>\n<p>_______________<\/p>\n<p><b>Resumen le\u00eddo en espa\u00f1ol<\/b><\/p>\n<\/div>\n<\/div>\n<p><i>Queridos hermanos y hermanas:<\/i><\/p>\n<div class=\"testo\">\n<div class=\"text parbase vaticanrichtext\">\n<p>En las catequesis pasadas reflexionamos sobre las cuatro virtudes cardinales: prudencia, justicia, fortaleza y templanza. Hoy nos acercamos a las tres virtudes teologales, que son la fe, la esperanza y la caridad. Se denominan teologales porque son infundidas por Dios y se viven en la relaci\u00f3n con \u00c9l. Estas virtudes nos dan una especial asistencia del Esp\u00edritu Santo para poder seguir las huellas de Jes\u00fas en nuestra vida cotidiana.<\/p>\n<p>El Esp\u00edritu Santo nos ayuda a distinguir claramente el bien del mal y a tener la fuerza para optar por el bien. En el deseo de hacer lo correcto<\/p>\n<div class=\"testo\">\n<div class=\"text parbase vaticanrichtext\">\n<p>El Esp\u00edritu Santo nos ayuda a distinguir claramente el bien del mal y a tener la fuerza para optar por el bien. En el deseo de hacer lo correcto, sin embargo, podemos caer en la autosuficiencia o en<b>\u00a0<\/b>el voluntarismo. Pero si nos abrimos con humildad al Esp\u00edritu Santo, \u00c9l reaviva en nosotros las virtudes teologales. As\u00ed, cuando perdemos la confianza, Dios aumenta nuestra fe; cuando nos desalentamos, despierta en nosotros la esperanza; y cuando nuestro coraz\u00f3n se enfr\u00eda, \u00c9l lo enciende en<b>\u00a0<\/b>el fuego de su amor.<\/p>\n<p>_____________<\/p>\n<p><b>Saludos<\/b><\/p>\n<p>Saludo cordialmente a los peregrinos de lengua espa\u00f1ola. Pidamos a Cristo resucitado que nos ense\u00f1e a vivir con sobriedad y en acci\u00f3n de gracias por tantos dones que recibimos de su generosidad. Que Jes\u00fas los bendiga y la Virgen Santa los cuide. Muchas gracias.<\/p>\n<div class=\"clearfix\"><\/div>\n<\/div>\n<div class=\"content parsys\"><\/div>\n<\/div>\n<p><iframe loading=\"lazy\" title=\"Audiencia General - 24 abril 2024 - Papa Francisco\" width=\"500\" height=\"281\" src=\"https:\/\/www.youtube.com\/embed\/qxg3sIF0-A8?feature=oembed\" frameborder=\"0\" allow=\"accelerometer; autoplay; clipboard-write; encrypted-media; gyroscope; picture-in-picture; web-share\" referrerpolicy=\"strict-origin-when-cross-origin\" allowfullscreen><\/iframe><\/p>\n<\/div>\n<\/div>\n","protected":false},"excerpt":{"rendered":"<p>Audiencia General<\/p>\n","protected":false},"author":15,"featured_media":98892,"comment_status":"closed","ping_status":"closed","sticky":false,"template":"","format":"standard","meta":{"_acf_changed":false,"_crdt_document":"","inline_featured_image":false,"footnotes":""},"categories":[112,59,68],"tags":[14382,14377,179,2419,14383,14378,14379,14380,14381,14385,11816,14384],"class_list":["post-98858","post","type-post","status-publish","format-standard","has-post-thumbnail","hentry","category-audiencia-general","category-featured-news","category-leon-xiv","tag-audiencia-general-4","tag-audiencia-general-3","tag-audiencia-general","tag-featured","tag-featured-12","tag-featured-9","tag-featured-10","tag-featured-11","tag-la-vida-de-gracia-segun-el-espiritu","tag-la-vida-de-gracia-segun-el-espiritu-2","tag-vicios-y-virtudes","tag-vicios-y-virtudes-2"],"acf":[],"yoast_head":"<!-- This site is optimized with the Yoast SEO plugin v27.5 - https:\/\/yoast.com\/product\/yoast-seo-wordpress\/ -->\n<title>El Papa: Descubrir las virtudes divinas: fe, esperanza y caridad &#8211; Exaudi<\/title>\n<meta name=\"robots\" content=\"index, follow, max-snippet:-1, max-image-preview:large, max-video-preview:-1\" \/>\n<link rel=\"canonical\" href=\"https:\/\/exaudi.org\/es\/el-papa-descubrir-las-virtudes-divinas-fe-esperanza-y-caridad\/\" \/>\n<meta property=\"og:locale\" content=\"es_ES\" \/>\n<meta property=\"og:type\" content=\"article\" \/>\n<meta property=\"og:title\" content=\"El Papa: Descubrir las virtudes divinas: fe, esperanza y caridad &#8211; Exaudi\" \/>\n<meta property=\"og:description\" content=\"Audiencia General\" \/>\n<meta property=\"og:url\" content=\"https:\/\/exaudi.org\/es\/el-papa-descubrir-las-virtudes-divinas-fe-esperanza-y-caridad\/\" \/>\n<meta property=\"og:site_name\" content=\"Exaudi\" \/>\n<meta property=\"article:publisher\" content=\"https:\/\/www.facebook.com\/ExaudiNews\" \/>\n<meta property=\"article:author\" content=\"https:\/\/www.facebook.com\/ExaudiNoticias\/\" \/>\n<meta property=\"article:published_time\" content=\"2024-04-24T16:48:03+00:00\" \/>\n<meta property=\"article:modified_time\" content=\"2024-04-24T17:00:13+00:00\" \/>\n<meta property=\"og:image\" content=\"https:\/\/exaudi.org\/wp-content\/uploads\/2024\/04\/7a2d26ac-4eb9-4773-a9aa-d9469fb357c2.jpg\" \/>\n\t<meta property=\"og:image:width\" content=\"1080\" \/>\n\t<meta property=\"og:image:height\" content=\"1080\" \/>\n\t<meta property=\"og:image:type\" content=\"image\/jpeg\" \/>\n<meta name=\"author\" content=\"Exaudi Redacci\u00f3n\" \/>\n<meta name=\"twitter:card\" content=\"summary_large_image\" \/>\n<meta name=\"twitter:creator\" content=\"@Exaudi_noticias\" \/>\n<meta name=\"twitter:site\" content=\"@Exaudi_News\" \/>\n<meta name=\"twitter:label1\" content=\"Escrito por\" \/>\n\t<meta name=\"twitter:data1\" content=\"Exaudi Redacci\u00f3n\" \/>\n\t<meta name=\"twitter:label2\" content=\"Tiempo de lectura\" \/>\n\t<meta name=\"twitter:data2\" content=\"7 minutos\" \/>\n<script type=\"application\/ld+json\" class=\"yoast-schema-graph\">{\"@context\":\"https:\\\/\\\/schema.org\",\"@graph\":[{\"@type\":\"Article\",\"@id\":\"https:\\\/\\\/exaudi.org\\\/es\\\/el-papa-descubrir-las-virtudes-divinas-fe-esperanza-y-caridad\\\/#article\",\"isPartOf\":{\"@id\":\"https:\\\/\\\/exaudi.org\\\/es\\\/el-papa-descubrir-las-virtudes-divinas-fe-esperanza-y-caridad\\\/\"},\"author\":{\"name\":\"Exaudi Redacci\u00f3n\",\"@id\":\"https:\\\/\\\/exaudi.org\\\/#\\\/schema\\\/person\\\/f5fc8f063065e38742da7afe15f25df7\"},\"headline\":\"El Papa: Descubrir las virtudes divinas: fe, esperanza y caridad\",\"datePublished\":\"2024-04-24T16:48:03+00:00\",\"dateModified\":\"2024-04-24T17:00:13+00:00\",\"mainEntityOfPage\":{\"@id\":\"https:\\\/\\\/exaudi.org\\\/es\\\/el-papa-descubrir-las-virtudes-divinas-fe-esperanza-y-caridad\\\/\"},\"wordCount\":1323,\"image\":{\"@id\":\"https:\\\/\\\/exaudi.org\\\/es\\\/el-papa-descubrir-las-virtudes-divinas-fe-esperanza-y-caridad\\\/#primaryimage\"},\"thumbnailUrl\":\"https:\\\/\\\/exaudi.org\\\/wp-content\\\/uploads\\\/2024\\\/04\\\/7a2d26ac-4eb9-4773-a9aa-d9469fb357c2.jpg\",\"keywords\":[\"audiencia general\",\"audiencia general\",\"audiencia general\",\"Featured\",\"Featured\",\"Featured\",\"Featured\",\"Featured\",\"La vida de gracia seg\u00fan el Esp\u00edritu\",\"La vida de gracia seg\u00fan el Esp\u00edritu\",\"Vicios y virtudes.\",\"Vicios y virtudes.\"],\"articleSection\":[\"Audiencia General\",\"Featured News\",\"Le\u00f3n XIV\"],\"inLanguage\":\"es\"},{\"@type\":\"WebPage\",\"@id\":\"https:\\\/\\\/exaudi.org\\\/es\\\/el-papa-descubrir-las-virtudes-divinas-fe-esperanza-y-caridad\\\/\",\"url\":\"https:\\\/\\\/exaudi.org\\\/es\\\/el-papa-descubrir-las-virtudes-divinas-fe-esperanza-y-caridad\\\/\",\"name\":\"El Papa: Descubrir las virtudes divinas: fe, esperanza y caridad &#8211; Exaudi\",\"isPartOf\":{\"@id\":\"https:\\\/\\\/exaudi.org\\\/#website\"},\"primaryImageOfPage\":{\"@id\":\"https:\\\/\\\/exaudi.org\\\/es\\\/el-papa-descubrir-las-virtudes-divinas-fe-esperanza-y-caridad\\\/#primaryimage\"},\"image\":{\"@id\":\"https:\\\/\\\/exaudi.org\\\/es\\\/el-papa-descubrir-las-virtudes-divinas-fe-esperanza-y-caridad\\\/#primaryimage\"},\"thumbnailUrl\":\"https:\\\/\\\/exaudi.org\\\/wp-content\\\/uploads\\\/2024\\\/04\\\/7a2d26ac-4eb9-4773-a9aa-d9469fb357c2.jpg\",\"datePublished\":\"2024-04-24T16:48:03+00:00\",\"dateModified\":\"2024-04-24T17:00:13+00:00\",\"author\":{\"@id\":\"https:\\\/\\\/exaudi.org\\\/#\\\/schema\\\/person\\\/f5fc8f063065e38742da7afe15f25df7\"},\"breadcrumb\":{\"@id\":\"https:\\\/\\\/exaudi.org\\\/es\\\/el-papa-descubrir-las-virtudes-divinas-fe-esperanza-y-caridad\\\/#breadcrumb\"},\"inLanguage\":\"es\",\"potentialAction\":[{\"@type\":\"ReadAction\",\"target\":[\"https:\\\/\\\/exaudi.org\\\/es\\\/el-papa-descubrir-las-virtudes-divinas-fe-esperanza-y-caridad\\\/\"]}]},{\"@type\":\"ImageObject\",\"inLanguage\":\"es\",\"@id\":\"https:\\\/\\\/exaudi.org\\\/es\\\/el-papa-descubrir-las-virtudes-divinas-fe-esperanza-y-caridad\\\/#primaryimage\",\"url\":\"https:\\\/\\\/exaudi.org\\\/wp-content\\\/uploads\\\/2024\\\/04\\\/7a2d26ac-4eb9-4773-a9aa-d9469fb357c2.jpg\",\"contentUrl\":\"https:\\\/\\\/exaudi.org\\\/wp-content\\\/uploads\\\/2024\\\/04\\\/7a2d26ac-4eb9-4773-a9aa-d9469fb357c2.jpg\",\"width\":1080,\"height\":1080},{\"@type\":\"BreadcrumbList\",\"@id\":\"https:\\\/\\\/exaudi.org\\\/es\\\/el-papa-descubrir-las-virtudes-divinas-fe-esperanza-y-caridad\\\/#breadcrumb\",\"itemListElement\":[{\"@type\":\"ListItem\",\"position\":1,\"name\":\"Portada\",\"item\":\"https:\\\/\\\/exaudi.org\\\/es\\\/\"},{\"@type\":\"ListItem\",\"position\":2,\"name\":\"El Papa: Descubrir las virtudes divinas: fe, esperanza y caridad\"}]},{\"@type\":\"WebSite\",\"@id\":\"https:\\\/\\\/exaudi.org\\\/#website\",\"url\":\"https:\\\/\\\/exaudi.org\\\/\",\"name\":\"Exaudi\",\"description\":\"News\",\"potentialAction\":[{\"@type\":\"SearchAction\",\"target\":{\"@type\":\"EntryPoint\",\"urlTemplate\":\"https:\\\/\\\/exaudi.org\\\/?s={search_term_string}\"},\"query-input\":{\"@type\":\"PropertyValueSpecification\",\"valueRequired\":true,\"valueName\":\"search_term_string\"}}],\"inLanguage\":\"es\"},{\"@type\":\"Person\",\"@id\":\"https:\\\/\\\/exaudi.org\\\/#\\\/schema\\\/person\\\/f5fc8f063065e38742da7afe15f25df7\",\"name\":\"Exaudi Redacci\u00f3n\",\"image\":{\"@type\":\"ImageObject\",\"inLanguage\":\"es\",\"@id\":\"https:\\\/\\\/secure.gravatar.com\\\/avatar\\\/fe0f6a059fb68d9b3e11bc5850dd4899b1c7492091a3cb6dd9b01b56ad828be2?s=96&d=mm&r=g\",\"url\":\"https:\\\/\\\/secure.gravatar.com\\\/avatar\\\/fe0f6a059fb68d9b3e11bc5850dd4899b1c7492091a3cb6dd9b01b56ad828be2?s=96&d=mm&r=g\",\"contentUrl\":\"https:\\\/\\\/secure.gravatar.com\\\/avatar\\\/fe0f6a059fb68d9b3e11bc5850dd4899b1c7492091a3cb6dd9b01b56ad828be2?s=96&d=mm&r=g\",\"caption\":\"Exaudi Redacci\u00f3n\"},\"description\":\"\u00bfQu\u00e9 es Exaudi News? Exaudi News es un medio de comunicaci\u00f3n cat\u00f3lico internacional que informa, forma y transforma, diariamente en espa\u00f1ol, ingl\u00e9s e italiano. A trav\u00e9s de noticias, art\u00edculos de an\u00e1lisis y transmisiones en directo de los eventos del Papa, Exaudi busca fortalecer la unidad de los cristianos y contribuir a la evangelizaci\u00f3n del mundo, siempre guiados por la doctrina social de la Iglesia. Trabajamos para acercar la verdad y los valores cristianos a cada rinc\u00f3n del planeta. \u00a1Ay\u00fadanos a transformar el mundo con Exaudi! En Exaudi creemos que la evangelizaci\u00f3n y la informaci\u00f3n de calidad pueden cambiar vidas. Para continuar con nuestra misi\u00f3n y expandir nuestro alcance, necesitamos tu ayuda. Adem\u00e1s, buscamos personas comprometidas que deseen unirse a nuestro equipo. Con tu apoyo, lograremos llegar a m\u00e1s personas, difundir el mensaje de Cristo y reforzar la unidad de los cristianos. \u00bfTe unes a nuestra misi\u00f3n? Para m\u00e1s informaci\u00f3n sobre c\u00f3mo colaborar, visita Exaudi.org\\\/es o cont\u00e1ctanos directamente: info@exaudi.org Exaudi: Informa, forma y transforma.\",\"sameAs\":[\"https:\\\/\\\/www.facebook.com\\\/ExaudiNoticias\\\/\",\"https:\\\/\\\/www.instagram.com\\\/exaudi_noticias\\\/\",\"https:\\\/\\\/x.com\\\/Exaudi_noticias\",\"https:\\\/\\\/www.youtube.com\\\/@exaudicatholicnews\"],\"url\":\"https:\\\/\\\/exaudi.org\\\/es\\\/author\\\/redaccionexaudi\\\/\"}]}<\/script>\n<!-- \/ Yoast SEO plugin. -->","yoast_head_json":{"title":"El Papa: Descubrir las virtudes divinas: fe, esperanza y caridad &#8211; Exaudi","robots":{"index":"index","follow":"follow","max-snippet":"max-snippet:-1","max-image-preview":"max-image-preview:large","max-video-preview":"max-video-preview:-1"},"canonical":"https:\/\/exaudi.org\/es\/el-papa-descubrir-las-virtudes-divinas-fe-esperanza-y-caridad\/","og_locale":"es_ES","og_type":"article","og_title":"El Papa: Descubrir las virtudes divinas: fe, esperanza y caridad &#8211; Exaudi","og_description":"Audiencia General","og_url":"https:\/\/exaudi.org\/es\/el-papa-descubrir-las-virtudes-divinas-fe-esperanza-y-caridad\/","og_site_name":"Exaudi","article_publisher":"https:\/\/www.facebook.com\/ExaudiNews","article_author":"https:\/\/www.facebook.com\/ExaudiNoticias\/","article_published_time":"2024-04-24T16:48:03+00:00","article_modified_time":"2024-04-24T17:00:13+00:00","og_image":[{"width":1080,"height":1080,"url":"https:\/\/exaudi.org\/wp-content\/uploads\/2024\/04\/7a2d26ac-4eb9-4773-a9aa-d9469fb357c2.jpg","type":"image\/jpeg"}],"author":"Exaudi Redacci\u00f3n","twitter_card":"summary_large_image","twitter_creator":"@Exaudi_noticias","twitter_site":"@Exaudi_News","twitter_misc":{"Escrito por":"Exaudi Redacci\u00f3n","Tiempo de lectura":"7 minutos"},"schema":{"@context":"https:\/\/schema.org","@graph":[{"@type":"Article","@id":"https:\/\/exaudi.org\/es\/el-papa-descubrir-las-virtudes-divinas-fe-esperanza-y-caridad\/#article","isPartOf":{"@id":"https:\/\/exaudi.org\/es\/el-papa-descubrir-las-virtudes-divinas-fe-esperanza-y-caridad\/"},"author":{"name":"Exaudi Redacci\u00f3n","@id":"https:\/\/exaudi.org\/#\/schema\/person\/f5fc8f063065e38742da7afe15f25df7"},"headline":"El Papa: Descubrir las virtudes divinas: fe, esperanza y caridad","datePublished":"2024-04-24T16:48:03+00:00","dateModified":"2024-04-24T17:00:13+00:00","mainEntityOfPage":{"@id":"https:\/\/exaudi.org\/es\/el-papa-descubrir-las-virtudes-divinas-fe-esperanza-y-caridad\/"},"wordCount":1323,"image":{"@id":"https:\/\/exaudi.org\/es\/el-papa-descubrir-las-virtudes-divinas-fe-esperanza-y-caridad\/#primaryimage"},"thumbnailUrl":"https:\/\/exaudi.org\/wp-content\/uploads\/2024\/04\/7a2d26ac-4eb9-4773-a9aa-d9469fb357c2.jpg","keywords":["audiencia general","audiencia general","audiencia general","Featured","Featured","Featured","Featured","Featured","La vida de gracia seg\u00fan el Esp\u00edritu","La vida de gracia seg\u00fan el Esp\u00edritu","Vicios y virtudes.","Vicios y virtudes."],"articleSection":["Audiencia General","Featured News","Le\u00f3n XIV"],"inLanguage":"es"},{"@type":"WebPage","@id":"https:\/\/exaudi.org\/es\/el-papa-descubrir-las-virtudes-divinas-fe-esperanza-y-caridad\/","url":"https:\/\/exaudi.org\/es\/el-papa-descubrir-las-virtudes-divinas-fe-esperanza-y-caridad\/","name":"El Papa: Descubrir las virtudes divinas: fe, esperanza y caridad &#8211; Exaudi","isPartOf":{"@id":"https:\/\/exaudi.org\/#website"},"primaryImageOfPage":{"@id":"https:\/\/exaudi.org\/es\/el-papa-descubrir-las-virtudes-divinas-fe-esperanza-y-caridad\/#primaryimage"},"image":{"@id":"https:\/\/exaudi.org\/es\/el-papa-descubrir-las-virtudes-divinas-fe-esperanza-y-caridad\/#primaryimage"},"thumbnailUrl":"https:\/\/exaudi.org\/wp-content\/uploads\/2024\/04\/7a2d26ac-4eb9-4773-a9aa-d9469fb357c2.jpg","datePublished":"2024-04-24T16:48:03+00:00","dateModified":"2024-04-24T17:00:13+00:00","author":{"@id":"https:\/\/exaudi.org\/#\/schema\/person\/f5fc8f063065e38742da7afe15f25df7"},"breadcrumb":{"@id":"https:\/\/exaudi.org\/es\/el-papa-descubrir-las-virtudes-divinas-fe-esperanza-y-caridad\/#breadcrumb"},"inLanguage":"es","potentialAction":[{"@type":"ReadAction","target":["https:\/\/exaudi.org\/es\/el-papa-descubrir-las-virtudes-divinas-fe-esperanza-y-caridad\/"]}]},{"@type":"ImageObject","inLanguage":"es","@id":"https:\/\/exaudi.org\/es\/el-papa-descubrir-las-virtudes-divinas-fe-esperanza-y-caridad\/#primaryimage","url":"https:\/\/exaudi.org\/wp-content\/uploads\/2024\/04\/7a2d26ac-4eb9-4773-a9aa-d9469fb357c2.jpg","contentUrl":"https:\/\/exaudi.org\/wp-content\/uploads\/2024\/04\/7a2d26ac-4eb9-4773-a9aa-d9469fb357c2.jpg","width":1080,"height":1080},{"@type":"BreadcrumbList","@id":"https:\/\/exaudi.org\/es\/el-papa-descubrir-las-virtudes-divinas-fe-esperanza-y-caridad\/#breadcrumb","itemListElement":[{"@type":"ListItem","position":1,"name":"Portada","item":"https:\/\/exaudi.org\/es\/"},{"@type":"ListItem","position":2,"name":"El Papa: Descubrir las virtudes divinas: fe, esperanza y caridad"}]},{"@type":"WebSite","@id":"https:\/\/exaudi.org\/#website","url":"https:\/\/exaudi.org\/","name":"Exaudi","description":"News","potentialAction":[{"@type":"SearchAction","target":{"@type":"EntryPoint","urlTemplate":"https:\/\/exaudi.org\/?s={search_term_string}"},"query-input":{"@type":"PropertyValueSpecification","valueRequired":true,"valueName":"search_term_string"}}],"inLanguage":"es"},{"@type":"Person","@id":"https:\/\/exaudi.org\/#\/schema\/person\/f5fc8f063065e38742da7afe15f25df7","name":"Exaudi Redacci\u00f3n","image":{"@type":"ImageObject","inLanguage":"es","@id":"https:\/\/secure.gravatar.com\/avatar\/fe0f6a059fb68d9b3e11bc5850dd4899b1c7492091a3cb6dd9b01b56ad828be2?s=96&d=mm&r=g","url":"https:\/\/secure.gravatar.com\/avatar\/fe0f6a059fb68d9b3e11bc5850dd4899b1c7492091a3cb6dd9b01b56ad828be2?s=96&d=mm&r=g","contentUrl":"https:\/\/secure.gravatar.com\/avatar\/fe0f6a059fb68d9b3e11bc5850dd4899b1c7492091a3cb6dd9b01b56ad828be2?s=96&d=mm&r=g","caption":"Exaudi Redacci\u00f3n"},"description":"\u00bfQu\u00e9 es Exaudi News? Exaudi News es un medio de comunicaci\u00f3n cat\u00f3lico internacional que informa, forma y transforma, diariamente en espa\u00f1ol, ingl\u00e9s e italiano. A trav\u00e9s de noticias, art\u00edculos de an\u00e1lisis y transmisiones en directo de los eventos del Papa, Exaudi busca fortalecer la unidad de los cristianos y contribuir a la evangelizaci\u00f3n del mundo, siempre guiados por la doctrina social de la Iglesia. Trabajamos para acercar la verdad y los valores cristianos a cada rinc\u00f3n del planeta. \u00a1Ay\u00fadanos a transformar el mundo con Exaudi! En Exaudi creemos que la evangelizaci\u00f3n y la informaci\u00f3n de calidad pueden cambiar vidas. Para continuar con nuestra misi\u00f3n y expandir nuestro alcance, necesitamos tu ayuda. Adem\u00e1s, buscamos personas comprometidas que deseen unirse a nuestro equipo. Con tu apoyo, lograremos llegar a m\u00e1s personas, difundir el mensaje de Cristo y reforzar la unidad de los cristianos. \u00bfTe unes a nuestra misi\u00f3n? Para m\u00e1s informaci\u00f3n sobre c\u00f3mo colaborar, visita Exaudi.org\/es o cont\u00e1ctanos directamente: info@exaudi.org Exaudi: Informa, forma y transforma.","sameAs":["https:\/\/www.facebook.com\/ExaudiNoticias\/","https:\/\/www.instagram.com\/exaudi_noticias\/","https:\/\/x.com\/Exaudi_noticias","https:\/\/www.youtube.com\/@exaudicatholicnews"],"url":"https:\/\/exaudi.org\/es\/author\/redaccionexaudi\/"}]}},"jetpack_featured_media_url":"https:\/\/exaudi.org\/wp-content\/uploads\/2024\/04\/7a2d26ac-4eb9-4773-a9aa-d9469fb357c2.jpg","jetpack_shortlink":"https:\/\/wp.me\/pgKjF2-pIu","_links":{"self":[{"href":"https:\/\/exaudi.org\/es\/wp-json\/wp\/v2\/posts\/98858","targetHints":{"allow":["GET"]}}],"collection":[{"href":"https:\/\/exaudi.org\/es\/wp-json\/wp\/v2\/posts"}],"about":[{"href":"https:\/\/exaudi.org\/es\/wp-json\/wp\/v2\/types\/post"}],"author":[{"embeddable":true,"href":"https:\/\/exaudi.org\/es\/wp-json\/wp\/v2\/users\/15"}],"replies":[{"embeddable":true,"href":"https:\/\/exaudi.org\/es\/wp-json\/wp\/v2\/comments?post=98858"}],"version-history":[{"count":0,"href":"https:\/\/exaudi.org\/es\/wp-json\/wp\/v2\/posts\/98858\/revisions"}],"wp:featuredmedia":[{"embeddable":true,"href":"https:\/\/exaudi.org\/es\/wp-json\/wp\/v2\/media\/98892"}],"wp:attachment":[{"href":"https:\/\/exaudi.org\/es\/wp-json\/wp\/v2\/media?parent=98858"}],"wp:term":[{"taxonomy":"category","embeddable":true,"href":"https:\/\/exaudi.org\/es\/wp-json\/wp\/v2\/categories?post=98858"},{"taxonomy":"post_tag","embeddable":true,"href":"https:\/\/exaudi.org\/es\/wp-json\/wp\/v2\/tags?post=98858"}],"curies":[{"name":"wp","href":"https:\/\/api.w.org\/{rel}","templated":true}]}}