{"id":98712,"date":"2024-04-23T11:56:39","date_gmt":"2024-04-23T09:56:39","guid":{"rendered":"https:\/\/exaudi.org\/?p=98712"},"modified":"2024-04-23T12:01:52","modified_gmt":"2024-04-23T10:01:52","slug":"papa-francisco-la-tierra-esta-cayendo-en-la-ruina-construyamos-la-casa-comun","status":"publish","type":"post","link":"https:\/\/exaudi.org\/es\/papa-francisco-la-tierra-esta-cayendo-en-la-ruina-construyamos-la-casa-comun\/","title":{"rendered":"Papa Francisco: La tierra est\u00e1 cayendo en la ruina, construyamos la casa com\u00fan"},"content":{"rendered":"<audio class=\"wp-audio-shortcode\" id=\"audio-98712-1\" preload=\"none\" style=\"width: 100%;\" controls=\"controls\"><source type=\"audio\/mpeg\" src=\"https:\/\/exaudi.org\/wp-content\/uploads\/2024\/04\/Papa-Francisco-La-tierra-esta-cayendo-en-la-ruina-construyamos-la-casa-comun.mp3?_=1\" \/><a href=\"https:\/\/exaudi.org\/wp-content\/uploads\/2024\/04\/Papa-Francisco-La-tierra-esta-cayendo-en-la-ruina-construyamos-la-casa-comun.mp3\">https:\/\/exaudi.org\/wp-content\/uploads\/2024\/04\/Papa-Francisco-La-tierra-esta-cayendo-en-la-ruina-construyamos-la-casa-comun.mp3<\/a><\/audio>\n<p>Una tierra llena de riquezas, una tierra que est\u00e1 cayendo en la ruina. Una contradicci\u00f3n s\u00f3lo aparente, basta con echar un vistazo a la historia reciente y a las noticias m\u00e1s \u00abcandentes\u00bb. En el D\u00eda de la Tierra, el 22 de abril, el Papa retrata este estado de cosas en un post de su cuenta @Pontifex. \u00abNuestra generaci\u00f3n\u00bb, escribe, \u00abha dejado muchas riquezas\u00bb, pero \u00abno hemos sabido custodiar el planeta y no estamos custodiando la paz\u00bb. El llamamiento, repetido muchas veces, vuelve en estas breves l\u00edneas: \u00abEstamos llamados a convertirnos en artesanos y constructores de la casa com\u00fan, la Tierra, que se est\u00e1 \u201cdirigiendo a la ruina\u201d.\u00a0#EarthDay<\/p>\n<h3><b>El marat\u00f3n multimedia<\/b><\/h3>\n<p>Las palabras de Francisco resuenan por doquier en el d\u00eda en que numerosos eventos mundiales elevan el nivel de atenci\u00f3n sobre las cuestiones medioambientales. En Italia, es el caso del marat\u00f3n multimedia #OnePeopleOnePlanet &#8211; transmitido en directo por el portal Vatican News y por Raiplay- que ha sellado las jornadas de la Aldea por la Tierra, celebradas del 18 al 21 de mayo en Roma, en el marco verde de Villa Borghese y el Pincio. El marat\u00f3n naci\u00f3 como formato cuando la pandemia congel\u00f3 repentinamente todos los eventos en directo y el D\u00eda de la Tierra se vio privado en Roma de las multitudes de la Aldea, reunidas para seguir debates, m\u00fasica y espect\u00e1culos sobre el tema de la protecci\u00f3n del medio ambiente. Cuando termin\u00f3 la par\u00e1lisis del covid, aquel formato qued\u00f3 como un legado, una forma de relatar el significado profundo de la ecolog\u00eda integral, ese valor -recuerda el Papa- que afirma que la tierra se salva si se salva el hombre.<\/p>\n<h3><b>En directo sin interrupci\u00f3n hasta la noche<\/b><\/h3>\n<p>Organizado por Earth Day Italia y el Movimiento de los Focolares, el marat\u00f3n multimedia de este a\u00f1o vuelve a ofrecer un rico programa de intervenciones y contenidos informativos y culturales sobre un tema que se ha vuelto ineludible en cualquier latitud y para cualquier sistema social. Tras las jornadas de la Aldea por la Tierra y el Festival de Innovabilidad \u00abImpatta Disrupt\u00bb -que vieron pasar desde el pasado jueves hasta el 21 de abril a cerca de 300 mil personas y m\u00e1s de 600 eventos entre talleres l\u00fadicos y educativos, encuentros y conferencias sobre temas de sostenibilidad medioambiental &#8211; el marat\u00f3n multimedia #OnePeopleOnePlanet propone un mosaico de temas que \u00ableen\u00bb las cuestiones del medio ambiente y el clima desde el \u00e1ngulo de la ciencia, la econom\u00eda, la cultura y la gobernanza, adentr\u00e1ndose tambi\u00e9n en el mundo del deporte, el arte y la tradici\u00f3n, con conexiones e interconexiones con varios pa\u00edses del mundo.<\/p>\n<p>Una cita, escriben los organizadores, \u00abpara denunciar las muchas cuestiones medioambientales que siguen sin resolverse, pero, al mismo tiempo, para contar las muchas iniciativas que ciudadanos, escuelas, asociaciones, empresas y todos los componentes de la sociedad est\u00e1n poniendo en marcha para devolver a Italia y al mundo a la senda del desarrollo sostenible\u00bb.<\/p>\n","protected":false},"excerpt":{"rendered":"<p>M\u00e1s all\u00e1 de las riquezas \u00abno hemos sabido custodiar el planeta y no estamos custodiando la paz\u00bb<\/p>\n","protected":false},"author":15,"featured_media":98713,"comment_status":"closed","ping_status":"closed","sticky":false,"template":"","format":"standard","meta":{"_acf_changed":false,"_crdt_document":"","inline_featured_image":false,"footnotes":""},"categories":[68],"tags":[9469,14298,14299,4270,158,4953],"class_list":["post-98712","post","type-post","status-publish","format-standard","has-post-thumbnail","hentry","category-leon-xiv","tag-casa-comun","tag-dia-de-la-tierra","tag-earth-day-italia","tag-focolares","tag-papa-francisco","tag-trending-es"],"acf":[],"yoast_head":"<!-- This site is optimized with the Yoast SEO plugin v27.4 - https:\/\/yoast.com\/product\/yoast-seo-wordpress\/ -->\n<title>Papa Francisco: La tierra est\u00e1 cayendo en la ruina, construyamos la casa com\u00fan &#8211; Exaudi<\/title>\n<meta name=\"robots\" content=\"index, follow, max-snippet:-1, max-image-preview:large, max-video-preview:-1\" \/>\n<link rel=\"canonical\" href=\"https:\/\/exaudi.org\/es\/papa-francisco-la-tierra-esta-cayendo-en-la-ruina-construyamos-la-casa-comun\/\" \/>\n<meta property=\"og:locale\" content=\"es_ES\" \/>\n<meta property=\"og:type\" content=\"article\" \/>\n<meta property=\"og:title\" content=\"Papa Francisco: La tierra est\u00e1 cayendo en la ruina, construyamos la casa com\u00fan &#8211; Exaudi\" \/>\n<meta property=\"og:description\" content=\"M\u00e1s all\u00e1 de las riquezas &quot;no hemos sabido custodiar el planeta y no estamos custodiando la paz&quot;\" \/>\n<meta property=\"og:url\" content=\"https:\/\/exaudi.org\/es\/papa-francisco-la-tierra-esta-cayendo-en-la-ruina-construyamos-la-casa-comun\/\" \/>\n<meta property=\"og:site_name\" content=\"Exaudi\" \/>\n<meta property=\"article:publisher\" content=\"https:\/\/www.facebook.com\/ExaudiNews\" \/>\n<meta property=\"article:author\" content=\"https:\/\/www.facebook.com\/ExaudiNoticias\/\" \/>\n<meta property=\"article:published_time\" content=\"2024-04-23T09:56:39+00:00\" \/>\n<meta property=\"article:modified_time\" content=\"2024-04-23T10:01:52+00:00\" \/>\n<meta property=\"og:image\" content=\"https:\/\/exaudi.org\/wp-content\/uploads\/2024\/04\/cq5dam.thumbnail.cropped.750.422-8.jpeg\" \/>\n\t<meta property=\"og:image:width\" content=\"750\" \/>\n\t<meta property=\"og:image:height\" content=\"422\" \/>\n\t<meta property=\"og:image:type\" content=\"image\/jpeg\" \/>\n<meta name=\"author\" content=\"Exaudi Redacci\u00f3n\" \/>\n<meta name=\"twitter:card\" content=\"summary_large_image\" \/>\n<meta name=\"twitter:creator\" content=\"@Exaudi_noticias\" \/>\n<meta name=\"twitter:site\" content=\"@Exaudi_News\" \/>\n<meta name=\"twitter:label1\" content=\"Escrito por\" \/>\n\t<meta name=\"twitter:data1\" content=\"Exaudi Redacci\u00f3n\" \/>\n\t<meta name=\"twitter:label2\" content=\"Tiempo de lectura\" \/>\n\t<meta name=\"twitter:data2\" content=\"3 minutos\" \/>\n<script type=\"application\/ld+json\" class=\"yoast-schema-graph\">{\"@context\":\"https:\\\/\\\/schema.org\",\"@graph\":[{\"@type\":\"Article\",\"@id\":\"https:\\\/\\\/exaudi.org\\\/es\\\/papa-francisco-la-tierra-esta-cayendo-en-la-ruina-construyamos-la-casa-comun\\\/#article\",\"isPartOf\":{\"@id\":\"https:\\\/\\\/exaudi.org\\\/es\\\/papa-francisco-la-tierra-esta-cayendo-en-la-ruina-construyamos-la-casa-comun\\\/\"},\"author\":{\"name\":\"Exaudi Redacci\u00f3n\",\"@id\":\"https:\\\/\\\/exaudi.org\\\/#\\\/schema\\\/person\\\/f5fc8f063065e38742da7afe15f25df7\"},\"headline\":\"Papa Francisco: La tierra est\u00e1 cayendo en la ruina, construyamos la casa com\u00fan\",\"datePublished\":\"2024-04-23T09:56:39+00:00\",\"dateModified\":\"2024-04-23T10:01:52+00:00\",\"mainEntityOfPage\":{\"@id\":\"https:\\\/\\\/exaudi.org\\\/es\\\/papa-francisco-la-tierra-esta-cayendo-en-la-ruina-construyamos-la-casa-comun\\\/\"},\"wordCount\":534,\"image\":{\"@id\":\"https:\\\/\\\/exaudi.org\\\/es\\\/papa-francisco-la-tierra-esta-cayendo-en-la-ruina-construyamos-la-casa-comun\\\/#primaryimage\"},\"thumbnailUrl\":\"https:\\\/\\\/exaudi.org\\\/wp-content\\\/uploads\\\/2024\\\/04\\\/cq5dam.thumbnail.cropped.750.422-8.jpeg\",\"keywords\":[\"Casa com\u00fan\",\"D\u00eda de la Tierra\",\"Earth Day Italia\",\"Focolares\",\"papa francisco\",\"Trending\"],\"articleSection\":[\"Le\u00f3n XIV\"],\"inLanguage\":\"es\"},{\"@type\":\"WebPage\",\"@id\":\"https:\\\/\\\/exaudi.org\\\/es\\\/papa-francisco-la-tierra-esta-cayendo-en-la-ruina-construyamos-la-casa-comun\\\/\",\"url\":\"https:\\\/\\\/exaudi.org\\\/es\\\/papa-francisco-la-tierra-esta-cayendo-en-la-ruina-construyamos-la-casa-comun\\\/\",\"name\":\"Papa Francisco: La tierra est\u00e1 cayendo en la ruina, construyamos la casa com\u00fan &#8211; Exaudi\",\"isPartOf\":{\"@id\":\"https:\\\/\\\/exaudi.org\\\/#website\"},\"primaryImageOfPage\":{\"@id\":\"https:\\\/\\\/exaudi.org\\\/es\\\/papa-francisco-la-tierra-esta-cayendo-en-la-ruina-construyamos-la-casa-comun\\\/#primaryimage\"},\"image\":{\"@id\":\"https:\\\/\\\/exaudi.org\\\/es\\\/papa-francisco-la-tierra-esta-cayendo-en-la-ruina-construyamos-la-casa-comun\\\/#primaryimage\"},\"thumbnailUrl\":\"https:\\\/\\\/exaudi.org\\\/wp-content\\\/uploads\\\/2024\\\/04\\\/cq5dam.thumbnail.cropped.750.422-8.jpeg\",\"datePublished\":\"2024-04-23T09:56:39+00:00\",\"dateModified\":\"2024-04-23T10:01:52+00:00\",\"author\":{\"@id\":\"https:\\\/\\\/exaudi.org\\\/#\\\/schema\\\/person\\\/f5fc8f063065e38742da7afe15f25df7\"},\"breadcrumb\":{\"@id\":\"https:\\\/\\\/exaudi.org\\\/es\\\/papa-francisco-la-tierra-esta-cayendo-en-la-ruina-construyamos-la-casa-comun\\\/#breadcrumb\"},\"inLanguage\":\"es\",\"potentialAction\":[{\"@type\":\"ReadAction\",\"target\":[\"https:\\\/\\\/exaudi.org\\\/es\\\/papa-francisco-la-tierra-esta-cayendo-en-la-ruina-construyamos-la-casa-comun\\\/\"]}]},{\"@type\":\"ImageObject\",\"inLanguage\":\"es\",\"@id\":\"https:\\\/\\\/exaudi.org\\\/es\\\/papa-francisco-la-tierra-esta-cayendo-en-la-ruina-construyamos-la-casa-comun\\\/#primaryimage\",\"url\":\"https:\\\/\\\/exaudi.org\\\/wp-content\\\/uploads\\\/2024\\\/04\\\/cq5dam.thumbnail.cropped.750.422-8.jpeg\",\"contentUrl\":\"https:\\\/\\\/exaudi.org\\\/wp-content\\\/uploads\\\/2024\\\/04\\\/cq5dam.thumbnail.cropped.750.422-8.jpeg\",\"width\":750,\"height\":422,\"caption\":\"Vatican Media\"},{\"@type\":\"BreadcrumbList\",\"@id\":\"https:\\\/\\\/exaudi.org\\\/es\\\/papa-francisco-la-tierra-esta-cayendo-en-la-ruina-construyamos-la-casa-comun\\\/#breadcrumb\",\"itemListElement\":[{\"@type\":\"ListItem\",\"position\":1,\"name\":\"Portada\",\"item\":\"https:\\\/\\\/exaudi.org\\\/es\\\/\"},{\"@type\":\"ListItem\",\"position\":2,\"name\":\"Papa Francisco: La tierra est\u00e1 cayendo en la ruina, construyamos la casa com\u00fan\"}]},{\"@type\":\"WebSite\",\"@id\":\"https:\\\/\\\/exaudi.org\\\/#website\",\"url\":\"https:\\\/\\\/exaudi.org\\\/\",\"name\":\"Exaudi\",\"description\":\"News\",\"potentialAction\":[{\"@type\":\"SearchAction\",\"target\":{\"@type\":\"EntryPoint\",\"urlTemplate\":\"https:\\\/\\\/exaudi.org\\\/?s={search_term_string}\"},\"query-input\":{\"@type\":\"PropertyValueSpecification\",\"valueRequired\":true,\"valueName\":\"search_term_string\"}}],\"inLanguage\":\"es\"},{\"@type\":\"Person\",\"@id\":\"https:\\\/\\\/exaudi.org\\\/#\\\/schema\\\/person\\\/f5fc8f063065e38742da7afe15f25df7\",\"name\":\"Exaudi Redacci\u00f3n\",\"image\":{\"@type\":\"ImageObject\",\"inLanguage\":\"es\",\"@id\":\"https:\\\/\\\/secure.gravatar.com\\\/avatar\\\/fe0f6a059fb68d9b3e11bc5850dd4899b1c7492091a3cb6dd9b01b56ad828be2?s=96&d=mm&r=g\",\"url\":\"https:\\\/\\\/secure.gravatar.com\\\/avatar\\\/fe0f6a059fb68d9b3e11bc5850dd4899b1c7492091a3cb6dd9b01b56ad828be2?s=96&d=mm&r=g\",\"contentUrl\":\"https:\\\/\\\/secure.gravatar.com\\\/avatar\\\/fe0f6a059fb68d9b3e11bc5850dd4899b1c7492091a3cb6dd9b01b56ad828be2?s=96&d=mm&r=g\",\"caption\":\"Exaudi Redacci\u00f3n\"},\"description\":\"\u00bfQu\u00e9 es Exaudi News? Exaudi News es un medio de comunicaci\u00f3n cat\u00f3lico internacional que informa, forma y transforma, diariamente en espa\u00f1ol, ingl\u00e9s e italiano. A trav\u00e9s de noticias, art\u00edculos de an\u00e1lisis y transmisiones en directo de los eventos del Papa, Exaudi busca fortalecer la unidad de los cristianos y contribuir a la evangelizaci\u00f3n del mundo, siempre guiados por la doctrina social de la Iglesia. Trabajamos para acercar la verdad y los valores cristianos a cada rinc\u00f3n del planeta. \u00a1Ay\u00fadanos a transformar el mundo con Exaudi! En Exaudi creemos que la evangelizaci\u00f3n y la informaci\u00f3n de calidad pueden cambiar vidas. Para continuar con nuestra misi\u00f3n y expandir nuestro alcance, necesitamos tu ayuda. Adem\u00e1s, buscamos personas comprometidas que deseen unirse a nuestro equipo. Con tu apoyo, lograremos llegar a m\u00e1s personas, difundir el mensaje de Cristo y reforzar la unidad de los cristianos. \u00bfTe unes a nuestra misi\u00f3n? Para m\u00e1s informaci\u00f3n sobre c\u00f3mo colaborar, visita Exaudi.org\\\/es o cont\u00e1ctanos directamente: info@exaudi.org Exaudi: Informa, forma y transforma.\",\"sameAs\":[\"https:\\\/\\\/www.facebook.com\\\/ExaudiNoticias\\\/\",\"https:\\\/\\\/www.instagram.com\\\/exaudi_noticias\\\/\",\"https:\\\/\\\/x.com\\\/Exaudi_noticias\",\"https:\\\/\\\/www.youtube.com\\\/@exaudicatholicnews\"],\"url\":\"https:\\\/\\\/exaudi.org\\\/es\\\/author\\\/redaccionexaudi\\\/\"}]}<\/script>\n<!-- \/ Yoast SEO plugin. -->","yoast_head_json":{"title":"Papa Francisco: La tierra est\u00e1 cayendo en la ruina, construyamos la casa com\u00fan &#8211; Exaudi","robots":{"index":"index","follow":"follow","max-snippet":"max-snippet:-1","max-image-preview":"max-image-preview:large","max-video-preview":"max-video-preview:-1"},"canonical":"https:\/\/exaudi.org\/es\/papa-francisco-la-tierra-esta-cayendo-en-la-ruina-construyamos-la-casa-comun\/","og_locale":"es_ES","og_type":"article","og_title":"Papa Francisco: La tierra est\u00e1 cayendo en la ruina, construyamos la casa com\u00fan &#8211; Exaudi","og_description":"M\u00e1s all\u00e1 de las riquezas \"no hemos sabido custodiar el planeta y no estamos custodiando la paz\"","og_url":"https:\/\/exaudi.org\/es\/papa-francisco-la-tierra-esta-cayendo-en-la-ruina-construyamos-la-casa-comun\/","og_site_name":"Exaudi","article_publisher":"https:\/\/www.facebook.com\/ExaudiNews","article_author":"https:\/\/www.facebook.com\/ExaudiNoticias\/","article_published_time":"2024-04-23T09:56:39+00:00","article_modified_time":"2024-04-23T10:01:52+00:00","og_image":[{"width":750,"height":422,"url":"https:\/\/exaudi.org\/wp-content\/uploads\/2024\/04\/cq5dam.thumbnail.cropped.750.422-8.jpeg","type":"image\/jpeg"}],"author":"Exaudi Redacci\u00f3n","twitter_card":"summary_large_image","twitter_creator":"@Exaudi_noticias","twitter_site":"@Exaudi_News","twitter_misc":{"Escrito por":"Exaudi Redacci\u00f3n","Tiempo de lectura":"3 minutos"},"schema":{"@context":"https:\/\/schema.org","@graph":[{"@type":"Article","@id":"https:\/\/exaudi.org\/es\/papa-francisco-la-tierra-esta-cayendo-en-la-ruina-construyamos-la-casa-comun\/#article","isPartOf":{"@id":"https:\/\/exaudi.org\/es\/papa-francisco-la-tierra-esta-cayendo-en-la-ruina-construyamos-la-casa-comun\/"},"author":{"name":"Exaudi Redacci\u00f3n","@id":"https:\/\/exaudi.org\/#\/schema\/person\/f5fc8f063065e38742da7afe15f25df7"},"headline":"Papa Francisco: La tierra est\u00e1 cayendo en la ruina, construyamos la casa com\u00fan","datePublished":"2024-04-23T09:56:39+00:00","dateModified":"2024-04-23T10:01:52+00:00","mainEntityOfPage":{"@id":"https:\/\/exaudi.org\/es\/papa-francisco-la-tierra-esta-cayendo-en-la-ruina-construyamos-la-casa-comun\/"},"wordCount":534,"image":{"@id":"https:\/\/exaudi.org\/es\/papa-francisco-la-tierra-esta-cayendo-en-la-ruina-construyamos-la-casa-comun\/#primaryimage"},"thumbnailUrl":"https:\/\/exaudi.org\/wp-content\/uploads\/2024\/04\/cq5dam.thumbnail.cropped.750.422-8.jpeg","keywords":["Casa com\u00fan","D\u00eda de la Tierra","Earth Day Italia","Focolares","papa francisco","Trending"],"articleSection":["Le\u00f3n XIV"],"inLanguage":"es"},{"@type":"WebPage","@id":"https:\/\/exaudi.org\/es\/papa-francisco-la-tierra-esta-cayendo-en-la-ruina-construyamos-la-casa-comun\/","url":"https:\/\/exaudi.org\/es\/papa-francisco-la-tierra-esta-cayendo-en-la-ruina-construyamos-la-casa-comun\/","name":"Papa Francisco: La tierra est\u00e1 cayendo en la ruina, construyamos la casa com\u00fan &#8211; Exaudi","isPartOf":{"@id":"https:\/\/exaudi.org\/#website"},"primaryImageOfPage":{"@id":"https:\/\/exaudi.org\/es\/papa-francisco-la-tierra-esta-cayendo-en-la-ruina-construyamos-la-casa-comun\/#primaryimage"},"image":{"@id":"https:\/\/exaudi.org\/es\/papa-francisco-la-tierra-esta-cayendo-en-la-ruina-construyamos-la-casa-comun\/#primaryimage"},"thumbnailUrl":"https:\/\/exaudi.org\/wp-content\/uploads\/2024\/04\/cq5dam.thumbnail.cropped.750.422-8.jpeg","datePublished":"2024-04-23T09:56:39+00:00","dateModified":"2024-04-23T10:01:52+00:00","author":{"@id":"https:\/\/exaudi.org\/#\/schema\/person\/f5fc8f063065e38742da7afe15f25df7"},"breadcrumb":{"@id":"https:\/\/exaudi.org\/es\/papa-francisco-la-tierra-esta-cayendo-en-la-ruina-construyamos-la-casa-comun\/#breadcrumb"},"inLanguage":"es","potentialAction":[{"@type":"ReadAction","target":["https:\/\/exaudi.org\/es\/papa-francisco-la-tierra-esta-cayendo-en-la-ruina-construyamos-la-casa-comun\/"]}]},{"@type":"ImageObject","inLanguage":"es","@id":"https:\/\/exaudi.org\/es\/papa-francisco-la-tierra-esta-cayendo-en-la-ruina-construyamos-la-casa-comun\/#primaryimage","url":"https:\/\/exaudi.org\/wp-content\/uploads\/2024\/04\/cq5dam.thumbnail.cropped.750.422-8.jpeg","contentUrl":"https:\/\/exaudi.org\/wp-content\/uploads\/2024\/04\/cq5dam.thumbnail.cropped.750.422-8.jpeg","width":750,"height":422,"caption":"Vatican Media"},{"@type":"BreadcrumbList","@id":"https:\/\/exaudi.org\/es\/papa-francisco-la-tierra-esta-cayendo-en-la-ruina-construyamos-la-casa-comun\/#breadcrumb","itemListElement":[{"@type":"ListItem","position":1,"name":"Portada","item":"https:\/\/exaudi.org\/es\/"},{"@type":"ListItem","position":2,"name":"Papa Francisco: La tierra est\u00e1 cayendo en la ruina, construyamos la casa com\u00fan"}]},{"@type":"WebSite","@id":"https:\/\/exaudi.org\/#website","url":"https:\/\/exaudi.org\/","name":"Exaudi","description":"News","potentialAction":[{"@type":"SearchAction","target":{"@type":"EntryPoint","urlTemplate":"https:\/\/exaudi.org\/?s={search_term_string}"},"query-input":{"@type":"PropertyValueSpecification","valueRequired":true,"valueName":"search_term_string"}}],"inLanguage":"es"},{"@type":"Person","@id":"https:\/\/exaudi.org\/#\/schema\/person\/f5fc8f063065e38742da7afe15f25df7","name":"Exaudi Redacci\u00f3n","image":{"@type":"ImageObject","inLanguage":"es","@id":"https:\/\/secure.gravatar.com\/avatar\/fe0f6a059fb68d9b3e11bc5850dd4899b1c7492091a3cb6dd9b01b56ad828be2?s=96&d=mm&r=g","url":"https:\/\/secure.gravatar.com\/avatar\/fe0f6a059fb68d9b3e11bc5850dd4899b1c7492091a3cb6dd9b01b56ad828be2?s=96&d=mm&r=g","contentUrl":"https:\/\/secure.gravatar.com\/avatar\/fe0f6a059fb68d9b3e11bc5850dd4899b1c7492091a3cb6dd9b01b56ad828be2?s=96&d=mm&r=g","caption":"Exaudi Redacci\u00f3n"},"description":"\u00bfQu\u00e9 es Exaudi News? Exaudi News es un medio de comunicaci\u00f3n cat\u00f3lico internacional que informa, forma y transforma, diariamente en espa\u00f1ol, ingl\u00e9s e italiano. A trav\u00e9s de noticias, art\u00edculos de an\u00e1lisis y transmisiones en directo de los eventos del Papa, Exaudi busca fortalecer la unidad de los cristianos y contribuir a la evangelizaci\u00f3n del mundo, siempre guiados por la doctrina social de la Iglesia. Trabajamos para acercar la verdad y los valores cristianos a cada rinc\u00f3n del planeta. \u00a1Ay\u00fadanos a transformar el mundo con Exaudi! En Exaudi creemos que la evangelizaci\u00f3n y la informaci\u00f3n de calidad pueden cambiar vidas. Para continuar con nuestra misi\u00f3n y expandir nuestro alcance, necesitamos tu ayuda. Adem\u00e1s, buscamos personas comprometidas que deseen unirse a nuestro equipo. Con tu apoyo, lograremos llegar a m\u00e1s personas, difundir el mensaje de Cristo y reforzar la unidad de los cristianos. \u00bfTe unes a nuestra misi\u00f3n? Para m\u00e1s informaci\u00f3n sobre c\u00f3mo colaborar, visita Exaudi.org\/es o cont\u00e1ctanos directamente: info@exaudi.org Exaudi: Informa, forma y transforma.","sameAs":["https:\/\/www.facebook.com\/ExaudiNoticias\/","https:\/\/www.instagram.com\/exaudi_noticias\/","https:\/\/x.com\/Exaudi_noticias","https:\/\/www.youtube.com\/@exaudicatholicnews"],"url":"https:\/\/exaudi.org\/es\/author\/redaccionexaudi\/"}]}},"jetpack_featured_media_url":"https:\/\/exaudi.org\/wp-content\/uploads\/2024\/04\/cq5dam.thumbnail.cropped.750.422-8.jpeg","jetpack_shortlink":"https:\/\/wp.me\/pgKjF2-pG8","_links":{"self":[{"href":"https:\/\/exaudi.org\/es\/wp-json\/wp\/v2\/posts\/98712","targetHints":{"allow":["GET"]}}],"collection":[{"href":"https:\/\/exaudi.org\/es\/wp-json\/wp\/v2\/posts"}],"about":[{"href":"https:\/\/exaudi.org\/es\/wp-json\/wp\/v2\/types\/post"}],"author":[{"embeddable":true,"href":"https:\/\/exaudi.org\/es\/wp-json\/wp\/v2\/users\/15"}],"replies":[{"embeddable":true,"href":"https:\/\/exaudi.org\/es\/wp-json\/wp\/v2\/comments?post=98712"}],"version-history":[{"count":0,"href":"https:\/\/exaudi.org\/es\/wp-json\/wp\/v2\/posts\/98712\/revisions"}],"wp:featuredmedia":[{"embeddable":true,"href":"https:\/\/exaudi.org\/es\/wp-json\/wp\/v2\/media\/98713"}],"wp:attachment":[{"href":"https:\/\/exaudi.org\/es\/wp-json\/wp\/v2\/media?parent=98712"}],"wp:term":[{"taxonomy":"category","embeddable":true,"href":"https:\/\/exaudi.org\/es\/wp-json\/wp\/v2\/categories?post=98712"},{"taxonomy":"post_tag","embeddable":true,"href":"https:\/\/exaudi.org\/es\/wp-json\/wp\/v2\/tags?post=98712"}],"curies":[{"name":"wp","href":"https:\/\/api.w.org\/{rel}","templated":true}]}}