{"id":98294,"date":"2024-04-17T08:35:07","date_gmt":"2024-04-17T06:35:07","guid":{"rendered":"https:\/\/exaudi.org\/?p=98294"},"modified":"2024-04-17T15:05:54","modified_gmt":"2024-04-17T13:05:54","slug":"el-papa-y-consejo-de-cardenales-reflexionan-sobre-el-rol-de-la-mujer-en-la-iglesia","status":"publish","type":"post","link":"https:\/\/exaudi.org\/es\/el-papa-y-consejo-de-cardenales-reflexionan-sobre-el-rol-de-la-mujer-en-la-iglesia\/","title":{"rendered":"El Papa y Consejo de Cardenales reflexionan sobre el rol de la mujer en la Iglesia"},"content":{"rendered":"<p>Los d\u00edas 15 y 16 de abril se efectu\u00f3 en la Casa Santa Marta del Vaticano la reuni\u00f3n del Consejo de Cardenales; la Oficina de Prensa de la Santa Sede inform\u00f3 a trav\u00e9s de un comunicado que junto al Papa estuvieron presentes los cardenales que forman parte y el secretario del Consejo.<\/p>\n<p>Informa tambi\u00e9n el comunicado que el 15 de abril el tema de reflexi\u00f3n fue sobre el rol de la mujer en la Iglesia, a la que contribuyeron la Hna. Regina da Costa Pedro, de la Congregaci\u00f3n de las Misioneras de la Inmaculada, que aport\u00f3 las historias y pensamientos concretos de algunas mujeres brasile\u00f1as, y la Prof. Stella Morra, profesora de la Facultad de Teolog\u00eda de la Pontificia Universidad Gregoriana, que examin\u00f3 el papel de las culturas en el reconocimiento del papel de la mujer en distintos lugares del planeta.<\/p>\n<p>La jornada del d\u00eda 16 -informa la Oficina de Prensa- comenz\u00f3 con un informe del cardenal Mario Grech y de monse\u00f1or Piero Coda sobre el S\u00ednodo en curso. Y concluy\u00f3, tras una reflexi\u00f3n sobre la aplicaci\u00f3n de la Constituci\u00f3n apost\u00f3lica\u00a0<i><a href=\"https:\/\/www.vatican.va\/content\/francesco\/es\/apost_constitutions\/documents\/20220319-costituzione-ap-praedicate-evangelium.html\" target=\"_blank\" rel=\"external noopener\">Praedicate evangelium<\/a><\/i>\u00a0en las Curias diocesanas, con informes de cada cardenal sobre la situaci\u00f3n social, pol\u00edtica y eclesial en sus diversas regiones.<\/p>\n<p>\u201cDurante la sesi\u00f3n hubo referencias -y en varias ocasiones oraciones- dedicadas a los escenarios de guerra y conflicto que se viven en tantos lugares del mundo, particularmente en Oriente Medio y Ucrania. Los cardenales -y con ellos el Papa- expresaron su preocupaci\u00f3n por lo que est\u00e1 sucediendo y la esperanza de que se incrementen los esfuerzos para identificar v\u00edas de negociaci\u00f3n y de paz\u201d, dice el comunicado.<\/p>\n<p>La pr\u00f3xima reuni\u00f3n del Consejo se celebrar\u00e1 en junio de 2024.<\/p>\n","protected":false},"excerpt":{"rendered":"<p>Los cardenales y el Papa se reunieron en la Casa Santa Marte el 15 y 16 de abril, entre los temas discutidos destacan el rol de la mujer en la Iglesia; el s\u00ednodo; la aplicaci\u00f3n de la Praedicate evangelium en las Curias diocesanas; la situaci\u00f3n social, pol\u00edtica y eclesial en sus diversas regiones<\/p>\n","protected":false},"author":15,"featured_media":98295,"comment_status":"closed","ping_status":"closed","sticky":false,"template":"","format":"standard","meta":{"_acf_changed":false,"_crdt_document":"","inline_featured_image":false,"footnotes":""},"categories":[59],"tags":[8983,1940,159,9389,2892,6144,1891,4460,4953,272],"class_list":["post-98294","post","type-post","status-publish","format-standard","has-post-thumbnail","hentry","category-featured-news","tag-c9-3","tag-cardenales","tag-mujeres","tag-oficina-de-prensa","tag-oriente-medio","tag-praedicate-evangelium","tag-santa-sede","tag-sinodo-es","tag-trending-es","tag-vaticano-es"],"acf":[],"yoast_head":"<!-- This site is optimized with the Yoast SEO plugin v27.5 - https:\/\/yoast.com\/product\/yoast-seo-wordpress\/ -->\n<title>El Papa y Consejo de Cardenales reflexionan sobre el rol de la mujer en la Iglesia &#8211; Exaudi<\/title>\n<meta name=\"robots\" content=\"index, follow, max-snippet:-1, max-image-preview:large, max-video-preview:-1\" \/>\n<link rel=\"canonical\" href=\"https:\/\/exaudi.org\/es\/el-papa-y-consejo-de-cardenales-reflexionan-sobre-el-rol-de-la-mujer-en-la-iglesia\/\" \/>\n<meta property=\"og:locale\" content=\"es_ES\" \/>\n<meta property=\"og:type\" content=\"article\" \/>\n<meta property=\"og:title\" content=\"El Papa y Consejo de Cardenales reflexionan sobre el rol de la mujer en la Iglesia &#8211; Exaudi\" \/>\n<meta property=\"og:description\" content=\"Los cardenales y el Papa se reunieron en la Casa Santa Marte el 15 y 16 de abril, entre los temas discutidos destacan el rol de la mujer en la Iglesia; el s\u00ednodo; la aplicaci\u00f3n de la Praedicate evangelium en las Curias diocesanas; la situaci\u00f3n social, pol\u00edtica y eclesial en sus diversas regiones\" \/>\n<meta property=\"og:url\" content=\"https:\/\/exaudi.org\/es\/el-papa-y-consejo-de-cardenales-reflexionan-sobre-el-rol-de-la-mujer-en-la-iglesia\/\" \/>\n<meta property=\"og:site_name\" content=\"Exaudi\" \/>\n<meta property=\"article:publisher\" content=\"https:\/\/www.facebook.com\/ExaudiNews\" \/>\n<meta property=\"article:author\" content=\"https:\/\/www.facebook.com\/ExaudiNoticias\/\" \/>\n<meta property=\"article:published_time\" content=\"2024-04-17T06:35:07+00:00\" \/>\n<meta property=\"article:modified_time\" content=\"2024-04-17T13:05:54+00:00\" \/>\n<meta property=\"og:image\" content=\"https:\/\/exaudi.org\/wp-content\/uploads\/2024\/04\/cq5dam.thumbnail.cropped.1000.563.jpeg\" \/>\n\t<meta property=\"og:image:width\" content=\"1000\" \/>\n\t<meta property=\"og:image:height\" content=\"563\" \/>\n\t<meta property=\"og:image:type\" content=\"image\/jpeg\" \/>\n<meta name=\"author\" content=\"Exaudi Redacci\u00f3n\" \/>\n<meta name=\"twitter:card\" content=\"summary_large_image\" \/>\n<meta name=\"twitter:creator\" content=\"@Exaudi_noticias\" \/>\n<meta name=\"twitter:site\" content=\"@Exaudi_News\" \/>\n<meta name=\"twitter:label1\" content=\"Escrito por\" \/>\n\t<meta name=\"twitter:data1\" content=\"Exaudi Redacci\u00f3n\" \/>\n\t<meta name=\"twitter:label2\" content=\"Tiempo de lectura\" \/>\n\t<meta name=\"twitter:data2\" content=\"1 minuto\" \/>\n<script type=\"application\/ld+json\" class=\"yoast-schema-graph\">{\"@context\":\"https:\\\/\\\/schema.org\",\"@graph\":[{\"@type\":\"Article\",\"@id\":\"https:\\\/\\\/exaudi.org\\\/es\\\/el-papa-y-consejo-de-cardenales-reflexionan-sobre-el-rol-de-la-mujer-en-la-iglesia\\\/#article\",\"isPartOf\":{\"@id\":\"https:\\\/\\\/exaudi.org\\\/es\\\/el-papa-y-consejo-de-cardenales-reflexionan-sobre-el-rol-de-la-mujer-en-la-iglesia\\\/\"},\"author\":{\"name\":\"Exaudi Redacci\u00f3n\",\"@id\":\"https:\\\/\\\/exaudi.org\\\/#\\\/schema\\\/person\\\/f5fc8f063065e38742da7afe15f25df7\"},\"headline\":\"El Papa y Consejo de Cardenales reflexionan sobre el rol de la mujer en la Iglesia\",\"datePublished\":\"2024-04-17T06:35:07+00:00\",\"dateModified\":\"2024-04-17T13:05:54+00:00\",\"mainEntityOfPage\":{\"@id\":\"https:\\\/\\\/exaudi.org\\\/es\\\/el-papa-y-consejo-de-cardenales-reflexionan-sobre-el-rol-de-la-mujer-en-la-iglesia\\\/\"},\"wordCount\":315,\"image\":{\"@id\":\"https:\\\/\\\/exaudi.org\\\/es\\\/el-papa-y-consejo-de-cardenales-reflexionan-sobre-el-rol-de-la-mujer-en-la-iglesia\\\/#primaryimage\"},\"thumbnailUrl\":\"https:\\\/\\\/exaudi.org\\\/wp-content\\\/uploads\\\/2024\\\/04\\\/cq5dam.thumbnail.cropped.1000.563.jpeg\",\"keywords\":[\"C9\",\"Cardenales\",\"mujeres\",\"OFICINA DE PRENSA\",\"Oriente Medio\",\"Praedicate evangelium\",\"Santa Sede\",\"Sinodo\",\"Trending\",\"Vaticano\"],\"articleSection\":[\"Featured News\"],\"inLanguage\":\"es\"},{\"@type\":\"WebPage\",\"@id\":\"https:\\\/\\\/exaudi.org\\\/es\\\/el-papa-y-consejo-de-cardenales-reflexionan-sobre-el-rol-de-la-mujer-en-la-iglesia\\\/\",\"url\":\"https:\\\/\\\/exaudi.org\\\/es\\\/el-papa-y-consejo-de-cardenales-reflexionan-sobre-el-rol-de-la-mujer-en-la-iglesia\\\/\",\"name\":\"El Papa y Consejo de Cardenales reflexionan sobre el rol de la mujer en la Iglesia &#8211; Exaudi\",\"isPartOf\":{\"@id\":\"https:\\\/\\\/exaudi.org\\\/#website\"},\"primaryImageOfPage\":{\"@id\":\"https:\\\/\\\/exaudi.org\\\/es\\\/el-papa-y-consejo-de-cardenales-reflexionan-sobre-el-rol-de-la-mujer-en-la-iglesia\\\/#primaryimage\"},\"image\":{\"@id\":\"https:\\\/\\\/exaudi.org\\\/es\\\/el-papa-y-consejo-de-cardenales-reflexionan-sobre-el-rol-de-la-mujer-en-la-iglesia\\\/#primaryimage\"},\"thumbnailUrl\":\"https:\\\/\\\/exaudi.org\\\/wp-content\\\/uploads\\\/2024\\\/04\\\/cq5dam.thumbnail.cropped.1000.563.jpeg\",\"datePublished\":\"2024-04-17T06:35:07+00:00\",\"dateModified\":\"2024-04-17T13:05:54+00:00\",\"author\":{\"@id\":\"https:\\\/\\\/exaudi.org\\\/#\\\/schema\\\/person\\\/f5fc8f063065e38742da7afe15f25df7\"},\"breadcrumb\":{\"@id\":\"https:\\\/\\\/exaudi.org\\\/es\\\/el-papa-y-consejo-de-cardenales-reflexionan-sobre-el-rol-de-la-mujer-en-la-iglesia\\\/#breadcrumb\"},\"inLanguage\":\"es\",\"potentialAction\":[{\"@type\":\"ReadAction\",\"target\":[\"https:\\\/\\\/exaudi.org\\\/es\\\/el-papa-y-consejo-de-cardenales-reflexionan-sobre-el-rol-de-la-mujer-en-la-iglesia\\\/\"]}]},{\"@type\":\"ImageObject\",\"inLanguage\":\"es\",\"@id\":\"https:\\\/\\\/exaudi.org\\\/es\\\/el-papa-y-consejo-de-cardenales-reflexionan-sobre-el-rol-de-la-mujer-en-la-iglesia\\\/#primaryimage\",\"url\":\"https:\\\/\\\/exaudi.org\\\/wp-content\\\/uploads\\\/2024\\\/04\\\/cq5dam.thumbnail.cropped.1000.563.jpeg\",\"contentUrl\":\"https:\\\/\\\/exaudi.org\\\/wp-content\\\/uploads\\\/2024\\\/04\\\/cq5dam.thumbnail.cropped.1000.563.jpeg\",\"width\":1000,\"height\":563},{\"@type\":\"BreadcrumbList\",\"@id\":\"https:\\\/\\\/exaudi.org\\\/es\\\/el-papa-y-consejo-de-cardenales-reflexionan-sobre-el-rol-de-la-mujer-en-la-iglesia\\\/#breadcrumb\",\"itemListElement\":[{\"@type\":\"ListItem\",\"position\":1,\"name\":\"Portada\",\"item\":\"https:\\\/\\\/exaudi.org\\\/es\\\/\"},{\"@type\":\"ListItem\",\"position\":2,\"name\":\"El Papa y Consejo de Cardenales reflexionan sobre el rol de la mujer en la Iglesia\"}]},{\"@type\":\"WebSite\",\"@id\":\"https:\\\/\\\/exaudi.org\\\/#website\",\"url\":\"https:\\\/\\\/exaudi.org\\\/\",\"name\":\"Exaudi\",\"description\":\"News\",\"potentialAction\":[{\"@type\":\"SearchAction\",\"target\":{\"@type\":\"EntryPoint\",\"urlTemplate\":\"https:\\\/\\\/exaudi.org\\\/?s={search_term_string}\"},\"query-input\":{\"@type\":\"PropertyValueSpecification\",\"valueRequired\":true,\"valueName\":\"search_term_string\"}}],\"inLanguage\":\"es\"},{\"@type\":\"Person\",\"@id\":\"https:\\\/\\\/exaudi.org\\\/#\\\/schema\\\/person\\\/f5fc8f063065e38742da7afe15f25df7\",\"name\":\"Exaudi Redacci\u00f3n\",\"image\":{\"@type\":\"ImageObject\",\"inLanguage\":\"es\",\"@id\":\"https:\\\/\\\/secure.gravatar.com\\\/avatar\\\/fe0f6a059fb68d9b3e11bc5850dd4899b1c7492091a3cb6dd9b01b56ad828be2?s=96&d=mm&r=g\",\"url\":\"https:\\\/\\\/secure.gravatar.com\\\/avatar\\\/fe0f6a059fb68d9b3e11bc5850dd4899b1c7492091a3cb6dd9b01b56ad828be2?s=96&d=mm&r=g\",\"contentUrl\":\"https:\\\/\\\/secure.gravatar.com\\\/avatar\\\/fe0f6a059fb68d9b3e11bc5850dd4899b1c7492091a3cb6dd9b01b56ad828be2?s=96&d=mm&r=g\",\"caption\":\"Exaudi Redacci\u00f3n\"},\"description\":\"\u00bfQu\u00e9 es Exaudi News? Exaudi News es un medio de comunicaci\u00f3n cat\u00f3lico internacional que informa, forma y transforma, diariamente en espa\u00f1ol, ingl\u00e9s e italiano. A trav\u00e9s de noticias, art\u00edculos de an\u00e1lisis y transmisiones en directo de los eventos del Papa, Exaudi busca fortalecer la unidad de los cristianos y contribuir a la evangelizaci\u00f3n del mundo, siempre guiados por la doctrina social de la Iglesia. Trabajamos para acercar la verdad y los valores cristianos a cada rinc\u00f3n del planeta. \u00a1Ay\u00fadanos a transformar el mundo con Exaudi! En Exaudi creemos que la evangelizaci\u00f3n y la informaci\u00f3n de calidad pueden cambiar vidas. Para continuar con nuestra misi\u00f3n y expandir nuestro alcance, necesitamos tu ayuda. Adem\u00e1s, buscamos personas comprometidas que deseen unirse a nuestro equipo. Con tu apoyo, lograremos llegar a m\u00e1s personas, difundir el mensaje de Cristo y reforzar la unidad de los cristianos. \u00bfTe unes a nuestra misi\u00f3n? Para m\u00e1s informaci\u00f3n sobre c\u00f3mo colaborar, visita Exaudi.org\\\/es o cont\u00e1ctanos directamente: info@exaudi.org Exaudi: Informa, forma y transforma.\",\"sameAs\":[\"https:\\\/\\\/www.facebook.com\\\/ExaudiNoticias\\\/\",\"https:\\\/\\\/www.instagram.com\\\/exaudi_noticias\\\/\",\"https:\\\/\\\/x.com\\\/Exaudi_noticias\",\"https:\\\/\\\/www.youtube.com\\\/@exaudicatholicnews\"],\"url\":\"https:\\\/\\\/exaudi.org\\\/es\\\/author\\\/redaccionexaudi\\\/\"}]}<\/script>\n<!-- \/ Yoast SEO plugin. -->","yoast_head_json":{"title":"El Papa y Consejo de Cardenales reflexionan sobre el rol de la mujer en la Iglesia &#8211; Exaudi","robots":{"index":"index","follow":"follow","max-snippet":"max-snippet:-1","max-image-preview":"max-image-preview:large","max-video-preview":"max-video-preview:-1"},"canonical":"https:\/\/exaudi.org\/es\/el-papa-y-consejo-de-cardenales-reflexionan-sobre-el-rol-de-la-mujer-en-la-iglesia\/","og_locale":"es_ES","og_type":"article","og_title":"El Papa y Consejo de Cardenales reflexionan sobre el rol de la mujer en la Iglesia &#8211; Exaudi","og_description":"Los cardenales y el Papa se reunieron en la Casa Santa Marte el 15 y 16 de abril, entre los temas discutidos destacan el rol de la mujer en la Iglesia; el s\u00ednodo; la aplicaci\u00f3n de la Praedicate evangelium en las Curias diocesanas; la situaci\u00f3n social, pol\u00edtica y eclesial en sus diversas regiones","og_url":"https:\/\/exaudi.org\/es\/el-papa-y-consejo-de-cardenales-reflexionan-sobre-el-rol-de-la-mujer-en-la-iglesia\/","og_site_name":"Exaudi","article_publisher":"https:\/\/www.facebook.com\/ExaudiNews","article_author":"https:\/\/www.facebook.com\/ExaudiNoticias\/","article_published_time":"2024-04-17T06:35:07+00:00","article_modified_time":"2024-04-17T13:05:54+00:00","og_image":[{"width":1000,"height":563,"url":"https:\/\/exaudi.org\/wp-content\/uploads\/2024\/04\/cq5dam.thumbnail.cropped.1000.563.jpeg","type":"image\/jpeg"}],"author":"Exaudi Redacci\u00f3n","twitter_card":"summary_large_image","twitter_creator":"@Exaudi_noticias","twitter_site":"@Exaudi_News","twitter_misc":{"Escrito por":"Exaudi Redacci\u00f3n","Tiempo de lectura":"1 minuto"},"schema":{"@context":"https:\/\/schema.org","@graph":[{"@type":"Article","@id":"https:\/\/exaudi.org\/es\/el-papa-y-consejo-de-cardenales-reflexionan-sobre-el-rol-de-la-mujer-en-la-iglesia\/#article","isPartOf":{"@id":"https:\/\/exaudi.org\/es\/el-papa-y-consejo-de-cardenales-reflexionan-sobre-el-rol-de-la-mujer-en-la-iglesia\/"},"author":{"name":"Exaudi Redacci\u00f3n","@id":"https:\/\/exaudi.org\/#\/schema\/person\/f5fc8f063065e38742da7afe15f25df7"},"headline":"El Papa y Consejo de Cardenales reflexionan sobre el rol de la mujer en la Iglesia","datePublished":"2024-04-17T06:35:07+00:00","dateModified":"2024-04-17T13:05:54+00:00","mainEntityOfPage":{"@id":"https:\/\/exaudi.org\/es\/el-papa-y-consejo-de-cardenales-reflexionan-sobre-el-rol-de-la-mujer-en-la-iglesia\/"},"wordCount":315,"image":{"@id":"https:\/\/exaudi.org\/es\/el-papa-y-consejo-de-cardenales-reflexionan-sobre-el-rol-de-la-mujer-en-la-iglesia\/#primaryimage"},"thumbnailUrl":"https:\/\/exaudi.org\/wp-content\/uploads\/2024\/04\/cq5dam.thumbnail.cropped.1000.563.jpeg","keywords":["C9","Cardenales","mujeres","OFICINA DE PRENSA","Oriente Medio","Praedicate evangelium","Santa Sede","Sinodo","Trending","Vaticano"],"articleSection":["Featured News"],"inLanguage":"es"},{"@type":"WebPage","@id":"https:\/\/exaudi.org\/es\/el-papa-y-consejo-de-cardenales-reflexionan-sobre-el-rol-de-la-mujer-en-la-iglesia\/","url":"https:\/\/exaudi.org\/es\/el-papa-y-consejo-de-cardenales-reflexionan-sobre-el-rol-de-la-mujer-en-la-iglesia\/","name":"El Papa y Consejo de Cardenales reflexionan sobre el rol de la mujer en la Iglesia &#8211; Exaudi","isPartOf":{"@id":"https:\/\/exaudi.org\/#website"},"primaryImageOfPage":{"@id":"https:\/\/exaudi.org\/es\/el-papa-y-consejo-de-cardenales-reflexionan-sobre-el-rol-de-la-mujer-en-la-iglesia\/#primaryimage"},"image":{"@id":"https:\/\/exaudi.org\/es\/el-papa-y-consejo-de-cardenales-reflexionan-sobre-el-rol-de-la-mujer-en-la-iglesia\/#primaryimage"},"thumbnailUrl":"https:\/\/exaudi.org\/wp-content\/uploads\/2024\/04\/cq5dam.thumbnail.cropped.1000.563.jpeg","datePublished":"2024-04-17T06:35:07+00:00","dateModified":"2024-04-17T13:05:54+00:00","author":{"@id":"https:\/\/exaudi.org\/#\/schema\/person\/f5fc8f063065e38742da7afe15f25df7"},"breadcrumb":{"@id":"https:\/\/exaudi.org\/es\/el-papa-y-consejo-de-cardenales-reflexionan-sobre-el-rol-de-la-mujer-en-la-iglesia\/#breadcrumb"},"inLanguage":"es","potentialAction":[{"@type":"ReadAction","target":["https:\/\/exaudi.org\/es\/el-papa-y-consejo-de-cardenales-reflexionan-sobre-el-rol-de-la-mujer-en-la-iglesia\/"]}]},{"@type":"ImageObject","inLanguage":"es","@id":"https:\/\/exaudi.org\/es\/el-papa-y-consejo-de-cardenales-reflexionan-sobre-el-rol-de-la-mujer-en-la-iglesia\/#primaryimage","url":"https:\/\/exaudi.org\/wp-content\/uploads\/2024\/04\/cq5dam.thumbnail.cropped.1000.563.jpeg","contentUrl":"https:\/\/exaudi.org\/wp-content\/uploads\/2024\/04\/cq5dam.thumbnail.cropped.1000.563.jpeg","width":1000,"height":563},{"@type":"BreadcrumbList","@id":"https:\/\/exaudi.org\/es\/el-papa-y-consejo-de-cardenales-reflexionan-sobre-el-rol-de-la-mujer-en-la-iglesia\/#breadcrumb","itemListElement":[{"@type":"ListItem","position":1,"name":"Portada","item":"https:\/\/exaudi.org\/es\/"},{"@type":"ListItem","position":2,"name":"El Papa y Consejo de Cardenales reflexionan sobre el rol de la mujer en la Iglesia"}]},{"@type":"WebSite","@id":"https:\/\/exaudi.org\/#website","url":"https:\/\/exaudi.org\/","name":"Exaudi","description":"News","potentialAction":[{"@type":"SearchAction","target":{"@type":"EntryPoint","urlTemplate":"https:\/\/exaudi.org\/?s={search_term_string}"},"query-input":{"@type":"PropertyValueSpecification","valueRequired":true,"valueName":"search_term_string"}}],"inLanguage":"es"},{"@type":"Person","@id":"https:\/\/exaudi.org\/#\/schema\/person\/f5fc8f063065e38742da7afe15f25df7","name":"Exaudi Redacci\u00f3n","image":{"@type":"ImageObject","inLanguage":"es","@id":"https:\/\/secure.gravatar.com\/avatar\/fe0f6a059fb68d9b3e11bc5850dd4899b1c7492091a3cb6dd9b01b56ad828be2?s=96&d=mm&r=g","url":"https:\/\/secure.gravatar.com\/avatar\/fe0f6a059fb68d9b3e11bc5850dd4899b1c7492091a3cb6dd9b01b56ad828be2?s=96&d=mm&r=g","contentUrl":"https:\/\/secure.gravatar.com\/avatar\/fe0f6a059fb68d9b3e11bc5850dd4899b1c7492091a3cb6dd9b01b56ad828be2?s=96&d=mm&r=g","caption":"Exaudi Redacci\u00f3n"},"description":"\u00bfQu\u00e9 es Exaudi News? Exaudi News es un medio de comunicaci\u00f3n cat\u00f3lico internacional que informa, forma y transforma, diariamente en espa\u00f1ol, ingl\u00e9s e italiano. A trav\u00e9s de noticias, art\u00edculos de an\u00e1lisis y transmisiones en directo de los eventos del Papa, Exaudi busca fortalecer la unidad de los cristianos y contribuir a la evangelizaci\u00f3n del mundo, siempre guiados por la doctrina social de la Iglesia. Trabajamos para acercar la verdad y los valores cristianos a cada rinc\u00f3n del planeta. \u00a1Ay\u00fadanos a transformar el mundo con Exaudi! En Exaudi creemos que la evangelizaci\u00f3n y la informaci\u00f3n de calidad pueden cambiar vidas. Para continuar con nuestra misi\u00f3n y expandir nuestro alcance, necesitamos tu ayuda. Adem\u00e1s, buscamos personas comprometidas que deseen unirse a nuestro equipo. Con tu apoyo, lograremos llegar a m\u00e1s personas, difundir el mensaje de Cristo y reforzar la unidad de los cristianos. \u00bfTe unes a nuestra misi\u00f3n? Para m\u00e1s informaci\u00f3n sobre c\u00f3mo colaborar, visita Exaudi.org\/es o cont\u00e1ctanos directamente: info@exaudi.org Exaudi: Informa, forma y transforma.","sameAs":["https:\/\/www.facebook.com\/ExaudiNoticias\/","https:\/\/www.instagram.com\/exaudi_noticias\/","https:\/\/x.com\/Exaudi_noticias","https:\/\/www.youtube.com\/@exaudicatholicnews"],"url":"https:\/\/exaudi.org\/es\/author\/redaccionexaudi\/"}]}},"jetpack_featured_media_url":"https:\/\/exaudi.org\/wp-content\/uploads\/2024\/04\/cq5dam.thumbnail.cropped.1000.563.jpeg","jetpack_shortlink":"https:\/\/wp.me\/pgKjF2-pzo","_links":{"self":[{"href":"https:\/\/exaudi.org\/es\/wp-json\/wp\/v2\/posts\/98294","targetHints":{"allow":["GET"]}}],"collection":[{"href":"https:\/\/exaudi.org\/es\/wp-json\/wp\/v2\/posts"}],"about":[{"href":"https:\/\/exaudi.org\/es\/wp-json\/wp\/v2\/types\/post"}],"author":[{"embeddable":true,"href":"https:\/\/exaudi.org\/es\/wp-json\/wp\/v2\/users\/15"}],"replies":[{"embeddable":true,"href":"https:\/\/exaudi.org\/es\/wp-json\/wp\/v2\/comments?post=98294"}],"version-history":[{"count":0,"href":"https:\/\/exaudi.org\/es\/wp-json\/wp\/v2\/posts\/98294\/revisions"}],"wp:featuredmedia":[{"embeddable":true,"href":"https:\/\/exaudi.org\/es\/wp-json\/wp\/v2\/media\/98295"}],"wp:attachment":[{"href":"https:\/\/exaudi.org\/es\/wp-json\/wp\/v2\/media?parent=98294"}],"wp:term":[{"taxonomy":"category","embeddable":true,"href":"https:\/\/exaudi.org\/es\/wp-json\/wp\/v2\/categories?post=98294"},{"taxonomy":"post_tag","embeddable":true,"href":"https:\/\/exaudi.org\/es\/wp-json\/wp\/v2\/tags?post=98294"}],"curies":[{"name":"wp","href":"https:\/\/api.w.org\/{rel}","templated":true}]}}