{"id":98115,"date":"2024-04-16T08:30:04","date_gmt":"2024-04-16T06:30:04","guid":{"rendered":"https:\/\/exaudi.org\/?p=98115"},"modified":"2024-04-16T09:40:31","modified_gmt":"2024-04-16T07:40:31","slug":"sin-cimientos-se-derrumba-el-edificio","status":"publish","type":"post","link":"https:\/\/exaudi.org\/es\/sin-cimientos-se-derrumba-el-edificio\/","title":{"rendered":"Sin cimientos se derrumba el edificio"},"content":{"rendered":"<audio class=\"wp-audio-shortcode\" id=\"audio-98115-1\" preload=\"none\" style=\"width: 100%;\" controls=\"controls\"><source type=\"audio\/mpeg\" src=\"https:\/\/exaudi.org\/wp-content\/uploads\/2024\/04\/Sin-cimientos-se-derrumba-el-edificio.mp3?_=1\" \/><a href=\"https:\/\/exaudi.org\/wp-content\/uploads\/2024\/04\/Sin-cimientos-se-derrumba-el-edificio.mp3\">https:\/\/exaudi.org\/wp-content\/uploads\/2024\/04\/Sin-cimientos-se-derrumba-el-edificio.mp3<\/a><\/audio>\n<p>Para nuestros parlamentarios europeos, abortar es un derecho constitucional; matar es signo de desarrollo, tal y como han dejado claro en la votaci\u00f3n del pasado 11 de abril.<\/p>\n<p>La Uni\u00f3n Europea que so\u00f1aron sus fundadores part\u00eda de nuestras ra\u00edces cristianas, siendo solo as\u00ed posible una Europa unida y reconciliada.<\/p>\n<p>Recordamos la tenacidad de San Juan Pablo II porque se mencionara siempre la \u201cherencia cristiana\u201d de Europa, ya que el cristianismo es esa realidad hist\u00f3rica que fundamenta el origen de la identidad com\u00fan europea. E igualmente el Papa Benedicto XVI insist\u00eda en la necesidad de no olvidar los valores \u00e9ticos y espirituales compartidos <em>para la construcci\u00f3n de un orden social justo y pac\u00edfico, a nivel nacional e internacional <\/em>( Jornada Mundial de la Paz, 1 de enero de 2011).<\/p>\n<p>Reconocer esas ra\u00edces es edificar con cimientos s\u00f3lidos, construir a partir de la identidad y el origen com\u00fan de Europa, pero en ning\u00fan caso supone ir contra la libertad religiosa, la neutralidad del Estado, o asumir una religi\u00f3n de Estado, falaces razones esgrimidas por algunos europarlamentarios para no mencionar en el Pre\u00e1mbulo de la Constituci\u00f3n Europea nuestra herencia cristiana, la que es verdaderamente custodia nuestros comunes valores, ideales, s\u00edmbolos, nuestra pol\u00edtica y la defensa de nuestros derechos. Por ello, certeramente, el ingl\u00e9s Christopher Dawson aseguraba que <em>\u00fanicamente podemos comprender a Europa, en su desarrollo hist\u00f3rico, por medio del estudio de la cultura cristiana, pues ella forma el centro de todo proceso y fue bajo el signo de la Cristiandad como Europa tuvo por primera vez conciencia de s\u00ed misma en cuanto comunidad de pueblos poseedores de valores morales y objetivos espirituales coparticipados. <\/em><\/p>\n<p>Qu\u00e9 lejos de Dawson, las palabras del socialista franc\u00e9s Pierre Moscovici Comisario Europeo de Asuntos Econ\u00f3micos y Financieros, Fiscalidad y Aduanas, a la saz\u00f3n, cuando afirm\u00f3 con empecinamiento en 2016 que <em>Europa no es cristiana. No creo en las ra\u00edces cristianas de Europa. <\/em><\/p>\n<p>Lamentablemente, triunf\u00f3 la ambig\u00fcedad, la secularizaci\u00f3n, la cobard\u00eda de Europa y se obvi\u00f3 la herencia cristiana, merced a los votos de pa\u00edses como Francia, B\u00e9lgica, Suecia, Finlandia y Dinamarca&#8230;<\/p>\n<p>\u00bfY ahora nos asombra que esos estados hayan aprobado la resoluci\u00f3n que defiende el <em>derecho <\/em>de las mujeres al aborto y que llama a los gobiernos a dar los pasos necesarios para que un aborto <em>seguro y legal <\/em>quede consagrado en la Carta de Derechos Fundamentales de la Uni\u00f3n Europea?\u2026 \u00a1Si son los que olvidaron las ra\u00edces cristianas y siguen con ciega obediencia la Agenda 2030!\u2026<\/p>\n<p>No le demos m\u00e1s vueltas, cualquier edificio sin cimientos se derrumba y ese es el futuro de Europa que edifica en el aire, sobre sus quimeras laicistas y bajo los postulados de Gramsci y su marxismo cultural, negando el humanismo cristiano que la hizo grande.<\/p>\n<p>As\u00ed las cosas, Europa est\u00e1 condenada a morir y no en paz; Occidente en general se extingue porque padece una enorme crisis de identidad y valores.<\/p>\n<p>Quiero concluir haciendo una confesi\u00f3n personal y es que me cuesta mucho, mucho perdonar a estos parlamentarios que quieren ocupar el lugar de Dios y que piensan que todo lo legal es moral; por eso me lo repito para convencerme: <em>para ser cristianos, debemos perdonar lo inexcusable, porque as\u00ed procede Dios con nosotros.\u00a0 <\/em><\/p>\n<p><em><strong>Gracia Mar\u00eda Pellicer de Juan &#8211;\u00a0Colaboradora de Enraizados<\/strong><\/em><\/p>\n<p><a href=\"https:\/\/open.spotify.com\/episode\/0Ku3lnwzzWeayw08H85PuE?si=3eb9296ff55d4786\" target=\"_blank\" rel=\"noopener\"><strong>Spotify<\/strong><\/a><\/p>\n<p><img loading=\"lazy\" decoding=\"async\" class=\"size-full wp-image-98173 alignnone\" src=\"https:\/\/exaudi.org\/wp-content\/uploads\/2024\/04\/Alfons-Gea-1.jpg\" alt=\"\" width=\"940\" height=\"788\" srcset=\"https:\/\/exaudi.org\/wp-content\/uploads\/2024\/04\/Alfons-Gea-1.jpg 940w, https:\/\/exaudi.org\/wp-content\/uploads\/2024\/04\/Alfons-Gea-1-300x251.jpg 300w, https:\/\/exaudi.org\/wp-content\/uploads\/2024\/04\/Alfons-Gea-1-770x645.jpg 770w, https:\/\/exaudi.org\/wp-content\/uploads\/2024\/04\/Alfons-Gea-1-500x419.jpg 500w, https:\/\/exaudi.org\/wp-content\/uploads\/2024\/04\/Alfons-Gea-1-293x246.jpg 293w, https:\/\/exaudi.org\/wp-content\/uploads\/2024\/04\/Alfons-Gea-1-390x327.jpg 390w\" sizes=\"auto, (max-width: 940px) 100vw, 940px\" \/><\/p>\n","protected":false},"excerpt":{"rendered":"<p>La Crisis de Identidad y Valores en Occidente<\/p>\n","protected":false},"author":123,"featured_media":98116,"comment_status":"closed","ping_status":"closed","sticky":false,"template":"","format":"standard","meta":{"_acf_changed":false,"_crdt_document":"","inline_featured_image":false,"footnotes":""},"categories":[130],"tags":[1121,14064,9132,2419,14062,1317,3228,14063,2224,1313],"class_list":["post-98115","post","type-post","status-publish","format-standard","has-post-thumbnail","hentry","category-voces","tag-aborto","tag-dawson","tag-enraizados","tag-featured","tag-gracia-maria-pellicer-de-juan","tag-muerte","tag-parlamento-europeo","tag-pierre-moscovici","tag-union-europea","tag-vida"],"acf":[],"yoast_head":"<!-- This site is optimized with the Yoast SEO plugin v27.5 - https:\/\/yoast.com\/product\/yoast-seo-wordpress\/ -->\n<title>Sin cimientos se derrumba el edificio &#8211; Exaudi<\/title>\n<meta name=\"robots\" content=\"index, follow, max-snippet:-1, max-image-preview:large, max-video-preview:-1\" \/>\n<link rel=\"canonical\" href=\"https:\/\/exaudi.org\/es\/sin-cimientos-se-derrumba-el-edificio\/\" \/>\n<meta property=\"og:locale\" content=\"es_ES\" \/>\n<meta property=\"og:type\" content=\"article\" \/>\n<meta property=\"og:title\" content=\"Sin cimientos se derrumba el edificio &#8211; Exaudi\" \/>\n<meta property=\"og:description\" content=\"La Crisis de Identidad y Valores en Occidente\" \/>\n<meta property=\"og:url\" content=\"https:\/\/exaudi.org\/es\/sin-cimientos-se-derrumba-el-edificio\/\" \/>\n<meta property=\"og:site_name\" content=\"Exaudi\" \/>\n<meta property=\"article:publisher\" content=\"https:\/\/www.facebook.com\/ExaudiNews\" \/>\n<meta property=\"article:author\" content=\"https:\/\/www.facebook.com\/asociacionenraizados\" \/>\n<meta property=\"article:published_time\" content=\"2024-04-16T06:30:04+00:00\" \/>\n<meta property=\"article:modified_time\" content=\"2024-04-16T07:40:31+00:00\" \/>\n<meta property=\"og:image\" content=\"https:\/\/exaudi.org\/wp-content\/uploads\/2024\/04\/pexels-artur-roman-539746-scaled.jpg\" \/>\n\t<meta property=\"og:image:width\" content=\"2560\" \/>\n\t<meta property=\"og:image:height\" content=\"1707\" \/>\n\t<meta property=\"og:image:type\" content=\"image\/jpeg\" \/>\n<meta name=\"author\" content=\"Enraizados\" \/>\n<meta name=\"twitter:card\" content=\"summary_large_image\" \/>\n<meta name=\"twitter:creator\" content=\"@https:\/\/twitter.com\/asocenraizados\/\" \/>\n<meta name=\"twitter:site\" content=\"@Exaudi_News\" \/>\n<meta name=\"twitter:label1\" content=\"Escrito por\" \/>\n\t<meta name=\"twitter:data1\" content=\"Enraizados\" \/>\n\t<meta name=\"twitter:label2\" content=\"Tiempo de lectura\" \/>\n\t<meta name=\"twitter:data2\" content=\"3 minutos\" \/>\n<script type=\"application\/ld+json\" class=\"yoast-schema-graph\">{\"@context\":\"https:\\\/\\\/schema.org\",\"@graph\":[{\"@type\":\"Article\",\"@id\":\"https:\\\/\\\/exaudi.org\\\/es\\\/sin-cimientos-se-derrumba-el-edificio\\\/#article\",\"isPartOf\":{\"@id\":\"https:\\\/\\\/exaudi.org\\\/es\\\/sin-cimientos-se-derrumba-el-edificio\\\/\"},\"author\":{\"name\":\"Enraizados\",\"@id\":\"https:\\\/\\\/exaudi.org\\\/#\\\/schema\\\/person\\\/20d66a3249df43321f92e55f42e42e4a\"},\"headline\":\"Sin cimientos se derrumba el edificio\",\"datePublished\":\"2024-04-16T06:30:04+00:00\",\"dateModified\":\"2024-04-16T07:40:31+00:00\",\"mainEntityOfPage\":{\"@id\":\"https:\\\/\\\/exaudi.org\\\/es\\\/sin-cimientos-se-derrumba-el-edificio\\\/\"},\"wordCount\":588,\"image\":{\"@id\":\"https:\\\/\\\/exaudi.org\\\/es\\\/sin-cimientos-se-derrumba-el-edificio\\\/#primaryimage\"},\"thumbnailUrl\":\"https:\\\/\\\/exaudi.org\\\/wp-content\\\/uploads\\\/2024\\\/04\\\/pexels-artur-roman-539746-scaled.jpg\",\"keywords\":[\"Aborto\",\"Dawson\",\"Enraizados\",\"Featured\",\"Gracia Mar\u00eda Pellicer de Juan\",\"Muerte\",\"Parlamento Europeo\",\"Pierre Moscovici\",\"Uni\u00f3n Europea\",\"Vida\"],\"articleSection\":[\"Voces\"],\"inLanguage\":\"es\"},{\"@type\":\"WebPage\",\"@id\":\"https:\\\/\\\/exaudi.org\\\/es\\\/sin-cimientos-se-derrumba-el-edificio\\\/\",\"url\":\"https:\\\/\\\/exaudi.org\\\/es\\\/sin-cimientos-se-derrumba-el-edificio\\\/\",\"name\":\"Sin cimientos se derrumba el edificio &#8211; Exaudi\",\"isPartOf\":{\"@id\":\"https:\\\/\\\/exaudi.org\\\/#website\"},\"primaryImageOfPage\":{\"@id\":\"https:\\\/\\\/exaudi.org\\\/es\\\/sin-cimientos-se-derrumba-el-edificio\\\/#primaryimage\"},\"image\":{\"@id\":\"https:\\\/\\\/exaudi.org\\\/es\\\/sin-cimientos-se-derrumba-el-edificio\\\/#primaryimage\"},\"thumbnailUrl\":\"https:\\\/\\\/exaudi.org\\\/wp-content\\\/uploads\\\/2024\\\/04\\\/pexels-artur-roman-539746-scaled.jpg\",\"datePublished\":\"2024-04-16T06:30:04+00:00\",\"dateModified\":\"2024-04-16T07:40:31+00:00\",\"author\":{\"@id\":\"https:\\\/\\\/exaudi.org\\\/#\\\/schema\\\/person\\\/20d66a3249df43321f92e55f42e42e4a\"},\"breadcrumb\":{\"@id\":\"https:\\\/\\\/exaudi.org\\\/es\\\/sin-cimientos-se-derrumba-el-edificio\\\/#breadcrumb\"},\"inLanguage\":\"es\",\"potentialAction\":[{\"@type\":\"ReadAction\",\"target\":[\"https:\\\/\\\/exaudi.org\\\/es\\\/sin-cimientos-se-derrumba-el-edificio\\\/\"]}]},{\"@type\":\"ImageObject\",\"inLanguage\":\"es\",\"@id\":\"https:\\\/\\\/exaudi.org\\\/es\\\/sin-cimientos-se-derrumba-el-edificio\\\/#primaryimage\",\"url\":\"https:\\\/\\\/exaudi.org\\\/wp-content\\\/uploads\\\/2024\\\/04\\\/pexels-artur-roman-539746-scaled.jpg\",\"contentUrl\":\"https:\\\/\\\/exaudi.org\\\/wp-content\\\/uploads\\\/2024\\\/04\\\/pexels-artur-roman-539746-scaled.jpg\",\"width\":2560,\"height\":1707},{\"@type\":\"BreadcrumbList\",\"@id\":\"https:\\\/\\\/exaudi.org\\\/es\\\/sin-cimientos-se-derrumba-el-edificio\\\/#breadcrumb\",\"itemListElement\":[{\"@type\":\"ListItem\",\"position\":1,\"name\":\"Portada\",\"item\":\"https:\\\/\\\/exaudi.org\\\/es\\\/\"},{\"@type\":\"ListItem\",\"position\":2,\"name\":\"Sin cimientos se derrumba el edificio\"}]},{\"@type\":\"WebSite\",\"@id\":\"https:\\\/\\\/exaudi.org\\\/#website\",\"url\":\"https:\\\/\\\/exaudi.org\\\/\",\"name\":\"Exaudi\",\"description\":\"News\",\"potentialAction\":[{\"@type\":\"SearchAction\",\"target\":{\"@type\":\"EntryPoint\",\"urlTemplate\":\"https:\\\/\\\/exaudi.org\\\/?s={search_term_string}\"},\"query-input\":{\"@type\":\"PropertyValueSpecification\",\"valueRequired\":true,\"valueName\":\"search_term_string\"}}],\"inLanguage\":\"es\"},{\"@type\":\"Person\",\"@id\":\"https:\\\/\\\/exaudi.org\\\/#\\\/schema\\\/person\\\/20d66a3249df43321f92e55f42e42e4a\",\"name\":\"Enraizados\",\"image\":{\"@type\":\"ImageObject\",\"inLanguage\":\"es\",\"@id\":\"https:\\\/\\\/secure.gravatar.com\\\/avatar\\\/766befbb46a56201d09facd10f18b7d0b7764f075a7f94099d7102d86fc2f90b?s=96&d=mm&r=g\",\"url\":\"https:\\\/\\\/secure.gravatar.com\\\/avatar\\\/766befbb46a56201d09facd10f18b7d0b7764f075a7f94099d7102d86fc2f90b?s=96&d=mm&r=g\",\"contentUrl\":\"https:\\\/\\\/secure.gravatar.com\\\/avatar\\\/766befbb46a56201d09facd10f18b7d0b7764f075a7f94099d7102d86fc2f90b?s=96&d=mm&r=g\",\"caption\":\"Enraizados\"},\"description\":\"Trabajando desde 2012 por mejorar la sociedad en la que vivimos La Asociaci\u00f3n Enraizados en Cristo y en la Sociedad nace en el a\u00f1o 2012 con el objetivo de ser una voz cat\u00f3lica en la vida p\u00fablica, aportando una perspectiva cristiana a la visi\u00f3n de la vida y sus acontecimientos en la sociedad actual, tanto en Espa\u00f1a como en el Mundo.\",\"sameAs\":[\"https:\\\/\\\/enraizados.org\\\/\",\"https:\\\/\\\/www.facebook.com\\\/asociacionenraizados\",\"https:\\\/\\\/www.instagram.com\\\/asociacionenraizados\\\/\",\"https:\\\/\\\/x.com\\\/https:\\\/\\\/twitter.com\\\/asocenraizados\\\/\",\"https:\\\/\\\/www.youtube.com\\\/@AsociacionEnraizados\"],\"url\":\"https:\\\/\\\/exaudi.org\\\/es\\\/author\\\/enraizados\\\/\"}]}<\/script>\n<!-- \/ Yoast SEO plugin. -->","yoast_head_json":{"title":"Sin cimientos se derrumba el edificio &#8211; Exaudi","robots":{"index":"index","follow":"follow","max-snippet":"max-snippet:-1","max-image-preview":"max-image-preview:large","max-video-preview":"max-video-preview:-1"},"canonical":"https:\/\/exaudi.org\/es\/sin-cimientos-se-derrumba-el-edificio\/","og_locale":"es_ES","og_type":"article","og_title":"Sin cimientos se derrumba el edificio &#8211; Exaudi","og_description":"La Crisis de Identidad y Valores en Occidente","og_url":"https:\/\/exaudi.org\/es\/sin-cimientos-se-derrumba-el-edificio\/","og_site_name":"Exaudi","article_publisher":"https:\/\/www.facebook.com\/ExaudiNews","article_author":"https:\/\/www.facebook.com\/asociacionenraizados","article_published_time":"2024-04-16T06:30:04+00:00","article_modified_time":"2024-04-16T07:40:31+00:00","og_image":[{"width":2560,"height":1707,"url":"https:\/\/exaudi.org\/wp-content\/uploads\/2024\/04\/pexels-artur-roman-539746-scaled.jpg","type":"image\/jpeg"}],"author":"Enraizados","twitter_card":"summary_large_image","twitter_creator":"@https:\/\/twitter.com\/asocenraizados\/","twitter_site":"@Exaudi_News","twitter_misc":{"Escrito por":"Enraizados","Tiempo de lectura":"3 minutos"},"schema":{"@context":"https:\/\/schema.org","@graph":[{"@type":"Article","@id":"https:\/\/exaudi.org\/es\/sin-cimientos-se-derrumba-el-edificio\/#article","isPartOf":{"@id":"https:\/\/exaudi.org\/es\/sin-cimientos-se-derrumba-el-edificio\/"},"author":{"name":"Enraizados","@id":"https:\/\/exaudi.org\/#\/schema\/person\/20d66a3249df43321f92e55f42e42e4a"},"headline":"Sin cimientos se derrumba el edificio","datePublished":"2024-04-16T06:30:04+00:00","dateModified":"2024-04-16T07:40:31+00:00","mainEntityOfPage":{"@id":"https:\/\/exaudi.org\/es\/sin-cimientos-se-derrumba-el-edificio\/"},"wordCount":588,"image":{"@id":"https:\/\/exaudi.org\/es\/sin-cimientos-se-derrumba-el-edificio\/#primaryimage"},"thumbnailUrl":"https:\/\/exaudi.org\/wp-content\/uploads\/2024\/04\/pexels-artur-roman-539746-scaled.jpg","keywords":["Aborto","Dawson","Enraizados","Featured","Gracia Mar\u00eda Pellicer de Juan","Muerte","Parlamento Europeo","Pierre Moscovici","Uni\u00f3n Europea","Vida"],"articleSection":["Voces"],"inLanguage":"es"},{"@type":"WebPage","@id":"https:\/\/exaudi.org\/es\/sin-cimientos-se-derrumba-el-edificio\/","url":"https:\/\/exaudi.org\/es\/sin-cimientos-se-derrumba-el-edificio\/","name":"Sin cimientos se derrumba el edificio &#8211; Exaudi","isPartOf":{"@id":"https:\/\/exaudi.org\/#website"},"primaryImageOfPage":{"@id":"https:\/\/exaudi.org\/es\/sin-cimientos-se-derrumba-el-edificio\/#primaryimage"},"image":{"@id":"https:\/\/exaudi.org\/es\/sin-cimientos-se-derrumba-el-edificio\/#primaryimage"},"thumbnailUrl":"https:\/\/exaudi.org\/wp-content\/uploads\/2024\/04\/pexels-artur-roman-539746-scaled.jpg","datePublished":"2024-04-16T06:30:04+00:00","dateModified":"2024-04-16T07:40:31+00:00","author":{"@id":"https:\/\/exaudi.org\/#\/schema\/person\/20d66a3249df43321f92e55f42e42e4a"},"breadcrumb":{"@id":"https:\/\/exaudi.org\/es\/sin-cimientos-se-derrumba-el-edificio\/#breadcrumb"},"inLanguage":"es","potentialAction":[{"@type":"ReadAction","target":["https:\/\/exaudi.org\/es\/sin-cimientos-se-derrumba-el-edificio\/"]}]},{"@type":"ImageObject","inLanguage":"es","@id":"https:\/\/exaudi.org\/es\/sin-cimientos-se-derrumba-el-edificio\/#primaryimage","url":"https:\/\/exaudi.org\/wp-content\/uploads\/2024\/04\/pexels-artur-roman-539746-scaled.jpg","contentUrl":"https:\/\/exaudi.org\/wp-content\/uploads\/2024\/04\/pexels-artur-roman-539746-scaled.jpg","width":2560,"height":1707},{"@type":"BreadcrumbList","@id":"https:\/\/exaudi.org\/es\/sin-cimientos-se-derrumba-el-edificio\/#breadcrumb","itemListElement":[{"@type":"ListItem","position":1,"name":"Portada","item":"https:\/\/exaudi.org\/es\/"},{"@type":"ListItem","position":2,"name":"Sin cimientos se derrumba el edificio"}]},{"@type":"WebSite","@id":"https:\/\/exaudi.org\/#website","url":"https:\/\/exaudi.org\/","name":"Exaudi","description":"News","potentialAction":[{"@type":"SearchAction","target":{"@type":"EntryPoint","urlTemplate":"https:\/\/exaudi.org\/?s={search_term_string}"},"query-input":{"@type":"PropertyValueSpecification","valueRequired":true,"valueName":"search_term_string"}}],"inLanguage":"es"},{"@type":"Person","@id":"https:\/\/exaudi.org\/#\/schema\/person\/20d66a3249df43321f92e55f42e42e4a","name":"Enraizados","image":{"@type":"ImageObject","inLanguage":"es","@id":"https:\/\/secure.gravatar.com\/avatar\/766befbb46a56201d09facd10f18b7d0b7764f075a7f94099d7102d86fc2f90b?s=96&d=mm&r=g","url":"https:\/\/secure.gravatar.com\/avatar\/766befbb46a56201d09facd10f18b7d0b7764f075a7f94099d7102d86fc2f90b?s=96&d=mm&r=g","contentUrl":"https:\/\/secure.gravatar.com\/avatar\/766befbb46a56201d09facd10f18b7d0b7764f075a7f94099d7102d86fc2f90b?s=96&d=mm&r=g","caption":"Enraizados"},"description":"Trabajando desde 2012 por mejorar la sociedad en la que vivimos La Asociaci\u00f3n Enraizados en Cristo y en la Sociedad nace en el a\u00f1o 2012 con el objetivo de ser una voz cat\u00f3lica en la vida p\u00fablica, aportando una perspectiva cristiana a la visi\u00f3n de la vida y sus acontecimientos en la sociedad actual, tanto en Espa\u00f1a como en el Mundo.","sameAs":["https:\/\/enraizados.org\/","https:\/\/www.facebook.com\/asociacionenraizados","https:\/\/www.instagram.com\/asociacionenraizados\/","https:\/\/x.com\/https:\/\/twitter.com\/asocenraizados\/","https:\/\/www.youtube.com\/@AsociacionEnraizados"],"url":"https:\/\/exaudi.org\/es\/author\/enraizados\/"}]}},"jetpack_featured_media_url":"https:\/\/exaudi.org\/wp-content\/uploads\/2024\/04\/pexels-artur-roman-539746-scaled.jpg","jetpack_shortlink":"https:\/\/wp.me\/pgKjF2-pwv","_links":{"self":[{"href":"https:\/\/exaudi.org\/es\/wp-json\/wp\/v2\/posts\/98115","targetHints":{"allow":["GET"]}}],"collection":[{"href":"https:\/\/exaudi.org\/es\/wp-json\/wp\/v2\/posts"}],"about":[{"href":"https:\/\/exaudi.org\/es\/wp-json\/wp\/v2\/types\/post"}],"author":[{"embeddable":true,"href":"https:\/\/exaudi.org\/es\/wp-json\/wp\/v2\/users\/123"}],"replies":[{"embeddable":true,"href":"https:\/\/exaudi.org\/es\/wp-json\/wp\/v2\/comments?post=98115"}],"version-history":[{"count":0,"href":"https:\/\/exaudi.org\/es\/wp-json\/wp\/v2\/posts\/98115\/revisions"}],"wp:featuredmedia":[{"embeddable":true,"href":"https:\/\/exaudi.org\/es\/wp-json\/wp\/v2\/media\/98116"}],"wp:attachment":[{"href":"https:\/\/exaudi.org\/es\/wp-json\/wp\/v2\/media?parent=98115"}],"wp:term":[{"taxonomy":"category","embeddable":true,"href":"https:\/\/exaudi.org\/es\/wp-json\/wp\/v2\/categories?post=98115"},{"taxonomy":"post_tag","embeddable":true,"href":"https:\/\/exaudi.org\/es\/wp-json\/wp\/v2\/tags?post=98115"}],"curies":[{"name":"wp","href":"https:\/\/api.w.org\/{rel}","templated":true}]}}