{"id":97844,"date":"2024-04-10T08:15:30","date_gmt":"2024-04-10T06:15:30","guid":{"rendered":"https:\/\/exaudi.org\/?p=97844"},"modified":"2024-04-10T10:23:48","modified_gmt":"2024-04-10T08:23:48","slug":"valencia-xvi-encuentro-divina-misericordia","status":"publish","type":"post","link":"https:\/\/exaudi.org\/es\/valencia-xvi-encuentro-divina-misericordia\/","title":{"rendered":"Valencia ser\u00e1 la sede del XVI Encuentro Nacional de la Divina Misericordia"},"content":{"rendered":"<div>\n<audio class=\"wp-audio-shortcode\" id=\"audio-97844-1\" preload=\"none\" style=\"width: 100%;\" controls=\"controls\"><source type=\"audio\/mpeg\" src=\"https:\/\/exaudi.org\/wp-content\/uploads\/2024\/04\/Valencia-sera.mp3?_=1\" \/><a href=\"https:\/\/exaudi.org\/wp-content\/uploads\/2024\/04\/Valencia-sera.mp3\">https:\/\/exaudi.org\/wp-content\/uploads\/2024\/04\/Valencia-sera.mp3<\/a><\/audio>\n<p>Al t\u00e9rmino de la solemne Fiesta de la Divina Misericordia de este a\u00f1o, nuestro presidente Rvdo. Sr. D. Pedro Miret Giner ha anunciado que,\u00a0Valencia ser\u00e1 la sede del XVI Encuentro Nacional de la Divina Misericordia.<\/p>\n<\/div>\n<p dir=\"ltr\">Los encuentros que celebra el\u00a0Movimiento del Apostolado de la Divina Misericordia en Espa\u00f1a, tienen lugar cada a\u00f1o, en distintos puntos de la geograf\u00eda nacional; as\u00ed, el a\u00f1o pasado se celebr\u00f3 en Tarragona y los anteriores en Cuenca, Logro\u00f1o, Burgos y Sevilla, entre otros.<\/p>\n<p dir=\"ltr\">Por acuerdo del Comit\u00e9 Nacional de la Divina Misericordia de Espa\u00f1a, Valencia acoger\u00e1 los d\u00edas\u00a012 y 13 de octubre de 2024, la celebraci\u00f3n del XVI Encuentro, al que se prev\u00e9 que acudan numerosos devotos de esa espiritualidad, procedentes de distintas di\u00f3cesis espa\u00f1olas.<\/p>\n<p dir=\"ltr\">Los encuentros nacionales, tienen como objetivo principal, reunir en un mismo punto geogr\u00e1fico, a fieles seguidores de la Divina Misericordia, que conocen y difunden la espiritualidad en sus di\u00f3cesis de origen o desean conocerla y profundizar en ella; de all\u00ed, nacen cada a\u00f1o, nuevos ap\u00f3stoles de la Divina Misericordia que, confiando en Dios, est\u00e1n dispuestos a ser portadores del Amor Misericordioso del Padre, all\u00e1 donde el Esp\u00edritu Santo lo suscite.<\/p>\n<p dir=\"ltr\">Durante los encuentros se celebra la Santa Misa, se reza el Rosario, la Coronilla de la Divina Misericordia, se ofrecen conferencias y pl\u00e1ticas de formaci\u00f3n, se organizan Horas Santas de Adoraci\u00f3n Eucar\u00edstica, procesiones y otros ejercicios piadosos, como el V\u00eda Crucis.<\/p>\n<p dir=\"ltr\">Agradecemos a Dios, el regalo que nos hace, de poder ser sede del XVI Encuentro Nacional de la Divina Misericordia. Desde este momento, elevamos s\u00faplicas confiadas a Dios, pidiendo abundancia de frutos espirituales para este encuentro, a la vez que empezamos a trabajar en los preparativos que har\u00e1n que, podamos vivir con intensidad un fin de semana de gracia dedicado enteramente al Se\u00f1or, siendo testigos de su Infinita Misericordia.<\/p>\n<p dir=\"ltr\"><img loading=\"lazy\" decoding=\"async\" class=\"size-full wp-image-97845 alignnone\" src=\"https:\/\/exaudi.org\/wp-content\/uploads\/2024\/04\/image0.jpg\" alt=\"\" width=\"1414\" height=\"2000\" srcset=\"https:\/\/exaudi.org\/wp-content\/uploads\/2024\/04\/image0.jpg 1414w, https:\/\/exaudi.org\/wp-content\/uploads\/2024\/04\/image0-212x300.jpg 212w, https:\/\/exaudi.org\/wp-content\/uploads\/2024\/04\/image0-724x1024.jpg 724w, https:\/\/exaudi.org\/wp-content\/uploads\/2024\/04\/image0-770x1089.jpg 770w, https:\/\/exaudi.org\/wp-content\/uploads\/2024\/04\/image0-1086x1536.jpg 1086w, https:\/\/exaudi.org\/wp-content\/uploads\/2024\/04\/image0-500x707.jpg 500w, https:\/\/exaudi.org\/wp-content\/uploads\/2024\/04\/image0-293x414.jpg 293w, https:\/\/exaudi.org\/wp-content\/uploads\/2024\/04\/image0-1400x1980.jpg 1400w, https:\/\/exaudi.org\/wp-content\/uploads\/2024\/04\/image0-390x552.jpg 390w\" sizes=\"auto, (max-width: 1414px) 100vw, 1414px\" \/><\/p>\n","protected":false},"excerpt":{"rendered":"<p>Se celebrar\u00e1 los d\u00edas 12 y 13 de octubre<\/p>\n","protected":false},"author":15,"featured_media":97848,"comment_status":"closed","ping_status":"closed","sticky":false,"template":"","format":"standard","meta":{"_acf_changed":false,"_crdt_document":"","inline_featured_image":false,"footnotes":""},"categories":[74],"tags":[1578,1595,13928,4953,2378],"class_list":["post-97844","post","type-post","status-publish","format-standard","has-post-thumbnail","hentry","category-iglesia-y-mundo","tag-divina-misericordia-es","tag-encuentro","tag-pedro-miret-giner","tag-trending-es","tag-valencia"],"acf":[],"yoast_head":"<!-- This site is optimized with the Yoast SEO plugin v27.4 - https:\/\/yoast.com\/product\/yoast-seo-wordpress\/ -->\n<title>Valencia ser\u00e1 la sede del XVI Encuentro Nacional de la Divina Misericordia &#8211; Exaudi<\/title>\n<meta name=\"robots\" content=\"index, follow, max-snippet:-1, max-image-preview:large, max-video-preview:-1\" \/>\n<link rel=\"canonical\" href=\"https:\/\/exaudi.org\/es\/valencia-xvi-encuentro-divina-misericordia\/\" \/>\n<meta property=\"og:locale\" content=\"es_ES\" \/>\n<meta property=\"og:type\" content=\"article\" \/>\n<meta property=\"og:title\" content=\"Valencia ser\u00e1 la sede del XVI Encuentro Nacional de la Divina Misericordia &#8211; Exaudi\" \/>\n<meta property=\"og:description\" content=\"Se celebrar\u00e1 los d\u00edas 12 y 13 de octubre\" \/>\n<meta property=\"og:url\" content=\"https:\/\/exaudi.org\/es\/valencia-xvi-encuentro-divina-misericordia\/\" \/>\n<meta property=\"og:site_name\" content=\"Exaudi\" \/>\n<meta property=\"article:publisher\" content=\"https:\/\/www.facebook.com\/ExaudiNews\" \/>\n<meta property=\"article:author\" content=\"https:\/\/www.facebook.com\/ExaudiNoticias\/\" \/>\n<meta property=\"article:published_time\" content=\"2024-04-10T06:15:30+00:00\" \/>\n<meta property=\"article:modified_time\" content=\"2024-04-10T08:23:48+00:00\" \/>\n<meta property=\"og:image\" content=\"https:\/\/exaudi.org\/wp-content\/uploads\/2024\/04\/image0-1-e1712737263983.jpg\" \/>\n\t<meta property=\"og:image:width\" content=\"1410\" \/>\n\t<meta property=\"og:image:height\" content=\"926\" \/>\n\t<meta property=\"og:image:type\" content=\"image\/jpeg\" \/>\n<meta name=\"author\" content=\"Exaudi Redacci\u00f3n\" \/>\n<meta name=\"twitter:card\" content=\"summary_large_image\" \/>\n<meta name=\"twitter:creator\" content=\"@Exaudi_noticias\" \/>\n<meta name=\"twitter:site\" content=\"@Exaudi_News\" \/>\n<meta name=\"twitter:label1\" content=\"Escrito por\" \/>\n\t<meta name=\"twitter:data1\" content=\"Exaudi Redacci\u00f3n\" \/>\n\t<meta name=\"twitter:label2\" content=\"Tiempo de lectura\" \/>\n\t<meta name=\"twitter:data2\" content=\"2 minutos\" \/>\n<script type=\"application\/ld+json\" class=\"yoast-schema-graph\">{\"@context\":\"https:\\\/\\\/schema.org\",\"@graph\":[{\"@type\":\"Article\",\"@id\":\"https:\\\/\\\/exaudi.org\\\/es\\\/valencia-xvi-encuentro-divina-misericordia\\\/#article\",\"isPartOf\":{\"@id\":\"https:\\\/\\\/exaudi.org\\\/es\\\/valencia-xvi-encuentro-divina-misericordia\\\/\"},\"author\":{\"name\":\"Exaudi Redacci\u00f3n\",\"@id\":\"https:\\\/\\\/exaudi.org\\\/#\\\/schema\\\/person\\\/f5fc8f063065e38742da7afe15f25df7\"},\"headline\":\"Valencia ser\u00e1 la sede del XVI Encuentro Nacional de la Divina Misericordia\",\"datePublished\":\"2024-04-10T06:15:30+00:00\",\"dateModified\":\"2024-04-10T08:23:48+00:00\",\"mainEntityOfPage\":{\"@id\":\"https:\\\/\\\/exaudi.org\\\/es\\\/valencia-xvi-encuentro-divina-misericordia\\\/\"},\"wordCount\":348,\"image\":{\"@id\":\"https:\\\/\\\/exaudi.org\\\/es\\\/valencia-xvi-encuentro-divina-misericordia\\\/#primaryimage\"},\"thumbnailUrl\":\"https:\\\/\\\/exaudi.org\\\/wp-content\\\/uploads\\\/2024\\\/04\\\/image0-1-e1712737263983.jpg\",\"keywords\":[\"Divina misericordia\",\"Encuentro\",\"Pedro Miret Giner\",\"Trending\",\"Valencia\"],\"articleSection\":[\"Iglesia y Mundo\"],\"inLanguage\":\"es\"},{\"@type\":\"WebPage\",\"@id\":\"https:\\\/\\\/exaudi.org\\\/es\\\/valencia-xvi-encuentro-divina-misericordia\\\/\",\"url\":\"https:\\\/\\\/exaudi.org\\\/es\\\/valencia-xvi-encuentro-divina-misericordia\\\/\",\"name\":\"Valencia ser\u00e1 la sede del XVI Encuentro Nacional de la Divina Misericordia &#8211; Exaudi\",\"isPartOf\":{\"@id\":\"https:\\\/\\\/exaudi.org\\\/#website\"},\"primaryImageOfPage\":{\"@id\":\"https:\\\/\\\/exaudi.org\\\/es\\\/valencia-xvi-encuentro-divina-misericordia\\\/#primaryimage\"},\"image\":{\"@id\":\"https:\\\/\\\/exaudi.org\\\/es\\\/valencia-xvi-encuentro-divina-misericordia\\\/#primaryimage\"},\"thumbnailUrl\":\"https:\\\/\\\/exaudi.org\\\/wp-content\\\/uploads\\\/2024\\\/04\\\/image0-1-e1712737263983.jpg\",\"datePublished\":\"2024-04-10T06:15:30+00:00\",\"dateModified\":\"2024-04-10T08:23:48+00:00\",\"author\":{\"@id\":\"https:\\\/\\\/exaudi.org\\\/#\\\/schema\\\/person\\\/f5fc8f063065e38742da7afe15f25df7\"},\"breadcrumb\":{\"@id\":\"https:\\\/\\\/exaudi.org\\\/es\\\/valencia-xvi-encuentro-divina-misericordia\\\/#breadcrumb\"},\"inLanguage\":\"es\",\"potentialAction\":[{\"@type\":\"ReadAction\",\"target\":[\"https:\\\/\\\/exaudi.org\\\/es\\\/valencia-xvi-encuentro-divina-misericordia\\\/\"]}]},{\"@type\":\"ImageObject\",\"inLanguage\":\"es\",\"@id\":\"https:\\\/\\\/exaudi.org\\\/es\\\/valencia-xvi-encuentro-divina-misericordia\\\/#primaryimage\",\"url\":\"https:\\\/\\\/exaudi.org\\\/wp-content\\\/uploads\\\/2024\\\/04\\\/image0-1-e1712737263983.jpg\",\"contentUrl\":\"https:\\\/\\\/exaudi.org\\\/wp-content\\\/uploads\\\/2024\\\/04\\\/image0-1-e1712737263983.jpg\",\"width\":1410,\"height\":926},{\"@type\":\"BreadcrumbList\",\"@id\":\"https:\\\/\\\/exaudi.org\\\/es\\\/valencia-xvi-encuentro-divina-misericordia\\\/#breadcrumb\",\"itemListElement\":[{\"@type\":\"ListItem\",\"position\":1,\"name\":\"Portada\",\"item\":\"https:\\\/\\\/exaudi.org\\\/es\\\/\"},{\"@type\":\"ListItem\",\"position\":2,\"name\":\"Valencia ser\u00e1 la sede del XVI Encuentro Nacional de la Divina Misericordia\"}]},{\"@type\":\"WebSite\",\"@id\":\"https:\\\/\\\/exaudi.org\\\/#website\",\"url\":\"https:\\\/\\\/exaudi.org\\\/\",\"name\":\"Exaudi\",\"description\":\"News\",\"potentialAction\":[{\"@type\":\"SearchAction\",\"target\":{\"@type\":\"EntryPoint\",\"urlTemplate\":\"https:\\\/\\\/exaudi.org\\\/?s={search_term_string}\"},\"query-input\":{\"@type\":\"PropertyValueSpecification\",\"valueRequired\":true,\"valueName\":\"search_term_string\"}}],\"inLanguage\":\"es\"},{\"@type\":\"Person\",\"@id\":\"https:\\\/\\\/exaudi.org\\\/#\\\/schema\\\/person\\\/f5fc8f063065e38742da7afe15f25df7\",\"name\":\"Exaudi Redacci\u00f3n\",\"image\":{\"@type\":\"ImageObject\",\"inLanguage\":\"es\",\"@id\":\"https:\\\/\\\/secure.gravatar.com\\\/avatar\\\/fe0f6a059fb68d9b3e11bc5850dd4899b1c7492091a3cb6dd9b01b56ad828be2?s=96&d=mm&r=g\",\"url\":\"https:\\\/\\\/secure.gravatar.com\\\/avatar\\\/fe0f6a059fb68d9b3e11bc5850dd4899b1c7492091a3cb6dd9b01b56ad828be2?s=96&d=mm&r=g\",\"contentUrl\":\"https:\\\/\\\/secure.gravatar.com\\\/avatar\\\/fe0f6a059fb68d9b3e11bc5850dd4899b1c7492091a3cb6dd9b01b56ad828be2?s=96&d=mm&r=g\",\"caption\":\"Exaudi Redacci\u00f3n\"},\"description\":\"\u00bfQu\u00e9 es Exaudi News? Exaudi News es un medio de comunicaci\u00f3n cat\u00f3lico internacional que informa, forma y transforma, diariamente en espa\u00f1ol, ingl\u00e9s e italiano. A trav\u00e9s de noticias, art\u00edculos de an\u00e1lisis y transmisiones en directo de los eventos del Papa, Exaudi busca fortalecer la unidad de los cristianos y contribuir a la evangelizaci\u00f3n del mundo, siempre guiados por la doctrina social de la Iglesia. Trabajamos para acercar la verdad y los valores cristianos a cada rinc\u00f3n del planeta. \u00a1Ay\u00fadanos a transformar el mundo con Exaudi! En Exaudi creemos que la evangelizaci\u00f3n y la informaci\u00f3n de calidad pueden cambiar vidas. Para continuar con nuestra misi\u00f3n y expandir nuestro alcance, necesitamos tu ayuda. Adem\u00e1s, buscamos personas comprometidas que deseen unirse a nuestro equipo. Con tu apoyo, lograremos llegar a m\u00e1s personas, difundir el mensaje de Cristo y reforzar la unidad de los cristianos. \u00bfTe unes a nuestra misi\u00f3n? Para m\u00e1s informaci\u00f3n sobre c\u00f3mo colaborar, visita Exaudi.org\\\/es o cont\u00e1ctanos directamente: info@exaudi.org Exaudi: Informa, forma y transforma.\",\"sameAs\":[\"https:\\\/\\\/www.facebook.com\\\/ExaudiNoticias\\\/\",\"https:\\\/\\\/www.instagram.com\\\/exaudi_noticias\\\/\",\"https:\\\/\\\/x.com\\\/Exaudi_noticias\",\"https:\\\/\\\/www.youtube.com\\\/@exaudicatholicnews\"],\"url\":\"https:\\\/\\\/exaudi.org\\\/es\\\/author\\\/redaccionexaudi\\\/\"}]}<\/script>\n<!-- \/ Yoast SEO plugin. -->","yoast_head_json":{"title":"Valencia ser\u00e1 la sede del XVI Encuentro Nacional de la Divina Misericordia &#8211; Exaudi","robots":{"index":"index","follow":"follow","max-snippet":"max-snippet:-1","max-image-preview":"max-image-preview:large","max-video-preview":"max-video-preview:-1"},"canonical":"https:\/\/exaudi.org\/es\/valencia-xvi-encuentro-divina-misericordia\/","og_locale":"es_ES","og_type":"article","og_title":"Valencia ser\u00e1 la sede del XVI Encuentro Nacional de la Divina Misericordia &#8211; Exaudi","og_description":"Se celebrar\u00e1 los d\u00edas 12 y 13 de octubre","og_url":"https:\/\/exaudi.org\/es\/valencia-xvi-encuentro-divina-misericordia\/","og_site_name":"Exaudi","article_publisher":"https:\/\/www.facebook.com\/ExaudiNews","article_author":"https:\/\/www.facebook.com\/ExaudiNoticias\/","article_published_time":"2024-04-10T06:15:30+00:00","article_modified_time":"2024-04-10T08:23:48+00:00","og_image":[{"width":1410,"height":926,"url":"https:\/\/exaudi.org\/wp-content\/uploads\/2024\/04\/image0-1-e1712737263983.jpg","type":"image\/jpeg"}],"author":"Exaudi Redacci\u00f3n","twitter_card":"summary_large_image","twitter_creator":"@Exaudi_noticias","twitter_site":"@Exaudi_News","twitter_misc":{"Escrito por":"Exaudi Redacci\u00f3n","Tiempo de lectura":"2 minutos"},"schema":{"@context":"https:\/\/schema.org","@graph":[{"@type":"Article","@id":"https:\/\/exaudi.org\/es\/valencia-xvi-encuentro-divina-misericordia\/#article","isPartOf":{"@id":"https:\/\/exaudi.org\/es\/valencia-xvi-encuentro-divina-misericordia\/"},"author":{"name":"Exaudi Redacci\u00f3n","@id":"https:\/\/exaudi.org\/#\/schema\/person\/f5fc8f063065e38742da7afe15f25df7"},"headline":"Valencia ser\u00e1 la sede del XVI Encuentro Nacional de la Divina Misericordia","datePublished":"2024-04-10T06:15:30+00:00","dateModified":"2024-04-10T08:23:48+00:00","mainEntityOfPage":{"@id":"https:\/\/exaudi.org\/es\/valencia-xvi-encuentro-divina-misericordia\/"},"wordCount":348,"image":{"@id":"https:\/\/exaudi.org\/es\/valencia-xvi-encuentro-divina-misericordia\/#primaryimage"},"thumbnailUrl":"https:\/\/exaudi.org\/wp-content\/uploads\/2024\/04\/image0-1-e1712737263983.jpg","keywords":["Divina misericordia","Encuentro","Pedro Miret Giner","Trending","Valencia"],"articleSection":["Iglesia y Mundo"],"inLanguage":"es"},{"@type":"WebPage","@id":"https:\/\/exaudi.org\/es\/valencia-xvi-encuentro-divina-misericordia\/","url":"https:\/\/exaudi.org\/es\/valencia-xvi-encuentro-divina-misericordia\/","name":"Valencia ser\u00e1 la sede del XVI Encuentro Nacional de la Divina Misericordia &#8211; Exaudi","isPartOf":{"@id":"https:\/\/exaudi.org\/#website"},"primaryImageOfPage":{"@id":"https:\/\/exaudi.org\/es\/valencia-xvi-encuentro-divina-misericordia\/#primaryimage"},"image":{"@id":"https:\/\/exaudi.org\/es\/valencia-xvi-encuentro-divina-misericordia\/#primaryimage"},"thumbnailUrl":"https:\/\/exaudi.org\/wp-content\/uploads\/2024\/04\/image0-1-e1712737263983.jpg","datePublished":"2024-04-10T06:15:30+00:00","dateModified":"2024-04-10T08:23:48+00:00","author":{"@id":"https:\/\/exaudi.org\/#\/schema\/person\/f5fc8f063065e38742da7afe15f25df7"},"breadcrumb":{"@id":"https:\/\/exaudi.org\/es\/valencia-xvi-encuentro-divina-misericordia\/#breadcrumb"},"inLanguage":"es","potentialAction":[{"@type":"ReadAction","target":["https:\/\/exaudi.org\/es\/valencia-xvi-encuentro-divina-misericordia\/"]}]},{"@type":"ImageObject","inLanguage":"es","@id":"https:\/\/exaudi.org\/es\/valencia-xvi-encuentro-divina-misericordia\/#primaryimage","url":"https:\/\/exaudi.org\/wp-content\/uploads\/2024\/04\/image0-1-e1712737263983.jpg","contentUrl":"https:\/\/exaudi.org\/wp-content\/uploads\/2024\/04\/image0-1-e1712737263983.jpg","width":1410,"height":926},{"@type":"BreadcrumbList","@id":"https:\/\/exaudi.org\/es\/valencia-xvi-encuentro-divina-misericordia\/#breadcrumb","itemListElement":[{"@type":"ListItem","position":1,"name":"Portada","item":"https:\/\/exaudi.org\/es\/"},{"@type":"ListItem","position":2,"name":"Valencia ser\u00e1 la sede del XVI Encuentro Nacional de la Divina Misericordia"}]},{"@type":"WebSite","@id":"https:\/\/exaudi.org\/#website","url":"https:\/\/exaudi.org\/","name":"Exaudi","description":"News","potentialAction":[{"@type":"SearchAction","target":{"@type":"EntryPoint","urlTemplate":"https:\/\/exaudi.org\/?s={search_term_string}"},"query-input":{"@type":"PropertyValueSpecification","valueRequired":true,"valueName":"search_term_string"}}],"inLanguage":"es"},{"@type":"Person","@id":"https:\/\/exaudi.org\/#\/schema\/person\/f5fc8f063065e38742da7afe15f25df7","name":"Exaudi Redacci\u00f3n","image":{"@type":"ImageObject","inLanguage":"es","@id":"https:\/\/secure.gravatar.com\/avatar\/fe0f6a059fb68d9b3e11bc5850dd4899b1c7492091a3cb6dd9b01b56ad828be2?s=96&d=mm&r=g","url":"https:\/\/secure.gravatar.com\/avatar\/fe0f6a059fb68d9b3e11bc5850dd4899b1c7492091a3cb6dd9b01b56ad828be2?s=96&d=mm&r=g","contentUrl":"https:\/\/secure.gravatar.com\/avatar\/fe0f6a059fb68d9b3e11bc5850dd4899b1c7492091a3cb6dd9b01b56ad828be2?s=96&d=mm&r=g","caption":"Exaudi Redacci\u00f3n"},"description":"\u00bfQu\u00e9 es Exaudi News? Exaudi News es un medio de comunicaci\u00f3n cat\u00f3lico internacional que informa, forma y transforma, diariamente en espa\u00f1ol, ingl\u00e9s e italiano. A trav\u00e9s de noticias, art\u00edculos de an\u00e1lisis y transmisiones en directo de los eventos del Papa, Exaudi busca fortalecer la unidad de los cristianos y contribuir a la evangelizaci\u00f3n del mundo, siempre guiados por la doctrina social de la Iglesia. Trabajamos para acercar la verdad y los valores cristianos a cada rinc\u00f3n del planeta. \u00a1Ay\u00fadanos a transformar el mundo con Exaudi! En Exaudi creemos que la evangelizaci\u00f3n y la informaci\u00f3n de calidad pueden cambiar vidas. Para continuar con nuestra misi\u00f3n y expandir nuestro alcance, necesitamos tu ayuda. Adem\u00e1s, buscamos personas comprometidas que deseen unirse a nuestro equipo. Con tu apoyo, lograremos llegar a m\u00e1s personas, difundir el mensaje de Cristo y reforzar la unidad de los cristianos. \u00bfTe unes a nuestra misi\u00f3n? Para m\u00e1s informaci\u00f3n sobre c\u00f3mo colaborar, visita Exaudi.org\/es o cont\u00e1ctanos directamente: info@exaudi.org Exaudi: Informa, forma y transforma.","sameAs":["https:\/\/www.facebook.com\/ExaudiNoticias\/","https:\/\/www.instagram.com\/exaudi_noticias\/","https:\/\/x.com\/Exaudi_noticias","https:\/\/www.youtube.com\/@exaudicatholicnews"],"url":"https:\/\/exaudi.org\/es\/author\/redaccionexaudi\/"}]}},"jetpack_featured_media_url":"https:\/\/exaudi.org\/wp-content\/uploads\/2024\/04\/image0-1-e1712737263983.jpg","jetpack_shortlink":"https:\/\/wp.me\/pgKjF2-ps8","_links":{"self":[{"href":"https:\/\/exaudi.org\/es\/wp-json\/wp\/v2\/posts\/97844","targetHints":{"allow":["GET"]}}],"collection":[{"href":"https:\/\/exaudi.org\/es\/wp-json\/wp\/v2\/posts"}],"about":[{"href":"https:\/\/exaudi.org\/es\/wp-json\/wp\/v2\/types\/post"}],"author":[{"embeddable":true,"href":"https:\/\/exaudi.org\/es\/wp-json\/wp\/v2\/users\/15"}],"replies":[{"embeddable":true,"href":"https:\/\/exaudi.org\/es\/wp-json\/wp\/v2\/comments?post=97844"}],"version-history":[{"count":0,"href":"https:\/\/exaudi.org\/es\/wp-json\/wp\/v2\/posts\/97844\/revisions"}],"wp:featuredmedia":[{"embeddable":true,"href":"https:\/\/exaudi.org\/es\/wp-json\/wp\/v2\/media\/97848"}],"wp:attachment":[{"href":"https:\/\/exaudi.org\/es\/wp-json\/wp\/v2\/media?parent=97844"}],"wp:term":[{"taxonomy":"category","embeddable":true,"href":"https:\/\/exaudi.org\/es\/wp-json\/wp\/v2\/categories?post=97844"},{"taxonomy":"post_tag","embeddable":true,"href":"https:\/\/exaudi.org\/es\/wp-json\/wp\/v2\/tags?post=97844"}],"curies":[{"name":"wp","href":"https:\/\/api.w.org\/{rel}","templated":true}]}}