{"id":97758,"date":"2024-04-09T09:25:33","date_gmt":"2024-04-09T07:25:33","guid":{"rendered":"https:\/\/exaudi.org\/?p=97758"},"modified":"2024-04-09T09:25:33","modified_gmt":"2024-04-09T07:25:33","slug":"necesitamos-regularizar-a-medio-millon-de-personas-migrantes-en-espana","status":"publish","type":"post","link":"https:\/\/exaudi.org\/es\/necesitamos-regularizar-a-medio-millon-de-personas-migrantes-en-espana\/","title":{"rendered":"Necesitamos regularizar a medio mill\u00f3n de personas migrantes en Espa\u00f1a"},"content":{"rendered":"<p>El pr\u00f3ximo martes, 9 de abril, el Congreso de los Diputados de Espa\u00f1a discutir\u00e1 la toma en consideraci\u00f3n de la Iniciativa Legislativa Popular (ILP) que permitir\u00eda la regularizaci\u00f3n de m\u00e1s de 500.000 personas migrantes que viven en Espa\u00f1a de manera irregular. M\u00e1s de 900 organizaciones y movimientos de la sociedad civil han recogido durante un a\u00f1o m\u00e1s de 700.000 firmas en todo el estado. Seg\u00fan la normativa espa\u00f1ola, las firmas populares necesarias para poder continuar con el proceso son 500.000.<\/p>\n<p>La toma en consideraci\u00f3n no es definitiva. Es el primer paso que regula qu\u00e9 ILP pasan al tr\u00e1mite ordinario en las c\u00e1maras legislativas.<\/p>\n<p>Actualmente la ILP cuenta con el respaldo de 13 de los 16 partidos que componen el actual Congreso de los Diputados, que se han manifestado a favor de apoyar la iniciativa. Sin embargo, se prev\u00e9 que el pr\u00f3ximo martes los tres partidos mayoritarios &#8211; Partido Popular, Partido Socialista Obrero Espa\u00f1ol y Vox- se posicionen en contra de la toma en consideraci\u00f3n, terminando as\u00ed con el recorrido legislativo de toda la ILP. Una falta de respeto a una propuesta democr\u00e1tica que cuenta con el apoyo de organizaciones de todo el espectro ideol\u00f3gico y social. En palabras de los promotores de la ILP: \u00abdesde la Conferencia Episcopal al Soviet de Getafe\u00bb. Y, lo que tambi\u00e9n es importante, \u00abque est\u00e1 liderada por los propios migrantes\u00bb.<\/p>\n<p>La toma en consideraci\u00f3n no implica apoyo, pero es un paso necesario para la exposici\u00f3n de motivos de una causa que consideramos justa. Exigimos, as\u00ed, a los partidos que escuchen la voz de la ciudadan\u00eda que se expresa con las herramientas que la Constituci\u00f3n otorga. Las condiciones de vida de medio mill\u00f3n de personas que hoy viven en Espa\u00f1a en situaciones l\u00edmite est\u00e1 en juego.<\/p>\n<p><strong>Jorge Serrano Paradinas &#8211;\u00a0<\/strong><strong>Exalumno de la Academia Internacional de L\u00edderes Cat\u00f3licos<\/strong><\/p>\n","protected":false},"excerpt":{"rendered":"<p>El pr\u00f3ximo martes, 9 de abril, el Congreso de los Diputados de Espa\u00f1a discutir\u00e1 la toma en consideraci\u00f3n de la Iniciativa Legislativa Popular (ILP) que permitir\u00eda la regularizaci\u00f3n de m\u00e1s de 500.000 personas migrantes que viven en Espa\u00f1a de manera irregular. M\u00e1s de 900 organizaciones y movimientos de la sociedad civil han recogido durante un [&hellip;]<\/p>\n","protected":false},"author":107,"featured_media":97759,"comment_status":"closed","ping_status":"closed","sticky":false,"template":"","format":"standard","meta":{"_acf_changed":false,"_crdt_document":"","inline_featured_image":false,"footnotes":""},"categories":[74],"tags":[1008,9484,13898,1964],"class_list":["post-97758","post","type-post","status-publish","format-standard","has-post-thumbnail","hentry","category-iglesia-y-mundo","tag-espana","tag-getafe","tag-iniciativa-legislativa-popular","tag-migrantes"],"acf":[],"yoast_head":"<!-- This site is optimized with the Yoast SEO plugin v27.4 - https:\/\/yoast.com\/product\/yoast-seo-wordpress\/ -->\n<title>Necesitamos regularizar a medio mill\u00f3n de personas migrantes en Espa\u00f1a &#8211; Exaudi<\/title>\n<meta name=\"robots\" content=\"index, follow, max-snippet:-1, max-image-preview:large, max-video-preview:-1\" \/>\n<link rel=\"canonical\" href=\"https:\/\/exaudi.org\/es\/necesitamos-regularizar-a-medio-millon-de-personas-migrantes-en-espana\/\" \/>\n<meta property=\"og:locale\" content=\"es_ES\" \/>\n<meta property=\"og:type\" content=\"article\" \/>\n<meta property=\"og:title\" content=\"Necesitamos regularizar a medio mill\u00f3n de personas migrantes en Espa\u00f1a &#8211; Exaudi\" \/>\n<meta property=\"og:description\" content=\"El pr\u00f3ximo martes, 9 de abril, el Congreso de los Diputados de Espa\u00f1a discutir\u00e1 la toma en consideraci\u00f3n de la Iniciativa Legislativa Popular (ILP) que permitir\u00eda la regularizaci\u00f3n de m\u00e1s de 500.000 personas migrantes que viven en Espa\u00f1a de manera irregular. M\u00e1s de 900 organizaciones y movimientos de la sociedad civil han recogido durante un [&hellip;]\" \/>\n<meta property=\"og:url\" content=\"https:\/\/exaudi.org\/es\/necesitamos-regularizar-a-medio-millon-de-personas-migrantes-en-espana\/\" \/>\n<meta property=\"og:site_name\" content=\"Exaudi\" \/>\n<meta property=\"article:publisher\" content=\"https:\/\/www.facebook.com\/ExaudiNews\" \/>\n<meta property=\"article:published_time\" content=\"2024-04-09T07:25:33+00:00\" \/>\n<meta property=\"og:image\" content=\"https:\/\/exaudi.org\/wp-content\/uploads\/2024\/04\/Diseno-sin-titulo-27-1.png\" \/>\n\t<meta property=\"og:image:width\" content=\"1280\" \/>\n\t<meta property=\"og:image:height\" content=\"720\" \/>\n\t<meta property=\"og:image:type\" content=\"image\/png\" \/>\n<meta name=\"author\" content=\"Academia de L\u00edderes Cat\u00f3licos\" \/>\n<meta name=\"twitter:card\" content=\"summary_large_image\" \/>\n<meta name=\"twitter:creator\" content=\"@Exaudi_News\" \/>\n<meta name=\"twitter:site\" content=\"@Exaudi_News\" \/>\n<meta name=\"twitter:label1\" content=\"Escrito por\" \/>\n\t<meta name=\"twitter:data1\" content=\"Academia de L\u00edderes Cat\u00f3licos\" \/>\n\t<meta name=\"twitter:label2\" content=\"Tiempo de lectura\" \/>\n\t<meta name=\"twitter:data2\" content=\"2 minutos\" \/>\n<script type=\"application\/ld+json\" class=\"yoast-schema-graph\">{\"@context\":\"https:\\\/\\\/schema.org\",\"@graph\":[{\"@type\":\"Article\",\"@id\":\"https:\\\/\\\/exaudi.org\\\/es\\\/necesitamos-regularizar-a-medio-millon-de-personas-migrantes-en-espana\\\/#article\",\"isPartOf\":{\"@id\":\"https:\\\/\\\/exaudi.org\\\/es\\\/necesitamos-regularizar-a-medio-millon-de-personas-migrantes-en-espana\\\/\"},\"author\":{\"name\":\"Academia de L\u00edderes Cat\u00f3licos\",\"@id\":\"https:\\\/\\\/exaudi.org\\\/#\\\/schema\\\/person\\\/334968a332d5dad9f94e08897852c6af\"},\"headline\":\"Necesitamos regularizar a medio mill\u00f3n de personas migrantes en Espa\u00f1a\",\"datePublished\":\"2024-04-09T07:25:33+00:00\",\"mainEntityOfPage\":{\"@id\":\"https:\\\/\\\/exaudi.org\\\/es\\\/necesitamos-regularizar-a-medio-millon-de-personas-migrantes-en-espana\\\/\"},\"wordCount\":337,\"image\":{\"@id\":\"https:\\\/\\\/exaudi.org\\\/es\\\/necesitamos-regularizar-a-medio-millon-de-personas-migrantes-en-espana\\\/#primaryimage\"},\"thumbnailUrl\":\"https:\\\/\\\/exaudi.org\\\/wp-content\\\/uploads\\\/2024\\\/04\\\/Diseno-sin-titulo-27-1.png\",\"keywords\":[\"Espa\u00f1a\",\"Getafe\",\"Iniciativa Legislativa Popular\",\"Migrantes\"],\"articleSection\":[\"Iglesia y Mundo\"],\"inLanguage\":\"es\"},{\"@type\":\"WebPage\",\"@id\":\"https:\\\/\\\/exaudi.org\\\/es\\\/necesitamos-regularizar-a-medio-millon-de-personas-migrantes-en-espana\\\/\",\"url\":\"https:\\\/\\\/exaudi.org\\\/es\\\/necesitamos-regularizar-a-medio-millon-de-personas-migrantes-en-espana\\\/\",\"name\":\"Necesitamos regularizar a medio mill\u00f3n de personas migrantes en Espa\u00f1a &#8211; Exaudi\",\"isPartOf\":{\"@id\":\"https:\\\/\\\/exaudi.org\\\/#website\"},\"primaryImageOfPage\":{\"@id\":\"https:\\\/\\\/exaudi.org\\\/es\\\/necesitamos-regularizar-a-medio-millon-de-personas-migrantes-en-espana\\\/#primaryimage\"},\"image\":{\"@id\":\"https:\\\/\\\/exaudi.org\\\/es\\\/necesitamos-regularizar-a-medio-millon-de-personas-migrantes-en-espana\\\/#primaryimage\"},\"thumbnailUrl\":\"https:\\\/\\\/exaudi.org\\\/wp-content\\\/uploads\\\/2024\\\/04\\\/Diseno-sin-titulo-27-1.png\",\"datePublished\":\"2024-04-09T07:25:33+00:00\",\"author\":{\"@id\":\"https:\\\/\\\/exaudi.org\\\/#\\\/schema\\\/person\\\/334968a332d5dad9f94e08897852c6af\"},\"breadcrumb\":{\"@id\":\"https:\\\/\\\/exaudi.org\\\/es\\\/necesitamos-regularizar-a-medio-millon-de-personas-migrantes-en-espana\\\/#breadcrumb\"},\"inLanguage\":\"es\",\"potentialAction\":[{\"@type\":\"ReadAction\",\"target\":[\"https:\\\/\\\/exaudi.org\\\/es\\\/necesitamos-regularizar-a-medio-millon-de-personas-migrantes-en-espana\\\/\"]}]},{\"@type\":\"ImageObject\",\"inLanguage\":\"es\",\"@id\":\"https:\\\/\\\/exaudi.org\\\/es\\\/necesitamos-regularizar-a-medio-millon-de-personas-migrantes-en-espana\\\/#primaryimage\",\"url\":\"https:\\\/\\\/exaudi.org\\\/wp-content\\\/uploads\\\/2024\\\/04\\\/Diseno-sin-titulo-27-1.png\",\"contentUrl\":\"https:\\\/\\\/exaudi.org\\\/wp-content\\\/uploads\\\/2024\\\/04\\\/Diseno-sin-titulo-27-1.png\",\"width\":1280,\"height\":720},{\"@type\":\"BreadcrumbList\",\"@id\":\"https:\\\/\\\/exaudi.org\\\/es\\\/necesitamos-regularizar-a-medio-millon-de-personas-migrantes-en-espana\\\/#breadcrumb\",\"itemListElement\":[{\"@type\":\"ListItem\",\"position\":1,\"name\":\"Portada\",\"item\":\"https:\\\/\\\/exaudi.org\\\/es\\\/\"},{\"@type\":\"ListItem\",\"position\":2,\"name\":\"Necesitamos regularizar a medio mill\u00f3n de personas migrantes en Espa\u00f1a\"}]},{\"@type\":\"WebSite\",\"@id\":\"https:\\\/\\\/exaudi.org\\\/#website\",\"url\":\"https:\\\/\\\/exaudi.org\\\/\",\"name\":\"Exaudi\",\"description\":\"News\",\"potentialAction\":[{\"@type\":\"SearchAction\",\"target\":{\"@type\":\"EntryPoint\",\"urlTemplate\":\"https:\\\/\\\/exaudi.org\\\/?s={search_term_string}\"},\"query-input\":{\"@type\":\"PropertyValueSpecification\",\"valueRequired\":true,\"valueName\":\"search_term_string\"}}],\"inLanguage\":\"es\"},{\"@type\":\"Person\",\"@id\":\"https:\\\/\\\/exaudi.org\\\/#\\\/schema\\\/person\\\/334968a332d5dad9f94e08897852c6af\",\"name\":\"Academia de L\u00edderes Cat\u00f3licos\",\"image\":{\"@type\":\"ImageObject\",\"inLanguage\":\"es\",\"@id\":\"https:\\\/\\\/secure.gravatar.com\\\/avatar\\\/80d80b1e34d8fa01f6b95d10e695853ca4ea7e054050e21ad1a15d546d4600ca?s=96&d=mm&r=g\",\"url\":\"https:\\\/\\\/secure.gravatar.com\\\/avatar\\\/80d80b1e34d8fa01f6b95d10e695853ca4ea7e054050e21ad1a15d546d4600ca?s=96&d=mm&r=g\",\"contentUrl\":\"https:\\\/\\\/secure.gravatar.com\\\/avatar\\\/80d80b1e34d8fa01f6b95d10e695853ca4ea7e054050e21ad1a15d546d4600ca?s=96&d=mm&r=g\",\"caption\":\"Academia de L\u00edderes Cat\u00f3licos\"},\"description\":\"Es una fundaci\u00f3n de derecho privado sin fines de lucro que busca formar cat\u00f3licos que a partir de la experiencia cristiana desarrollen su vocaci\u00f3n pol\u00edtica con la ayuda de la Doctrina Social de la Iglesia. La Academia Latinoamericana de L\u00edderes Cat\u00f3licos tiene como misi\u00f3n, formar l\u00edderes desde una perspectiva cat\u00f3lica, arraigados en la fe de la Iglesia, para transformar el mundo social, pol\u00edtico y econ\u00f3mico a la luz de la Doctrina Social de la Iglesia. Formar una nueva generaci\u00f3n de cat\u00f3licos latinoamericanos con responsabilidades pol\u00edticas y sociales para que transformen el rostro del continente al servicio de sus pueblos, a la luz del Magisterio de la Iglesia y de cara a los Jubileos del V Centenario Guadalupano y de los dos mil a\u00f1os de la redenci\u00f3n.\",\"sameAs\":[\"https:\\\/\\\/liderescatolicos.net\\\/\",\"https:\\\/\\\/www.youtube.com\\\/c\\\/LderesCatlicos\"],\"url\":\"https:\\\/\\\/exaudi.org\\\/es\\\/author\\\/academia-de-lideres-catolicos\\\/\"}]}<\/script>\n<!-- \/ Yoast SEO plugin. -->","yoast_head_json":{"title":"Necesitamos regularizar a medio mill\u00f3n de personas migrantes en Espa\u00f1a &#8211; Exaudi","robots":{"index":"index","follow":"follow","max-snippet":"max-snippet:-1","max-image-preview":"max-image-preview:large","max-video-preview":"max-video-preview:-1"},"canonical":"https:\/\/exaudi.org\/es\/necesitamos-regularizar-a-medio-millon-de-personas-migrantes-en-espana\/","og_locale":"es_ES","og_type":"article","og_title":"Necesitamos regularizar a medio mill\u00f3n de personas migrantes en Espa\u00f1a &#8211; Exaudi","og_description":"El pr\u00f3ximo martes, 9 de abril, el Congreso de los Diputados de Espa\u00f1a discutir\u00e1 la toma en consideraci\u00f3n de la Iniciativa Legislativa Popular (ILP) que permitir\u00eda la regularizaci\u00f3n de m\u00e1s de 500.000 personas migrantes que viven en Espa\u00f1a de manera irregular. M\u00e1s de 900 organizaciones y movimientos de la sociedad civil han recogido durante un [&hellip;]","og_url":"https:\/\/exaudi.org\/es\/necesitamos-regularizar-a-medio-millon-de-personas-migrantes-en-espana\/","og_site_name":"Exaudi","article_publisher":"https:\/\/www.facebook.com\/ExaudiNews","article_published_time":"2024-04-09T07:25:33+00:00","og_image":[{"width":1280,"height":720,"url":"https:\/\/exaudi.org\/wp-content\/uploads\/2024\/04\/Diseno-sin-titulo-27-1.png","type":"image\/png"}],"author":"Academia de L\u00edderes Cat\u00f3licos","twitter_card":"summary_large_image","twitter_creator":"@Exaudi_News","twitter_site":"@Exaudi_News","twitter_misc":{"Escrito por":"Academia de L\u00edderes Cat\u00f3licos","Tiempo de lectura":"2 minutos"},"schema":{"@context":"https:\/\/schema.org","@graph":[{"@type":"Article","@id":"https:\/\/exaudi.org\/es\/necesitamos-regularizar-a-medio-millon-de-personas-migrantes-en-espana\/#article","isPartOf":{"@id":"https:\/\/exaudi.org\/es\/necesitamos-regularizar-a-medio-millon-de-personas-migrantes-en-espana\/"},"author":{"name":"Academia de L\u00edderes Cat\u00f3licos","@id":"https:\/\/exaudi.org\/#\/schema\/person\/334968a332d5dad9f94e08897852c6af"},"headline":"Necesitamos regularizar a medio mill\u00f3n de personas migrantes en Espa\u00f1a","datePublished":"2024-04-09T07:25:33+00:00","mainEntityOfPage":{"@id":"https:\/\/exaudi.org\/es\/necesitamos-regularizar-a-medio-millon-de-personas-migrantes-en-espana\/"},"wordCount":337,"image":{"@id":"https:\/\/exaudi.org\/es\/necesitamos-regularizar-a-medio-millon-de-personas-migrantes-en-espana\/#primaryimage"},"thumbnailUrl":"https:\/\/exaudi.org\/wp-content\/uploads\/2024\/04\/Diseno-sin-titulo-27-1.png","keywords":["Espa\u00f1a","Getafe","Iniciativa Legislativa Popular","Migrantes"],"articleSection":["Iglesia y Mundo"],"inLanguage":"es"},{"@type":"WebPage","@id":"https:\/\/exaudi.org\/es\/necesitamos-regularizar-a-medio-millon-de-personas-migrantes-en-espana\/","url":"https:\/\/exaudi.org\/es\/necesitamos-regularizar-a-medio-millon-de-personas-migrantes-en-espana\/","name":"Necesitamos regularizar a medio mill\u00f3n de personas migrantes en Espa\u00f1a &#8211; Exaudi","isPartOf":{"@id":"https:\/\/exaudi.org\/#website"},"primaryImageOfPage":{"@id":"https:\/\/exaudi.org\/es\/necesitamos-regularizar-a-medio-millon-de-personas-migrantes-en-espana\/#primaryimage"},"image":{"@id":"https:\/\/exaudi.org\/es\/necesitamos-regularizar-a-medio-millon-de-personas-migrantes-en-espana\/#primaryimage"},"thumbnailUrl":"https:\/\/exaudi.org\/wp-content\/uploads\/2024\/04\/Diseno-sin-titulo-27-1.png","datePublished":"2024-04-09T07:25:33+00:00","author":{"@id":"https:\/\/exaudi.org\/#\/schema\/person\/334968a332d5dad9f94e08897852c6af"},"breadcrumb":{"@id":"https:\/\/exaudi.org\/es\/necesitamos-regularizar-a-medio-millon-de-personas-migrantes-en-espana\/#breadcrumb"},"inLanguage":"es","potentialAction":[{"@type":"ReadAction","target":["https:\/\/exaudi.org\/es\/necesitamos-regularizar-a-medio-millon-de-personas-migrantes-en-espana\/"]}]},{"@type":"ImageObject","inLanguage":"es","@id":"https:\/\/exaudi.org\/es\/necesitamos-regularizar-a-medio-millon-de-personas-migrantes-en-espana\/#primaryimage","url":"https:\/\/exaudi.org\/wp-content\/uploads\/2024\/04\/Diseno-sin-titulo-27-1.png","contentUrl":"https:\/\/exaudi.org\/wp-content\/uploads\/2024\/04\/Diseno-sin-titulo-27-1.png","width":1280,"height":720},{"@type":"BreadcrumbList","@id":"https:\/\/exaudi.org\/es\/necesitamos-regularizar-a-medio-millon-de-personas-migrantes-en-espana\/#breadcrumb","itemListElement":[{"@type":"ListItem","position":1,"name":"Portada","item":"https:\/\/exaudi.org\/es\/"},{"@type":"ListItem","position":2,"name":"Necesitamos regularizar a medio mill\u00f3n de personas migrantes en Espa\u00f1a"}]},{"@type":"WebSite","@id":"https:\/\/exaudi.org\/#website","url":"https:\/\/exaudi.org\/","name":"Exaudi","description":"News","potentialAction":[{"@type":"SearchAction","target":{"@type":"EntryPoint","urlTemplate":"https:\/\/exaudi.org\/?s={search_term_string}"},"query-input":{"@type":"PropertyValueSpecification","valueRequired":true,"valueName":"search_term_string"}}],"inLanguage":"es"},{"@type":"Person","@id":"https:\/\/exaudi.org\/#\/schema\/person\/334968a332d5dad9f94e08897852c6af","name":"Academia de L\u00edderes Cat\u00f3licos","image":{"@type":"ImageObject","inLanguage":"es","@id":"https:\/\/secure.gravatar.com\/avatar\/80d80b1e34d8fa01f6b95d10e695853ca4ea7e054050e21ad1a15d546d4600ca?s=96&d=mm&r=g","url":"https:\/\/secure.gravatar.com\/avatar\/80d80b1e34d8fa01f6b95d10e695853ca4ea7e054050e21ad1a15d546d4600ca?s=96&d=mm&r=g","contentUrl":"https:\/\/secure.gravatar.com\/avatar\/80d80b1e34d8fa01f6b95d10e695853ca4ea7e054050e21ad1a15d546d4600ca?s=96&d=mm&r=g","caption":"Academia de L\u00edderes Cat\u00f3licos"},"description":"Es una fundaci\u00f3n de derecho privado sin fines de lucro que busca formar cat\u00f3licos que a partir de la experiencia cristiana desarrollen su vocaci\u00f3n pol\u00edtica con la ayuda de la Doctrina Social de la Iglesia. La Academia Latinoamericana de L\u00edderes Cat\u00f3licos tiene como misi\u00f3n, formar l\u00edderes desde una perspectiva cat\u00f3lica, arraigados en la fe de la Iglesia, para transformar el mundo social, pol\u00edtico y econ\u00f3mico a la luz de la Doctrina Social de la Iglesia. Formar una nueva generaci\u00f3n de cat\u00f3licos latinoamericanos con responsabilidades pol\u00edticas y sociales para que transformen el rostro del continente al servicio de sus pueblos, a la luz del Magisterio de la Iglesia y de cara a los Jubileos del V Centenario Guadalupano y de los dos mil a\u00f1os de la redenci\u00f3n.","sameAs":["https:\/\/liderescatolicos.net\/","https:\/\/www.youtube.com\/c\/LderesCatlicos"],"url":"https:\/\/exaudi.org\/es\/author\/academia-de-lideres-catolicos\/"}]}},"jetpack_featured_media_url":"https:\/\/exaudi.org\/wp-content\/uploads\/2024\/04\/Diseno-sin-titulo-27-1.png","jetpack_shortlink":"https:\/\/wp.me\/pgKjF2-pqK","_links":{"self":[{"href":"https:\/\/exaudi.org\/es\/wp-json\/wp\/v2\/posts\/97758","targetHints":{"allow":["GET"]}}],"collection":[{"href":"https:\/\/exaudi.org\/es\/wp-json\/wp\/v2\/posts"}],"about":[{"href":"https:\/\/exaudi.org\/es\/wp-json\/wp\/v2\/types\/post"}],"author":[{"embeddable":true,"href":"https:\/\/exaudi.org\/es\/wp-json\/wp\/v2\/users\/107"}],"replies":[{"embeddable":true,"href":"https:\/\/exaudi.org\/es\/wp-json\/wp\/v2\/comments?post=97758"}],"version-history":[{"count":0,"href":"https:\/\/exaudi.org\/es\/wp-json\/wp\/v2\/posts\/97758\/revisions"}],"wp:featuredmedia":[{"embeddable":true,"href":"https:\/\/exaudi.org\/es\/wp-json\/wp\/v2\/media\/97759"}],"wp:attachment":[{"href":"https:\/\/exaudi.org\/es\/wp-json\/wp\/v2\/media?parent=97758"}],"wp:term":[{"taxonomy":"category","embeddable":true,"href":"https:\/\/exaudi.org\/es\/wp-json\/wp\/v2\/categories?post=97758"},{"taxonomy":"post_tag","embeddable":true,"href":"https:\/\/exaudi.org\/es\/wp-json\/wp\/v2\/tags?post=97758"}],"curies":[{"name":"wp","href":"https:\/\/api.w.org\/{rel}","templated":true}]}}