{"id":97341,"date":"2025-04-20T00:20:58","date_gmt":"2025-04-19T22:20:58","guid":{"rendered":"https:\/\/exaudi.org\/?p=97341"},"modified":"2025-04-20T00:19:43","modified_gmt":"2025-04-19T22:19:43","slug":"la-resurreccion-del-senor-segun-la-beata-ana-catalina-emmerick","status":"publish","type":"post","link":"https:\/\/exaudi.org\/es\/la-resurreccion-del-senor-segun-la-beata-ana-catalina-emmerick\/","title":{"rendered":"La Resurrecci\u00f3n del Se\u00f1or Seg\u00fan la Beata Ana Catalina Emmerick"},"content":{"rendered":"<p>En el d\u00eda de hoy, domingo de Resurrecci\u00f3n, los lectores de Exaudi son agraciados con un regalo \u00fanico: la narraci\u00f3n de la resurrecci\u00f3n del Se\u00f1or seg\u00fan la visi\u00f3n de la Beata Ana Catalina Emmerick, locutada por Miguel Angel Paniagua Bravo en cinco cautivadores episodios.<\/p>\n<p>Esta interpretaci\u00f3n nos transporta a los misterios del relato b\u00edblico de una manera v\u00edvida y emotiva, permiti\u00e9ndonos revivir uno de los eventos centrales de la fe cristiana con una nueva perspectiva. La Beata Ana Catalina Emmerick, conocida por sus visiones religiosas, ofrece una mirada \u00edntima y profundamente espiritual de la resurrecci\u00f3n de Jesucristo, y la habilidad de Paniagua Bravo para dar vida a estas visiones a trav\u00e9s de la locuci\u00f3n agrega una capa adicional de emotividad y conexi\u00f3n.<\/p>\n<p>Este relato no solo nos invita a reflexionar sobre el significado y la importancia de la resurrecci\u00f3n, sino que tambi\u00e9n nos sumerge en la experiencia misma de aquellos que fueron testigos de este evento transformador. Cada episodio nos lleva m\u00e1s cerca de comprender la magnitud de lo que sucedi\u00f3 en aquel amanecer de Pascua, y nos desaf\u00eda a contemplar su relevancia en nuestras propias vidas hoy en d\u00eda.<\/p>\n<p>En un mundo lleno de distracciones y ruido, esta narraci\u00f3n ofrece un momento de calma y reflexi\u00f3n, record\u00e1ndonos la verdad eterna de la resurrecci\u00f3n y su impacto en nuestra fe y en nuestra existencia diaria. Es un regalo que nos anima a renovar nuestra esperanza y nuestra alegr\u00eda en el Se\u00f1or, y a celebrar con gratitud el milagro de su resurrecci\u00f3n.<\/p>\n<p><iframe loading=\"lazy\" title=\"1 RESURRECCI\u00d3N 1 Locuci\u00f3n Miguel Angel Paniagua Bravo\" width=\"500\" height=\"281\" src=\"https:\/\/www.youtube.com\/embed\/jN5EBgYBytQ?feature=oembed\" frameborder=\"0\" allow=\"accelerometer; autoplay; clipboard-write; encrypted-media; gyroscope; picture-in-picture; web-share\" referrerpolicy=\"strict-origin-when-cross-origin\" allowfullscreen><\/iframe><\/p>\n<p><iframe loading=\"lazy\" title=\"2 RESURRECCION 2 PARTE 1 LOCUCI\u00d3N MIGUEL ANGEL PANIAGUA BRAVO\" width=\"500\" height=\"281\" src=\"https:\/\/www.youtube.com\/embed\/QgtegZRUDHQ?feature=oembed\" frameborder=\"0\" allow=\"accelerometer; autoplay; clipboard-write; encrypted-media; gyroscope; picture-in-picture; web-share\" referrerpolicy=\"strict-origin-when-cross-origin\" allowfullscreen><\/iframe><\/p>\n<p><iframe loading=\"lazy\" title=\"3 RESURRECCI\u00d3N MUJERES  3 PARTE2 LOCUCI\u00d3N MIGUEL ANGEL PANIAGUA BRAVO\" width=\"500\" height=\"281\" src=\"https:\/\/www.youtube.com\/embed\/x9gmvQ1AIOQ?feature=oembed\" frameborder=\"0\" allow=\"accelerometer; autoplay; clipboard-write; encrypted-media; gyroscope; picture-in-picture; web-share\" referrerpolicy=\"strict-origin-when-cross-origin\" allowfullscreen><\/iframe><\/p>\n<p><iframe loading=\"lazy\" title=\"4 RESURRECCI\u00d3N 4 GUARDIAS LOCUCI\u00d3N MIGUEL ANGEL PANIAGUA BRAVO\" width=\"500\" height=\"281\" src=\"https:\/\/www.youtube.com\/embed\/DBwSFypgaXY?feature=oembed\" frameborder=\"0\" allow=\"accelerometer; autoplay; clipboard-write; encrypted-media; gyroscope; picture-in-picture; web-share\" referrerpolicy=\"strict-origin-when-cross-origin\" allowfullscreen><\/iframe><\/p>\n<p><iframe loading=\"lazy\" title=\"5 RESURRECCI\u00d3N 5 FINAL LOCUCI\u00d3N MIGUEL ANGEL PANIAGUA BRAVO\" width=\"500\" height=\"281\" src=\"https:\/\/www.youtube.com\/embed\/cGzRJRQQEVA?feature=oembed\" frameborder=\"0\" allow=\"accelerometer; autoplay; clipboard-write; encrypted-media; gyroscope; picture-in-picture; web-share\" referrerpolicy=\"strict-origin-when-cross-origin\" allowfullscreen><\/iframe><\/p>\n","protected":false},"excerpt":{"rendered":"<p>Una Narraci\u00f3n de Miguel Angel Paniagua Bravo en 5 Episodios<\/p>\n","protected":false},"author":15,"featured_media":97342,"comment_status":"closed","ping_status":"closed","sticky":false,"template":"","format":"standard","meta":{"_acf_changed":false,"_crdt_document":"","inline_featured_image":false,"footnotes":""},"categories":[96,74],"tags":[175,47474,7690,13716,13622,1318,52148,4953],"class_list":["post-97341","post","type-post","status-publish","format-standard","has-post-thumbnail","hentry","category-espiritualidad","category-iglesia-y-mundo","tag-cuaresma","tag-cuaresma-2025","tag-domingo","tag-locucion","tag-miguel-angel-paniagua-bravo","tag-resurreccion","tag-semana-santa-2025","tag-trending-es"],"acf":[],"yoast_head":"<!-- This site is optimized with the Yoast SEO plugin v27.4 - https:\/\/yoast.com\/product\/yoast-seo-wordpress\/ -->\n<title>La Resurrecci\u00f3n del Se\u00f1or Seg\u00fan la Beata Ana Catalina Emmerick &#8211; Exaudi<\/title>\n<meta name=\"robots\" content=\"index, follow, max-snippet:-1, max-image-preview:large, max-video-preview:-1\" \/>\n<link rel=\"canonical\" href=\"https:\/\/exaudi.org\/es\/la-resurreccion-del-senor-segun-la-beata-ana-catalina-emmerick\/\" \/>\n<meta property=\"og:locale\" content=\"es_ES\" \/>\n<meta property=\"og:type\" content=\"article\" \/>\n<meta property=\"og:title\" content=\"La Resurrecci\u00f3n del Se\u00f1or Seg\u00fan la Beata Ana Catalina Emmerick &#8211; Exaudi\" \/>\n<meta property=\"og:description\" content=\"Una Narraci\u00f3n de Miguel Angel Paniagua Bravo en 5 Episodios\" \/>\n<meta property=\"og:url\" content=\"https:\/\/exaudi.org\/es\/la-resurreccion-del-senor-segun-la-beata-ana-catalina-emmerick\/\" \/>\n<meta property=\"og:site_name\" content=\"Exaudi\" \/>\n<meta property=\"article:publisher\" content=\"https:\/\/www.facebook.com\/ExaudiNews\" \/>\n<meta property=\"article:author\" content=\"https:\/\/www.facebook.com\/ExaudiNoticias\/\" \/>\n<meta property=\"article:published_time\" content=\"2025-04-19T22:20:58+00:00\" \/>\n<meta property=\"og:image\" content=\"https:\/\/exaudi.org\/wp-content\/uploads\/2024\/03\/cq5dam.thumbnail.cropped.1500.844-1.jpeg\" \/>\n\t<meta property=\"og:image:width\" content=\"1500\" \/>\n\t<meta property=\"og:image:height\" content=\"844\" \/>\n\t<meta property=\"og:image:type\" content=\"image\/jpeg\" \/>\n<meta name=\"author\" content=\"Exaudi Redacci\u00f3n\" \/>\n<meta name=\"twitter:card\" content=\"summary_large_image\" \/>\n<meta name=\"twitter:creator\" content=\"@Exaudi_noticias\" \/>\n<meta name=\"twitter:site\" content=\"@Exaudi_News\" \/>\n<meta name=\"twitter:label1\" content=\"Escrito por\" \/>\n\t<meta name=\"twitter:data1\" content=\"Exaudi Redacci\u00f3n\" \/>\n\t<meta name=\"twitter:label2\" content=\"Tiempo de lectura\" \/>\n\t<meta name=\"twitter:data2\" content=\"2 minutos\" \/>\n<script type=\"application\/ld+json\" class=\"yoast-schema-graph\">{\"@context\":\"https:\\\/\\\/schema.org\",\"@graph\":[{\"@type\":\"Article\",\"@id\":\"https:\\\/\\\/exaudi.org\\\/es\\\/la-resurreccion-del-senor-segun-la-beata-ana-catalina-emmerick\\\/#article\",\"isPartOf\":{\"@id\":\"https:\\\/\\\/exaudi.org\\\/es\\\/la-resurreccion-del-senor-segun-la-beata-ana-catalina-emmerick\\\/\"},\"author\":{\"name\":\"Exaudi Redacci\u00f3n\",\"@id\":\"https:\\\/\\\/exaudi.org\\\/#\\\/schema\\\/person\\\/f5fc8f063065e38742da7afe15f25df7\"},\"headline\":\"La Resurrecci\u00f3n del Se\u00f1or Seg\u00fan la Beata Ana Catalina Emmerick\",\"datePublished\":\"2025-04-19T22:20:58+00:00\",\"mainEntityOfPage\":{\"@id\":\"https:\\\/\\\/exaudi.org\\\/es\\\/la-resurreccion-del-senor-segun-la-beata-ana-catalina-emmerick\\\/\"},\"wordCount\":337,\"image\":{\"@id\":\"https:\\\/\\\/exaudi.org\\\/es\\\/la-resurreccion-del-senor-segun-la-beata-ana-catalina-emmerick\\\/#primaryimage\"},\"thumbnailUrl\":\"https:\\\/\\\/exaudi.org\\\/wp-content\\\/uploads\\\/2024\\\/03\\\/cq5dam.thumbnail.cropped.1500.844-1.jpeg\",\"keywords\":[\"cuaresma\",\"Cuaresma 2025\",\"Domingo\",\"Locuci\u00f3n\",\"Miguel \u00c1ngel Paniagua Bravo\",\"Resurrecci\u00f3n\",\"semana santa 2025\",\"Trending\"],\"articleSection\":[\"Espiritualidad\",\"Iglesia y Mundo\"],\"inLanguage\":\"es\"},{\"@type\":\"WebPage\",\"@id\":\"https:\\\/\\\/exaudi.org\\\/es\\\/la-resurreccion-del-senor-segun-la-beata-ana-catalina-emmerick\\\/\",\"url\":\"https:\\\/\\\/exaudi.org\\\/es\\\/la-resurreccion-del-senor-segun-la-beata-ana-catalina-emmerick\\\/\",\"name\":\"La Resurrecci\u00f3n del Se\u00f1or Seg\u00fan la Beata Ana Catalina Emmerick &#8211; Exaudi\",\"isPartOf\":{\"@id\":\"https:\\\/\\\/exaudi.org\\\/#website\"},\"primaryImageOfPage\":{\"@id\":\"https:\\\/\\\/exaudi.org\\\/es\\\/la-resurreccion-del-senor-segun-la-beata-ana-catalina-emmerick\\\/#primaryimage\"},\"image\":{\"@id\":\"https:\\\/\\\/exaudi.org\\\/es\\\/la-resurreccion-del-senor-segun-la-beata-ana-catalina-emmerick\\\/#primaryimage\"},\"thumbnailUrl\":\"https:\\\/\\\/exaudi.org\\\/wp-content\\\/uploads\\\/2024\\\/03\\\/cq5dam.thumbnail.cropped.1500.844-1.jpeg\",\"datePublished\":\"2025-04-19T22:20:58+00:00\",\"author\":{\"@id\":\"https:\\\/\\\/exaudi.org\\\/#\\\/schema\\\/person\\\/f5fc8f063065e38742da7afe15f25df7\"},\"breadcrumb\":{\"@id\":\"https:\\\/\\\/exaudi.org\\\/es\\\/la-resurreccion-del-senor-segun-la-beata-ana-catalina-emmerick\\\/#breadcrumb\"},\"inLanguage\":\"es\",\"potentialAction\":[{\"@type\":\"ReadAction\",\"target\":[\"https:\\\/\\\/exaudi.org\\\/es\\\/la-resurreccion-del-senor-segun-la-beata-ana-catalina-emmerick\\\/\"]}]},{\"@type\":\"ImageObject\",\"inLanguage\":\"es\",\"@id\":\"https:\\\/\\\/exaudi.org\\\/es\\\/la-resurreccion-del-senor-segun-la-beata-ana-catalina-emmerick\\\/#primaryimage\",\"url\":\"https:\\\/\\\/exaudi.org\\\/wp-content\\\/uploads\\\/2024\\\/03\\\/cq5dam.thumbnail.cropped.1500.844-1.jpeg\",\"contentUrl\":\"https:\\\/\\\/exaudi.org\\\/wp-content\\\/uploads\\\/2024\\\/03\\\/cq5dam.thumbnail.cropped.1500.844-1.jpeg\",\"width\":1500,\"height\":844},{\"@type\":\"BreadcrumbList\",\"@id\":\"https:\\\/\\\/exaudi.org\\\/es\\\/la-resurreccion-del-senor-segun-la-beata-ana-catalina-emmerick\\\/#breadcrumb\",\"itemListElement\":[{\"@type\":\"ListItem\",\"position\":1,\"name\":\"Portada\",\"item\":\"https:\\\/\\\/exaudi.org\\\/es\\\/\"},{\"@type\":\"ListItem\",\"position\":2,\"name\":\"La Resurrecci\u00f3n del Se\u00f1or Seg\u00fan la Beata Ana Catalina Emmerick\"}]},{\"@type\":\"WebSite\",\"@id\":\"https:\\\/\\\/exaudi.org\\\/#website\",\"url\":\"https:\\\/\\\/exaudi.org\\\/\",\"name\":\"Exaudi\",\"description\":\"News\",\"potentialAction\":[{\"@type\":\"SearchAction\",\"target\":{\"@type\":\"EntryPoint\",\"urlTemplate\":\"https:\\\/\\\/exaudi.org\\\/?s={search_term_string}\"},\"query-input\":{\"@type\":\"PropertyValueSpecification\",\"valueRequired\":true,\"valueName\":\"search_term_string\"}}],\"inLanguage\":\"es\"},{\"@type\":\"Person\",\"@id\":\"https:\\\/\\\/exaudi.org\\\/#\\\/schema\\\/person\\\/f5fc8f063065e38742da7afe15f25df7\",\"name\":\"Exaudi Redacci\u00f3n\",\"image\":{\"@type\":\"ImageObject\",\"inLanguage\":\"es\",\"@id\":\"https:\\\/\\\/secure.gravatar.com\\\/avatar\\\/fe0f6a059fb68d9b3e11bc5850dd4899b1c7492091a3cb6dd9b01b56ad828be2?s=96&d=mm&r=g\",\"url\":\"https:\\\/\\\/secure.gravatar.com\\\/avatar\\\/fe0f6a059fb68d9b3e11bc5850dd4899b1c7492091a3cb6dd9b01b56ad828be2?s=96&d=mm&r=g\",\"contentUrl\":\"https:\\\/\\\/secure.gravatar.com\\\/avatar\\\/fe0f6a059fb68d9b3e11bc5850dd4899b1c7492091a3cb6dd9b01b56ad828be2?s=96&d=mm&r=g\",\"caption\":\"Exaudi Redacci\u00f3n\"},\"description\":\"\u00bfQu\u00e9 es Exaudi News? Exaudi News es un medio de comunicaci\u00f3n cat\u00f3lico internacional que informa, forma y transforma, diariamente en espa\u00f1ol, ingl\u00e9s e italiano. A trav\u00e9s de noticias, art\u00edculos de an\u00e1lisis y transmisiones en directo de los eventos del Papa, Exaudi busca fortalecer la unidad de los cristianos y contribuir a la evangelizaci\u00f3n del mundo, siempre guiados por la doctrina social de la Iglesia. Trabajamos para acercar la verdad y los valores cristianos a cada rinc\u00f3n del planeta. \u00a1Ay\u00fadanos a transformar el mundo con Exaudi! En Exaudi creemos que la evangelizaci\u00f3n y la informaci\u00f3n de calidad pueden cambiar vidas. Para continuar con nuestra misi\u00f3n y expandir nuestro alcance, necesitamos tu ayuda. Adem\u00e1s, buscamos personas comprometidas que deseen unirse a nuestro equipo. Con tu apoyo, lograremos llegar a m\u00e1s personas, difundir el mensaje de Cristo y reforzar la unidad de los cristianos. \u00bfTe unes a nuestra misi\u00f3n? Para m\u00e1s informaci\u00f3n sobre c\u00f3mo colaborar, visita Exaudi.org\\\/es o cont\u00e1ctanos directamente: info@exaudi.org Exaudi: Informa, forma y transforma.\",\"sameAs\":[\"https:\\\/\\\/www.facebook.com\\\/ExaudiNoticias\\\/\",\"https:\\\/\\\/www.instagram.com\\\/exaudi_noticias\\\/\",\"https:\\\/\\\/x.com\\\/Exaudi_noticias\",\"https:\\\/\\\/www.youtube.com\\\/@exaudicatholicnews\"],\"url\":\"https:\\\/\\\/exaudi.org\\\/es\\\/author\\\/redaccionexaudi\\\/\"}]}<\/script>\n<!-- \/ Yoast SEO plugin. -->","yoast_head_json":{"title":"La Resurrecci\u00f3n del Se\u00f1or Seg\u00fan la Beata Ana Catalina Emmerick &#8211; Exaudi","robots":{"index":"index","follow":"follow","max-snippet":"max-snippet:-1","max-image-preview":"max-image-preview:large","max-video-preview":"max-video-preview:-1"},"canonical":"https:\/\/exaudi.org\/es\/la-resurreccion-del-senor-segun-la-beata-ana-catalina-emmerick\/","og_locale":"es_ES","og_type":"article","og_title":"La Resurrecci\u00f3n del Se\u00f1or Seg\u00fan la Beata Ana Catalina Emmerick &#8211; Exaudi","og_description":"Una Narraci\u00f3n de Miguel Angel Paniagua Bravo en 5 Episodios","og_url":"https:\/\/exaudi.org\/es\/la-resurreccion-del-senor-segun-la-beata-ana-catalina-emmerick\/","og_site_name":"Exaudi","article_publisher":"https:\/\/www.facebook.com\/ExaudiNews","article_author":"https:\/\/www.facebook.com\/ExaudiNoticias\/","article_published_time":"2025-04-19T22:20:58+00:00","og_image":[{"width":1500,"height":844,"url":"https:\/\/exaudi.org\/wp-content\/uploads\/2024\/03\/cq5dam.thumbnail.cropped.1500.844-1.jpeg","type":"image\/jpeg"}],"author":"Exaudi Redacci\u00f3n","twitter_card":"summary_large_image","twitter_creator":"@Exaudi_noticias","twitter_site":"@Exaudi_News","twitter_misc":{"Escrito por":"Exaudi Redacci\u00f3n","Tiempo de lectura":"2 minutos"},"schema":{"@context":"https:\/\/schema.org","@graph":[{"@type":"Article","@id":"https:\/\/exaudi.org\/es\/la-resurreccion-del-senor-segun-la-beata-ana-catalina-emmerick\/#article","isPartOf":{"@id":"https:\/\/exaudi.org\/es\/la-resurreccion-del-senor-segun-la-beata-ana-catalina-emmerick\/"},"author":{"name":"Exaudi Redacci\u00f3n","@id":"https:\/\/exaudi.org\/#\/schema\/person\/f5fc8f063065e38742da7afe15f25df7"},"headline":"La Resurrecci\u00f3n del Se\u00f1or Seg\u00fan la Beata Ana Catalina Emmerick","datePublished":"2025-04-19T22:20:58+00:00","mainEntityOfPage":{"@id":"https:\/\/exaudi.org\/es\/la-resurreccion-del-senor-segun-la-beata-ana-catalina-emmerick\/"},"wordCount":337,"image":{"@id":"https:\/\/exaudi.org\/es\/la-resurreccion-del-senor-segun-la-beata-ana-catalina-emmerick\/#primaryimage"},"thumbnailUrl":"https:\/\/exaudi.org\/wp-content\/uploads\/2024\/03\/cq5dam.thumbnail.cropped.1500.844-1.jpeg","keywords":["cuaresma","Cuaresma 2025","Domingo","Locuci\u00f3n","Miguel \u00c1ngel Paniagua Bravo","Resurrecci\u00f3n","semana santa 2025","Trending"],"articleSection":["Espiritualidad","Iglesia y Mundo"],"inLanguage":"es"},{"@type":"WebPage","@id":"https:\/\/exaudi.org\/es\/la-resurreccion-del-senor-segun-la-beata-ana-catalina-emmerick\/","url":"https:\/\/exaudi.org\/es\/la-resurreccion-del-senor-segun-la-beata-ana-catalina-emmerick\/","name":"La Resurrecci\u00f3n del Se\u00f1or Seg\u00fan la Beata Ana Catalina Emmerick &#8211; Exaudi","isPartOf":{"@id":"https:\/\/exaudi.org\/#website"},"primaryImageOfPage":{"@id":"https:\/\/exaudi.org\/es\/la-resurreccion-del-senor-segun-la-beata-ana-catalina-emmerick\/#primaryimage"},"image":{"@id":"https:\/\/exaudi.org\/es\/la-resurreccion-del-senor-segun-la-beata-ana-catalina-emmerick\/#primaryimage"},"thumbnailUrl":"https:\/\/exaudi.org\/wp-content\/uploads\/2024\/03\/cq5dam.thumbnail.cropped.1500.844-1.jpeg","datePublished":"2025-04-19T22:20:58+00:00","author":{"@id":"https:\/\/exaudi.org\/#\/schema\/person\/f5fc8f063065e38742da7afe15f25df7"},"breadcrumb":{"@id":"https:\/\/exaudi.org\/es\/la-resurreccion-del-senor-segun-la-beata-ana-catalina-emmerick\/#breadcrumb"},"inLanguage":"es","potentialAction":[{"@type":"ReadAction","target":["https:\/\/exaudi.org\/es\/la-resurreccion-del-senor-segun-la-beata-ana-catalina-emmerick\/"]}]},{"@type":"ImageObject","inLanguage":"es","@id":"https:\/\/exaudi.org\/es\/la-resurreccion-del-senor-segun-la-beata-ana-catalina-emmerick\/#primaryimage","url":"https:\/\/exaudi.org\/wp-content\/uploads\/2024\/03\/cq5dam.thumbnail.cropped.1500.844-1.jpeg","contentUrl":"https:\/\/exaudi.org\/wp-content\/uploads\/2024\/03\/cq5dam.thumbnail.cropped.1500.844-1.jpeg","width":1500,"height":844},{"@type":"BreadcrumbList","@id":"https:\/\/exaudi.org\/es\/la-resurreccion-del-senor-segun-la-beata-ana-catalina-emmerick\/#breadcrumb","itemListElement":[{"@type":"ListItem","position":1,"name":"Portada","item":"https:\/\/exaudi.org\/es\/"},{"@type":"ListItem","position":2,"name":"La Resurrecci\u00f3n del Se\u00f1or Seg\u00fan la Beata Ana Catalina Emmerick"}]},{"@type":"WebSite","@id":"https:\/\/exaudi.org\/#website","url":"https:\/\/exaudi.org\/","name":"Exaudi","description":"News","potentialAction":[{"@type":"SearchAction","target":{"@type":"EntryPoint","urlTemplate":"https:\/\/exaudi.org\/?s={search_term_string}"},"query-input":{"@type":"PropertyValueSpecification","valueRequired":true,"valueName":"search_term_string"}}],"inLanguage":"es"},{"@type":"Person","@id":"https:\/\/exaudi.org\/#\/schema\/person\/f5fc8f063065e38742da7afe15f25df7","name":"Exaudi Redacci\u00f3n","image":{"@type":"ImageObject","inLanguage":"es","@id":"https:\/\/secure.gravatar.com\/avatar\/fe0f6a059fb68d9b3e11bc5850dd4899b1c7492091a3cb6dd9b01b56ad828be2?s=96&d=mm&r=g","url":"https:\/\/secure.gravatar.com\/avatar\/fe0f6a059fb68d9b3e11bc5850dd4899b1c7492091a3cb6dd9b01b56ad828be2?s=96&d=mm&r=g","contentUrl":"https:\/\/secure.gravatar.com\/avatar\/fe0f6a059fb68d9b3e11bc5850dd4899b1c7492091a3cb6dd9b01b56ad828be2?s=96&d=mm&r=g","caption":"Exaudi Redacci\u00f3n"},"description":"\u00bfQu\u00e9 es Exaudi News? Exaudi News es un medio de comunicaci\u00f3n cat\u00f3lico internacional que informa, forma y transforma, diariamente en espa\u00f1ol, ingl\u00e9s e italiano. A trav\u00e9s de noticias, art\u00edculos de an\u00e1lisis y transmisiones en directo de los eventos del Papa, Exaudi busca fortalecer la unidad de los cristianos y contribuir a la evangelizaci\u00f3n del mundo, siempre guiados por la doctrina social de la Iglesia. Trabajamos para acercar la verdad y los valores cristianos a cada rinc\u00f3n del planeta. \u00a1Ay\u00fadanos a transformar el mundo con Exaudi! En Exaudi creemos que la evangelizaci\u00f3n y la informaci\u00f3n de calidad pueden cambiar vidas. Para continuar con nuestra misi\u00f3n y expandir nuestro alcance, necesitamos tu ayuda. Adem\u00e1s, buscamos personas comprometidas que deseen unirse a nuestro equipo. Con tu apoyo, lograremos llegar a m\u00e1s personas, difundir el mensaje de Cristo y reforzar la unidad de los cristianos. \u00bfTe unes a nuestra misi\u00f3n? Para m\u00e1s informaci\u00f3n sobre c\u00f3mo colaborar, visita Exaudi.org\/es o cont\u00e1ctanos directamente: info@exaudi.org Exaudi: Informa, forma y transforma.","sameAs":["https:\/\/www.facebook.com\/ExaudiNoticias\/","https:\/\/www.instagram.com\/exaudi_noticias\/","https:\/\/x.com\/Exaudi_noticias","https:\/\/www.youtube.com\/@exaudicatholicnews"],"url":"https:\/\/exaudi.org\/es\/author\/redaccionexaudi\/"}]}},"jetpack_featured_media_url":"https:\/\/exaudi.org\/wp-content\/uploads\/2024\/03\/cq5dam.thumbnail.cropped.1500.844-1.jpeg","jetpack_shortlink":"https:\/\/wp.me\/pgKjF2-pk1","_links":{"self":[{"href":"https:\/\/exaudi.org\/es\/wp-json\/wp\/v2\/posts\/97341","targetHints":{"allow":["GET"]}}],"collection":[{"href":"https:\/\/exaudi.org\/es\/wp-json\/wp\/v2\/posts"}],"about":[{"href":"https:\/\/exaudi.org\/es\/wp-json\/wp\/v2\/types\/post"}],"author":[{"embeddable":true,"href":"https:\/\/exaudi.org\/es\/wp-json\/wp\/v2\/users\/15"}],"replies":[{"embeddable":true,"href":"https:\/\/exaudi.org\/es\/wp-json\/wp\/v2\/comments?post=97341"}],"version-history":[{"count":0,"href":"https:\/\/exaudi.org\/es\/wp-json\/wp\/v2\/posts\/97341\/revisions"}],"wp:featuredmedia":[{"embeddable":true,"href":"https:\/\/exaudi.org\/es\/wp-json\/wp\/v2\/media\/97342"}],"wp:attachment":[{"href":"https:\/\/exaudi.org\/es\/wp-json\/wp\/v2\/media?parent=97341"}],"wp:term":[{"taxonomy":"category","embeddable":true,"href":"https:\/\/exaudi.org\/es\/wp-json\/wp\/v2\/categories?post=97341"},{"taxonomy":"post_tag","embeddable":true,"href":"https:\/\/exaudi.org\/es\/wp-json\/wp\/v2\/tags?post=97341"}],"curies":[{"name":"wp","href":"https:\/\/api.w.org\/{rel}","templated":true}]}}