{"id":97254,"date":"2024-03-30T09:18:23","date_gmt":"2024-03-30T08:18:23","guid":{"rendered":"https:\/\/exaudi.org\/?p=97254"},"modified":"2024-03-30T09:28:03","modified_gmt":"2024-03-30T08:28:03","slug":"via-crucis-jesus-tu-nombre-salva-porque-tu-eres-nuestra-salvacion","status":"publish","type":"post","link":"https:\/\/exaudi.org\/es\/via-crucis-jesus-tu-nombre-salva-porque-tu-eres-nuestra-salvacion\/","title":{"rendered":"V\u00eda Crucis: Jes\u00fas, tu nombre salva, porque t\u00fa eres nuestra salvaci\u00f3n"},"content":{"rendered":"<p>A las 21.15 horas de esta noche ha tenido lugar en el Coliseo el piadoso ejercicio del V\u00eda Crucis.<\/p>\n<p>Los textos de las meditaciones y oraciones tituladas \u00abEn oraci\u00f3n con Jes\u00fas en el V\u00eda Crucis\u00bb, propuestas este a\u00f1o para el V\u00eda Crucis del Viernes Santo, fueron escritos por el Santo Padre.<\/p>\n<p>\u201cSe\u00f1or Jes\u00fas, al mirar tu cruz comprendemos tu entrega total por nosotros. Te consagramos y ofrecemos este tiempo. Queremos pasarlo junto a ti, que rezaste desde el Getseman\u00ed hasta el Calvario. En el A\u00f1o de la oraci\u00f3n nos unimos a tu camino orante\u201d, fue la oraci\u00f3n del V\u00eda Crucis en el Coliseo de Roma para introducir en la plegaria a las m\u00e1s de veinticinco mil personas presentes.<\/p>\n<p>El Papa Francisco, inform\u00f3 la\u00a0<a href=\"https:\/\/press.vatican.va\/content\/salastampa\/it\/bollettino\/pubblico\/2024\/03\/29\/0261\/00556.html\" target=\"_blank\" rel=\"external noopener\">Oficina de Prensa de la Santa Sede<\/a>, segu\u00eda el V\u00eda Crucis desde Casa Santa Marta en el Vaticano: \u201cPara preservar su salud de cara a la Vigilia de ma\u00f1ana y la misa del Domingo de Resurrecci\u00f3n, el Papa Francisco seguir\u00e1 esta tarde el V\u00eda Crucis en el Coliseo desde la Casa Santa Marta\u201d.<\/p>\n<p>Las\u00a0<a href=\"https:\/\/www.vatican.va\/news_services\/liturgy\/2024\/documents\/ns_lit_doc_20240329_via-crucis-meditazioni_sp.html\" target=\"_blank\" rel=\"external noopener\">meditaciones escritas por el Santo Padre<\/a>\u00a0fueron le\u00eddas en cada estaci\u00f3n por una religiosa, un eremita, laicos, sacerdotes, migrantes, personas con discapacidad, familias, catequistas, miembros de un grupo de oraci\u00f3n, una mujer dedicada a la pastoral sanitaria, y miembros de casa de acogida y asistencia social.<img loading=\"lazy\" decoding=\"async\" class=\"size-medium wp-image-97258 alignleft\" src=\"https:\/\/exaudi.org\/wp-content\/uploads\/2024\/03\/cq5dam.web_.800.800-25-300x200.jpeg\" alt=\"\" width=\"300\" height=\"200\" srcset=\"https:\/\/exaudi.org\/wp-content\/uploads\/2024\/03\/cq5dam.web_.800.800-25-300x200.jpeg 300w, https:\/\/exaudi.org\/wp-content\/uploads\/2024\/03\/cq5dam.web_.800.800-25-770x513.jpeg 770w, https:\/\/exaudi.org\/wp-content\/uploads\/2024\/03\/cq5dam.web_.800.800-25-360x240.jpeg?crop=1 360w, https:\/\/exaudi.org\/wp-content\/uploads\/2024\/03\/cq5dam.web_.800.800-25-500x333.jpeg 500w, https:\/\/exaudi.org\/wp-content\/uploads\/2024\/03\/cq5dam.web_.800.800-25-370x247.jpeg 370w, https:\/\/exaudi.org\/wp-content\/uploads\/2024\/03\/cq5dam.web_.800.800-25-293x195.jpeg 293w, https:\/\/exaudi.org\/wp-content\/uploads\/2024\/03\/cq5dam.web_.800.800-25-120x80.jpeg 120w, https:\/\/exaudi.org\/wp-content\/uploads\/2024\/03\/cq5dam.web_.800.800-25-240x160.jpeg 240w, https:\/\/exaudi.org\/wp-content\/uploads\/2024\/03\/cq5dam.web_.800.800-25-390x260.jpeg 390w, https:\/\/exaudi.org\/wp-content\/uploads\/2024\/03\/cq5dam.web_.800.800-25.jpeg 800w\" sizes=\"auto, (max-width: 300px) 100vw, 300px\" \/><\/p>\n<p>Mientras la cruz que presid\u00eda el Viacrucis recorr\u00eda el Coliseo de Roma, las meditaciones ofrec\u00edan una s\u00faplica por un mundo herido por la guerra, la indiferencia y el pecado:<\/p>\n<div>\n<div class=\"article__embed article__embed--border embed_style\">\n<blockquote><p>\u201cJes\u00fas, nosotros tambi\u00e9n cargamos nuestras cruces, a veces muy pesadas: una enfermedad, un accidente, la muerte de un ser querido, una decepci\u00f3n amorosa, un hijo que se perdi\u00f3, la falta de trabajo, una herida interior que no cicatriza, el fracaso de un proyecto, una esperanza m\u00e1s que se malogra&#8230; Jes\u00fas, \u00bfc\u00f3mo rezar ah\u00ed? \u00bfC\u00f3mo hacerlo cuando me siento aplastado por la vida, cuando un peso oprime mi coraz\u00f3n, cuando estoy bajo presi\u00f3n y ya no tengo fuerzas para reaccionar? Tu respuesta se encuentra en una invitaci\u00f3n: \u00abVengan a m\u00ed todos los que est\u00e1n afligidos y agobiados, y yo los aliviar\u00e9\u00bb (Mt 11,28)\u201d<\/p><\/blockquote>\n<\/div>\n<\/div>\n<p>Y al meditar como Jes\u00fas fue clavado en la cruz, el Papa Francisco en su meditaci\u00f3n escribe: \u201cJes\u00fas, te perforan las manos y los pies con clavos, lacerando tu carne, y justo ahora, mientras el dolor f\u00edsico se hace m\u00e1s insoportable, brota de tus labios la oraci\u00f3n imposible, perdonas al que te est\u00e1 hundiendo los clavos en las mu\u00f1ecas. Y no s\u00f3lo una vez, sino muchas veces, como recuerda el Evangelio, con ese verbo que indica una acci\u00f3n repetida,\u00a0<i>dec\u00edas\u00a0<\/i>\u2018Padre, perdona\u2019. Por eso, contigo, Jes\u00fas, tambi\u00e9n yo puedo encontrar el valor de elegir el perd\u00f3n que libera el coraz\u00f3n y relanza la vida\u201d.<\/p>\n<p><img loading=\"lazy\" decoding=\"async\" class=\"size-medium wp-image-97262 alignright\" src=\"https:\/\/exaudi.org\/wp-content\/uploads\/2024\/03\/cq5dam.web_.800.800-26-300x200.jpeg\" alt=\"\" width=\"300\" height=\"200\" srcset=\"https:\/\/exaudi.org\/wp-content\/uploads\/2024\/03\/cq5dam.web_.800.800-26-300x200.jpeg 300w, https:\/\/exaudi.org\/wp-content\/uploads\/2024\/03\/cq5dam.web_.800.800-26-770x513.jpeg 770w, https:\/\/exaudi.org\/wp-content\/uploads\/2024\/03\/cq5dam.web_.800.800-26-360x240.jpeg?crop=1 360w, https:\/\/exaudi.org\/wp-content\/uploads\/2024\/03\/cq5dam.web_.800.800-26-500x333.jpeg 500w, https:\/\/exaudi.org\/wp-content\/uploads\/2024\/03\/cq5dam.web_.800.800-26-370x247.jpeg 370w, https:\/\/exaudi.org\/wp-content\/uploads\/2024\/03\/cq5dam.web_.800.800-26-293x195.jpeg 293w, https:\/\/exaudi.org\/wp-content\/uploads\/2024\/03\/cq5dam.web_.800.800-26-120x80.jpeg 120w, https:\/\/exaudi.org\/wp-content\/uploads\/2024\/03\/cq5dam.web_.800.800-26-240x160.jpeg 240w, https:\/\/exaudi.org\/wp-content\/uploads\/2024\/03\/cq5dam.web_.800.800-26-390x260.jpeg 390w, https:\/\/exaudi.org\/wp-content\/uploads\/2024\/03\/cq5dam.web_.800.800-26.jpeg 800w\" sizes=\"auto, (max-width: 300px) 100vw, 300px\" \/>Luego de muerte de Jes\u00fas en la Cruz, el Papa Francisco tambi\u00e9n hizo presente en su meditaci\u00f3n la perseverancia de Mar\u00eda que recibe en sus brazos a su Hijo muerto y destrozado: \u201cMar\u00eda, despu\u00e9s de tu &#8216;s\u00ed&#8217; el Verbo se hizo carne en tu seno; ahora yace en tu regazo su carne torturada. Aquel ni\u00f1o que tuviste en tus brazos ahora es un cad\u00e1ver destrozado. Sin embargo, ahora, en el momento m\u00e1s doloroso, resplandece la ofrenda de ti misma: una espada atraviesa tu alma y tu oraci\u00f3n sigue siendo un \u2018s\u00ed\u2019 a Dios\u201d.<\/p>\n<p>Y final de la meditaci\u00f3n, el Papa invita a suplicar de manera personal al Se\u00f1or, y pronunciando el nombre de Jes\u00fas con las siguientes invocaciones:<\/p>\n<p><i>Jes\u00fas, tu nombre salva, porque t\u00fa eres nuestra salvaci\u00f3n.<\/i><\/p>\n<p><i>Jes\u00fas, t\u00fa eres mi vida y para no perderme en el camino te necesito a ti, que perdonas y levantas, que sanas mi coraz\u00f3n y das sentido a mi dolor.<\/i><\/p>\n<p><i>Jes\u00fas, t\u00fa tomaste sobre ti mi maldad, y desde la cruz no me se\u00f1alas con el dedo, sino que me abrazas; t\u00fa, manso y humilde de coraz\u00f3n, s\u00e1name de la amargura y del resentimiento, l\u00edbrame del prejuicio y de la desconfianza.<\/i><\/p>\n<p><i>Jes\u00fas, te contemplo en la cruz y veo que se despliega ante mis ojos el amor, que da sentido a mi ser y es meta de mi camino. Ay\u00fadame a amar y a perdonar, a vencer la intolerancia y la indiferencia, a no quejarme.<\/i><\/p>\n<p><i>Jes\u00fas, en la cruz tienes sed, es sed de mi amor y de mi oraci\u00f3n; los necesitas para llevar a cabo tus planes de bien y de paz.<\/i><\/p>\n<p><i><img loading=\"lazy\" decoding=\"async\" class=\"size-medium wp-image-97265 alignleft\" src=\"https:\/\/exaudi.org\/wp-content\/uploads\/2024\/03\/cq5dam.web_.800.800-27-300x200.jpeg\" alt=\"\" width=\"300\" height=\"200\" srcset=\"https:\/\/exaudi.org\/wp-content\/uploads\/2024\/03\/cq5dam.web_.800.800-27-300x200.jpeg 300w, https:\/\/exaudi.org\/wp-content\/uploads\/2024\/03\/cq5dam.web_.800.800-27-770x513.jpeg 770w, https:\/\/exaudi.org\/wp-content\/uploads\/2024\/03\/cq5dam.web_.800.800-27-360x240.jpeg?crop=1 360w, https:\/\/exaudi.org\/wp-content\/uploads\/2024\/03\/cq5dam.web_.800.800-27-500x333.jpeg 500w, https:\/\/exaudi.org\/wp-content\/uploads\/2024\/03\/cq5dam.web_.800.800-27-370x247.jpeg 370w, https:\/\/exaudi.org\/wp-content\/uploads\/2024\/03\/cq5dam.web_.800.800-27-293x195.jpeg 293w, https:\/\/exaudi.org\/wp-content\/uploads\/2024\/03\/cq5dam.web_.800.800-27-120x80.jpeg 120w, https:\/\/exaudi.org\/wp-content\/uploads\/2024\/03\/cq5dam.web_.800.800-27-240x160.jpeg 240w, https:\/\/exaudi.org\/wp-content\/uploads\/2024\/03\/cq5dam.web_.800.800-27-390x260.jpeg 390w, https:\/\/exaudi.org\/wp-content\/uploads\/2024\/03\/cq5dam.web_.800.800-27.jpeg 800w\" sizes=\"auto, (max-width: 300px) 100vw, 300px\" \/>Jes\u00fas, te doy gracias por los que responden a tu invitaci\u00f3n y tienen la perseverancia de rezar, la valent\u00eda de creer y la constancia para seguir adelante a pesar de las dificultades.<\/i><\/p>\n<p><i>Jes\u00fas, te encomiendo a los pastores de tu pueblo santo: su oraci\u00f3n sostiene el reba\u00f1o; que encuentren tiempo para estar ante ti y que asemejen su coraz\u00f3n al tuyo.<\/i><\/p>\n<p><i>Jes\u00fas, te bendigo por las contemplativas y los contemplativos, cuya oraci\u00f3n, oculta al mundo, es agradable a ti. Protege a la Iglesia y a la humanidad.<\/i><\/p>\n<p><i>Jes\u00fas, traigo ante ti las familias y las personas que han rezado esta noche desde sus casas; a los ancianos, especialmente a los que est\u00e1n solos; a los enfermos, gemas de la Iglesia que unen sus sufrimientos a los tuyos.<\/i><\/p>\n<p><i>Jes\u00fas, que esta oraci\u00f3n de intercesi\u00f3n abrace a los hermanos y hermanas de tantas partes del mundo que sufren persecuci\u00f3n a causa de tu nombre; a los que padecen la tragedia de la guerra y a los que, sacando fuerzas de ti, cargan con pesadas cruces.<\/i><\/p>\n<p><i>Jes\u00fas, por tu cruz has hecho de todos nosotros una sola cosa: re\u00fane en comuni\u00f3n a los creyentes, inf\u00fandenos sentimientos fraternos y pacientes, ay\u00fadanos a cooperar y a caminar juntos; mant\u00e9n a la Iglesia y al mundo en la paz.<\/i><\/p>\n<p><i>Jes\u00fas, juez santo que me llamar\u00e1s por mi nombre, l\u00edbrame de juicios temerarios, chismes y palabras violentas y ofensivas.<\/i><\/p>\n<p><i>Jes\u00fas, que antes de morir dijiste \u201ctodo se ha cumplido\u201d. Yo, en mi miseria, no podr\u00e9 decirlo nunca. Pero conf\u00edo en ti, porque eres mi esperanza, la esperanza de la Iglesia y del mundo.<\/i><\/p>\n<p><i>Jes\u00fas, una palabra m\u00e1s quiero decirte y seguir repiti\u00e9ndote: \u00a1Gracias! Gracias, Se\u00f1or m\u00edo y Dios m\u00edo.<\/i><\/p>\n<div>\n<div class=\"article__embed article__embed--unwrap article__embed--photo\">\n<figure><\/figure>\n<p><iframe loading=\"lazy\" title=\"V\u00eda Crucis - 29 marzo 2024 - Papa Francisco\" width=\"500\" height=\"281\" src=\"https:\/\/www.youtube.com\/embed\/fciiLPy9s6Y?feature=oembed\" frameborder=\"0\" allow=\"accelerometer; autoplay; clipboard-write; encrypted-media; gyroscope; picture-in-picture; web-share\" referrerpolicy=\"strict-origin-when-cross-origin\" allowfullscreen><\/iframe><\/p>\n<\/div>\n<\/div>\n","protected":false},"excerpt":{"rendered":"<p>V\u00eda Crucis del Papa Francisco en el Coliseo<\/p>\n","protected":false},"author":15,"featured_media":97255,"comment_status":"closed","ping_status":"closed","sticky":false,"template":"","format":"standard","meta":{"_acf_changed":false,"_crdt_document":"","inline_featured_image":false,"footnotes":""},"categories":[68],"tags":[6150,4953,439,1089],"class_list":["post-97254","post","type-post","status-publish","format-standard","has-post-thumbnail","hentry","category-leon-xiv","tag-coliseo","tag-trending-es","tag-via-crucis","tag-viernes-santo"],"acf":[],"yoast_head":"<!-- This site is optimized with the Yoast SEO plugin v27.5 - https:\/\/yoast.com\/product\/yoast-seo-wordpress\/ -->\n<title>V\u00eda Crucis: Jes\u00fas, tu nombre salva, porque t\u00fa eres nuestra salvaci\u00f3n &#8211; Exaudi<\/title>\n<meta name=\"robots\" content=\"index, follow, max-snippet:-1, max-image-preview:large, max-video-preview:-1\" \/>\n<link rel=\"canonical\" href=\"https:\/\/exaudi.org\/es\/via-crucis-jesus-tu-nombre-salva-porque-tu-eres-nuestra-salvacion\/\" \/>\n<meta property=\"og:locale\" content=\"es_ES\" \/>\n<meta property=\"og:type\" content=\"article\" \/>\n<meta property=\"og:title\" content=\"V\u00eda Crucis: Jes\u00fas, tu nombre salva, porque t\u00fa eres nuestra salvaci\u00f3n &#8211; Exaudi\" \/>\n<meta property=\"og:description\" content=\"V\u00eda Crucis del Papa Francisco en el Coliseo\" \/>\n<meta property=\"og:url\" content=\"https:\/\/exaudi.org\/es\/via-crucis-jesus-tu-nombre-salva-porque-tu-eres-nuestra-salvacion\/\" \/>\n<meta property=\"og:site_name\" content=\"Exaudi\" \/>\n<meta property=\"article:publisher\" content=\"https:\/\/www.facebook.com\/ExaudiNews\" \/>\n<meta property=\"article:author\" content=\"https:\/\/www.facebook.com\/ExaudiNoticias\/\" \/>\n<meta property=\"article:published_time\" content=\"2024-03-30T08:18:23+00:00\" \/>\n<meta property=\"article:modified_time\" content=\"2024-03-30T08:28:03+00:00\" \/>\n<meta property=\"og:image\" content=\"https:\/\/exaudi.org\/wp-content\/uploads\/2024\/03\/cq5dam.web_.800.800-24.jpeg\" \/>\n\t<meta property=\"og:image:width\" content=\"800\" \/>\n\t<meta property=\"og:image:height\" content=\"533\" \/>\n\t<meta property=\"og:image:type\" content=\"image\/jpeg\" \/>\n<meta name=\"author\" content=\"Exaudi Redacci\u00f3n\" \/>\n<meta name=\"twitter:card\" content=\"summary_large_image\" \/>\n<meta name=\"twitter:creator\" content=\"@Exaudi_noticias\" \/>\n<meta name=\"twitter:site\" content=\"@Exaudi_News\" \/>\n<meta name=\"twitter:label1\" content=\"Escrito por\" \/>\n\t<meta name=\"twitter:data1\" content=\"Exaudi Redacci\u00f3n\" \/>\n\t<meta name=\"twitter:label2\" content=\"Tiempo de lectura\" \/>\n\t<meta name=\"twitter:data2\" content=\"6 minutos\" \/>\n<script type=\"application\/ld+json\" class=\"yoast-schema-graph\">{\"@context\":\"https:\\\/\\\/schema.org\",\"@graph\":[{\"@type\":\"Article\",\"@id\":\"https:\\\/\\\/exaudi.org\\\/es\\\/via-crucis-jesus-tu-nombre-salva-porque-tu-eres-nuestra-salvacion\\\/#article\",\"isPartOf\":{\"@id\":\"https:\\\/\\\/exaudi.org\\\/es\\\/via-crucis-jesus-tu-nombre-salva-porque-tu-eres-nuestra-salvacion\\\/\"},\"author\":{\"name\":\"Exaudi Redacci\u00f3n\",\"@id\":\"https:\\\/\\\/exaudi.org\\\/#\\\/schema\\\/person\\\/f5fc8f063065e38742da7afe15f25df7\"},\"headline\":\"V\u00eda Crucis: Jes\u00fas, tu nombre salva, porque t\u00fa eres nuestra salvaci\u00f3n\",\"datePublished\":\"2024-03-30T08:18:23+00:00\",\"dateModified\":\"2024-03-30T08:28:03+00:00\",\"mainEntityOfPage\":{\"@id\":\"https:\\\/\\\/exaudi.org\\\/es\\\/via-crucis-jesus-tu-nombre-salva-porque-tu-eres-nuestra-salvacion\\\/\"},\"wordCount\":1139,\"image\":{\"@id\":\"https:\\\/\\\/exaudi.org\\\/es\\\/via-crucis-jesus-tu-nombre-salva-porque-tu-eres-nuestra-salvacion\\\/#primaryimage\"},\"thumbnailUrl\":\"https:\\\/\\\/exaudi.org\\\/wp-content\\\/uploads\\\/2024\\\/03\\\/cq5dam.web_.800.800-24.jpeg\",\"keywords\":[\"Coliseo\",\"Trending\",\"Via Crucis\",\"Viernes Santo\"],\"articleSection\":[\"Le\u00f3n XIV\"],\"inLanguage\":\"es\"},{\"@type\":\"WebPage\",\"@id\":\"https:\\\/\\\/exaudi.org\\\/es\\\/via-crucis-jesus-tu-nombre-salva-porque-tu-eres-nuestra-salvacion\\\/\",\"url\":\"https:\\\/\\\/exaudi.org\\\/es\\\/via-crucis-jesus-tu-nombre-salva-porque-tu-eres-nuestra-salvacion\\\/\",\"name\":\"V\u00eda Crucis: Jes\u00fas, tu nombre salva, porque t\u00fa eres nuestra salvaci\u00f3n &#8211; Exaudi\",\"isPartOf\":{\"@id\":\"https:\\\/\\\/exaudi.org\\\/#website\"},\"primaryImageOfPage\":{\"@id\":\"https:\\\/\\\/exaudi.org\\\/es\\\/via-crucis-jesus-tu-nombre-salva-porque-tu-eres-nuestra-salvacion\\\/#primaryimage\"},\"image\":{\"@id\":\"https:\\\/\\\/exaudi.org\\\/es\\\/via-crucis-jesus-tu-nombre-salva-porque-tu-eres-nuestra-salvacion\\\/#primaryimage\"},\"thumbnailUrl\":\"https:\\\/\\\/exaudi.org\\\/wp-content\\\/uploads\\\/2024\\\/03\\\/cq5dam.web_.800.800-24.jpeg\",\"datePublished\":\"2024-03-30T08:18:23+00:00\",\"dateModified\":\"2024-03-30T08:28:03+00:00\",\"author\":{\"@id\":\"https:\\\/\\\/exaudi.org\\\/#\\\/schema\\\/person\\\/f5fc8f063065e38742da7afe15f25df7\"},\"breadcrumb\":{\"@id\":\"https:\\\/\\\/exaudi.org\\\/es\\\/via-crucis-jesus-tu-nombre-salva-porque-tu-eres-nuestra-salvacion\\\/#breadcrumb\"},\"inLanguage\":\"es\",\"potentialAction\":[{\"@type\":\"ReadAction\",\"target\":[\"https:\\\/\\\/exaudi.org\\\/es\\\/via-crucis-jesus-tu-nombre-salva-porque-tu-eres-nuestra-salvacion\\\/\"]}]},{\"@type\":\"ImageObject\",\"inLanguage\":\"es\",\"@id\":\"https:\\\/\\\/exaudi.org\\\/es\\\/via-crucis-jesus-tu-nombre-salva-porque-tu-eres-nuestra-salvacion\\\/#primaryimage\",\"url\":\"https:\\\/\\\/exaudi.org\\\/wp-content\\\/uploads\\\/2024\\\/03\\\/cq5dam.web_.800.800-24.jpeg\",\"contentUrl\":\"https:\\\/\\\/exaudi.org\\\/wp-content\\\/uploads\\\/2024\\\/03\\\/cq5dam.web_.800.800-24.jpeg\",\"width\":800,\"height\":533},{\"@type\":\"BreadcrumbList\",\"@id\":\"https:\\\/\\\/exaudi.org\\\/es\\\/via-crucis-jesus-tu-nombre-salva-porque-tu-eres-nuestra-salvacion\\\/#breadcrumb\",\"itemListElement\":[{\"@type\":\"ListItem\",\"position\":1,\"name\":\"Portada\",\"item\":\"https:\\\/\\\/exaudi.org\\\/es\\\/\"},{\"@type\":\"ListItem\",\"position\":2,\"name\":\"V\u00eda Crucis: Jes\u00fas, tu nombre salva, porque t\u00fa eres nuestra salvaci\u00f3n\"}]},{\"@type\":\"WebSite\",\"@id\":\"https:\\\/\\\/exaudi.org\\\/#website\",\"url\":\"https:\\\/\\\/exaudi.org\\\/\",\"name\":\"Exaudi\",\"description\":\"News\",\"potentialAction\":[{\"@type\":\"SearchAction\",\"target\":{\"@type\":\"EntryPoint\",\"urlTemplate\":\"https:\\\/\\\/exaudi.org\\\/?s={search_term_string}\"},\"query-input\":{\"@type\":\"PropertyValueSpecification\",\"valueRequired\":true,\"valueName\":\"search_term_string\"}}],\"inLanguage\":\"es\"},{\"@type\":\"Person\",\"@id\":\"https:\\\/\\\/exaudi.org\\\/#\\\/schema\\\/person\\\/f5fc8f063065e38742da7afe15f25df7\",\"name\":\"Exaudi Redacci\u00f3n\",\"image\":{\"@type\":\"ImageObject\",\"inLanguage\":\"es\",\"@id\":\"https:\\\/\\\/secure.gravatar.com\\\/avatar\\\/fe0f6a059fb68d9b3e11bc5850dd4899b1c7492091a3cb6dd9b01b56ad828be2?s=96&d=mm&r=g\",\"url\":\"https:\\\/\\\/secure.gravatar.com\\\/avatar\\\/fe0f6a059fb68d9b3e11bc5850dd4899b1c7492091a3cb6dd9b01b56ad828be2?s=96&d=mm&r=g\",\"contentUrl\":\"https:\\\/\\\/secure.gravatar.com\\\/avatar\\\/fe0f6a059fb68d9b3e11bc5850dd4899b1c7492091a3cb6dd9b01b56ad828be2?s=96&d=mm&r=g\",\"caption\":\"Exaudi Redacci\u00f3n\"},\"description\":\"\u00bfQu\u00e9 es Exaudi News? Exaudi News es un medio de comunicaci\u00f3n cat\u00f3lico internacional que informa, forma y transforma, diariamente en espa\u00f1ol, ingl\u00e9s e italiano. A trav\u00e9s de noticias, art\u00edculos de an\u00e1lisis y transmisiones en directo de los eventos del Papa, Exaudi busca fortalecer la unidad de los cristianos y contribuir a la evangelizaci\u00f3n del mundo, siempre guiados por la doctrina social de la Iglesia. Trabajamos para acercar la verdad y los valores cristianos a cada rinc\u00f3n del planeta. \u00a1Ay\u00fadanos a transformar el mundo con Exaudi! En Exaudi creemos que la evangelizaci\u00f3n y la informaci\u00f3n de calidad pueden cambiar vidas. Para continuar con nuestra misi\u00f3n y expandir nuestro alcance, necesitamos tu ayuda. Adem\u00e1s, buscamos personas comprometidas que deseen unirse a nuestro equipo. Con tu apoyo, lograremos llegar a m\u00e1s personas, difundir el mensaje de Cristo y reforzar la unidad de los cristianos. \u00bfTe unes a nuestra misi\u00f3n? Para m\u00e1s informaci\u00f3n sobre c\u00f3mo colaborar, visita Exaudi.org\\\/es o cont\u00e1ctanos directamente: info@exaudi.org Exaudi: Informa, forma y transforma.\",\"sameAs\":[\"https:\\\/\\\/www.facebook.com\\\/ExaudiNoticias\\\/\",\"https:\\\/\\\/www.instagram.com\\\/exaudi_noticias\\\/\",\"https:\\\/\\\/x.com\\\/Exaudi_noticias\",\"https:\\\/\\\/www.youtube.com\\\/@exaudicatholicnews\"],\"url\":\"https:\\\/\\\/exaudi.org\\\/es\\\/author\\\/redaccionexaudi\\\/\"}]}<\/script>\n<!-- \/ Yoast SEO plugin. -->","yoast_head_json":{"title":"V\u00eda Crucis: Jes\u00fas, tu nombre salva, porque t\u00fa eres nuestra salvaci\u00f3n &#8211; Exaudi","robots":{"index":"index","follow":"follow","max-snippet":"max-snippet:-1","max-image-preview":"max-image-preview:large","max-video-preview":"max-video-preview:-1"},"canonical":"https:\/\/exaudi.org\/es\/via-crucis-jesus-tu-nombre-salva-porque-tu-eres-nuestra-salvacion\/","og_locale":"es_ES","og_type":"article","og_title":"V\u00eda Crucis: Jes\u00fas, tu nombre salva, porque t\u00fa eres nuestra salvaci\u00f3n &#8211; Exaudi","og_description":"V\u00eda Crucis del Papa Francisco en el Coliseo","og_url":"https:\/\/exaudi.org\/es\/via-crucis-jesus-tu-nombre-salva-porque-tu-eres-nuestra-salvacion\/","og_site_name":"Exaudi","article_publisher":"https:\/\/www.facebook.com\/ExaudiNews","article_author":"https:\/\/www.facebook.com\/ExaudiNoticias\/","article_published_time":"2024-03-30T08:18:23+00:00","article_modified_time":"2024-03-30T08:28:03+00:00","og_image":[{"width":800,"height":533,"url":"https:\/\/exaudi.org\/wp-content\/uploads\/2024\/03\/cq5dam.web_.800.800-24.jpeg","type":"image\/jpeg"}],"author":"Exaudi Redacci\u00f3n","twitter_card":"summary_large_image","twitter_creator":"@Exaudi_noticias","twitter_site":"@Exaudi_News","twitter_misc":{"Escrito por":"Exaudi Redacci\u00f3n","Tiempo de lectura":"6 minutos"},"schema":{"@context":"https:\/\/schema.org","@graph":[{"@type":"Article","@id":"https:\/\/exaudi.org\/es\/via-crucis-jesus-tu-nombre-salva-porque-tu-eres-nuestra-salvacion\/#article","isPartOf":{"@id":"https:\/\/exaudi.org\/es\/via-crucis-jesus-tu-nombre-salva-porque-tu-eres-nuestra-salvacion\/"},"author":{"name":"Exaudi Redacci\u00f3n","@id":"https:\/\/exaudi.org\/#\/schema\/person\/f5fc8f063065e38742da7afe15f25df7"},"headline":"V\u00eda Crucis: Jes\u00fas, tu nombre salva, porque t\u00fa eres nuestra salvaci\u00f3n","datePublished":"2024-03-30T08:18:23+00:00","dateModified":"2024-03-30T08:28:03+00:00","mainEntityOfPage":{"@id":"https:\/\/exaudi.org\/es\/via-crucis-jesus-tu-nombre-salva-porque-tu-eres-nuestra-salvacion\/"},"wordCount":1139,"image":{"@id":"https:\/\/exaudi.org\/es\/via-crucis-jesus-tu-nombre-salva-porque-tu-eres-nuestra-salvacion\/#primaryimage"},"thumbnailUrl":"https:\/\/exaudi.org\/wp-content\/uploads\/2024\/03\/cq5dam.web_.800.800-24.jpeg","keywords":["Coliseo","Trending","Via Crucis","Viernes Santo"],"articleSection":["Le\u00f3n XIV"],"inLanguage":"es"},{"@type":"WebPage","@id":"https:\/\/exaudi.org\/es\/via-crucis-jesus-tu-nombre-salva-porque-tu-eres-nuestra-salvacion\/","url":"https:\/\/exaudi.org\/es\/via-crucis-jesus-tu-nombre-salva-porque-tu-eres-nuestra-salvacion\/","name":"V\u00eda Crucis: Jes\u00fas, tu nombre salva, porque t\u00fa eres nuestra salvaci\u00f3n &#8211; Exaudi","isPartOf":{"@id":"https:\/\/exaudi.org\/#website"},"primaryImageOfPage":{"@id":"https:\/\/exaudi.org\/es\/via-crucis-jesus-tu-nombre-salva-porque-tu-eres-nuestra-salvacion\/#primaryimage"},"image":{"@id":"https:\/\/exaudi.org\/es\/via-crucis-jesus-tu-nombre-salva-porque-tu-eres-nuestra-salvacion\/#primaryimage"},"thumbnailUrl":"https:\/\/exaudi.org\/wp-content\/uploads\/2024\/03\/cq5dam.web_.800.800-24.jpeg","datePublished":"2024-03-30T08:18:23+00:00","dateModified":"2024-03-30T08:28:03+00:00","author":{"@id":"https:\/\/exaudi.org\/#\/schema\/person\/f5fc8f063065e38742da7afe15f25df7"},"breadcrumb":{"@id":"https:\/\/exaudi.org\/es\/via-crucis-jesus-tu-nombre-salva-porque-tu-eres-nuestra-salvacion\/#breadcrumb"},"inLanguage":"es","potentialAction":[{"@type":"ReadAction","target":["https:\/\/exaudi.org\/es\/via-crucis-jesus-tu-nombre-salva-porque-tu-eres-nuestra-salvacion\/"]}]},{"@type":"ImageObject","inLanguage":"es","@id":"https:\/\/exaudi.org\/es\/via-crucis-jesus-tu-nombre-salva-porque-tu-eres-nuestra-salvacion\/#primaryimage","url":"https:\/\/exaudi.org\/wp-content\/uploads\/2024\/03\/cq5dam.web_.800.800-24.jpeg","contentUrl":"https:\/\/exaudi.org\/wp-content\/uploads\/2024\/03\/cq5dam.web_.800.800-24.jpeg","width":800,"height":533},{"@type":"BreadcrumbList","@id":"https:\/\/exaudi.org\/es\/via-crucis-jesus-tu-nombre-salva-porque-tu-eres-nuestra-salvacion\/#breadcrumb","itemListElement":[{"@type":"ListItem","position":1,"name":"Portada","item":"https:\/\/exaudi.org\/es\/"},{"@type":"ListItem","position":2,"name":"V\u00eda Crucis: Jes\u00fas, tu nombre salva, porque t\u00fa eres nuestra salvaci\u00f3n"}]},{"@type":"WebSite","@id":"https:\/\/exaudi.org\/#website","url":"https:\/\/exaudi.org\/","name":"Exaudi","description":"News","potentialAction":[{"@type":"SearchAction","target":{"@type":"EntryPoint","urlTemplate":"https:\/\/exaudi.org\/?s={search_term_string}"},"query-input":{"@type":"PropertyValueSpecification","valueRequired":true,"valueName":"search_term_string"}}],"inLanguage":"es"},{"@type":"Person","@id":"https:\/\/exaudi.org\/#\/schema\/person\/f5fc8f063065e38742da7afe15f25df7","name":"Exaudi Redacci\u00f3n","image":{"@type":"ImageObject","inLanguage":"es","@id":"https:\/\/secure.gravatar.com\/avatar\/fe0f6a059fb68d9b3e11bc5850dd4899b1c7492091a3cb6dd9b01b56ad828be2?s=96&d=mm&r=g","url":"https:\/\/secure.gravatar.com\/avatar\/fe0f6a059fb68d9b3e11bc5850dd4899b1c7492091a3cb6dd9b01b56ad828be2?s=96&d=mm&r=g","contentUrl":"https:\/\/secure.gravatar.com\/avatar\/fe0f6a059fb68d9b3e11bc5850dd4899b1c7492091a3cb6dd9b01b56ad828be2?s=96&d=mm&r=g","caption":"Exaudi Redacci\u00f3n"},"description":"\u00bfQu\u00e9 es Exaudi News? Exaudi News es un medio de comunicaci\u00f3n cat\u00f3lico internacional que informa, forma y transforma, diariamente en espa\u00f1ol, ingl\u00e9s e italiano. A trav\u00e9s de noticias, art\u00edculos de an\u00e1lisis y transmisiones en directo de los eventos del Papa, Exaudi busca fortalecer la unidad de los cristianos y contribuir a la evangelizaci\u00f3n del mundo, siempre guiados por la doctrina social de la Iglesia. Trabajamos para acercar la verdad y los valores cristianos a cada rinc\u00f3n del planeta. \u00a1Ay\u00fadanos a transformar el mundo con Exaudi! En Exaudi creemos que la evangelizaci\u00f3n y la informaci\u00f3n de calidad pueden cambiar vidas. Para continuar con nuestra misi\u00f3n y expandir nuestro alcance, necesitamos tu ayuda. Adem\u00e1s, buscamos personas comprometidas que deseen unirse a nuestro equipo. Con tu apoyo, lograremos llegar a m\u00e1s personas, difundir el mensaje de Cristo y reforzar la unidad de los cristianos. \u00bfTe unes a nuestra misi\u00f3n? Para m\u00e1s informaci\u00f3n sobre c\u00f3mo colaborar, visita Exaudi.org\/es o cont\u00e1ctanos directamente: info@exaudi.org Exaudi: Informa, forma y transforma.","sameAs":["https:\/\/www.facebook.com\/ExaudiNoticias\/","https:\/\/www.instagram.com\/exaudi_noticias\/","https:\/\/x.com\/Exaudi_noticias","https:\/\/www.youtube.com\/@exaudicatholicnews"],"url":"https:\/\/exaudi.org\/es\/author\/redaccionexaudi\/"}]}},"jetpack_featured_media_url":"https:\/\/exaudi.org\/wp-content\/uploads\/2024\/03\/cq5dam.web_.800.800-24.jpeg","jetpack_shortlink":"https:\/\/wp.me\/pgKjF2-piC","_links":{"self":[{"href":"https:\/\/exaudi.org\/es\/wp-json\/wp\/v2\/posts\/97254","targetHints":{"allow":["GET"]}}],"collection":[{"href":"https:\/\/exaudi.org\/es\/wp-json\/wp\/v2\/posts"}],"about":[{"href":"https:\/\/exaudi.org\/es\/wp-json\/wp\/v2\/types\/post"}],"author":[{"embeddable":true,"href":"https:\/\/exaudi.org\/es\/wp-json\/wp\/v2\/users\/15"}],"replies":[{"embeddable":true,"href":"https:\/\/exaudi.org\/es\/wp-json\/wp\/v2\/comments?post=97254"}],"version-history":[{"count":0,"href":"https:\/\/exaudi.org\/es\/wp-json\/wp\/v2\/posts\/97254\/revisions"}],"wp:featuredmedia":[{"embeddable":true,"href":"https:\/\/exaudi.org\/es\/wp-json\/wp\/v2\/media\/97255"}],"wp:attachment":[{"href":"https:\/\/exaudi.org\/es\/wp-json\/wp\/v2\/media?parent=97254"}],"wp:term":[{"taxonomy":"category","embeddable":true,"href":"https:\/\/exaudi.org\/es\/wp-json\/wp\/v2\/categories?post=97254"},{"taxonomy":"post_tag","embeddable":true,"href":"https:\/\/exaudi.org\/es\/wp-json\/wp\/v2\/tags?post=97254"}],"curies":[{"name":"wp","href":"https:\/\/api.w.org\/{rel}","templated":true}]}}