{"id":97220,"date":"2024-03-30T09:00:36","date_gmt":"2024-03-30T08:00:36","guid":{"rendered":"https:\/\/exaudi.org\/?p=97220"},"modified":"2024-03-29T10:06:45","modified_gmt":"2024-03-29T09:06:45","slug":"reflexion-de-mons-enrique-diaz-resucito","status":"publish","type":"post","link":"https:\/\/exaudi.org\/es\/reflexion-de-mons-enrique-diaz-resucito\/","title":{"rendered":"Reflexi\u00f3n de Mons. Enrique D\u00edaz: \u00a1RESUCIT\u00d3!"},"content":{"rendered":"<audio class=\"wp-audio-shortcode\" id=\"audio-97220-1\" preload=\"none\" style=\"width: 100%;\" controls=\"controls\"><source type=\"audio\/mpeg\" src=\"https:\/\/exaudi.org\/wp-content\/uploads\/2024\/03\/31-Marzo-Domingo-de-Resurreccion.mp3?_=1\" \/><a href=\"https:\/\/exaudi.org\/wp-content\/uploads\/2024\/03\/31-Marzo-Domingo-de-Resurreccion.mp3\">https:\/\/exaudi.org\/wp-content\/uploads\/2024\/03\/31-Marzo-Domingo-de-Resurreccion.mp3<\/a><\/audio>\n<p>Mons. Enrique D\u00edaz D\u00edaz comparte con los lectores de Exaudi su reflexi\u00f3n sobre el\u00a0<a href=\"https:\/\/www.dominicos.org\/predicacion\/homilia\/31-3-2024\/lecturas\/\" target=\"_blank\" rel=\"noopener\">Evangelio de este Domingo 31 de marzo de 2024<\/a>,\u00a0titulado:\u00a0<em>\u201c<\/em>\u00a1RESUCIT\u00d3!<em>\u201d<\/em><\/p>\n<p>***<\/p>\n<p>Ezequiel 36, 16 \u2013 18: <em>\u201cLos rociar\u00e9 con agua pura y les dar\u00e9 un coraz\u00f3n nuevo\u201d<\/em><\/p>\n<p>Romanos 6, 13-11: <em>\u201cCristo, una vez resucitado de entre los muertos, ya no morir\u00e1 nunca\u201d<\/em><\/p>\n<p>Salmo 117: <em>\u201c\u00a1Aleluya!, \u00a1Aleluya!\u201d<\/em><\/p>\n<p>San Marcos 16, 1-7: <em>\u201cJes\u00fas de Nazaret, que fue crucificado, resucit\u00f3\u201d<\/em><\/p>\n<p>\u00a1Resucit\u00f3! Es la noticia que las mujeres y los disc\u00edpulos llevan por todos los rincones. \u00a1Resucit\u00f3! Es la alegr\u00eda que invade sus corazones, que transforma sus miedos, que ilumina nuevos caminos. \u00a1Resucit\u00f3! Grito, experiencia, j\u00fabilo que no cabe en el coraz\u00f3n y que se desborda ba\u00f1ando de amor y comprensi\u00f3n a los hermanos. \u00a1Resucit\u00f3! Es tambi\u00e9n nuestro preg\u00f3n, nuestra propuesta y la raz\u00f3n de ser cristianos hoy. \u00a1Cristo vive y est\u00e1 en medio de nosotros! \u00a1Lo hemos visto! Lo hemos experimentado y renueva nuestra esperanza y nuestros anhelos y los deseos de una vida nueva. Resucitar es mucho m\u00e1s que revivir, es mucho m\u00e1s que retornar a la vida de siempre, es iniciar una nueva vida, llena de plenitud y de luz. Es vencer a la muerte y no esperarla ya nunca m\u00e1s. La resurrecci\u00f3n de Jes\u00fas es la se\u00f1al que el cristiano ofrece a la humanidad para mostrar que la muerte no es el final definitivo ni el destino del hombre. No estamos destinados al fracaso, sino que hemos sido creados y llamados a la vida y a la felicidad. Por eso en este d\u00eda resuena lleno de entusiasmo el grito de todos los disc\u00edpulos de Jes\u00fas: \u201cEl Se\u00f1or ha resucitado\u201d \u00a1Aleluya!<\/p>\n<p>Es mucho m\u00e1s que una tumba vac\u00eda. Algunos todav\u00eda siguen buscando un cuerpo y se acercan al sepulcro. Tambi\u00e9n las mujeres muy de madrugada, van al sepulcro, encuentran que la piedra ya estaba removida y la tumba vac\u00eda, y al llenarse de miedo un \u00e1ngel les conforta y les consuela: <em>\u201cNo se espanten. Buscan a Jes\u00fas de Nazaret, el que fue crucificado. No est\u00e1 aqu\u00ed: ha resucitado. Miren el sitio donde lo hab\u00edan puesto. Vayan a anunciarlo a sus disc\u00edpulos\u201d.\u00a0 <\/em>Y as\u00ed, en lugar de estremecerse de espanto porque no est\u00e1 \u201cel cuerpo\u201d, su esp\u00edritu se llena de alegr\u00eda y corren anunciarlo porque han experimentado que el Se\u00f1or ha resucitado y que lo ver\u00e1n en Galilea.<\/p>\n<p>Es mucho m\u00e1s que una piedra removida, un sudario doblado y unos lienzos abandonados. Es habituarse a la luz, al amor, a la libertad y a la paz. Todo empieza de nuevo. Dios, fiel a su palabra, se\u00f1or de lo imposible, se revela en este triunfo de su Mes\u00edas. La debilidad ha superado la fuerza, la violencia, el odio y la corrupci\u00f3n. El perd\u00f3n se toma revancha y vence a la traici\u00f3n, al abandono y la negaci\u00f3n. Dios, removiendo la piedra, renueva nuestra esperanza y nos env\u00eda por los caminos de nuestro mundo a gritar la vida, ah\u00ed donde haya muerte, donde haya guerra, donde haya destrucci\u00f3n.<\/p>\n<p>Es el cambio que transforma a Mar\u00eda Magdalena y sus acompa\u00f1antes, en mensajeras de la gran novedad: \u00a1El Se\u00f1or ha resucitado! Y son precisamente ellas, las d\u00e9biles y despreciadas, a quienes se les niega la palabra, las que no cuentan en las posesiones y poderes del mundo, ellas son las que dan fuerza y credibilidad a este anuncio. El Se\u00f1or se les ha aparecido y las ha enviado. Por eso hoy toda mujer debe convertirse en testigo de resurrecci\u00f3n, en defensora de la vida verdadera, en constructora de este nuevo mundo propuesto por Jes\u00fas. Deben destruir las ataduras de lo antiguo y de la muerte, del odio, de la divisi\u00f3n y del ego\u00edsmo.<\/p>\n<p>Celebrar la Pascua es mucho m\u00e1s que ser espectadores de este evento inaudito, o\u00edr su narraci\u00f3n por en\u00e9sima vez y regresar a casa con la sensaci\u00f3n de haber vivido un espect\u00e1culo bello. Es vivirlo juntamente con su protagonista, es tomar parte. Se trata de morir y ser sepultados con \u00c9l. Se requiere acercarse al sepulcro, no para terminar\u00a0 sepultados en el desaliento y en la tristeza, sino para participar de su nueva vida y llevar esta vida por todos los lugares. No es posible celebrar la Pascua si no hacemos el \u201cpaso\u201d de internarnos en la oscuridad de la muerte a todas las propuestas del mundo, para renacer a un vigoroso empe\u00f1o por la nueva luz del Resucitado. No se trata de limpiar bellamente el sepulcro vac\u00edo y postrarnos en silencio, sino entender los signos, acoger con fe una revelaci\u00f3n, un testimonio y una experiencia de Jes\u00fas resucitado. Adelante, pues, no es hora de temores y vacilaciones. El miedo ha sido vencido, ha terminado la noche, ha nacido un nuevo mundo. Una nueva primavera va brotando de los a\u00f1osos troncos que parec\u00edan perdidos. La enorme piedra que cerraba nuestro viejo mundo, sofocante y pecador, en el que permanec\u00edamos prisioneros y al cual nos resign\u00e1bamos, ha sido botada lejos por la Resurrecci\u00f3n de Cristo. Debemos salir de nuestro silencio y de la prisi\u00f3n, \u00c9l nos hace pasar a un mundo nuevo.<\/p>\n<p>En este d\u00eda de la Resurrecci\u00f3n contemplemos el triunfo de Jes\u00fas, experimentemos su presencia, y despu\u00e9s, miremos nuestra vida diaria y respondamos: \u00bfsoy testigo de la Resurrecci\u00f3n? \u00bfC\u00f3mo manifiesto mi alegr\u00eda, mi esperanza, mi sano optimismo sabiendo que la \u00faltima palabra la tiene el bien, el amor, Dios? Mi fe en la Resurrecci\u00f3n de Jes\u00fas \u00bfme compromete en una lucha por la vida en todos sus niveles?<\/p>\n<p><em>Dios nuestro, que por medio de tu Hijo venciste a la muerte y nos has abierto las puertas de la vida eterna, concede a quienes celebramos hoy la Pascua de Resurrecci\u00f3n, resucitar tambi\u00e9n a una nueva vida, renovados por la gracia del Esp\u00edritu Santo. Am\u00e9n.<\/em><\/p>\n","protected":false},"excerpt":{"rendered":"<p>Domingo de Pascua de la Resurrecci\u00f3n del Se\u00f1or<\/p>\n","protected":false},"author":25,"featured_media":97221,"comment_status":"closed","ping_status":"closed","sticky":false,"template":"","format":"standard","meta":{"_acf_changed":false,"_crdt_document":"","inline_featured_image":false,"footnotes":""},"categories":[96,74],"tags":[5654,1372,414,13693,4953],"class_list":["post-97220","post","type-post","status-publish","format-standard","has-post-thumbnail","hentry","category-espiritualidad","category-iglesia-y-mundo","tag-enrique-diaz","tag-evangelio","tag-reflexion","tag-resucito","tag-trending-es"],"acf":[],"yoast_head":"<!-- This site is optimized with the Yoast SEO plugin v27.5 - https:\/\/yoast.com\/product\/yoast-seo-wordpress\/ -->\n<title>Reflexi\u00f3n de Mons. Enrique D\u00edaz: \u00a1RESUCIT\u00d3! &#8211; Exaudi<\/title>\n<meta name=\"robots\" content=\"index, follow, max-snippet:-1, max-image-preview:large, max-video-preview:-1\" \/>\n<link rel=\"canonical\" href=\"https:\/\/exaudi.org\/es\/reflexion-de-mons-enrique-diaz-resucito\/\" \/>\n<meta property=\"og:locale\" content=\"es_ES\" \/>\n<meta property=\"og:type\" content=\"article\" \/>\n<meta property=\"og:title\" content=\"Reflexi\u00f3n de Mons. Enrique D\u00edaz: \u00a1RESUCIT\u00d3! &#8211; Exaudi\" \/>\n<meta property=\"og:description\" content=\"Domingo de Pascua de la Resurrecci\u00f3n del Se\u00f1or\" \/>\n<meta property=\"og:url\" content=\"https:\/\/exaudi.org\/es\/reflexion-de-mons-enrique-diaz-resucito\/\" \/>\n<meta property=\"og:site_name\" content=\"Exaudi\" \/>\n<meta property=\"article:publisher\" content=\"https:\/\/www.facebook.com\/ExaudiNews\" \/>\n<meta property=\"article:published_time\" content=\"2024-03-30T08:00:36+00:00\" \/>\n<meta property=\"og:image\" content=\"https:\/\/exaudi.org\/wp-content\/uploads\/2024\/03\/resurrection-of-christ-2358270_1280.jpg\" \/>\n\t<meta property=\"og:image:width\" content=\"1025\" \/>\n\t<meta property=\"og:image:height\" content=\"1280\" \/>\n\t<meta property=\"og:image:type\" content=\"image\/jpeg\" \/>\n<meta name=\"author\" content=\"Enrique D\u00edaz\" \/>\n<meta name=\"twitter:card\" content=\"summary_large_image\" \/>\n<meta name=\"twitter:creator\" content=\"@Exaudi_News\" \/>\n<meta name=\"twitter:site\" content=\"@Exaudi_News\" \/>\n<meta name=\"twitter:label1\" content=\"Escrito por\" \/>\n\t<meta name=\"twitter:data1\" content=\"Enrique D\u00edaz\" \/>\n\t<meta name=\"twitter:label2\" content=\"Tiempo de lectura\" \/>\n\t<meta name=\"twitter:data2\" content=\"5 minutos\" \/>\n<script type=\"application\/ld+json\" class=\"yoast-schema-graph\">{\"@context\":\"https:\\\/\\\/schema.org\",\"@graph\":[{\"@type\":\"Article\",\"@id\":\"https:\\\/\\\/exaudi.org\\\/es\\\/reflexion-de-mons-enrique-diaz-resucito\\\/#article\",\"isPartOf\":{\"@id\":\"https:\\\/\\\/exaudi.org\\\/es\\\/reflexion-de-mons-enrique-diaz-resucito\\\/\"},\"author\":{\"name\":\"Enrique D\u00edaz\",\"@id\":\"https:\\\/\\\/exaudi.org\\\/#\\\/schema\\\/person\\\/c02ffbd10830fa375f6882f7dcf1844d\"},\"headline\":\"Reflexi\u00f3n de Mons. Enrique D\u00edaz: \u00a1RESUCIT\u00d3!\",\"datePublished\":\"2024-03-30T08:00:36+00:00\",\"mainEntityOfPage\":{\"@id\":\"https:\\\/\\\/exaudi.org\\\/es\\\/reflexion-de-mons-enrique-diaz-resucito\\\/\"},\"wordCount\":1044,\"image\":{\"@id\":\"https:\\\/\\\/exaudi.org\\\/es\\\/reflexion-de-mons-enrique-diaz-resucito\\\/#primaryimage\"},\"thumbnailUrl\":\"https:\\\/\\\/exaudi.org\\\/wp-content\\\/uploads\\\/2024\\\/03\\\/resurrection-of-christ-2358270_1280.jpg\",\"keywords\":[\"Enrique D\u00edaz\",\"Evangelio\",\"Reflexi\u00f3n\",\"Resucit\u00f3\",\"Trending\"],\"articleSection\":[\"Espiritualidad\",\"Iglesia y Mundo\"],\"inLanguage\":\"es\"},{\"@type\":\"WebPage\",\"@id\":\"https:\\\/\\\/exaudi.org\\\/es\\\/reflexion-de-mons-enrique-diaz-resucito\\\/\",\"url\":\"https:\\\/\\\/exaudi.org\\\/es\\\/reflexion-de-mons-enrique-diaz-resucito\\\/\",\"name\":\"Reflexi\u00f3n de Mons. Enrique D\u00edaz: \u00a1RESUCIT\u00d3! &#8211; Exaudi\",\"isPartOf\":{\"@id\":\"https:\\\/\\\/exaudi.org\\\/#website\"},\"primaryImageOfPage\":{\"@id\":\"https:\\\/\\\/exaudi.org\\\/es\\\/reflexion-de-mons-enrique-diaz-resucito\\\/#primaryimage\"},\"image\":{\"@id\":\"https:\\\/\\\/exaudi.org\\\/es\\\/reflexion-de-mons-enrique-diaz-resucito\\\/#primaryimage\"},\"thumbnailUrl\":\"https:\\\/\\\/exaudi.org\\\/wp-content\\\/uploads\\\/2024\\\/03\\\/resurrection-of-christ-2358270_1280.jpg\",\"datePublished\":\"2024-03-30T08:00:36+00:00\",\"author\":{\"@id\":\"https:\\\/\\\/exaudi.org\\\/#\\\/schema\\\/person\\\/c02ffbd10830fa375f6882f7dcf1844d\"},\"breadcrumb\":{\"@id\":\"https:\\\/\\\/exaudi.org\\\/es\\\/reflexion-de-mons-enrique-diaz-resucito\\\/#breadcrumb\"},\"inLanguage\":\"es\",\"potentialAction\":[{\"@type\":\"ReadAction\",\"target\":[\"https:\\\/\\\/exaudi.org\\\/es\\\/reflexion-de-mons-enrique-diaz-resucito\\\/\"]}]},{\"@type\":\"ImageObject\",\"inLanguage\":\"es\",\"@id\":\"https:\\\/\\\/exaudi.org\\\/es\\\/reflexion-de-mons-enrique-diaz-resucito\\\/#primaryimage\",\"url\":\"https:\\\/\\\/exaudi.org\\\/wp-content\\\/uploads\\\/2024\\\/03\\\/resurrection-of-christ-2358270_1280.jpg\",\"contentUrl\":\"https:\\\/\\\/exaudi.org\\\/wp-content\\\/uploads\\\/2024\\\/03\\\/resurrection-of-christ-2358270_1280.jpg\",\"width\":1025,\"height\":1280},{\"@type\":\"BreadcrumbList\",\"@id\":\"https:\\\/\\\/exaudi.org\\\/es\\\/reflexion-de-mons-enrique-diaz-resucito\\\/#breadcrumb\",\"itemListElement\":[{\"@type\":\"ListItem\",\"position\":1,\"name\":\"Portada\",\"item\":\"https:\\\/\\\/exaudi.org\\\/es\\\/\"},{\"@type\":\"ListItem\",\"position\":2,\"name\":\"Reflexi\u00f3n de Mons. Enrique D\u00edaz: \u00a1RESUCIT\u00d3!\"}]},{\"@type\":\"WebSite\",\"@id\":\"https:\\\/\\\/exaudi.org\\\/#website\",\"url\":\"https:\\\/\\\/exaudi.org\\\/\",\"name\":\"Exaudi\",\"description\":\"News\",\"potentialAction\":[{\"@type\":\"SearchAction\",\"target\":{\"@type\":\"EntryPoint\",\"urlTemplate\":\"https:\\\/\\\/exaudi.org\\\/?s={search_term_string}\"},\"query-input\":{\"@type\":\"PropertyValueSpecification\",\"valueRequired\":true,\"valueName\":\"search_term_string\"}}],\"inLanguage\":\"es\"},{\"@type\":\"Person\",\"@id\":\"https:\\\/\\\/exaudi.org\\\/#\\\/schema\\\/person\\\/c02ffbd10830fa375f6882f7dcf1844d\",\"name\":\"Enrique D\u00edaz\",\"image\":{\"@type\":\"ImageObject\",\"inLanguage\":\"es\",\"@id\":\"https:\\\/\\\/secure.gravatar.com\\\/avatar\\\/7ca10be5325a95d04b74082d68ba605aa69611eb0f68f47096cb1bc349873284?s=96&d=mm&r=g\",\"url\":\"https:\\\/\\\/secure.gravatar.com\\\/avatar\\\/7ca10be5325a95d04b74082d68ba605aa69611eb0f68f47096cb1bc349873284?s=96&d=mm&r=g\",\"contentUrl\":\"https:\\\/\\\/secure.gravatar.com\\\/avatar\\\/7ca10be5325a95d04b74082d68ba605aa69611eb0f68f47096cb1bc349873284?s=96&d=mm&r=g\",\"caption\":\"Enrique D\u00edaz\"},\"description\":\"Naci\u00f3 en Huandacareo, Michoac\u00e1n, M\u00e9xico, en 1952. Realiz\u00f3 sus estudios de Filosof\u00eda y Teolog\u00eda en el Seminario de Morelia. Ordenado di\u00e1cono el 22 de mayo de 1977, y presb\u00edtero el 23 de octubre del mismo a\u00f1o. Obtuvo la Licenciatura en Sagrada Escritura en el Pontificio Instituto B\u00edblico en Roma. Ha desarrollado m\u00faltiples encargos pastorales como el de capell\u00e1n de la rector\u00eda de las Tres Aves Mar\u00edas; responsable de la Pastoral B\u00edblica Diocesana y director de la Escuela B\u00edblica en Morelia; maestro de Biblia en el Seminario Conciliar de Morelia, p\u00e1rroco de la Parroquia de Nuestra Se\u00f1ora de Guadalupe, Col. Guadalupe, Morelia; o vicario episcopal para la Zona de Nuestra Se\u00f1ora de la Luz, P\u00e1tzcuaro. Ordenado obispo auxiliar de san Crist\u00f3bal de las Casas en 2003. En la Conferencia Episcopal form\u00f3 parte de las Comisiones de Biblia, Diaconado y Ministerios Laicales. Fue responsable de las Dimensiones de Ministerios Laicales, de Educaci\u00f3n y Cultura. Ha participado en encuentros latinoamericanos y mundiales sobre el Diaconado Permanente. Actualmente es el responsable de la Dimensi\u00f3n de Pastoral de la Cultura. Particip\u00f3 como Miembro del S\u00ednodo de Obispos sobre la Palabra de Dios en la Vida y Misi\u00f3n de la Iglesia en Roma, en 2008. Recibi\u00f3 el nombramiento de obispo coadjutor de San Crist\u00f3bal de las Casas en 2014. Nombrado II obispo de Irapuato el d\u00eda 11 de marzo, tom\u00f3 posesi\u00f3n el 19 de Mayo. Colabora en varias revistas y publicaciones sobre todo con la reflexi\u00f3n diaria y dominical tanto en audio como escrita.\",\"url\":\"https:\\\/\\\/exaudi.org\\\/es\\\/author\\\/enriquediaz\\\/\"}]}<\/script>\n<!-- \/ Yoast SEO plugin. -->","yoast_head_json":{"title":"Reflexi\u00f3n de Mons. Enrique D\u00edaz: \u00a1RESUCIT\u00d3! &#8211; Exaudi","robots":{"index":"index","follow":"follow","max-snippet":"max-snippet:-1","max-image-preview":"max-image-preview:large","max-video-preview":"max-video-preview:-1"},"canonical":"https:\/\/exaudi.org\/es\/reflexion-de-mons-enrique-diaz-resucito\/","og_locale":"es_ES","og_type":"article","og_title":"Reflexi\u00f3n de Mons. Enrique D\u00edaz: \u00a1RESUCIT\u00d3! &#8211; Exaudi","og_description":"Domingo de Pascua de la Resurrecci\u00f3n del Se\u00f1or","og_url":"https:\/\/exaudi.org\/es\/reflexion-de-mons-enrique-diaz-resucito\/","og_site_name":"Exaudi","article_publisher":"https:\/\/www.facebook.com\/ExaudiNews","article_published_time":"2024-03-30T08:00:36+00:00","og_image":[{"width":1025,"height":1280,"url":"https:\/\/exaudi.org\/wp-content\/uploads\/2024\/03\/resurrection-of-christ-2358270_1280.jpg","type":"image\/jpeg"}],"author":"Enrique D\u00edaz","twitter_card":"summary_large_image","twitter_creator":"@Exaudi_News","twitter_site":"@Exaudi_News","twitter_misc":{"Escrito por":"Enrique D\u00edaz","Tiempo de lectura":"5 minutos"},"schema":{"@context":"https:\/\/schema.org","@graph":[{"@type":"Article","@id":"https:\/\/exaudi.org\/es\/reflexion-de-mons-enrique-diaz-resucito\/#article","isPartOf":{"@id":"https:\/\/exaudi.org\/es\/reflexion-de-mons-enrique-diaz-resucito\/"},"author":{"name":"Enrique D\u00edaz","@id":"https:\/\/exaudi.org\/#\/schema\/person\/c02ffbd10830fa375f6882f7dcf1844d"},"headline":"Reflexi\u00f3n de Mons. Enrique D\u00edaz: \u00a1RESUCIT\u00d3!","datePublished":"2024-03-30T08:00:36+00:00","mainEntityOfPage":{"@id":"https:\/\/exaudi.org\/es\/reflexion-de-mons-enrique-diaz-resucito\/"},"wordCount":1044,"image":{"@id":"https:\/\/exaudi.org\/es\/reflexion-de-mons-enrique-diaz-resucito\/#primaryimage"},"thumbnailUrl":"https:\/\/exaudi.org\/wp-content\/uploads\/2024\/03\/resurrection-of-christ-2358270_1280.jpg","keywords":["Enrique D\u00edaz","Evangelio","Reflexi\u00f3n","Resucit\u00f3","Trending"],"articleSection":["Espiritualidad","Iglesia y Mundo"],"inLanguage":"es"},{"@type":"WebPage","@id":"https:\/\/exaudi.org\/es\/reflexion-de-mons-enrique-diaz-resucito\/","url":"https:\/\/exaudi.org\/es\/reflexion-de-mons-enrique-diaz-resucito\/","name":"Reflexi\u00f3n de Mons. Enrique D\u00edaz: \u00a1RESUCIT\u00d3! &#8211; Exaudi","isPartOf":{"@id":"https:\/\/exaudi.org\/#website"},"primaryImageOfPage":{"@id":"https:\/\/exaudi.org\/es\/reflexion-de-mons-enrique-diaz-resucito\/#primaryimage"},"image":{"@id":"https:\/\/exaudi.org\/es\/reflexion-de-mons-enrique-diaz-resucito\/#primaryimage"},"thumbnailUrl":"https:\/\/exaudi.org\/wp-content\/uploads\/2024\/03\/resurrection-of-christ-2358270_1280.jpg","datePublished":"2024-03-30T08:00:36+00:00","author":{"@id":"https:\/\/exaudi.org\/#\/schema\/person\/c02ffbd10830fa375f6882f7dcf1844d"},"breadcrumb":{"@id":"https:\/\/exaudi.org\/es\/reflexion-de-mons-enrique-diaz-resucito\/#breadcrumb"},"inLanguage":"es","potentialAction":[{"@type":"ReadAction","target":["https:\/\/exaudi.org\/es\/reflexion-de-mons-enrique-diaz-resucito\/"]}]},{"@type":"ImageObject","inLanguage":"es","@id":"https:\/\/exaudi.org\/es\/reflexion-de-mons-enrique-diaz-resucito\/#primaryimage","url":"https:\/\/exaudi.org\/wp-content\/uploads\/2024\/03\/resurrection-of-christ-2358270_1280.jpg","contentUrl":"https:\/\/exaudi.org\/wp-content\/uploads\/2024\/03\/resurrection-of-christ-2358270_1280.jpg","width":1025,"height":1280},{"@type":"BreadcrumbList","@id":"https:\/\/exaudi.org\/es\/reflexion-de-mons-enrique-diaz-resucito\/#breadcrumb","itemListElement":[{"@type":"ListItem","position":1,"name":"Portada","item":"https:\/\/exaudi.org\/es\/"},{"@type":"ListItem","position":2,"name":"Reflexi\u00f3n de Mons. Enrique D\u00edaz: \u00a1RESUCIT\u00d3!"}]},{"@type":"WebSite","@id":"https:\/\/exaudi.org\/#website","url":"https:\/\/exaudi.org\/","name":"Exaudi","description":"News","potentialAction":[{"@type":"SearchAction","target":{"@type":"EntryPoint","urlTemplate":"https:\/\/exaudi.org\/?s={search_term_string}"},"query-input":{"@type":"PropertyValueSpecification","valueRequired":true,"valueName":"search_term_string"}}],"inLanguage":"es"},{"@type":"Person","@id":"https:\/\/exaudi.org\/#\/schema\/person\/c02ffbd10830fa375f6882f7dcf1844d","name":"Enrique D\u00edaz","image":{"@type":"ImageObject","inLanguage":"es","@id":"https:\/\/secure.gravatar.com\/avatar\/7ca10be5325a95d04b74082d68ba605aa69611eb0f68f47096cb1bc349873284?s=96&d=mm&r=g","url":"https:\/\/secure.gravatar.com\/avatar\/7ca10be5325a95d04b74082d68ba605aa69611eb0f68f47096cb1bc349873284?s=96&d=mm&r=g","contentUrl":"https:\/\/secure.gravatar.com\/avatar\/7ca10be5325a95d04b74082d68ba605aa69611eb0f68f47096cb1bc349873284?s=96&d=mm&r=g","caption":"Enrique D\u00edaz"},"description":"Naci\u00f3 en Huandacareo, Michoac\u00e1n, M\u00e9xico, en 1952. Realiz\u00f3 sus estudios de Filosof\u00eda y Teolog\u00eda en el Seminario de Morelia. Ordenado di\u00e1cono el 22 de mayo de 1977, y presb\u00edtero el 23 de octubre del mismo a\u00f1o. Obtuvo la Licenciatura en Sagrada Escritura en el Pontificio Instituto B\u00edblico en Roma. Ha desarrollado m\u00faltiples encargos pastorales como el de capell\u00e1n de la rector\u00eda de las Tres Aves Mar\u00edas; responsable de la Pastoral B\u00edblica Diocesana y director de la Escuela B\u00edblica en Morelia; maestro de Biblia en el Seminario Conciliar de Morelia, p\u00e1rroco de la Parroquia de Nuestra Se\u00f1ora de Guadalupe, Col. Guadalupe, Morelia; o vicario episcopal para la Zona de Nuestra Se\u00f1ora de la Luz, P\u00e1tzcuaro. Ordenado obispo auxiliar de san Crist\u00f3bal de las Casas en 2003. En la Conferencia Episcopal form\u00f3 parte de las Comisiones de Biblia, Diaconado y Ministerios Laicales. Fue responsable de las Dimensiones de Ministerios Laicales, de Educaci\u00f3n y Cultura. Ha participado en encuentros latinoamericanos y mundiales sobre el Diaconado Permanente. Actualmente es el responsable de la Dimensi\u00f3n de Pastoral de la Cultura. Particip\u00f3 como Miembro del S\u00ednodo de Obispos sobre la Palabra de Dios en la Vida y Misi\u00f3n de la Iglesia en Roma, en 2008. Recibi\u00f3 el nombramiento de obispo coadjutor de San Crist\u00f3bal de las Casas en 2014. Nombrado II obispo de Irapuato el d\u00eda 11 de marzo, tom\u00f3 posesi\u00f3n el 19 de Mayo. Colabora en varias revistas y publicaciones sobre todo con la reflexi\u00f3n diaria y dominical tanto en audio como escrita.","url":"https:\/\/exaudi.org\/es\/author\/enriquediaz\/"}]}},"jetpack_featured_media_url":"https:\/\/exaudi.org\/wp-content\/uploads\/2024\/03\/resurrection-of-christ-2358270_1280.jpg","jetpack_shortlink":"https:\/\/wp.me\/pgKjF2-pi4","_links":{"self":[{"href":"https:\/\/exaudi.org\/es\/wp-json\/wp\/v2\/posts\/97220","targetHints":{"allow":["GET"]}}],"collection":[{"href":"https:\/\/exaudi.org\/es\/wp-json\/wp\/v2\/posts"}],"about":[{"href":"https:\/\/exaudi.org\/es\/wp-json\/wp\/v2\/types\/post"}],"author":[{"embeddable":true,"href":"https:\/\/exaudi.org\/es\/wp-json\/wp\/v2\/users\/25"}],"replies":[{"embeddable":true,"href":"https:\/\/exaudi.org\/es\/wp-json\/wp\/v2\/comments?post=97220"}],"version-history":[{"count":0,"href":"https:\/\/exaudi.org\/es\/wp-json\/wp\/v2\/posts\/97220\/revisions"}],"wp:featuredmedia":[{"embeddable":true,"href":"https:\/\/exaudi.org\/es\/wp-json\/wp\/v2\/media\/97221"}],"wp:attachment":[{"href":"https:\/\/exaudi.org\/es\/wp-json\/wp\/v2\/media?parent=97220"}],"wp:term":[{"taxonomy":"category","embeddable":true,"href":"https:\/\/exaudi.org\/es\/wp-json\/wp\/v2\/categories?post=97220"},{"taxonomy":"post_tag","embeddable":true,"href":"https:\/\/exaudi.org\/es\/wp-json\/wp\/v2\/tags?post=97220"}],"curies":[{"name":"wp","href":"https:\/\/api.w.org\/{rel}","templated":true}]}}