{"id":97033,"date":"2024-03-26T08:55:43","date_gmt":"2024-03-26T07:55:43","guid":{"rendered":"https:\/\/exaudi.org\/?p=97033"},"modified":"2024-03-26T10:21:23","modified_gmt":"2024-03-26T09:21:23","slug":"150-anos-despues-ecuador-renueva-su-consagracion-al-sagrado-corazon-de-jesus","status":"publish","type":"post","link":"https:\/\/exaudi.org\/es\/150-anos-despues-ecuador-renueva-su-consagracion-al-sagrado-corazon-de-jesus\/","title":{"rendered":"150 a\u00f1os despu\u00e9s, Ecuador renueva su Consagraci\u00f3n al Sagrado Coraz\u00f3n de Jes\u00fas"},"content":{"rendered":"<audio class=\"wp-audio-shortcode\" id=\"audio-97033-1\" preload=\"none\" style=\"width: 100%;\" controls=\"controls\"><source type=\"audio\/mpeg\" src=\"https:\/\/exaudi.org\/wp-content\/uploads\/2024\/03\/150-anos-Ecuador-.mp3?_=1\" \/><a href=\"https:\/\/exaudi.org\/wp-content\/uploads\/2024\/03\/150-anos-Ecuador-.mp3\">https:\/\/exaudi.org\/wp-content\/uploads\/2024\/03\/150-anos-Ecuador-.mp3<\/a><\/audio>\n<p>Con una celebraci\u00f3n solemne, que fue presidida por el Arzobispo de Quito y Primado del Ecuador, Monse\u00f1or Alfredo Jos\u00e9 Espinoza Mateus, sdb, la tarde de este lunes 25 de marzo, la Iglesia cat\u00f3lica que peregrina en Ecuador renov\u00f3 su Consagraci\u00f3n al Sagrado Coraz\u00f3n de Jes\u00fas. La celebraci\u00f3n tuvo lugar con ocasi\u00f3n de la conmemoraci\u00f3n de los 150 a\u00f1os de la hist\u00f3rica consagraci\u00f3n, acontecimiento por el que el Papa Francisco escogi\u00f3 a Ecuador como sede del 53\u00b0 Congreso Eucar\u00edstico Internacional IEC2024.<\/p>\n<p>La celebraci\u00f3n, que se ofici\u00f3 en la Bas\u00edlica del Voto Nacional, fue concelebrada por los obispos auxiliares de la Arquidi\u00f3cesis de Quito y alrededor de 150 sacerdotes, y cont\u00f3 con la participaci\u00f3n de centenares de fieles, religiosas, religiosos, agentes de pastoral que llegaron para dar gracias a Dios y ser part\u00edcipes de este hist\u00f3rico acontecimiento.<\/p>\n<h3><strong>Renovaci\u00f3n para crear fraternidad<\/strong><\/h3>\n<p>En su homil\u00eda, Mons. Espinoza Mateus, hizo alusi\u00f3n a la necesidad de vivir la fraternidad universal, en el contexto del tema del 53\u00b0 Congreso Eucar\u00edstico Internacional: \u201cFraternidad para sanar el mundo\u201d.<\/p>\n<p>Destac\u00f3 que, con la renovaci\u00f3n de la consagraci\u00f3n, Ecuador pone \u201csu coraz\u00f3n en el Coraz\u00f3n de Jes\u00fas para amar, para servir, para abrir sus brazos, para mirar la realidad y, para crear fraternidad\u201d.<\/p>\n<p>As\u00ed tambi\u00e9n, hizo un llamado a \u201cescuchar la realidad de nuestros hermanos, de nuestro pr\u00f3jimo, del desvalido que clama justicia\u201d y enfatiz\u00f3 en que el \u201ccamino hacia la libertad empieza por la escucha al hermano y a Dios en la realidad\u201d.<\/p>\n<p>Monse\u00f1or Alfredo Espinoza subray\u00f3 que la renovaci\u00f3n de la Consagraci\u00f3n \u201ces ir contra el pecado de la indiferencia que puede anidar en nuestro coraz\u00f3n\u201d y record\u00f3 las palabras del Papa Francisco que cuestiona que \u201cla cultura de la indiferencia domine nuestras vidas, nuestras\u00a0 ciudades, nuestro modo de vivir\u201d.<\/p>\n<h3><strong>\u201cTodo es tuyo, salva al Ecuador\u201d<\/strong><\/h3>\n<p>En la parte final de su homil\u00eda, Monse\u00f1or Alfredo Jos\u00e9 insisti\u00f3 que ante la situaci\u00f3n de violencia que vive el pa\u00eds es momento de \u201cvolver a renovar nuestra Consagraci\u00f3n, de volver a decir de una vez y para siempre: \u201c\u00a1Todo es tuyo, salva al Ecuador!\u201d.<\/p>\n<p>150 a\u00f1os de una hist\u00f3rica consagraci\u00f3n<\/p>\n<p>La historia de la devoci\u00f3n al Sagrado Coraz\u00f3n de Jes\u00fas comenz\u00f3 en el siglo XVI y no tard\u00f3 mucho en llegar a Ecuador, a trav\u00e9s de los sacerdotes jesuitas. A partir de all\u00ed, se qued\u00f3 en nuestro pa\u00eds, naci\u00f3n bendecida y llena de gracias y dones; \u201cdetalles del Se\u00f1or\u201d, lo llamar\u00edan algunos.<\/p>\n<p>Ecuador fue el primer pa\u00eds en consagrarse al Sagrado Coraz\u00f3n de Jes\u00fas y el primer pa\u00eds en el que se llev\u00f3 a cabo un Congreso Eucar\u00edstico Nacional. Ahora, casi 140 a\u00f1os m\u00e1s tarde, Ecuador ser\u00e1 la sede del 53\u00b0 Congreso Eucar\u00edstico Internacional, el encuentro m\u00e1s importante de la Iglesia Cat\u00f3lica.<\/p>\n<p>Seg\u00fan el Papa Francisco, este gran encuentro eclesial \u201cpondr\u00e1 de manifiesto la fecundidad de la Eucarist\u00eda para la evangelizaci\u00f3n y la renovaci\u00f3n de la fe en el continente latinoamericano\u201d.<\/p>\n<h3><strong>Fraternidad para sanar el mundo<\/strong><\/h3>\n<p>El Congreso Eucar\u00edstico Internacional que se realizar\u00e1 del 8 al 15 de septiembre de 2024 tiene como tema \u201cFraternidad para sanar el mundo\u201d y ser\u00e1 iluminado por la frase b\u00edblica \u201cUstedes son todos hermanos\u201d (Mt 23,8).<\/p>\n<p>El llamado a crear y vivir la fraternidad responde a la urgencia que tiene la sociedad de hoy para sanar las heridas que sufren varios pa\u00edses de Am\u00e9rica Latina y el mundo, a consecuencia de la pobreza, la injusticia, la desigualdad y los conflictos sociopol\u00edticos.<\/p>\n<p>Seg\u00fan se destaca en el Documento Base preparado para el Congreso Eucar\u00edstico Internacional, \u201cLa pobreza y la desigualdad en Am\u00e9rica Latina son una llaga que se profundiza en lugar de aliviarse. La pandemia y sus consecuencias, el contexto mundial agravado en lo pol\u00edtico, econ\u00f3mico y militar, as\u00ed como la polarizaci\u00f3n ideol\u00f3gica, parecen cerrar las puertas a los<br \/>\nesfuerzos de desarrollo y anhelos de liberaci\u00f3n\u201d.<\/p>\n<p><strong>M\u00e1s informaci\u00f3n:\u00a0<\/strong><a href=\"https:\/\/www.iec2024.ec\/congreso-eucaristico\/\" target=\"_blank\" rel=\"noopener\">Web<\/a>, Mail: oficinadeprensa@iec2024.ec, <a href=\"https:\/\/www.facebook.com\/IEC2024Quito\" target=\"_blank\" rel=\"noopener\">Facebook<\/a>, <a href=\"https:\/\/www.instagram.com\/iec2024quito\/\" target=\"_blank\" rel=\"noopener\">Instagram<\/a>, <a href=\"https:\/\/twitter.com\/iec2024quito\" target=\"_blank\" rel=\"noopener\">X<\/a>, <a href=\"https:\/\/www.youtube.com\/@IEC2024Quito\" target=\"_blank\" rel=\"noopener\">Youtube<\/a>, Tel\u00e9fonos: 09-90377993 \/ 09-94863539<\/p>\n","protected":false},"excerpt":{"rendered":"<p>Fraternidad para sanar el mundo. \u00abUstedes son todos hermanos\u00bb, Mateo 23,8<\/p>\n","protected":false},"author":15,"featured_media":97035,"comment_status":"closed","ping_status":"closed","sticky":false,"template":"","format":"standard","meta":{"_acf_changed":false,"_crdt_document":"","inline_featured_image":false,"footnotes":""},"categories":[74],"tags":[1058,2764,13646,4953],"class_list":["post-97033","post","type-post","status-publish","format-standard","has-post-thumbnail","hentry","category-iglesia-y-mundo","tag-ecuador-es","tag-sagrado-corazon-de-jesus","tag-signis-alc","tag-trending-es"],"acf":[],"yoast_head":"<!-- This site is optimized with the Yoast SEO plugin v27.5 - https:\/\/yoast.com\/product\/yoast-seo-wordpress\/ -->\n<title>150 a\u00f1os despu\u00e9s, Ecuador renueva su Consagraci\u00f3n al Sagrado Coraz\u00f3n de Jes\u00fas &#8211; Exaudi<\/title>\n<meta name=\"robots\" content=\"index, follow, max-snippet:-1, max-image-preview:large, max-video-preview:-1\" \/>\n<link rel=\"canonical\" href=\"https:\/\/exaudi.org\/es\/150-anos-despues-ecuador-renueva-su-consagracion-al-sagrado-corazon-de-jesus\/\" \/>\n<meta property=\"og:locale\" content=\"es_ES\" \/>\n<meta property=\"og:type\" content=\"article\" \/>\n<meta property=\"og:title\" content=\"150 a\u00f1os despu\u00e9s, Ecuador renueva su Consagraci\u00f3n al Sagrado Coraz\u00f3n de Jes\u00fas &#8211; Exaudi\" \/>\n<meta property=\"og:description\" content=\"Fraternidad para sanar el mundo. &quot;Ustedes son todos hermanos&quot;, Mateo 23,8\" \/>\n<meta property=\"og:url\" content=\"https:\/\/exaudi.org\/es\/150-anos-despues-ecuador-renueva-su-consagracion-al-sagrado-corazon-de-jesus\/\" \/>\n<meta property=\"og:site_name\" content=\"Exaudi\" \/>\n<meta property=\"article:publisher\" content=\"https:\/\/www.facebook.com\/ExaudiNews\" \/>\n<meta property=\"article:author\" content=\"https:\/\/www.facebook.com\/ExaudiNoticias\/\" \/>\n<meta property=\"article:published_time\" content=\"2024-03-26T07:55:43+00:00\" \/>\n<meta property=\"article:modified_time\" content=\"2024-03-26T09:21:23+00:00\" \/>\n<meta property=\"og:image\" content=\"https:\/\/exaudi.org\/wp-content\/uploads\/2024\/03\/346315203_648260620464722_5265772400817620283_n.jpg\" \/>\n\t<meta property=\"og:image:width\" content=\"500\" \/>\n\t<meta property=\"og:image:height\" content=\"500\" \/>\n\t<meta property=\"og:image:type\" content=\"image\/jpeg\" \/>\n<meta name=\"author\" content=\"Exaudi Redacci\u00f3n\" \/>\n<meta name=\"twitter:card\" content=\"summary_large_image\" \/>\n<meta name=\"twitter:creator\" content=\"@Exaudi_noticias\" \/>\n<meta name=\"twitter:site\" content=\"@Exaudi_News\" \/>\n<meta name=\"twitter:label1\" content=\"Escrito por\" \/>\n\t<meta name=\"twitter:data1\" content=\"Exaudi Redacci\u00f3n\" \/>\n\t<meta name=\"twitter:label2\" content=\"Tiempo de lectura\" \/>\n\t<meta name=\"twitter:data2\" content=\"4 minutos\" \/>\n<script type=\"application\/ld+json\" class=\"yoast-schema-graph\">{\"@context\":\"https:\\\/\\\/schema.org\",\"@graph\":[{\"@type\":\"Article\",\"@id\":\"https:\\\/\\\/exaudi.org\\\/es\\\/150-anos-despues-ecuador-renueva-su-consagracion-al-sagrado-corazon-de-jesus\\\/#article\",\"isPartOf\":{\"@id\":\"https:\\\/\\\/exaudi.org\\\/es\\\/150-anos-despues-ecuador-renueva-su-consagracion-al-sagrado-corazon-de-jesus\\\/\"},\"author\":{\"name\":\"Exaudi Redacci\u00f3n\",\"@id\":\"https:\\\/\\\/exaudi.org\\\/#\\\/schema\\\/person\\\/f5fc8f063065e38742da7afe15f25df7\"},\"headline\":\"150 a\u00f1os despu\u00e9s, Ecuador renueva su Consagraci\u00f3n al Sagrado Coraz\u00f3n de Jes\u00fas\",\"datePublished\":\"2024-03-26T07:55:43+00:00\",\"dateModified\":\"2024-03-26T09:21:23+00:00\",\"mainEntityOfPage\":{\"@id\":\"https:\\\/\\\/exaudi.org\\\/es\\\/150-anos-despues-ecuador-renueva-su-consagracion-al-sagrado-corazon-de-jesus\\\/\"},\"wordCount\":738,\"image\":{\"@id\":\"https:\\\/\\\/exaudi.org\\\/es\\\/150-anos-despues-ecuador-renueva-su-consagracion-al-sagrado-corazon-de-jesus\\\/#primaryimage\"},\"thumbnailUrl\":\"https:\\\/\\\/exaudi.org\\\/wp-content\\\/uploads\\\/2024\\\/03\\\/346315203_648260620464722_5265772400817620283_n.jpg\",\"keywords\":[\"ecuador\",\"Sagrado Coraz\u00f3n de Jes\u00fas\",\"SIGNIS ALC\",\"Trending\"],\"articleSection\":[\"Iglesia y Mundo\"],\"inLanguage\":\"es\"},{\"@type\":\"WebPage\",\"@id\":\"https:\\\/\\\/exaudi.org\\\/es\\\/150-anos-despues-ecuador-renueva-su-consagracion-al-sagrado-corazon-de-jesus\\\/\",\"url\":\"https:\\\/\\\/exaudi.org\\\/es\\\/150-anos-despues-ecuador-renueva-su-consagracion-al-sagrado-corazon-de-jesus\\\/\",\"name\":\"150 a\u00f1os despu\u00e9s, Ecuador renueva su Consagraci\u00f3n al Sagrado Coraz\u00f3n de Jes\u00fas &#8211; Exaudi\",\"isPartOf\":{\"@id\":\"https:\\\/\\\/exaudi.org\\\/#website\"},\"primaryImageOfPage\":{\"@id\":\"https:\\\/\\\/exaudi.org\\\/es\\\/150-anos-despues-ecuador-renueva-su-consagracion-al-sagrado-corazon-de-jesus\\\/#primaryimage\"},\"image\":{\"@id\":\"https:\\\/\\\/exaudi.org\\\/es\\\/150-anos-despues-ecuador-renueva-su-consagracion-al-sagrado-corazon-de-jesus\\\/#primaryimage\"},\"thumbnailUrl\":\"https:\\\/\\\/exaudi.org\\\/wp-content\\\/uploads\\\/2024\\\/03\\\/346315203_648260620464722_5265772400817620283_n.jpg\",\"datePublished\":\"2024-03-26T07:55:43+00:00\",\"dateModified\":\"2024-03-26T09:21:23+00:00\",\"author\":{\"@id\":\"https:\\\/\\\/exaudi.org\\\/#\\\/schema\\\/person\\\/f5fc8f063065e38742da7afe15f25df7\"},\"breadcrumb\":{\"@id\":\"https:\\\/\\\/exaudi.org\\\/es\\\/150-anos-despues-ecuador-renueva-su-consagracion-al-sagrado-corazon-de-jesus\\\/#breadcrumb\"},\"inLanguage\":\"es\",\"potentialAction\":[{\"@type\":\"ReadAction\",\"target\":[\"https:\\\/\\\/exaudi.org\\\/es\\\/150-anos-despues-ecuador-renueva-su-consagracion-al-sagrado-corazon-de-jesus\\\/\"]}]},{\"@type\":\"ImageObject\",\"inLanguage\":\"es\",\"@id\":\"https:\\\/\\\/exaudi.org\\\/es\\\/150-anos-despues-ecuador-renueva-su-consagracion-al-sagrado-corazon-de-jesus\\\/#primaryimage\",\"url\":\"https:\\\/\\\/exaudi.org\\\/wp-content\\\/uploads\\\/2024\\\/03\\\/346315203_648260620464722_5265772400817620283_n.jpg\",\"contentUrl\":\"https:\\\/\\\/exaudi.org\\\/wp-content\\\/uploads\\\/2024\\\/03\\\/346315203_648260620464722_5265772400817620283_n.jpg\",\"width\":500,\"height\":500},{\"@type\":\"BreadcrumbList\",\"@id\":\"https:\\\/\\\/exaudi.org\\\/es\\\/150-anos-despues-ecuador-renueva-su-consagracion-al-sagrado-corazon-de-jesus\\\/#breadcrumb\",\"itemListElement\":[{\"@type\":\"ListItem\",\"position\":1,\"name\":\"Portada\",\"item\":\"https:\\\/\\\/exaudi.org\\\/es\\\/\"},{\"@type\":\"ListItem\",\"position\":2,\"name\":\"150 a\u00f1os despu\u00e9s, Ecuador renueva su Consagraci\u00f3n al Sagrado Coraz\u00f3n de Jes\u00fas\"}]},{\"@type\":\"WebSite\",\"@id\":\"https:\\\/\\\/exaudi.org\\\/#website\",\"url\":\"https:\\\/\\\/exaudi.org\\\/\",\"name\":\"Exaudi\",\"description\":\"News\",\"potentialAction\":[{\"@type\":\"SearchAction\",\"target\":{\"@type\":\"EntryPoint\",\"urlTemplate\":\"https:\\\/\\\/exaudi.org\\\/?s={search_term_string}\"},\"query-input\":{\"@type\":\"PropertyValueSpecification\",\"valueRequired\":true,\"valueName\":\"search_term_string\"}}],\"inLanguage\":\"es\"},{\"@type\":\"Person\",\"@id\":\"https:\\\/\\\/exaudi.org\\\/#\\\/schema\\\/person\\\/f5fc8f063065e38742da7afe15f25df7\",\"name\":\"Exaudi Redacci\u00f3n\",\"image\":{\"@type\":\"ImageObject\",\"inLanguage\":\"es\",\"@id\":\"https:\\\/\\\/secure.gravatar.com\\\/avatar\\\/fe0f6a059fb68d9b3e11bc5850dd4899b1c7492091a3cb6dd9b01b56ad828be2?s=96&d=mm&r=g\",\"url\":\"https:\\\/\\\/secure.gravatar.com\\\/avatar\\\/fe0f6a059fb68d9b3e11bc5850dd4899b1c7492091a3cb6dd9b01b56ad828be2?s=96&d=mm&r=g\",\"contentUrl\":\"https:\\\/\\\/secure.gravatar.com\\\/avatar\\\/fe0f6a059fb68d9b3e11bc5850dd4899b1c7492091a3cb6dd9b01b56ad828be2?s=96&d=mm&r=g\",\"caption\":\"Exaudi Redacci\u00f3n\"},\"description\":\"\u00bfQu\u00e9 es Exaudi News? Exaudi News es un medio de comunicaci\u00f3n cat\u00f3lico internacional que informa, forma y transforma, diariamente en espa\u00f1ol, ingl\u00e9s e italiano. A trav\u00e9s de noticias, art\u00edculos de an\u00e1lisis y transmisiones en directo de los eventos del Papa, Exaudi busca fortalecer la unidad de los cristianos y contribuir a la evangelizaci\u00f3n del mundo, siempre guiados por la doctrina social de la Iglesia. Trabajamos para acercar la verdad y los valores cristianos a cada rinc\u00f3n del planeta. \u00a1Ay\u00fadanos a transformar el mundo con Exaudi! En Exaudi creemos que la evangelizaci\u00f3n y la informaci\u00f3n de calidad pueden cambiar vidas. Para continuar con nuestra misi\u00f3n y expandir nuestro alcance, necesitamos tu ayuda. Adem\u00e1s, buscamos personas comprometidas que deseen unirse a nuestro equipo. Con tu apoyo, lograremos llegar a m\u00e1s personas, difundir el mensaje de Cristo y reforzar la unidad de los cristianos. \u00bfTe unes a nuestra misi\u00f3n? Para m\u00e1s informaci\u00f3n sobre c\u00f3mo colaborar, visita Exaudi.org\\\/es o cont\u00e1ctanos directamente: info@exaudi.org Exaudi: Informa, forma y transforma.\",\"sameAs\":[\"https:\\\/\\\/www.facebook.com\\\/ExaudiNoticias\\\/\",\"https:\\\/\\\/www.instagram.com\\\/exaudi_noticias\\\/\",\"https:\\\/\\\/x.com\\\/Exaudi_noticias\",\"https:\\\/\\\/www.youtube.com\\\/@exaudicatholicnews\"],\"url\":\"https:\\\/\\\/exaudi.org\\\/es\\\/author\\\/redaccionexaudi\\\/\"}]}<\/script>\n<!-- \/ Yoast SEO plugin. -->","yoast_head_json":{"title":"150 a\u00f1os despu\u00e9s, Ecuador renueva su Consagraci\u00f3n al Sagrado Coraz\u00f3n de Jes\u00fas &#8211; Exaudi","robots":{"index":"index","follow":"follow","max-snippet":"max-snippet:-1","max-image-preview":"max-image-preview:large","max-video-preview":"max-video-preview:-1"},"canonical":"https:\/\/exaudi.org\/es\/150-anos-despues-ecuador-renueva-su-consagracion-al-sagrado-corazon-de-jesus\/","og_locale":"es_ES","og_type":"article","og_title":"150 a\u00f1os despu\u00e9s, Ecuador renueva su Consagraci\u00f3n al Sagrado Coraz\u00f3n de Jes\u00fas &#8211; Exaudi","og_description":"Fraternidad para sanar el mundo. \"Ustedes son todos hermanos\", Mateo 23,8","og_url":"https:\/\/exaudi.org\/es\/150-anos-despues-ecuador-renueva-su-consagracion-al-sagrado-corazon-de-jesus\/","og_site_name":"Exaudi","article_publisher":"https:\/\/www.facebook.com\/ExaudiNews","article_author":"https:\/\/www.facebook.com\/ExaudiNoticias\/","article_published_time":"2024-03-26T07:55:43+00:00","article_modified_time":"2024-03-26T09:21:23+00:00","og_image":[{"width":500,"height":500,"url":"https:\/\/exaudi.org\/wp-content\/uploads\/2024\/03\/346315203_648260620464722_5265772400817620283_n.jpg","type":"image\/jpeg"}],"author":"Exaudi Redacci\u00f3n","twitter_card":"summary_large_image","twitter_creator":"@Exaudi_noticias","twitter_site":"@Exaudi_News","twitter_misc":{"Escrito por":"Exaudi Redacci\u00f3n","Tiempo de lectura":"4 minutos"},"schema":{"@context":"https:\/\/schema.org","@graph":[{"@type":"Article","@id":"https:\/\/exaudi.org\/es\/150-anos-despues-ecuador-renueva-su-consagracion-al-sagrado-corazon-de-jesus\/#article","isPartOf":{"@id":"https:\/\/exaudi.org\/es\/150-anos-despues-ecuador-renueva-su-consagracion-al-sagrado-corazon-de-jesus\/"},"author":{"name":"Exaudi Redacci\u00f3n","@id":"https:\/\/exaudi.org\/#\/schema\/person\/f5fc8f063065e38742da7afe15f25df7"},"headline":"150 a\u00f1os despu\u00e9s, Ecuador renueva su Consagraci\u00f3n al Sagrado Coraz\u00f3n de Jes\u00fas","datePublished":"2024-03-26T07:55:43+00:00","dateModified":"2024-03-26T09:21:23+00:00","mainEntityOfPage":{"@id":"https:\/\/exaudi.org\/es\/150-anos-despues-ecuador-renueva-su-consagracion-al-sagrado-corazon-de-jesus\/"},"wordCount":738,"image":{"@id":"https:\/\/exaudi.org\/es\/150-anos-despues-ecuador-renueva-su-consagracion-al-sagrado-corazon-de-jesus\/#primaryimage"},"thumbnailUrl":"https:\/\/exaudi.org\/wp-content\/uploads\/2024\/03\/346315203_648260620464722_5265772400817620283_n.jpg","keywords":["ecuador","Sagrado Coraz\u00f3n de Jes\u00fas","SIGNIS ALC","Trending"],"articleSection":["Iglesia y Mundo"],"inLanguage":"es"},{"@type":"WebPage","@id":"https:\/\/exaudi.org\/es\/150-anos-despues-ecuador-renueva-su-consagracion-al-sagrado-corazon-de-jesus\/","url":"https:\/\/exaudi.org\/es\/150-anos-despues-ecuador-renueva-su-consagracion-al-sagrado-corazon-de-jesus\/","name":"150 a\u00f1os despu\u00e9s, Ecuador renueva su Consagraci\u00f3n al Sagrado Coraz\u00f3n de Jes\u00fas &#8211; Exaudi","isPartOf":{"@id":"https:\/\/exaudi.org\/#website"},"primaryImageOfPage":{"@id":"https:\/\/exaudi.org\/es\/150-anos-despues-ecuador-renueva-su-consagracion-al-sagrado-corazon-de-jesus\/#primaryimage"},"image":{"@id":"https:\/\/exaudi.org\/es\/150-anos-despues-ecuador-renueva-su-consagracion-al-sagrado-corazon-de-jesus\/#primaryimage"},"thumbnailUrl":"https:\/\/exaudi.org\/wp-content\/uploads\/2024\/03\/346315203_648260620464722_5265772400817620283_n.jpg","datePublished":"2024-03-26T07:55:43+00:00","dateModified":"2024-03-26T09:21:23+00:00","author":{"@id":"https:\/\/exaudi.org\/#\/schema\/person\/f5fc8f063065e38742da7afe15f25df7"},"breadcrumb":{"@id":"https:\/\/exaudi.org\/es\/150-anos-despues-ecuador-renueva-su-consagracion-al-sagrado-corazon-de-jesus\/#breadcrumb"},"inLanguage":"es","potentialAction":[{"@type":"ReadAction","target":["https:\/\/exaudi.org\/es\/150-anos-despues-ecuador-renueva-su-consagracion-al-sagrado-corazon-de-jesus\/"]}]},{"@type":"ImageObject","inLanguage":"es","@id":"https:\/\/exaudi.org\/es\/150-anos-despues-ecuador-renueva-su-consagracion-al-sagrado-corazon-de-jesus\/#primaryimage","url":"https:\/\/exaudi.org\/wp-content\/uploads\/2024\/03\/346315203_648260620464722_5265772400817620283_n.jpg","contentUrl":"https:\/\/exaudi.org\/wp-content\/uploads\/2024\/03\/346315203_648260620464722_5265772400817620283_n.jpg","width":500,"height":500},{"@type":"BreadcrumbList","@id":"https:\/\/exaudi.org\/es\/150-anos-despues-ecuador-renueva-su-consagracion-al-sagrado-corazon-de-jesus\/#breadcrumb","itemListElement":[{"@type":"ListItem","position":1,"name":"Portada","item":"https:\/\/exaudi.org\/es\/"},{"@type":"ListItem","position":2,"name":"150 a\u00f1os despu\u00e9s, Ecuador renueva su Consagraci\u00f3n al Sagrado Coraz\u00f3n de Jes\u00fas"}]},{"@type":"WebSite","@id":"https:\/\/exaudi.org\/#website","url":"https:\/\/exaudi.org\/","name":"Exaudi","description":"News","potentialAction":[{"@type":"SearchAction","target":{"@type":"EntryPoint","urlTemplate":"https:\/\/exaudi.org\/?s={search_term_string}"},"query-input":{"@type":"PropertyValueSpecification","valueRequired":true,"valueName":"search_term_string"}}],"inLanguage":"es"},{"@type":"Person","@id":"https:\/\/exaudi.org\/#\/schema\/person\/f5fc8f063065e38742da7afe15f25df7","name":"Exaudi Redacci\u00f3n","image":{"@type":"ImageObject","inLanguage":"es","@id":"https:\/\/secure.gravatar.com\/avatar\/fe0f6a059fb68d9b3e11bc5850dd4899b1c7492091a3cb6dd9b01b56ad828be2?s=96&d=mm&r=g","url":"https:\/\/secure.gravatar.com\/avatar\/fe0f6a059fb68d9b3e11bc5850dd4899b1c7492091a3cb6dd9b01b56ad828be2?s=96&d=mm&r=g","contentUrl":"https:\/\/secure.gravatar.com\/avatar\/fe0f6a059fb68d9b3e11bc5850dd4899b1c7492091a3cb6dd9b01b56ad828be2?s=96&d=mm&r=g","caption":"Exaudi Redacci\u00f3n"},"description":"\u00bfQu\u00e9 es Exaudi News? Exaudi News es un medio de comunicaci\u00f3n cat\u00f3lico internacional que informa, forma y transforma, diariamente en espa\u00f1ol, ingl\u00e9s e italiano. A trav\u00e9s de noticias, art\u00edculos de an\u00e1lisis y transmisiones en directo de los eventos del Papa, Exaudi busca fortalecer la unidad de los cristianos y contribuir a la evangelizaci\u00f3n del mundo, siempre guiados por la doctrina social de la Iglesia. Trabajamos para acercar la verdad y los valores cristianos a cada rinc\u00f3n del planeta. \u00a1Ay\u00fadanos a transformar el mundo con Exaudi! En Exaudi creemos que la evangelizaci\u00f3n y la informaci\u00f3n de calidad pueden cambiar vidas. Para continuar con nuestra misi\u00f3n y expandir nuestro alcance, necesitamos tu ayuda. Adem\u00e1s, buscamos personas comprometidas que deseen unirse a nuestro equipo. Con tu apoyo, lograremos llegar a m\u00e1s personas, difundir el mensaje de Cristo y reforzar la unidad de los cristianos. \u00bfTe unes a nuestra misi\u00f3n? Para m\u00e1s informaci\u00f3n sobre c\u00f3mo colaborar, visita Exaudi.org\/es o cont\u00e1ctanos directamente: info@exaudi.org Exaudi: Informa, forma y transforma.","sameAs":["https:\/\/www.facebook.com\/ExaudiNoticias\/","https:\/\/www.instagram.com\/exaudi_noticias\/","https:\/\/x.com\/Exaudi_noticias","https:\/\/www.youtube.com\/@exaudicatholicnews"],"url":"https:\/\/exaudi.org\/es\/author\/redaccionexaudi\/"}]}},"jetpack_featured_media_url":"https:\/\/exaudi.org\/wp-content\/uploads\/2024\/03\/346315203_648260620464722_5265772400817620283_n.jpg","jetpack_shortlink":"https:\/\/wp.me\/pgKjF2-pf3","_links":{"self":[{"href":"https:\/\/exaudi.org\/es\/wp-json\/wp\/v2\/posts\/97033","targetHints":{"allow":["GET"]}}],"collection":[{"href":"https:\/\/exaudi.org\/es\/wp-json\/wp\/v2\/posts"}],"about":[{"href":"https:\/\/exaudi.org\/es\/wp-json\/wp\/v2\/types\/post"}],"author":[{"embeddable":true,"href":"https:\/\/exaudi.org\/es\/wp-json\/wp\/v2\/users\/15"}],"replies":[{"embeddable":true,"href":"https:\/\/exaudi.org\/es\/wp-json\/wp\/v2\/comments?post=97033"}],"version-history":[{"count":0,"href":"https:\/\/exaudi.org\/es\/wp-json\/wp\/v2\/posts\/97033\/revisions"}],"wp:featuredmedia":[{"embeddable":true,"href":"https:\/\/exaudi.org\/es\/wp-json\/wp\/v2\/media\/97035"}],"wp:attachment":[{"href":"https:\/\/exaudi.org\/es\/wp-json\/wp\/v2\/media?parent=97033"}],"wp:term":[{"taxonomy":"category","embeddable":true,"href":"https:\/\/exaudi.org\/es\/wp-json\/wp\/v2\/categories?post=97033"},{"taxonomy":"post_tag","embeddable":true,"href":"https:\/\/exaudi.org\/es\/wp-json\/wp\/v2\/tags?post=97033"}],"curies":[{"name":"wp","href":"https:\/\/api.w.org\/{rel}","templated":true}]}}