{"id":96922,"date":"2024-03-24T15:39:07","date_gmt":"2024-03-24T14:39:07","guid":{"rendered":"https:\/\/exaudi.org\/?p=96922"},"modified":"2024-03-25T08:59:46","modified_gmt":"2024-03-25T07:59:46","slug":"bendito-sea-el-reino-que-ya-viene-el-reino-de-nuestro-padre-david","status":"publish","type":"post","link":"https:\/\/exaudi.org\/es\/bendito-sea-el-reino-que-ya-viene-el-reino-de-nuestro-padre-david\/","title":{"rendered":"\u201c\u00a1Bendito sea el Reino que ya viene, el Reino de nuestro padre David!\u201d"},"content":{"rendered":"<p>En una abarrotada Plaza de San Pedro. bajo un cielo en el que los rayos del sol se alternaban con las nubes, se abri\u00f3 la celebraci\u00f3n del Domingo de Ramos presidida por el Papa Francisco. El Papa fatigado, no pronuncia la homil\u00eda del Domingo de Ramos: en silencio frente a los 25.000 fieles en la Plaza de San Pedro. Es la conmemoraci\u00f3n de la entrada del Se\u00f1or en Jerusal\u00e9n, de la que se lee el relato del evangelista Marcos, y que precede a la celebraci\u00f3n de la Misa. El Papa bendice y asperge con agua bendita los ramos de olivo, s\u00edmbolo de hoy, que los presentes sostienen en sus manos. A continuaci\u00f3n, m\u00e1s de 400 portadores de palmas se dirigen en procesi\u00f3n desde el centro de la plaza hasta el vest\u00edbulo. Los cardenales, obispos y sacerdotes concelebrantes ocupan sus puestos junto al altar.<\/p>\n<p>\u201c\u00a1Bendito sea el Reino que ya viene, el Reino de nuestro padre David! \u00a1Hosana en las alturas!\u201d<\/p>\n<p>***<\/p>\n<p><strong>La Pasi\u00f3n de Cristo<\/strong><\/p>\n<p>El cambio de escena es radical: la liturgia de la Palabra de la celebraci\u00f3n eucar\u00edstica incluye la lectura cantada de la Pasi\u00f3n de Jes\u00fas tomada de nuevo del Evangelio seg\u00fan San Marcos. A trav\u00e9s de las palabras del evangelista, los pasajes del sufrimiento de Cristo se reviven en toda su crudeza. La representaci\u00f3n de la Pasi\u00f3n va seguida de un momento de silencio. Es un sufrimiento, el de Cristo, que contiene los dolores de todos los tiempos y de toda la humanidad, y la humanidad, con sus fragilidades, es presentada al Se\u00f1or en la oraci\u00f3n universal o de los fieles que concluye la Liturgia de la Palabra. Se reza por la Iglesia, para que \u00abbusque siempre la unidad, la reconciliaci\u00f3n y la comuni\u00f3n\u00bb; por los gobernantes \u00abllamados a cultivar la paz y el bien de los pueblos\u00bb; por todos los hombres y mujeres que sufren; por los cristianos perseguidos; por cada comunidad cristiana, para que \u00absea testigo de su propia fe, en la oraci\u00f3n y en la caridad\u00bb.<\/p>\n<p>Al final de la celebraci\u00f3n, directamente desde el Explanada de la Bas\u00edlica, Francisco pronunci\u00f3 el <em>\u00c1ngelus,<\/em> antes de impartir su bendici\u00f3n y hacer un amplio recorrido en su Papam\u00f3vil para saludar a los fieles y peregrinos que le aclamaban en la plaza.<\/p>\n<p>&nbsp;<\/p>\n","protected":false},"excerpt":{"rendered":"<p>Misa Domingo de Ramos en la plaza de San Pedro<\/p>\n","protected":false},"author":15,"featured_media":96923,"comment_status":"closed","ping_status":"closed","sticky":false,"template":"","format":"standard","meta":{"_acf_changed":false,"_crdt_document":"","inline_featured_image":false,"footnotes":""},"categories":[68],"tags":[1076,4953],"class_list":["post-96922","post","type-post","status-publish","format-standard","has-post-thumbnail","hentry","category-leon-xiv","tag-domingo-de-ramos","tag-trending-es"],"acf":[],"yoast_head":"<!-- This site is optimized with the Yoast SEO plugin v27.4 - https:\/\/yoast.com\/product\/yoast-seo-wordpress\/ -->\n<title>\u201c\u00a1Bendito sea el Reino que ya viene, el Reino de nuestro padre David!\u201d &#8211; Exaudi<\/title>\n<meta name=\"robots\" content=\"index, follow, max-snippet:-1, max-image-preview:large, max-video-preview:-1\" \/>\n<link rel=\"canonical\" href=\"https:\/\/exaudi.org\/es\/bendito-sea-el-reino-que-ya-viene-el-reino-de-nuestro-padre-david\/\" \/>\n<meta property=\"og:locale\" content=\"es_ES\" \/>\n<meta property=\"og:type\" content=\"article\" \/>\n<meta property=\"og:title\" content=\"\u201c\u00a1Bendito sea el Reino que ya viene, el Reino de nuestro padre David!\u201d &#8211; Exaudi\" \/>\n<meta property=\"og:description\" content=\"Misa Domingo de Ramos en la plaza de San Pedro\" \/>\n<meta property=\"og:url\" content=\"https:\/\/exaudi.org\/es\/bendito-sea-el-reino-que-ya-viene-el-reino-de-nuestro-padre-david\/\" \/>\n<meta property=\"og:site_name\" content=\"Exaudi\" \/>\n<meta property=\"article:publisher\" content=\"https:\/\/www.facebook.com\/ExaudiNews\" \/>\n<meta property=\"article:author\" content=\"https:\/\/www.facebook.com\/ExaudiNoticias\/\" \/>\n<meta property=\"article:published_time\" content=\"2024-03-24T14:39:07+00:00\" \/>\n<meta property=\"article:modified_time\" content=\"2024-03-25T07:59:46+00:00\" \/>\n<meta property=\"og:image\" content=\"https:\/\/exaudi.org\/wp-content\/uploads\/2024\/03\/cq5dam.web_.800.800-13.jpeg\" \/>\n\t<meta property=\"og:image:width\" content=\"800\" \/>\n\t<meta property=\"og:image:height\" content=\"533\" \/>\n\t<meta property=\"og:image:type\" content=\"image\/jpeg\" \/>\n<meta name=\"author\" content=\"Exaudi Redacci\u00f3n\" \/>\n<meta name=\"twitter:card\" content=\"summary_large_image\" \/>\n<meta name=\"twitter:creator\" content=\"@Exaudi_noticias\" \/>\n<meta name=\"twitter:site\" content=\"@Exaudi_News\" \/>\n<meta name=\"twitter:label1\" content=\"Escrito por\" \/>\n\t<meta name=\"twitter:data1\" content=\"Exaudi Redacci\u00f3n\" \/>\n\t<meta name=\"twitter:label2\" content=\"Tiempo de lectura\" \/>\n\t<meta name=\"twitter:data2\" content=\"2 minutos\" \/>\n<script type=\"application\/ld+json\" class=\"yoast-schema-graph\">{\"@context\":\"https:\\\/\\\/schema.org\",\"@graph\":[{\"@type\":\"Article\",\"@id\":\"https:\\\/\\\/exaudi.org\\\/es\\\/bendito-sea-el-reino-que-ya-viene-el-reino-de-nuestro-padre-david\\\/#article\",\"isPartOf\":{\"@id\":\"https:\\\/\\\/exaudi.org\\\/es\\\/bendito-sea-el-reino-que-ya-viene-el-reino-de-nuestro-padre-david\\\/\"},\"author\":{\"name\":\"Exaudi Redacci\u00f3n\",\"@id\":\"https:\\\/\\\/exaudi.org\\\/#\\\/schema\\\/person\\\/f5fc8f063065e38742da7afe15f25df7\"},\"headline\":\"\u201c\u00a1Bendito sea el Reino que ya viene, el Reino de nuestro padre David!\u201d\",\"datePublished\":\"2024-03-24T14:39:07+00:00\",\"dateModified\":\"2024-03-25T07:59:46+00:00\",\"mainEntityOfPage\":{\"@id\":\"https:\\\/\\\/exaudi.org\\\/es\\\/bendito-sea-el-reino-que-ya-viene-el-reino-de-nuestro-padre-david\\\/\"},\"wordCount\":415,\"image\":{\"@id\":\"https:\\\/\\\/exaudi.org\\\/es\\\/bendito-sea-el-reino-que-ya-viene-el-reino-de-nuestro-padre-david\\\/#primaryimage\"},\"thumbnailUrl\":\"https:\\\/\\\/exaudi.org\\\/wp-content\\\/uploads\\\/2024\\\/03\\\/cq5dam.web_.800.800-13.jpeg\",\"keywords\":[\"Domingo de Ramos\",\"Trending\"],\"articleSection\":[\"Le\u00f3n XIV\"],\"inLanguage\":\"es\"},{\"@type\":\"WebPage\",\"@id\":\"https:\\\/\\\/exaudi.org\\\/es\\\/bendito-sea-el-reino-que-ya-viene-el-reino-de-nuestro-padre-david\\\/\",\"url\":\"https:\\\/\\\/exaudi.org\\\/es\\\/bendito-sea-el-reino-que-ya-viene-el-reino-de-nuestro-padre-david\\\/\",\"name\":\"\u201c\u00a1Bendito sea el Reino que ya viene, el Reino de nuestro padre David!\u201d &#8211; Exaudi\",\"isPartOf\":{\"@id\":\"https:\\\/\\\/exaudi.org\\\/#website\"},\"primaryImageOfPage\":{\"@id\":\"https:\\\/\\\/exaudi.org\\\/es\\\/bendito-sea-el-reino-que-ya-viene-el-reino-de-nuestro-padre-david\\\/#primaryimage\"},\"image\":{\"@id\":\"https:\\\/\\\/exaudi.org\\\/es\\\/bendito-sea-el-reino-que-ya-viene-el-reino-de-nuestro-padre-david\\\/#primaryimage\"},\"thumbnailUrl\":\"https:\\\/\\\/exaudi.org\\\/wp-content\\\/uploads\\\/2024\\\/03\\\/cq5dam.web_.800.800-13.jpeg\",\"datePublished\":\"2024-03-24T14:39:07+00:00\",\"dateModified\":\"2024-03-25T07:59:46+00:00\",\"author\":{\"@id\":\"https:\\\/\\\/exaudi.org\\\/#\\\/schema\\\/person\\\/f5fc8f063065e38742da7afe15f25df7\"},\"breadcrumb\":{\"@id\":\"https:\\\/\\\/exaudi.org\\\/es\\\/bendito-sea-el-reino-que-ya-viene-el-reino-de-nuestro-padre-david\\\/#breadcrumb\"},\"inLanguage\":\"es\",\"potentialAction\":[{\"@type\":\"ReadAction\",\"target\":[\"https:\\\/\\\/exaudi.org\\\/es\\\/bendito-sea-el-reino-que-ya-viene-el-reino-de-nuestro-padre-david\\\/\"]}]},{\"@type\":\"ImageObject\",\"inLanguage\":\"es\",\"@id\":\"https:\\\/\\\/exaudi.org\\\/es\\\/bendito-sea-el-reino-que-ya-viene-el-reino-de-nuestro-padre-david\\\/#primaryimage\",\"url\":\"https:\\\/\\\/exaudi.org\\\/wp-content\\\/uploads\\\/2024\\\/03\\\/cq5dam.web_.800.800-13.jpeg\",\"contentUrl\":\"https:\\\/\\\/exaudi.org\\\/wp-content\\\/uploads\\\/2024\\\/03\\\/cq5dam.web_.800.800-13.jpeg\",\"width\":800,\"height\":533},{\"@type\":\"BreadcrumbList\",\"@id\":\"https:\\\/\\\/exaudi.org\\\/es\\\/bendito-sea-el-reino-que-ya-viene-el-reino-de-nuestro-padre-david\\\/#breadcrumb\",\"itemListElement\":[{\"@type\":\"ListItem\",\"position\":1,\"name\":\"Portada\",\"item\":\"https:\\\/\\\/exaudi.org\\\/es\\\/\"},{\"@type\":\"ListItem\",\"position\":2,\"name\":\"\u201c\u00a1Bendito sea el Reino que ya viene, el Reino de nuestro padre David!\u201d\"}]},{\"@type\":\"WebSite\",\"@id\":\"https:\\\/\\\/exaudi.org\\\/#website\",\"url\":\"https:\\\/\\\/exaudi.org\\\/\",\"name\":\"Exaudi\",\"description\":\"News\",\"potentialAction\":[{\"@type\":\"SearchAction\",\"target\":{\"@type\":\"EntryPoint\",\"urlTemplate\":\"https:\\\/\\\/exaudi.org\\\/?s={search_term_string}\"},\"query-input\":{\"@type\":\"PropertyValueSpecification\",\"valueRequired\":true,\"valueName\":\"search_term_string\"}}],\"inLanguage\":\"es\"},{\"@type\":\"Person\",\"@id\":\"https:\\\/\\\/exaudi.org\\\/#\\\/schema\\\/person\\\/f5fc8f063065e38742da7afe15f25df7\",\"name\":\"Exaudi Redacci\u00f3n\",\"image\":{\"@type\":\"ImageObject\",\"inLanguage\":\"es\",\"@id\":\"https:\\\/\\\/secure.gravatar.com\\\/avatar\\\/fe0f6a059fb68d9b3e11bc5850dd4899b1c7492091a3cb6dd9b01b56ad828be2?s=96&d=mm&r=g\",\"url\":\"https:\\\/\\\/secure.gravatar.com\\\/avatar\\\/fe0f6a059fb68d9b3e11bc5850dd4899b1c7492091a3cb6dd9b01b56ad828be2?s=96&d=mm&r=g\",\"contentUrl\":\"https:\\\/\\\/secure.gravatar.com\\\/avatar\\\/fe0f6a059fb68d9b3e11bc5850dd4899b1c7492091a3cb6dd9b01b56ad828be2?s=96&d=mm&r=g\",\"caption\":\"Exaudi Redacci\u00f3n\"},\"description\":\"\u00bfQu\u00e9 es Exaudi News? Exaudi News es un medio de comunicaci\u00f3n cat\u00f3lico internacional que informa, forma y transforma, diariamente en espa\u00f1ol, ingl\u00e9s e italiano. A trav\u00e9s de noticias, art\u00edculos de an\u00e1lisis y transmisiones en directo de los eventos del Papa, Exaudi busca fortalecer la unidad de los cristianos y contribuir a la evangelizaci\u00f3n del mundo, siempre guiados por la doctrina social de la Iglesia. Trabajamos para acercar la verdad y los valores cristianos a cada rinc\u00f3n del planeta. \u00a1Ay\u00fadanos a transformar el mundo con Exaudi! En Exaudi creemos que la evangelizaci\u00f3n y la informaci\u00f3n de calidad pueden cambiar vidas. Para continuar con nuestra misi\u00f3n y expandir nuestro alcance, necesitamos tu ayuda. Adem\u00e1s, buscamos personas comprometidas que deseen unirse a nuestro equipo. Con tu apoyo, lograremos llegar a m\u00e1s personas, difundir el mensaje de Cristo y reforzar la unidad de los cristianos. \u00bfTe unes a nuestra misi\u00f3n? Para m\u00e1s informaci\u00f3n sobre c\u00f3mo colaborar, visita Exaudi.org\\\/es o cont\u00e1ctanos directamente: info@exaudi.org Exaudi: Informa, forma y transforma.\",\"sameAs\":[\"https:\\\/\\\/www.facebook.com\\\/ExaudiNoticias\\\/\",\"https:\\\/\\\/www.instagram.com\\\/exaudi_noticias\\\/\",\"https:\\\/\\\/x.com\\\/Exaudi_noticias\",\"https:\\\/\\\/www.youtube.com\\\/@exaudicatholicnews\"],\"url\":\"https:\\\/\\\/exaudi.org\\\/es\\\/author\\\/redaccionexaudi\\\/\"}]}<\/script>\n<!-- \/ Yoast SEO plugin. -->","yoast_head_json":{"title":"\u201c\u00a1Bendito sea el Reino que ya viene, el Reino de nuestro padre David!\u201d &#8211; Exaudi","robots":{"index":"index","follow":"follow","max-snippet":"max-snippet:-1","max-image-preview":"max-image-preview:large","max-video-preview":"max-video-preview:-1"},"canonical":"https:\/\/exaudi.org\/es\/bendito-sea-el-reino-que-ya-viene-el-reino-de-nuestro-padre-david\/","og_locale":"es_ES","og_type":"article","og_title":"\u201c\u00a1Bendito sea el Reino que ya viene, el Reino de nuestro padre David!\u201d &#8211; Exaudi","og_description":"Misa Domingo de Ramos en la plaza de San Pedro","og_url":"https:\/\/exaudi.org\/es\/bendito-sea-el-reino-que-ya-viene-el-reino-de-nuestro-padre-david\/","og_site_name":"Exaudi","article_publisher":"https:\/\/www.facebook.com\/ExaudiNews","article_author":"https:\/\/www.facebook.com\/ExaudiNoticias\/","article_published_time":"2024-03-24T14:39:07+00:00","article_modified_time":"2024-03-25T07:59:46+00:00","og_image":[{"width":800,"height":533,"url":"https:\/\/exaudi.org\/wp-content\/uploads\/2024\/03\/cq5dam.web_.800.800-13.jpeg","type":"image\/jpeg"}],"author":"Exaudi Redacci\u00f3n","twitter_card":"summary_large_image","twitter_creator":"@Exaudi_noticias","twitter_site":"@Exaudi_News","twitter_misc":{"Escrito por":"Exaudi Redacci\u00f3n","Tiempo de lectura":"2 minutos"},"schema":{"@context":"https:\/\/schema.org","@graph":[{"@type":"Article","@id":"https:\/\/exaudi.org\/es\/bendito-sea-el-reino-que-ya-viene-el-reino-de-nuestro-padre-david\/#article","isPartOf":{"@id":"https:\/\/exaudi.org\/es\/bendito-sea-el-reino-que-ya-viene-el-reino-de-nuestro-padre-david\/"},"author":{"name":"Exaudi Redacci\u00f3n","@id":"https:\/\/exaudi.org\/#\/schema\/person\/f5fc8f063065e38742da7afe15f25df7"},"headline":"\u201c\u00a1Bendito sea el Reino que ya viene, el Reino de nuestro padre David!\u201d","datePublished":"2024-03-24T14:39:07+00:00","dateModified":"2024-03-25T07:59:46+00:00","mainEntityOfPage":{"@id":"https:\/\/exaudi.org\/es\/bendito-sea-el-reino-que-ya-viene-el-reino-de-nuestro-padre-david\/"},"wordCount":415,"image":{"@id":"https:\/\/exaudi.org\/es\/bendito-sea-el-reino-que-ya-viene-el-reino-de-nuestro-padre-david\/#primaryimage"},"thumbnailUrl":"https:\/\/exaudi.org\/wp-content\/uploads\/2024\/03\/cq5dam.web_.800.800-13.jpeg","keywords":["Domingo de Ramos","Trending"],"articleSection":["Le\u00f3n XIV"],"inLanguage":"es"},{"@type":"WebPage","@id":"https:\/\/exaudi.org\/es\/bendito-sea-el-reino-que-ya-viene-el-reino-de-nuestro-padre-david\/","url":"https:\/\/exaudi.org\/es\/bendito-sea-el-reino-que-ya-viene-el-reino-de-nuestro-padre-david\/","name":"\u201c\u00a1Bendito sea el Reino que ya viene, el Reino de nuestro padre David!\u201d &#8211; Exaudi","isPartOf":{"@id":"https:\/\/exaudi.org\/#website"},"primaryImageOfPage":{"@id":"https:\/\/exaudi.org\/es\/bendito-sea-el-reino-que-ya-viene-el-reino-de-nuestro-padre-david\/#primaryimage"},"image":{"@id":"https:\/\/exaudi.org\/es\/bendito-sea-el-reino-que-ya-viene-el-reino-de-nuestro-padre-david\/#primaryimage"},"thumbnailUrl":"https:\/\/exaudi.org\/wp-content\/uploads\/2024\/03\/cq5dam.web_.800.800-13.jpeg","datePublished":"2024-03-24T14:39:07+00:00","dateModified":"2024-03-25T07:59:46+00:00","author":{"@id":"https:\/\/exaudi.org\/#\/schema\/person\/f5fc8f063065e38742da7afe15f25df7"},"breadcrumb":{"@id":"https:\/\/exaudi.org\/es\/bendito-sea-el-reino-que-ya-viene-el-reino-de-nuestro-padre-david\/#breadcrumb"},"inLanguage":"es","potentialAction":[{"@type":"ReadAction","target":["https:\/\/exaudi.org\/es\/bendito-sea-el-reino-que-ya-viene-el-reino-de-nuestro-padre-david\/"]}]},{"@type":"ImageObject","inLanguage":"es","@id":"https:\/\/exaudi.org\/es\/bendito-sea-el-reino-que-ya-viene-el-reino-de-nuestro-padre-david\/#primaryimage","url":"https:\/\/exaudi.org\/wp-content\/uploads\/2024\/03\/cq5dam.web_.800.800-13.jpeg","contentUrl":"https:\/\/exaudi.org\/wp-content\/uploads\/2024\/03\/cq5dam.web_.800.800-13.jpeg","width":800,"height":533},{"@type":"BreadcrumbList","@id":"https:\/\/exaudi.org\/es\/bendito-sea-el-reino-que-ya-viene-el-reino-de-nuestro-padre-david\/#breadcrumb","itemListElement":[{"@type":"ListItem","position":1,"name":"Portada","item":"https:\/\/exaudi.org\/es\/"},{"@type":"ListItem","position":2,"name":"\u201c\u00a1Bendito sea el Reino que ya viene, el Reino de nuestro padre David!\u201d"}]},{"@type":"WebSite","@id":"https:\/\/exaudi.org\/#website","url":"https:\/\/exaudi.org\/","name":"Exaudi","description":"News","potentialAction":[{"@type":"SearchAction","target":{"@type":"EntryPoint","urlTemplate":"https:\/\/exaudi.org\/?s={search_term_string}"},"query-input":{"@type":"PropertyValueSpecification","valueRequired":true,"valueName":"search_term_string"}}],"inLanguage":"es"},{"@type":"Person","@id":"https:\/\/exaudi.org\/#\/schema\/person\/f5fc8f063065e38742da7afe15f25df7","name":"Exaudi Redacci\u00f3n","image":{"@type":"ImageObject","inLanguage":"es","@id":"https:\/\/secure.gravatar.com\/avatar\/fe0f6a059fb68d9b3e11bc5850dd4899b1c7492091a3cb6dd9b01b56ad828be2?s=96&d=mm&r=g","url":"https:\/\/secure.gravatar.com\/avatar\/fe0f6a059fb68d9b3e11bc5850dd4899b1c7492091a3cb6dd9b01b56ad828be2?s=96&d=mm&r=g","contentUrl":"https:\/\/secure.gravatar.com\/avatar\/fe0f6a059fb68d9b3e11bc5850dd4899b1c7492091a3cb6dd9b01b56ad828be2?s=96&d=mm&r=g","caption":"Exaudi Redacci\u00f3n"},"description":"\u00bfQu\u00e9 es Exaudi News? Exaudi News es un medio de comunicaci\u00f3n cat\u00f3lico internacional que informa, forma y transforma, diariamente en espa\u00f1ol, ingl\u00e9s e italiano. A trav\u00e9s de noticias, art\u00edculos de an\u00e1lisis y transmisiones en directo de los eventos del Papa, Exaudi busca fortalecer la unidad de los cristianos y contribuir a la evangelizaci\u00f3n del mundo, siempre guiados por la doctrina social de la Iglesia. Trabajamos para acercar la verdad y los valores cristianos a cada rinc\u00f3n del planeta. \u00a1Ay\u00fadanos a transformar el mundo con Exaudi! En Exaudi creemos que la evangelizaci\u00f3n y la informaci\u00f3n de calidad pueden cambiar vidas. Para continuar con nuestra misi\u00f3n y expandir nuestro alcance, necesitamos tu ayuda. Adem\u00e1s, buscamos personas comprometidas que deseen unirse a nuestro equipo. Con tu apoyo, lograremos llegar a m\u00e1s personas, difundir el mensaje de Cristo y reforzar la unidad de los cristianos. \u00bfTe unes a nuestra misi\u00f3n? Para m\u00e1s informaci\u00f3n sobre c\u00f3mo colaborar, visita Exaudi.org\/es o cont\u00e1ctanos directamente: info@exaudi.org Exaudi: Informa, forma y transforma.","sameAs":["https:\/\/www.facebook.com\/ExaudiNoticias\/","https:\/\/www.instagram.com\/exaudi_noticias\/","https:\/\/x.com\/Exaudi_noticias","https:\/\/www.youtube.com\/@exaudicatholicnews"],"url":"https:\/\/exaudi.org\/es\/author\/redaccionexaudi\/"}]}},"jetpack_featured_media_url":"https:\/\/exaudi.org\/wp-content\/uploads\/2024\/03\/cq5dam.web_.800.800-13.jpeg","jetpack_shortlink":"https:\/\/wp.me\/pgKjF2-pdg","_links":{"self":[{"href":"https:\/\/exaudi.org\/es\/wp-json\/wp\/v2\/posts\/96922","targetHints":{"allow":["GET"]}}],"collection":[{"href":"https:\/\/exaudi.org\/es\/wp-json\/wp\/v2\/posts"}],"about":[{"href":"https:\/\/exaudi.org\/es\/wp-json\/wp\/v2\/types\/post"}],"author":[{"embeddable":true,"href":"https:\/\/exaudi.org\/es\/wp-json\/wp\/v2\/users\/15"}],"replies":[{"embeddable":true,"href":"https:\/\/exaudi.org\/es\/wp-json\/wp\/v2\/comments?post=96922"}],"version-history":[{"count":0,"href":"https:\/\/exaudi.org\/es\/wp-json\/wp\/v2\/posts\/96922\/revisions"}],"wp:featuredmedia":[{"embeddable":true,"href":"https:\/\/exaudi.org\/es\/wp-json\/wp\/v2\/media\/96923"}],"wp:attachment":[{"href":"https:\/\/exaudi.org\/es\/wp-json\/wp\/v2\/media?parent=96922"}],"wp:term":[{"taxonomy":"category","embeddable":true,"href":"https:\/\/exaudi.org\/es\/wp-json\/wp\/v2\/categories?post=96922"},{"taxonomy":"post_tag","embeddable":true,"href":"https:\/\/exaudi.org\/es\/wp-json\/wp\/v2\/tags?post=96922"}],"curies":[{"name":"wp","href":"https:\/\/api.w.org\/{rel}","templated":true}]}}