{"id":96875,"date":"2024-03-23T10:28:21","date_gmt":"2024-03-23T09:28:21","guid":{"rendered":"https:\/\/exaudi.org\/?p=96875"},"modified":"2024-03-23T10:31:17","modified_gmt":"2024-03-23T09:31:17","slug":"univ-2024","status":"publish","type":"post","link":"https:\/\/exaudi.org\/es\/univ-2024\/","title":{"rendered":"3.000 estudiantes se reunir\u00e1n en Roma para profundizar en el sentido de la Semana Santa"},"content":{"rendered":"<p>Como otros a\u00f1os durante la Semana Santa en Roma, unos 3.000 estudiantes se reunir\u00e1n en Roma para el UNIV 2024, un encuentro internacional de universitarios que desean transcurrir junto al Papa y en Roma la Semana Santa y la Pascua.\u00a0 Los estudiantes participar\u00e1n en las ceremonias lit\u00fargicas de la Semana Santa y en varios encuentros con el prelado del Opus Dei, Mons. Fernando Oc\u00e1riz.<\/p>\n<p>Los participantes tendr\u00e1n la posibilidad de asistir a encuentros universitarios de profundizaci\u00f3n y debate sobre el tema anual \u201cThe Human Factor\u201d. Los d\u00edas martes y mi\u00e9rcoles tendr\u00e1n lugar el UNIV Forum y UNIV Lab donde se plantea la reflexi\u00f3n acerca de los avances tecnol\u00f3gicos en la Inteligencia Artificial que nos han sorprendido a todos, y que, adem\u00e1s, han hecho cuestionarse cosas como: \u00bfQu\u00e9 es la inteligencia humana? \u00bfQu\u00e9 es la creatividad humana? O a\u00fan m\u00e1s profundo: \u00bfQu\u00e9 nos hace humanos?<\/p>\n<p>Refiri\u00e9ndose al tema propuesto este a\u00f1o para la reflexi\u00f3n de los j\u00f3venes, uno de organizadores del Univ, Jeffrey Pawlick, de Estados Unidos, explica: \u201cLa inteligencia artificial actual cuenta con capacidades que hace apenas cinco a\u00f1os parec\u00edan fantas\u00eda: la generaci\u00f3n de im\u00e1genes, la redacci\u00f3n de programas y la capacidad de responder a solicitudes complejas, por ejemplo. Algunas de estas capacidades imitan de manera sorprendente dimensiones esenciales de la experiencia humana. Aunque intuimos que la simulaci\u00f3n del comportamiento humano no equivale a ser humano, los avances tecnol\u00f3gicos nos instan a reflexionar m\u00e1s profundamente: \u00bfqu\u00e9 significa realmente ser humano? \u00bfQu\u00e9 es el factor humano?\u201d<\/p>\n<p>Ana Fern\u00e1ndez, tambi\u00e9n del equipo organizador del Univ, considera que \u201cel factor humano se presenta como una cuesti\u00f3n fundamental. Resulta necesario detenerse para preguntarnos hacia d\u00f3nde vamos y c\u00f3mo queremos hacerlo. Por eso, buscamos generar un espacio de reflexi\u00f3n para que estudiantes, en di\u00e1logo con expertos de distintos \u00e1mbitos, puedan profundizar en c\u00f3mo contribuir a la humanizaci\u00f3n de los distintos ambientes sociales y profesionales.\u201d<\/p>\n<p>El UNIV 2024 prev\u00e9 manifestaciones culturales en varios lugares de Roma: conferencias, coloquios, muestras, mesas redondas con ponentes como William Hurlbut, Profesor de Stanford University y Director del Instituto \u201cThe Boundaries of Humanity\u201d (EE. UU.); Juli\u00e1n Larrauri, productor y creativo, cuya pel\u00edcula fue nominada al Premio Oscar 2024; Anne Boily, consultora estrat\u00e9gica en temas de inteligencia artificial (Canad\u00e1); Allannah Karas, Profesora de la Universidad de Miami (EE. UU); Claudio Pedone, Director de Geriatr\u00eda de la Universidad Campus Biom\u00e9dico (Italia); Lucy Molinar, periodista, ex Ministra de Educaci\u00f3n (Panam\u00e1).<\/p>\n<p>Los encuentros UNIV nacieron en 1968 bajo la inspiraci\u00f3n e impulso de san Josemar\u00eda Escriv\u00e1, fundador del Opus Dei. En estos 56 a\u00f1os m\u00e1s de 100.000 estudiantes universitarios han participado en el encuentro. Cada a\u00f1o los estudiantes participan en la audiencia con el Papa. En esta ocasi\u00f3n, la del d\u00eda 27 de marzo ser\u00e1 particularmente significativa, teniendo en cuenta la acuciante llamada a la paz de Papa Francisco, y la dram\u00e1tica situaci\u00f3n de tantos coet\u00e1neos de Ucrania, Rusia, Israel, Gaza, Sud Sud\u00e1n y de otras zonas sometidas a situaciones de guerra y persecuci\u00f3n. En particular, los participantes en el UNIV 2024 promover\u00e1n diversos tipos de ayuda (econ\u00f3micas, asistenciales, etc.) para la crisis en Tierra Santa, para destinar a C\u00e1ritas Jerusal\u00e9n ( <a href=\"http:\/\/www.caritas.org\/violence-holy-land\/\" target=\"_blank\" rel=\"noopener\">www.caritas.org\/violence-holy-land\/<\/a>).<\/p>\n<p>El texto de aquellos encuentros y el listado de temas de las ediciones precedentes del UNIV, junto con otras informaciones, se encuentran en las p\u00e1ginas web <a href=\"http:\/\/www.univforum.org\/\" target=\"_blank\" rel=\"noopener\">www.univforum.org<\/a>\u00a0y\u00a0<a href=\"http:\/\/www.univinspire.org\/\" target=\"_blank\" rel=\"noopener\">www.univinspire.org<\/a>.<\/p>\n<p>La Prelatura del Opus Dei organiza actividades de formaci\u00f3n cristiana que acompa\u00f1an el programa del encuentro. Se trata de una oportunidad para recorrer la Semana Santa con una vida de m\u00e1s intensa oraci\u00f3n, conocer la ciudad de Roma, participar en visitas guiadas a museos, exposiciones de arte, as\u00ed como visitas a los lugares donde se pueden seguir las huellas de la historia de la Iglesia desde los primeros siglos.<\/p>\n<p><iframe loading=\"lazy\" title=\"\u00bfQu\u00e9 es UNIV Inspire? \/ What is UNIV Inspire?\" width=\"500\" height=\"281\" src=\"https:\/\/www.youtube.com\/embed\/8-njz8bLdDI?feature=oembed\" frameborder=\"0\" allow=\"accelerometer; autoplay; clipboard-write; encrypted-media; gyroscope; picture-in-picture; web-share\" referrerpolicy=\"strict-origin-when-cross-origin\" allowfullscreen><\/iframe><\/p>\n","protected":false},"excerpt":{"rendered":"<p>Univ 2024: del 24 al 31 de marzo <\/p>\n","protected":false},"author":15,"featured_media":96876,"comment_status":"closed","ping_status":"closed","sticky":false,"template":"","format":"standard","meta":{"_acf_changed":false,"_crdt_document":"","inline_featured_image":false,"footnotes":""},"categories":[74],"tags":[13604,175,13605,2448,158,10056,1533,4953,8799,9818],"class_list":["post-96875","post","type-post","status-publish","format-standard","has-post-thumbnail","hentry","category-iglesia-y-mundo","tag-2024-2","tag-cuaresma","tag-fase-fundacion","tag-opus-dei-es","tag-papa-francisco","tag-pontificia-universita-della-santa-croce","tag-roma-es","tag-trending-es","tag-univ-2","tag-universitarios"],"acf":[],"yoast_head":"<!-- This site is optimized with the Yoast SEO plugin v27.5 - https:\/\/yoast.com\/product\/yoast-seo-wordpress\/ -->\n<title>3.000 estudiantes se reunir\u00e1n en Roma para profundizar en el sentido de la Semana Santa &#8211; Exaudi<\/title>\n<meta name=\"robots\" content=\"index, follow, max-snippet:-1, max-image-preview:large, max-video-preview:-1\" \/>\n<link rel=\"canonical\" href=\"https:\/\/exaudi.org\/es\/univ-2024\/\" \/>\n<meta property=\"og:locale\" content=\"es_ES\" \/>\n<meta property=\"og:type\" content=\"article\" \/>\n<meta property=\"og:title\" content=\"3.000 estudiantes se reunir\u00e1n en Roma para profundizar en el sentido de la Semana Santa &#8211; Exaudi\" \/>\n<meta property=\"og:description\" content=\"Univ 2024: del 24 al 31 de marzo\" \/>\n<meta property=\"og:url\" content=\"https:\/\/exaudi.org\/es\/univ-2024\/\" \/>\n<meta property=\"og:site_name\" content=\"Exaudi\" \/>\n<meta property=\"article:publisher\" content=\"https:\/\/www.facebook.com\/ExaudiNews\" \/>\n<meta property=\"article:author\" content=\"https:\/\/www.facebook.com\/ExaudiNoticias\/\" \/>\n<meta property=\"article:published_time\" content=\"2024-03-23T09:28:21+00:00\" \/>\n<meta property=\"article:modified_time\" content=\"2024-03-23T09:31:17+00:00\" \/>\n<meta property=\"og:image\" content=\"https:\/\/exaudi.org\/wp-content\/uploads\/2024\/03\/Snapinsta.app_434113711_423381800344172_2764583196909146056_n_1080.jpg\" \/>\n\t<meta property=\"og:image:width\" content=\"1080\" \/>\n\t<meta property=\"og:image:height\" content=\"1080\" \/>\n\t<meta property=\"og:image:type\" content=\"image\/jpeg\" \/>\n<meta name=\"author\" content=\"Exaudi Redacci\u00f3n\" \/>\n<meta name=\"twitter:card\" content=\"summary_large_image\" \/>\n<meta name=\"twitter:creator\" content=\"@Exaudi_noticias\" \/>\n<meta name=\"twitter:site\" content=\"@Exaudi_News\" \/>\n<meta name=\"twitter:label1\" content=\"Escrito por\" \/>\n\t<meta name=\"twitter:data1\" content=\"Exaudi Redacci\u00f3n\" \/>\n\t<meta name=\"twitter:label2\" content=\"Tiempo de lectura\" \/>\n\t<meta name=\"twitter:data2\" content=\"3 minutos\" \/>\n<script type=\"application\/ld+json\" class=\"yoast-schema-graph\">{\"@context\":\"https:\\\/\\\/schema.org\",\"@graph\":[{\"@type\":\"Article\",\"@id\":\"https:\\\/\\\/exaudi.org\\\/es\\\/univ-2024\\\/#article\",\"isPartOf\":{\"@id\":\"https:\\\/\\\/exaudi.org\\\/es\\\/univ-2024\\\/\"},\"author\":{\"name\":\"Exaudi Redacci\u00f3n\",\"@id\":\"https:\\\/\\\/exaudi.org\\\/#\\\/schema\\\/person\\\/f5fc8f063065e38742da7afe15f25df7\"},\"headline\":\"3.000 estudiantes se reunir\u00e1n en Roma para profundizar en el sentido de la Semana Santa\",\"datePublished\":\"2024-03-23T09:28:21+00:00\",\"dateModified\":\"2024-03-23T09:31:17+00:00\",\"mainEntityOfPage\":{\"@id\":\"https:\\\/\\\/exaudi.org\\\/es\\\/univ-2024\\\/\"},\"wordCount\":700,\"image\":{\"@id\":\"https:\\\/\\\/exaudi.org\\\/es\\\/univ-2024\\\/#primaryimage\"},\"thumbnailUrl\":\"https:\\\/\\\/exaudi.org\\\/wp-content\\\/uploads\\\/2024\\\/03\\\/Snapinsta.app_434113711_423381800344172_2764583196909146056_n_1080.jpg\",\"keywords\":[\"2024\",\"cuaresma\",\"Fase Fundaci\u00f3n\",\"Opus Dei\",\"papa francisco\",\"Pontificia Universit\u00e0 della Santa Croce\",\"Roma\",\"Trending\",\"Univ\",\"Universitarios\"],\"articleSection\":[\"Iglesia y Mundo\"],\"inLanguage\":\"es\"},{\"@type\":\"WebPage\",\"@id\":\"https:\\\/\\\/exaudi.org\\\/es\\\/univ-2024\\\/\",\"url\":\"https:\\\/\\\/exaudi.org\\\/es\\\/univ-2024\\\/\",\"name\":\"3.000 estudiantes se reunir\u00e1n en Roma para profundizar en el sentido de la Semana Santa &#8211; Exaudi\",\"isPartOf\":{\"@id\":\"https:\\\/\\\/exaudi.org\\\/#website\"},\"primaryImageOfPage\":{\"@id\":\"https:\\\/\\\/exaudi.org\\\/es\\\/univ-2024\\\/#primaryimage\"},\"image\":{\"@id\":\"https:\\\/\\\/exaudi.org\\\/es\\\/univ-2024\\\/#primaryimage\"},\"thumbnailUrl\":\"https:\\\/\\\/exaudi.org\\\/wp-content\\\/uploads\\\/2024\\\/03\\\/Snapinsta.app_434113711_423381800344172_2764583196909146056_n_1080.jpg\",\"datePublished\":\"2024-03-23T09:28:21+00:00\",\"dateModified\":\"2024-03-23T09:31:17+00:00\",\"author\":{\"@id\":\"https:\\\/\\\/exaudi.org\\\/#\\\/schema\\\/person\\\/f5fc8f063065e38742da7afe15f25df7\"},\"breadcrumb\":{\"@id\":\"https:\\\/\\\/exaudi.org\\\/es\\\/univ-2024\\\/#breadcrumb\"},\"inLanguage\":\"es\",\"potentialAction\":[{\"@type\":\"ReadAction\",\"target\":[\"https:\\\/\\\/exaudi.org\\\/es\\\/univ-2024\\\/\"]}]},{\"@type\":\"ImageObject\",\"inLanguage\":\"es\",\"@id\":\"https:\\\/\\\/exaudi.org\\\/es\\\/univ-2024\\\/#primaryimage\",\"url\":\"https:\\\/\\\/exaudi.org\\\/wp-content\\\/uploads\\\/2024\\\/03\\\/Snapinsta.app_434113711_423381800344172_2764583196909146056_n_1080.jpg\",\"contentUrl\":\"https:\\\/\\\/exaudi.org\\\/wp-content\\\/uploads\\\/2024\\\/03\\\/Snapinsta.app_434113711_423381800344172_2764583196909146056_n_1080.jpg\",\"width\":1080,\"height\":1080},{\"@type\":\"BreadcrumbList\",\"@id\":\"https:\\\/\\\/exaudi.org\\\/es\\\/univ-2024\\\/#breadcrumb\",\"itemListElement\":[{\"@type\":\"ListItem\",\"position\":1,\"name\":\"Portada\",\"item\":\"https:\\\/\\\/exaudi.org\\\/es\\\/\"},{\"@type\":\"ListItem\",\"position\":2,\"name\":\"3.000 estudiantes se reunir\u00e1n en Roma para profundizar en el sentido de la Semana Santa\"}]},{\"@type\":\"WebSite\",\"@id\":\"https:\\\/\\\/exaudi.org\\\/#website\",\"url\":\"https:\\\/\\\/exaudi.org\\\/\",\"name\":\"Exaudi\",\"description\":\"News\",\"potentialAction\":[{\"@type\":\"SearchAction\",\"target\":{\"@type\":\"EntryPoint\",\"urlTemplate\":\"https:\\\/\\\/exaudi.org\\\/?s={search_term_string}\"},\"query-input\":{\"@type\":\"PropertyValueSpecification\",\"valueRequired\":true,\"valueName\":\"search_term_string\"}}],\"inLanguage\":\"es\"},{\"@type\":\"Person\",\"@id\":\"https:\\\/\\\/exaudi.org\\\/#\\\/schema\\\/person\\\/f5fc8f063065e38742da7afe15f25df7\",\"name\":\"Exaudi Redacci\u00f3n\",\"image\":{\"@type\":\"ImageObject\",\"inLanguage\":\"es\",\"@id\":\"https:\\\/\\\/secure.gravatar.com\\\/avatar\\\/fe0f6a059fb68d9b3e11bc5850dd4899b1c7492091a3cb6dd9b01b56ad828be2?s=96&d=mm&r=g\",\"url\":\"https:\\\/\\\/secure.gravatar.com\\\/avatar\\\/fe0f6a059fb68d9b3e11bc5850dd4899b1c7492091a3cb6dd9b01b56ad828be2?s=96&d=mm&r=g\",\"contentUrl\":\"https:\\\/\\\/secure.gravatar.com\\\/avatar\\\/fe0f6a059fb68d9b3e11bc5850dd4899b1c7492091a3cb6dd9b01b56ad828be2?s=96&d=mm&r=g\",\"caption\":\"Exaudi Redacci\u00f3n\"},\"description\":\"\u00bfQu\u00e9 es Exaudi News? Exaudi News es un medio de comunicaci\u00f3n cat\u00f3lico internacional que informa, forma y transforma, diariamente en espa\u00f1ol, ingl\u00e9s e italiano. A trav\u00e9s de noticias, art\u00edculos de an\u00e1lisis y transmisiones en directo de los eventos del Papa, Exaudi busca fortalecer la unidad de los cristianos y contribuir a la evangelizaci\u00f3n del mundo, siempre guiados por la doctrina social de la Iglesia. Trabajamos para acercar la verdad y los valores cristianos a cada rinc\u00f3n del planeta. \u00a1Ay\u00fadanos a transformar el mundo con Exaudi! En Exaudi creemos que la evangelizaci\u00f3n y la informaci\u00f3n de calidad pueden cambiar vidas. Para continuar con nuestra misi\u00f3n y expandir nuestro alcance, necesitamos tu ayuda. Adem\u00e1s, buscamos personas comprometidas que deseen unirse a nuestro equipo. Con tu apoyo, lograremos llegar a m\u00e1s personas, difundir el mensaje de Cristo y reforzar la unidad de los cristianos. \u00bfTe unes a nuestra misi\u00f3n? Para m\u00e1s informaci\u00f3n sobre c\u00f3mo colaborar, visita Exaudi.org\\\/es o cont\u00e1ctanos directamente: info@exaudi.org Exaudi: Informa, forma y transforma.\",\"sameAs\":[\"https:\\\/\\\/www.facebook.com\\\/ExaudiNoticias\\\/\",\"https:\\\/\\\/www.instagram.com\\\/exaudi_noticias\\\/\",\"https:\\\/\\\/x.com\\\/Exaudi_noticias\",\"https:\\\/\\\/www.youtube.com\\\/@exaudicatholicnews\"],\"url\":\"https:\\\/\\\/exaudi.org\\\/es\\\/author\\\/redaccionexaudi\\\/\"}]}<\/script>\n<!-- \/ Yoast SEO plugin. -->","yoast_head_json":{"title":"3.000 estudiantes se reunir\u00e1n en Roma para profundizar en el sentido de la Semana Santa &#8211; Exaudi","robots":{"index":"index","follow":"follow","max-snippet":"max-snippet:-1","max-image-preview":"max-image-preview:large","max-video-preview":"max-video-preview:-1"},"canonical":"https:\/\/exaudi.org\/es\/univ-2024\/","og_locale":"es_ES","og_type":"article","og_title":"3.000 estudiantes se reunir\u00e1n en Roma para profundizar en el sentido de la Semana Santa &#8211; Exaudi","og_description":"Univ 2024: del 24 al 31 de marzo","og_url":"https:\/\/exaudi.org\/es\/univ-2024\/","og_site_name":"Exaudi","article_publisher":"https:\/\/www.facebook.com\/ExaudiNews","article_author":"https:\/\/www.facebook.com\/ExaudiNoticias\/","article_published_time":"2024-03-23T09:28:21+00:00","article_modified_time":"2024-03-23T09:31:17+00:00","og_image":[{"width":1080,"height":1080,"url":"https:\/\/exaudi.org\/wp-content\/uploads\/2024\/03\/Snapinsta.app_434113711_423381800344172_2764583196909146056_n_1080.jpg","type":"image\/jpeg"}],"author":"Exaudi Redacci\u00f3n","twitter_card":"summary_large_image","twitter_creator":"@Exaudi_noticias","twitter_site":"@Exaudi_News","twitter_misc":{"Escrito por":"Exaudi Redacci\u00f3n","Tiempo de lectura":"3 minutos"},"schema":{"@context":"https:\/\/schema.org","@graph":[{"@type":"Article","@id":"https:\/\/exaudi.org\/es\/univ-2024\/#article","isPartOf":{"@id":"https:\/\/exaudi.org\/es\/univ-2024\/"},"author":{"name":"Exaudi Redacci\u00f3n","@id":"https:\/\/exaudi.org\/#\/schema\/person\/f5fc8f063065e38742da7afe15f25df7"},"headline":"3.000 estudiantes se reunir\u00e1n en Roma para profundizar en el sentido de la Semana Santa","datePublished":"2024-03-23T09:28:21+00:00","dateModified":"2024-03-23T09:31:17+00:00","mainEntityOfPage":{"@id":"https:\/\/exaudi.org\/es\/univ-2024\/"},"wordCount":700,"image":{"@id":"https:\/\/exaudi.org\/es\/univ-2024\/#primaryimage"},"thumbnailUrl":"https:\/\/exaudi.org\/wp-content\/uploads\/2024\/03\/Snapinsta.app_434113711_423381800344172_2764583196909146056_n_1080.jpg","keywords":["2024","cuaresma","Fase Fundaci\u00f3n","Opus Dei","papa francisco","Pontificia Universit\u00e0 della Santa Croce","Roma","Trending","Univ","Universitarios"],"articleSection":["Iglesia y Mundo"],"inLanguage":"es"},{"@type":"WebPage","@id":"https:\/\/exaudi.org\/es\/univ-2024\/","url":"https:\/\/exaudi.org\/es\/univ-2024\/","name":"3.000 estudiantes se reunir\u00e1n en Roma para profundizar en el sentido de la Semana Santa &#8211; Exaudi","isPartOf":{"@id":"https:\/\/exaudi.org\/#website"},"primaryImageOfPage":{"@id":"https:\/\/exaudi.org\/es\/univ-2024\/#primaryimage"},"image":{"@id":"https:\/\/exaudi.org\/es\/univ-2024\/#primaryimage"},"thumbnailUrl":"https:\/\/exaudi.org\/wp-content\/uploads\/2024\/03\/Snapinsta.app_434113711_423381800344172_2764583196909146056_n_1080.jpg","datePublished":"2024-03-23T09:28:21+00:00","dateModified":"2024-03-23T09:31:17+00:00","author":{"@id":"https:\/\/exaudi.org\/#\/schema\/person\/f5fc8f063065e38742da7afe15f25df7"},"breadcrumb":{"@id":"https:\/\/exaudi.org\/es\/univ-2024\/#breadcrumb"},"inLanguage":"es","potentialAction":[{"@type":"ReadAction","target":["https:\/\/exaudi.org\/es\/univ-2024\/"]}]},{"@type":"ImageObject","inLanguage":"es","@id":"https:\/\/exaudi.org\/es\/univ-2024\/#primaryimage","url":"https:\/\/exaudi.org\/wp-content\/uploads\/2024\/03\/Snapinsta.app_434113711_423381800344172_2764583196909146056_n_1080.jpg","contentUrl":"https:\/\/exaudi.org\/wp-content\/uploads\/2024\/03\/Snapinsta.app_434113711_423381800344172_2764583196909146056_n_1080.jpg","width":1080,"height":1080},{"@type":"BreadcrumbList","@id":"https:\/\/exaudi.org\/es\/univ-2024\/#breadcrumb","itemListElement":[{"@type":"ListItem","position":1,"name":"Portada","item":"https:\/\/exaudi.org\/es\/"},{"@type":"ListItem","position":2,"name":"3.000 estudiantes se reunir\u00e1n en Roma para profundizar en el sentido de la Semana Santa"}]},{"@type":"WebSite","@id":"https:\/\/exaudi.org\/#website","url":"https:\/\/exaudi.org\/","name":"Exaudi","description":"News","potentialAction":[{"@type":"SearchAction","target":{"@type":"EntryPoint","urlTemplate":"https:\/\/exaudi.org\/?s={search_term_string}"},"query-input":{"@type":"PropertyValueSpecification","valueRequired":true,"valueName":"search_term_string"}}],"inLanguage":"es"},{"@type":"Person","@id":"https:\/\/exaudi.org\/#\/schema\/person\/f5fc8f063065e38742da7afe15f25df7","name":"Exaudi Redacci\u00f3n","image":{"@type":"ImageObject","inLanguage":"es","@id":"https:\/\/secure.gravatar.com\/avatar\/fe0f6a059fb68d9b3e11bc5850dd4899b1c7492091a3cb6dd9b01b56ad828be2?s=96&d=mm&r=g","url":"https:\/\/secure.gravatar.com\/avatar\/fe0f6a059fb68d9b3e11bc5850dd4899b1c7492091a3cb6dd9b01b56ad828be2?s=96&d=mm&r=g","contentUrl":"https:\/\/secure.gravatar.com\/avatar\/fe0f6a059fb68d9b3e11bc5850dd4899b1c7492091a3cb6dd9b01b56ad828be2?s=96&d=mm&r=g","caption":"Exaudi Redacci\u00f3n"},"description":"\u00bfQu\u00e9 es Exaudi News? Exaudi News es un medio de comunicaci\u00f3n cat\u00f3lico internacional que informa, forma y transforma, diariamente en espa\u00f1ol, ingl\u00e9s e italiano. A trav\u00e9s de noticias, art\u00edculos de an\u00e1lisis y transmisiones en directo de los eventos del Papa, Exaudi busca fortalecer la unidad de los cristianos y contribuir a la evangelizaci\u00f3n del mundo, siempre guiados por la doctrina social de la Iglesia. Trabajamos para acercar la verdad y los valores cristianos a cada rinc\u00f3n del planeta. \u00a1Ay\u00fadanos a transformar el mundo con Exaudi! En Exaudi creemos que la evangelizaci\u00f3n y la informaci\u00f3n de calidad pueden cambiar vidas. Para continuar con nuestra misi\u00f3n y expandir nuestro alcance, necesitamos tu ayuda. Adem\u00e1s, buscamos personas comprometidas que deseen unirse a nuestro equipo. Con tu apoyo, lograremos llegar a m\u00e1s personas, difundir el mensaje de Cristo y reforzar la unidad de los cristianos. \u00bfTe unes a nuestra misi\u00f3n? Para m\u00e1s informaci\u00f3n sobre c\u00f3mo colaborar, visita Exaudi.org\/es o cont\u00e1ctanos directamente: info@exaudi.org Exaudi: Informa, forma y transforma.","sameAs":["https:\/\/www.facebook.com\/ExaudiNoticias\/","https:\/\/www.instagram.com\/exaudi_noticias\/","https:\/\/x.com\/Exaudi_noticias","https:\/\/www.youtube.com\/@exaudicatholicnews"],"url":"https:\/\/exaudi.org\/es\/author\/redaccionexaudi\/"}]}},"jetpack_featured_media_url":"https:\/\/exaudi.org\/wp-content\/uploads\/2024\/03\/Snapinsta.app_434113711_423381800344172_2764583196909146056_n_1080.jpg","jetpack_shortlink":"https:\/\/wp.me\/pgKjF2-pcv","_links":{"self":[{"href":"https:\/\/exaudi.org\/es\/wp-json\/wp\/v2\/posts\/96875","targetHints":{"allow":["GET"]}}],"collection":[{"href":"https:\/\/exaudi.org\/es\/wp-json\/wp\/v2\/posts"}],"about":[{"href":"https:\/\/exaudi.org\/es\/wp-json\/wp\/v2\/types\/post"}],"author":[{"embeddable":true,"href":"https:\/\/exaudi.org\/es\/wp-json\/wp\/v2\/users\/15"}],"replies":[{"embeddable":true,"href":"https:\/\/exaudi.org\/es\/wp-json\/wp\/v2\/comments?post=96875"}],"version-history":[{"count":0,"href":"https:\/\/exaudi.org\/es\/wp-json\/wp\/v2\/posts\/96875\/revisions"}],"wp:featuredmedia":[{"embeddable":true,"href":"https:\/\/exaudi.org\/es\/wp-json\/wp\/v2\/media\/96876"}],"wp:attachment":[{"href":"https:\/\/exaudi.org\/es\/wp-json\/wp\/v2\/media?parent=96875"}],"wp:term":[{"taxonomy":"category","embeddable":true,"href":"https:\/\/exaudi.org\/es\/wp-json\/wp\/v2\/categories?post=96875"},{"taxonomy":"post_tag","embeddable":true,"href":"https:\/\/exaudi.org\/es\/wp-json\/wp\/v2\/tags?post=96875"}],"curies":[{"name":"wp","href":"https:\/\/api.w.org\/{rel}","templated":true}]}}