{"id":96614,"date":"2024-03-19T12:27:58","date_gmt":"2024-03-19T11:27:58","guid":{"rendered":"https:\/\/exaudi.org\/?p=96614"},"modified":"2024-03-19T12:31:31","modified_gmt":"2024-03-19T11:31:31","slug":"quien-camina-en-la-verdad-llega","status":"publish","type":"post","link":"https:\/\/exaudi.org\/es\/quien-camina-en-la-verdad-llega\/","title":{"rendered":"Quien camina en la Verdad, llega"},"content":{"rendered":"<audio class=\"wp-audio-shortcode\" id=\"audio-96614-1\" preload=\"none\" style=\"width: 100%;\" controls=\"controls\"><source type=\"audio\/mpeg\" src=\"https:\/\/exaudi.org\/wp-content\/uploads\/2024\/03\/Quien-camina-en-la-Verdad-llega.mp3?_=1\" \/><a href=\"https:\/\/exaudi.org\/wp-content\/uploads\/2024\/03\/Quien-camina-en-la-Verdad-llega.mp3\">https:\/\/exaudi.org\/wp-content\/uploads\/2024\/03\/Quien-camina-en-la-Verdad-llega.mp3<\/a><\/audio>\n<p data-adtags-visited=\"true\">Me llam\u00f3 gratamente la atenci\u00f3n la edici\u00f3n en espa\u00f1ol de la obra teatral de Karol Wojtyla,\u00a0<em>Jerem\u00edas<\/em>\u00a0(Didaskalos, 2023), al cuidado de la profesora Carmen \u00c1lvarez Alonso, quien escribe el largo y enjundioso estudio preliminar de esta obra de juventud de Wojtyla, escrita a sus 20 a\u00f1os, en 1940. Conoc\u00eda la obra de teatro\u00a0<em>El taller del orfebre<\/em>\u00a0y parte de su poes\u00eda, la traducida al espa\u00f1ol. Esta obra de juventud pone de manifiesto la entra\u00f1a art\u00edstica de quien ser\u00e1 San Juan Pablo II en donde relucen tantos de los temas que acompa\u00f1ar\u00e1n su labor intelectual y pastoral: la verdad con min\u00fascula y may\u00fascula, la identidad cultural y espiritual de los pueblos, el patriotismo, el hondo sentido cristiano de la vida, la esperanza que acompa\u00f1a los gozos y pesares de los seres humanos.<\/p>\n<p data-adtags-visited=\"true\">Jerem\u00edas, el profeta del Antiguo Testamento, alza la voz en nombre de Dios para decirle al pueblo de Israel que vuelva al Camino y cumpla la Ley. Los falsos dioses, los Baales e \u00eddolos a los que se han volcado las \u00e9lites gobernantes y el pueblo jud\u00edo son una clara ruptura de la Alianza. Jerem\u00edas anuncia que el \u00e9xito y prosperidad de la que en ese momento gozan es flor de un d\u00eda: todo se esfumar\u00e1 y ser\u00e1 destruido por los invasores. Profec\u00eda que, efectivamente, se cumple cuando Jerusal\u00e9n cae y el pueblo es desterrado a Babilonia.<\/p>\n<p data-adtags-visited=\"true\">Wojtyla toma pie de Jerem\u00edas para meditar la ca\u00edda del pueblo polaco bajo la opresi\u00f3n de los nazis y, luego, de los sovi\u00e9ticos. La \u201cdespolonizaci\u00f3n\u201d a la que son sometidos por los invasores requiere de memoria y de valor para no perder la conciencia de patria, forjada a lo largo de siglos y que le dio a Polonia su identidad cultural, hist\u00f3rica y espiritual. El cristianismo polaco no es un barniz externo, sino que es un constitutivo de su identidad nacional. Wojtyla, por eso, coloca como personajes al general polaco Stalislaw Zolkiewski, quien falleci\u00f3 en la batalla de Cecora contra las fuerzas otomanas. El otro personaje importante es el Padre Pedro quien sabe que no bastan las palabras si no est\u00e1n acompa\u00f1adas del poder transformador del Esp\u00edritu: \u201cNo bastan las palabras, no bastan las palabras. \u00a1Hay que avivar los corazones, que ardan! Hay que surcarlos como un arado -quede cortada la maleza- quede arrancada la ciza\u00f1a\u201d (p. 137).<\/p>\n<p data-adtags-visited=\"true\">Volver a la fuente del agua viva pide Jerem\u00edas a su pueblo: \u201c\u00bfd\u00f3nde est\u00e1 la fuente que mana sin cesar, en medio de este pueblo, en Israel? \u00a1Primero deb\u00e9is los ojos lavar! \u00a1Primero deb\u00e9is los ojos lavar! -y quedar puros como el cristal, no en el adulterio, no en la mentira, sino en la Verdad ante Jahv\u00e9. En la Verdad est\u00e1 la Libertad y el Esplendor- En la mentira a la esclavitud v\u00e1is\u201d (p. 153). \u201cLa Verdad os har\u00e1 libres\u201d, est\u00e1 expresi\u00f3n del Evangelio, Wojtyla lo tiene muy claro. No es s\u00f3lo para el \u00e1mbito personal, lo es, tambi\u00e9n, para el espacio p\u00fablico. Qu\u00e9 importante volver a meditar e inflamar el coraz\u00f3n con este clamor: proclamar la verdad, ser verdaderos. Acostumbrarnos a la mentira en el espacio p\u00fablico, ya sea en la pol\u00edtica, la econom\u00eda o la empresa, es de muy baja ley. La mentira paga muy mal y carcome la convivencia humana: no hay familia, ciudad o pa\u00eds que resista el poder disolvente de la mentira y enga\u00f1o.<\/p>\n<p data-adtags-visited=\"true\">Dice el Padre Pedro: \u201c\u00a1\u00bfSon \u00e9stos los hermanos?! \u00bfC\u00f3mo puede ir bien una familia, c\u00f3mo puede ir bien, si es tan f\u00e1cil que un hermano mate a otro hermano? Yo lo he visto. Pero, \u00bfpor qu\u00e9? \u00bfpor qu\u00e9? Pues, por envidia, para apropiarse de todo. No es solo tuyo este pa\u00eds tan amado, no es solo tuya esta madre sagrada, \u00a1tambi\u00e9n ha de serlo para otros! \u00a1Tambi\u00e9n para otros!\u201d (p. 183). Basta pensar en el lamentable espect\u00e1culo de la corrupci\u00f3n pol\u00edtica que nos aqueja de modo llamativo en los \u00faltimos 25 a\u00f1os, para darnos cuenta que en la ra\u00edz de los sobornos y dimes y diretes de unos y otros est\u00e1n la codicia, la envidia, la ira. Todos ellos, pecados capitales que nacen de las tinieblas del coraz\u00f3n. Vicios del alma que llevan a medrar en beneficio propio, olvid\u00e1ndose del pr\u00f3jimo y del bien com\u00fan.<\/p>\n<p data-adtags-visited=\"true\">En cada tramo de esta obra de teatro de Karol Wojtyla nos encontramos con parlamentos como \u00e9stos que no dejan indiferentes al lector. Nos invitan a detenernos y meditar, nos inquietan e interpelan, pero, la vez, nos llenan de un sano optimismo, pues quien camina en la Verdad, aun cuando el camino sea estrecho, llega.<\/p>\n","protected":false},"excerpt":{"rendered":"<p>\u00a1Hay que avivar los corazones, que ardan!<\/p>\n","protected":false},"author":109,"featured_media":96615,"comment_status":"closed","ping_status":"closed","sticky":false,"template":"","format":"standard","meta":{"_acf_changed":false,"_crdt_document":"","inline_featured_image":false,"footnotes":""},"categories":[59],"tags":[5860,13542,795,1992,13543,4953,13544],"class_list":["post-96614","post","type-post","status-publish","format-standard","has-post-thumbnail","hentry","category-featured-news","tag-cristianismo","tag-jeremias","tag-juan-pablo-ii","tag-religion","tag-teatro","tag-trending-es","tag-wojtyla-2"],"acf":[],"yoast_head":"<!-- This site is optimized with the Yoast SEO plugin v27.4 - https:\/\/yoast.com\/product\/yoast-seo-wordpress\/ -->\n<title>Quien camina en la Verdad, llega &#8211; Exaudi<\/title>\n<meta name=\"robots\" content=\"index, follow, max-snippet:-1, max-image-preview:large, max-video-preview:-1\" \/>\n<link rel=\"canonical\" href=\"https:\/\/exaudi.org\/es\/quien-camina-en-la-verdad-llega\/\" \/>\n<meta property=\"og:locale\" content=\"es_ES\" \/>\n<meta property=\"og:type\" content=\"article\" \/>\n<meta property=\"og:title\" content=\"Quien camina en la Verdad, llega &#8211; Exaudi\" \/>\n<meta property=\"og:description\" content=\"\u00a1Hay que avivar los corazones, que ardan!\" \/>\n<meta property=\"og:url\" content=\"https:\/\/exaudi.org\/es\/quien-camina-en-la-verdad-llega\/\" \/>\n<meta property=\"og:site_name\" content=\"Exaudi\" \/>\n<meta property=\"article:publisher\" content=\"https:\/\/www.facebook.com\/ExaudiNews\" \/>\n<meta property=\"article:published_time\" content=\"2024-03-19T11:27:58+00:00\" \/>\n<meta property=\"article:modified_time\" content=\"2024-03-19T11:31:31+00:00\" \/>\n<meta property=\"og:image\" content=\"https:\/\/exaudi.org\/wp-content\/uploads\/2024\/03\/pexels-benni-fish-20628604-scaled-e1710847661814.jpg\" \/>\n\t<meta property=\"og:image:width\" content=\"1429\" \/>\n\t<meta property=\"og:image:height\" content=\"1113\" \/>\n\t<meta property=\"og:image:type\" content=\"image\/jpeg\" \/>\n<meta name=\"author\" content=\"Francisco Bobadilla\" \/>\n<meta name=\"twitter:card\" content=\"summary_large_image\" \/>\n<meta name=\"twitter:creator\" content=\"@Exaudi_News\" \/>\n<meta name=\"twitter:site\" content=\"@Exaudi_News\" \/>\n<meta name=\"twitter:label1\" content=\"Escrito por\" \/>\n\t<meta name=\"twitter:data1\" content=\"Francisco Bobadilla\" \/>\n\t<meta name=\"twitter:label2\" content=\"Tiempo de lectura\" \/>\n\t<meta name=\"twitter:data2\" content=\"4 minutos\" \/>\n<script type=\"application\/ld+json\" class=\"yoast-schema-graph\">{\"@context\":\"https:\\\/\\\/schema.org\",\"@graph\":[{\"@type\":\"Article\",\"@id\":\"https:\\\/\\\/exaudi.org\\\/es\\\/quien-camina-en-la-verdad-llega\\\/#article\",\"isPartOf\":{\"@id\":\"https:\\\/\\\/exaudi.org\\\/es\\\/quien-camina-en-la-verdad-llega\\\/\"},\"author\":{\"name\":\"Francisco Bobadilla\",\"@id\":\"https:\\\/\\\/exaudi.org\\\/#\\\/schema\\\/person\\\/f2d4ad1e1e2bb7dad42a623b75b7166b\"},\"headline\":\"Quien camina en la Verdad, llega\",\"datePublished\":\"2024-03-19T11:27:58+00:00\",\"dateModified\":\"2024-03-19T11:31:31+00:00\",\"mainEntityOfPage\":{\"@id\":\"https:\\\/\\\/exaudi.org\\\/es\\\/quien-camina-en-la-verdad-llega\\\/\"},\"wordCount\":828,\"image\":{\"@id\":\"https:\\\/\\\/exaudi.org\\\/es\\\/quien-camina-en-la-verdad-llega\\\/#primaryimage\"},\"thumbnailUrl\":\"https:\\\/\\\/exaudi.org\\\/wp-content\\\/uploads\\\/2024\\\/03\\\/pexels-benni-fish-20628604-scaled-e1710847661814.jpg\",\"keywords\":[\"Cristianismo\",\"Jerem\u00edas\",\"Juan Pablo II\",\"Religi\u00f3n\",\"Teatro\",\"Trending\",\"Wojtyla\"],\"articleSection\":[\"Featured News\"],\"inLanguage\":\"es\"},{\"@type\":\"WebPage\",\"@id\":\"https:\\\/\\\/exaudi.org\\\/es\\\/quien-camina-en-la-verdad-llega\\\/\",\"url\":\"https:\\\/\\\/exaudi.org\\\/es\\\/quien-camina-en-la-verdad-llega\\\/\",\"name\":\"Quien camina en la Verdad, llega &#8211; Exaudi\",\"isPartOf\":{\"@id\":\"https:\\\/\\\/exaudi.org\\\/#website\"},\"primaryImageOfPage\":{\"@id\":\"https:\\\/\\\/exaudi.org\\\/es\\\/quien-camina-en-la-verdad-llega\\\/#primaryimage\"},\"image\":{\"@id\":\"https:\\\/\\\/exaudi.org\\\/es\\\/quien-camina-en-la-verdad-llega\\\/#primaryimage\"},\"thumbnailUrl\":\"https:\\\/\\\/exaudi.org\\\/wp-content\\\/uploads\\\/2024\\\/03\\\/pexels-benni-fish-20628604-scaled-e1710847661814.jpg\",\"datePublished\":\"2024-03-19T11:27:58+00:00\",\"dateModified\":\"2024-03-19T11:31:31+00:00\",\"author\":{\"@id\":\"https:\\\/\\\/exaudi.org\\\/#\\\/schema\\\/person\\\/f2d4ad1e1e2bb7dad42a623b75b7166b\"},\"breadcrumb\":{\"@id\":\"https:\\\/\\\/exaudi.org\\\/es\\\/quien-camina-en-la-verdad-llega\\\/#breadcrumb\"},\"inLanguage\":\"es\",\"potentialAction\":[{\"@type\":\"ReadAction\",\"target\":[\"https:\\\/\\\/exaudi.org\\\/es\\\/quien-camina-en-la-verdad-llega\\\/\"]}]},{\"@type\":\"ImageObject\",\"inLanguage\":\"es\",\"@id\":\"https:\\\/\\\/exaudi.org\\\/es\\\/quien-camina-en-la-verdad-llega\\\/#primaryimage\",\"url\":\"https:\\\/\\\/exaudi.org\\\/wp-content\\\/uploads\\\/2024\\\/03\\\/pexels-benni-fish-20628604-scaled-e1710847661814.jpg\",\"contentUrl\":\"https:\\\/\\\/exaudi.org\\\/wp-content\\\/uploads\\\/2024\\\/03\\\/pexels-benni-fish-20628604-scaled-e1710847661814.jpg\",\"width\":1429,\"height\":1113,\"caption\":\"Pexels\"},{\"@type\":\"BreadcrumbList\",\"@id\":\"https:\\\/\\\/exaudi.org\\\/es\\\/quien-camina-en-la-verdad-llega\\\/#breadcrumb\",\"itemListElement\":[{\"@type\":\"ListItem\",\"position\":1,\"name\":\"Portada\",\"item\":\"https:\\\/\\\/exaudi.org\\\/es\\\/\"},{\"@type\":\"ListItem\",\"position\":2,\"name\":\"Quien camina en la Verdad, llega\"}]},{\"@type\":\"WebSite\",\"@id\":\"https:\\\/\\\/exaudi.org\\\/#website\",\"url\":\"https:\\\/\\\/exaudi.org\\\/\",\"name\":\"Exaudi\",\"description\":\"News\",\"potentialAction\":[{\"@type\":\"SearchAction\",\"target\":{\"@type\":\"EntryPoint\",\"urlTemplate\":\"https:\\\/\\\/exaudi.org\\\/?s={search_term_string}\"},\"query-input\":{\"@type\":\"PropertyValueSpecification\",\"valueRequired\":true,\"valueName\":\"search_term_string\"}}],\"inLanguage\":\"es\"},{\"@type\":\"Person\",\"@id\":\"https:\\\/\\\/exaudi.org\\\/#\\\/schema\\\/person\\\/f2d4ad1e1e2bb7dad42a623b75b7166b\",\"name\":\"Francisco Bobadilla\",\"image\":{\"@type\":\"ImageObject\",\"inLanguage\":\"es\",\"@id\":\"https:\\\/\\\/secure.gravatar.com\\\/avatar\\\/8d65d74eeda045f5ef133a25b739fed12768ab871a0ddb2772cf98408d61ee37?s=96&d=mm&r=g\",\"url\":\"https:\\\/\\\/secure.gravatar.com\\\/avatar\\\/8d65d74eeda045f5ef133a25b739fed12768ab871a0ddb2772cf98408d61ee37?s=96&d=mm&r=g\",\"contentUrl\":\"https:\\\/\\\/secure.gravatar.com\\\/avatar\\\/8d65d74eeda045f5ef133a25b739fed12768ab871a0ddb2772cf98408d61ee37?s=96&d=mm&r=g\",\"caption\":\"Francisco Bobadilla\"},\"description\":\"Francisco Bobadilla es profesor principal de la Universidad de Piura, donde dicta clases para el pre-grado y posgrado. Interesado en las Humanidades y en la dimensi\u00f3n \u00e9tica de la conducta humana. Lector habitual, de cuyas lecturas se nutre en gran parte este blog. Es autor, entre otros, de los libros \u201cPasi\u00f3n por la Excelencia\u201d, \u201cEmpresas con alma\u201d, \u00abProgreso econ\u00f3mico y desarrollo humano\u00bb, \u00abEl C\u00f3digo da Vinci: de la ficci\u00f3n a la realidad\u00bb; \u00abLa disponibilidad de los derechos de la personalidad\u00bb. Abogado y Master en Derecho Civil por la PUCP, doctor en Derecho por la Universidad de Zaragoza; Licenciado en Ciencias de la Informaci\u00f3n por la Universidad de Piura. Sus temas: pensamiento pol\u00edtico y social, \u00e9tica y cultura, derechos de la persona.\",\"sameAs\":[\"https:\\\/\\\/tertuliaabierta.wordpress.com\\\/\"],\"url\":\"https:\\\/\\\/exaudi.org\\\/es\\\/author\\\/francisco-bobadilla\\\/\"}]}<\/script>\n<!-- \/ Yoast SEO plugin. -->","yoast_head_json":{"title":"Quien camina en la Verdad, llega &#8211; Exaudi","robots":{"index":"index","follow":"follow","max-snippet":"max-snippet:-1","max-image-preview":"max-image-preview:large","max-video-preview":"max-video-preview:-1"},"canonical":"https:\/\/exaudi.org\/es\/quien-camina-en-la-verdad-llega\/","og_locale":"es_ES","og_type":"article","og_title":"Quien camina en la Verdad, llega &#8211; Exaudi","og_description":"\u00a1Hay que avivar los corazones, que ardan!","og_url":"https:\/\/exaudi.org\/es\/quien-camina-en-la-verdad-llega\/","og_site_name":"Exaudi","article_publisher":"https:\/\/www.facebook.com\/ExaudiNews","article_published_time":"2024-03-19T11:27:58+00:00","article_modified_time":"2024-03-19T11:31:31+00:00","og_image":[{"width":1429,"height":1113,"url":"https:\/\/exaudi.org\/wp-content\/uploads\/2024\/03\/pexels-benni-fish-20628604-scaled-e1710847661814.jpg","type":"image\/jpeg"}],"author":"Francisco Bobadilla","twitter_card":"summary_large_image","twitter_creator":"@Exaudi_News","twitter_site":"@Exaudi_News","twitter_misc":{"Escrito por":"Francisco Bobadilla","Tiempo de lectura":"4 minutos"},"schema":{"@context":"https:\/\/schema.org","@graph":[{"@type":"Article","@id":"https:\/\/exaudi.org\/es\/quien-camina-en-la-verdad-llega\/#article","isPartOf":{"@id":"https:\/\/exaudi.org\/es\/quien-camina-en-la-verdad-llega\/"},"author":{"name":"Francisco Bobadilla","@id":"https:\/\/exaudi.org\/#\/schema\/person\/f2d4ad1e1e2bb7dad42a623b75b7166b"},"headline":"Quien camina en la Verdad, llega","datePublished":"2024-03-19T11:27:58+00:00","dateModified":"2024-03-19T11:31:31+00:00","mainEntityOfPage":{"@id":"https:\/\/exaudi.org\/es\/quien-camina-en-la-verdad-llega\/"},"wordCount":828,"image":{"@id":"https:\/\/exaudi.org\/es\/quien-camina-en-la-verdad-llega\/#primaryimage"},"thumbnailUrl":"https:\/\/exaudi.org\/wp-content\/uploads\/2024\/03\/pexels-benni-fish-20628604-scaled-e1710847661814.jpg","keywords":["Cristianismo","Jerem\u00edas","Juan Pablo II","Religi\u00f3n","Teatro","Trending","Wojtyla"],"articleSection":["Featured News"],"inLanguage":"es"},{"@type":"WebPage","@id":"https:\/\/exaudi.org\/es\/quien-camina-en-la-verdad-llega\/","url":"https:\/\/exaudi.org\/es\/quien-camina-en-la-verdad-llega\/","name":"Quien camina en la Verdad, llega &#8211; Exaudi","isPartOf":{"@id":"https:\/\/exaudi.org\/#website"},"primaryImageOfPage":{"@id":"https:\/\/exaudi.org\/es\/quien-camina-en-la-verdad-llega\/#primaryimage"},"image":{"@id":"https:\/\/exaudi.org\/es\/quien-camina-en-la-verdad-llega\/#primaryimage"},"thumbnailUrl":"https:\/\/exaudi.org\/wp-content\/uploads\/2024\/03\/pexels-benni-fish-20628604-scaled-e1710847661814.jpg","datePublished":"2024-03-19T11:27:58+00:00","dateModified":"2024-03-19T11:31:31+00:00","author":{"@id":"https:\/\/exaudi.org\/#\/schema\/person\/f2d4ad1e1e2bb7dad42a623b75b7166b"},"breadcrumb":{"@id":"https:\/\/exaudi.org\/es\/quien-camina-en-la-verdad-llega\/#breadcrumb"},"inLanguage":"es","potentialAction":[{"@type":"ReadAction","target":["https:\/\/exaudi.org\/es\/quien-camina-en-la-verdad-llega\/"]}]},{"@type":"ImageObject","inLanguage":"es","@id":"https:\/\/exaudi.org\/es\/quien-camina-en-la-verdad-llega\/#primaryimage","url":"https:\/\/exaudi.org\/wp-content\/uploads\/2024\/03\/pexels-benni-fish-20628604-scaled-e1710847661814.jpg","contentUrl":"https:\/\/exaudi.org\/wp-content\/uploads\/2024\/03\/pexels-benni-fish-20628604-scaled-e1710847661814.jpg","width":1429,"height":1113,"caption":"Pexels"},{"@type":"BreadcrumbList","@id":"https:\/\/exaudi.org\/es\/quien-camina-en-la-verdad-llega\/#breadcrumb","itemListElement":[{"@type":"ListItem","position":1,"name":"Portada","item":"https:\/\/exaudi.org\/es\/"},{"@type":"ListItem","position":2,"name":"Quien camina en la Verdad, llega"}]},{"@type":"WebSite","@id":"https:\/\/exaudi.org\/#website","url":"https:\/\/exaudi.org\/","name":"Exaudi","description":"News","potentialAction":[{"@type":"SearchAction","target":{"@type":"EntryPoint","urlTemplate":"https:\/\/exaudi.org\/?s={search_term_string}"},"query-input":{"@type":"PropertyValueSpecification","valueRequired":true,"valueName":"search_term_string"}}],"inLanguage":"es"},{"@type":"Person","@id":"https:\/\/exaudi.org\/#\/schema\/person\/f2d4ad1e1e2bb7dad42a623b75b7166b","name":"Francisco Bobadilla","image":{"@type":"ImageObject","inLanguage":"es","@id":"https:\/\/secure.gravatar.com\/avatar\/8d65d74eeda045f5ef133a25b739fed12768ab871a0ddb2772cf98408d61ee37?s=96&d=mm&r=g","url":"https:\/\/secure.gravatar.com\/avatar\/8d65d74eeda045f5ef133a25b739fed12768ab871a0ddb2772cf98408d61ee37?s=96&d=mm&r=g","contentUrl":"https:\/\/secure.gravatar.com\/avatar\/8d65d74eeda045f5ef133a25b739fed12768ab871a0ddb2772cf98408d61ee37?s=96&d=mm&r=g","caption":"Francisco Bobadilla"},"description":"Francisco Bobadilla es profesor principal de la Universidad de Piura, donde dicta clases para el pre-grado y posgrado. Interesado en las Humanidades y en la dimensi\u00f3n \u00e9tica de la conducta humana. Lector habitual, de cuyas lecturas se nutre en gran parte este blog. Es autor, entre otros, de los libros \u201cPasi\u00f3n por la Excelencia\u201d, \u201cEmpresas con alma\u201d, \u00abProgreso econ\u00f3mico y desarrollo humano\u00bb, \u00abEl C\u00f3digo da Vinci: de la ficci\u00f3n a la realidad\u00bb; \u00abLa disponibilidad de los derechos de la personalidad\u00bb. Abogado y Master en Derecho Civil por la PUCP, doctor en Derecho por la Universidad de Zaragoza; Licenciado en Ciencias de la Informaci\u00f3n por la Universidad de Piura. Sus temas: pensamiento pol\u00edtico y social, \u00e9tica y cultura, derechos de la persona.","sameAs":["https:\/\/tertuliaabierta.wordpress.com\/"],"url":"https:\/\/exaudi.org\/es\/author\/francisco-bobadilla\/"}]}},"jetpack_featured_media_url":"https:\/\/exaudi.org\/wp-content\/uploads\/2024\/03\/pexels-benni-fish-20628604-scaled-e1710847661814.jpg","jetpack_shortlink":"https:\/\/wp.me\/pgKjF2-p8i","_links":{"self":[{"href":"https:\/\/exaudi.org\/es\/wp-json\/wp\/v2\/posts\/96614","targetHints":{"allow":["GET"]}}],"collection":[{"href":"https:\/\/exaudi.org\/es\/wp-json\/wp\/v2\/posts"}],"about":[{"href":"https:\/\/exaudi.org\/es\/wp-json\/wp\/v2\/types\/post"}],"author":[{"embeddable":true,"href":"https:\/\/exaudi.org\/es\/wp-json\/wp\/v2\/users\/109"}],"replies":[{"embeddable":true,"href":"https:\/\/exaudi.org\/es\/wp-json\/wp\/v2\/comments?post=96614"}],"version-history":[{"count":0,"href":"https:\/\/exaudi.org\/es\/wp-json\/wp\/v2\/posts\/96614\/revisions"}],"wp:featuredmedia":[{"embeddable":true,"href":"https:\/\/exaudi.org\/es\/wp-json\/wp\/v2\/media\/96615"}],"wp:attachment":[{"href":"https:\/\/exaudi.org\/es\/wp-json\/wp\/v2\/media?parent=96614"}],"wp:term":[{"taxonomy":"category","embeddable":true,"href":"https:\/\/exaudi.org\/es\/wp-json\/wp\/v2\/categories?post=96614"},{"taxonomy":"post_tag","embeddable":true,"href":"https:\/\/exaudi.org\/es\/wp-json\/wp\/v2\/tags?post=96614"}],"curies":[{"name":"wp","href":"https:\/\/api.w.org\/{rel}","templated":true}]}}