{"id":96480,"date":"2024-03-17T16:01:02","date_gmt":"2024-03-17T15:01:02","guid":{"rendered":"https:\/\/exaudi.org\/?p=96480"},"modified":"2024-03-20T14:10:39","modified_gmt":"2024-03-20T13:10:39","slug":"el-papa-la-verdadera-gloria-esta-hecha-de-entrega-y-perdon","status":"publish","type":"post","link":"https:\/\/exaudi.org\/es\/el-papa-la-verdadera-gloria-esta-hecha-de-entrega-y-perdon\/","title":{"rendered":"El Papa: La verdadera gloria est\u00e1 hecha de entrega y perd\u00f3n"},"content":{"rendered":"<p>A las 12 del mediod\u00eda de hoy, V Domingo de Cuaresma, el Santo Padre Francisco se asom\u00f3 a la ventana del estudio del Palacio Apost\u00f3lico Vaticano para recitar el <em>\u00c1ngelus<\/em> con los fieles y peregrinos reunidos en la Plaza de San Pedro.<\/p>\n<p>El Papa explica cu\u00e1l es la verdadera gloria: \u201cno es una manifestaci\u00f3n grandiosa de potencia a la que siguen los aplausos del p\u00fablico; la gloria verdadera, la que nunca se desvanece y hace feliz, est\u00e1 hecha de entrega y perd\u00f3n\u201d.<\/p>\n<p>Estas fueron las palabras del Papa al introducir la oraci\u00f3n mariana:<\/p>\n<p>***<\/p>\n<h3><strong>Palabras del Papa<\/strong><\/h3>\n<div class=\"testo\">\n<div class=\"text parbase vaticanrichtext\">\n<p>Queridos hermanos y hermanas, \u00a1buenos d\u00edas!<\/p>\n<p>Hoy, quinto Domingo de Cuaresma, mientras nos acercamos a la Semana Santa, Jes\u00fas en el Evangelio (cf.\u00a0<i>Jn<\/i>\u00a012,20-33) nos dice una cosa importante: que en la Cruz veremos su gloria y la del Padre (cf. vv. 23.28).<\/p>\n<p>\u00bfPero c\u00f3mo es posible que la gloria de Dios se manifieste precisamente ah\u00ed, en la Cruz? Uno podr\u00eda pensar que eso suceder\u00eda en la Resurrecci\u00f3n, no en la Cruz, que es una derrota, un fracaso. En cambio, hoy Jes\u00fas, hablando de su Pasi\u00f3n, dice: \u00abHa llegado la hora de que sea glorificado el Hijo del hombre\u00bb (v. 23). \u00bfQu\u00e9 quiere decirnos?<\/p>\n<p>Quiere decirnos que la gloria, para Dios, no corresponde al \u00e9xito humano, a la fama o a la popularidad; la gloria, para Dios, no tiene nada de autorreferencial, no es una manifestaci\u00f3n grandiosa de potencia a la que siguen los aplausos del p\u00fablico. Para Dios la gloria es amar hasta dar la vida. Glorificarse, para \u00c9l, quiere decir entregarse, hacerse accesible, ofrecer su amor. Y esto sucedi\u00f3 de manera culminante en la Cruz, precisamente all\u00ed, donde Jes\u00fas despleg\u00f3 al m\u00e1ximo el amor de Dios, revelando plenamente su rostro de misericordia, entreg\u00e1ndonos la vida y perdonando a quienes lo crucificaron.<\/p>\n<p>Hermanos y hermanas, desde la Cruz, \u201cc\u00e1tedra de Dios\u201d, el Se\u00f1or nos ense\u00f1a que la gloria verdadera, la que nunca se desvanece y hace feliz, est\u00e1 hecha de entrega y perd\u00f3n. Entrega y perd\u00f3n son la esencia de la gloria de Dios. Y son para nosotros el camino de la vida. Entrega y perd\u00f3n: criterios muy diferentes a lo que vemos a nuestro alrededor, y tambi\u00e9n en nosotros, cuando pensamos en la gloria como en algo que hay que recibir m\u00e1s que dar; como algo que hay que poseer en vez de ofrecer. No, la gloria mundana pasa y no deja alegr\u00eda en el coraz\u00f3n; ni siquiera lleva al bien de todos, sino a la divisi\u00f3n, a la discordia, a la envidia.<\/p>\n<p>Y entonces podemos preguntarnos: \u00bfCu\u00e1l es la gloria que deseo para m\u00ed, para mi vida, la que sue\u00f1o para mi futuro? \u00bfLa de impresionar a los dem\u00e1s por mi maestr\u00eda, por mis capacidades o por las cosas que poseo? \u00bfO la v\u00eda de la entrega y del perd\u00f3n, la de Jes\u00fas Crucificado, la v\u00eda de quien no se cansa de amar, convencido de que eso da testimonio de Dios en el mundo y hace resplandecer la belleza de la vida? \u00bfQu\u00e9 gloria quiero para m\u00ed? Recordemos, de hecho, que, cuando entregamos y perdonamos, en nosotros resplandece la gloria de Dios. Precisamente ah\u00ed: cuando entregamos y perdonamos.<\/p>\n<p>Que la Virgen Mar\u00eda, que sigui\u00f3 con fe a Jes\u00fas en la hora de la Pasi\u00f3n, nos ayude a ser reflejos vivientes del amor de Jes\u00fas.<\/p>\n<p><b>Despu\u00e9s del\u00a0 \u00c1ngelus<\/b><\/p>\n<p>Queridos hermanos y hermanas:<\/p>\n<p>He sabido con alivio que en Hait\u00ed han sido liberados un profesor y cuatro de los seis religiosos del Instituto Fr\u00e8res du Sacr\u00e9-C\u0153ur secuestrados el pasado 23 de febrero. Pido que se libere lo antes posible a los otros dos religiosos y a todas las personas que todav\u00eda est\u00e1n secuestradas en ese amado pa\u00eds probado por tanta violencia.\u00a0 Invito a todos los actores pol\u00edticos y sociales a abandonar todo inter\u00e9s particular y a comprometerse con esp\u00edritu solidario en la b\u00fasqueda del bien com\u00fan, sosteniendo una transici\u00f3n serena hacia un pa\u00eds que, con la ayuda de la Comunidad internacional, est\u00e9 dotado de instituciones s\u00f3lidas capaces de restablecer el orden y la tranquilidad entre sus ciudadanos.<\/p>\n<p>Sigamos rezando por las poblaciones martirizadas por la guerra, en Ucrania, en Palestina y en Israel, en Sud\u00e1n. Y no olvidemos a Siria, un pa\u00eds que sufre tanto por la guerra, desde hace tiempo.<\/p>\n<p>Os saludo a todos vosotros que hab\u00e9is venido a Roma, desde Italia y desde tantas partes del mundo. En particular, saludo a los estudiantes espa\u00f1oles de la red de residencias universitarias \u201cCamplus\u201d, a los grupos parroquiales de Madrid, Pescara, Chieti, Locorotondo y de las parroquias de San Giovanni Leonardi en Roma. Saludo a la Cooperativa Social de San Jos\u00e9 de Como, a los ni\u00f1os de Perugia, a los j\u00f3venes de Bolonia en camino hacia la Profesi\u00f3n de Fe y a los muchachos de la Confirmaci\u00f3n de Pavia, Iolo di Prato y Cavaion Veronese.<\/p>\n<p>Acojo con placer a los participantes de la Marat\u00f3n de Roma, tradicional fiesta del deporte y de la fraternidad. Tambi\u00e9n este a\u00f1o, por iniciativa de\u00a0<i>Athletica Vaticana<\/i>, numerosos atletas participan en los \u201crelevos de la solidaridad\u201d, convirti\u00e9ndose en testigos del hecho de compartir.<\/p>\n<p>Y deseo a todos un feliz domingo. por favor, no os olvid\u00e9is de rezar por m\u00ed. \u00a1Buen almuerzo y hasta pronto!<\/p>\n<p><iframe loading=\"lazy\" title=\"\u00c1ngelus - 17 marzo 2024 - Papa Francisco\" width=\"500\" height=\"281\" src=\"https:\/\/www.youtube.com\/embed\/dWcPNmFNY64?feature=oembed\" frameborder=\"0\" allow=\"accelerometer; autoplay; clipboard-write; encrypted-media; gyroscope; picture-in-picture; web-share\" referrerpolicy=\"strict-origin-when-cross-origin\" allowfullscreen><\/iframe><\/p>\n<\/div>\n<\/div>\n","protected":false},"excerpt":{"rendered":"<p>Palabras del Papa en el \u00c1ngelus<\/p>\n","protected":false},"author":15,"featured_media":96481,"comment_status":"closed","ping_status":"closed","sticky":false,"template":"","format":"standard","meta":{"_acf_changed":false,"_crdt_document":"","inline_featured_image":false,"footnotes":""},"categories":[70,59,68],"tags":[13505,2419],"class_list":["post-96480","post","type-post","status-publish","format-standard","has-post-thumbnail","hentry","category-angelus-es","category-featured-news","category-leon-xiv","tag-angelus-17-marzo-2024","tag-featured"],"acf":[],"yoast_head":"<!-- This site is optimized with the Yoast SEO plugin v27.4 - https:\/\/yoast.com\/product\/yoast-seo-wordpress\/ -->\n<title>El Papa: La verdadera gloria est\u00e1 hecha de entrega y perd\u00f3n &#8211; Exaudi<\/title>\n<meta name=\"robots\" content=\"index, follow, max-snippet:-1, max-image-preview:large, max-video-preview:-1\" \/>\n<link rel=\"canonical\" href=\"https:\/\/exaudi.org\/es\/el-papa-la-verdadera-gloria-esta-hecha-de-entrega-y-perdon\/\" \/>\n<meta property=\"og:locale\" content=\"es_ES\" \/>\n<meta property=\"og:type\" content=\"article\" \/>\n<meta property=\"og:title\" content=\"El Papa: La verdadera gloria est\u00e1 hecha de entrega y perd\u00f3n &#8211; Exaudi\" \/>\n<meta property=\"og:description\" content=\"Palabras del Papa en el \u00c1ngelus\" \/>\n<meta property=\"og:url\" content=\"https:\/\/exaudi.org\/es\/el-papa-la-verdadera-gloria-esta-hecha-de-entrega-y-perdon\/\" \/>\n<meta property=\"og:site_name\" content=\"Exaudi\" \/>\n<meta property=\"article:publisher\" content=\"https:\/\/www.facebook.com\/ExaudiNews\" \/>\n<meta property=\"article:author\" content=\"https:\/\/www.facebook.com\/ExaudiNoticias\/\" \/>\n<meta property=\"article:published_time\" content=\"2024-03-17T15:01:02+00:00\" \/>\n<meta property=\"article:modified_time\" content=\"2024-03-20T13:10:39+00:00\" \/>\n<meta property=\"og:image\" content=\"https:\/\/exaudi.org\/wp-content\/uploads\/2024\/03\/bddb0395-163e-4542-9bb6-139e407a1726.jpg\" \/>\n\t<meta property=\"og:image:width\" content=\"1080\" \/>\n\t<meta property=\"og:image:height\" content=\"719\" \/>\n\t<meta property=\"og:image:type\" content=\"image\/jpeg\" \/>\n<meta name=\"author\" content=\"Exaudi Redacci\u00f3n\" \/>\n<meta name=\"twitter:card\" content=\"summary_large_image\" \/>\n<meta name=\"twitter:creator\" content=\"@Exaudi_noticias\" \/>\n<meta name=\"twitter:site\" content=\"@Exaudi_News\" \/>\n<meta name=\"twitter:label1\" content=\"Escrito por\" \/>\n\t<meta name=\"twitter:data1\" content=\"Exaudi Redacci\u00f3n\" \/>\n\t<meta name=\"twitter:label2\" content=\"Tiempo de lectura\" \/>\n\t<meta name=\"twitter:data2\" content=\"5 minutos\" \/>\n<script type=\"application\/ld+json\" class=\"yoast-schema-graph\">{\"@context\":\"https:\\\/\\\/schema.org\",\"@graph\":[{\"@type\":\"Article\",\"@id\":\"https:\\\/\\\/exaudi.org\\\/es\\\/el-papa-la-verdadera-gloria-esta-hecha-de-entrega-y-perdon\\\/#article\",\"isPartOf\":{\"@id\":\"https:\\\/\\\/exaudi.org\\\/es\\\/el-papa-la-verdadera-gloria-esta-hecha-de-entrega-y-perdon\\\/\"},\"author\":{\"name\":\"Exaudi Redacci\u00f3n\",\"@id\":\"https:\\\/\\\/exaudi.org\\\/#\\\/schema\\\/person\\\/f5fc8f063065e38742da7afe15f25df7\"},\"headline\":\"El Papa: La verdadera gloria est\u00e1 hecha de entrega y perd\u00f3n\",\"datePublished\":\"2024-03-17T15:01:02+00:00\",\"dateModified\":\"2024-03-20T13:10:39+00:00\",\"mainEntityOfPage\":{\"@id\":\"https:\\\/\\\/exaudi.org\\\/es\\\/el-papa-la-verdadera-gloria-esta-hecha-de-entrega-y-perdon\\\/\"},\"wordCount\":949,\"image\":{\"@id\":\"https:\\\/\\\/exaudi.org\\\/es\\\/el-papa-la-verdadera-gloria-esta-hecha-de-entrega-y-perdon\\\/#primaryimage\"},\"thumbnailUrl\":\"https:\\\/\\\/exaudi.org\\\/wp-content\\\/uploads\\\/2024\\\/03\\\/bddb0395-163e-4542-9bb6-139e407a1726.jpg\",\"keywords\":[\"\u00c1ngelus 17 marzo 2024\",\"Featured\"],\"articleSection\":[\"\u00c1ngelus\",\"Featured News\",\"Le\u00f3n XIV\"],\"inLanguage\":\"es\"},{\"@type\":\"WebPage\",\"@id\":\"https:\\\/\\\/exaudi.org\\\/es\\\/el-papa-la-verdadera-gloria-esta-hecha-de-entrega-y-perdon\\\/\",\"url\":\"https:\\\/\\\/exaudi.org\\\/es\\\/el-papa-la-verdadera-gloria-esta-hecha-de-entrega-y-perdon\\\/\",\"name\":\"El Papa: La verdadera gloria est\u00e1 hecha de entrega y perd\u00f3n &#8211; Exaudi\",\"isPartOf\":{\"@id\":\"https:\\\/\\\/exaudi.org\\\/#website\"},\"primaryImageOfPage\":{\"@id\":\"https:\\\/\\\/exaudi.org\\\/es\\\/el-papa-la-verdadera-gloria-esta-hecha-de-entrega-y-perdon\\\/#primaryimage\"},\"image\":{\"@id\":\"https:\\\/\\\/exaudi.org\\\/es\\\/el-papa-la-verdadera-gloria-esta-hecha-de-entrega-y-perdon\\\/#primaryimage\"},\"thumbnailUrl\":\"https:\\\/\\\/exaudi.org\\\/wp-content\\\/uploads\\\/2024\\\/03\\\/bddb0395-163e-4542-9bb6-139e407a1726.jpg\",\"datePublished\":\"2024-03-17T15:01:02+00:00\",\"dateModified\":\"2024-03-20T13:10:39+00:00\",\"author\":{\"@id\":\"https:\\\/\\\/exaudi.org\\\/#\\\/schema\\\/person\\\/f5fc8f063065e38742da7afe15f25df7\"},\"breadcrumb\":{\"@id\":\"https:\\\/\\\/exaudi.org\\\/es\\\/el-papa-la-verdadera-gloria-esta-hecha-de-entrega-y-perdon\\\/#breadcrumb\"},\"inLanguage\":\"es\",\"potentialAction\":[{\"@type\":\"ReadAction\",\"target\":[\"https:\\\/\\\/exaudi.org\\\/es\\\/el-papa-la-verdadera-gloria-esta-hecha-de-entrega-y-perdon\\\/\"]}]},{\"@type\":\"ImageObject\",\"inLanguage\":\"es\",\"@id\":\"https:\\\/\\\/exaudi.org\\\/es\\\/el-papa-la-verdadera-gloria-esta-hecha-de-entrega-y-perdon\\\/#primaryimage\",\"url\":\"https:\\\/\\\/exaudi.org\\\/wp-content\\\/uploads\\\/2024\\\/03\\\/bddb0395-163e-4542-9bb6-139e407a1726.jpg\",\"contentUrl\":\"https:\\\/\\\/exaudi.org\\\/wp-content\\\/uploads\\\/2024\\\/03\\\/bddb0395-163e-4542-9bb6-139e407a1726.jpg\",\"width\":1080,\"height\":719},{\"@type\":\"BreadcrumbList\",\"@id\":\"https:\\\/\\\/exaudi.org\\\/es\\\/el-papa-la-verdadera-gloria-esta-hecha-de-entrega-y-perdon\\\/#breadcrumb\",\"itemListElement\":[{\"@type\":\"ListItem\",\"position\":1,\"name\":\"Portada\",\"item\":\"https:\\\/\\\/exaudi.org\\\/es\\\/\"},{\"@type\":\"ListItem\",\"position\":2,\"name\":\"El Papa: La verdadera gloria est\u00e1 hecha de entrega y perd\u00f3n\"}]},{\"@type\":\"WebSite\",\"@id\":\"https:\\\/\\\/exaudi.org\\\/#website\",\"url\":\"https:\\\/\\\/exaudi.org\\\/\",\"name\":\"Exaudi\",\"description\":\"News\",\"potentialAction\":[{\"@type\":\"SearchAction\",\"target\":{\"@type\":\"EntryPoint\",\"urlTemplate\":\"https:\\\/\\\/exaudi.org\\\/?s={search_term_string}\"},\"query-input\":{\"@type\":\"PropertyValueSpecification\",\"valueRequired\":true,\"valueName\":\"search_term_string\"}}],\"inLanguage\":\"es\"},{\"@type\":\"Person\",\"@id\":\"https:\\\/\\\/exaudi.org\\\/#\\\/schema\\\/person\\\/f5fc8f063065e38742da7afe15f25df7\",\"name\":\"Exaudi Redacci\u00f3n\",\"image\":{\"@type\":\"ImageObject\",\"inLanguage\":\"es\",\"@id\":\"https:\\\/\\\/secure.gravatar.com\\\/avatar\\\/fe0f6a059fb68d9b3e11bc5850dd4899b1c7492091a3cb6dd9b01b56ad828be2?s=96&d=mm&r=g\",\"url\":\"https:\\\/\\\/secure.gravatar.com\\\/avatar\\\/fe0f6a059fb68d9b3e11bc5850dd4899b1c7492091a3cb6dd9b01b56ad828be2?s=96&d=mm&r=g\",\"contentUrl\":\"https:\\\/\\\/secure.gravatar.com\\\/avatar\\\/fe0f6a059fb68d9b3e11bc5850dd4899b1c7492091a3cb6dd9b01b56ad828be2?s=96&d=mm&r=g\",\"caption\":\"Exaudi Redacci\u00f3n\"},\"description\":\"\u00bfQu\u00e9 es Exaudi News? Exaudi News es un medio de comunicaci\u00f3n cat\u00f3lico internacional que informa, forma y transforma, diariamente en espa\u00f1ol, ingl\u00e9s e italiano. A trav\u00e9s de noticias, art\u00edculos de an\u00e1lisis y transmisiones en directo de los eventos del Papa, Exaudi busca fortalecer la unidad de los cristianos y contribuir a la evangelizaci\u00f3n del mundo, siempre guiados por la doctrina social de la Iglesia. Trabajamos para acercar la verdad y los valores cristianos a cada rinc\u00f3n del planeta. \u00a1Ay\u00fadanos a transformar el mundo con Exaudi! En Exaudi creemos que la evangelizaci\u00f3n y la informaci\u00f3n de calidad pueden cambiar vidas. Para continuar con nuestra misi\u00f3n y expandir nuestro alcance, necesitamos tu ayuda. Adem\u00e1s, buscamos personas comprometidas que deseen unirse a nuestro equipo. Con tu apoyo, lograremos llegar a m\u00e1s personas, difundir el mensaje de Cristo y reforzar la unidad de los cristianos. \u00bfTe unes a nuestra misi\u00f3n? Para m\u00e1s informaci\u00f3n sobre c\u00f3mo colaborar, visita Exaudi.org\\\/es o cont\u00e1ctanos directamente: info@exaudi.org Exaudi: Informa, forma y transforma.\",\"sameAs\":[\"https:\\\/\\\/www.facebook.com\\\/ExaudiNoticias\\\/\",\"https:\\\/\\\/www.instagram.com\\\/exaudi_noticias\\\/\",\"https:\\\/\\\/x.com\\\/Exaudi_noticias\",\"https:\\\/\\\/www.youtube.com\\\/@exaudicatholicnews\"],\"url\":\"https:\\\/\\\/exaudi.org\\\/es\\\/author\\\/redaccionexaudi\\\/\"}]}<\/script>\n<!-- \/ Yoast SEO plugin. -->","yoast_head_json":{"title":"El Papa: La verdadera gloria est\u00e1 hecha de entrega y perd\u00f3n &#8211; Exaudi","robots":{"index":"index","follow":"follow","max-snippet":"max-snippet:-1","max-image-preview":"max-image-preview:large","max-video-preview":"max-video-preview:-1"},"canonical":"https:\/\/exaudi.org\/es\/el-papa-la-verdadera-gloria-esta-hecha-de-entrega-y-perdon\/","og_locale":"es_ES","og_type":"article","og_title":"El Papa: La verdadera gloria est\u00e1 hecha de entrega y perd\u00f3n &#8211; Exaudi","og_description":"Palabras del Papa en el \u00c1ngelus","og_url":"https:\/\/exaudi.org\/es\/el-papa-la-verdadera-gloria-esta-hecha-de-entrega-y-perdon\/","og_site_name":"Exaudi","article_publisher":"https:\/\/www.facebook.com\/ExaudiNews","article_author":"https:\/\/www.facebook.com\/ExaudiNoticias\/","article_published_time":"2024-03-17T15:01:02+00:00","article_modified_time":"2024-03-20T13:10:39+00:00","og_image":[{"width":1080,"height":719,"url":"https:\/\/exaudi.org\/wp-content\/uploads\/2024\/03\/bddb0395-163e-4542-9bb6-139e407a1726.jpg","type":"image\/jpeg"}],"author":"Exaudi Redacci\u00f3n","twitter_card":"summary_large_image","twitter_creator":"@Exaudi_noticias","twitter_site":"@Exaudi_News","twitter_misc":{"Escrito por":"Exaudi Redacci\u00f3n","Tiempo de lectura":"5 minutos"},"schema":{"@context":"https:\/\/schema.org","@graph":[{"@type":"Article","@id":"https:\/\/exaudi.org\/es\/el-papa-la-verdadera-gloria-esta-hecha-de-entrega-y-perdon\/#article","isPartOf":{"@id":"https:\/\/exaudi.org\/es\/el-papa-la-verdadera-gloria-esta-hecha-de-entrega-y-perdon\/"},"author":{"name":"Exaudi Redacci\u00f3n","@id":"https:\/\/exaudi.org\/#\/schema\/person\/f5fc8f063065e38742da7afe15f25df7"},"headline":"El Papa: La verdadera gloria est\u00e1 hecha de entrega y perd\u00f3n","datePublished":"2024-03-17T15:01:02+00:00","dateModified":"2024-03-20T13:10:39+00:00","mainEntityOfPage":{"@id":"https:\/\/exaudi.org\/es\/el-papa-la-verdadera-gloria-esta-hecha-de-entrega-y-perdon\/"},"wordCount":949,"image":{"@id":"https:\/\/exaudi.org\/es\/el-papa-la-verdadera-gloria-esta-hecha-de-entrega-y-perdon\/#primaryimage"},"thumbnailUrl":"https:\/\/exaudi.org\/wp-content\/uploads\/2024\/03\/bddb0395-163e-4542-9bb6-139e407a1726.jpg","keywords":["\u00c1ngelus 17 marzo 2024","Featured"],"articleSection":["\u00c1ngelus","Featured News","Le\u00f3n XIV"],"inLanguage":"es"},{"@type":"WebPage","@id":"https:\/\/exaudi.org\/es\/el-papa-la-verdadera-gloria-esta-hecha-de-entrega-y-perdon\/","url":"https:\/\/exaudi.org\/es\/el-papa-la-verdadera-gloria-esta-hecha-de-entrega-y-perdon\/","name":"El Papa: La verdadera gloria est\u00e1 hecha de entrega y perd\u00f3n &#8211; Exaudi","isPartOf":{"@id":"https:\/\/exaudi.org\/#website"},"primaryImageOfPage":{"@id":"https:\/\/exaudi.org\/es\/el-papa-la-verdadera-gloria-esta-hecha-de-entrega-y-perdon\/#primaryimage"},"image":{"@id":"https:\/\/exaudi.org\/es\/el-papa-la-verdadera-gloria-esta-hecha-de-entrega-y-perdon\/#primaryimage"},"thumbnailUrl":"https:\/\/exaudi.org\/wp-content\/uploads\/2024\/03\/bddb0395-163e-4542-9bb6-139e407a1726.jpg","datePublished":"2024-03-17T15:01:02+00:00","dateModified":"2024-03-20T13:10:39+00:00","author":{"@id":"https:\/\/exaudi.org\/#\/schema\/person\/f5fc8f063065e38742da7afe15f25df7"},"breadcrumb":{"@id":"https:\/\/exaudi.org\/es\/el-papa-la-verdadera-gloria-esta-hecha-de-entrega-y-perdon\/#breadcrumb"},"inLanguage":"es","potentialAction":[{"@type":"ReadAction","target":["https:\/\/exaudi.org\/es\/el-papa-la-verdadera-gloria-esta-hecha-de-entrega-y-perdon\/"]}]},{"@type":"ImageObject","inLanguage":"es","@id":"https:\/\/exaudi.org\/es\/el-papa-la-verdadera-gloria-esta-hecha-de-entrega-y-perdon\/#primaryimage","url":"https:\/\/exaudi.org\/wp-content\/uploads\/2024\/03\/bddb0395-163e-4542-9bb6-139e407a1726.jpg","contentUrl":"https:\/\/exaudi.org\/wp-content\/uploads\/2024\/03\/bddb0395-163e-4542-9bb6-139e407a1726.jpg","width":1080,"height":719},{"@type":"BreadcrumbList","@id":"https:\/\/exaudi.org\/es\/el-papa-la-verdadera-gloria-esta-hecha-de-entrega-y-perdon\/#breadcrumb","itemListElement":[{"@type":"ListItem","position":1,"name":"Portada","item":"https:\/\/exaudi.org\/es\/"},{"@type":"ListItem","position":2,"name":"El Papa: La verdadera gloria est\u00e1 hecha de entrega y perd\u00f3n"}]},{"@type":"WebSite","@id":"https:\/\/exaudi.org\/#website","url":"https:\/\/exaudi.org\/","name":"Exaudi","description":"News","potentialAction":[{"@type":"SearchAction","target":{"@type":"EntryPoint","urlTemplate":"https:\/\/exaudi.org\/?s={search_term_string}"},"query-input":{"@type":"PropertyValueSpecification","valueRequired":true,"valueName":"search_term_string"}}],"inLanguage":"es"},{"@type":"Person","@id":"https:\/\/exaudi.org\/#\/schema\/person\/f5fc8f063065e38742da7afe15f25df7","name":"Exaudi Redacci\u00f3n","image":{"@type":"ImageObject","inLanguage":"es","@id":"https:\/\/secure.gravatar.com\/avatar\/fe0f6a059fb68d9b3e11bc5850dd4899b1c7492091a3cb6dd9b01b56ad828be2?s=96&d=mm&r=g","url":"https:\/\/secure.gravatar.com\/avatar\/fe0f6a059fb68d9b3e11bc5850dd4899b1c7492091a3cb6dd9b01b56ad828be2?s=96&d=mm&r=g","contentUrl":"https:\/\/secure.gravatar.com\/avatar\/fe0f6a059fb68d9b3e11bc5850dd4899b1c7492091a3cb6dd9b01b56ad828be2?s=96&d=mm&r=g","caption":"Exaudi Redacci\u00f3n"},"description":"\u00bfQu\u00e9 es Exaudi News? Exaudi News es un medio de comunicaci\u00f3n cat\u00f3lico internacional que informa, forma y transforma, diariamente en espa\u00f1ol, ingl\u00e9s e italiano. A trav\u00e9s de noticias, art\u00edculos de an\u00e1lisis y transmisiones en directo de los eventos del Papa, Exaudi busca fortalecer la unidad de los cristianos y contribuir a la evangelizaci\u00f3n del mundo, siempre guiados por la doctrina social de la Iglesia. Trabajamos para acercar la verdad y los valores cristianos a cada rinc\u00f3n del planeta. \u00a1Ay\u00fadanos a transformar el mundo con Exaudi! En Exaudi creemos que la evangelizaci\u00f3n y la informaci\u00f3n de calidad pueden cambiar vidas. Para continuar con nuestra misi\u00f3n y expandir nuestro alcance, necesitamos tu ayuda. Adem\u00e1s, buscamos personas comprometidas que deseen unirse a nuestro equipo. Con tu apoyo, lograremos llegar a m\u00e1s personas, difundir el mensaje de Cristo y reforzar la unidad de los cristianos. \u00bfTe unes a nuestra misi\u00f3n? Para m\u00e1s informaci\u00f3n sobre c\u00f3mo colaborar, visita Exaudi.org\/es o cont\u00e1ctanos directamente: info@exaudi.org Exaudi: Informa, forma y transforma.","sameAs":["https:\/\/www.facebook.com\/ExaudiNoticias\/","https:\/\/www.instagram.com\/exaudi_noticias\/","https:\/\/x.com\/Exaudi_noticias","https:\/\/www.youtube.com\/@exaudicatholicnews"],"url":"https:\/\/exaudi.org\/es\/author\/redaccionexaudi\/"}]}},"jetpack_featured_media_url":"https:\/\/exaudi.org\/wp-content\/uploads\/2024\/03\/bddb0395-163e-4542-9bb6-139e407a1726.jpg","jetpack_shortlink":"https:\/\/wp.me\/pgKjF2-p68","_links":{"self":[{"href":"https:\/\/exaudi.org\/es\/wp-json\/wp\/v2\/posts\/96480","targetHints":{"allow":["GET"]}}],"collection":[{"href":"https:\/\/exaudi.org\/es\/wp-json\/wp\/v2\/posts"}],"about":[{"href":"https:\/\/exaudi.org\/es\/wp-json\/wp\/v2\/types\/post"}],"author":[{"embeddable":true,"href":"https:\/\/exaudi.org\/es\/wp-json\/wp\/v2\/users\/15"}],"replies":[{"embeddable":true,"href":"https:\/\/exaudi.org\/es\/wp-json\/wp\/v2\/comments?post=96480"}],"version-history":[{"count":0,"href":"https:\/\/exaudi.org\/es\/wp-json\/wp\/v2\/posts\/96480\/revisions"}],"wp:featuredmedia":[{"embeddable":true,"href":"https:\/\/exaudi.org\/es\/wp-json\/wp\/v2\/media\/96481"}],"wp:attachment":[{"href":"https:\/\/exaudi.org\/es\/wp-json\/wp\/v2\/media?parent=96480"}],"wp:term":[{"taxonomy":"category","embeddable":true,"href":"https:\/\/exaudi.org\/es\/wp-json\/wp\/v2\/categories?post=96480"},{"taxonomy":"post_tag","embeddable":true,"href":"https:\/\/exaudi.org\/es\/wp-json\/wp\/v2\/tags?post=96480"}],"curies":[{"name":"wp","href":"https:\/\/api.w.org\/{rel}","templated":true}]}}