{"id":95994,"date":"2024-03-07T09:30:19","date_gmt":"2024-03-07T08:30:19","guid":{"rendered":"https:\/\/exaudi.org\/?p=95994"},"modified":"2024-03-06T17:07:23","modified_gmt":"2024-03-06T16:07:23","slug":"la-historia-nos-demuestra-que-dios-nunca-deja-solo-a-su-pueblo","status":"publish","type":"post","link":"https:\/\/exaudi.org\/es\/la-historia-nos-demuestra-que-dios-nunca-deja-solo-a-su-pueblo\/","title":{"rendered":"\u00abLa historia nos demuestra que Dios nunca deja solo a su pueblo\u00bb"},"content":{"rendered":"<audio class=\"wp-audio-shortcode\" id=\"audio-95994-1\" preload=\"none\" style=\"width: 100%;\" controls=\"controls\"><source type=\"audio\/mpeg\" src=\"https:\/\/exaudi.org\/wp-content\/uploads\/2024\/03\/Padre-Luis-Enrique-Ortiz-Guatemala-Fundacion-CARF.mp3?_=1\" \/><a href=\"https:\/\/exaudi.org\/wp-content\/uploads\/2024\/03\/Padre-Luis-Enrique-Ortiz-Guatemala-Fundacion-CARF.mp3\">https:\/\/exaudi.org\/wp-content\/uploads\/2024\/03\/Padre-Luis-Enrique-Ortiz-Guatemala-Fundacion-CARF.mp3<\/a><\/audio>\n<p id=\"headline-102-170180\" class=\"ct-headline\"><span id=\"span-103-170180\" class=\"ct-span\">No deja de dar gracias por una vocaci\u00f3n que comenz\u00f3 a sentir de ni\u00f1o y que se fue afianzando en la universidad. \u00abUsted ser\u00eda un buen sacerdote\u00bb , era una frase que escuchaba con frecuencia.<\/span><\/p>\n<div id=\"text_block-105-170180\" class=\"ct-text-block\">\n<p>Actualmente, este sacerdote guatemalteco es p\u00e1rroco de El Se\u00f1or de Esquipulas, as\u00ed como vicario episcopal de la\u00a0<a href=\"https:\/\/m.arzobispadodeguatemala.com\/arquidiocesis\/c\/0\/i\/30501693\/vicaria-episcopal-del-sur-oriente-nuestra-senora-de-guadalupe\" target=\"_blank\" rel=\"noreferrer noopener\">Vicar\u00eda Sur Oriente Nuestra Se\u00f1ora de Guadalupe en la Archidi\u00f3cesis de Santiago de Guatemala<\/a>. Entre 2005 y 2007 su obispo le envi\u00f3 a Roma a estudiar Historia de la Iglesia en la\u00a0<a href=\"https:\/\/fundacioncarf.org\/la-universidad-pontificia-de-la-santa-cruz-y-su-relacion-con-la-fundacion-carf\/\" target=\"_blank\" rel=\"noopener\" data-type=\"post\" data-id=\"182703\">Universidad Pontificia de la Santa Cruz<\/a>\u00a0gracias a las ayudas que financia la Fundaci\u00f3n CARF, lo que le ayud\u00f3 a comprender mejor su fe y tambi\u00e9n a transmitirla mejor a los miles de fieles en estos a\u00f1os. Durante su estancia en Roma vivi\u00f3 en el Colegio Sacerdotal Tiberino, a\u00f1os en los que pudo empaparse y nutrirse de la universalidad de la Iglesia.<\/p>\n<h3 class=\"wp-block-heading\"><strong>La semilla de la fe<\/strong><\/h3>\n<p>En su ni\u00f1ez, don Luis Enrique Ortiz recibi\u00f3 la semilla de la fe en el hogar, en una\u00a0<a href=\"https:\/\/fundacioncarf.org\/familia-cristiana-amoris-laetitia\/\" target=\"_blank\" rel=\"noopener\" data-type=\"post\" data-id=\"129676\">familia<\/a>\u00a0llena del amor a Dios. Aprendi\u00f3 desde temprana edad que cada bendici\u00f3n era un regalo de Dios. Incluso en las pruebas familiares, la renuencia nunca fue una opci\u00f3n. Siempre se dec\u00eda: \u00abDios es bueno\u00bb.<\/p>\n<p>Entre sus recuerdos m\u00e1s vivos se encuentra su Primera Comuni\u00f3n, el sacramento que cambi\u00f3 su vida. Desde el momento en que supo de su inscripci\u00f3n en la catequesis preparatoria, el anhelo por recibir a Jes\u00fas Sacramentado se convirti\u00f3 en su faro. El d\u00eda lleg\u00f3 y sinti\u00f3 algo inigualable. Entonces record\u00f3 la frase de su familia: \u00abDios es bueno\u00bb.<\/p>\n<h3 class=\"wp-block-heading\"><strong>La llamada silenciosa al sacerdocio<\/strong><\/h3>\n<p>La llamada al\u00a0<a href=\"https:\/\/fundacioncarf.org\/la-paternidad-espiritual-del-sacerdote\/\" target=\"_blank\" rel=\"noopener\" data-type=\"post\" data-id=\"193425\">sacerdocio<\/a>\u00a0no reson\u00f3 como un trueno repentino, sino como un suave murmullo que se intensificaba con los a\u00f1os. La influencia de la familia fue el primer eco, donde el amor de Dios se viv\u00eda cotidianamente. En la universidad, la semilla germin\u00f3 a\u00fan m\u00e1s durante voluntariados en regiones marginales de Guatemala. A donde fuera, la gente le dec\u00eda: \u00abusted ser\u00eda un gran\u00a0<a href=\"https:\/\/fundacioncarf.org\/que-es-un-sacerdote\/\" target=\"_blank\" rel=\"noopener\" data-type=\"page\" data-id=\"169908\">sacerdote<\/a>\u00bb, una afirmaci\u00f3n que desconcertaba al joven Luis Enrique.<\/p>\n<p>\u00c9l se quedaba at\u00f3nito cada vez que lo escuchaba, porque era una idea muy \u00edntima que no le hab\u00eda comentado a nadie. Sin embargo, pronto comprendi\u00f3 que era Dios, utilizando las voces de los que estaban a su alrededor, quien lo llamaba a servir en su mies. La vida sacramental y sentir todo el amor de Dios, lo llevaron a dar el paso definitivo. Sin arrepentimientos, afirma que Dios ha sido bueno, sorprendi\u00e9ndolo incluso cuando \u00e9l mismo sent\u00eda no merecerlo.<\/p>\n<h3 class=\"wp-block-heading\"><strong><img loading=\"lazy\" decoding=\"async\" class=\"size-full wp-image-95998 alignnone\" src=\"https:\/\/exaudi.org\/wp-content\/uploads\/2024\/03\/sacerdote-luis-enrique-1.jpg\" alt=\"\" width=\"800\" height=\"458\" srcset=\"https:\/\/exaudi.org\/wp-content\/uploads\/2024\/03\/sacerdote-luis-enrique-1.jpg 800w, https:\/\/exaudi.org\/wp-content\/uploads\/2024\/03\/sacerdote-luis-enrique-1-300x172.jpg 300w, https:\/\/exaudi.org\/wp-content\/uploads\/2024\/03\/sacerdote-luis-enrique-1-770x441.jpg 770w, https:\/\/exaudi.org\/wp-content\/uploads\/2024\/03\/sacerdote-luis-enrique-1-500x286.jpg 500w, https:\/\/exaudi.org\/wp-content\/uploads\/2024\/03\/sacerdote-luis-enrique-1-293x168.jpg 293w, https:\/\/exaudi.org\/wp-content\/uploads\/2024\/03\/sacerdote-luis-enrique-1-390x223.jpg 390w\" sizes=\"auto, (max-width: 800px) 100vw, 800px\" \/>Cap\u00edtulo romano: estudio en la ciudad eterna<\/strong><\/h3>\n<p>Entre 2005 y 2007, su obispo le encomend\u00f3 ir a Roma para completar su formaci\u00f3n como sacerdote estudiando Historia de la Iglesia en la Universidad Pontificia de la Santa Cruz. Este cap\u00edtulo de su vida en la ciudad eterna se convirti\u00f3 en un regalo de Dios para su ministerio. Resid\u00eda en el Colegio Sacerdotal Tiberino, absorb\u00eda la universalidad de la Iglesia y exploraba las profundidades de su fe.<\/p>\n<p>La Universidad de la Santa Cruz no solo le brind\u00f3 conocimientos hist\u00f3ricos, sino que abri\u00f3 sus ojos a la obra divina a lo largo de la historia humana. La historia de la Iglesia se convirti\u00f3 en un testimonio palpable de la mano de Dios. Descubri\u00f3 c\u00f3mo los escritos de muchos santos y pont\u00edfices, a los que se les ha otorgado el t\u00edtulo de Doctores de la Iglesia, siguen teniendo peso hoy en d\u00eda. C\u00f3mo esa sabidur\u00eda, que emana de Dios por medio del Esp\u00edritu Santo, es latente y muy fresca.<\/p>\n<p class=\"wp-block-verse\">\u00abMi paso por Roma ha sido de gran ayuda para m\u00ed como sacerdote, porque he recibido herramientas para poder ense\u00f1ar a los laicos que nuestra fe no es ninguna fantas\u00eda, sino que tiene cimientos fuertes que hacen que el creyente se involucre en el estudio de Dios. Y tanto en el \u00e1mbito espiritual como personal hace que tenga sentido nuestro servicio, porque en la historia se nos muestra que Dios nunca ha dejado solo a su pueblo, sino que siempre se hace presente y a\u00fan m\u00e1s en nuestra vida al ser otro <em>Alter Christus\u00bb<\/em>.Luis Enrique Ortiz, sacerdote de Guatemala.<\/p>\n<h3 class=\"wp-block-heading\"><strong>Los retos de un sacerdote<\/strong><\/h3>\n<p>Los casi 25 a\u00f1os de vida sacerdotal de don Luis Enrique Ortiz le han llevado por senderos innumerables. Entre las experiencias m\u00e1s profundas que ha vivido como sacerdote, destaca las visitas a los enfermos como momentos donde la misericordia de Dios se materializa. Estos encuentros no solo son actos de servicio, sino oportunidades para tocar la divinidad en la fragilidad humana.<\/p>\n<p>Ante los retos y peligros que enfrentan los sacerdotes en la sociedad actual, el padre Ortiz enfatiza la necesidad de preparaci\u00f3n tanto acad\u00e9mica como espiritual. En un mundo en constante cambio, donde la fe enfrenta desaf\u00edos, el sacerdote debe ser un faro que ilumina el mensaje fundamental: el Amor de Dios.<\/p>\n<h3 class=\"wp-block-heading\"><strong>Conclusi\u00f3n: un legado de fe en marcha<\/strong><\/h3>\n<p>La historia del Padre Luis Enrique Ortiz es un relato vivo de fe, vocaci\u00f3n y servicio. Su recorrido pastoral en la archidi\u00f3cesis de Santiago de Guatemala no solo es un testimonio personal, sino una fuente de inspiraci\u00f3n para aquellos que buscan luz en la oscuridad. Su vida, tejida con hilos divinos y humanos, contin\u00faa escribiendo un legado de amor, servicio y dedicaci\u00f3n en el caminar de la Iglesia.<\/p>\n<p><iframe loading=\"lazy\" title=\"Padre  Luis Enrique Ortiz - Guatemala\" width=\"500\" height=\"281\" src=\"https:\/\/www.youtube.com\/embed\/wUmhFPMg7Oc?feature=oembed\" frameborder=\"0\" allow=\"accelerometer; autoplay; clipboard-write; encrypted-media; gyroscope; picture-in-picture; web-share\" referrerpolicy=\"strict-origin-when-cross-origin\" allowfullscreen><\/iframe><\/p>\n<h4 id=\"headline-5-184597\" class=\"ct-headline et_pb_module_header\"><a id=\"span-6-184597\" class=\"ct-link-text\" href=\"https:\/\/fundacioncarf.org\/donar\/\" target=\"_blank\" rel=\"noopener\"><span id=\"span-7-184597\" class=\"ct-span\">Ay\u00fadan a formar sacerdotes diocesanos, seminaristas y religiosos de Guatemala para servir a la Iglesia en todo el mundo. \u00a1Dona ahora!<\/span><\/a><\/h4>\n<\/div>\n","protected":false},"excerpt":{"rendered":"<p>Don Luis Enrique Ortiz, de Guatemala, lleva 25 a\u00f1os siendo sacerdote<\/p>\n","protected":false},"author":119,"featured_media":96001,"comment_status":"closed","ping_status":"closed","sticky":false,"template":"","format":"standard","meta":{"_acf_changed":false,"_crdt_document":"","inline_featured_image":false,"footnotes":""},"categories":[74,98],"tags":[13323,9879,953,13322,1533,1926,4953,11517,7440],"class_list":["post-95994","post","type-post","status-publish","format-standard","has-post-thumbnail","hentry","category-iglesia-y-mundo","category-testimonios","tag-archidiocesis-de-santiago-de-guatemala","tag-fundacion-carf","tag-guatemala","tag-luis-enrique-ortiz","tag-roma-es","tag-sacerdote","tag-trending-es","tag-universidad-pontificia-de-la-santa-cruz","tag-vocacion"],"acf":[],"yoast_head":"<!-- This site is optimized with the Yoast SEO plugin v27.4 - https:\/\/yoast.com\/product\/yoast-seo-wordpress\/ -->\n<title>&quot;La historia nos demuestra que Dios nunca deja solo a su pueblo&quot; &#8211; Exaudi<\/title>\n<meta name=\"robots\" content=\"index, follow, max-snippet:-1, max-image-preview:large, max-video-preview:-1\" \/>\n<link rel=\"canonical\" href=\"https:\/\/exaudi.org\/es\/la-historia-nos-demuestra-que-dios-nunca-deja-solo-a-su-pueblo\/\" \/>\n<meta property=\"og:locale\" content=\"es_ES\" \/>\n<meta property=\"og:type\" content=\"article\" \/>\n<meta property=\"og:title\" content=\"&quot;La historia nos demuestra que Dios nunca deja solo a su pueblo&quot; &#8211; Exaudi\" \/>\n<meta property=\"og:description\" content=\"Don Luis Enrique Ortiz, de Guatemala, lleva 25 a\u00f1os siendo sacerdote\" \/>\n<meta property=\"og:url\" content=\"https:\/\/exaudi.org\/es\/la-historia-nos-demuestra-que-dios-nunca-deja-solo-a-su-pueblo\/\" \/>\n<meta property=\"og:site_name\" content=\"Exaudi\" \/>\n<meta property=\"article:publisher\" content=\"https:\/\/www.facebook.com\/ExaudiNews\" \/>\n<meta property=\"article:author\" content=\"https:\/\/www.facebook.com\/fundacioncarf\/\" \/>\n<meta property=\"article:published_time\" content=\"2024-03-07T08:30:19+00:00\" \/>\n<meta property=\"og:image\" content=\"https:\/\/exaudi.org\/wp-content\/uploads\/2024\/03\/sacerdote-luis-enrique-2.jpg\" \/>\n\t<meta property=\"og:image:width\" content=\"800\" \/>\n\t<meta property=\"og:image:height\" content=\"458\" \/>\n\t<meta property=\"og:image:type\" content=\"image\/jpeg\" \/>\n<meta name=\"author\" content=\"Fundaci\u00f3n CARF\" \/>\n<meta name=\"twitter:card\" content=\"summary_large_image\" \/>\n<meta name=\"twitter:creator\" content=\"@https:\/\/x.com\/fundacioncarf\" \/>\n<meta name=\"twitter:site\" content=\"@Exaudi_News\" \/>\n<meta name=\"twitter:label1\" content=\"Escrito por\" \/>\n\t<meta name=\"twitter:data1\" content=\"Fundaci\u00f3n CARF\" \/>\n\t<meta name=\"twitter:label2\" content=\"Tiempo de lectura\" \/>\n\t<meta name=\"twitter:data2\" content=\"5 minutos\" \/>\n<script type=\"application\/ld+json\" class=\"yoast-schema-graph\">{\"@context\":\"https:\\\/\\\/schema.org\",\"@graph\":[{\"@type\":\"Article\",\"@id\":\"https:\\\/\\\/exaudi.org\\\/es\\\/la-historia-nos-demuestra-que-dios-nunca-deja-solo-a-su-pueblo\\\/#article\",\"isPartOf\":{\"@id\":\"https:\\\/\\\/exaudi.org\\\/es\\\/la-historia-nos-demuestra-que-dios-nunca-deja-solo-a-su-pueblo\\\/\"},\"author\":{\"name\":\"Fundaci\u00f3n CARF\",\"@id\":\"https:\\\/\\\/exaudi.org\\\/#\\\/schema\\\/person\\\/fab8261a088ccf38cb54b3c50baa7baf\"},\"headline\":\"\u00abLa historia nos demuestra que Dios nunca deja solo a su pueblo\u00bb\",\"datePublished\":\"2024-03-07T08:30:19+00:00\",\"mainEntityOfPage\":{\"@id\":\"https:\\\/\\\/exaudi.org\\\/es\\\/la-historia-nos-demuestra-que-dios-nunca-deja-solo-a-su-pueblo\\\/\"},\"wordCount\":983,\"image\":{\"@id\":\"https:\\\/\\\/exaudi.org\\\/es\\\/la-historia-nos-demuestra-que-dios-nunca-deja-solo-a-su-pueblo\\\/#primaryimage\"},\"thumbnailUrl\":\"https:\\\/\\\/exaudi.org\\\/wp-content\\\/uploads\\\/2024\\\/03\\\/sacerdote-luis-enrique-2.jpg\",\"keywords\":[\"Archidi\u00f3cesis de Santiago de Guatemala\",\"Fundaci\u00f3n CARF\",\"Guatemala\",\"Luis Enrique Ortiz\",\"Roma\",\"Sacerdote\",\"Trending\",\"Universidad Pontificia de la Santa Cruz.\",\"Vocaci\u00f3n\"],\"articleSection\":[\"Iglesia y Mundo\",\"Testimonios\"],\"inLanguage\":\"es\"},{\"@type\":\"WebPage\",\"@id\":\"https:\\\/\\\/exaudi.org\\\/es\\\/la-historia-nos-demuestra-que-dios-nunca-deja-solo-a-su-pueblo\\\/\",\"url\":\"https:\\\/\\\/exaudi.org\\\/es\\\/la-historia-nos-demuestra-que-dios-nunca-deja-solo-a-su-pueblo\\\/\",\"name\":\"\\\"La historia nos demuestra que Dios nunca deja solo a su pueblo\\\" &#8211; Exaudi\",\"isPartOf\":{\"@id\":\"https:\\\/\\\/exaudi.org\\\/#website\"},\"primaryImageOfPage\":{\"@id\":\"https:\\\/\\\/exaudi.org\\\/es\\\/la-historia-nos-demuestra-que-dios-nunca-deja-solo-a-su-pueblo\\\/#primaryimage\"},\"image\":{\"@id\":\"https:\\\/\\\/exaudi.org\\\/es\\\/la-historia-nos-demuestra-que-dios-nunca-deja-solo-a-su-pueblo\\\/#primaryimage\"},\"thumbnailUrl\":\"https:\\\/\\\/exaudi.org\\\/wp-content\\\/uploads\\\/2024\\\/03\\\/sacerdote-luis-enrique-2.jpg\",\"datePublished\":\"2024-03-07T08:30:19+00:00\",\"author\":{\"@id\":\"https:\\\/\\\/exaudi.org\\\/#\\\/schema\\\/person\\\/fab8261a088ccf38cb54b3c50baa7baf\"},\"breadcrumb\":{\"@id\":\"https:\\\/\\\/exaudi.org\\\/es\\\/la-historia-nos-demuestra-que-dios-nunca-deja-solo-a-su-pueblo\\\/#breadcrumb\"},\"inLanguage\":\"es\",\"potentialAction\":[{\"@type\":\"ReadAction\",\"target\":[\"https:\\\/\\\/exaudi.org\\\/es\\\/la-historia-nos-demuestra-que-dios-nunca-deja-solo-a-su-pueblo\\\/\"]}]},{\"@type\":\"ImageObject\",\"inLanguage\":\"es\",\"@id\":\"https:\\\/\\\/exaudi.org\\\/es\\\/la-historia-nos-demuestra-que-dios-nunca-deja-solo-a-su-pueblo\\\/#primaryimage\",\"url\":\"https:\\\/\\\/exaudi.org\\\/wp-content\\\/uploads\\\/2024\\\/03\\\/sacerdote-luis-enrique-2.jpg\",\"contentUrl\":\"https:\\\/\\\/exaudi.org\\\/wp-content\\\/uploads\\\/2024\\\/03\\\/sacerdote-luis-enrique-2.jpg\",\"width\":800,\"height\":458},{\"@type\":\"BreadcrumbList\",\"@id\":\"https:\\\/\\\/exaudi.org\\\/es\\\/la-historia-nos-demuestra-que-dios-nunca-deja-solo-a-su-pueblo\\\/#breadcrumb\",\"itemListElement\":[{\"@type\":\"ListItem\",\"position\":1,\"name\":\"Portada\",\"item\":\"https:\\\/\\\/exaudi.org\\\/es\\\/\"},{\"@type\":\"ListItem\",\"position\":2,\"name\":\"&#8220;La historia nos demuestra que Dios nunca deja solo a su pueblo&#8221;\"}]},{\"@type\":\"WebSite\",\"@id\":\"https:\\\/\\\/exaudi.org\\\/#website\",\"url\":\"https:\\\/\\\/exaudi.org\\\/\",\"name\":\"Exaudi\",\"description\":\"News\",\"potentialAction\":[{\"@type\":\"SearchAction\",\"target\":{\"@type\":\"EntryPoint\",\"urlTemplate\":\"https:\\\/\\\/exaudi.org\\\/?s={search_term_string}\"},\"query-input\":{\"@type\":\"PropertyValueSpecification\",\"valueRequired\":true,\"valueName\":\"search_term_string\"}}],\"inLanguage\":\"es\"},{\"@type\":\"Person\",\"@id\":\"https:\\\/\\\/exaudi.org\\\/#\\\/schema\\\/person\\\/fab8261a088ccf38cb54b3c50baa7baf\",\"name\":\"Fundaci\u00f3n CARF\",\"image\":{\"@type\":\"ImageObject\",\"inLanguage\":\"es\",\"@id\":\"https:\\\/\\\/secure.gravatar.com\\\/avatar\\\/ab292d3529973c0d1cf4cda9208c6a8a7ee52923f0a291c39104715fa46aae4b?s=96&d=mm&r=g\",\"url\":\"https:\\\/\\\/secure.gravatar.com\\\/avatar\\\/ab292d3529973c0d1cf4cda9208c6a8a7ee52923f0a291c39104715fa46aae4b?s=96&d=mm&r=g\",\"contentUrl\":\"https:\\\/\\\/secure.gravatar.com\\\/avatar\\\/ab292d3529973c0d1cf4cda9208c6a8a7ee52923f0a291c39104715fa46aae4b?s=96&d=mm&r=g\",\"caption\":\"Fundaci\u00f3n CARF\"},\"description\":\"Trabajamos para llevar la sonrisa de Dios a todos los rincones del mundo a trav\u00e9s de los sacerdotes y ayudando a su formaci\u00f3n. Gracias a nuestros benefactores, ayudamos a la formaci\u00f3n de los sacerdotes, difundimos su buen nombre y rezamos por su fidelidad y las vocaciones. Trabajamos para servir a la Iglesia y que ninguna vocaci\u00f3n se pierda y luego ellos puedan transmitir en su labor pastoral toda la luz, ciencia y doctrina recibida. Acad\u00e9mico Las licenciaturas, programas de especializacio\u0301n o doctorados, otorgan a cada candidato una formaci\u00f3n espec\u00edfica en Teologi\u0301a, Filosofi\u0301a, Derecho Cano\u0301nico o Comunicacio\u0301n Social Institucional. Espiritual Los seminaristas y sacerdotes complementan su formacio\u0301n acade\u0301mica y humana con la espiritual, ya que deben estar preparados para seguir su vocaci\u00f3n y prestar su cuerpo y su espi\u0301ritu al Sen\u0303or. Humano A trave\u0301s del ambiente de familia y de preparaci\u00f3n, se consigue el desarrollo de actitudes, capacidades y valores que impactan en el crecimiento personal y social de los sacerdotes.\",\"sameAs\":[\"https:\\\/\\\/fundacioncarf.org\\\/\",\"https:\\\/\\\/www.facebook.com\\\/fundacioncarf\\\/\",\"https:\\\/\\\/www.instagram.com\\\/fundacioncarf\\\/\",\"https:\\\/\\\/www.linkedin.com\\\/company\\\/fundacioncarf\\\/posts\\\/?feedView=all\",\"https:\\\/\\\/x.com\\\/https:\\\/\\\/x.com\\\/fundacioncarf\",\"https:\\\/\\\/www.youtube.com\\\/c\\\/fundacioncarf\"],\"url\":\"https:\\\/\\\/exaudi.org\\\/es\\\/author\\\/carf\\\/\"}]}<\/script>\n<!-- \/ Yoast SEO plugin. -->","yoast_head_json":{"title":"\"La historia nos demuestra que Dios nunca deja solo a su pueblo\" &#8211; Exaudi","robots":{"index":"index","follow":"follow","max-snippet":"max-snippet:-1","max-image-preview":"max-image-preview:large","max-video-preview":"max-video-preview:-1"},"canonical":"https:\/\/exaudi.org\/es\/la-historia-nos-demuestra-que-dios-nunca-deja-solo-a-su-pueblo\/","og_locale":"es_ES","og_type":"article","og_title":"\"La historia nos demuestra que Dios nunca deja solo a su pueblo\" &#8211; Exaudi","og_description":"Don Luis Enrique Ortiz, de Guatemala, lleva 25 a\u00f1os siendo sacerdote","og_url":"https:\/\/exaudi.org\/es\/la-historia-nos-demuestra-que-dios-nunca-deja-solo-a-su-pueblo\/","og_site_name":"Exaudi","article_publisher":"https:\/\/www.facebook.com\/ExaudiNews","article_author":"https:\/\/www.facebook.com\/fundacioncarf\/","article_published_time":"2024-03-07T08:30:19+00:00","og_image":[{"width":800,"height":458,"url":"https:\/\/exaudi.org\/wp-content\/uploads\/2024\/03\/sacerdote-luis-enrique-2.jpg","type":"image\/jpeg"}],"author":"Fundaci\u00f3n CARF","twitter_card":"summary_large_image","twitter_creator":"@https:\/\/x.com\/fundacioncarf","twitter_site":"@Exaudi_News","twitter_misc":{"Escrito por":"Fundaci\u00f3n CARF","Tiempo de lectura":"5 minutos"},"schema":{"@context":"https:\/\/schema.org","@graph":[{"@type":"Article","@id":"https:\/\/exaudi.org\/es\/la-historia-nos-demuestra-que-dios-nunca-deja-solo-a-su-pueblo\/#article","isPartOf":{"@id":"https:\/\/exaudi.org\/es\/la-historia-nos-demuestra-que-dios-nunca-deja-solo-a-su-pueblo\/"},"author":{"name":"Fundaci\u00f3n CARF","@id":"https:\/\/exaudi.org\/#\/schema\/person\/fab8261a088ccf38cb54b3c50baa7baf"},"headline":"\u00abLa historia nos demuestra que Dios nunca deja solo a su pueblo\u00bb","datePublished":"2024-03-07T08:30:19+00:00","mainEntityOfPage":{"@id":"https:\/\/exaudi.org\/es\/la-historia-nos-demuestra-que-dios-nunca-deja-solo-a-su-pueblo\/"},"wordCount":983,"image":{"@id":"https:\/\/exaudi.org\/es\/la-historia-nos-demuestra-que-dios-nunca-deja-solo-a-su-pueblo\/#primaryimage"},"thumbnailUrl":"https:\/\/exaudi.org\/wp-content\/uploads\/2024\/03\/sacerdote-luis-enrique-2.jpg","keywords":["Archidi\u00f3cesis de Santiago de Guatemala","Fundaci\u00f3n CARF","Guatemala","Luis Enrique Ortiz","Roma","Sacerdote","Trending","Universidad Pontificia de la Santa Cruz.","Vocaci\u00f3n"],"articleSection":["Iglesia y Mundo","Testimonios"],"inLanguage":"es"},{"@type":"WebPage","@id":"https:\/\/exaudi.org\/es\/la-historia-nos-demuestra-que-dios-nunca-deja-solo-a-su-pueblo\/","url":"https:\/\/exaudi.org\/es\/la-historia-nos-demuestra-que-dios-nunca-deja-solo-a-su-pueblo\/","name":"\"La historia nos demuestra que Dios nunca deja solo a su pueblo\" &#8211; Exaudi","isPartOf":{"@id":"https:\/\/exaudi.org\/#website"},"primaryImageOfPage":{"@id":"https:\/\/exaudi.org\/es\/la-historia-nos-demuestra-que-dios-nunca-deja-solo-a-su-pueblo\/#primaryimage"},"image":{"@id":"https:\/\/exaudi.org\/es\/la-historia-nos-demuestra-que-dios-nunca-deja-solo-a-su-pueblo\/#primaryimage"},"thumbnailUrl":"https:\/\/exaudi.org\/wp-content\/uploads\/2024\/03\/sacerdote-luis-enrique-2.jpg","datePublished":"2024-03-07T08:30:19+00:00","author":{"@id":"https:\/\/exaudi.org\/#\/schema\/person\/fab8261a088ccf38cb54b3c50baa7baf"},"breadcrumb":{"@id":"https:\/\/exaudi.org\/es\/la-historia-nos-demuestra-que-dios-nunca-deja-solo-a-su-pueblo\/#breadcrumb"},"inLanguage":"es","potentialAction":[{"@type":"ReadAction","target":["https:\/\/exaudi.org\/es\/la-historia-nos-demuestra-que-dios-nunca-deja-solo-a-su-pueblo\/"]}]},{"@type":"ImageObject","inLanguage":"es","@id":"https:\/\/exaudi.org\/es\/la-historia-nos-demuestra-que-dios-nunca-deja-solo-a-su-pueblo\/#primaryimage","url":"https:\/\/exaudi.org\/wp-content\/uploads\/2024\/03\/sacerdote-luis-enrique-2.jpg","contentUrl":"https:\/\/exaudi.org\/wp-content\/uploads\/2024\/03\/sacerdote-luis-enrique-2.jpg","width":800,"height":458},{"@type":"BreadcrumbList","@id":"https:\/\/exaudi.org\/es\/la-historia-nos-demuestra-que-dios-nunca-deja-solo-a-su-pueblo\/#breadcrumb","itemListElement":[{"@type":"ListItem","position":1,"name":"Portada","item":"https:\/\/exaudi.org\/es\/"},{"@type":"ListItem","position":2,"name":"&#8220;La historia nos demuestra que Dios nunca deja solo a su pueblo&#8221;"}]},{"@type":"WebSite","@id":"https:\/\/exaudi.org\/#website","url":"https:\/\/exaudi.org\/","name":"Exaudi","description":"News","potentialAction":[{"@type":"SearchAction","target":{"@type":"EntryPoint","urlTemplate":"https:\/\/exaudi.org\/?s={search_term_string}"},"query-input":{"@type":"PropertyValueSpecification","valueRequired":true,"valueName":"search_term_string"}}],"inLanguage":"es"},{"@type":"Person","@id":"https:\/\/exaudi.org\/#\/schema\/person\/fab8261a088ccf38cb54b3c50baa7baf","name":"Fundaci\u00f3n CARF","image":{"@type":"ImageObject","inLanguage":"es","@id":"https:\/\/secure.gravatar.com\/avatar\/ab292d3529973c0d1cf4cda9208c6a8a7ee52923f0a291c39104715fa46aae4b?s=96&d=mm&r=g","url":"https:\/\/secure.gravatar.com\/avatar\/ab292d3529973c0d1cf4cda9208c6a8a7ee52923f0a291c39104715fa46aae4b?s=96&d=mm&r=g","contentUrl":"https:\/\/secure.gravatar.com\/avatar\/ab292d3529973c0d1cf4cda9208c6a8a7ee52923f0a291c39104715fa46aae4b?s=96&d=mm&r=g","caption":"Fundaci\u00f3n CARF"},"description":"Trabajamos para llevar la sonrisa de Dios a todos los rincones del mundo a trav\u00e9s de los sacerdotes y ayudando a su formaci\u00f3n. Gracias a nuestros benefactores, ayudamos a la formaci\u00f3n de los sacerdotes, difundimos su buen nombre y rezamos por su fidelidad y las vocaciones. Trabajamos para servir a la Iglesia y que ninguna vocaci\u00f3n se pierda y luego ellos puedan transmitir en su labor pastoral toda la luz, ciencia y doctrina recibida. Acad\u00e9mico Las licenciaturas, programas de especializacio\u0301n o doctorados, otorgan a cada candidato una formaci\u00f3n espec\u00edfica en Teologi\u0301a, Filosofi\u0301a, Derecho Cano\u0301nico o Comunicacio\u0301n Social Institucional. Espiritual Los seminaristas y sacerdotes complementan su formacio\u0301n acade\u0301mica y humana con la espiritual, ya que deben estar preparados para seguir su vocaci\u00f3n y prestar su cuerpo y su espi\u0301ritu al Sen\u0303or. Humano A trave\u0301s del ambiente de familia y de preparaci\u00f3n, se consigue el desarrollo de actitudes, capacidades y valores que impactan en el crecimiento personal y social de los sacerdotes.","sameAs":["https:\/\/fundacioncarf.org\/","https:\/\/www.facebook.com\/fundacioncarf\/","https:\/\/www.instagram.com\/fundacioncarf\/","https:\/\/www.linkedin.com\/company\/fundacioncarf\/posts\/?feedView=all","https:\/\/x.com\/https:\/\/x.com\/fundacioncarf","https:\/\/www.youtube.com\/c\/fundacioncarf"],"url":"https:\/\/exaudi.org\/es\/author\/carf\/"}]}},"jetpack_featured_media_url":"https:\/\/exaudi.org\/wp-content\/uploads\/2024\/03\/sacerdote-luis-enrique-2.jpg","jetpack_shortlink":"https:\/\/wp.me\/pgKjF2-oYi","_links":{"self":[{"href":"https:\/\/exaudi.org\/es\/wp-json\/wp\/v2\/posts\/95994","targetHints":{"allow":["GET"]}}],"collection":[{"href":"https:\/\/exaudi.org\/es\/wp-json\/wp\/v2\/posts"}],"about":[{"href":"https:\/\/exaudi.org\/es\/wp-json\/wp\/v2\/types\/post"}],"author":[{"embeddable":true,"href":"https:\/\/exaudi.org\/es\/wp-json\/wp\/v2\/users\/119"}],"replies":[{"embeddable":true,"href":"https:\/\/exaudi.org\/es\/wp-json\/wp\/v2\/comments?post=95994"}],"version-history":[{"count":0,"href":"https:\/\/exaudi.org\/es\/wp-json\/wp\/v2\/posts\/95994\/revisions"}],"wp:featuredmedia":[{"embeddable":true,"href":"https:\/\/exaudi.org\/es\/wp-json\/wp\/v2\/media\/96001"}],"wp:attachment":[{"href":"https:\/\/exaudi.org\/es\/wp-json\/wp\/v2\/media?parent=95994"}],"wp:term":[{"taxonomy":"category","embeddable":true,"href":"https:\/\/exaudi.org\/es\/wp-json\/wp\/v2\/categories?post=95994"},{"taxonomy":"post_tag","embeddable":true,"href":"https:\/\/exaudi.org\/es\/wp-json\/wp\/v2\/tags?post=95994"}],"curies":[{"name":"wp","href":"https:\/\/api.w.org\/{rel}","templated":true}]}}