{"id":95976,"date":"2024-03-07T08:30:59","date_gmt":"2024-03-07T07:30:59","guid":{"rendered":"https:\/\/exaudi.org\/?p=95976"},"modified":"2024-03-06T16:59:35","modified_gmt":"2024-03-06T15:59:35","slug":"macron-declara-la-guerra-al-no-nacido-en-francia","status":"publish","type":"post","link":"https:\/\/exaudi.org\/es\/macron-declara-la-guerra-al-no-nacido-en-francia\/","title":{"rendered":"Macron declara la guerra al no nacido en Francia"},"content":{"rendered":"<audio class=\"wp-audio-shortcode\" id=\"audio-95976-1\" preload=\"none\" style=\"width: 100%;\" controls=\"controls\"><source type=\"audio\/mpeg\" src=\"https:\/\/exaudi.org\/wp-content\/uploads\/2024\/03\/Neos.mp3?_=1\" \/><a href=\"https:\/\/exaudi.org\/wp-content\/uploads\/2024\/03\/Neos.mp3\">https:\/\/exaudi.org\/wp-content\/uploads\/2024\/03\/Neos.mp3<\/a><\/audio>\n<p>En medio de una profunda crisis en la protecci\u00f3n y defensa de los derechos fundamentales en Europa, en la que convivimos con la muerte como espectadores, cada vez menos conmovidos, en Francia han impulsado una medida que sacude los cimientos mismos de nuestra civilizaci\u00f3n: la conversi\u00f3n del aborto en un derecho constitucional.<\/p>\n<p>El presidente Macron ha destacado por su particular obsesi\u00f3n por reconocer el aborto como derecho. Ya en 2022, en su discurso de apertura de la presidencia rotatoria europea, inst\u00f3 a la UE a incluirlo como tal en los tratados de la Uni\u00f3n. Es curioso comprobar como este asunto se ha puesto encima de la mesa en los momentos m\u00e1s complicados de la presidencia del l\u00edder franc\u00e9s.<\/p>\n<p>El aborto no es un derecho, sino una intervenci\u00f3n quir\u00fargica que tiene como fin acabar con la vida en el vientre de su madre de un ser humano en gestaci\u00f3n.<\/p>\n<p>El derecho a la vida es un derecho fundamental que debe ser protegido y defendido en toda sociedad civilizada. Sin embargo, la aprobaci\u00f3n del aborto como derecho constitucional en Francia plantea serias preguntas sobre el respeto a la dignidad humana y la moralidad en la acci\u00f3n pol\u00edtica.<\/p>\n<p>Es inaceptable que el Gobierno de Macron consagre como derecho fundamental el aborto, alineado con importantes grupos de presi\u00f3n econ\u00f3micos y sociales, disfraz\u00e1ndolo de una conquista de la libertad de las mujeres. La realidad es que el aborto es un fracaso. Cuando se estudian las causas del aborto, destaca, entre todas ellas, la falta de apoyo de todo tipo para la madre gestante. Sin ese apoyo no se puede hablar de verdadera libertad de elecci\u00f3n.<\/p>\n<p>Desde NEOS apelamos a la defensa de la verdad y afirmamos que el aborto es una tragedia que afecta no solo a los no nacidos, sino tambi\u00e9n a las mujeres que se enfrentan a circunstancias dif\u00edciles y necesitan apoyo genuino y compasivo y a la sociedad en su conjunto, que abraza como un derecho lo que es una absoluta degradaci\u00f3n moral.<\/p>\n<p>La aprobaci\u00f3n del aborto como derecho constitucional en Francia es un paso atr\u00e1s para la humanidad en su conjunto y para Europa como cuna de los derechos humanos y una afrenta a los principios m\u00e1s b\u00e1sicos de la \u00e9tica y la moralidad. En un momento en el que Europa necesita m\u00e1s que nunca una reafirmaci\u00f3n de sus valores fundamentales, esta medida representa una ofensa significativa para la cohesi\u00f3n social.<\/p>\n<p>Es hora de que los l\u00edderes europeos, especialmente los que se apresuraron a se\u00f1alar el caso franc\u00e9s como ejemplo a seguir, abandonen la defensa de la cultura de la muerte y regresen a la defensa de una cultura por la vida.<br \/>\nCada vida humana es \u00fanica e irrepetible y debe ser tratada como tal, sin importar las circunstancias o presiones pol\u00edticas. Solo as\u00ed podremos construir un futuro m\u00e1s justo, solidario, compasivo y respetuoso para todos los ciudadanos europeos.<\/p>\n<p>En estos momentos de gran trascendencia y gravedad para Europa, animamos a participar en la gran manifestaci\u00f3n por la Vida convocada este domingo 10 de marzo y anunciamos la convocatoria por parte de NEOS y la Asamblea por la Vida de un gran encuentro por la vida, que tendr\u00e1 lugar en Madrid el pr\u00f3ximo 29 de abril.<\/p>\n<p><strong>Jaime Mayor Oreja. Presidente de NEOS y coordinaci\u00f3n de la Asamblea por la Vida<\/strong><\/p>\n<audio class=\"wp-audio-shortcode\" id=\"audio-95976-2\" preload=\"none\" style=\"width: 100%;\" controls=\"controls\"><source type=\"audio\/mpeg\" src=\"https:\/\/exaudi.org\/wp-content\/uploads\/2024\/03\/Jaime-Mayor-Oreja-online-audio-converter.com_.mp3?_=2\" \/><a href=\"https:\/\/exaudi.org\/wp-content\/uploads\/2024\/03\/Jaime-Mayor-Oreja-online-audio-converter.com_.mp3\">https:\/\/exaudi.org\/wp-content\/uploads\/2024\/03\/Jaime-Mayor-Oreja-online-audio-converter.com_.mp3<\/a><\/audio>\n<p><strong>Ana del Pino. Coordinaci\u00f3n de la Asamblea por la Vida y coordinadora de proyectos de NEOS<\/strong><\/p>\n<audio class=\"wp-audio-shortcode\" id=\"audio-95976-3\" preload=\"none\" style=\"width: 100%;\" controls=\"controls\"><source type=\"audio\/mpeg\" src=\"https:\/\/exaudi.org\/wp-content\/uploads\/2024\/03\/Ana-del-Pino-Garcia-Barrera.mp3?_=3\" \/><a href=\"https:\/\/exaudi.org\/wp-content\/uploads\/2024\/03\/Ana-del-Pino-Garcia-Barrera.mp3\">https:\/\/exaudi.org\/wp-content\/uploads\/2024\/03\/Ana-del-Pino-Garcia-Barrera.mp3<\/a><\/audio>\n","protected":false},"excerpt":{"rendered":"<p>Anunciamos una acci\u00f3n pol\u00edtica y cultural por la vida el pr\u00f3ximo 29 de abril en Madrid<\/p>\n","protected":false},"author":140,"featured_media":95977,"comment_status":"closed","ping_status":"closed","sticky":false,"template":"","format":"standard","meta":{"_acf_changed":false,"_crdt_document":"","inline_featured_image":false,"footnotes":""},"categories":[59],"tags":[1121,1008,764,10154,9230,13321,4953],"class_list":["post-95976","post","type-post","status-publish","format-standard","has-post-thumbnail","hentry","category-featured-news","tag-aborto","tag-espana","tag-europa","tag-macron-3","tag-madrid-2","tag-manifestacion-por-la-vida","tag-trending-es"],"acf":[],"yoast_head":"<!-- This site is optimized with the Yoast SEO plugin v27.5 - https:\/\/yoast.com\/product\/yoast-seo-wordpress\/ -->\n<title>Macron declara la guerra al no nacido en Francia &#8211; Exaudi<\/title>\n<meta name=\"robots\" content=\"index, follow, max-snippet:-1, max-image-preview:large, max-video-preview:-1\" \/>\n<link rel=\"canonical\" href=\"https:\/\/exaudi.org\/es\/macron-declara-la-guerra-al-no-nacido-en-francia\/\" \/>\n<meta property=\"og:locale\" content=\"es_ES\" \/>\n<meta property=\"og:type\" content=\"article\" \/>\n<meta property=\"og:title\" content=\"Macron declara la guerra al no nacido en Francia &#8211; Exaudi\" \/>\n<meta property=\"og:description\" content=\"Anunciamos una acci\u00f3n pol\u00edtica y cultural por la vida el pr\u00f3ximo 29 de abril en Madrid\" \/>\n<meta property=\"og:url\" content=\"https:\/\/exaudi.org\/es\/macron-declara-la-guerra-al-no-nacido-en-francia\/\" \/>\n<meta property=\"og:site_name\" content=\"Exaudi\" \/>\n<meta property=\"article:publisher\" content=\"https:\/\/www.facebook.com\/ExaudiNews\" \/>\n<meta property=\"article:author\" content=\"https:\/\/www.facebook.com\/NEOSesp\" \/>\n<meta property=\"article:published_time\" content=\"2024-03-07T07:30:59+00:00\" \/>\n<meta property=\"og:image\" content=\"https:\/\/exaudi.org\/wp-content\/uploads\/2024\/03\/roe.png\" \/>\n\t<meta property=\"og:image:width\" content=\"700\" \/>\n\t<meta property=\"og:image:height\" content=\"352\" \/>\n\t<meta property=\"og:image:type\" content=\"image\/png\" \/>\n<meta name=\"author\" content=\"NEOS\" \/>\n<meta name=\"twitter:card\" content=\"summary_large_image\" \/>\n<meta name=\"twitter:creator\" content=\"@https:\/\/twitter.com\/NEOS_esp\" \/>\n<meta name=\"twitter:site\" content=\"@Exaudi_News\" \/>\n<meta name=\"twitter:label1\" content=\"Escrito por\" \/>\n\t<meta name=\"twitter:data1\" content=\"NEOS\" \/>\n\t<meta name=\"twitter:label2\" content=\"Tiempo de lectura\" \/>\n\t<meta name=\"twitter:data2\" content=\"3 minutos\" \/>\n<script type=\"application\/ld+json\" class=\"yoast-schema-graph\">{\"@context\":\"https:\\\/\\\/schema.org\",\"@graph\":[{\"@type\":\"Article\",\"@id\":\"https:\\\/\\\/exaudi.org\\\/es\\\/macron-declara-la-guerra-al-no-nacido-en-francia\\\/#article\",\"isPartOf\":{\"@id\":\"https:\\\/\\\/exaudi.org\\\/es\\\/macron-declara-la-guerra-al-no-nacido-en-francia\\\/\"},\"author\":{\"name\":\"NEOS\",\"@id\":\"https:\\\/\\\/exaudi.org\\\/#\\\/schema\\\/person\\\/01f6accdc0930131ee2fb4afa8591ed7\"},\"headline\":\"Macron declara la guerra al no nacido en Francia\",\"datePublished\":\"2024-03-07T07:30:59+00:00\",\"mainEntityOfPage\":{\"@id\":\"https:\\\/\\\/exaudi.org\\\/es\\\/macron-declara-la-guerra-al-no-nacido-en-francia\\\/\"},\"wordCount\":639,\"image\":{\"@id\":\"https:\\\/\\\/exaudi.org\\\/es\\\/macron-declara-la-guerra-al-no-nacido-en-francia\\\/#primaryimage\"},\"thumbnailUrl\":\"https:\\\/\\\/exaudi.org\\\/wp-content\\\/uploads\\\/2024\\\/03\\\/roe.png\",\"keywords\":[\"Aborto\",\"Espa\u00f1a\",\"Europa\",\"Macron\",\"Madrid\",\"Manifestaci\u00f3n por la Vida\",\"Trending\"],\"articleSection\":[\"Featured News\"],\"inLanguage\":\"es\"},{\"@type\":\"WebPage\",\"@id\":\"https:\\\/\\\/exaudi.org\\\/es\\\/macron-declara-la-guerra-al-no-nacido-en-francia\\\/\",\"url\":\"https:\\\/\\\/exaudi.org\\\/es\\\/macron-declara-la-guerra-al-no-nacido-en-francia\\\/\",\"name\":\"Macron declara la guerra al no nacido en Francia &#8211; Exaudi\",\"isPartOf\":{\"@id\":\"https:\\\/\\\/exaudi.org\\\/#website\"},\"primaryImageOfPage\":{\"@id\":\"https:\\\/\\\/exaudi.org\\\/es\\\/macron-declara-la-guerra-al-no-nacido-en-francia\\\/#primaryimage\"},\"image\":{\"@id\":\"https:\\\/\\\/exaudi.org\\\/es\\\/macron-declara-la-guerra-al-no-nacido-en-francia\\\/#primaryimage\"},\"thumbnailUrl\":\"https:\\\/\\\/exaudi.org\\\/wp-content\\\/uploads\\\/2024\\\/03\\\/roe.png\",\"datePublished\":\"2024-03-07T07:30:59+00:00\",\"author\":{\"@id\":\"https:\\\/\\\/exaudi.org\\\/#\\\/schema\\\/person\\\/01f6accdc0930131ee2fb4afa8591ed7\"},\"breadcrumb\":{\"@id\":\"https:\\\/\\\/exaudi.org\\\/es\\\/macron-declara-la-guerra-al-no-nacido-en-francia\\\/#breadcrumb\"},\"inLanguage\":\"es\",\"potentialAction\":[{\"@type\":\"ReadAction\",\"target\":[\"https:\\\/\\\/exaudi.org\\\/es\\\/macron-declara-la-guerra-al-no-nacido-en-francia\\\/\"]}]},{\"@type\":\"ImageObject\",\"inLanguage\":\"es\",\"@id\":\"https:\\\/\\\/exaudi.org\\\/es\\\/macron-declara-la-guerra-al-no-nacido-en-francia\\\/#primaryimage\",\"url\":\"https:\\\/\\\/exaudi.org\\\/wp-content\\\/uploads\\\/2024\\\/03\\\/roe.png\",\"contentUrl\":\"https:\\\/\\\/exaudi.org\\\/wp-content\\\/uploads\\\/2024\\\/03\\\/roe.png\",\"width\":700,\"height\":352},{\"@type\":\"BreadcrumbList\",\"@id\":\"https:\\\/\\\/exaudi.org\\\/es\\\/macron-declara-la-guerra-al-no-nacido-en-francia\\\/#breadcrumb\",\"itemListElement\":[{\"@type\":\"ListItem\",\"position\":1,\"name\":\"Portada\",\"item\":\"https:\\\/\\\/exaudi.org\\\/es\\\/\"},{\"@type\":\"ListItem\",\"position\":2,\"name\":\"Macron declara la guerra al no nacido en Francia\"}]},{\"@type\":\"WebSite\",\"@id\":\"https:\\\/\\\/exaudi.org\\\/#website\",\"url\":\"https:\\\/\\\/exaudi.org\\\/\",\"name\":\"Exaudi\",\"description\":\"News\",\"potentialAction\":[{\"@type\":\"SearchAction\",\"target\":{\"@type\":\"EntryPoint\",\"urlTemplate\":\"https:\\\/\\\/exaudi.org\\\/?s={search_term_string}\"},\"query-input\":{\"@type\":\"PropertyValueSpecification\",\"valueRequired\":true,\"valueName\":\"search_term_string\"}}],\"inLanguage\":\"es\"},{\"@type\":\"Person\",\"@id\":\"https:\\\/\\\/exaudi.org\\\/#\\\/schema\\\/person\\\/01f6accdc0930131ee2fb4afa8591ed7\",\"name\":\"NEOS\",\"image\":{\"@type\":\"ImageObject\",\"inLanguage\":\"es\",\"@id\":\"https:\\\/\\\/secure.gravatar.com\\\/avatar\\\/0e4ccdda7fdb75fcc6c0062a396907269e87bcf87a55970f0eef6478c74091b3?s=96&d=mm&r=g\",\"url\":\"https:\\\/\\\/secure.gravatar.com\\\/avatar\\\/0e4ccdda7fdb75fcc6c0062a396907269e87bcf87a55970f0eef6478c74091b3?s=96&d=mm&r=g\",\"contentUrl\":\"https:\\\/\\\/secure.gravatar.com\\\/avatar\\\/0e4ccdda7fdb75fcc6c0062a396907269e87bcf87a55970f0eef6478c74091b3?s=96&d=mm&r=g\",\"caption\":\"NEOS\"},\"description\":\"NEOS es una alterna\udbc0\udd9fva cultural que surge de la necesidad de hacer frente a la corriente social y pol\u00ed\udbc0\udd9fca que impera en la actualidad y cuyo obje\udbc0\udd9fvo es destruir y sus\udbc0\udd9ftuir el orden social basado en los fundamentos cris\udbc0\udd9fanos, germen de la civilizaci\u00f3n occidental. La plataforma desempe\u00f1a su labor a trav\u00e9s de seis grupos de trabajo que dan respuesta a cada uno de sus pilares: la Vida, la Verdad, la Dignidad de la Persona y la Familia, la Libertad, Espa\u00f1a Naci\u00f3n y las Amenazas Globales\",\"sameAs\":[\"https:\\\/\\\/neosfundacion.es\\\/\",\"https:\\\/\\\/www.facebook.com\\\/NEOSesp\",\"https:\\\/\\\/www.instagram.com\\\/NEOS_esp\\\/\",\"https:\\\/\\\/www.linkedin.com\\\/company\\\/neos-esp\\\/\",\"https:\\\/\\\/x.com\\\/https:\\\/\\\/twitter.com\\\/NEOS_esp\",\"https:\\\/\\\/www.youtube.com\\\/channel\\\/UCdmLXaVxdJF-qkcH77lPq9Q\"],\"url\":\"https:\\\/\\\/exaudi.org\\\/es\\\/author\\\/neos\\\/\"}]}<\/script>\n<!-- \/ Yoast SEO plugin. -->","yoast_head_json":{"title":"Macron declara la guerra al no nacido en Francia &#8211; Exaudi","robots":{"index":"index","follow":"follow","max-snippet":"max-snippet:-1","max-image-preview":"max-image-preview:large","max-video-preview":"max-video-preview:-1"},"canonical":"https:\/\/exaudi.org\/es\/macron-declara-la-guerra-al-no-nacido-en-francia\/","og_locale":"es_ES","og_type":"article","og_title":"Macron declara la guerra al no nacido en Francia &#8211; Exaudi","og_description":"Anunciamos una acci\u00f3n pol\u00edtica y cultural por la vida el pr\u00f3ximo 29 de abril en Madrid","og_url":"https:\/\/exaudi.org\/es\/macron-declara-la-guerra-al-no-nacido-en-francia\/","og_site_name":"Exaudi","article_publisher":"https:\/\/www.facebook.com\/ExaudiNews","article_author":"https:\/\/www.facebook.com\/NEOSesp","article_published_time":"2024-03-07T07:30:59+00:00","og_image":[{"width":700,"height":352,"url":"https:\/\/exaudi.org\/wp-content\/uploads\/2024\/03\/roe.png","type":"image\/png"}],"author":"NEOS","twitter_card":"summary_large_image","twitter_creator":"@https:\/\/twitter.com\/NEOS_esp","twitter_site":"@Exaudi_News","twitter_misc":{"Escrito por":"NEOS","Tiempo de lectura":"3 minutos"},"schema":{"@context":"https:\/\/schema.org","@graph":[{"@type":"Article","@id":"https:\/\/exaudi.org\/es\/macron-declara-la-guerra-al-no-nacido-en-francia\/#article","isPartOf":{"@id":"https:\/\/exaudi.org\/es\/macron-declara-la-guerra-al-no-nacido-en-francia\/"},"author":{"name":"NEOS","@id":"https:\/\/exaudi.org\/#\/schema\/person\/01f6accdc0930131ee2fb4afa8591ed7"},"headline":"Macron declara la guerra al no nacido en Francia","datePublished":"2024-03-07T07:30:59+00:00","mainEntityOfPage":{"@id":"https:\/\/exaudi.org\/es\/macron-declara-la-guerra-al-no-nacido-en-francia\/"},"wordCount":639,"image":{"@id":"https:\/\/exaudi.org\/es\/macron-declara-la-guerra-al-no-nacido-en-francia\/#primaryimage"},"thumbnailUrl":"https:\/\/exaudi.org\/wp-content\/uploads\/2024\/03\/roe.png","keywords":["Aborto","Espa\u00f1a","Europa","Macron","Madrid","Manifestaci\u00f3n por la Vida","Trending"],"articleSection":["Featured News"],"inLanguage":"es"},{"@type":"WebPage","@id":"https:\/\/exaudi.org\/es\/macron-declara-la-guerra-al-no-nacido-en-francia\/","url":"https:\/\/exaudi.org\/es\/macron-declara-la-guerra-al-no-nacido-en-francia\/","name":"Macron declara la guerra al no nacido en Francia &#8211; Exaudi","isPartOf":{"@id":"https:\/\/exaudi.org\/#website"},"primaryImageOfPage":{"@id":"https:\/\/exaudi.org\/es\/macron-declara-la-guerra-al-no-nacido-en-francia\/#primaryimage"},"image":{"@id":"https:\/\/exaudi.org\/es\/macron-declara-la-guerra-al-no-nacido-en-francia\/#primaryimage"},"thumbnailUrl":"https:\/\/exaudi.org\/wp-content\/uploads\/2024\/03\/roe.png","datePublished":"2024-03-07T07:30:59+00:00","author":{"@id":"https:\/\/exaudi.org\/#\/schema\/person\/01f6accdc0930131ee2fb4afa8591ed7"},"breadcrumb":{"@id":"https:\/\/exaudi.org\/es\/macron-declara-la-guerra-al-no-nacido-en-francia\/#breadcrumb"},"inLanguage":"es","potentialAction":[{"@type":"ReadAction","target":["https:\/\/exaudi.org\/es\/macron-declara-la-guerra-al-no-nacido-en-francia\/"]}]},{"@type":"ImageObject","inLanguage":"es","@id":"https:\/\/exaudi.org\/es\/macron-declara-la-guerra-al-no-nacido-en-francia\/#primaryimage","url":"https:\/\/exaudi.org\/wp-content\/uploads\/2024\/03\/roe.png","contentUrl":"https:\/\/exaudi.org\/wp-content\/uploads\/2024\/03\/roe.png","width":700,"height":352},{"@type":"BreadcrumbList","@id":"https:\/\/exaudi.org\/es\/macron-declara-la-guerra-al-no-nacido-en-francia\/#breadcrumb","itemListElement":[{"@type":"ListItem","position":1,"name":"Portada","item":"https:\/\/exaudi.org\/es\/"},{"@type":"ListItem","position":2,"name":"Macron declara la guerra al no nacido en Francia"}]},{"@type":"WebSite","@id":"https:\/\/exaudi.org\/#website","url":"https:\/\/exaudi.org\/","name":"Exaudi","description":"News","potentialAction":[{"@type":"SearchAction","target":{"@type":"EntryPoint","urlTemplate":"https:\/\/exaudi.org\/?s={search_term_string}"},"query-input":{"@type":"PropertyValueSpecification","valueRequired":true,"valueName":"search_term_string"}}],"inLanguage":"es"},{"@type":"Person","@id":"https:\/\/exaudi.org\/#\/schema\/person\/01f6accdc0930131ee2fb4afa8591ed7","name":"NEOS","image":{"@type":"ImageObject","inLanguage":"es","@id":"https:\/\/secure.gravatar.com\/avatar\/0e4ccdda7fdb75fcc6c0062a396907269e87bcf87a55970f0eef6478c74091b3?s=96&d=mm&r=g","url":"https:\/\/secure.gravatar.com\/avatar\/0e4ccdda7fdb75fcc6c0062a396907269e87bcf87a55970f0eef6478c74091b3?s=96&d=mm&r=g","contentUrl":"https:\/\/secure.gravatar.com\/avatar\/0e4ccdda7fdb75fcc6c0062a396907269e87bcf87a55970f0eef6478c74091b3?s=96&d=mm&r=g","caption":"NEOS"},"description":"NEOS es una alterna\udbc0\udd9fva cultural que surge de la necesidad de hacer frente a la corriente social y pol\u00ed\udbc0\udd9fca que impera en la actualidad y cuyo obje\udbc0\udd9fvo es destruir y sus\udbc0\udd9ftuir el orden social basado en los fundamentos cris\udbc0\udd9fanos, germen de la civilizaci\u00f3n occidental. La plataforma desempe\u00f1a su labor a trav\u00e9s de seis grupos de trabajo que dan respuesta a cada uno de sus pilares: la Vida, la Verdad, la Dignidad de la Persona y la Familia, la Libertad, Espa\u00f1a Naci\u00f3n y las Amenazas Globales","sameAs":["https:\/\/neosfundacion.es\/","https:\/\/www.facebook.com\/NEOSesp","https:\/\/www.instagram.com\/NEOS_esp\/","https:\/\/www.linkedin.com\/company\/neos-esp\/","https:\/\/x.com\/https:\/\/twitter.com\/NEOS_esp","https:\/\/www.youtube.com\/channel\/UCdmLXaVxdJF-qkcH77lPq9Q"],"url":"https:\/\/exaudi.org\/es\/author\/neos\/"}]}},"jetpack_featured_media_url":"https:\/\/exaudi.org\/wp-content\/uploads\/2024\/03\/roe.png","jetpack_shortlink":"https:\/\/wp.me\/pgKjF2-oY0","_links":{"self":[{"href":"https:\/\/exaudi.org\/es\/wp-json\/wp\/v2\/posts\/95976","targetHints":{"allow":["GET"]}}],"collection":[{"href":"https:\/\/exaudi.org\/es\/wp-json\/wp\/v2\/posts"}],"about":[{"href":"https:\/\/exaudi.org\/es\/wp-json\/wp\/v2\/types\/post"}],"author":[{"embeddable":true,"href":"https:\/\/exaudi.org\/es\/wp-json\/wp\/v2\/users\/140"}],"replies":[{"embeddable":true,"href":"https:\/\/exaudi.org\/es\/wp-json\/wp\/v2\/comments?post=95976"}],"version-history":[{"count":0,"href":"https:\/\/exaudi.org\/es\/wp-json\/wp\/v2\/posts\/95976\/revisions"}],"wp:featuredmedia":[{"embeddable":true,"href":"https:\/\/exaudi.org\/es\/wp-json\/wp\/v2\/media\/95977"}],"wp:attachment":[{"href":"https:\/\/exaudi.org\/es\/wp-json\/wp\/v2\/media?parent=95976"}],"wp:term":[{"taxonomy":"category","embeddable":true,"href":"https:\/\/exaudi.org\/es\/wp-json\/wp\/v2\/categories?post=95976"},{"taxonomy":"post_tag","embeddable":true,"href":"https:\/\/exaudi.org\/es\/wp-json\/wp\/v2\/tags?post=95976"}],"curies":[{"name":"wp","href":"https:\/\/api.w.org\/{rel}","templated":true}]}}