{"id":95860,"date":"2024-03-05T12:15:34","date_gmt":"2024-03-05T11:15:34","guid":{"rendered":"https:\/\/exaudi.org\/?p=95860"},"modified":"2024-03-05T18:34:20","modified_gmt":"2024-03-05T17:34:20","slug":"padre-aurelio-gazzera-un-pastor-defiende-a-sus-ovejas-del-peligro","status":"publish","type":"post","link":"https:\/\/exaudi.org\/es\/padre-aurelio-gazzera-un-pastor-defiende-a-sus-ovejas-del-peligro\/","title":{"rendered":"Padre Aurelio Gazzera: \u201cUn pastor defiende a sus ovejas del peligro\u201d"},"content":{"rendered":"<audio class=\"wp-audio-shortcode\" id=\"audio-95860-1\" preload=\"none\" style=\"width: 100%;\" controls=\"controls\"><source type=\"audio\/mpeg\" src=\"https:\/\/exaudi.org\/wp-content\/uploads\/2024\/03\/Padre-Aurelio-Gazzera-Un-pastor-defiende.mp3?_=1\" \/><a href=\"https:\/\/exaudi.org\/wp-content\/uploads\/2024\/03\/Padre-Aurelio-Gazzera-Un-pastor-defiende.mp3\">https:\/\/exaudi.org\/wp-content\/uploads\/2024\/03\/Padre-Aurelio-Gazzera-Un-pastor-defiende.mp3<\/a><\/audio>\n<p><em>El 23 de febrero de 2024, el papa Francisco nombr\u00f3 al padre Aurelio Gazzera, amigo y socio de ACN desde hace mucho tiempo, obispo coadjutor de la di\u00f3cesis de Bangassou, en la Rep\u00fablica Centroafricana. El sacerdote carmelita italiano, de 61 a\u00f1os, lleva 33 a\u00f1os trabajando como misionero en este pa\u00eds, azotado repetidamente por la violencia y los disturbios. Es reconocido internacionalmente, sobre todo, por su arriesgado trabajo en las negociaciones de paz con diversos grupos armados. ACN ha hablado con \u00e9l a prop\u00f3sito de su nombramiento como obispo. <\/em><\/p>\n<p><strong>Padre Aurelio, usted trabaj\u00f3 durante muchos a\u00f1os en la di\u00f3cesis de Bouar, en el noroeste de la Rep\u00fablica Centroafricana, y ahora ha sido nombrado por el santo padre obispo coadjutor de la di\u00f3cesis de Bangassou, en el sureste del pa\u00eds. Esto significa que durante un tiempo estar\u00e1 ayudando al actual Ordinario, monse\u00f1or Juan Jos\u00e9 Aguirre, y despu\u00e9s le suceder\u00e1 cuando deje el cargo. \u00bfC\u00f3mo ha acogido este nombramiento? <\/strong><\/p>\n<p>Por un lado, me da miedo; pero, por otro, siento una profunda confianza en Dios. La fuerza para ser obispo no me viene de m\u00ed mismo, sino del Se\u00f1or. Yo no he buscado este ministerio. Jes\u00fas dice: \u201cNo me hab\u00e9is elegido vosotros a m\u00ed, sino que yo os he elegido a vosotros\u201d (Juan 15, 16). S\u00e9 que no soy digno ni capaz de ello, pero \u00c9l sabe m\u00e1s de m\u00ed que yo y tiene m\u00e1s confianza en m\u00ed que yo mismo. Y hay una gran multitud de personas rezando por m\u00ed y alegr\u00e1ndose por este nuevo don en mi vida.<\/p>\n<p><strong>\u00bfPodr\u00eda hablarnos m\u00e1s de la di\u00f3cesis de Bangassou? <\/strong><\/p>\n<p>La di\u00f3cesis de Bangassou est\u00e1 situada en el sureste de la Rep\u00fablica Centroafricana, entre la Rep\u00fablica Democr\u00e1tica del Congo y Sud\u00e1n del Sur. Tiene una superficie de casi 135.000 kil\u00f3metros cuadrados. Esto equivale aproximadamente a la mitad de Italia; pero, con s\u00f3lo medio mill\u00f3n de habitantes, est\u00e1 muy poco poblada. La zona est\u00e1 muy apartada. Aunque la distancia a la capital es de s\u00f3lo 750 kil\u00f3metros, el estado de las carreteras es tan malo que se tardar\u00edan varias semanas en llegar en autom\u00f3vil, por lo que hay que tomar un avi\u00f3n. Algunas de las doce parroquias tambi\u00e9n son inaccesibles en autom\u00f3vil. Adem\u00e1s, grupos armados act\u00faan en amplias zonas de la di\u00f3cesis.<\/p>\n<figure id=\"attachment_95873\" aria-describedby=\"caption-attachment-95873\" style=\"width: 1440px\" class=\"wp-caption alignleft\"><img loading=\"lazy\" decoding=\"async\" class=\"wp-image-95873 size-full\" src=\"https:\/\/exaudi.org\/wp-content\/uploads\/2024\/03\/ACN-20240301-161086.jpg\" alt=\"\" width=\"1440\" height=\"1080\" srcset=\"https:\/\/exaudi.org\/wp-content\/uploads\/2024\/03\/ACN-20240301-161086.jpg 1440w, https:\/\/exaudi.org\/wp-content\/uploads\/2024\/03\/ACN-20240301-161086-300x225.jpg 300w, https:\/\/exaudi.org\/wp-content\/uploads\/2024\/03\/ACN-20240301-161086-1024x768.jpg 1024w, https:\/\/exaudi.org\/wp-content\/uploads\/2024\/03\/ACN-20240301-161086-770x578.jpg 770w, https:\/\/exaudi.org\/wp-content\/uploads\/2024\/03\/ACN-20240301-161086-500x375.jpg 500w, https:\/\/exaudi.org\/wp-content\/uploads\/2024\/03\/ACN-20240301-161086-293x220.jpg 293w, https:\/\/exaudi.org\/wp-content\/uploads\/2024\/03\/ACN-20240301-161086-1400x1050.jpg 1400w, https:\/\/exaudi.org\/wp-content\/uploads\/2024\/03\/ACN-20240301-161086-390x293.jpg 390w\" sizes=\"auto, (max-width: 1440px) 100vw, 1440px\" \/><figcaption id=\"caption-attachment-95873\" class=\"wp-caption-text\">Fr. Aurelio Gazzera on the day of his appointment as Coadjutor Bishop-Elect of Bangassou<\/figcaption><\/figure>\n<p>Sin embargo, tambi\u00e9n hay muchos motivos para alegrarse: monse\u00f1or Aguirre, que dirige la di\u00f3cesis con gran vigor desde el a\u00f1o 2000, es un obispo excepcional que ha puesto en marcha numerosas iniciativas. Hay escuelas, orfanatos, una escuela de catequesis y, sobre todo, un nutrido n\u00famero de vocaciones. Junto con monse\u00f1or Aguirre, visit\u00e9 a los 30 j\u00f3venes de Bangassou que se preparan para el sacerdocio en la capital, Bangui. He visto a j\u00f3venes alegres y llenos de confianza, que entregan con alegr\u00eda su vida a Jes\u00fas. Continuar la labor del obispo Aguirre ser\u00e1 una tarea enorme, pero estoy feliz de poder servir en la di\u00f3cesis de Bangassou y la quiero ya mucho.<\/p>\n<p><strong>En la Rep\u00fablica Centroafricana se le conoce como \u201cel hombre que dobleg\u00f3 las armas de los rebeldes\u201d. Sus fruct\u00edferas negociaciones de paz con los grupos armados, que condujeron a la retirada de los rebeldes Seleka de la ciudad de Bozoum en 2014, entre otras cosas, tambi\u00e9n han hecho que se le reconozca internacionalmente. Durante este tiempo, usted ha sido consultado por diversos responsables pol\u00edticos, por ejemplo en Bruselas, en el marco de su cooperaci\u00f3n con ACN. Sin embargo, usted ha arriesgado repetidamente su vida en su compromiso con la paz. \u00bfPor qu\u00e9 se implica de este modo?<\/strong><\/p>\n<p>Como sacerdote, como p\u00e1rroco y como obispo, todo lo que hiere o afecta a mis hermanos y hermanas tambi\u00e9n me hiere a m\u00ed. Como sacerdote, ten\u00eda la responsabilidad \u2013y ahora la tengo a\u00fan m\u00e1s como obispo\u2013 de cuidar y proteger a las personas que me han sido confiadas. El pastor no s\u00f3lo acompa\u00f1a a sus ovejas, sino que tambi\u00e9n las defiende del peligro. As\u00ed pues, har\u00e9 todo lo posible para continuar el di\u00e1logo con los distintos grupos rebeldes y hablar\u00e9 con quienes expresen sus expectativas ante el gobierno y la comunidad internacional, aunque de forma equivocada, por supuesto. Intentar\u00e9 escuchar a todos y ser un signo de paz con mis limitados poderes.<\/p>\n<p><strong>Usted pertenece a la Orden de los Carmelitas Descalzos. Su nombre religioso completo es: \u201cPadre Aurelio de San Pedro\u201d. \u00bfQu\u00e9 v\u00ednculo interior tiene con el ap\u00f3stol san Pedro?<\/strong><\/p>\n<p>La figura de san Pedro siempre me ha inspirado: su exaltaci\u00f3n, su entusiasmo, sus debilidades, sus fortalezas&#8230; Creo que elegir\u00e9 el cap\u00edtulo 21 del Evangelio de Juan para mi ordenaci\u00f3n episcopal, donde Jes\u00fas le pregunta tres veces a Pedro despu\u00e9s de la pesca milagrosa: \u00ab\u00bfMe amas?\u00bb, y Pedro responde la tercera vez: \u00abSe\u00f1or, t\u00fa lo sabes todo, t\u00fa sabes que te amo\u00bb. \u00c9l lo sabe todo; conoce mis debilidades, mis miedos, mis errores. Y, sin embargo, me llama y me dice: \u201c\u00a1Apacienta mis corderos!\u201d. Quiero hacer de esta nueva etapa de mi vida un signo de este amor por Jes\u00fas, por la Iglesia y por mis hermanos y hermanas que me son confiados.<\/p>\n<p><strong>\u00bfCu\u00e1les son los pr\u00f3ximos pasos que va a dar? <\/strong><\/p>\n<p>Mi ordenaci\u00f3n episcopal tendr\u00e1 lugar el 9 de junio en la catedral de Bangui.<\/p>\n<p>Me trasladar\u00e9 a Bangassou inmediatamente despu\u00e9s de Pascua. En marzo, tengo que ver c\u00f3mo puedo entregar mis diversas tareas \u2013las escuelas, la escuela de mec\u00e1nica, la labor pastoral en la parroquia, el trabajo como director de C\u00e1ritas y la supervisi\u00f3n de las obras de nuestro nuevo monasterio en Bangui\u2013 para estar listo para el traslado. En abril y mayo, conocer\u00e9 la di\u00f3cesis de Bangassou y visitar\u00e9 las misiones y parroquias accesibles en autom\u00f3vil. A finales de mayo, volver\u00e9 a Bangui para prepararme para este gran don de la ordenaci\u00f3n episcopal con un retiro espiritual y un poco de paz y silencio.<\/p>\n<p>El Se\u00f1or determinar\u00e1 el resto del programa. Todo est\u00e1 en las manos del Se\u00f1or y de los que han dicho s\u00ed a servirle durante tantos a\u00f1os junto a monse\u00f1or Aguirre: los sacerdotes, los catequistas y los fieles de la di\u00f3cesis de Bangassou.<\/p>\n<p><strong>Por \u00faltimo: Ya no o\u00edmos hablar mucho de la Rep\u00fablica Centroafricana en las noticias, pero hace un a\u00f1o, por ejemplo, el P. Norberto Pozzi, de su misma orden, result\u00f3 gravemente herido por una mina terrestre. \u00bfC\u00f3mo ve la situaci\u00f3n del pa\u00eds?<\/strong><\/p>\n<p>La situaci\u00f3n en la Rep\u00fablica Centroafricana sigue siendo muy dif\u00edcil e inestable. Por un lado, hay zonas en las que la situaci\u00f3n se ha calmado. En otras, sin embargo, la inseguridad sigue siendo muy alta. En diciembre, un pueblo de la di\u00f3cesis de Bouar fue atacado. Hubo 28 muertos y 900 casas resultaron quemadas. Las misiones tambi\u00e9n est\u00e1n cerradas en la di\u00f3cesis de Bangassou porque ha habido ataques en los \u00faltimos meses. La situaci\u00f3n de seguridad sigue siendo precaria en amplias zonas del pa\u00eds.<\/p>\n<div style=\"width: 360px;\" class=\"wp-video\"><video class=\"wp-video-shortcode\" id=\"video-95860-1\" width=\"360\" height=\"640\" preload=\"metadata\" controls=\"controls\"><source type=\"video\/mp4\" src=\"https:\/\/exaudi.org\/wp-content\/uploads\/2024\/03\/ACN-20240301-161084.mp4?_=1\" \/><a href=\"https:\/\/exaudi.org\/wp-content\/uploads\/2024\/03\/ACN-20240301-161084.mp4\">https:\/\/exaudi.org\/wp-content\/uploads\/2024\/03\/ACN-20240301-161084.mp4<\/a><\/video><\/div>\n","protected":false},"excerpt":{"rendered":"<p>\u201cEl hombre que dobleg\u00f3 las armas de los rebeldes\u201d<\/p>\n","protected":false},"author":89,"featured_media":95876,"comment_status":"closed","ping_status":"closed","sticky":false,"template":"","format":"standard","meta":{"_acf_changed":false,"_crdt_document":"","inline_featured_image":false,"footnotes":""},"categories":[108],"tags":[1462,13306,13305,10987,4953],"class_list":["post-95860","post","type-post","status-publish","format-standard","has-post-thumbnail","hentry","category-entrevistas","tag-ayuda-a-la-iglesia-necesitada-acn","tag-diocesis-de-bangassou","tag-padre-aurelio-gazzera","tag-republica-centroafricana","tag-trending-es"],"acf":[],"yoast_head":"<!-- This site is optimized with the Yoast SEO plugin v27.4 - https:\/\/yoast.com\/product\/yoast-seo-wordpress\/ -->\n<title>Padre Aurelio Gazzera: \u201cUn pastor defiende a sus ovejas del peligro\u201d &#8211; Exaudi<\/title>\n<meta name=\"robots\" content=\"index, follow, max-snippet:-1, max-image-preview:large, max-video-preview:-1\" \/>\n<link rel=\"canonical\" href=\"https:\/\/exaudi.org\/es\/padre-aurelio-gazzera-un-pastor-defiende-a-sus-ovejas-del-peligro\/\" \/>\n<meta property=\"og:locale\" content=\"es_ES\" \/>\n<meta property=\"og:type\" content=\"article\" \/>\n<meta property=\"og:title\" content=\"Padre Aurelio Gazzera: \u201cUn pastor defiende a sus ovejas del peligro\u201d &#8211; Exaudi\" \/>\n<meta property=\"og:description\" content=\"\u201cEl hombre que dobleg\u00f3 las armas de los rebeldes\u201d\" \/>\n<meta property=\"og:url\" content=\"https:\/\/exaudi.org\/es\/padre-aurelio-gazzera-un-pastor-defiende-a-sus-ovejas-del-peligro\/\" \/>\n<meta property=\"og:site_name\" content=\"Exaudi\" \/>\n<meta property=\"article:publisher\" content=\"https:\/\/www.facebook.com\/ExaudiNews\" \/>\n<meta property=\"article:author\" content=\"https:\/\/www.facebook.com\/ayudaalaiglesianecesitada\/?ref=ts\" \/>\n<meta property=\"article:published_time\" content=\"2024-03-05T11:15:34+00:00\" \/>\n<meta property=\"article:modified_time\" content=\"2024-03-05T17:34:20+00:00\" \/>\n<meta property=\"og:image\" content=\"https:\/\/exaudi.org\/wp-content\/uploads\/2024\/03\/ACN-20240301-161091.jpg\" \/>\n\t<meta property=\"og:image:width\" content=\"1600\" \/>\n\t<meta property=\"og:image:height\" content=\"1200\" \/>\n\t<meta property=\"og:image:type\" content=\"image\/jpeg\" \/>\n<meta name=\"author\" content=\"Ayuda a la Iglesia Necesitada\" \/>\n<meta name=\"twitter:card\" content=\"summary_large_image\" \/>\n<meta name=\"twitter:creator\" content=\"@https:\/\/x.com\/AyudaIglesNeces\" \/>\n<meta name=\"twitter:site\" content=\"@Exaudi_News\" \/>\n<meta name=\"twitter:label1\" content=\"Escrito por\" \/>\n\t<meta name=\"twitter:data1\" content=\"Ayuda a la Iglesia Necesitada\" \/>\n\t<meta name=\"twitter:label2\" content=\"Tiempo de lectura\" \/>\n\t<meta name=\"twitter:data2\" content=\"6 minutos\" \/>\n<script type=\"application\/ld+json\" class=\"yoast-schema-graph\">{\"@context\":\"https:\\\/\\\/schema.org\",\"@graph\":[{\"@type\":\"Article\",\"@id\":\"https:\\\/\\\/exaudi.org\\\/es\\\/padre-aurelio-gazzera-un-pastor-defiende-a-sus-ovejas-del-peligro\\\/#article\",\"isPartOf\":{\"@id\":\"https:\\\/\\\/exaudi.org\\\/es\\\/padre-aurelio-gazzera-un-pastor-defiende-a-sus-ovejas-del-peligro\\\/\"},\"author\":{\"name\":\"Ayuda a la Iglesia Necesitada\",\"@id\":\"https:\\\/\\\/exaudi.org\\\/#\\\/schema\\\/person\\\/d4906ab3b6c174ffe37d722c51c73317\"},\"headline\":\"Padre Aurelio Gazzera: \u201cUn pastor defiende a sus ovejas del peligro\u201d\",\"datePublished\":\"2024-03-05T11:15:34+00:00\",\"dateModified\":\"2024-03-05T17:34:20+00:00\",\"mainEntityOfPage\":{\"@id\":\"https:\\\/\\\/exaudi.org\\\/es\\\/padre-aurelio-gazzera-un-pastor-defiende-a-sus-ovejas-del-peligro\\\/\"},\"wordCount\":1274,\"image\":{\"@id\":\"https:\\\/\\\/exaudi.org\\\/es\\\/padre-aurelio-gazzera-un-pastor-defiende-a-sus-ovejas-del-peligro\\\/#primaryimage\"},\"thumbnailUrl\":\"https:\\\/\\\/exaudi.org\\\/wp-content\\\/uploads\\\/2024\\\/03\\\/ACN-20240301-161091.jpg\",\"keywords\":[\"Ayuda a la Iglesia Necesitada (ACN)\",\"di\u00f3cesis de Bangassou\",\"padre Aurelio Gazzera\",\"Republica centroafricana\",\"Trending\"],\"articleSection\":[\"Entrevistas\"],\"inLanguage\":\"es\"},{\"@type\":\"WebPage\",\"@id\":\"https:\\\/\\\/exaudi.org\\\/es\\\/padre-aurelio-gazzera-un-pastor-defiende-a-sus-ovejas-del-peligro\\\/\",\"url\":\"https:\\\/\\\/exaudi.org\\\/es\\\/padre-aurelio-gazzera-un-pastor-defiende-a-sus-ovejas-del-peligro\\\/\",\"name\":\"Padre Aurelio Gazzera: \u201cUn pastor defiende a sus ovejas del peligro\u201d &#8211; Exaudi\",\"isPartOf\":{\"@id\":\"https:\\\/\\\/exaudi.org\\\/#website\"},\"primaryImageOfPage\":{\"@id\":\"https:\\\/\\\/exaudi.org\\\/es\\\/padre-aurelio-gazzera-un-pastor-defiende-a-sus-ovejas-del-peligro\\\/#primaryimage\"},\"image\":{\"@id\":\"https:\\\/\\\/exaudi.org\\\/es\\\/padre-aurelio-gazzera-un-pastor-defiende-a-sus-ovejas-del-peligro\\\/#primaryimage\"},\"thumbnailUrl\":\"https:\\\/\\\/exaudi.org\\\/wp-content\\\/uploads\\\/2024\\\/03\\\/ACN-20240301-161091.jpg\",\"datePublished\":\"2024-03-05T11:15:34+00:00\",\"dateModified\":\"2024-03-05T17:34:20+00:00\",\"author\":{\"@id\":\"https:\\\/\\\/exaudi.org\\\/#\\\/schema\\\/person\\\/d4906ab3b6c174ffe37d722c51c73317\"},\"breadcrumb\":{\"@id\":\"https:\\\/\\\/exaudi.org\\\/es\\\/padre-aurelio-gazzera-un-pastor-defiende-a-sus-ovejas-del-peligro\\\/#breadcrumb\"},\"inLanguage\":\"es\",\"potentialAction\":[{\"@type\":\"ReadAction\",\"target\":[\"https:\\\/\\\/exaudi.org\\\/es\\\/padre-aurelio-gazzera-un-pastor-defiende-a-sus-ovejas-del-peligro\\\/\"]}]},{\"@type\":\"ImageObject\",\"inLanguage\":\"es\",\"@id\":\"https:\\\/\\\/exaudi.org\\\/es\\\/padre-aurelio-gazzera-un-pastor-defiende-a-sus-ovejas-del-peligro\\\/#primaryimage\",\"url\":\"https:\\\/\\\/exaudi.org\\\/wp-content\\\/uploads\\\/2024\\\/03\\\/ACN-20240301-161091.jpg\",\"contentUrl\":\"https:\\\/\\\/exaudi.org\\\/wp-content\\\/uploads\\\/2024\\\/03\\\/ACN-20240301-161091.jpg\",\"width\":1600,\"height\":1200,\"caption\":\"Fr. Aurelio Gazzera (on the left) on the day of his appointment as Coadjutor Bishop-Elect of Bangassou with Bishop Juan Jos\u00e9 Aguirre of Bangassou on Feb 23rd, 2024.\"},{\"@type\":\"BreadcrumbList\",\"@id\":\"https:\\\/\\\/exaudi.org\\\/es\\\/padre-aurelio-gazzera-un-pastor-defiende-a-sus-ovejas-del-peligro\\\/#breadcrumb\",\"itemListElement\":[{\"@type\":\"ListItem\",\"position\":1,\"name\":\"Portada\",\"item\":\"https:\\\/\\\/exaudi.org\\\/es\\\/\"},{\"@type\":\"ListItem\",\"position\":2,\"name\":\"Padre Aurelio Gazzera: \u201cUn pastor defiende a sus ovejas del peligro\u201d\"}]},{\"@type\":\"WebSite\",\"@id\":\"https:\\\/\\\/exaudi.org\\\/#website\",\"url\":\"https:\\\/\\\/exaudi.org\\\/\",\"name\":\"Exaudi\",\"description\":\"News\",\"potentialAction\":[{\"@type\":\"SearchAction\",\"target\":{\"@type\":\"EntryPoint\",\"urlTemplate\":\"https:\\\/\\\/exaudi.org\\\/?s={search_term_string}\"},\"query-input\":{\"@type\":\"PropertyValueSpecification\",\"valueRequired\":true,\"valueName\":\"search_term_string\"}}],\"inLanguage\":\"es\"},{\"@type\":\"Person\",\"@id\":\"https:\\\/\\\/exaudi.org\\\/#\\\/schema\\\/person\\\/d4906ab3b6c174ffe37d722c51c73317\",\"name\":\"Ayuda a la Iglesia Necesitada\",\"image\":{\"@type\":\"ImageObject\",\"inLanguage\":\"es\",\"@id\":\"https:\\\/\\\/secure.gravatar.com\\\/avatar\\\/18b646e6575a46729bc25d1c374d5965acb9854728a2929ada390e85905160db?s=96&d=mm&r=g\",\"url\":\"https:\\\/\\\/secure.gravatar.com\\\/avatar\\\/18b646e6575a46729bc25d1c374d5965acb9854728a2929ada390e85905160db?s=96&d=mm&r=g\",\"contentUrl\":\"https:\\\/\\\/secure.gravatar.com\\\/avatar\\\/18b646e6575a46729bc25d1c374d5965acb9854728a2929ada390e85905160db?s=96&d=mm&r=g\",\"caption\":\"Ayuda a la Iglesia Necesitada\"},\"description\":\"Ayuda a la Iglesia Necesitada (ACN) es la Fundaci\u00f3n Pontificia que apoya a la Iglesia cat\u00f3lica en su labor evangelizadora en las comunidades m\u00e1s necesitadas, discriminadas y perseguidas del mundo. Cada a\u00f1o, ACN financia m\u00e1s de 5.000 proyectos pastorales y de emergencia humanitaria en m\u00e1s de 130 pa\u00edses. Cuenta con m\u00e1s de 20 oficinas en el mundo (en Espa\u00f1a desde 1965), dedicadas a informar sobre la realidad de estos cristianos; al fomento de la oraci\u00f3n, y a la recaudaci\u00f3n de fondos para la cobertura de proyectos. El 100% de los proyectos que desarrolla ACN se sostienen gracias a los donativos de personas f\u00edsicas u organizaciones que valoran la labor de la Iglesia en el mundo. La Fundaci\u00f3n no recibe subvenciones de organismos p\u00fablicos.\",\"sameAs\":[\"https:\\\/\\\/www.facebook.com\\\/ayudaalaiglesianecesitada\\\/?ref=ts\",\"https:\\\/\\\/www.instagram.com\\\/ayudaiglesianecesitada\\\/\",\"https:\\\/\\\/x.com\\\/https:\\\/\\\/x.com\\\/AyudaIglesNeces\",\"https:\\\/\\\/www.youtube.com\\\/user\\\/AINorg\"],\"url\":\"https:\\\/\\\/exaudi.org\\\/es\\\/author\\\/ayudaalaiglesianecesitada\\\/\"}]}<\/script>\n<!-- \/ Yoast SEO plugin. -->","yoast_head_json":{"title":"Padre Aurelio Gazzera: \u201cUn pastor defiende a sus ovejas del peligro\u201d &#8211; Exaudi","robots":{"index":"index","follow":"follow","max-snippet":"max-snippet:-1","max-image-preview":"max-image-preview:large","max-video-preview":"max-video-preview:-1"},"canonical":"https:\/\/exaudi.org\/es\/padre-aurelio-gazzera-un-pastor-defiende-a-sus-ovejas-del-peligro\/","og_locale":"es_ES","og_type":"article","og_title":"Padre Aurelio Gazzera: \u201cUn pastor defiende a sus ovejas del peligro\u201d &#8211; Exaudi","og_description":"\u201cEl hombre que dobleg\u00f3 las armas de los rebeldes\u201d","og_url":"https:\/\/exaudi.org\/es\/padre-aurelio-gazzera-un-pastor-defiende-a-sus-ovejas-del-peligro\/","og_site_name":"Exaudi","article_publisher":"https:\/\/www.facebook.com\/ExaudiNews","article_author":"https:\/\/www.facebook.com\/ayudaalaiglesianecesitada\/?ref=ts","article_published_time":"2024-03-05T11:15:34+00:00","article_modified_time":"2024-03-05T17:34:20+00:00","og_image":[{"width":1600,"height":1200,"url":"https:\/\/exaudi.org\/wp-content\/uploads\/2024\/03\/ACN-20240301-161091.jpg","type":"image\/jpeg"}],"author":"Ayuda a la Iglesia Necesitada","twitter_card":"summary_large_image","twitter_creator":"@https:\/\/x.com\/AyudaIglesNeces","twitter_site":"@Exaudi_News","twitter_misc":{"Escrito por":"Ayuda a la Iglesia Necesitada","Tiempo de lectura":"6 minutos"},"schema":{"@context":"https:\/\/schema.org","@graph":[{"@type":"Article","@id":"https:\/\/exaudi.org\/es\/padre-aurelio-gazzera-un-pastor-defiende-a-sus-ovejas-del-peligro\/#article","isPartOf":{"@id":"https:\/\/exaudi.org\/es\/padre-aurelio-gazzera-un-pastor-defiende-a-sus-ovejas-del-peligro\/"},"author":{"name":"Ayuda a la Iglesia Necesitada","@id":"https:\/\/exaudi.org\/#\/schema\/person\/d4906ab3b6c174ffe37d722c51c73317"},"headline":"Padre Aurelio Gazzera: \u201cUn pastor defiende a sus ovejas del peligro\u201d","datePublished":"2024-03-05T11:15:34+00:00","dateModified":"2024-03-05T17:34:20+00:00","mainEntityOfPage":{"@id":"https:\/\/exaudi.org\/es\/padre-aurelio-gazzera-un-pastor-defiende-a-sus-ovejas-del-peligro\/"},"wordCount":1274,"image":{"@id":"https:\/\/exaudi.org\/es\/padre-aurelio-gazzera-un-pastor-defiende-a-sus-ovejas-del-peligro\/#primaryimage"},"thumbnailUrl":"https:\/\/exaudi.org\/wp-content\/uploads\/2024\/03\/ACN-20240301-161091.jpg","keywords":["Ayuda a la Iglesia Necesitada (ACN)","di\u00f3cesis de Bangassou","padre Aurelio Gazzera","Republica centroafricana","Trending"],"articleSection":["Entrevistas"],"inLanguage":"es"},{"@type":"WebPage","@id":"https:\/\/exaudi.org\/es\/padre-aurelio-gazzera-un-pastor-defiende-a-sus-ovejas-del-peligro\/","url":"https:\/\/exaudi.org\/es\/padre-aurelio-gazzera-un-pastor-defiende-a-sus-ovejas-del-peligro\/","name":"Padre Aurelio Gazzera: \u201cUn pastor defiende a sus ovejas del peligro\u201d &#8211; Exaudi","isPartOf":{"@id":"https:\/\/exaudi.org\/#website"},"primaryImageOfPage":{"@id":"https:\/\/exaudi.org\/es\/padre-aurelio-gazzera-un-pastor-defiende-a-sus-ovejas-del-peligro\/#primaryimage"},"image":{"@id":"https:\/\/exaudi.org\/es\/padre-aurelio-gazzera-un-pastor-defiende-a-sus-ovejas-del-peligro\/#primaryimage"},"thumbnailUrl":"https:\/\/exaudi.org\/wp-content\/uploads\/2024\/03\/ACN-20240301-161091.jpg","datePublished":"2024-03-05T11:15:34+00:00","dateModified":"2024-03-05T17:34:20+00:00","author":{"@id":"https:\/\/exaudi.org\/#\/schema\/person\/d4906ab3b6c174ffe37d722c51c73317"},"breadcrumb":{"@id":"https:\/\/exaudi.org\/es\/padre-aurelio-gazzera-un-pastor-defiende-a-sus-ovejas-del-peligro\/#breadcrumb"},"inLanguage":"es","potentialAction":[{"@type":"ReadAction","target":["https:\/\/exaudi.org\/es\/padre-aurelio-gazzera-un-pastor-defiende-a-sus-ovejas-del-peligro\/"]}]},{"@type":"ImageObject","inLanguage":"es","@id":"https:\/\/exaudi.org\/es\/padre-aurelio-gazzera-un-pastor-defiende-a-sus-ovejas-del-peligro\/#primaryimage","url":"https:\/\/exaudi.org\/wp-content\/uploads\/2024\/03\/ACN-20240301-161091.jpg","contentUrl":"https:\/\/exaudi.org\/wp-content\/uploads\/2024\/03\/ACN-20240301-161091.jpg","width":1600,"height":1200,"caption":"Fr. Aurelio Gazzera (on the left) on the day of his appointment as Coadjutor Bishop-Elect of Bangassou with Bishop Juan Jos\u00e9 Aguirre of Bangassou on Feb 23rd, 2024."},{"@type":"BreadcrumbList","@id":"https:\/\/exaudi.org\/es\/padre-aurelio-gazzera-un-pastor-defiende-a-sus-ovejas-del-peligro\/#breadcrumb","itemListElement":[{"@type":"ListItem","position":1,"name":"Portada","item":"https:\/\/exaudi.org\/es\/"},{"@type":"ListItem","position":2,"name":"Padre Aurelio Gazzera: \u201cUn pastor defiende a sus ovejas del peligro\u201d"}]},{"@type":"WebSite","@id":"https:\/\/exaudi.org\/#website","url":"https:\/\/exaudi.org\/","name":"Exaudi","description":"News","potentialAction":[{"@type":"SearchAction","target":{"@type":"EntryPoint","urlTemplate":"https:\/\/exaudi.org\/?s={search_term_string}"},"query-input":{"@type":"PropertyValueSpecification","valueRequired":true,"valueName":"search_term_string"}}],"inLanguage":"es"},{"@type":"Person","@id":"https:\/\/exaudi.org\/#\/schema\/person\/d4906ab3b6c174ffe37d722c51c73317","name":"Ayuda a la Iglesia Necesitada","image":{"@type":"ImageObject","inLanguage":"es","@id":"https:\/\/secure.gravatar.com\/avatar\/18b646e6575a46729bc25d1c374d5965acb9854728a2929ada390e85905160db?s=96&d=mm&r=g","url":"https:\/\/secure.gravatar.com\/avatar\/18b646e6575a46729bc25d1c374d5965acb9854728a2929ada390e85905160db?s=96&d=mm&r=g","contentUrl":"https:\/\/secure.gravatar.com\/avatar\/18b646e6575a46729bc25d1c374d5965acb9854728a2929ada390e85905160db?s=96&d=mm&r=g","caption":"Ayuda a la Iglesia Necesitada"},"description":"Ayuda a la Iglesia Necesitada (ACN) es la Fundaci\u00f3n Pontificia que apoya a la Iglesia cat\u00f3lica en su labor evangelizadora en las comunidades m\u00e1s necesitadas, discriminadas y perseguidas del mundo. Cada a\u00f1o, ACN financia m\u00e1s de 5.000 proyectos pastorales y de emergencia humanitaria en m\u00e1s de 130 pa\u00edses. Cuenta con m\u00e1s de 20 oficinas en el mundo (en Espa\u00f1a desde 1965), dedicadas a informar sobre la realidad de estos cristianos; al fomento de la oraci\u00f3n, y a la recaudaci\u00f3n de fondos para la cobertura de proyectos. El 100% de los proyectos que desarrolla ACN se sostienen gracias a los donativos de personas f\u00edsicas u organizaciones que valoran la labor de la Iglesia en el mundo. La Fundaci\u00f3n no recibe subvenciones de organismos p\u00fablicos.","sameAs":["https:\/\/www.facebook.com\/ayudaalaiglesianecesitada\/?ref=ts","https:\/\/www.instagram.com\/ayudaiglesianecesitada\/","https:\/\/x.com\/https:\/\/x.com\/AyudaIglesNeces","https:\/\/www.youtube.com\/user\/AINorg"],"url":"https:\/\/exaudi.org\/es\/author\/ayudaalaiglesianecesitada\/"}]}},"jetpack_featured_media_url":"https:\/\/exaudi.org\/wp-content\/uploads\/2024\/03\/ACN-20240301-161091.jpg","jetpack_shortlink":"https:\/\/wp.me\/pgKjF2-oW8","_links":{"self":[{"href":"https:\/\/exaudi.org\/es\/wp-json\/wp\/v2\/posts\/95860","targetHints":{"allow":["GET"]}}],"collection":[{"href":"https:\/\/exaudi.org\/es\/wp-json\/wp\/v2\/posts"}],"about":[{"href":"https:\/\/exaudi.org\/es\/wp-json\/wp\/v2\/types\/post"}],"author":[{"embeddable":true,"href":"https:\/\/exaudi.org\/es\/wp-json\/wp\/v2\/users\/89"}],"replies":[{"embeddable":true,"href":"https:\/\/exaudi.org\/es\/wp-json\/wp\/v2\/comments?post=95860"}],"version-history":[{"count":0,"href":"https:\/\/exaudi.org\/es\/wp-json\/wp\/v2\/posts\/95860\/revisions"}],"wp:featuredmedia":[{"embeddable":true,"href":"https:\/\/exaudi.org\/es\/wp-json\/wp\/v2\/media\/95876"}],"wp:attachment":[{"href":"https:\/\/exaudi.org\/es\/wp-json\/wp\/v2\/media?parent=95860"}],"wp:term":[{"taxonomy":"category","embeddable":true,"href":"https:\/\/exaudi.org\/es\/wp-json\/wp\/v2\/categories?post=95860"},{"taxonomy":"post_tag","embeddable":true,"href":"https:\/\/exaudi.org\/es\/wp-json\/wp\/v2\/tags?post=95860"}],"curies":[{"name":"wp","href":"https:\/\/api.w.org\/{rel}","templated":true}]}}