{"id":95852,"date":"2024-03-05T14:18:24","date_gmt":"2024-03-05T13:18:24","guid":{"rendered":"https:\/\/exaudi.org\/?p=95852"},"modified":"2024-03-05T14:28:29","modified_gmt":"2024-03-05T13:28:29","slug":"la-confesion-volver-a-los-brazos-del-padre-recibir-el-perdon-y-no-vivir-acostumbrarnos-a-nuestro-pecado","status":"publish","type":"post","link":"https:\/\/exaudi.org\/es\/la-confesion-volver-a-los-brazos-del-padre-recibir-el-perdon-y-no-vivir-acostumbrarnos-a-nuestro-pecado\/","title":{"rendered":"La confesi\u00f3n: volver a los brazos del Padre recibir el perd\u00f3n\u00a0y no vivir acostumbrarnos a nuestro pecado"},"content":{"rendered":"<audio class=\"wp-audio-shortcode\" id=\"audio-95852-1\" preload=\"none\" style=\"width: 100%;\" controls=\"controls\"><source type=\"audio\/mpeg\" src=\"https:\/\/exaudi.org\/wp-content\/uploads\/2024\/03\/La-Confesion-Nacho-Calderon.mp3?_=1\" \/><a href=\"https:\/\/exaudi.org\/wp-content\/uploads\/2024\/03\/La-Confesion-Nacho-Calderon.mp3\">https:\/\/exaudi.org\/wp-content\/uploads\/2024\/03\/La-Confesion-Nacho-Calderon.mp3<\/a><\/audio>\n<p>Dentro de la serie dedicada a \u00ab<a href=\"https:\/\/exaudi.org\/es\/tag\/educar-en-la-fe\/\" target=\"_blank\" rel=\"noopener\">educar en la fe<\/a>\u00bb al tema de los sacramentos como medio para educar a nuestros hijos. Esta semana: <em><strong>La Confesi\u00f3n<\/strong><\/em>.<\/p>\n<p>Siguiendo el camino de los sacramentos con nuestros hijos, despu\u00e9s del bautismo llegaremos al sublime momento de la primera confesi\u00f3n.<\/p>\n<p>La primera confesi\u00f3n, y a partir de ah\u00ed todas las dem\u00e1s, es una oportunidad preciosa para ense\u00f1ar Y educar a nuestros hijos sobre el perd\u00f3n, la misericordia y el amor de Dios.<\/p>\n<p>\u00a1Qu\u00e9 importante es que nuestros hijos vean que pedimos perd\u00f3n!. Nos tienen que ver hacerlo, sin temor a exagerar, a diario. \u00a1\u00bfQu\u00e9 padre no tiene la sensaci\u00f3n de que ha cometido alg\u00fan error cada d\u00eda?!. En mi experiencia, los padres perfectos son los que cometen entre cinco y diez errores diarios. Menos de cinco es imposible.<\/p>\n<p>Nuestros hijos nos deben ver y o\u00edr pedir perd\u00f3n muy a menudo. Tantas veces c\u00f3mo metamos la pata. Y naturalmente nos deben ver que vamos a pedir perd\u00f3n a nuestro Padre.<\/p>\n<p>De lo contrario, \u00bfC\u00f3mo podr\u00e1n entender la misericordia?. Y si no entienden la misericordia, \u00bfQu\u00e9 idea van a tener de Dios?. Si la confesi\u00f3n no es una pr\u00e1ctica frecuente en nuestra vida, es muy f\u00e1cil que dejen de \u201ccreer en la fe\u201d y se hagan la religi\u00f3n a su medida. Los jud\u00edos tienen un adagio que dice: \u201ccomete tres veces el mismo pecado, y acabar\u00e1s pensando que es l\u00edcito\u201d.<\/p>\n<p>Probablemente el motivo por el cual muchas personas dejan de confesarse es porque han perdido la conciencia del pecado. Creen que s\u00f3lo es pecado aquellas conductas que aparecen en el c\u00f3digo penal: matar, robar, estafar, etc. Eso que hacen \u201clos malos\u201d, las personas corrientes no vamos por ah\u00ed haciendo da\u00f1o a los dem\u00e1s, y si no hacemos da\u00f1o no hacemos nada malo.<\/p>\n<p>Se han olvidado que Dios es su Padre. Si perdemos de vista que somos hijos de Dios, nos va a resultar muy dif\u00edcil entenderle, pero piense un momento en qu\u00e9 cosas molestan u ofenden a un padre (o a una madre), ver\u00e1 como no hace falta cometer delitos para hacer da\u00f1o:<\/p>\n<ul>\n<li>Imag\u00ednese que alguno de sus hijos no le quisiera. Nada en absoluto. Piense c\u00f3mo se sentir\u00eda si alguno de sus hijos viviera como si usted no existiera. La verdad es que no quiero ni pensarlo, debe ser lo m\u00e1s doloroso del mundo.<\/li>\n<li>Piense cuando se pelean sus hijos \u2013 da igual qu\u00e9 edad tengan \u2013. Probablemente conoce a alg\u00fan adulto que no se habla con alguno de sus hermanos. \u00bfC\u00f3mo cree que se sienten sus padres?. A los padres nos duele mucho ver que nuestros hijos no se quieren, no se respetan y se alejan. No digamos ya cuando se hacen da\u00f1o entre ellos, eso es horrible.<\/li>\n<li>\u00a0Qu\u00e9 ocurrir\u00eda si usted se entera de que alguno de sus hijos pasa todos los d\u00edas por delante de su casa, quiz\u00e1s varias veces, pero nunca, jam\u00e1s pasa un segundo a verle, aunque solo sea para decir: \u201ctengo much\u00edsima prisa, un beso y adi\u00f3s\u201d. Seguro que se sentir\u00eda muy dolido si usted supiera de esa falta de cari\u00f1o.<\/li>\n<li>\u00bfSe imagina que alguno de sus hijos estuviera pasando por una situaci\u00f3n dif\u00edcil, grave, y que sus hermanos, pudiendo hacerlo, no le ayudaran? \u00a1Qu\u00e9 dolor ver que los hermanos no se ayudan entre s\u00ed, y que ignoran las necesidades de sus hermanos m\u00e1s desfavorecidos!<\/li>\n<li>Tengo cuatro hijos, y no me quiero ni imaginar que alg\u00fan d\u00eda veo que alguien les mira con lascivia. Ahora son peque\u00f1os, y ser\u00eda absurdo, pero incluso aunque tengan veintisiete a\u00f1os. Si alguien mira a cualquiera de mis hijos con deseo pero desprovisto de cualquier tipo de afecto, de cari\u00f1o, una mirada simplemente lasciva, me doler\u00eda (y me enfadar\u00eda) profundamente.<\/li>\n<li>\u00bfY acaso no nos duele ver a nuestros hijos cuando no se quieren a s\u00ed mismos?. La falta de autoestima es la preocupaci\u00f3n m\u00e1s frecuente de los padres. Nos encanta que vengan a nosotros para poder decirles: \u201cEres lo m\u00e1s maravilloso que hay en el mundo, tienes much\u00edsimas virtudes, y el hecho de tener debilidades y defectos no te resta ni un \u00e1pice de valor.\u201d<\/li>\n<li>Imag\u00ednese que usted prepara una cena para sus hijos todos los domingos. Imag\u00ednese que preparar esa cena le cuesta la misma vida (en el caso de Jes\u00fas fue literalmente as\u00ed) y despu\u00e9s de todo, sus hijos no vienen. \u00bfNo le doler\u00eda much\u00edsimo?<\/li>\n<\/ul>\n<p>Mirar a Dios como es nuestro padre no ayuda a quererle en incluso a entenderle (aunque s\u00f3lo sea un poquito).<\/p>\n<p>Hay personas que piensan que la fe cat\u00f3lica es culpabilizante por el hecho de que trae luz sobre nuestras faltas. En realidad, y si no me creen pregunten a cualquier psicoanalista que al fin y al cabo vive de ello, el sentimiento de culpa es inherente al ser humano. Tan pronto tenemos uso de raz\u00f3n, comenzamos a tener conciencia de que hay cosas que no deber\u00edamos hacer (y a\u00fan as\u00ed las hacemos) y cosas que deber\u00edamos hacer (y no las hacemos).<\/p>\n<p>Pero el sentimiento de culpa, que insisto, lo tenemos todos, es in\u00fatil, incluso es profundamente da\u00f1ino si no tiene soluci\u00f3n y la \u00fanica soluci\u00f3n definitiva es el perd\u00f3n.<\/p>\n<p>Para eso est\u00e1 la confesi\u00f3n, para volver a los brazos del Padre recibir el perd\u00f3n \u00a0y no vivir acostumbrarnos a nuestro pecado. Estoy convencido de que alejarse del confesionario es el primer paso para alejarse de la fe.<\/p>\n","protected":false},"excerpt":{"rendered":"<p>Educar en la fe: Confesi\u00f3n<\/p>\n","protected":false},"author":113,"featured_media":95853,"comment_status":"closed","ping_status":"closed","sticky":false,"template":"","format":"standard","meta":{"_acf_changed":false,"_crdt_document":"","inline_featured_image":false,"footnotes":""},"categories":[59],"tags":[13046,6226,4953],"class_list":["post-95852","post","type-post","status-publish","format-standard","has-post-thumbnail","hentry","category-featured-news","tag-educar-en-la-fe","tag-sacramento-es","tag-trending-es"],"acf":[],"yoast_head":"<!-- This site is optimized with the Yoast SEO plugin v27.4 - https:\/\/yoast.com\/product\/yoast-seo-wordpress\/ -->\n<title>La confesi\u00f3n: volver a los brazos del Padre recibir el perd\u00f3n\u00a0y no vivir acostumbrarnos a nuestro pecado &#8211; Exaudi<\/title>\n<meta name=\"robots\" content=\"index, follow, max-snippet:-1, max-image-preview:large, max-video-preview:-1\" \/>\n<link rel=\"canonical\" href=\"https:\/\/exaudi.org\/es\/la-confesion-volver-a-los-brazos-del-padre-recibir-el-perdon-y-no-vivir-acostumbrarnos-a-nuestro-pecado\/\" \/>\n<meta property=\"og:locale\" content=\"es_ES\" \/>\n<meta property=\"og:type\" content=\"article\" \/>\n<meta property=\"og:title\" content=\"La confesi\u00f3n: volver a los brazos del Padre recibir el perd\u00f3n\u00a0y no vivir acostumbrarnos a nuestro pecado &#8211; Exaudi\" \/>\n<meta property=\"og:description\" content=\"Educar en la fe: Confesi\u00f3n\" \/>\n<meta property=\"og:url\" content=\"https:\/\/exaudi.org\/es\/la-confesion-volver-a-los-brazos-del-padre-recibir-el-perdon-y-no-vivir-acostumbrarnos-a-nuestro-pecado\/\" \/>\n<meta property=\"og:site_name\" content=\"Exaudi\" \/>\n<meta property=\"article:publisher\" content=\"https:\/\/www.facebook.com\/ExaudiNews\" \/>\n<meta property=\"article:published_time\" content=\"2024-03-05T13:18:24+00:00\" \/>\n<meta property=\"article:modified_time\" content=\"2024-03-05T13:28:29+00:00\" \/>\n<meta property=\"og:image\" content=\"https:\/\/exaudi.org\/wp-content\/uploads\/2024\/03\/pexels-emmanuel-codden-16897326-scaled-e1709644692924.jpg\" \/>\n\t<meta property=\"og:image:width\" content=\"1668\" \/>\n\t<meta property=\"og:image:height\" content=\"1117\" \/>\n\t<meta property=\"og:image:type\" content=\"image\/jpeg\" \/>\n<meta name=\"author\" content=\"Nacho Calder\u00f3n Castro\" \/>\n<meta name=\"twitter:card\" content=\"summary_large_image\" \/>\n<meta name=\"twitter:creator\" content=\"@Exaudi_News\" \/>\n<meta name=\"twitter:site\" content=\"@Exaudi_News\" \/>\n<meta name=\"twitter:label1\" content=\"Escrito por\" \/>\n\t<meta name=\"twitter:data1\" content=\"Nacho Calder\u00f3n Castro\" \/>\n\t<meta name=\"twitter:label2\" content=\"Tiempo de lectura\" \/>\n\t<meta name=\"twitter:data2\" content=\"5 minutos\" \/>\n<script type=\"application\/ld+json\" class=\"yoast-schema-graph\">{\"@context\":\"https:\\\/\\\/schema.org\",\"@graph\":[{\"@type\":\"Article\",\"@id\":\"https:\\\/\\\/exaudi.org\\\/es\\\/la-confesion-volver-a-los-brazos-del-padre-recibir-el-perdon-y-no-vivir-acostumbrarnos-a-nuestro-pecado\\\/#article\",\"isPartOf\":{\"@id\":\"https:\\\/\\\/exaudi.org\\\/es\\\/la-confesion-volver-a-los-brazos-del-padre-recibir-el-perdon-y-no-vivir-acostumbrarnos-a-nuestro-pecado\\\/\"},\"author\":{\"name\":\"Nacho Calder\u00f3n Castro\",\"@id\":\"https:\\\/\\\/exaudi.org\\\/#\\\/schema\\\/person\\\/81a36269482bc7d6a5a3ab8317a57a2f\"},\"headline\":\"La confesi\u00f3n: volver a los brazos del Padre recibir el perd\u00f3n\u00a0y no vivir acostumbrarnos a nuestro pecado\",\"datePublished\":\"2024-03-05T13:18:24+00:00\",\"dateModified\":\"2024-03-05T13:28:29+00:00\",\"mainEntityOfPage\":{\"@id\":\"https:\\\/\\\/exaudi.org\\\/es\\\/la-confesion-volver-a-los-brazos-del-padre-recibir-el-perdon-y-no-vivir-acostumbrarnos-a-nuestro-pecado\\\/\"},\"wordCount\":998,\"image\":{\"@id\":\"https:\\\/\\\/exaudi.org\\\/es\\\/la-confesion-volver-a-los-brazos-del-padre-recibir-el-perdon-y-no-vivir-acostumbrarnos-a-nuestro-pecado\\\/#primaryimage\"},\"thumbnailUrl\":\"https:\\\/\\\/exaudi.org\\\/wp-content\\\/uploads\\\/2024\\\/03\\\/pexels-emmanuel-codden-16897326-scaled-e1709644692924.jpg\",\"keywords\":[\"Educar en la fe\",\"sacramento\",\"Trending\"],\"articleSection\":[\"Featured News\"],\"inLanguage\":\"es\"},{\"@type\":\"WebPage\",\"@id\":\"https:\\\/\\\/exaudi.org\\\/es\\\/la-confesion-volver-a-los-brazos-del-padre-recibir-el-perdon-y-no-vivir-acostumbrarnos-a-nuestro-pecado\\\/\",\"url\":\"https:\\\/\\\/exaudi.org\\\/es\\\/la-confesion-volver-a-los-brazos-del-padre-recibir-el-perdon-y-no-vivir-acostumbrarnos-a-nuestro-pecado\\\/\",\"name\":\"La confesi\u00f3n: volver a los brazos del Padre recibir el perd\u00f3n\u00a0y no vivir acostumbrarnos a nuestro pecado &#8211; Exaudi\",\"isPartOf\":{\"@id\":\"https:\\\/\\\/exaudi.org\\\/#website\"},\"primaryImageOfPage\":{\"@id\":\"https:\\\/\\\/exaudi.org\\\/es\\\/la-confesion-volver-a-los-brazos-del-padre-recibir-el-perdon-y-no-vivir-acostumbrarnos-a-nuestro-pecado\\\/#primaryimage\"},\"image\":{\"@id\":\"https:\\\/\\\/exaudi.org\\\/es\\\/la-confesion-volver-a-los-brazos-del-padre-recibir-el-perdon-y-no-vivir-acostumbrarnos-a-nuestro-pecado\\\/#primaryimage\"},\"thumbnailUrl\":\"https:\\\/\\\/exaudi.org\\\/wp-content\\\/uploads\\\/2024\\\/03\\\/pexels-emmanuel-codden-16897326-scaled-e1709644692924.jpg\",\"datePublished\":\"2024-03-05T13:18:24+00:00\",\"dateModified\":\"2024-03-05T13:28:29+00:00\",\"author\":{\"@id\":\"https:\\\/\\\/exaudi.org\\\/#\\\/schema\\\/person\\\/81a36269482bc7d6a5a3ab8317a57a2f\"},\"breadcrumb\":{\"@id\":\"https:\\\/\\\/exaudi.org\\\/es\\\/la-confesion-volver-a-los-brazos-del-padre-recibir-el-perdon-y-no-vivir-acostumbrarnos-a-nuestro-pecado\\\/#breadcrumb\"},\"inLanguage\":\"es\",\"potentialAction\":[{\"@type\":\"ReadAction\",\"target\":[\"https:\\\/\\\/exaudi.org\\\/es\\\/la-confesion-volver-a-los-brazos-del-padre-recibir-el-perdon-y-no-vivir-acostumbrarnos-a-nuestro-pecado\\\/\"]}]},{\"@type\":\"ImageObject\",\"inLanguage\":\"es\",\"@id\":\"https:\\\/\\\/exaudi.org\\\/es\\\/la-confesion-volver-a-los-brazos-del-padre-recibir-el-perdon-y-no-vivir-acostumbrarnos-a-nuestro-pecado\\\/#primaryimage\",\"url\":\"https:\\\/\\\/exaudi.org\\\/wp-content\\\/uploads\\\/2024\\\/03\\\/pexels-emmanuel-codden-16897326-scaled-e1709644692924.jpg\",\"contentUrl\":\"https:\\\/\\\/exaudi.org\\\/wp-content\\\/uploads\\\/2024\\\/03\\\/pexels-emmanuel-codden-16897326-scaled-e1709644692924.jpg\",\"width\":1668,\"height\":1117,\"caption\":\"Pexels\"},{\"@type\":\"BreadcrumbList\",\"@id\":\"https:\\\/\\\/exaudi.org\\\/es\\\/la-confesion-volver-a-los-brazos-del-padre-recibir-el-perdon-y-no-vivir-acostumbrarnos-a-nuestro-pecado\\\/#breadcrumb\",\"itemListElement\":[{\"@type\":\"ListItem\",\"position\":1,\"name\":\"Portada\",\"item\":\"https:\\\/\\\/exaudi.org\\\/es\\\/\"},{\"@type\":\"ListItem\",\"position\":2,\"name\":\"La confesi\u00f3n: volver a los brazos del Padre recibir el perd\u00f3n\u00a0y no vivir acostumbrarnos a nuestro pecado\"}]},{\"@type\":\"WebSite\",\"@id\":\"https:\\\/\\\/exaudi.org\\\/#website\",\"url\":\"https:\\\/\\\/exaudi.org\\\/\",\"name\":\"Exaudi\",\"description\":\"News\",\"potentialAction\":[{\"@type\":\"SearchAction\",\"target\":{\"@type\":\"EntryPoint\",\"urlTemplate\":\"https:\\\/\\\/exaudi.org\\\/?s={search_term_string}\"},\"query-input\":{\"@type\":\"PropertyValueSpecification\",\"valueRequired\":true,\"valueName\":\"search_term_string\"}}],\"inLanguage\":\"es\"},{\"@type\":\"Person\",\"@id\":\"https:\\\/\\\/exaudi.org\\\/#\\\/schema\\\/person\\\/81a36269482bc7d6a5a3ab8317a57a2f\",\"name\":\"Nacho Calder\u00f3n Castro\",\"image\":{\"@type\":\"ImageObject\",\"inLanguage\":\"es\",\"@id\":\"https:\\\/\\\/secure.gravatar.com\\\/avatar\\\/9a83221fb83e62554f576fc80e7b576f2b3f5ebbb98b6adcdf828c6895c6c906?s=96&d=mm&r=g\",\"url\":\"https:\\\/\\\/secure.gravatar.com\\\/avatar\\\/9a83221fb83e62554f576fc80e7b576f2b3f5ebbb98b6adcdf828c6895c6c906?s=96&d=mm&r=g\",\"contentUrl\":\"https:\\\/\\\/secure.gravatar.com\\\/avatar\\\/9a83221fb83e62554f576fc80e7b576f2b3f5ebbb98b6adcdf828c6895c6c906?s=96&d=mm&r=g\",\"caption\":\"Nacho Calder\u00f3n Castro\"},\"description\":\"Nacho es el fundador y director del Instituto de Neuropsicolog\u00eda y Psicopedagog\u00eda Aplicadas (INPA) en Madrid, Espa\u00f1a y forma parte del equipo de Neurological Rehabilitation International Consultants, dirigiendo su centro en Laredo, Texas, tareas que compatibiliza impartiendo conferencias en centros de ense\u00f1anza, desde jardines de infancia hasta universidades. Ha sido colaborador con con el programa de radio La Ma\u00f1ana de COPE, dirigido por Javi Nieves durante los cursos 2012 \u2013 2014 y es profesor del Instituto de Estudios Familiares \u2013 IDEFA. En el a\u00f1o 2013 fue llamado por el Dr. Unruh para continuar su labor en Estados Unidos. Para realizar tal tarea y en reconocimiento a su trayectoria profesional, el gobierno de aquel pa\u00eds le ha concedido el visado 01, otorgado a personas con \u201chabilidades extraordinarias\u201d. Desde mayo de 2017 Nacho ha trasladado esta consulta a Pachuca, en el estado de Hidalgo, en M\u00e9xico, y de ese modo trabaja junto con Iliana Guevara Rivera, con quien comparte una trayectoria profesional desde noviembre de 1992. Nacho Calder\u00f3n atiende por tanto a pacientes en M\u00e9xico a lo largo de tres meses al a\u00f1o \u2013 febrero, junio y octubre -, dedicando ocho meses a la atenci\u00f3n de pacientes en Espa\u00f1a. Licenciado en Psicolog\u00eda, comenz\u00f3 su labor profesional en los Institutos para el Logro del Potencial Humano en Filadelfia, junto con Glenn, Janet y Douglas Doman, donde estuvo durante dos a\u00f1os completos. Durante este periodo atendi\u00f3 a familias en Filadelfia, Fauglia (Italia) y Tokio (Jap\u00f3n). A su regreso a Espa\u00f1a en 1995, fue co-fundador de la asociaci\u00f3n Institutos Fay para la Estimulaci\u00f3n Multisensorial. Nacho trajo el primer Audiokinetron (para el tratamiento B\u00e8rard) que hubo en nuestro pa\u00eds. En 1997 comenz\u00f3 su formaci\u00f3n como evaluador con el m\u00e9todo IRLEN, tras su paso por el IRLEN Center de Helen Irlen en California, se convirti\u00f3 en 1999 en el responsable de dicho m\u00e9todo en la pen\u00ednsula. En el curso de 1997-98, complet\u00f3 su formaci\u00f3n en reflejos primitivos de la mano de Peter Blythe y Sally Goddar. M\u00e1s tarde continuar\u00eda su formaci\u00f3n junto con Kjelt Johansen, Harald Blomberg y Beatriz y Sonia Padovan. Ha sido instructor KUMON durante m\u00e1s de 10 a\u00f1os y ha dado conferencias en B\u00e9lgica, Italia, Alemania y Reino Unido. Nacho ha sido profesor en el Master de dise\u00f1o infantil en espacio y producto del Instituto Europeo de dise\u00f1o y en la actualidad compagina toda su labor cl\u00ednica con la formaci\u00f3n en el Master para la formaci\u00f3n del profesorado de la Universidad Rey Juan Carlos.\",\"sameAs\":[\"https:\\\/\\\/inpa.info\\\/\"],\"url\":\"https:\\\/\\\/exaudi.org\\\/es\\\/author\\\/nacho-calderon-castro\\\/\"}]}<\/script>\n<!-- \/ Yoast SEO plugin. -->","yoast_head_json":{"title":"La confesi\u00f3n: volver a los brazos del Padre recibir el perd\u00f3n\u00a0y no vivir acostumbrarnos a nuestro pecado &#8211; Exaudi","robots":{"index":"index","follow":"follow","max-snippet":"max-snippet:-1","max-image-preview":"max-image-preview:large","max-video-preview":"max-video-preview:-1"},"canonical":"https:\/\/exaudi.org\/es\/la-confesion-volver-a-los-brazos-del-padre-recibir-el-perdon-y-no-vivir-acostumbrarnos-a-nuestro-pecado\/","og_locale":"es_ES","og_type":"article","og_title":"La confesi\u00f3n: volver a los brazos del Padre recibir el perd\u00f3n\u00a0y no vivir acostumbrarnos a nuestro pecado &#8211; Exaudi","og_description":"Educar en la fe: Confesi\u00f3n","og_url":"https:\/\/exaudi.org\/es\/la-confesion-volver-a-los-brazos-del-padre-recibir-el-perdon-y-no-vivir-acostumbrarnos-a-nuestro-pecado\/","og_site_name":"Exaudi","article_publisher":"https:\/\/www.facebook.com\/ExaudiNews","article_published_time":"2024-03-05T13:18:24+00:00","article_modified_time":"2024-03-05T13:28:29+00:00","og_image":[{"width":1668,"height":1117,"url":"https:\/\/exaudi.org\/wp-content\/uploads\/2024\/03\/pexels-emmanuel-codden-16897326-scaled-e1709644692924.jpg","type":"image\/jpeg"}],"author":"Nacho Calder\u00f3n Castro","twitter_card":"summary_large_image","twitter_creator":"@Exaudi_News","twitter_site":"@Exaudi_News","twitter_misc":{"Escrito por":"Nacho Calder\u00f3n Castro","Tiempo de lectura":"5 minutos"},"schema":{"@context":"https:\/\/schema.org","@graph":[{"@type":"Article","@id":"https:\/\/exaudi.org\/es\/la-confesion-volver-a-los-brazos-del-padre-recibir-el-perdon-y-no-vivir-acostumbrarnos-a-nuestro-pecado\/#article","isPartOf":{"@id":"https:\/\/exaudi.org\/es\/la-confesion-volver-a-los-brazos-del-padre-recibir-el-perdon-y-no-vivir-acostumbrarnos-a-nuestro-pecado\/"},"author":{"name":"Nacho Calder\u00f3n Castro","@id":"https:\/\/exaudi.org\/#\/schema\/person\/81a36269482bc7d6a5a3ab8317a57a2f"},"headline":"La confesi\u00f3n: volver a los brazos del Padre recibir el perd\u00f3n\u00a0y no vivir acostumbrarnos a nuestro pecado","datePublished":"2024-03-05T13:18:24+00:00","dateModified":"2024-03-05T13:28:29+00:00","mainEntityOfPage":{"@id":"https:\/\/exaudi.org\/es\/la-confesion-volver-a-los-brazos-del-padre-recibir-el-perdon-y-no-vivir-acostumbrarnos-a-nuestro-pecado\/"},"wordCount":998,"image":{"@id":"https:\/\/exaudi.org\/es\/la-confesion-volver-a-los-brazos-del-padre-recibir-el-perdon-y-no-vivir-acostumbrarnos-a-nuestro-pecado\/#primaryimage"},"thumbnailUrl":"https:\/\/exaudi.org\/wp-content\/uploads\/2024\/03\/pexels-emmanuel-codden-16897326-scaled-e1709644692924.jpg","keywords":["Educar en la fe","sacramento","Trending"],"articleSection":["Featured News"],"inLanguage":"es"},{"@type":"WebPage","@id":"https:\/\/exaudi.org\/es\/la-confesion-volver-a-los-brazos-del-padre-recibir-el-perdon-y-no-vivir-acostumbrarnos-a-nuestro-pecado\/","url":"https:\/\/exaudi.org\/es\/la-confesion-volver-a-los-brazos-del-padre-recibir-el-perdon-y-no-vivir-acostumbrarnos-a-nuestro-pecado\/","name":"La confesi\u00f3n: volver a los brazos del Padre recibir el perd\u00f3n\u00a0y no vivir acostumbrarnos a nuestro pecado &#8211; Exaudi","isPartOf":{"@id":"https:\/\/exaudi.org\/#website"},"primaryImageOfPage":{"@id":"https:\/\/exaudi.org\/es\/la-confesion-volver-a-los-brazos-del-padre-recibir-el-perdon-y-no-vivir-acostumbrarnos-a-nuestro-pecado\/#primaryimage"},"image":{"@id":"https:\/\/exaudi.org\/es\/la-confesion-volver-a-los-brazos-del-padre-recibir-el-perdon-y-no-vivir-acostumbrarnos-a-nuestro-pecado\/#primaryimage"},"thumbnailUrl":"https:\/\/exaudi.org\/wp-content\/uploads\/2024\/03\/pexels-emmanuel-codden-16897326-scaled-e1709644692924.jpg","datePublished":"2024-03-05T13:18:24+00:00","dateModified":"2024-03-05T13:28:29+00:00","author":{"@id":"https:\/\/exaudi.org\/#\/schema\/person\/81a36269482bc7d6a5a3ab8317a57a2f"},"breadcrumb":{"@id":"https:\/\/exaudi.org\/es\/la-confesion-volver-a-los-brazos-del-padre-recibir-el-perdon-y-no-vivir-acostumbrarnos-a-nuestro-pecado\/#breadcrumb"},"inLanguage":"es","potentialAction":[{"@type":"ReadAction","target":["https:\/\/exaudi.org\/es\/la-confesion-volver-a-los-brazos-del-padre-recibir-el-perdon-y-no-vivir-acostumbrarnos-a-nuestro-pecado\/"]}]},{"@type":"ImageObject","inLanguage":"es","@id":"https:\/\/exaudi.org\/es\/la-confesion-volver-a-los-brazos-del-padre-recibir-el-perdon-y-no-vivir-acostumbrarnos-a-nuestro-pecado\/#primaryimage","url":"https:\/\/exaudi.org\/wp-content\/uploads\/2024\/03\/pexels-emmanuel-codden-16897326-scaled-e1709644692924.jpg","contentUrl":"https:\/\/exaudi.org\/wp-content\/uploads\/2024\/03\/pexels-emmanuel-codden-16897326-scaled-e1709644692924.jpg","width":1668,"height":1117,"caption":"Pexels"},{"@type":"BreadcrumbList","@id":"https:\/\/exaudi.org\/es\/la-confesion-volver-a-los-brazos-del-padre-recibir-el-perdon-y-no-vivir-acostumbrarnos-a-nuestro-pecado\/#breadcrumb","itemListElement":[{"@type":"ListItem","position":1,"name":"Portada","item":"https:\/\/exaudi.org\/es\/"},{"@type":"ListItem","position":2,"name":"La confesi\u00f3n: volver a los brazos del Padre recibir el perd\u00f3n\u00a0y no vivir acostumbrarnos a nuestro pecado"}]},{"@type":"WebSite","@id":"https:\/\/exaudi.org\/#website","url":"https:\/\/exaudi.org\/","name":"Exaudi","description":"News","potentialAction":[{"@type":"SearchAction","target":{"@type":"EntryPoint","urlTemplate":"https:\/\/exaudi.org\/?s={search_term_string}"},"query-input":{"@type":"PropertyValueSpecification","valueRequired":true,"valueName":"search_term_string"}}],"inLanguage":"es"},{"@type":"Person","@id":"https:\/\/exaudi.org\/#\/schema\/person\/81a36269482bc7d6a5a3ab8317a57a2f","name":"Nacho Calder\u00f3n Castro","image":{"@type":"ImageObject","inLanguage":"es","@id":"https:\/\/secure.gravatar.com\/avatar\/9a83221fb83e62554f576fc80e7b576f2b3f5ebbb98b6adcdf828c6895c6c906?s=96&d=mm&r=g","url":"https:\/\/secure.gravatar.com\/avatar\/9a83221fb83e62554f576fc80e7b576f2b3f5ebbb98b6adcdf828c6895c6c906?s=96&d=mm&r=g","contentUrl":"https:\/\/secure.gravatar.com\/avatar\/9a83221fb83e62554f576fc80e7b576f2b3f5ebbb98b6adcdf828c6895c6c906?s=96&d=mm&r=g","caption":"Nacho Calder\u00f3n Castro"},"description":"Nacho es el fundador y director del Instituto de Neuropsicolog\u00eda y Psicopedagog\u00eda Aplicadas (INPA) en Madrid, Espa\u00f1a y forma parte del equipo de Neurological Rehabilitation International Consultants, dirigiendo su centro en Laredo, Texas, tareas que compatibiliza impartiendo conferencias en centros de ense\u00f1anza, desde jardines de infancia hasta universidades. Ha sido colaborador con con el programa de radio La Ma\u00f1ana de COPE, dirigido por Javi Nieves durante los cursos 2012 \u2013 2014 y es profesor del Instituto de Estudios Familiares \u2013 IDEFA. En el a\u00f1o 2013 fue llamado por el Dr. Unruh para continuar su labor en Estados Unidos. Para realizar tal tarea y en reconocimiento a su trayectoria profesional, el gobierno de aquel pa\u00eds le ha concedido el visado 01, otorgado a personas con \u201chabilidades extraordinarias\u201d. Desde mayo de 2017 Nacho ha trasladado esta consulta a Pachuca, en el estado de Hidalgo, en M\u00e9xico, y de ese modo trabaja junto con Iliana Guevara Rivera, con quien comparte una trayectoria profesional desde noviembre de 1992. Nacho Calder\u00f3n atiende por tanto a pacientes en M\u00e9xico a lo largo de tres meses al a\u00f1o \u2013 febrero, junio y octubre -, dedicando ocho meses a la atenci\u00f3n de pacientes en Espa\u00f1a. Licenciado en Psicolog\u00eda, comenz\u00f3 su labor profesional en los Institutos para el Logro del Potencial Humano en Filadelfia, junto con Glenn, Janet y Douglas Doman, donde estuvo durante dos a\u00f1os completos. Durante este periodo atendi\u00f3 a familias en Filadelfia, Fauglia (Italia) y Tokio (Jap\u00f3n). A su regreso a Espa\u00f1a en 1995, fue co-fundador de la asociaci\u00f3n Institutos Fay para la Estimulaci\u00f3n Multisensorial. Nacho trajo el primer Audiokinetron (para el tratamiento B\u00e8rard) que hubo en nuestro pa\u00eds. En 1997 comenz\u00f3 su formaci\u00f3n como evaluador con el m\u00e9todo IRLEN, tras su paso por el IRLEN Center de Helen Irlen en California, se convirti\u00f3 en 1999 en el responsable de dicho m\u00e9todo en la pen\u00ednsula. En el curso de 1997-98, complet\u00f3 su formaci\u00f3n en reflejos primitivos de la mano de Peter Blythe y Sally Goddar. M\u00e1s tarde continuar\u00eda su formaci\u00f3n junto con Kjelt Johansen, Harald Blomberg y Beatriz y Sonia Padovan. Ha sido instructor KUMON durante m\u00e1s de 10 a\u00f1os y ha dado conferencias en B\u00e9lgica, Italia, Alemania y Reino Unido. Nacho ha sido profesor en el Master de dise\u00f1o infantil en espacio y producto del Instituto Europeo de dise\u00f1o y en la actualidad compagina toda su labor cl\u00ednica con la formaci\u00f3n en el Master para la formaci\u00f3n del profesorado de la Universidad Rey Juan Carlos.","sameAs":["https:\/\/inpa.info\/"],"url":"https:\/\/exaudi.org\/es\/author\/nacho-calderon-castro\/"}]}},"jetpack_featured_media_url":"https:\/\/exaudi.org\/wp-content\/uploads\/2024\/03\/pexels-emmanuel-codden-16897326-scaled-e1709644692924.jpg","jetpack_shortlink":"https:\/\/wp.me\/pgKjF2-oW0","_links":{"self":[{"href":"https:\/\/exaudi.org\/es\/wp-json\/wp\/v2\/posts\/95852","targetHints":{"allow":["GET"]}}],"collection":[{"href":"https:\/\/exaudi.org\/es\/wp-json\/wp\/v2\/posts"}],"about":[{"href":"https:\/\/exaudi.org\/es\/wp-json\/wp\/v2\/types\/post"}],"author":[{"embeddable":true,"href":"https:\/\/exaudi.org\/es\/wp-json\/wp\/v2\/users\/113"}],"replies":[{"embeddable":true,"href":"https:\/\/exaudi.org\/es\/wp-json\/wp\/v2\/comments?post=95852"}],"version-history":[{"count":0,"href":"https:\/\/exaudi.org\/es\/wp-json\/wp\/v2\/posts\/95852\/revisions"}],"wp:featuredmedia":[{"embeddable":true,"href":"https:\/\/exaudi.org\/es\/wp-json\/wp\/v2\/media\/95853"}],"wp:attachment":[{"href":"https:\/\/exaudi.org\/es\/wp-json\/wp\/v2\/media?parent=95852"}],"wp:term":[{"taxonomy":"category","embeddable":true,"href":"https:\/\/exaudi.org\/es\/wp-json\/wp\/v2\/categories?post=95852"},{"taxonomy":"post_tag","embeddable":true,"href":"https:\/\/exaudi.org\/es\/wp-json\/wp\/v2\/tags?post=95852"}],"curies":[{"name":"wp","href":"https:\/\/api.w.org\/{rel}","templated":true}]}}