{"id":95844,"date":"2024-03-05T09:00:15","date_gmt":"2024-03-05T08:00:15","guid":{"rendered":"https:\/\/exaudi.org\/?p=95844"},"modified":"2024-03-05T13:42:48","modified_gmt":"2024-03-05T12:42:48","slug":"peregrinacion-anual-para-conmemorar-el-573-aniversario-del-nacimiento-de-isabel-la-catolica","status":"publish","type":"post","link":"https:\/\/exaudi.org\/es\/peregrinacion-anual-para-conmemorar-el-573-aniversario-del-nacimiento-de-isabel-la-catolica\/","title":{"rendered":"Peregrinaci\u00f3n anual para conmemorar el 573 aniversario del nacimiento de Isabel La Cat\u00f3lica"},"content":{"rendered":"<audio class=\"wp-audio-shortcode\" id=\"audio-95844-1\" preload=\"none\" style=\"width: 100%;\" controls=\"controls\"><source type=\"audio\/mpeg\" src=\"https:\/\/exaudi.org\/wp-content\/uploads\/2024\/03\/Peregrinacion.mp3?_=1\" \/><a href=\"https:\/\/exaudi.org\/wp-content\/uploads\/2024\/03\/Peregrinacion.mp3\">https:\/\/exaudi.org\/wp-content\/uploads\/2024\/03\/Peregrinacion.mp3<\/a><\/audio>\n<p>La Fundaci\u00f3n <a href=\"https:\/\/enraizados.org\/\" target=\"_blank\" rel=\"noopener\">Enraizados<\/a>, que apoya y promueve la causa de la beatificaci\u00f3n de Isabel la Cat\u00f3lica desde 2014, ha organizado entre otros actos conmemorativos, su III Peregrinaci\u00f3n para celebrar el nacimiento de la reina de Espa\u00f1a.<\/p>\n<p>Jos\u00e9 Castro Velarde, presidente de la entidad c\u00edvica, record\u00f3 la fecha donde Enraizados se vuelca, desde hace ya 10 a\u00f1os, en propagar la devoci\u00f3n a la reina: <strong>\u201cEl 22 de abril conmemoramos orgullosos el d\u00eda del nacimiento Isabel la Cat\u00f3lica<\/strong>. Nosotros nos unimos a la celebraci\u00f3n con esta III Peregrinaci\u00f3n, pero tambi\u00e9n tienen lugar muchos otros eventos en su memoria en el resto del mundo. Este a\u00f1o hemos decidido hacer la peregrinaci\u00f3n el fin de semana previo por caer en lunes el d\u00eda 22\u201d.<\/p>\n<p>\u201c<strong>Visitaremos lugares muy importantes en la vida de la reina:<\/strong> el viernes 19 por la tarde iremos a <strong>Medina del Campo donde falleci\u00f3<\/strong>. Visitaremos (D. m.) el Castillo de la Mota y el Palacio Testamentario. El <strong>Testamento de Isabel y el Codicilo<\/strong> son documentos realmente excepcionales. La sabidur\u00eda y el consejo, dones del Esp\u00edritu Santo, pueden verse en su redacci\u00f3n.<strong>\u201d<\/strong><\/p>\n<p>Los peregrinos pasar\u00e1n el s\u00e1bado 20 de abril en <strong>Valladolid<\/strong>, <strong>donde tuvo lugar la uni\u00f3n esponsal de Isabel y Fernando<\/strong> y muchos otros acontecimientos vitales de su reinado. \u201cAdem\u00e1s, tendremos la<strong> ocasi\u00f3n de visitar el Santuario de la Gran Promesa<\/strong> <strong>y de ganar la indulgencia plenaria<\/strong> que este a\u00f1o se concede a sus visitantes -cumpliendo las condiciones establecidas por la Iglesia-<strong> por ser a\u00f1o jubileo<\/strong>\u201d, explic\u00f3 Castro Velarde.<\/p>\n<p>\u201cPor \u00faltimo, el domingo 21 por la ma\u00f1ana <strong>visitaremos Tordesillas<\/strong>, tanto el pueblo como <strong>las Casas del Tratado <\/strong>tan <strong>importante en las disputas con Portugal<\/strong> y tambi\u00e9n el<strong> Monasterio de Santa Clara<\/strong>. Todo ello con la ayuda de gu\u00edas que nos expliquen cada dato hist\u00f3rico desde un profundo amor a Espa\u00f1a y a nuestra fe\u201d.<\/p>\n<p><strong>El proceso de beatificaci\u00f3n de Isabel la Cat\u00f3lica<\/strong>,\u00a0 como ha se\u00f1alado D. Luis Arg\u00fcello tras su visita a Roma, <strong>sigue abierto<\/strong>. A este respecto el presidente de Enraizados enfatiza: \u201c<strong>Su beatificaci\u00f3n ser\u00eda un inmenso regalo de bendiciones porque recordar\u00eda que la pol\u00edtica es el campo de la m\u00e1s vasta caridad<\/strong>, como lo ha definido el Magisterio de la Iglesia. Frente a luchas partidistas e interesadas es necesario rescatar el aut\u00e9ntico esp\u00edritu de servicio de la pol\u00edtica. La beatificaci\u00f3n ser\u00eda un impulso moral para que todos los pol\u00edticos fueran dignos de la vocaci\u00f3n a la que Dios les llama para servir a la sociedad.\u201d.<\/p>\n<p>\u201c<strong>Pocas figuras han contribuido tanto a la evangelizaci\u00f3n como la Reina Isabel<\/strong>, reformadora de la Iglesia en Espa\u00f1a junto a Cisneros y otras figuras. Demostrar\u00eda lo que la Gracia puede hacer en almas d\u00f3ciles a pesar de las dificultades.\u201d<\/p>\n<p>\u201cAnimo a todos a asistir a esta III Peregrinaci\u00f3n Isabelina para demostrar la gran devoci\u00f3n que tenemos por la reina de Espa\u00f1a.<strong> Debemos recuperar nuestra Historia <\/strong>y este es un bonito gesto para hacerlo. <strong>No nos podemos quejar de la Leyenda Negra si no estamos dispuestos a combatirla<\/strong>\u201d, concluy\u00f3 el presidente de la entidad c\u00edvica.<\/p>\n<ul>\n<li><a href=\"https:\/\/enraizados.org\/peregrinacion-isabelina-2024-destino-valladolid\/\" target=\"_blank\" rel=\"noopener\"><strong>Para apuntarse a la III Peregrinaci\u00f3n Isabelina<\/strong><\/a><\/li>\n<li><a href=\"https:\/\/enraizados.org\/wp-content\/uploads\/2024\/02\/DOSSIER-INFORMATIVO-2024.pdf\" target=\"_blank\" rel=\"noopener\"><strong>Dossier informativo de la Peregrinaci\u00f3n<\/strong><\/a><\/li>\n<\/ul>\n<p><img loading=\"lazy\" decoding=\"async\" class=\"size-full wp-image-95845 alignnone\" src=\"https:\/\/exaudi.org\/wp-content\/uploads\/2024\/03\/Snapinsta.app_424897277_778595000965733_4098517694216386187_n_1080.jpg\" alt=\"\" width=\"1080\" height=\"1080\" srcset=\"https:\/\/exaudi.org\/wp-content\/uploads\/2024\/03\/Snapinsta.app_424897277_778595000965733_4098517694216386187_n_1080.jpg 1080w, https:\/\/exaudi.org\/wp-content\/uploads\/2024\/03\/Snapinsta.app_424897277_778595000965733_4098517694216386187_n_1080-300x300.jpg 300w, https:\/\/exaudi.org\/wp-content\/uploads\/2024\/03\/Snapinsta.app_424897277_778595000965733_4098517694216386187_n_1080-1024x1024.jpg 1024w, https:\/\/exaudi.org\/wp-content\/uploads\/2024\/03\/Snapinsta.app_424897277_778595000965733_4098517694216386187_n_1080-100x100.jpg?crop=1 100w, https:\/\/exaudi.org\/wp-content\/uploads\/2024\/03\/Snapinsta.app_424897277_778595000965733_4098517694216386187_n_1080-770x770.jpg 770w, https:\/\/exaudi.org\/wp-content\/uploads\/2024\/03\/Snapinsta.app_424897277_778595000965733_4098517694216386187_n_1080-500x500.jpg 500w, https:\/\/exaudi.org\/wp-content\/uploads\/2024\/03\/Snapinsta.app_424897277_778595000965733_4098517694216386187_n_1080-293x293.jpg 293w, https:\/\/exaudi.org\/wp-content\/uploads\/2024\/03\/Snapinsta.app_424897277_778595000965733_4098517694216386187_n_1080-390x390.jpg 390w, https:\/\/exaudi.org\/wp-content\/uploads\/2024\/03\/Snapinsta.app_424897277_778595000965733_4098517694216386187_n_1080-585x585.jpg 585w, https:\/\/exaudi.org\/wp-content\/uploads\/2024\/03\/Snapinsta.app_424897277_778595000965733_4098517694216386187_n_1080-900x900.jpg 900w\" sizes=\"auto, (max-width: 1080px) 100vw, 1080px\" \/><\/p>\n","protected":false},"excerpt":{"rendered":"<p>Su principal objetivo es rogar a Dios por la pronta beatificaci\u00f3n de la reina de Espa\u00f1a e impulsar y propagar su herencia evangelizadora en el mundo<\/p>\n","protected":false},"author":123,"featured_media":95845,"comment_status":"closed","ping_status":"closed","sticky":false,"template":"","format":"standard","meta":{"_acf_changed":false,"_crdt_document":"","inline_featured_image":false,"footnotes":""},"categories":[74],"tags":[9132,12326,2049,4953],"class_list":["post-95844","post","type-post","status-publish","format-standard","has-post-thumbnail","hentry","category-iglesia-y-mundo","tag-enraizados","tag-isabel-la-catolica","tag-peregrinacion","tag-trending-es"],"acf":[],"yoast_head":"<!-- This site is optimized with the Yoast SEO plugin v27.4 - https:\/\/yoast.com\/product\/yoast-seo-wordpress\/ -->\n<title>Peregrinaci\u00f3n anual para conmemorar el 573 aniversario del nacimiento de Isabel La Cat\u00f3lica &#8211; Exaudi<\/title>\n<meta name=\"robots\" content=\"index, follow, max-snippet:-1, max-image-preview:large, max-video-preview:-1\" \/>\n<link rel=\"canonical\" href=\"https:\/\/exaudi.org\/es\/peregrinacion-anual-para-conmemorar-el-573-aniversario-del-nacimiento-de-isabel-la-catolica\/\" \/>\n<meta property=\"og:locale\" content=\"es_ES\" \/>\n<meta property=\"og:type\" content=\"article\" \/>\n<meta property=\"og:title\" content=\"Peregrinaci\u00f3n anual para conmemorar el 573 aniversario del nacimiento de Isabel La Cat\u00f3lica &#8211; Exaudi\" \/>\n<meta property=\"og:description\" content=\"Su principal objetivo es rogar a Dios por la pronta beatificaci\u00f3n de la reina de Espa\u00f1a e impulsar y propagar su herencia evangelizadora en el mundo\" \/>\n<meta property=\"og:url\" content=\"https:\/\/exaudi.org\/es\/peregrinacion-anual-para-conmemorar-el-573-aniversario-del-nacimiento-de-isabel-la-catolica\/\" \/>\n<meta property=\"og:site_name\" content=\"Exaudi\" \/>\n<meta property=\"article:publisher\" content=\"https:\/\/www.facebook.com\/ExaudiNews\" \/>\n<meta property=\"article:author\" content=\"https:\/\/www.facebook.com\/asociacionenraizados\" \/>\n<meta property=\"article:published_time\" content=\"2024-03-05T08:00:15+00:00\" \/>\n<meta property=\"article:modified_time\" content=\"2024-03-05T12:42:48+00:00\" \/>\n<meta property=\"og:image\" content=\"https:\/\/exaudi.org\/wp-content\/uploads\/2024\/03\/Snapinsta.app_424897277_778595000965733_4098517694216386187_n_1080.jpg\" \/>\n\t<meta property=\"og:image:width\" content=\"1080\" \/>\n\t<meta property=\"og:image:height\" content=\"1080\" \/>\n\t<meta property=\"og:image:type\" content=\"image\/jpeg\" \/>\n<meta name=\"author\" content=\"Enraizados\" \/>\n<meta name=\"twitter:card\" content=\"summary_large_image\" \/>\n<meta name=\"twitter:creator\" content=\"@https:\/\/twitter.com\/asocenraizados\/\" \/>\n<meta name=\"twitter:site\" content=\"@Exaudi_News\" \/>\n<meta name=\"twitter:label1\" content=\"Escrito por\" \/>\n\t<meta name=\"twitter:data1\" content=\"Enraizados\" \/>\n\t<meta name=\"twitter:label2\" content=\"Tiempo de lectura\" \/>\n\t<meta name=\"twitter:data2\" content=\"3 minutos\" \/>\n<script type=\"application\/ld+json\" class=\"yoast-schema-graph\">{\"@context\":\"https:\\\/\\\/schema.org\",\"@graph\":[{\"@type\":\"Article\",\"@id\":\"https:\\\/\\\/exaudi.org\\\/es\\\/peregrinacion-anual-para-conmemorar-el-573-aniversario-del-nacimiento-de-isabel-la-catolica\\\/#article\",\"isPartOf\":{\"@id\":\"https:\\\/\\\/exaudi.org\\\/es\\\/peregrinacion-anual-para-conmemorar-el-573-aniversario-del-nacimiento-de-isabel-la-catolica\\\/\"},\"author\":{\"name\":\"Enraizados\",\"@id\":\"https:\\\/\\\/exaudi.org\\\/#\\\/schema\\\/person\\\/20d66a3249df43321f92e55f42e42e4a\"},\"headline\":\"Peregrinaci\u00f3n anual para conmemorar el 573 aniversario del nacimiento de Isabel La Cat\u00f3lica\",\"datePublished\":\"2024-03-05T08:00:15+00:00\",\"dateModified\":\"2024-03-05T12:42:48+00:00\",\"mainEntityOfPage\":{\"@id\":\"https:\\\/\\\/exaudi.org\\\/es\\\/peregrinacion-anual-para-conmemorar-el-573-aniversario-del-nacimiento-de-isabel-la-catolica\\\/\"},\"wordCount\":586,\"image\":{\"@id\":\"https:\\\/\\\/exaudi.org\\\/es\\\/peregrinacion-anual-para-conmemorar-el-573-aniversario-del-nacimiento-de-isabel-la-catolica\\\/#primaryimage\"},\"thumbnailUrl\":\"https:\\\/\\\/exaudi.org\\\/wp-content\\\/uploads\\\/2024\\\/03\\\/Snapinsta.app_424897277_778595000965733_4098517694216386187_n_1080.jpg\",\"keywords\":[\"Enraizados\",\"Isabel la Cat\u00f3lica\",\"Peregrinaci\u00f3n\",\"Trending\"],\"articleSection\":[\"Iglesia y Mundo\"],\"inLanguage\":\"es\"},{\"@type\":\"WebPage\",\"@id\":\"https:\\\/\\\/exaudi.org\\\/es\\\/peregrinacion-anual-para-conmemorar-el-573-aniversario-del-nacimiento-de-isabel-la-catolica\\\/\",\"url\":\"https:\\\/\\\/exaudi.org\\\/es\\\/peregrinacion-anual-para-conmemorar-el-573-aniversario-del-nacimiento-de-isabel-la-catolica\\\/\",\"name\":\"Peregrinaci\u00f3n anual para conmemorar el 573 aniversario del nacimiento de Isabel La Cat\u00f3lica &#8211; Exaudi\",\"isPartOf\":{\"@id\":\"https:\\\/\\\/exaudi.org\\\/#website\"},\"primaryImageOfPage\":{\"@id\":\"https:\\\/\\\/exaudi.org\\\/es\\\/peregrinacion-anual-para-conmemorar-el-573-aniversario-del-nacimiento-de-isabel-la-catolica\\\/#primaryimage\"},\"image\":{\"@id\":\"https:\\\/\\\/exaudi.org\\\/es\\\/peregrinacion-anual-para-conmemorar-el-573-aniversario-del-nacimiento-de-isabel-la-catolica\\\/#primaryimage\"},\"thumbnailUrl\":\"https:\\\/\\\/exaudi.org\\\/wp-content\\\/uploads\\\/2024\\\/03\\\/Snapinsta.app_424897277_778595000965733_4098517694216386187_n_1080.jpg\",\"datePublished\":\"2024-03-05T08:00:15+00:00\",\"dateModified\":\"2024-03-05T12:42:48+00:00\",\"author\":{\"@id\":\"https:\\\/\\\/exaudi.org\\\/#\\\/schema\\\/person\\\/20d66a3249df43321f92e55f42e42e4a\"},\"breadcrumb\":{\"@id\":\"https:\\\/\\\/exaudi.org\\\/es\\\/peregrinacion-anual-para-conmemorar-el-573-aniversario-del-nacimiento-de-isabel-la-catolica\\\/#breadcrumb\"},\"inLanguage\":\"es\",\"potentialAction\":[{\"@type\":\"ReadAction\",\"target\":[\"https:\\\/\\\/exaudi.org\\\/es\\\/peregrinacion-anual-para-conmemorar-el-573-aniversario-del-nacimiento-de-isabel-la-catolica\\\/\"]}]},{\"@type\":\"ImageObject\",\"inLanguage\":\"es\",\"@id\":\"https:\\\/\\\/exaudi.org\\\/es\\\/peregrinacion-anual-para-conmemorar-el-573-aniversario-del-nacimiento-de-isabel-la-catolica\\\/#primaryimage\",\"url\":\"https:\\\/\\\/exaudi.org\\\/wp-content\\\/uploads\\\/2024\\\/03\\\/Snapinsta.app_424897277_778595000965733_4098517694216386187_n_1080.jpg\",\"contentUrl\":\"https:\\\/\\\/exaudi.org\\\/wp-content\\\/uploads\\\/2024\\\/03\\\/Snapinsta.app_424897277_778595000965733_4098517694216386187_n_1080.jpg\",\"width\":1080,\"height\":1080},{\"@type\":\"BreadcrumbList\",\"@id\":\"https:\\\/\\\/exaudi.org\\\/es\\\/peregrinacion-anual-para-conmemorar-el-573-aniversario-del-nacimiento-de-isabel-la-catolica\\\/#breadcrumb\",\"itemListElement\":[{\"@type\":\"ListItem\",\"position\":1,\"name\":\"Portada\",\"item\":\"https:\\\/\\\/exaudi.org\\\/es\\\/\"},{\"@type\":\"ListItem\",\"position\":2,\"name\":\"Peregrinaci\u00f3n anual para conmemorar el 573 aniversario del nacimiento de Isabel La Cat\u00f3lica\"}]},{\"@type\":\"WebSite\",\"@id\":\"https:\\\/\\\/exaudi.org\\\/#website\",\"url\":\"https:\\\/\\\/exaudi.org\\\/\",\"name\":\"Exaudi\",\"description\":\"News\",\"potentialAction\":[{\"@type\":\"SearchAction\",\"target\":{\"@type\":\"EntryPoint\",\"urlTemplate\":\"https:\\\/\\\/exaudi.org\\\/?s={search_term_string}\"},\"query-input\":{\"@type\":\"PropertyValueSpecification\",\"valueRequired\":true,\"valueName\":\"search_term_string\"}}],\"inLanguage\":\"es\"},{\"@type\":\"Person\",\"@id\":\"https:\\\/\\\/exaudi.org\\\/#\\\/schema\\\/person\\\/20d66a3249df43321f92e55f42e42e4a\",\"name\":\"Enraizados\",\"image\":{\"@type\":\"ImageObject\",\"inLanguage\":\"es\",\"@id\":\"https:\\\/\\\/secure.gravatar.com\\\/avatar\\\/766befbb46a56201d09facd10f18b7d0b7764f075a7f94099d7102d86fc2f90b?s=96&d=mm&r=g\",\"url\":\"https:\\\/\\\/secure.gravatar.com\\\/avatar\\\/766befbb46a56201d09facd10f18b7d0b7764f075a7f94099d7102d86fc2f90b?s=96&d=mm&r=g\",\"contentUrl\":\"https:\\\/\\\/secure.gravatar.com\\\/avatar\\\/766befbb46a56201d09facd10f18b7d0b7764f075a7f94099d7102d86fc2f90b?s=96&d=mm&r=g\",\"caption\":\"Enraizados\"},\"description\":\"Trabajando desde 2012 por mejorar la sociedad en la que vivimos La Asociaci\u00f3n Enraizados en Cristo y en la Sociedad nace en el a\u00f1o 2012 con el objetivo de ser una voz cat\u00f3lica en la vida p\u00fablica, aportando una perspectiva cristiana a la visi\u00f3n de la vida y sus acontecimientos en la sociedad actual, tanto en Espa\u00f1a como en el Mundo.\",\"sameAs\":[\"https:\\\/\\\/enraizados.org\\\/\",\"https:\\\/\\\/www.facebook.com\\\/asociacionenraizados\",\"https:\\\/\\\/www.instagram.com\\\/asociacionenraizados\\\/\",\"https:\\\/\\\/x.com\\\/https:\\\/\\\/twitter.com\\\/asocenraizados\\\/\",\"https:\\\/\\\/www.youtube.com\\\/@AsociacionEnraizados\"],\"url\":\"https:\\\/\\\/exaudi.org\\\/es\\\/author\\\/enraizados\\\/\"}]}<\/script>\n<!-- \/ Yoast SEO plugin. -->","yoast_head_json":{"title":"Peregrinaci\u00f3n anual para conmemorar el 573 aniversario del nacimiento de Isabel La Cat\u00f3lica &#8211; Exaudi","robots":{"index":"index","follow":"follow","max-snippet":"max-snippet:-1","max-image-preview":"max-image-preview:large","max-video-preview":"max-video-preview:-1"},"canonical":"https:\/\/exaudi.org\/es\/peregrinacion-anual-para-conmemorar-el-573-aniversario-del-nacimiento-de-isabel-la-catolica\/","og_locale":"es_ES","og_type":"article","og_title":"Peregrinaci\u00f3n anual para conmemorar el 573 aniversario del nacimiento de Isabel La Cat\u00f3lica &#8211; Exaudi","og_description":"Su principal objetivo es rogar a Dios por la pronta beatificaci\u00f3n de la reina de Espa\u00f1a e impulsar y propagar su herencia evangelizadora en el mundo","og_url":"https:\/\/exaudi.org\/es\/peregrinacion-anual-para-conmemorar-el-573-aniversario-del-nacimiento-de-isabel-la-catolica\/","og_site_name":"Exaudi","article_publisher":"https:\/\/www.facebook.com\/ExaudiNews","article_author":"https:\/\/www.facebook.com\/asociacionenraizados","article_published_time":"2024-03-05T08:00:15+00:00","article_modified_time":"2024-03-05T12:42:48+00:00","og_image":[{"width":1080,"height":1080,"url":"https:\/\/exaudi.org\/wp-content\/uploads\/2024\/03\/Snapinsta.app_424897277_778595000965733_4098517694216386187_n_1080.jpg","type":"image\/jpeg"}],"author":"Enraizados","twitter_card":"summary_large_image","twitter_creator":"@https:\/\/twitter.com\/asocenraizados\/","twitter_site":"@Exaudi_News","twitter_misc":{"Escrito por":"Enraizados","Tiempo de lectura":"3 minutos"},"schema":{"@context":"https:\/\/schema.org","@graph":[{"@type":"Article","@id":"https:\/\/exaudi.org\/es\/peregrinacion-anual-para-conmemorar-el-573-aniversario-del-nacimiento-de-isabel-la-catolica\/#article","isPartOf":{"@id":"https:\/\/exaudi.org\/es\/peregrinacion-anual-para-conmemorar-el-573-aniversario-del-nacimiento-de-isabel-la-catolica\/"},"author":{"name":"Enraizados","@id":"https:\/\/exaudi.org\/#\/schema\/person\/20d66a3249df43321f92e55f42e42e4a"},"headline":"Peregrinaci\u00f3n anual para conmemorar el 573 aniversario del nacimiento de Isabel La Cat\u00f3lica","datePublished":"2024-03-05T08:00:15+00:00","dateModified":"2024-03-05T12:42:48+00:00","mainEntityOfPage":{"@id":"https:\/\/exaudi.org\/es\/peregrinacion-anual-para-conmemorar-el-573-aniversario-del-nacimiento-de-isabel-la-catolica\/"},"wordCount":586,"image":{"@id":"https:\/\/exaudi.org\/es\/peregrinacion-anual-para-conmemorar-el-573-aniversario-del-nacimiento-de-isabel-la-catolica\/#primaryimage"},"thumbnailUrl":"https:\/\/exaudi.org\/wp-content\/uploads\/2024\/03\/Snapinsta.app_424897277_778595000965733_4098517694216386187_n_1080.jpg","keywords":["Enraizados","Isabel la Cat\u00f3lica","Peregrinaci\u00f3n","Trending"],"articleSection":["Iglesia y Mundo"],"inLanguage":"es"},{"@type":"WebPage","@id":"https:\/\/exaudi.org\/es\/peregrinacion-anual-para-conmemorar-el-573-aniversario-del-nacimiento-de-isabel-la-catolica\/","url":"https:\/\/exaudi.org\/es\/peregrinacion-anual-para-conmemorar-el-573-aniversario-del-nacimiento-de-isabel-la-catolica\/","name":"Peregrinaci\u00f3n anual para conmemorar el 573 aniversario del nacimiento de Isabel La Cat\u00f3lica &#8211; Exaudi","isPartOf":{"@id":"https:\/\/exaudi.org\/#website"},"primaryImageOfPage":{"@id":"https:\/\/exaudi.org\/es\/peregrinacion-anual-para-conmemorar-el-573-aniversario-del-nacimiento-de-isabel-la-catolica\/#primaryimage"},"image":{"@id":"https:\/\/exaudi.org\/es\/peregrinacion-anual-para-conmemorar-el-573-aniversario-del-nacimiento-de-isabel-la-catolica\/#primaryimage"},"thumbnailUrl":"https:\/\/exaudi.org\/wp-content\/uploads\/2024\/03\/Snapinsta.app_424897277_778595000965733_4098517694216386187_n_1080.jpg","datePublished":"2024-03-05T08:00:15+00:00","dateModified":"2024-03-05T12:42:48+00:00","author":{"@id":"https:\/\/exaudi.org\/#\/schema\/person\/20d66a3249df43321f92e55f42e42e4a"},"breadcrumb":{"@id":"https:\/\/exaudi.org\/es\/peregrinacion-anual-para-conmemorar-el-573-aniversario-del-nacimiento-de-isabel-la-catolica\/#breadcrumb"},"inLanguage":"es","potentialAction":[{"@type":"ReadAction","target":["https:\/\/exaudi.org\/es\/peregrinacion-anual-para-conmemorar-el-573-aniversario-del-nacimiento-de-isabel-la-catolica\/"]}]},{"@type":"ImageObject","inLanguage":"es","@id":"https:\/\/exaudi.org\/es\/peregrinacion-anual-para-conmemorar-el-573-aniversario-del-nacimiento-de-isabel-la-catolica\/#primaryimage","url":"https:\/\/exaudi.org\/wp-content\/uploads\/2024\/03\/Snapinsta.app_424897277_778595000965733_4098517694216386187_n_1080.jpg","contentUrl":"https:\/\/exaudi.org\/wp-content\/uploads\/2024\/03\/Snapinsta.app_424897277_778595000965733_4098517694216386187_n_1080.jpg","width":1080,"height":1080},{"@type":"BreadcrumbList","@id":"https:\/\/exaudi.org\/es\/peregrinacion-anual-para-conmemorar-el-573-aniversario-del-nacimiento-de-isabel-la-catolica\/#breadcrumb","itemListElement":[{"@type":"ListItem","position":1,"name":"Portada","item":"https:\/\/exaudi.org\/es\/"},{"@type":"ListItem","position":2,"name":"Peregrinaci\u00f3n anual para conmemorar el 573 aniversario del nacimiento de Isabel La Cat\u00f3lica"}]},{"@type":"WebSite","@id":"https:\/\/exaudi.org\/#website","url":"https:\/\/exaudi.org\/","name":"Exaudi","description":"News","potentialAction":[{"@type":"SearchAction","target":{"@type":"EntryPoint","urlTemplate":"https:\/\/exaudi.org\/?s={search_term_string}"},"query-input":{"@type":"PropertyValueSpecification","valueRequired":true,"valueName":"search_term_string"}}],"inLanguage":"es"},{"@type":"Person","@id":"https:\/\/exaudi.org\/#\/schema\/person\/20d66a3249df43321f92e55f42e42e4a","name":"Enraizados","image":{"@type":"ImageObject","inLanguage":"es","@id":"https:\/\/secure.gravatar.com\/avatar\/766befbb46a56201d09facd10f18b7d0b7764f075a7f94099d7102d86fc2f90b?s=96&d=mm&r=g","url":"https:\/\/secure.gravatar.com\/avatar\/766befbb46a56201d09facd10f18b7d0b7764f075a7f94099d7102d86fc2f90b?s=96&d=mm&r=g","contentUrl":"https:\/\/secure.gravatar.com\/avatar\/766befbb46a56201d09facd10f18b7d0b7764f075a7f94099d7102d86fc2f90b?s=96&d=mm&r=g","caption":"Enraizados"},"description":"Trabajando desde 2012 por mejorar la sociedad en la que vivimos La Asociaci\u00f3n Enraizados en Cristo y en la Sociedad nace en el a\u00f1o 2012 con el objetivo de ser una voz cat\u00f3lica en la vida p\u00fablica, aportando una perspectiva cristiana a la visi\u00f3n de la vida y sus acontecimientos en la sociedad actual, tanto en Espa\u00f1a como en el Mundo.","sameAs":["https:\/\/enraizados.org\/","https:\/\/www.facebook.com\/asociacionenraizados","https:\/\/www.instagram.com\/asociacionenraizados\/","https:\/\/x.com\/https:\/\/twitter.com\/asocenraizados\/","https:\/\/www.youtube.com\/@AsociacionEnraizados"],"url":"https:\/\/exaudi.org\/es\/author\/enraizados\/"}]}},"jetpack_featured_media_url":"https:\/\/exaudi.org\/wp-content\/uploads\/2024\/03\/Snapinsta.app_424897277_778595000965733_4098517694216386187_n_1080.jpg","jetpack_shortlink":"https:\/\/wp.me\/pgKjF2-oVS","_links":{"self":[{"href":"https:\/\/exaudi.org\/es\/wp-json\/wp\/v2\/posts\/95844","targetHints":{"allow":["GET"]}}],"collection":[{"href":"https:\/\/exaudi.org\/es\/wp-json\/wp\/v2\/posts"}],"about":[{"href":"https:\/\/exaudi.org\/es\/wp-json\/wp\/v2\/types\/post"}],"author":[{"embeddable":true,"href":"https:\/\/exaudi.org\/es\/wp-json\/wp\/v2\/users\/123"}],"replies":[{"embeddable":true,"href":"https:\/\/exaudi.org\/es\/wp-json\/wp\/v2\/comments?post=95844"}],"version-history":[{"count":0,"href":"https:\/\/exaudi.org\/es\/wp-json\/wp\/v2\/posts\/95844\/revisions"}],"wp:featuredmedia":[{"embeddable":true,"href":"https:\/\/exaudi.org\/es\/wp-json\/wp\/v2\/media\/95845"}],"wp:attachment":[{"href":"https:\/\/exaudi.org\/es\/wp-json\/wp\/v2\/media?parent=95844"}],"wp:term":[{"taxonomy":"category","embeddable":true,"href":"https:\/\/exaudi.org\/es\/wp-json\/wp\/v2\/categories?post=95844"},{"taxonomy":"post_tag","embeddable":true,"href":"https:\/\/exaudi.org\/es\/wp-json\/wp\/v2\/tags?post=95844"}],"curies":[{"name":"wp","href":"https:\/\/api.w.org\/{rel}","templated":true}]}}