{"id":95595,"date":"2024-03-01T09:33:28","date_gmt":"2024-03-01T08:33:28","guid":{"rendered":"https:\/\/exaudi.org\/?p=95595"},"modified":"2024-03-01T09:35:12","modified_gmt":"2024-03-01T08:35:12","slug":"misas-por-la-vida-1-marzo","status":"publish","type":"post","link":"https:\/\/exaudi.org\/es\/misas-por-la-vida-1-marzo\/","title":{"rendered":"Un proyecto para \u201ciluminar\u201d Espa\u00f1a con \u201cMisas por la Vida\u201d desde el 1 de marzo"},"content":{"rendered":"<p>La Fundaci\u00f3n Enraizados est\u00e1 empujando la iniciativa: \u201c<a href=\"https:\/\/enraizados.org\/ayudanos-a-llenar-espana-de-misas-por-la-vida\/\" target=\"_blank\" rel=\"noopener\">Pide una Misa por la Vida en tu Parroquia<\/a>\u201d tras conocer la pavorosa<br \/>\ncifra de abortos realizados en Espa\u00f1a en 2023 y la escalada de eutanasias (muchas de ellas provenientes de enfermos de ELA) que se est\u00e1n realizando en nuestro pa\u00eds.<\/p>\n<p>\u201cEstamos <strong>muy preocupados por las cifras de abortos<\/strong> que se realizaron el a\u00f1o pasado en Espa\u00f1a. Exactamente fueron 98.316 los ni\u00f1os espa\u00f1oles a los que se les impidi\u00f3 nacer. Un 9% m\u00e1s que en 2022. Imaginamos cu\u00e1les pueden ser las terror\u00edficas cifras de 2024 y <strong>ante este drama que no para de crecer, la sociedad cat\u00f3lica debe reaccionar<\/strong>\u201d, coment\u00f3 Jos\u00e9 Castro Velarde, presidente de la entidad c\u00edvica.<\/p>\n<p>Por otro parte, <strong>la eutanasia deja 370 muertos<\/strong> desde que la ley entr\u00f3 en vigor en junio de 2021. \u201cUnas cifras insoportables teniendo en cuenta que <strong>la quinta parte de las personas<\/strong> que se acogieron a esta ley, <a href=\"https:\/\/enraizados.org\/firma-para-defender-y-apoyar-a-los-enfermos-de-ela\/\" target=\"_blank\" rel=\"noopener\">fueron enfermos de ELA<\/a> que en la inmensa mayor\u00eda de los casos <strong>no ten\u00edan recursos econ\u00f3micos para sobrellevar su enfermedad. El bloqueo de la ley de la ELA por parte de sus se\u00f1or\u00edas, es una verg\u00fcenza nacional, podr\u00edamos decir que es una inducci\u00f3n al suicidio, es torturar al enfermo<\/strong>\u201d, afirm\u00f3 Castro Velarde.<\/p>\n<p>\u201cAnte todos los problemas <strong>siempre debemos ponernos en manos de Dios<\/strong>, que es quien verdaderamente escucha nuestras peticiones. Por eso, mientras combatimos las leyes ideol\u00f3gicas con las \u201carmas\u201d que parte de la sociedad nos ha dado -permiti\u00e9ndonos ser \u201cuna voz cat\u00f3lica en la vida p\u00fablica\u201d- <strong>confiamos en el Poder de la oraci\u00f3n. Rezar por la Vida es misi\u00f3n permanente de todos los cat\u00f3licos y queremos impulsar que tambi\u00e9n lo sea solicitar en sus parroquias Misas por la Vida<\/strong>, para que todos unidos podamos ofrecer por esta intenci\u00f3n el Sacrificio m\u00e1s grande, la Eucarist\u00eda\u201d.<\/p>\n<p>A este respecto la Fundaci\u00f3n Enraizados ha elaborado <a href=\"https:\/\/www.google.com\/maps\/d\/u\/0\/viewer?mid=1HejUvaZOIKnrMNRtv3N72vzGT9odo1k&amp;g_ep=CAESCjExLjExNi4xMDEYACDdYiobLDk0MjA3ODA4LDQ3MDc1OTE1LDQ3MDg0MzkzQgJFUw%3D%3D&amp;shorturl=1&amp;ll=35.97261910514229%2C-6.084271100000017&amp;z=5\" target=\"_blank\" rel=\"noopener\">un mapa<\/a> para que los ciudadanos puedan <strong>localizar las Parroquias, Iglesias y Centros de Espiritualidad m\u00e1s cercanos a sus domicilios<\/strong> y unirse a las Misas que en toda Espa\u00f1a se celebren diariamente por la Vida.<\/p>\n<p>El presidente de Enraizados explic\u00f3: \u201c<strong>Es una forma de tener centralizada la informaci\u00f3n y que sea accesible para todo el mundo<\/strong>. Acabamos de empezar y ya tenemos 20 parroquias que se han comprometido a \u2018ofrecer\u2019 Misas por la Vida. <strong>Entre todos podr\u00edamos encender esa luz los 365 d\u00edas del a\u00f1o para \u201ciluminar\u201d Espa\u00f1a entera con el amor de Dios<\/strong>. Confiamos en que as\u00ed sea porque <strong>Espa\u00f1a es tierra de Mar\u00eda y seguro ella querr\u00eda que nuestra geograf\u00eda fuera una santa llama <\/strong><strong>perpetuamente encendida<\/strong>\u201d.<\/p>\n<p>Adem\u00e1s, la <strong>Fundaci\u00f3n Enraizados concurrir\u00e1 a la marcha anual por la vida \u201cS\u00ed a la Vida\u201d<\/strong> junto a todas las asociaciones provida el pr\u00f3ximo 10 de marzo.<\/p>\n<ul>\n<li><a href=\"https:\/\/enraizados.org\/ayudanos-a-llenar-espana-de-misas-por-la-vida\/\" target=\"_blank\" rel=\"noopener\">Pide una Misa por la Vida en tu Parroquia<\/a><\/li>\n<li><a href=\"https:\/\/enraizados.org\/firma-para-defender-y-apoyar-a-los-enfermos-de-ela\/\" target=\"_blank\" rel=\"noopener\">Petici\u00f3n para defender y apoyar a los enfermos de ELA<\/a><\/li>\n<li><a href=\"https:\/\/www.google.com\/maps\/d\/u\/0\/viewer?mid=1HejUvaZOIKnrMNRtv3N72vzGT9odo1k&amp;g_ep=CAESCjExLjExNi4xMDEYACDdYiobLDk0MjA3ODA4LDQ3MDc1OTE1LDQ3MDg0MzkzQgJFUw%3D%3D&amp;shorturl=1&amp;ll=35.97261910514229%2C-6.084271100000017&amp;z=5\" target=\"_blank\" rel=\"noopener\">Mapa: Misas por la Vida<\/a><\/li>\n<\/ul>\n","protected":false},"excerpt":{"rendered":"<p>Enraizados estrena marzo, el mes de la Vida, con el ambicioso proyecto de involucrar a todos los cat\u00f3licos en pedir a sus p\u00e1rrocos que oficien \u201cMisas por la Vida\u201d de forma recurrente<\/p>\n","protected":false},"author":123,"featured_media":95597,"comment_status":"closed","ping_status":"closed","sticky":false,"template":"","format":"standard","meta":{"_acf_changed":false,"_crdt_document":"","inline_featured_image":false,"footnotes":""},"categories":[74],"tags":[9132,13204,13270,4953],"class_list":["post-95595","post","type-post","status-publish","format-standard","has-post-thumbnail","hentry","category-iglesia-y-mundo","tag-enraizados","tag-marzo","tag-misa-por-la-vida","tag-trending-es"],"acf":[],"yoast_head":"<!-- This site is optimized with the Yoast SEO plugin v27.4 - https:\/\/yoast.com\/product\/yoast-seo-wordpress\/ -->\n<title>Un proyecto para \u201ciluminar\u201d Espa\u00f1a con \u201cMisas por la Vida\u201d desde el 1 de marzo &#8211; Exaudi<\/title>\n<meta name=\"robots\" content=\"index, follow, max-snippet:-1, max-image-preview:large, max-video-preview:-1\" \/>\n<link rel=\"canonical\" href=\"https:\/\/exaudi.org\/es\/misas-por-la-vida-1-marzo\/\" \/>\n<meta property=\"og:locale\" content=\"es_ES\" \/>\n<meta property=\"og:type\" content=\"article\" \/>\n<meta property=\"og:title\" content=\"Un proyecto para \u201ciluminar\u201d Espa\u00f1a con \u201cMisas por la Vida\u201d desde el 1 de marzo &#8211; Exaudi\" \/>\n<meta property=\"og:description\" content=\"Enraizados estrena marzo, el mes de la Vida, con el ambicioso proyecto de involucrar a todos los cat\u00f3licos en pedir a sus p\u00e1rrocos que oficien \u201cMisas por la Vida\u201d de forma recurrente\" \/>\n<meta property=\"og:url\" content=\"https:\/\/exaudi.org\/es\/misas-por-la-vida-1-marzo\/\" \/>\n<meta property=\"og:site_name\" content=\"Exaudi\" \/>\n<meta property=\"article:publisher\" content=\"https:\/\/www.facebook.com\/ExaudiNews\" \/>\n<meta property=\"article:author\" content=\"https:\/\/www.facebook.com\/asociacionenraizados\" \/>\n<meta property=\"article:published_time\" content=\"2024-03-01T08:33:28+00:00\" \/>\n<meta property=\"article:modified_time\" content=\"2024-03-01T08:35:12+00:00\" \/>\n<meta property=\"og:image\" content=\"https:\/\/exaudi.org\/wp-content\/uploads\/2024\/03\/pexels-mart-production-7219089-scaled.jpg\" \/>\n\t<meta property=\"og:image:width\" content=\"2560\" \/>\n\t<meta property=\"og:image:height\" content=\"1707\" \/>\n\t<meta property=\"og:image:type\" content=\"image\/jpeg\" \/>\n<meta name=\"author\" content=\"Enraizados\" \/>\n<meta name=\"twitter:card\" content=\"summary_large_image\" \/>\n<meta name=\"twitter:creator\" content=\"@https:\/\/twitter.com\/asocenraizados\/\" \/>\n<meta name=\"twitter:site\" content=\"@Exaudi_News\" \/>\n<meta name=\"twitter:label1\" content=\"Escrito por\" \/>\n\t<meta name=\"twitter:data1\" content=\"Enraizados\" \/>\n\t<meta name=\"twitter:label2\" content=\"Tiempo de lectura\" \/>\n\t<meta name=\"twitter:data2\" content=\"3 minutos\" \/>\n<script type=\"application\/ld+json\" class=\"yoast-schema-graph\">{\"@context\":\"https:\\\/\\\/schema.org\",\"@graph\":[{\"@type\":\"Article\",\"@id\":\"https:\\\/\\\/exaudi.org\\\/es\\\/misas-por-la-vida-1-marzo\\\/#article\",\"isPartOf\":{\"@id\":\"https:\\\/\\\/exaudi.org\\\/es\\\/misas-por-la-vida-1-marzo\\\/\"},\"author\":{\"name\":\"Enraizados\",\"@id\":\"https:\\\/\\\/exaudi.org\\\/#\\\/schema\\\/person\\\/20d66a3249df43321f92e55f42e42e4a\"},\"headline\":\"Un proyecto para \u201ciluminar\u201d Espa\u00f1a con \u201cMisas por la Vida\u201d desde el 1 de marzo\",\"datePublished\":\"2024-03-01T08:33:28+00:00\",\"dateModified\":\"2024-03-01T08:35:12+00:00\",\"mainEntityOfPage\":{\"@id\":\"https:\\\/\\\/exaudi.org\\\/es\\\/misas-por-la-vida-1-marzo\\\/\"},\"wordCount\":529,\"image\":{\"@id\":\"https:\\\/\\\/exaudi.org\\\/es\\\/misas-por-la-vida-1-marzo\\\/#primaryimage\"},\"thumbnailUrl\":\"https:\\\/\\\/exaudi.org\\\/wp-content\\\/uploads\\\/2024\\\/03\\\/pexels-mart-production-7219089-scaled.jpg\",\"keywords\":[\"Enraizados\",\"Marzo\",\"Misa por la vida\",\"Trending\"],\"articleSection\":[\"Iglesia y Mundo\"],\"inLanguage\":\"es\"},{\"@type\":\"WebPage\",\"@id\":\"https:\\\/\\\/exaudi.org\\\/es\\\/misas-por-la-vida-1-marzo\\\/\",\"url\":\"https:\\\/\\\/exaudi.org\\\/es\\\/misas-por-la-vida-1-marzo\\\/\",\"name\":\"Un proyecto para \u201ciluminar\u201d Espa\u00f1a con \u201cMisas por la Vida\u201d desde el 1 de marzo &#8211; Exaudi\",\"isPartOf\":{\"@id\":\"https:\\\/\\\/exaudi.org\\\/#website\"},\"primaryImageOfPage\":{\"@id\":\"https:\\\/\\\/exaudi.org\\\/es\\\/misas-por-la-vida-1-marzo\\\/#primaryimage\"},\"image\":{\"@id\":\"https:\\\/\\\/exaudi.org\\\/es\\\/misas-por-la-vida-1-marzo\\\/#primaryimage\"},\"thumbnailUrl\":\"https:\\\/\\\/exaudi.org\\\/wp-content\\\/uploads\\\/2024\\\/03\\\/pexels-mart-production-7219089-scaled.jpg\",\"datePublished\":\"2024-03-01T08:33:28+00:00\",\"dateModified\":\"2024-03-01T08:35:12+00:00\",\"author\":{\"@id\":\"https:\\\/\\\/exaudi.org\\\/#\\\/schema\\\/person\\\/20d66a3249df43321f92e55f42e42e4a\"},\"breadcrumb\":{\"@id\":\"https:\\\/\\\/exaudi.org\\\/es\\\/misas-por-la-vida-1-marzo\\\/#breadcrumb\"},\"inLanguage\":\"es\",\"potentialAction\":[{\"@type\":\"ReadAction\",\"target\":[\"https:\\\/\\\/exaudi.org\\\/es\\\/misas-por-la-vida-1-marzo\\\/\"]}]},{\"@type\":\"ImageObject\",\"inLanguage\":\"es\",\"@id\":\"https:\\\/\\\/exaudi.org\\\/es\\\/misas-por-la-vida-1-marzo\\\/#primaryimage\",\"url\":\"https:\\\/\\\/exaudi.org\\\/wp-content\\\/uploads\\\/2024\\\/03\\\/pexels-mart-production-7219089-scaled.jpg\",\"contentUrl\":\"https:\\\/\\\/exaudi.org\\\/wp-content\\\/uploads\\\/2024\\\/03\\\/pexels-mart-production-7219089-scaled.jpg\",\"width\":2560,\"height\":1707},{\"@type\":\"BreadcrumbList\",\"@id\":\"https:\\\/\\\/exaudi.org\\\/es\\\/misas-por-la-vida-1-marzo\\\/#breadcrumb\",\"itemListElement\":[{\"@type\":\"ListItem\",\"position\":1,\"name\":\"Portada\",\"item\":\"https:\\\/\\\/exaudi.org\\\/es\\\/\"},{\"@type\":\"ListItem\",\"position\":2,\"name\":\"Un proyecto para \u201ciluminar\u201d Espa\u00f1a con \u201cMisas por la Vida\u201d desde el 1 de marzo\"}]},{\"@type\":\"WebSite\",\"@id\":\"https:\\\/\\\/exaudi.org\\\/#website\",\"url\":\"https:\\\/\\\/exaudi.org\\\/\",\"name\":\"Exaudi\",\"description\":\"News\",\"potentialAction\":[{\"@type\":\"SearchAction\",\"target\":{\"@type\":\"EntryPoint\",\"urlTemplate\":\"https:\\\/\\\/exaudi.org\\\/?s={search_term_string}\"},\"query-input\":{\"@type\":\"PropertyValueSpecification\",\"valueRequired\":true,\"valueName\":\"search_term_string\"}}],\"inLanguage\":\"es\"},{\"@type\":\"Person\",\"@id\":\"https:\\\/\\\/exaudi.org\\\/#\\\/schema\\\/person\\\/20d66a3249df43321f92e55f42e42e4a\",\"name\":\"Enraizados\",\"image\":{\"@type\":\"ImageObject\",\"inLanguage\":\"es\",\"@id\":\"https:\\\/\\\/secure.gravatar.com\\\/avatar\\\/766befbb46a56201d09facd10f18b7d0b7764f075a7f94099d7102d86fc2f90b?s=96&d=mm&r=g\",\"url\":\"https:\\\/\\\/secure.gravatar.com\\\/avatar\\\/766befbb46a56201d09facd10f18b7d0b7764f075a7f94099d7102d86fc2f90b?s=96&d=mm&r=g\",\"contentUrl\":\"https:\\\/\\\/secure.gravatar.com\\\/avatar\\\/766befbb46a56201d09facd10f18b7d0b7764f075a7f94099d7102d86fc2f90b?s=96&d=mm&r=g\",\"caption\":\"Enraizados\"},\"description\":\"Trabajando desde 2012 por mejorar la sociedad en la que vivimos La Asociaci\u00f3n Enraizados en Cristo y en la Sociedad nace en el a\u00f1o 2012 con el objetivo de ser una voz cat\u00f3lica en la vida p\u00fablica, aportando una perspectiva cristiana a la visi\u00f3n de la vida y sus acontecimientos en la sociedad actual, tanto en Espa\u00f1a como en el Mundo.\",\"sameAs\":[\"https:\\\/\\\/enraizados.org\\\/\",\"https:\\\/\\\/www.facebook.com\\\/asociacionenraizados\",\"https:\\\/\\\/www.instagram.com\\\/asociacionenraizados\\\/\",\"https:\\\/\\\/x.com\\\/https:\\\/\\\/twitter.com\\\/asocenraizados\\\/\",\"https:\\\/\\\/www.youtube.com\\\/@AsociacionEnraizados\"],\"url\":\"https:\\\/\\\/exaudi.org\\\/es\\\/author\\\/enraizados\\\/\"}]}<\/script>\n<!-- \/ Yoast SEO plugin. -->","yoast_head_json":{"title":"Un proyecto para \u201ciluminar\u201d Espa\u00f1a con \u201cMisas por la Vida\u201d desde el 1 de marzo &#8211; Exaudi","robots":{"index":"index","follow":"follow","max-snippet":"max-snippet:-1","max-image-preview":"max-image-preview:large","max-video-preview":"max-video-preview:-1"},"canonical":"https:\/\/exaudi.org\/es\/misas-por-la-vida-1-marzo\/","og_locale":"es_ES","og_type":"article","og_title":"Un proyecto para \u201ciluminar\u201d Espa\u00f1a con \u201cMisas por la Vida\u201d desde el 1 de marzo &#8211; Exaudi","og_description":"Enraizados estrena marzo, el mes de la Vida, con el ambicioso proyecto de involucrar a todos los cat\u00f3licos en pedir a sus p\u00e1rrocos que oficien \u201cMisas por la Vida\u201d de forma recurrente","og_url":"https:\/\/exaudi.org\/es\/misas-por-la-vida-1-marzo\/","og_site_name":"Exaudi","article_publisher":"https:\/\/www.facebook.com\/ExaudiNews","article_author":"https:\/\/www.facebook.com\/asociacionenraizados","article_published_time":"2024-03-01T08:33:28+00:00","article_modified_time":"2024-03-01T08:35:12+00:00","og_image":[{"width":2560,"height":1707,"url":"https:\/\/exaudi.org\/wp-content\/uploads\/2024\/03\/pexels-mart-production-7219089-scaled.jpg","type":"image\/jpeg"}],"author":"Enraizados","twitter_card":"summary_large_image","twitter_creator":"@https:\/\/twitter.com\/asocenraizados\/","twitter_site":"@Exaudi_News","twitter_misc":{"Escrito por":"Enraizados","Tiempo de lectura":"3 minutos"},"schema":{"@context":"https:\/\/schema.org","@graph":[{"@type":"Article","@id":"https:\/\/exaudi.org\/es\/misas-por-la-vida-1-marzo\/#article","isPartOf":{"@id":"https:\/\/exaudi.org\/es\/misas-por-la-vida-1-marzo\/"},"author":{"name":"Enraizados","@id":"https:\/\/exaudi.org\/#\/schema\/person\/20d66a3249df43321f92e55f42e42e4a"},"headline":"Un proyecto para \u201ciluminar\u201d Espa\u00f1a con \u201cMisas por la Vida\u201d desde el 1 de marzo","datePublished":"2024-03-01T08:33:28+00:00","dateModified":"2024-03-01T08:35:12+00:00","mainEntityOfPage":{"@id":"https:\/\/exaudi.org\/es\/misas-por-la-vida-1-marzo\/"},"wordCount":529,"image":{"@id":"https:\/\/exaudi.org\/es\/misas-por-la-vida-1-marzo\/#primaryimage"},"thumbnailUrl":"https:\/\/exaudi.org\/wp-content\/uploads\/2024\/03\/pexels-mart-production-7219089-scaled.jpg","keywords":["Enraizados","Marzo","Misa por la vida","Trending"],"articleSection":["Iglesia y Mundo"],"inLanguage":"es"},{"@type":"WebPage","@id":"https:\/\/exaudi.org\/es\/misas-por-la-vida-1-marzo\/","url":"https:\/\/exaudi.org\/es\/misas-por-la-vida-1-marzo\/","name":"Un proyecto para \u201ciluminar\u201d Espa\u00f1a con \u201cMisas por la Vida\u201d desde el 1 de marzo &#8211; Exaudi","isPartOf":{"@id":"https:\/\/exaudi.org\/#website"},"primaryImageOfPage":{"@id":"https:\/\/exaudi.org\/es\/misas-por-la-vida-1-marzo\/#primaryimage"},"image":{"@id":"https:\/\/exaudi.org\/es\/misas-por-la-vida-1-marzo\/#primaryimage"},"thumbnailUrl":"https:\/\/exaudi.org\/wp-content\/uploads\/2024\/03\/pexels-mart-production-7219089-scaled.jpg","datePublished":"2024-03-01T08:33:28+00:00","dateModified":"2024-03-01T08:35:12+00:00","author":{"@id":"https:\/\/exaudi.org\/#\/schema\/person\/20d66a3249df43321f92e55f42e42e4a"},"breadcrumb":{"@id":"https:\/\/exaudi.org\/es\/misas-por-la-vida-1-marzo\/#breadcrumb"},"inLanguage":"es","potentialAction":[{"@type":"ReadAction","target":["https:\/\/exaudi.org\/es\/misas-por-la-vida-1-marzo\/"]}]},{"@type":"ImageObject","inLanguage":"es","@id":"https:\/\/exaudi.org\/es\/misas-por-la-vida-1-marzo\/#primaryimage","url":"https:\/\/exaudi.org\/wp-content\/uploads\/2024\/03\/pexels-mart-production-7219089-scaled.jpg","contentUrl":"https:\/\/exaudi.org\/wp-content\/uploads\/2024\/03\/pexels-mart-production-7219089-scaled.jpg","width":2560,"height":1707},{"@type":"BreadcrumbList","@id":"https:\/\/exaudi.org\/es\/misas-por-la-vida-1-marzo\/#breadcrumb","itemListElement":[{"@type":"ListItem","position":1,"name":"Portada","item":"https:\/\/exaudi.org\/es\/"},{"@type":"ListItem","position":2,"name":"Un proyecto para \u201ciluminar\u201d Espa\u00f1a con \u201cMisas por la Vida\u201d desde el 1 de marzo"}]},{"@type":"WebSite","@id":"https:\/\/exaudi.org\/#website","url":"https:\/\/exaudi.org\/","name":"Exaudi","description":"News","potentialAction":[{"@type":"SearchAction","target":{"@type":"EntryPoint","urlTemplate":"https:\/\/exaudi.org\/?s={search_term_string}"},"query-input":{"@type":"PropertyValueSpecification","valueRequired":true,"valueName":"search_term_string"}}],"inLanguage":"es"},{"@type":"Person","@id":"https:\/\/exaudi.org\/#\/schema\/person\/20d66a3249df43321f92e55f42e42e4a","name":"Enraizados","image":{"@type":"ImageObject","inLanguage":"es","@id":"https:\/\/secure.gravatar.com\/avatar\/766befbb46a56201d09facd10f18b7d0b7764f075a7f94099d7102d86fc2f90b?s=96&d=mm&r=g","url":"https:\/\/secure.gravatar.com\/avatar\/766befbb46a56201d09facd10f18b7d0b7764f075a7f94099d7102d86fc2f90b?s=96&d=mm&r=g","contentUrl":"https:\/\/secure.gravatar.com\/avatar\/766befbb46a56201d09facd10f18b7d0b7764f075a7f94099d7102d86fc2f90b?s=96&d=mm&r=g","caption":"Enraizados"},"description":"Trabajando desde 2012 por mejorar la sociedad en la que vivimos La Asociaci\u00f3n Enraizados en Cristo y en la Sociedad nace en el a\u00f1o 2012 con el objetivo de ser una voz cat\u00f3lica en la vida p\u00fablica, aportando una perspectiva cristiana a la visi\u00f3n de la vida y sus acontecimientos en la sociedad actual, tanto en Espa\u00f1a como en el Mundo.","sameAs":["https:\/\/enraizados.org\/","https:\/\/www.facebook.com\/asociacionenraizados","https:\/\/www.instagram.com\/asociacionenraizados\/","https:\/\/x.com\/https:\/\/twitter.com\/asocenraizados\/","https:\/\/www.youtube.com\/@AsociacionEnraizados"],"url":"https:\/\/exaudi.org\/es\/author\/enraizados\/"}]}},"jetpack_featured_media_url":"https:\/\/exaudi.org\/wp-content\/uploads\/2024\/03\/pexels-mart-production-7219089-scaled.jpg","jetpack_shortlink":"https:\/\/wp.me\/pgKjF2-oRR","_links":{"self":[{"href":"https:\/\/exaudi.org\/es\/wp-json\/wp\/v2\/posts\/95595","targetHints":{"allow":["GET"]}}],"collection":[{"href":"https:\/\/exaudi.org\/es\/wp-json\/wp\/v2\/posts"}],"about":[{"href":"https:\/\/exaudi.org\/es\/wp-json\/wp\/v2\/types\/post"}],"author":[{"embeddable":true,"href":"https:\/\/exaudi.org\/es\/wp-json\/wp\/v2\/users\/123"}],"replies":[{"embeddable":true,"href":"https:\/\/exaudi.org\/es\/wp-json\/wp\/v2\/comments?post=95595"}],"version-history":[{"count":0,"href":"https:\/\/exaudi.org\/es\/wp-json\/wp\/v2\/posts\/95595\/revisions"}],"wp:featuredmedia":[{"embeddable":true,"href":"https:\/\/exaudi.org\/es\/wp-json\/wp\/v2\/media\/95597"}],"wp:attachment":[{"href":"https:\/\/exaudi.org\/es\/wp-json\/wp\/v2\/media?parent=95595"}],"wp:term":[{"taxonomy":"category","embeddable":true,"href":"https:\/\/exaudi.org\/es\/wp-json\/wp\/v2\/categories?post=95595"},{"taxonomy":"post_tag","embeddable":true,"href":"https:\/\/exaudi.org\/es\/wp-json\/wp\/v2\/tags?post=95595"}],"curies":[{"name":"wp","href":"https:\/\/api.w.org\/{rel}","templated":true}]}}