{"id":95591,"date":"2024-03-01T09:18:40","date_gmt":"2024-03-01T08:18:40","guid":{"rendered":"https:\/\/exaudi.org\/?p=95591"},"modified":"2024-03-01T09:18:40","modified_gmt":"2024-03-01T08:18:40","slug":"mujer-familia-y-sociedad-explorando-caminos-de-transformacion","status":"publish","type":"post","link":"https:\/\/exaudi.org\/es\/mujer-familia-y-sociedad-explorando-caminos-de-transformacion\/","title":{"rendered":"\u00abMujer, Familia y Sociedad: Explorando Caminos de Transformaci\u00f3n\u00bb"},"content":{"rendered":"<p>Tras el \u00e9xito rotundo del primer encuentro internacional de Mujeres L\u00edderes Cat\u00f3licas celebrado a principios de este a\u00f1o, la Academia Internacional de L\u00edderes Cat\u00f3licos, en colaboraci\u00f3n con la Red Internacional de Mujeres L\u00edderes Cat\u00f3licas, la Federaci\u00f3n Internacional de Universidades Cat\u00f3licas y la Fundaci\u00f3n Universitaria Cat\u00f3lica del Sur de Colombia, presentan el III Seminario Internacional de la Mujer: \u00abMujer, Familia y Sociedad: Explorando Caminos de Transformaci\u00f3n\u00bb. Este evento tiene como objetivo principal examinar los diversos aspectos que enfrentan las mujeres en el contexto actual, explorando a la vez caminos concretos para la transformaci\u00f3n social y la construcci\u00f3n de un futuro m\u00e1s justo e igualitario.<\/p>\n<p>Jos\u00e9 Antonio Rosas, director general de la Academia de L\u00edderes Cat\u00f3licos, expres\u00f3 su entusiasmo por el papel destacado que la red de mujeres ha desempe\u00f1ado en la promoci\u00f3n de estos encuentros: <strong><em>\u00abLa creaci\u00f3n de la Red ha sido un motor clave para nuestra Academia, impulsando el papel crucial de la mujer tanto en la Iglesia como en la sociedad. Estamos gratamente satisfechos de ver c\u00f3mo esta iniciativa liderada por mujeres est\u00e1 marcando la pauta hacia un nuevo feminismo que busca generar cambios tangibles y concienciar a la sociedad\u00bb.<\/em><\/strong><\/p>\n<p>Por su parte, Sof\u00eda Mejide, secretaria ejecutiva de la red, enfatiz\u00f3 la importancia de esta tercera edici\u00f3n: <strong><em>\u00abEn este tercer seminario, nuestro objetivo es ofrecer soluciones concretas a los desaf\u00edos que enfrenta la mujer en la actualidad. Abordaremos temas cruciales como la mujer en la familia y la sociedad, explorando nuevas perspectivas en \u00e1reas como migraci\u00f3n, aborto, violencia y liderazgo. Adem\u00e1s, contaremos con testimonios inspiradores de mujeres destacadas en campos como la salud y el emprendimiento, \u00e1reas que est\u00e1n cobrando cada vez m\u00e1s relevancia en nuestros tiempos\u00bb.<\/em><\/strong><\/p>\n<p>Entre los distinguidos expertos que formar\u00e1n parte del cuerpo docente se destacan: Alejandra Segura, presidenta de la Red Internacional de Mujeres L\u00edderes Cat\u00f3licas; Karina Ordo\u00f1ez, doctora en bio\u00e9tica por el Pontificio Ateneo Regina Apostolorum; Raquel Vargas, quien posee una maestr\u00eda en ciencias de la familia de la Universidad An\u00e1huac; Graciela Ramos, reconocida por su labor en la lucha contra la violencia de g\u00e9nero; Paola Binetti, senadora italiana; Sonia G\u00f3mez, destacada rectora de la Fundaci\u00f3n Universitaria Cat\u00f3lica del Sur; Marcela Chavarr\u00eda Olarte, doctora en Ciencias de la Educaci\u00f3n por la Universidad de Navarra; y Emma Guerra, presidenta de la Academia Nacional de Medicina, Cap\u00edtulo Nari\u00f1o.<\/p>\n<p>Los interesados en participar en este evento o en obtener m\u00e1s informaci\u00f3n sobre la Red Internacional de Mujeres L\u00edderes Cat\u00f3licas pueden hacerlo visitando el <a href=\"http:\/\/www.liderescatolicos.net\/mujeres3\/postulaciones\/\" target=\"_blank\" rel=\"noopener\">sitio web<\/a>\u00a0 o contactando por <a href=\"mujeres@liderescatolicos.net\" target=\"_blank\" rel=\"noopener\">correo electr\u00f3nico<\/a>.<\/p>\n<p>La Red Internacional de Mujeres L\u00edderes Cat\u00f3licas es parte de la Academia Internacional de L\u00edderes Cat\u00f3licos, un centro de formaci\u00f3n internacional en Doctrina Social de la Iglesia con presencia en 40 di\u00f3cesis de 13 pa\u00edses, incluyendo Chile, Brasil, Per\u00fa, Uruguay, Paraguay, Ecuador, Colombia, Venezuela, Rep\u00fablica Dominicana, Costa Rica, M\u00e9xico, Estados Unidos y Espa\u00f1a. Hasta la fecha, ha formado a m\u00e1s de 35 mil exalumnos a trav\u00e9s de programas tanto presenciales como virtuales.<\/p>\n<p><img loading=\"lazy\" decoding=\"async\" class=\"size-full wp-image-95592 alignnone\" src=\"https:\/\/exaudi.org\/wp-content\/uploads\/2024\/03\/feed-instagram-Flyer-III-SEMINARIO-INTERNACIONAL-DE-LA-MUJER-01.png\" alt=\"\" width=\"1081\" height=\"1081\" srcset=\"https:\/\/exaudi.org\/wp-content\/uploads\/2024\/03\/feed-instagram-Flyer-III-SEMINARIO-INTERNACIONAL-DE-LA-MUJER-01.png 1081w, https:\/\/exaudi.org\/wp-content\/uploads\/2024\/03\/feed-instagram-Flyer-III-SEMINARIO-INTERNACIONAL-DE-LA-MUJER-01-300x300.png 300w, https:\/\/exaudi.org\/wp-content\/uploads\/2024\/03\/feed-instagram-Flyer-III-SEMINARIO-INTERNACIONAL-DE-LA-MUJER-01-1024x1024.png 1024w, https:\/\/exaudi.org\/wp-content\/uploads\/2024\/03\/feed-instagram-Flyer-III-SEMINARIO-INTERNACIONAL-DE-LA-MUJER-01-100x100.png?crop=1 100w, https:\/\/exaudi.org\/wp-content\/uploads\/2024\/03\/feed-instagram-Flyer-III-SEMINARIO-INTERNACIONAL-DE-LA-MUJER-01-770x770.png 770w, https:\/\/exaudi.org\/wp-content\/uploads\/2024\/03\/feed-instagram-Flyer-III-SEMINARIO-INTERNACIONAL-DE-LA-MUJER-01-500x500.png 500w, https:\/\/exaudi.org\/wp-content\/uploads\/2024\/03\/feed-instagram-Flyer-III-SEMINARIO-INTERNACIONAL-DE-LA-MUJER-01-293x293.png 293w, https:\/\/exaudi.org\/wp-content\/uploads\/2024\/03\/feed-instagram-Flyer-III-SEMINARIO-INTERNACIONAL-DE-LA-MUJER-01-390x390.png 390w, https:\/\/exaudi.org\/wp-content\/uploads\/2024\/03\/feed-instagram-Flyer-III-SEMINARIO-INTERNACIONAL-DE-LA-MUJER-01-585x585.png 585w, https:\/\/exaudi.org\/wp-content\/uploads\/2024\/03\/feed-instagram-Flyer-III-SEMINARIO-INTERNACIONAL-DE-LA-MUJER-01-900x900.png 900w\" sizes=\"auto, (max-width: 1081px) 100vw, 1081px\" \/><\/p>\n","protected":false},"excerpt":{"rendered":"<p>La Academia de L\u00edderes Cat\u00f3licos anuncia el tercer seminario internacional de la Mujer: Del 9 al 30 de marzo<\/p>\n","protected":false},"author":107,"featured_media":95592,"comment_status":"closed","ping_status":"closed","sticky":false,"template":"","format":"standard","meta":{"_acf_changed":false,"_crdt_document":"","inline_featured_image":false,"footnotes":""},"categories":[74],"tags":[765,4049,2423,4953],"class_list":["post-95591","post","type-post","status-publish","format-standard","has-post-thumbnail","hentry","category-iglesia-y-mundo","tag-academia-de-lideres-catolicos","tag-mujer-es","tag-seminario","tag-trending-es"],"acf":[],"yoast_head":"<!-- This site is optimized with the Yoast SEO plugin v27.4 - https:\/\/yoast.com\/product\/yoast-seo-wordpress\/ -->\n<title>&quot;Mujer, Familia y Sociedad: Explorando Caminos de Transformaci\u00f3n&quot; &#8211; Exaudi<\/title>\n<meta name=\"robots\" content=\"index, follow, max-snippet:-1, max-image-preview:large, max-video-preview:-1\" \/>\n<link rel=\"canonical\" href=\"https:\/\/exaudi.org\/es\/mujer-familia-y-sociedad-explorando-caminos-de-transformacion\/\" \/>\n<meta property=\"og:locale\" content=\"es_ES\" \/>\n<meta property=\"og:type\" content=\"article\" \/>\n<meta property=\"og:title\" content=\"&quot;Mujer, Familia y Sociedad: Explorando Caminos de Transformaci\u00f3n&quot; &#8211; Exaudi\" \/>\n<meta property=\"og:description\" content=\"La Academia de L\u00edderes Cat\u00f3licos anuncia el tercer seminario internacional de la Mujer: Del 9 al 30 de marzo\" \/>\n<meta property=\"og:url\" content=\"https:\/\/exaudi.org\/es\/mujer-familia-y-sociedad-explorando-caminos-de-transformacion\/\" \/>\n<meta property=\"og:site_name\" content=\"Exaudi\" \/>\n<meta property=\"article:publisher\" content=\"https:\/\/www.facebook.com\/ExaudiNews\" \/>\n<meta property=\"article:published_time\" content=\"2024-03-01T08:18:40+00:00\" \/>\n<meta property=\"og:image\" content=\"https:\/\/exaudi.org\/wp-content\/uploads\/2024\/03\/feed-instagram-Flyer-III-SEMINARIO-INTERNACIONAL-DE-LA-MUJER-01.png\" \/>\n\t<meta property=\"og:image:width\" content=\"1081\" \/>\n\t<meta property=\"og:image:height\" content=\"1081\" \/>\n\t<meta property=\"og:image:type\" content=\"image\/png\" \/>\n<meta name=\"author\" content=\"Academia de L\u00edderes Cat\u00f3licos\" \/>\n<meta name=\"twitter:card\" content=\"summary_large_image\" \/>\n<meta name=\"twitter:creator\" content=\"@Exaudi_News\" \/>\n<meta name=\"twitter:site\" content=\"@Exaudi_News\" \/>\n<meta name=\"twitter:label1\" content=\"Escrito por\" \/>\n\t<meta name=\"twitter:data1\" content=\"Academia de L\u00edderes Cat\u00f3licos\" \/>\n\t<meta name=\"twitter:label2\" content=\"Tiempo de lectura\" \/>\n\t<meta name=\"twitter:data2\" content=\"3 minutos\" \/>\n<script type=\"application\/ld+json\" class=\"yoast-schema-graph\">{\"@context\":\"https:\\\/\\\/schema.org\",\"@graph\":[{\"@type\":\"Article\",\"@id\":\"https:\\\/\\\/exaudi.org\\\/es\\\/mujer-familia-y-sociedad-explorando-caminos-de-transformacion\\\/#article\",\"isPartOf\":{\"@id\":\"https:\\\/\\\/exaudi.org\\\/es\\\/mujer-familia-y-sociedad-explorando-caminos-de-transformacion\\\/\"},\"author\":{\"name\":\"Academia de L\u00edderes Cat\u00f3licos\",\"@id\":\"https:\\\/\\\/exaudi.org\\\/#\\\/schema\\\/person\\\/334968a332d5dad9f94e08897852c6af\"},\"headline\":\"\u00abMujer, Familia y Sociedad: Explorando Caminos de Transformaci\u00f3n\u00bb\",\"datePublished\":\"2024-03-01T08:18:40+00:00\",\"mainEntityOfPage\":{\"@id\":\"https:\\\/\\\/exaudi.org\\\/es\\\/mujer-familia-y-sociedad-explorando-caminos-de-transformacion\\\/\"},\"wordCount\":552,\"image\":{\"@id\":\"https:\\\/\\\/exaudi.org\\\/es\\\/mujer-familia-y-sociedad-explorando-caminos-de-transformacion\\\/#primaryimage\"},\"thumbnailUrl\":\"https:\\\/\\\/exaudi.org\\\/wp-content\\\/uploads\\\/2024\\\/03\\\/feed-instagram-Flyer-III-SEMINARIO-INTERNACIONAL-DE-LA-MUJER-01.png\",\"keywords\":[\"Academia de L\u00edderes Cat\u00f3licos\",\"Mujer\",\"Seminario\",\"Trending\"],\"articleSection\":[\"Iglesia y Mundo\"],\"inLanguage\":\"es\"},{\"@type\":\"WebPage\",\"@id\":\"https:\\\/\\\/exaudi.org\\\/es\\\/mujer-familia-y-sociedad-explorando-caminos-de-transformacion\\\/\",\"url\":\"https:\\\/\\\/exaudi.org\\\/es\\\/mujer-familia-y-sociedad-explorando-caminos-de-transformacion\\\/\",\"name\":\"\\\"Mujer, Familia y Sociedad: Explorando Caminos de Transformaci\u00f3n\\\" &#8211; Exaudi\",\"isPartOf\":{\"@id\":\"https:\\\/\\\/exaudi.org\\\/#website\"},\"primaryImageOfPage\":{\"@id\":\"https:\\\/\\\/exaudi.org\\\/es\\\/mujer-familia-y-sociedad-explorando-caminos-de-transformacion\\\/#primaryimage\"},\"image\":{\"@id\":\"https:\\\/\\\/exaudi.org\\\/es\\\/mujer-familia-y-sociedad-explorando-caminos-de-transformacion\\\/#primaryimage\"},\"thumbnailUrl\":\"https:\\\/\\\/exaudi.org\\\/wp-content\\\/uploads\\\/2024\\\/03\\\/feed-instagram-Flyer-III-SEMINARIO-INTERNACIONAL-DE-LA-MUJER-01.png\",\"datePublished\":\"2024-03-01T08:18:40+00:00\",\"author\":{\"@id\":\"https:\\\/\\\/exaudi.org\\\/#\\\/schema\\\/person\\\/334968a332d5dad9f94e08897852c6af\"},\"breadcrumb\":{\"@id\":\"https:\\\/\\\/exaudi.org\\\/es\\\/mujer-familia-y-sociedad-explorando-caminos-de-transformacion\\\/#breadcrumb\"},\"inLanguage\":\"es\",\"potentialAction\":[{\"@type\":\"ReadAction\",\"target\":[\"https:\\\/\\\/exaudi.org\\\/es\\\/mujer-familia-y-sociedad-explorando-caminos-de-transformacion\\\/\"]}]},{\"@type\":\"ImageObject\",\"inLanguage\":\"es\",\"@id\":\"https:\\\/\\\/exaudi.org\\\/es\\\/mujer-familia-y-sociedad-explorando-caminos-de-transformacion\\\/#primaryimage\",\"url\":\"https:\\\/\\\/exaudi.org\\\/wp-content\\\/uploads\\\/2024\\\/03\\\/feed-instagram-Flyer-III-SEMINARIO-INTERNACIONAL-DE-LA-MUJER-01.png\",\"contentUrl\":\"https:\\\/\\\/exaudi.org\\\/wp-content\\\/uploads\\\/2024\\\/03\\\/feed-instagram-Flyer-III-SEMINARIO-INTERNACIONAL-DE-LA-MUJER-01.png\",\"width\":1081,\"height\":1081},{\"@type\":\"BreadcrumbList\",\"@id\":\"https:\\\/\\\/exaudi.org\\\/es\\\/mujer-familia-y-sociedad-explorando-caminos-de-transformacion\\\/#breadcrumb\",\"itemListElement\":[{\"@type\":\"ListItem\",\"position\":1,\"name\":\"Portada\",\"item\":\"https:\\\/\\\/exaudi.org\\\/es\\\/\"},{\"@type\":\"ListItem\",\"position\":2,\"name\":\"\u00abMujer, Familia y Sociedad: Explorando Caminos de Transformaci\u00f3n\u00bb\"}]},{\"@type\":\"WebSite\",\"@id\":\"https:\\\/\\\/exaudi.org\\\/#website\",\"url\":\"https:\\\/\\\/exaudi.org\\\/\",\"name\":\"Exaudi\",\"description\":\"News\",\"potentialAction\":[{\"@type\":\"SearchAction\",\"target\":{\"@type\":\"EntryPoint\",\"urlTemplate\":\"https:\\\/\\\/exaudi.org\\\/?s={search_term_string}\"},\"query-input\":{\"@type\":\"PropertyValueSpecification\",\"valueRequired\":true,\"valueName\":\"search_term_string\"}}],\"inLanguage\":\"es\"},{\"@type\":\"Person\",\"@id\":\"https:\\\/\\\/exaudi.org\\\/#\\\/schema\\\/person\\\/334968a332d5dad9f94e08897852c6af\",\"name\":\"Academia de L\u00edderes Cat\u00f3licos\",\"image\":{\"@type\":\"ImageObject\",\"inLanguage\":\"es\",\"@id\":\"https:\\\/\\\/secure.gravatar.com\\\/avatar\\\/80d80b1e34d8fa01f6b95d10e695853ca4ea7e054050e21ad1a15d546d4600ca?s=96&d=mm&r=g\",\"url\":\"https:\\\/\\\/secure.gravatar.com\\\/avatar\\\/80d80b1e34d8fa01f6b95d10e695853ca4ea7e054050e21ad1a15d546d4600ca?s=96&d=mm&r=g\",\"contentUrl\":\"https:\\\/\\\/secure.gravatar.com\\\/avatar\\\/80d80b1e34d8fa01f6b95d10e695853ca4ea7e054050e21ad1a15d546d4600ca?s=96&d=mm&r=g\",\"caption\":\"Academia de L\u00edderes Cat\u00f3licos\"},\"description\":\"Es una fundaci\u00f3n de derecho privado sin fines de lucro que busca formar cat\u00f3licos que a partir de la experiencia cristiana desarrollen su vocaci\u00f3n pol\u00edtica con la ayuda de la Doctrina Social de la Iglesia. La Academia Latinoamericana de L\u00edderes Cat\u00f3licos tiene como misi\u00f3n, formar l\u00edderes desde una perspectiva cat\u00f3lica, arraigados en la fe de la Iglesia, para transformar el mundo social, pol\u00edtico y econ\u00f3mico a la luz de la Doctrina Social de la Iglesia. Formar una nueva generaci\u00f3n de cat\u00f3licos latinoamericanos con responsabilidades pol\u00edticas y sociales para que transformen el rostro del continente al servicio de sus pueblos, a la luz del Magisterio de la Iglesia y de cara a los Jubileos del V Centenario Guadalupano y de los dos mil a\u00f1os de la redenci\u00f3n.\",\"sameAs\":[\"https:\\\/\\\/liderescatolicos.net\\\/\",\"https:\\\/\\\/www.youtube.com\\\/c\\\/LderesCatlicos\"],\"url\":\"https:\\\/\\\/exaudi.org\\\/es\\\/author\\\/academia-de-lideres-catolicos\\\/\"}]}<\/script>\n<!-- \/ Yoast SEO plugin. -->","yoast_head_json":{"title":"\"Mujer, Familia y Sociedad: Explorando Caminos de Transformaci\u00f3n\" &#8211; Exaudi","robots":{"index":"index","follow":"follow","max-snippet":"max-snippet:-1","max-image-preview":"max-image-preview:large","max-video-preview":"max-video-preview:-1"},"canonical":"https:\/\/exaudi.org\/es\/mujer-familia-y-sociedad-explorando-caminos-de-transformacion\/","og_locale":"es_ES","og_type":"article","og_title":"\"Mujer, Familia y Sociedad: Explorando Caminos de Transformaci\u00f3n\" &#8211; Exaudi","og_description":"La Academia de L\u00edderes Cat\u00f3licos anuncia el tercer seminario internacional de la Mujer: Del 9 al 30 de marzo","og_url":"https:\/\/exaudi.org\/es\/mujer-familia-y-sociedad-explorando-caminos-de-transformacion\/","og_site_name":"Exaudi","article_publisher":"https:\/\/www.facebook.com\/ExaudiNews","article_published_time":"2024-03-01T08:18:40+00:00","og_image":[{"width":1081,"height":1081,"url":"https:\/\/exaudi.org\/wp-content\/uploads\/2024\/03\/feed-instagram-Flyer-III-SEMINARIO-INTERNACIONAL-DE-LA-MUJER-01.png","type":"image\/png"}],"author":"Academia de L\u00edderes Cat\u00f3licos","twitter_card":"summary_large_image","twitter_creator":"@Exaudi_News","twitter_site":"@Exaudi_News","twitter_misc":{"Escrito por":"Academia de L\u00edderes Cat\u00f3licos","Tiempo de lectura":"3 minutos"},"schema":{"@context":"https:\/\/schema.org","@graph":[{"@type":"Article","@id":"https:\/\/exaudi.org\/es\/mujer-familia-y-sociedad-explorando-caminos-de-transformacion\/#article","isPartOf":{"@id":"https:\/\/exaudi.org\/es\/mujer-familia-y-sociedad-explorando-caminos-de-transformacion\/"},"author":{"name":"Academia de L\u00edderes Cat\u00f3licos","@id":"https:\/\/exaudi.org\/#\/schema\/person\/334968a332d5dad9f94e08897852c6af"},"headline":"\u00abMujer, Familia y Sociedad: Explorando Caminos de Transformaci\u00f3n\u00bb","datePublished":"2024-03-01T08:18:40+00:00","mainEntityOfPage":{"@id":"https:\/\/exaudi.org\/es\/mujer-familia-y-sociedad-explorando-caminos-de-transformacion\/"},"wordCount":552,"image":{"@id":"https:\/\/exaudi.org\/es\/mujer-familia-y-sociedad-explorando-caminos-de-transformacion\/#primaryimage"},"thumbnailUrl":"https:\/\/exaudi.org\/wp-content\/uploads\/2024\/03\/feed-instagram-Flyer-III-SEMINARIO-INTERNACIONAL-DE-LA-MUJER-01.png","keywords":["Academia de L\u00edderes Cat\u00f3licos","Mujer","Seminario","Trending"],"articleSection":["Iglesia y Mundo"],"inLanguage":"es"},{"@type":"WebPage","@id":"https:\/\/exaudi.org\/es\/mujer-familia-y-sociedad-explorando-caminos-de-transformacion\/","url":"https:\/\/exaudi.org\/es\/mujer-familia-y-sociedad-explorando-caminos-de-transformacion\/","name":"\"Mujer, Familia y Sociedad: Explorando Caminos de Transformaci\u00f3n\" &#8211; Exaudi","isPartOf":{"@id":"https:\/\/exaudi.org\/#website"},"primaryImageOfPage":{"@id":"https:\/\/exaudi.org\/es\/mujer-familia-y-sociedad-explorando-caminos-de-transformacion\/#primaryimage"},"image":{"@id":"https:\/\/exaudi.org\/es\/mujer-familia-y-sociedad-explorando-caminos-de-transformacion\/#primaryimage"},"thumbnailUrl":"https:\/\/exaudi.org\/wp-content\/uploads\/2024\/03\/feed-instagram-Flyer-III-SEMINARIO-INTERNACIONAL-DE-LA-MUJER-01.png","datePublished":"2024-03-01T08:18:40+00:00","author":{"@id":"https:\/\/exaudi.org\/#\/schema\/person\/334968a332d5dad9f94e08897852c6af"},"breadcrumb":{"@id":"https:\/\/exaudi.org\/es\/mujer-familia-y-sociedad-explorando-caminos-de-transformacion\/#breadcrumb"},"inLanguage":"es","potentialAction":[{"@type":"ReadAction","target":["https:\/\/exaudi.org\/es\/mujer-familia-y-sociedad-explorando-caminos-de-transformacion\/"]}]},{"@type":"ImageObject","inLanguage":"es","@id":"https:\/\/exaudi.org\/es\/mujer-familia-y-sociedad-explorando-caminos-de-transformacion\/#primaryimage","url":"https:\/\/exaudi.org\/wp-content\/uploads\/2024\/03\/feed-instagram-Flyer-III-SEMINARIO-INTERNACIONAL-DE-LA-MUJER-01.png","contentUrl":"https:\/\/exaudi.org\/wp-content\/uploads\/2024\/03\/feed-instagram-Flyer-III-SEMINARIO-INTERNACIONAL-DE-LA-MUJER-01.png","width":1081,"height":1081},{"@type":"BreadcrumbList","@id":"https:\/\/exaudi.org\/es\/mujer-familia-y-sociedad-explorando-caminos-de-transformacion\/#breadcrumb","itemListElement":[{"@type":"ListItem","position":1,"name":"Portada","item":"https:\/\/exaudi.org\/es\/"},{"@type":"ListItem","position":2,"name":"\u00abMujer, Familia y Sociedad: Explorando Caminos de Transformaci\u00f3n\u00bb"}]},{"@type":"WebSite","@id":"https:\/\/exaudi.org\/#website","url":"https:\/\/exaudi.org\/","name":"Exaudi","description":"News","potentialAction":[{"@type":"SearchAction","target":{"@type":"EntryPoint","urlTemplate":"https:\/\/exaudi.org\/?s={search_term_string}"},"query-input":{"@type":"PropertyValueSpecification","valueRequired":true,"valueName":"search_term_string"}}],"inLanguage":"es"},{"@type":"Person","@id":"https:\/\/exaudi.org\/#\/schema\/person\/334968a332d5dad9f94e08897852c6af","name":"Academia de L\u00edderes Cat\u00f3licos","image":{"@type":"ImageObject","inLanguage":"es","@id":"https:\/\/secure.gravatar.com\/avatar\/80d80b1e34d8fa01f6b95d10e695853ca4ea7e054050e21ad1a15d546d4600ca?s=96&d=mm&r=g","url":"https:\/\/secure.gravatar.com\/avatar\/80d80b1e34d8fa01f6b95d10e695853ca4ea7e054050e21ad1a15d546d4600ca?s=96&d=mm&r=g","contentUrl":"https:\/\/secure.gravatar.com\/avatar\/80d80b1e34d8fa01f6b95d10e695853ca4ea7e054050e21ad1a15d546d4600ca?s=96&d=mm&r=g","caption":"Academia de L\u00edderes Cat\u00f3licos"},"description":"Es una fundaci\u00f3n de derecho privado sin fines de lucro que busca formar cat\u00f3licos que a partir de la experiencia cristiana desarrollen su vocaci\u00f3n pol\u00edtica con la ayuda de la Doctrina Social de la Iglesia. La Academia Latinoamericana de L\u00edderes Cat\u00f3licos tiene como misi\u00f3n, formar l\u00edderes desde una perspectiva cat\u00f3lica, arraigados en la fe de la Iglesia, para transformar el mundo social, pol\u00edtico y econ\u00f3mico a la luz de la Doctrina Social de la Iglesia. Formar una nueva generaci\u00f3n de cat\u00f3licos latinoamericanos con responsabilidades pol\u00edticas y sociales para que transformen el rostro del continente al servicio de sus pueblos, a la luz del Magisterio de la Iglesia y de cara a los Jubileos del V Centenario Guadalupano y de los dos mil a\u00f1os de la redenci\u00f3n.","sameAs":["https:\/\/liderescatolicos.net\/","https:\/\/www.youtube.com\/c\/LderesCatlicos"],"url":"https:\/\/exaudi.org\/es\/author\/academia-de-lideres-catolicos\/"}]}},"jetpack_featured_media_url":"https:\/\/exaudi.org\/wp-content\/uploads\/2024\/03\/feed-instagram-Flyer-III-SEMINARIO-INTERNACIONAL-DE-LA-MUJER-01.png","jetpack_shortlink":"https:\/\/wp.me\/pgKjF2-oRN","_links":{"self":[{"href":"https:\/\/exaudi.org\/es\/wp-json\/wp\/v2\/posts\/95591","targetHints":{"allow":["GET"]}}],"collection":[{"href":"https:\/\/exaudi.org\/es\/wp-json\/wp\/v2\/posts"}],"about":[{"href":"https:\/\/exaudi.org\/es\/wp-json\/wp\/v2\/types\/post"}],"author":[{"embeddable":true,"href":"https:\/\/exaudi.org\/es\/wp-json\/wp\/v2\/users\/107"}],"replies":[{"embeddable":true,"href":"https:\/\/exaudi.org\/es\/wp-json\/wp\/v2\/comments?post=95591"}],"version-history":[{"count":0,"href":"https:\/\/exaudi.org\/es\/wp-json\/wp\/v2\/posts\/95591\/revisions"}],"wp:featuredmedia":[{"embeddable":true,"href":"https:\/\/exaudi.org\/es\/wp-json\/wp\/v2\/media\/95592"}],"wp:attachment":[{"href":"https:\/\/exaudi.org\/es\/wp-json\/wp\/v2\/media?parent=95591"}],"wp:term":[{"taxonomy":"category","embeddable":true,"href":"https:\/\/exaudi.org\/es\/wp-json\/wp\/v2\/categories?post=95591"},{"taxonomy":"post_tag","embeddable":true,"href":"https:\/\/exaudi.org\/es\/wp-json\/wp\/v2\/tags?post=95591"}],"curies":[{"name":"wp","href":"https:\/\/api.w.org\/{rel}","templated":true}]}}