{"id":95491,"date":"2026-03-17T08:00:44","date_gmt":"2026-03-17T07:00:44","guid":{"rendered":"https:\/\/exaudi.org\/?p=95491"},"modified":"2026-03-16T12:21:27","modified_gmt":"2026-03-16T11:21:27","slug":"san-patricio-17-de-marzo","status":"publish","type":"post","link":"https:\/\/exaudi.org\/es\/san-patricio-17-de-marzo\/","title":{"rendered":"San Patricio, 17 de marzo"},"content":{"rendered":"<p>Patricio, ap\u00f3stol de Irlanda, fue un firm\u00edsimo defensor de la fe. La primera vez que pis\u00f3 suelo irland\u00e9s lo hizo como cautivo; hab\u00eda sido trasladado all\u00ed desde Gran Breta\u00f1a, donde hab\u00eda nacido seguramente a finales del IV. Tanto su abuelo como su padre estuvieron plenamente comprometidos con la Iglesia. En concreto su padre un\u00eda a su profesi\u00f3n de funcionario la de di\u00e1cono. Pasados sus primeros 16 a\u00f1os de vida fue consciente de la presencia de Dios en ella. La terrible experiencia por la que pas\u00f3 en su juventud, le ayud\u00f3 a reconocerlo en su coraz\u00f3n.<\/p>\n<p><iframe title=\"Spotify Embed: San Patricio, 17 de marzo\" style=\"border-radius: 12px\" width=\"100%\" height=\"152\" frameborder=\"0\" allowfullscreen allow=\"autoplay; clipboard-write; encrypted-media; fullscreen; picture-in-picture\" loading=\"lazy\" src=\"https:\/\/open.spotify.com\/embed\/episode\/14GctfMkbJK3lhlPe9yYv7?si=b777bb4300014b94&amp;utm_source=oembed\"><\/iframe><\/p>\n<p>Un d\u00eda unos piratas lo secuestraron y lo destinaron a ser esclavo de un irland\u00e9s pagano. Su trabajo consisti\u00f3 en pastorear ovejas. La separaci\u00f3n de su familia, su soledad e incertidumbre le llev\u00f3 a Dios, y \u00c9l le consol\u00f3: \u00abOraba de continuo durante las horas del d\u00eda y fue as\u00ed como el amor de Dios y el temor ante su grandeza, crecieron m\u00e1s y m\u00e1s dentro de m\u00ed, al tiempo que se afirmaba mi fe y mi esp\u00edritu se conmov\u00eda y se inquietaba, de suerte que me sent\u00eda impulsado a recitar hasta cien oraciones en el d\u00eda y, por la noche otras tantas. Con este fin, permanec\u00eda solo en los bosques y en las monta\u00f1as. Y si acaso me quedaba dormido, desde antes de que despuntara el alba me despertaba para orar, en tiempos de neviscas y de heladas, de niebla y de lluvias. Por entonces estaba contento, porque lejos de sentir en m\u00ed la tibieza que ahora suele embargarme, el esp\u00edritu herv\u00eda en mi interior\u00bb. Por fin huy\u00f3, alentado por un sue\u00f1o, y pudo llegar a su casa, despu\u00e9s de una intrincada traves\u00eda y todo tipo de contratiempos plagados de peligros. En medio de ella, por su mediaci\u00f3n se obraron prodigios que arrebat\u00f3 con su confianza en Dios.<\/p>\n<p>En Auxerre, Francia, donde pas\u00f3 despu\u00e9s varios a\u00f1os, mantuvo una gran sinton\u00eda con el obispo san Germ\u00e1n. Entonces debi\u00f3 ser ordenado sacerdote. Despu\u00e9s, parti\u00f3 a Irlanda puede que enviado por el papa san Celestino I, toda vez que Paladio, al que antes hab\u00eda confiado la misi\u00f3n de evangelizar las tierras, muri\u00f3 sin poder culminarla. Patricio era un hombre sensible, sencillo y afable, muy familiar, que ten\u00eda, entre otras virtudes, la de la humildad. Fund\u00f3 en Ulster el monasterio de Sa\u00fal, donde predicaba los grandes misterios de la fe con ejemplos cotidianos y sencillos. Su labor evang\u00e9lica ten\u00eda la f\u00e9rrea oposici\u00f3n de los druidas, aunque tambi\u00e9n le atacaron los pelagianos que hicieron circular calumnias en contra suya. En su defensa escribi\u00f3 Confessio. Seguramente pensando en el alcance que tendr\u00eda para el pueblo la conversi\u00f3n de sus m\u00e1ximos gobernantes, Patricio se dirig\u00eda a ellos, aunque el trato con los b\u00e1rbaros le pudo costar la vida en muchas ocasiones.<\/p>\n<p>Construy\u00f3 abad\u00edas en Irlanda, y sali\u00f3 victorioso entre paganos y hechiceros. Los pobladores de Irlanda se acercaban a \u00e9l \u00e1vidos de conocer las verdades de fe del cristianismo. Se cuenta que un S\u00e1bado Santo al verle encender el cirio pascual, los druidas, quienes cre\u00edan firmemente que en \u00e9l pod\u00eda cumplirse un vaticinio que conducir\u00eda al fin de su hegemon\u00eda, se lanzaron con toda su furia a apagarlo, pero por m\u00e1s que lo intentaron no lograron su prop\u00f3sito. Entonces, uno de ellos exclam\u00f3: \u00abEl fuego de la religi\u00f3n que Patricio ha encendido, se extender\u00e1 por toda la isla\u00bb. Y se alejaron. Sin duda, este vaticinio del mago se cumpli\u00f3. El santo no escatimo esfuerzos, adapt\u00e1ndose a los lugares donde resid\u00eda; super\u00f3 incontables peligros. Fue reiteradamente perseguido, y no pudieron terminar con su vida, aunque lo intentaron. Escribi\u00f3: \u00abA diario estoy a la espera de una muerte violenta, de ser robado, de que me secuestren para servir como esclavo, o de cualquier otra calamidad semejante\u00bb. Era sensible e inteligente, y puso sus dotes naturales al servicio de Dios. Ejemplo de ello fue la decisi\u00f3n tomada para que el obispo de cada regi\u00f3n fuese tambi\u00e9n abad o superior del monasterio m\u00e1s importante del lugar. De ese modo, se aseguraba el cuidado e impulso del mismo, ya que el obispo era un religioso que contaba con la ayuda de su comunidad para evangelizar al pueblo. Adem\u00e1s, obtuvo muchas vocaciones para el sacerdocio y la vida religiosa. Fue agraciado con el don de milagros y tambi\u00e9n recibi\u00f3 el de l\u00e1grimas. A \u00e9l se debe la realizaci\u00f3n de un S\u00ednodo, seguramente en Armagh, cuya catedral fund\u00f3 en el a\u00f1o 444 siendo ya un venerable anciano con un notable desgaste f\u00edsico ocasionado por su vida austera y 30 a\u00f1os de viajes evangelizando y convirtiendo a Irlanda. Muri\u00f3 el a\u00f1o 461 en Sa\u00fal, tierra amada por \u00e9l, donde hab\u00eda erigido su primera iglesia.<\/p>\n<p><img loading=\"lazy\" decoding=\"async\" class=\"size-full wp-image-121400 alignnone\" src=\"https:\/\/exaudi.org\/wp-content\/uploads\/2025\/03\/482245491_1062079605958062_2353395422665340615_n.jpg\" alt=\"\" width=\"526\" height=\"526\" srcset=\"https:\/\/exaudi.org\/wp-content\/uploads\/2025\/03\/482245491_1062079605958062_2353395422665340615_n.jpg 526w, https:\/\/exaudi.org\/wp-content\/uploads\/2025\/03\/482245491_1062079605958062_2353395422665340615_n-300x300.jpg 300w, https:\/\/exaudi.org\/wp-content\/uploads\/2025\/03\/482245491_1062079605958062_2353395422665340615_n-100x100.jpg?crop=1 100w, https:\/\/exaudi.org\/wp-content\/uploads\/2025\/03\/482245491_1062079605958062_2353395422665340615_n-500x500.jpg 500w\" sizes=\"auto, (max-width: 526px) 100vw, 526px\" \/><\/p>\n<p><img loading=\"lazy\" decoding=\"async\" class=\"alignright wp-image-2208\" src=\"https:\/\/exaudi.org\/wp-content\/uploads\/2021\/02\/santoral-scaled-1-725x1024.jpg\" alt=\"santoral Isabel Orellana\" width=\"262\" height=\"370\" \/><\/p>\n<div class=\"page\" title=\"Page 4\">\n<div class=\"layoutArea\">\n<div class=\"column\">\n<h6><em>\u00a9 <a href=\"https:\/\/exaudi.org\/es\/author\/isabelorellana\/\" target=\"_blank\" rel=\"noopener noreferrer\">Isabel Orellana Vilches<\/a>, 2024<\/em><br \/>\n<em>Autora vinculada a<\/em><br \/>\n<img loading=\"lazy\" decoding=\"async\" class=\"alignnone size-full wp-image-41949\" src=\"https:\/\/www.idente.org\/wp-content\/uploads\/logo-cedro-v01-843x295-1-e1603384654546.png\" alt=\"\" width=\"80\" height=\"28\" \/><br \/>\nObra protegida por derechos de autor.<br \/>\nInscrita en el Registro de la Propiedad Intelectual el 24 de noviembre de 2014.<br \/>\n________________<br \/>\nDerechos de edici\u00f3n reservados:<br \/>\nFundaci\u00f3n <a href=\"https:\/\/rielo.com\/\" target=\"_blank\" rel=\"noopener noreferrer\">Fernando Rielo<\/a><br \/>\nGoya 20, 4.\u00ba izq. int. 28001 Madrid<br \/>\nTlf.: (34) 91 575 40 91<br \/>\nCorreo electr\u00f3nico: fundacion@rielo.com<\/h6>\n<div class=\"page\" title=\"Page 4\">\n<div class=\"layoutArea\">\n<div class=\"column\">\n<h6>Dep\u00f3sito legal: M-18664-2020<br \/>\nISBN: 978-84-946646-6-3<\/h6>\n<\/div>\n<\/div>\n<\/div>\n<\/div>\n<\/div>\n<\/div>\n","protected":false},"excerpt":{"rendered":"<p>Obispo<\/p>\n","protected":false},"author":23,"featured_media":95492,"comment_status":"closed","ping_status":"closed","sticky":false,"template":"","format":"standard","meta":{"_acf_changed":false,"_crdt_document":"","inline_featured_image":false,"footnotes":""},"categories":[74,2772],"tags":[964,388,8658,387,58880],"class_list":["post-95491","post","type-post","status-publish","format-standard","has-post-thumbnail","hentry","category-iglesia-y-mundo","category-santoral","tag-irlanda","tag-isabel-orellana-vilches","tag-san-patricio","tag-santoral","tag-trending-es-151"],"acf":[],"yoast_head":"<!-- This site is optimized with the Yoast SEO plugin v27.5 - https:\/\/yoast.com\/product\/yoast-seo-wordpress\/ -->\n<title>San Patricio, 17 de marzo &#8211; Exaudi<\/title>\n<meta name=\"robots\" content=\"index, follow, max-snippet:-1, max-image-preview:large, max-video-preview:-1\" \/>\n<link rel=\"canonical\" href=\"https:\/\/exaudi.org\/es\/san-patricio-17-de-marzo\/\" \/>\n<meta property=\"og:locale\" content=\"es_ES\" \/>\n<meta property=\"og:type\" content=\"article\" \/>\n<meta property=\"og:title\" content=\"San Patricio, 17 de marzo &#8211; Exaudi\" \/>\n<meta property=\"og:description\" content=\"Obispo\" \/>\n<meta property=\"og:url\" content=\"https:\/\/exaudi.org\/es\/san-patricio-17-de-marzo\/\" \/>\n<meta property=\"og:site_name\" content=\"Exaudi\" \/>\n<meta property=\"article:publisher\" content=\"https:\/\/www.facebook.com\/ExaudiNews\" \/>\n<meta property=\"article:published_time\" content=\"2026-03-17T07:00:44+00:00\" \/>\n<meta property=\"og:image\" content=\"https:\/\/exaudi.org\/wp-content\/uploads\/2024\/02\/san-patricio-no-se-llamaba-asi-y-no-fue-irlandes-todo-lo-que-debes-saber-sobre-el.jpg\" \/>\n\t<meta property=\"og:image:width\" content=\"1800\" \/>\n\t<meta property=\"og:image:height\" content=\"1013\" \/>\n\t<meta property=\"og:image:type\" content=\"image\/jpeg\" \/>\n<meta name=\"author\" content=\"Isabel Orellana\" \/>\n<meta name=\"twitter:card\" content=\"summary_large_image\" \/>\n<meta name=\"twitter:creator\" content=\"@Exaudi_News\" \/>\n<meta name=\"twitter:site\" content=\"@Exaudi_News\" \/>\n<meta name=\"twitter:label1\" content=\"Escrito por\" \/>\n\t<meta name=\"twitter:data1\" content=\"Isabel Orellana\" \/>\n\t<meta name=\"twitter:label2\" content=\"Tiempo de lectura\" \/>\n\t<meta name=\"twitter:data2\" content=\"5 minutos\" \/>\n<script type=\"application\/ld+json\" class=\"yoast-schema-graph\">{\"@context\":\"https:\\\/\\\/schema.org\",\"@graph\":[{\"@type\":\"Article\",\"@id\":\"https:\\\/\\\/exaudi.org\\\/es\\\/san-patricio-17-de-marzo\\\/#article\",\"isPartOf\":{\"@id\":\"https:\\\/\\\/exaudi.org\\\/es\\\/san-patricio-17-de-marzo\\\/\"},\"author\":{\"name\":\"Isabel Orellana\",\"@id\":\"https:\\\/\\\/exaudi.org\\\/#\\\/schema\\\/person\\\/64e18b96fd6118559a9217b5b3375fdc\"},\"headline\":\"San Patricio, 17 de marzo\",\"datePublished\":\"2026-03-17T07:00:44+00:00\",\"mainEntityOfPage\":{\"@id\":\"https:\\\/\\\/exaudi.org\\\/es\\\/san-patricio-17-de-marzo\\\/\"},\"wordCount\":915,\"image\":{\"@id\":\"https:\\\/\\\/exaudi.org\\\/es\\\/san-patricio-17-de-marzo\\\/#primaryimage\"},\"thumbnailUrl\":\"https:\\\/\\\/exaudi.org\\\/wp-content\\\/uploads\\\/2024\\\/02\\\/san-patricio-no-se-llamaba-asi-y-no-fue-irlandes-todo-lo-que-debes-saber-sobre-el.jpg\",\"keywords\":[\"Irlanda\",\"Isabel Orellana Vilches\",\"San Patricio\",\"Santoral\",\"Trending\"],\"articleSection\":[\"Iglesia y Mundo\",\"Santoral\"],\"inLanguage\":\"es\"},{\"@type\":\"WebPage\",\"@id\":\"https:\\\/\\\/exaudi.org\\\/es\\\/san-patricio-17-de-marzo\\\/\",\"url\":\"https:\\\/\\\/exaudi.org\\\/es\\\/san-patricio-17-de-marzo\\\/\",\"name\":\"San Patricio, 17 de marzo &#8211; Exaudi\",\"isPartOf\":{\"@id\":\"https:\\\/\\\/exaudi.org\\\/#website\"},\"primaryImageOfPage\":{\"@id\":\"https:\\\/\\\/exaudi.org\\\/es\\\/san-patricio-17-de-marzo\\\/#primaryimage\"},\"image\":{\"@id\":\"https:\\\/\\\/exaudi.org\\\/es\\\/san-patricio-17-de-marzo\\\/#primaryimage\"},\"thumbnailUrl\":\"https:\\\/\\\/exaudi.org\\\/wp-content\\\/uploads\\\/2024\\\/02\\\/san-patricio-no-se-llamaba-asi-y-no-fue-irlandes-todo-lo-que-debes-saber-sobre-el.jpg\",\"datePublished\":\"2026-03-17T07:00:44+00:00\",\"author\":{\"@id\":\"https:\\\/\\\/exaudi.org\\\/#\\\/schema\\\/person\\\/64e18b96fd6118559a9217b5b3375fdc\"},\"breadcrumb\":{\"@id\":\"https:\\\/\\\/exaudi.org\\\/es\\\/san-patricio-17-de-marzo\\\/#breadcrumb\"},\"inLanguage\":\"es\",\"potentialAction\":[{\"@type\":\"ReadAction\",\"target\":[\"https:\\\/\\\/exaudi.org\\\/es\\\/san-patricio-17-de-marzo\\\/\"]}]},{\"@type\":\"ImageObject\",\"inLanguage\":\"es\",\"@id\":\"https:\\\/\\\/exaudi.org\\\/es\\\/san-patricio-17-de-marzo\\\/#primaryimage\",\"url\":\"https:\\\/\\\/exaudi.org\\\/wp-content\\\/uploads\\\/2024\\\/02\\\/san-patricio-no-se-llamaba-asi-y-no-fue-irlandes-todo-lo-que-debes-saber-sobre-el.jpg\",\"contentUrl\":\"https:\\\/\\\/exaudi.org\\\/wp-content\\\/uploads\\\/2024\\\/02\\\/san-patricio-no-se-llamaba-asi-y-no-fue-irlandes-todo-lo-que-debes-saber-sobre-el.jpg\",\"width\":1800,\"height\":1013},{\"@type\":\"BreadcrumbList\",\"@id\":\"https:\\\/\\\/exaudi.org\\\/es\\\/san-patricio-17-de-marzo\\\/#breadcrumb\",\"itemListElement\":[{\"@type\":\"ListItem\",\"position\":1,\"name\":\"Portada\",\"item\":\"https:\\\/\\\/exaudi.org\\\/es\\\/\"},{\"@type\":\"ListItem\",\"position\":2,\"name\":\"San Patricio, 17 de marzo\"}]},{\"@type\":\"WebSite\",\"@id\":\"https:\\\/\\\/exaudi.org\\\/#website\",\"url\":\"https:\\\/\\\/exaudi.org\\\/\",\"name\":\"Exaudi\",\"description\":\"News\",\"potentialAction\":[{\"@type\":\"SearchAction\",\"target\":{\"@type\":\"EntryPoint\",\"urlTemplate\":\"https:\\\/\\\/exaudi.org\\\/?s={search_term_string}\"},\"query-input\":{\"@type\":\"PropertyValueSpecification\",\"valueRequired\":true,\"valueName\":\"search_term_string\"}}],\"inLanguage\":\"es\"},{\"@type\":\"Person\",\"@id\":\"https:\\\/\\\/exaudi.org\\\/#\\\/schema\\\/person\\\/64e18b96fd6118559a9217b5b3375fdc\",\"name\":\"Isabel Orellana\",\"image\":{\"@type\":\"ImageObject\",\"inLanguage\":\"es\",\"@id\":\"https:\\\/\\\/secure.gravatar.com\\\/avatar\\\/51968380bbb6b22ae85c605634860366fd9a2a611c6341125115bca32cd6c171?s=96&d=mm&r=g\",\"url\":\"https:\\\/\\\/secure.gravatar.com\\\/avatar\\\/51968380bbb6b22ae85c605634860366fd9a2a611c6341125115bca32cd6c171?s=96&d=mm&r=g\",\"contentUrl\":\"https:\\\/\\\/secure.gravatar.com\\\/avatar\\\/51968380bbb6b22ae85c605634860366fd9a2a611c6341125115bca32cd6c171?s=96&d=mm&r=g\",\"caption\":\"Isabel Orellana\"},\"description\":\"Isabel Orellana Vilches Misionera idente. Doctora en Filosof\u00eda por la Universidad Aut\u00f3noma de Barcelona con la tesis Realismo y progreso cient\u00edfico en la epistemolog\u00eda popperiana. Ha cursado estudios de teolog\u00eda en la Universidad Pontificia de Salamanca. Con amplia actividad docente desde 1986, ha publicado libros como: Realismo y progreso cient\u00edfico en la epistemolog\u00eda popperiana, Universitat Aut\u00f2noma de Barcelona, 1993; El evangelio habla a los j\u00f3venes, Atenas, Madrid, 1997; Qu\u00e9 es... LA TOLERANCIA, Paulinas, Madrid, 1999; Pedagog\u00eda del dolor. Ensayo antropol\u00f3gico, Palabra, Madrid, 1999; En colaboraci\u00f3n con Enrique Rivera de Ventosa (\u2020) OFM. Cap. San Francisco de As\u00eds y Fernando Rielo: Convergencias. Respuestas desde la fe a los interrogantes del hombre de hoy, Universidad Pontificia, Salamanca, 2001; La \\\"mirada\\\" del cine. Recursos did\u00e1cticos del s\u00e9ptimo arte. Librer\u00eda Cervantes, Salamanca, 2001; Paradojas de la convivencia, San Pablo, Madrid, 2002; En la Universidad T\u00e9cnica Particular de Loja, Ecuador, ha publicado: La confianza. El arte de amar, 2002; Educar para la responsabilidad, 2003; Apuntes de \u00e9tica en Karl R. Popper, 2003; De soledades y comunicaci\u00f3n, 2005; Yo educo; t\u00fa respondes, 2008; Humanismo y fe en un crisol de culturas, 2008; Repensar lo cotidiano, 2008; Convivir: un constante desaf\u00edo, 2009; La l\u00f3gica del amor, 2010; El dolor del amor. Apuntes sobre la enfermedad y el dolor en relaci\u00f3n con la virtud heroica, el martirio y la vida santa. Seminario Diocesano de M\u00e1laga, 2006 y Universidad T\u00e9cnica Particular de Loja, Ecuador (2007). Cuenta con numerosas colaboraciones en obras colectivas, as\u00ed como relatos, cuentos, f\u00e1bula y novela juvenil, adem\u00e1s de art\u00edculos de tem\u00e1tica cient\u00edfica, pedag\u00f3gica y espiritual, que viene publicando en distintas revistas nacionales e internacionales. En 2012 culmin\u00f3 el santoral Llamados a ser santos y poco m\u00e1s tarde Epopeyas de amor prologado por mons. Fernando Sebasti\u00e1n. Es la bi\u00f3grafa oficial del fundador de su familia espiritual, autora de Fernando Rielo Pardal. Fundador de los Misioneros Identes, Descl\u00e9e de Brouwer, Bilbao, 2009. Culmina la biograf\u00eda completa. Encargada del santoral de ZENIT desde 2012 a 2020 y ahora en Exaudi\",\"url\":\"https:\\\/\\\/exaudi.org\\\/es\\\/author\\\/isabelorellana\\\/\"}]}<\/script>\n<!-- \/ Yoast SEO plugin. -->","yoast_head_json":{"title":"San Patricio, 17 de marzo &#8211; Exaudi","robots":{"index":"index","follow":"follow","max-snippet":"max-snippet:-1","max-image-preview":"max-image-preview:large","max-video-preview":"max-video-preview:-1"},"canonical":"https:\/\/exaudi.org\/es\/san-patricio-17-de-marzo\/","og_locale":"es_ES","og_type":"article","og_title":"San Patricio, 17 de marzo &#8211; Exaudi","og_description":"Obispo","og_url":"https:\/\/exaudi.org\/es\/san-patricio-17-de-marzo\/","og_site_name":"Exaudi","article_publisher":"https:\/\/www.facebook.com\/ExaudiNews","article_published_time":"2026-03-17T07:00:44+00:00","og_image":[{"width":1800,"height":1013,"url":"https:\/\/exaudi.org\/wp-content\/uploads\/2024\/02\/san-patricio-no-se-llamaba-asi-y-no-fue-irlandes-todo-lo-que-debes-saber-sobre-el.jpg","type":"image\/jpeg"}],"author":"Isabel Orellana","twitter_card":"summary_large_image","twitter_creator":"@Exaudi_News","twitter_site":"@Exaudi_News","twitter_misc":{"Escrito por":"Isabel Orellana","Tiempo de lectura":"5 minutos"},"schema":{"@context":"https:\/\/schema.org","@graph":[{"@type":"Article","@id":"https:\/\/exaudi.org\/es\/san-patricio-17-de-marzo\/#article","isPartOf":{"@id":"https:\/\/exaudi.org\/es\/san-patricio-17-de-marzo\/"},"author":{"name":"Isabel Orellana","@id":"https:\/\/exaudi.org\/#\/schema\/person\/64e18b96fd6118559a9217b5b3375fdc"},"headline":"San Patricio, 17 de marzo","datePublished":"2026-03-17T07:00:44+00:00","mainEntityOfPage":{"@id":"https:\/\/exaudi.org\/es\/san-patricio-17-de-marzo\/"},"wordCount":915,"image":{"@id":"https:\/\/exaudi.org\/es\/san-patricio-17-de-marzo\/#primaryimage"},"thumbnailUrl":"https:\/\/exaudi.org\/wp-content\/uploads\/2024\/02\/san-patricio-no-se-llamaba-asi-y-no-fue-irlandes-todo-lo-que-debes-saber-sobre-el.jpg","keywords":["Irlanda","Isabel Orellana Vilches","San Patricio","Santoral","Trending"],"articleSection":["Iglesia y Mundo","Santoral"],"inLanguage":"es"},{"@type":"WebPage","@id":"https:\/\/exaudi.org\/es\/san-patricio-17-de-marzo\/","url":"https:\/\/exaudi.org\/es\/san-patricio-17-de-marzo\/","name":"San Patricio, 17 de marzo &#8211; Exaudi","isPartOf":{"@id":"https:\/\/exaudi.org\/#website"},"primaryImageOfPage":{"@id":"https:\/\/exaudi.org\/es\/san-patricio-17-de-marzo\/#primaryimage"},"image":{"@id":"https:\/\/exaudi.org\/es\/san-patricio-17-de-marzo\/#primaryimage"},"thumbnailUrl":"https:\/\/exaudi.org\/wp-content\/uploads\/2024\/02\/san-patricio-no-se-llamaba-asi-y-no-fue-irlandes-todo-lo-que-debes-saber-sobre-el.jpg","datePublished":"2026-03-17T07:00:44+00:00","author":{"@id":"https:\/\/exaudi.org\/#\/schema\/person\/64e18b96fd6118559a9217b5b3375fdc"},"breadcrumb":{"@id":"https:\/\/exaudi.org\/es\/san-patricio-17-de-marzo\/#breadcrumb"},"inLanguage":"es","potentialAction":[{"@type":"ReadAction","target":["https:\/\/exaudi.org\/es\/san-patricio-17-de-marzo\/"]}]},{"@type":"ImageObject","inLanguage":"es","@id":"https:\/\/exaudi.org\/es\/san-patricio-17-de-marzo\/#primaryimage","url":"https:\/\/exaudi.org\/wp-content\/uploads\/2024\/02\/san-patricio-no-se-llamaba-asi-y-no-fue-irlandes-todo-lo-que-debes-saber-sobre-el.jpg","contentUrl":"https:\/\/exaudi.org\/wp-content\/uploads\/2024\/02\/san-patricio-no-se-llamaba-asi-y-no-fue-irlandes-todo-lo-que-debes-saber-sobre-el.jpg","width":1800,"height":1013},{"@type":"BreadcrumbList","@id":"https:\/\/exaudi.org\/es\/san-patricio-17-de-marzo\/#breadcrumb","itemListElement":[{"@type":"ListItem","position":1,"name":"Portada","item":"https:\/\/exaudi.org\/es\/"},{"@type":"ListItem","position":2,"name":"San Patricio, 17 de marzo"}]},{"@type":"WebSite","@id":"https:\/\/exaudi.org\/#website","url":"https:\/\/exaudi.org\/","name":"Exaudi","description":"News","potentialAction":[{"@type":"SearchAction","target":{"@type":"EntryPoint","urlTemplate":"https:\/\/exaudi.org\/?s={search_term_string}"},"query-input":{"@type":"PropertyValueSpecification","valueRequired":true,"valueName":"search_term_string"}}],"inLanguage":"es"},{"@type":"Person","@id":"https:\/\/exaudi.org\/#\/schema\/person\/64e18b96fd6118559a9217b5b3375fdc","name":"Isabel Orellana","image":{"@type":"ImageObject","inLanguage":"es","@id":"https:\/\/secure.gravatar.com\/avatar\/51968380bbb6b22ae85c605634860366fd9a2a611c6341125115bca32cd6c171?s=96&d=mm&r=g","url":"https:\/\/secure.gravatar.com\/avatar\/51968380bbb6b22ae85c605634860366fd9a2a611c6341125115bca32cd6c171?s=96&d=mm&r=g","contentUrl":"https:\/\/secure.gravatar.com\/avatar\/51968380bbb6b22ae85c605634860366fd9a2a611c6341125115bca32cd6c171?s=96&d=mm&r=g","caption":"Isabel Orellana"},"description":"Isabel Orellana Vilches Misionera idente. Doctora en Filosof\u00eda por la Universidad Aut\u00f3noma de Barcelona con la tesis Realismo y progreso cient\u00edfico en la epistemolog\u00eda popperiana. Ha cursado estudios de teolog\u00eda en la Universidad Pontificia de Salamanca. Con amplia actividad docente desde 1986, ha publicado libros como: Realismo y progreso cient\u00edfico en la epistemolog\u00eda popperiana, Universitat Aut\u00f2noma de Barcelona, 1993; El evangelio habla a los j\u00f3venes, Atenas, Madrid, 1997; Qu\u00e9 es... LA TOLERANCIA, Paulinas, Madrid, 1999; Pedagog\u00eda del dolor. Ensayo antropol\u00f3gico, Palabra, Madrid, 1999; En colaboraci\u00f3n con Enrique Rivera de Ventosa (\u2020) OFM. Cap. San Francisco de As\u00eds y Fernando Rielo: Convergencias. Respuestas desde la fe a los interrogantes del hombre de hoy, Universidad Pontificia, Salamanca, 2001; La \"mirada\" del cine. Recursos did\u00e1cticos del s\u00e9ptimo arte. Librer\u00eda Cervantes, Salamanca, 2001; Paradojas de la convivencia, San Pablo, Madrid, 2002; En la Universidad T\u00e9cnica Particular de Loja, Ecuador, ha publicado: La confianza. El arte de amar, 2002; Educar para la responsabilidad, 2003; Apuntes de \u00e9tica en Karl R. Popper, 2003; De soledades y comunicaci\u00f3n, 2005; Yo educo; t\u00fa respondes, 2008; Humanismo y fe en un crisol de culturas, 2008; Repensar lo cotidiano, 2008; Convivir: un constante desaf\u00edo, 2009; La l\u00f3gica del amor, 2010; El dolor del amor. Apuntes sobre la enfermedad y el dolor en relaci\u00f3n con la virtud heroica, el martirio y la vida santa. Seminario Diocesano de M\u00e1laga, 2006 y Universidad T\u00e9cnica Particular de Loja, Ecuador (2007). Cuenta con numerosas colaboraciones en obras colectivas, as\u00ed como relatos, cuentos, f\u00e1bula y novela juvenil, adem\u00e1s de art\u00edculos de tem\u00e1tica cient\u00edfica, pedag\u00f3gica y espiritual, que viene publicando en distintas revistas nacionales e internacionales. En 2012 culmin\u00f3 el santoral Llamados a ser santos y poco m\u00e1s tarde Epopeyas de amor prologado por mons. Fernando Sebasti\u00e1n. Es la bi\u00f3grafa oficial del fundador de su familia espiritual, autora de Fernando Rielo Pardal. Fundador de los Misioneros Identes, Descl\u00e9e de Brouwer, Bilbao, 2009. Culmina la biograf\u00eda completa. Encargada del santoral de ZENIT desde 2012 a 2020 y ahora en Exaudi","url":"https:\/\/exaudi.org\/es\/author\/isabelorellana\/"}]}},"jetpack_featured_media_url":"https:\/\/exaudi.org\/wp-content\/uploads\/2024\/02\/san-patricio-no-se-llamaba-asi-y-no-fue-irlandes-todo-lo-que-debes-saber-sobre-el.jpg","jetpack_shortlink":"https:\/\/wp.me\/pgKjF2-oQb","_links":{"self":[{"href":"https:\/\/exaudi.org\/es\/wp-json\/wp\/v2\/posts\/95491","targetHints":{"allow":["GET"]}}],"collection":[{"href":"https:\/\/exaudi.org\/es\/wp-json\/wp\/v2\/posts"}],"about":[{"href":"https:\/\/exaudi.org\/es\/wp-json\/wp\/v2\/types\/post"}],"author":[{"embeddable":true,"href":"https:\/\/exaudi.org\/es\/wp-json\/wp\/v2\/users\/23"}],"replies":[{"embeddable":true,"href":"https:\/\/exaudi.org\/es\/wp-json\/wp\/v2\/comments?post=95491"}],"version-history":[{"count":1,"href":"https:\/\/exaudi.org\/es\/wp-json\/wp\/v2\/posts\/95491\/revisions"}],"predecessor-version":[{"id":158113,"href":"https:\/\/exaudi.org\/es\/wp-json\/wp\/v2\/posts\/95491\/revisions\/158113"}],"wp:featuredmedia":[{"embeddable":true,"href":"https:\/\/exaudi.org\/es\/wp-json\/wp\/v2\/media\/95492"}],"wp:attachment":[{"href":"https:\/\/exaudi.org\/es\/wp-json\/wp\/v2\/media?parent=95491"}],"wp:term":[{"taxonomy":"category","embeddable":true,"href":"https:\/\/exaudi.org\/es\/wp-json\/wp\/v2\/categories?post=95491"},{"taxonomy":"post_tag","embeddable":true,"href":"https:\/\/exaudi.org\/es\/wp-json\/wp\/v2\/tags?post=95491"}],"curies":[{"name":"wp","href":"https:\/\/api.w.org\/{rel}","templated":true}]}}