{"id":95334,"date":"2024-02-27T09:52:25","date_gmt":"2024-02-27T08:52:25","guid":{"rendered":"https:\/\/exaudi.org\/?p=95334"},"modified":"2024-02-27T10:06:34","modified_gmt":"2024-02-27T09:06:34","slug":"celam-el-consejo-hispano-de-eeuu","status":"publish","type":"post","link":"https:\/\/exaudi.org\/es\/celam-el-consejo-hispano-de-eeuu\/","title":{"rendered":"Alianza de formaci\u00f3n pastoral entre el CELAM y el Consejo Hispano de EEUU: Comienza serie de webinars"},"content":{"rendered":"<audio class=\"wp-audio-shortcode\" id=\"audio-95334-1\" preload=\"none\" style=\"width: 100%;\" controls=\"controls\"><source type=\"audio\/mpeg\" src=\"https:\/\/exaudi.org\/wp-content\/uploads\/2024\/02\/Alianza-de-formacion-pastoral-entre-el-CELAM-y-el-Consejo-Hispano-de-EEUU-Comienza-serie-de-webinars.mp3?_=1\" \/><a href=\"https:\/\/exaudi.org\/wp-content\/uploads\/2024\/02\/Alianza-de-formacion-pastoral-entre-el-CELAM-y-el-Consejo-Hispano-de-EEUU-Comienza-serie-de-webinars.mp3\">https:\/\/exaudi.org\/wp-content\/uploads\/2024\/02\/Alianza-de-formacion-pastoral-entre-el-CELAM-y-el-Consejo-Hispano-de-EEUU-Comienza-serie-de-webinars.mp3<\/a><\/audio>\n<p>El Consejo Nacional Cat\u00f3lico para el Ministerio Hispano de Estados Unidos -NCCHM, por sus siglas en ingl\u00e9s-, que nuclea a las instituciones de pastoral hispana m\u00e1s importantes del pa\u00eds, firm\u00f3 un convenio con el Consejo Episcopal Latinoamericano -CELAM-, a trav\u00e9s del cual ambos expresan su inter\u00e9s y compromiso de aunar esfuerzos en el desarrollo de cursos, diplomados, conferencias, seminarios y otras actividades dirigidas a la formaci\u00f3n de distintos grupos en el continente americano.<\/p>\n<h3><strong>Iniciativa del Presidente del CELAM<\/strong><\/h3>\n<p>El mismo tiene su origen en la presencia en abril 2022 del Arzobispo Miguel Cabrejos, Presidente del CELAM en ese tiempo, en el Sexto Congreso Nacional Cat\u00f3lico de Pastoral Hispana de EEUU, \u201cRa\u00edces y Alas\u201d, en Washington, DC. En el mismo participaron 400 l\u00edderes nacionales, al igual que personalidades del Vaticano, del CELAM y 15 obispos. Viendo el potencial que se manifestaba en el congreso mencionado, en su alocuci\u00f3n, Mons. Cabrejos expres\u00f3 con entusiasmo su deseo de que se firmara un convenio entre el CELAM y el Consejo Hispano de EEUU -NCCHM-, dado el inter\u00e9s mutuo de profundizar los lazos pastorales y teol\u00f3gicos para la formaci\u00f3n de cat\u00f3licos del continente.<\/p>\n<p>Dicho acuerdo fue firmado el 1ro. de marzo de 2023, en Bogot\u00e1, por la presidenta de NCCHM, Elisabeth Rom\u00e1n, en presencia de miembros de la comisi\u00f3n directiva de dicha instituci\u00f3n, y de la del P. Fabio Antunes do Nascimento, actual director del CEBITEPAL, Centro de Formaci\u00f3n del CELAM. El documento fue refrendado por Mons. Miguel Cabrejos.<\/p>\n<h3><strong>Un webinar con los cuatro pilares pastorales<\/strong><\/h3>\n<p>El Consejo Nacional Cat\u00f3lico para el Ministerio Hispano de EEUU, en alianza con el CELAM, ofrecer\u00e1 una serie de webinars destinados a profundizar los cuatro pilares de acci\u00f3n de la pastoral desarrollados en el Congreso Ra\u00edces y Alas. Cada pilar abarcar\u00e1 cuatro mi\u00e9rcoles de cada mes, a saber:<\/p>\n<ul>\n<li><strong>Marzo<\/strong>: Pilar de acci\u00f3n <strong>Familia<\/strong>, bajo el lema \u201cIglesia dom\u00e9stica. Familia: \u00a1vive tu misi\u00f3n!\u201d<\/li>\n<li><strong>Abril<\/strong>: Pilar de acci\u00f3n <strong>Pastoral Juvenil<\/strong>, bajo el lema \u201cVoces prof\u00e9ticas, protagonistas de la esperanza\u201d.<\/li>\n<li><strong>Mayo<\/strong>: Pilar de acci\u00f3n <strong>Justicia Social<\/strong>, bajo el lema \u201cLiderazgo en desarrollo humano integral\u201d.<\/li>\n<li>Y <strong>junio<\/strong>: Pilar de acci\u00f3n <strong>Formaci\u00f3n Pastoral<\/strong>, bajo el lema \u201cCuidado pastoral &#8211; Formaci\u00f3n integral permanente\u201d.<\/li>\n<\/ul>\n<p>Estos encuentros tendr\u00e1n lugar siempre a las 18:00 horas de Colombia, lo que ser\u00e1 las 19:00 hora del Este en EEUU, como Miami. Solo el primer encuentro del 6 de marzo ser\u00e1 a las 18:00 de Miami, porque tendr\u00e1 lugar antes del cambio de horario en EEUU, pero se mantiene, como siempre, las 18:00 de Colombia.<\/p>\n<p>La inscripci\u00f3n, que es gratuita, se puede realizar a trav\u00e9s de <a href=\"https:\/\/bit.ly\/webinar-pastoral\" target=\"_blank\" rel=\"noopener\">https:\/\/bit.ly\/webinar-pastoral<\/a>, y m\u00e1s informaci\u00f3n se puede encontrar en <a href=\"https:\/\/ncchm-us.org\/\" target=\"_blank\" rel=\"noopener\">www.ncchm.us<\/a> y a trav\u00e9s de <a href=\"mailto:press@ncchm.us\" target=\"_blank\" rel=\"noopener\">press@ncchm.us<\/a>.<\/p>\n<p><img loading=\"lazy\" decoding=\"async\" class=\"size-full wp-image-95342 alignnone\" src=\"https:\/\/exaudi.org\/wp-content\/uploads\/2024\/02\/imagen-abajo-del-articulo.jpg\" alt=\"\" width=\"2400\" height=\"1200\" srcset=\"https:\/\/exaudi.org\/wp-content\/uploads\/2024\/02\/imagen-abajo-del-articulo.jpg 2400w, https:\/\/exaudi.org\/wp-content\/uploads\/2024\/02\/imagen-abajo-del-articulo-300x150.jpg 300w, https:\/\/exaudi.org\/wp-content\/uploads\/2024\/02\/imagen-abajo-del-articulo-1024x512.jpg 1024w, https:\/\/exaudi.org\/wp-content\/uploads\/2024\/02\/imagen-abajo-del-articulo-770x385.jpg 770w, https:\/\/exaudi.org\/wp-content\/uploads\/2024\/02\/imagen-abajo-del-articulo-1536x768.jpg 1536w, https:\/\/exaudi.org\/wp-content\/uploads\/2024\/02\/imagen-abajo-del-articulo-2048x1024.jpg 2048w, https:\/\/exaudi.org\/wp-content\/uploads\/2024\/02\/imagen-abajo-del-articulo-500x250.jpg 500w, https:\/\/exaudi.org\/wp-content\/uploads\/2024\/02\/imagen-abajo-del-articulo-585x293.jpg 585w, https:\/\/exaudi.org\/wp-content\/uploads\/2024\/02\/imagen-abajo-del-articulo-1170x585.jpg 1170w, https:\/\/exaudi.org\/wp-content\/uploads\/2024\/02\/imagen-abajo-del-articulo-1500x750.jpg 1500w, https:\/\/exaudi.org\/wp-content\/uploads\/2024\/02\/imagen-abajo-del-articulo-293x147.jpg 293w, https:\/\/exaudi.org\/wp-content\/uploads\/2024\/02\/imagen-abajo-del-articulo-1400x700.jpg 1400w, https:\/\/exaudi.org\/wp-content\/uploads\/2024\/02\/imagen-abajo-del-articulo-390x195.jpg 390w\" sizes=\"auto, (max-width: 2400px) 100vw, 2400px\" \/><\/p>\n","protected":false},"excerpt":{"rendered":"<p>Las sesiones abarcar\u00e1n los cuatro pilares de la pastoral<\/p>\n","protected":false},"author":15,"featured_media":95335,"comment_status":"closed","ping_status":"closed","sticky":false,"template":"","format":"standard","meta":{"_acf_changed":false,"_crdt_document":"","inline_featured_image":false,"footnotes":""},"categories":[74],"tags":[13190,5295,464,13189,11248,617,1855,7865,13191,2556,4953,969],"class_list":["post-95334","post","type-post","status-publish","format-standard","has-post-thumbnail","hentry","category-iglesia-y-mundo","tag-arzobispo-miguel-cabrejos","tag-cebitepal","tag-celam","tag-consejo-hispano-de-eeuu","tag-elisabeth-roman-2","tag-familia","tag-jovenes","tag-ncchm-2","tag-p-fabio-antunes-do-nascimento","tag-pastoral","tag-trending-es","tag-webinar"],"acf":[],"yoast_head":"<!-- This site is optimized with the Yoast SEO plugin v27.5 - https:\/\/yoast.com\/product\/yoast-seo-wordpress\/ -->\n<title>Alianza de formaci\u00f3n pastoral entre el CELAM y el Consejo Hispano de EEUU: Comienza serie de webinars &#8211; Exaudi<\/title>\n<meta name=\"robots\" content=\"index, follow, max-snippet:-1, max-image-preview:large, max-video-preview:-1\" \/>\n<link rel=\"canonical\" href=\"https:\/\/exaudi.org\/es\/celam-el-consejo-hispano-de-eeuu\/\" \/>\n<meta property=\"og:locale\" content=\"es_ES\" \/>\n<meta property=\"og:type\" content=\"article\" \/>\n<meta property=\"og:title\" content=\"Alianza de formaci\u00f3n pastoral entre el CELAM y el Consejo Hispano de EEUU: Comienza serie de webinars &#8211; Exaudi\" \/>\n<meta property=\"og:description\" content=\"Las sesiones abarcar\u00e1n los cuatro pilares de la pastoral\" \/>\n<meta property=\"og:url\" content=\"https:\/\/exaudi.org\/es\/celam-el-consejo-hispano-de-eeuu\/\" \/>\n<meta property=\"og:site_name\" content=\"Exaudi\" \/>\n<meta property=\"article:publisher\" content=\"https:\/\/www.facebook.com\/ExaudiNews\" \/>\n<meta property=\"article:author\" content=\"https:\/\/www.facebook.com\/ExaudiNoticias\/\" \/>\n<meta property=\"article:published_time\" content=\"2024-02-27T08:52:25+00:00\" \/>\n<meta property=\"article:modified_time\" content=\"2024-02-27T09:06:34+00:00\" \/>\n<meta property=\"og:image\" content=\"https:\/\/exaudi.org\/wp-content\/uploads\/2024\/02\/FIRMA-CONVENIO-NCCHM-CELAM-FOTO-PRINCIPAL.jpeg\" \/>\n\t<meta property=\"og:image:width\" content=\"1024\" \/>\n\t<meta property=\"og:image:height\" content=\"768\" \/>\n\t<meta property=\"og:image:type\" content=\"image\/jpeg\" \/>\n<meta name=\"author\" content=\"Exaudi Redacci\u00f3n\" \/>\n<meta name=\"twitter:card\" content=\"summary_large_image\" \/>\n<meta name=\"twitter:creator\" content=\"@Exaudi_noticias\" \/>\n<meta name=\"twitter:site\" content=\"@Exaudi_News\" \/>\n<meta name=\"twitter:label1\" content=\"Escrito por\" \/>\n\t<meta name=\"twitter:data1\" content=\"Exaudi Redacci\u00f3n\" \/>\n\t<meta name=\"twitter:label2\" content=\"Tiempo de lectura\" \/>\n\t<meta name=\"twitter:data2\" content=\"2 minutos\" \/>\n<script type=\"application\/ld+json\" class=\"yoast-schema-graph\">{\"@context\":\"https:\\\/\\\/schema.org\",\"@graph\":[{\"@type\":\"Article\",\"@id\":\"https:\\\/\\\/exaudi.org\\\/es\\\/celam-el-consejo-hispano-de-eeuu\\\/#article\",\"isPartOf\":{\"@id\":\"https:\\\/\\\/exaudi.org\\\/es\\\/celam-el-consejo-hispano-de-eeuu\\\/\"},\"author\":{\"name\":\"Exaudi Redacci\u00f3n\",\"@id\":\"https:\\\/\\\/exaudi.org\\\/#\\\/schema\\\/person\\\/f5fc8f063065e38742da7afe15f25df7\"},\"headline\":\"Alianza de formaci\u00f3n pastoral entre el CELAM y el Consejo Hispano de EEUU: Comienza serie de webinars\",\"datePublished\":\"2024-02-27T08:52:25+00:00\",\"dateModified\":\"2024-02-27T09:06:34+00:00\",\"mainEntityOfPage\":{\"@id\":\"https:\\\/\\\/exaudi.org\\\/es\\\/celam-el-consejo-hispano-de-eeuu\\\/\"},\"wordCount\":503,\"image\":{\"@id\":\"https:\\\/\\\/exaudi.org\\\/es\\\/celam-el-consejo-hispano-de-eeuu\\\/#primaryimage\"},\"thumbnailUrl\":\"https:\\\/\\\/exaudi.org\\\/wp-content\\\/uploads\\\/2024\\\/02\\\/FIRMA-CONVENIO-NCCHM-CELAM-FOTO-PRINCIPAL.jpeg\",\"keywords\":[\"Arzobispo Miguel Cabrejos\",\"CEBITEPAL\",\"CELAM\",\"Consejo Hispano de EEUU\",\"Elisabeth Rom\u00e1n\",\"Familia\",\"J\u00f3venes\",\"NCCHM\",\"P. Fabio Antunes do Nascimento\",\"Pastoral\",\"Trending\",\"Webinar\"],\"articleSection\":[\"Iglesia y Mundo\"],\"inLanguage\":\"es\"},{\"@type\":\"WebPage\",\"@id\":\"https:\\\/\\\/exaudi.org\\\/es\\\/celam-el-consejo-hispano-de-eeuu\\\/\",\"url\":\"https:\\\/\\\/exaudi.org\\\/es\\\/celam-el-consejo-hispano-de-eeuu\\\/\",\"name\":\"Alianza de formaci\u00f3n pastoral entre el CELAM y el Consejo Hispano de EEUU: Comienza serie de webinars &#8211; Exaudi\",\"isPartOf\":{\"@id\":\"https:\\\/\\\/exaudi.org\\\/#website\"},\"primaryImageOfPage\":{\"@id\":\"https:\\\/\\\/exaudi.org\\\/es\\\/celam-el-consejo-hispano-de-eeuu\\\/#primaryimage\"},\"image\":{\"@id\":\"https:\\\/\\\/exaudi.org\\\/es\\\/celam-el-consejo-hispano-de-eeuu\\\/#primaryimage\"},\"thumbnailUrl\":\"https:\\\/\\\/exaudi.org\\\/wp-content\\\/uploads\\\/2024\\\/02\\\/FIRMA-CONVENIO-NCCHM-CELAM-FOTO-PRINCIPAL.jpeg\",\"datePublished\":\"2024-02-27T08:52:25+00:00\",\"dateModified\":\"2024-02-27T09:06:34+00:00\",\"author\":{\"@id\":\"https:\\\/\\\/exaudi.org\\\/#\\\/schema\\\/person\\\/f5fc8f063065e38742da7afe15f25df7\"},\"breadcrumb\":{\"@id\":\"https:\\\/\\\/exaudi.org\\\/es\\\/celam-el-consejo-hispano-de-eeuu\\\/#breadcrumb\"},\"inLanguage\":\"es\",\"potentialAction\":[{\"@type\":\"ReadAction\",\"target\":[\"https:\\\/\\\/exaudi.org\\\/es\\\/celam-el-consejo-hispano-de-eeuu\\\/\"]}]},{\"@type\":\"ImageObject\",\"inLanguage\":\"es\",\"@id\":\"https:\\\/\\\/exaudi.org\\\/es\\\/celam-el-consejo-hispano-de-eeuu\\\/#primaryimage\",\"url\":\"https:\\\/\\\/exaudi.org\\\/wp-content\\\/uploads\\\/2024\\\/02\\\/FIRMA-CONVENIO-NCCHM-CELAM-FOTO-PRINCIPAL.jpeg\",\"contentUrl\":\"https:\\\/\\\/exaudi.org\\\/wp-content\\\/uploads\\\/2024\\\/02\\\/FIRMA-CONVENIO-NCCHM-CELAM-FOTO-PRINCIPAL.jpeg\",\"width\":1024,\"height\":768,\"caption\":\"Firma del convenio entre el NCCHM y el CELAM, marzo 2023\"},{\"@type\":\"BreadcrumbList\",\"@id\":\"https:\\\/\\\/exaudi.org\\\/es\\\/celam-el-consejo-hispano-de-eeuu\\\/#breadcrumb\",\"itemListElement\":[{\"@type\":\"ListItem\",\"position\":1,\"name\":\"Portada\",\"item\":\"https:\\\/\\\/exaudi.org\\\/es\\\/\"},{\"@type\":\"ListItem\",\"position\":2,\"name\":\"Alianza de formaci\u00f3n pastoral entre el CELAM y el Consejo Hispano de EEUU: Comienza serie de webinars\"}]},{\"@type\":\"WebSite\",\"@id\":\"https:\\\/\\\/exaudi.org\\\/#website\",\"url\":\"https:\\\/\\\/exaudi.org\\\/\",\"name\":\"Exaudi\",\"description\":\"News\",\"potentialAction\":[{\"@type\":\"SearchAction\",\"target\":{\"@type\":\"EntryPoint\",\"urlTemplate\":\"https:\\\/\\\/exaudi.org\\\/?s={search_term_string}\"},\"query-input\":{\"@type\":\"PropertyValueSpecification\",\"valueRequired\":true,\"valueName\":\"search_term_string\"}}],\"inLanguage\":\"es\"},{\"@type\":\"Person\",\"@id\":\"https:\\\/\\\/exaudi.org\\\/#\\\/schema\\\/person\\\/f5fc8f063065e38742da7afe15f25df7\",\"name\":\"Exaudi Redacci\u00f3n\",\"image\":{\"@type\":\"ImageObject\",\"inLanguage\":\"es\",\"@id\":\"https:\\\/\\\/secure.gravatar.com\\\/avatar\\\/fe0f6a059fb68d9b3e11bc5850dd4899b1c7492091a3cb6dd9b01b56ad828be2?s=96&d=mm&r=g\",\"url\":\"https:\\\/\\\/secure.gravatar.com\\\/avatar\\\/fe0f6a059fb68d9b3e11bc5850dd4899b1c7492091a3cb6dd9b01b56ad828be2?s=96&d=mm&r=g\",\"contentUrl\":\"https:\\\/\\\/secure.gravatar.com\\\/avatar\\\/fe0f6a059fb68d9b3e11bc5850dd4899b1c7492091a3cb6dd9b01b56ad828be2?s=96&d=mm&r=g\",\"caption\":\"Exaudi Redacci\u00f3n\"},\"description\":\"\u00bfQu\u00e9 es Exaudi News? Exaudi News es un medio de comunicaci\u00f3n cat\u00f3lico internacional que informa, forma y transforma, diariamente en espa\u00f1ol, ingl\u00e9s e italiano. A trav\u00e9s de noticias, art\u00edculos de an\u00e1lisis y transmisiones en directo de los eventos del Papa, Exaudi busca fortalecer la unidad de los cristianos y contribuir a la evangelizaci\u00f3n del mundo, siempre guiados por la doctrina social de la Iglesia. Trabajamos para acercar la verdad y los valores cristianos a cada rinc\u00f3n del planeta. \u00a1Ay\u00fadanos a transformar el mundo con Exaudi! En Exaudi creemos que la evangelizaci\u00f3n y la informaci\u00f3n de calidad pueden cambiar vidas. Para continuar con nuestra misi\u00f3n y expandir nuestro alcance, necesitamos tu ayuda. Adem\u00e1s, buscamos personas comprometidas que deseen unirse a nuestro equipo. Con tu apoyo, lograremos llegar a m\u00e1s personas, difundir el mensaje de Cristo y reforzar la unidad de los cristianos. \u00bfTe unes a nuestra misi\u00f3n? Para m\u00e1s informaci\u00f3n sobre c\u00f3mo colaborar, visita Exaudi.org\\\/es o cont\u00e1ctanos directamente: info@exaudi.org Exaudi: Informa, forma y transforma.\",\"sameAs\":[\"https:\\\/\\\/www.facebook.com\\\/ExaudiNoticias\\\/\",\"https:\\\/\\\/www.instagram.com\\\/exaudi_noticias\\\/\",\"https:\\\/\\\/x.com\\\/Exaudi_noticias\",\"https:\\\/\\\/www.youtube.com\\\/@exaudicatholicnews\"],\"url\":\"https:\\\/\\\/exaudi.org\\\/es\\\/author\\\/redaccionexaudi\\\/\"}]}<\/script>\n<!-- \/ Yoast SEO plugin. -->","yoast_head_json":{"title":"Alianza de formaci\u00f3n pastoral entre el CELAM y el Consejo Hispano de EEUU: Comienza serie de webinars &#8211; Exaudi","robots":{"index":"index","follow":"follow","max-snippet":"max-snippet:-1","max-image-preview":"max-image-preview:large","max-video-preview":"max-video-preview:-1"},"canonical":"https:\/\/exaudi.org\/es\/celam-el-consejo-hispano-de-eeuu\/","og_locale":"es_ES","og_type":"article","og_title":"Alianza de formaci\u00f3n pastoral entre el CELAM y el Consejo Hispano de EEUU: Comienza serie de webinars &#8211; Exaudi","og_description":"Las sesiones abarcar\u00e1n los cuatro pilares de la pastoral","og_url":"https:\/\/exaudi.org\/es\/celam-el-consejo-hispano-de-eeuu\/","og_site_name":"Exaudi","article_publisher":"https:\/\/www.facebook.com\/ExaudiNews","article_author":"https:\/\/www.facebook.com\/ExaudiNoticias\/","article_published_time":"2024-02-27T08:52:25+00:00","article_modified_time":"2024-02-27T09:06:34+00:00","og_image":[{"width":1024,"height":768,"url":"https:\/\/exaudi.org\/wp-content\/uploads\/2024\/02\/FIRMA-CONVENIO-NCCHM-CELAM-FOTO-PRINCIPAL.jpeg","type":"image\/jpeg"}],"author":"Exaudi Redacci\u00f3n","twitter_card":"summary_large_image","twitter_creator":"@Exaudi_noticias","twitter_site":"@Exaudi_News","twitter_misc":{"Escrito por":"Exaudi Redacci\u00f3n","Tiempo de lectura":"2 minutos"},"schema":{"@context":"https:\/\/schema.org","@graph":[{"@type":"Article","@id":"https:\/\/exaudi.org\/es\/celam-el-consejo-hispano-de-eeuu\/#article","isPartOf":{"@id":"https:\/\/exaudi.org\/es\/celam-el-consejo-hispano-de-eeuu\/"},"author":{"name":"Exaudi Redacci\u00f3n","@id":"https:\/\/exaudi.org\/#\/schema\/person\/f5fc8f063065e38742da7afe15f25df7"},"headline":"Alianza de formaci\u00f3n pastoral entre el CELAM y el Consejo Hispano de EEUU: Comienza serie de webinars","datePublished":"2024-02-27T08:52:25+00:00","dateModified":"2024-02-27T09:06:34+00:00","mainEntityOfPage":{"@id":"https:\/\/exaudi.org\/es\/celam-el-consejo-hispano-de-eeuu\/"},"wordCount":503,"image":{"@id":"https:\/\/exaudi.org\/es\/celam-el-consejo-hispano-de-eeuu\/#primaryimage"},"thumbnailUrl":"https:\/\/exaudi.org\/wp-content\/uploads\/2024\/02\/FIRMA-CONVENIO-NCCHM-CELAM-FOTO-PRINCIPAL.jpeg","keywords":["Arzobispo Miguel Cabrejos","CEBITEPAL","CELAM","Consejo Hispano de EEUU","Elisabeth Rom\u00e1n","Familia","J\u00f3venes","NCCHM","P. Fabio Antunes do Nascimento","Pastoral","Trending","Webinar"],"articleSection":["Iglesia y Mundo"],"inLanguage":"es"},{"@type":"WebPage","@id":"https:\/\/exaudi.org\/es\/celam-el-consejo-hispano-de-eeuu\/","url":"https:\/\/exaudi.org\/es\/celam-el-consejo-hispano-de-eeuu\/","name":"Alianza de formaci\u00f3n pastoral entre el CELAM y el Consejo Hispano de EEUU: Comienza serie de webinars &#8211; Exaudi","isPartOf":{"@id":"https:\/\/exaudi.org\/#website"},"primaryImageOfPage":{"@id":"https:\/\/exaudi.org\/es\/celam-el-consejo-hispano-de-eeuu\/#primaryimage"},"image":{"@id":"https:\/\/exaudi.org\/es\/celam-el-consejo-hispano-de-eeuu\/#primaryimage"},"thumbnailUrl":"https:\/\/exaudi.org\/wp-content\/uploads\/2024\/02\/FIRMA-CONVENIO-NCCHM-CELAM-FOTO-PRINCIPAL.jpeg","datePublished":"2024-02-27T08:52:25+00:00","dateModified":"2024-02-27T09:06:34+00:00","author":{"@id":"https:\/\/exaudi.org\/#\/schema\/person\/f5fc8f063065e38742da7afe15f25df7"},"breadcrumb":{"@id":"https:\/\/exaudi.org\/es\/celam-el-consejo-hispano-de-eeuu\/#breadcrumb"},"inLanguage":"es","potentialAction":[{"@type":"ReadAction","target":["https:\/\/exaudi.org\/es\/celam-el-consejo-hispano-de-eeuu\/"]}]},{"@type":"ImageObject","inLanguage":"es","@id":"https:\/\/exaudi.org\/es\/celam-el-consejo-hispano-de-eeuu\/#primaryimage","url":"https:\/\/exaudi.org\/wp-content\/uploads\/2024\/02\/FIRMA-CONVENIO-NCCHM-CELAM-FOTO-PRINCIPAL.jpeg","contentUrl":"https:\/\/exaudi.org\/wp-content\/uploads\/2024\/02\/FIRMA-CONVENIO-NCCHM-CELAM-FOTO-PRINCIPAL.jpeg","width":1024,"height":768,"caption":"Firma del convenio entre el NCCHM y el CELAM, marzo 2023"},{"@type":"BreadcrumbList","@id":"https:\/\/exaudi.org\/es\/celam-el-consejo-hispano-de-eeuu\/#breadcrumb","itemListElement":[{"@type":"ListItem","position":1,"name":"Portada","item":"https:\/\/exaudi.org\/es\/"},{"@type":"ListItem","position":2,"name":"Alianza de formaci\u00f3n pastoral entre el CELAM y el Consejo Hispano de EEUU: Comienza serie de webinars"}]},{"@type":"WebSite","@id":"https:\/\/exaudi.org\/#website","url":"https:\/\/exaudi.org\/","name":"Exaudi","description":"News","potentialAction":[{"@type":"SearchAction","target":{"@type":"EntryPoint","urlTemplate":"https:\/\/exaudi.org\/?s={search_term_string}"},"query-input":{"@type":"PropertyValueSpecification","valueRequired":true,"valueName":"search_term_string"}}],"inLanguage":"es"},{"@type":"Person","@id":"https:\/\/exaudi.org\/#\/schema\/person\/f5fc8f063065e38742da7afe15f25df7","name":"Exaudi Redacci\u00f3n","image":{"@type":"ImageObject","inLanguage":"es","@id":"https:\/\/secure.gravatar.com\/avatar\/fe0f6a059fb68d9b3e11bc5850dd4899b1c7492091a3cb6dd9b01b56ad828be2?s=96&d=mm&r=g","url":"https:\/\/secure.gravatar.com\/avatar\/fe0f6a059fb68d9b3e11bc5850dd4899b1c7492091a3cb6dd9b01b56ad828be2?s=96&d=mm&r=g","contentUrl":"https:\/\/secure.gravatar.com\/avatar\/fe0f6a059fb68d9b3e11bc5850dd4899b1c7492091a3cb6dd9b01b56ad828be2?s=96&d=mm&r=g","caption":"Exaudi Redacci\u00f3n"},"description":"\u00bfQu\u00e9 es Exaudi News? Exaudi News es un medio de comunicaci\u00f3n cat\u00f3lico internacional que informa, forma y transforma, diariamente en espa\u00f1ol, ingl\u00e9s e italiano. A trav\u00e9s de noticias, art\u00edculos de an\u00e1lisis y transmisiones en directo de los eventos del Papa, Exaudi busca fortalecer la unidad de los cristianos y contribuir a la evangelizaci\u00f3n del mundo, siempre guiados por la doctrina social de la Iglesia. Trabajamos para acercar la verdad y los valores cristianos a cada rinc\u00f3n del planeta. \u00a1Ay\u00fadanos a transformar el mundo con Exaudi! En Exaudi creemos que la evangelizaci\u00f3n y la informaci\u00f3n de calidad pueden cambiar vidas. Para continuar con nuestra misi\u00f3n y expandir nuestro alcance, necesitamos tu ayuda. Adem\u00e1s, buscamos personas comprometidas que deseen unirse a nuestro equipo. Con tu apoyo, lograremos llegar a m\u00e1s personas, difundir el mensaje de Cristo y reforzar la unidad de los cristianos. \u00bfTe unes a nuestra misi\u00f3n? Para m\u00e1s informaci\u00f3n sobre c\u00f3mo colaborar, visita Exaudi.org\/es o cont\u00e1ctanos directamente: info@exaudi.org Exaudi: Informa, forma y transforma.","sameAs":["https:\/\/www.facebook.com\/ExaudiNoticias\/","https:\/\/www.instagram.com\/exaudi_noticias\/","https:\/\/x.com\/Exaudi_noticias","https:\/\/www.youtube.com\/@exaudicatholicnews"],"url":"https:\/\/exaudi.org\/es\/author\/redaccionexaudi\/"}]}},"jetpack_featured_media_url":"https:\/\/exaudi.org\/wp-content\/uploads\/2024\/02\/FIRMA-CONVENIO-NCCHM-CELAM-FOTO-PRINCIPAL.jpeg","jetpack_shortlink":"https:\/\/wp.me\/pgKjF2-oNE","_links":{"self":[{"href":"https:\/\/exaudi.org\/es\/wp-json\/wp\/v2\/posts\/95334","targetHints":{"allow":["GET"]}}],"collection":[{"href":"https:\/\/exaudi.org\/es\/wp-json\/wp\/v2\/posts"}],"about":[{"href":"https:\/\/exaudi.org\/es\/wp-json\/wp\/v2\/types\/post"}],"author":[{"embeddable":true,"href":"https:\/\/exaudi.org\/es\/wp-json\/wp\/v2\/users\/15"}],"replies":[{"embeddable":true,"href":"https:\/\/exaudi.org\/es\/wp-json\/wp\/v2\/comments?post=95334"}],"version-history":[{"count":0,"href":"https:\/\/exaudi.org\/es\/wp-json\/wp\/v2\/posts\/95334\/revisions"}],"wp:featuredmedia":[{"embeddable":true,"href":"https:\/\/exaudi.org\/es\/wp-json\/wp\/v2\/media\/95335"}],"wp:attachment":[{"href":"https:\/\/exaudi.org\/es\/wp-json\/wp\/v2\/media?parent=95334"}],"wp:term":[{"taxonomy":"category","embeddable":true,"href":"https:\/\/exaudi.org\/es\/wp-json\/wp\/v2\/categories?post=95334"},{"taxonomy":"post_tag","embeddable":true,"href":"https:\/\/exaudi.org\/es\/wp-json\/wp\/v2\/tags?post=95334"}],"curies":[{"name":"wp","href":"https:\/\/api.w.org\/{rel}","templated":true}]}}