{"id":95155,"date":"2024-02-25T10:24:47","date_gmt":"2024-02-25T09:24:47","guid":{"rendered":"https:\/\/exaudi.org\/?p=95155"},"modified":"2024-02-25T10:24:47","modified_gmt":"2024-02-25T09:24:47","slug":"este-es-mi-hijo-el-amado-mi-predilecto-escuchadlo-comentario-p-jorge-miro","status":"publish","type":"post","link":"https:\/\/exaudi.org\/es\/este-es-mi-hijo-el-amado-mi-predilecto-escuchadlo-comentario-p-jorge-miro\/","title":{"rendered":"Este es mi Hijo, el amado, mi predilecto. Escuchadlo: Comentario P. Jorge Mir\u00f3"},"content":{"rendered":"<p>El P. Jorge Mir\u00f3 comparte con los lectores de Exaudi su comentario sobre el\u00a0<a href=\"https:\/\/www.dominicos.org\/predicacion\/homilia\/25-2-2024\/lecturas\/\" target=\"_blank\" rel=\"noopener\">Evangelio de hoy, domingo 25 de febrero de 2024<\/a>, titulado \u201c<em>Este es mi Hijo, el amado, mi predilecto. Escuchadlo<\/em>\u201d<\/p>\n<p>***<\/p>\n<p>Hoy el Evangelio nos habla de la Transfiguraci\u00f3n del Se\u00f1or: antes de llegar al drama de la Pasi\u00f3n, Jesucristo se manifiesta <em>transfigurado, glorioso<\/em>, ante sus disc\u00edpulos.<\/p>\n<p>La Transfiguraci\u00f3n es un anuncio y un anticipo glorioso de la Resurrecci\u00f3n del Se\u00f1or.<\/p>\n<p>Con ello, la Palabra de Dios quiere darte \u00e1nimo en tu caminar hacia la vida eterna. Quiere recordarte que <em>eres ciudadano del cielo. <\/em>No eres un <em>vagabundo <\/em>existencial caminando hacia ninguna parte, sino un <em>peregrino <\/em>en marcha hacia el cielo<em>.<\/em><\/p>\n<p>La luz de la vida eterna transfigura la cruz, y de dolorosa la transforma en <em>gloriosa<\/em>. Y por eso Jesucristo te recuerda que <em>de nada te sirve ganar el mundo entero si se pierde tu alma<\/em>. Todo ser\u00eda in\u00fatil si no alcanzas la vida eterna.<\/p>\n<p>Hoy el Se\u00f1or te invita a entrar en el misterio de la cruz, desde la fe. La primera lectura nos recuerda a Abrah\u00e1n, nuestro padre en la fe, y <em>nos muestra la vida cristiana como un largo camino que hay que recorrer<\/em>.<\/p>\n<p>Dios te llama, como a Abrah\u00e1n, te invita a recorrer el camino, y lo importante es no parar, lo importante es avanzar sin cesar en ese camino de la salvaci\u00f3n.<\/p>\n<p>Abrah\u00e1n es creyente y obediente a la Palabra de Dios, est\u00e1 dispuesto a todo: se f\u00eda de Dios. En esto consiste la fe: en saberte amado por Dios, en fiarte de \u00c9l y aceptar su palabra como palabra de amor y de salvaci\u00f3n, aunque muchas veces te desconcierte.<\/p>\n<p>El Evangelio, por su parte, nos muestra tambi\u00e9n cu\u00e1l es el <em>motor<\/em> para avanzar en esta peregrinaci\u00f3n, en la que lo importante no es participar, sino ganar: <em>Este es mi Hijo, el amado, mi predilecto. Escuchadlo.<\/em><\/p>\n<p>Avanza en el camino de la vida eterna aquel que, humildemente, <em>escucha<\/em> a Jesucristo, lo acepta como el Maestro y lo proclama como \u00fanico Se\u00f1or y deja que el Esp\u00edritu Santo le regale un coraz\u00f3n nuevo con sus mismos sentimientos y actitudes, tratando de vivir cada d\u00eda como vivi\u00f3 \u00c9l.<\/p>\n<p>Avanza en el camino de la vida eterna aquel que no se a\u00edsla viviendo la fe de una manera solitaria e individualista. Dios ha hecho alianza con un pueblo y te invita a vivir y a caminar con este pueblo, con la Iglesia, con los hermanos concretos que el Se\u00f1or te ha regalado, como un <em>don, <\/em>como una ayuda preciosa. Dios no te ha creado para la soledad, sino para la <em>relaci\u00f3n<\/em>, la <em>comuni\u00f3n<\/em> y la <em>donaci\u00f3n<\/em>.<\/p>\n<p>\u00bfTe animas a seguir en serio el camino? \u00a1Vale la pena! \u00a1L\u00e1nzate a la aventura! \u00a1Atr\u00e9vete! \u00a1No te defraudar\u00e1!<\/p>\n<p>\u00a1Ven Esp\u00edritu Santo!<\/p>\n","protected":false},"excerpt":{"rendered":"<p>Domingo 25 de febrero de 2024<br \/>\n2\u00ba de Cuaresma<\/p>\n","protected":false},"author":20,"featured_media":95159,"comment_status":"closed","ping_status":"closed","sticky":false,"template":"","format":"standard","meta":{"_acf_changed":false,"_crdt_document":"","inline_featured_image":false,"footnotes":""},"categories":[96,74],"tags":[1087,175,1372,6281,4953],"class_list":["post-95155","post","type-post","status-publish","format-standard","has-post-thumbnail","hentry","category-espiritualidad","category-iglesia-y-mundo","tag-comentario","tag-cuaresma","tag-evangelio","tag-jorge-miro","tag-trending-es"],"acf":[],"yoast_head":"<!-- This site is optimized with the Yoast SEO plugin v27.4 - https:\/\/yoast.com\/product\/yoast-seo-wordpress\/ -->\n<title>Este es mi Hijo, el amado, mi predilecto. Escuchadlo: Comentario P. Jorge Mir\u00f3 &#8211; Exaudi<\/title>\n<meta name=\"robots\" content=\"index, follow, max-snippet:-1, max-image-preview:large, max-video-preview:-1\" \/>\n<link rel=\"canonical\" href=\"https:\/\/exaudi.org\/es\/este-es-mi-hijo-el-amado-mi-predilecto-escuchadlo-comentario-p-jorge-miro\/\" \/>\n<meta property=\"og:locale\" content=\"es_ES\" \/>\n<meta property=\"og:type\" content=\"article\" \/>\n<meta property=\"og:title\" content=\"Este es mi Hijo, el amado, mi predilecto. Escuchadlo: Comentario P. Jorge Mir\u00f3 &#8211; Exaudi\" \/>\n<meta property=\"og:description\" content=\"Domingo 25 de febrero de 2024  2\u00ba de Cuaresma\" \/>\n<meta property=\"og:url\" content=\"https:\/\/exaudi.org\/es\/este-es-mi-hijo-el-amado-mi-predilecto-escuchadlo-comentario-p-jorge-miro\/\" \/>\n<meta property=\"og:site_name\" content=\"Exaudi\" \/>\n<meta property=\"article:publisher\" content=\"https:\/\/www.facebook.com\/ExaudiNews\" \/>\n<meta property=\"article:published_time\" content=\"2024-02-25T09:24:47+00:00\" \/>\n<meta property=\"og:image\" content=\"https:\/\/exaudi.org\/wp-content\/uploads\/2024\/02\/pexels-tima-miroshnichenko-6860470-scaled.jpg\" \/>\n\t<meta property=\"og:image:width\" content=\"2560\" \/>\n\t<meta property=\"og:image:height\" content=\"1707\" \/>\n\t<meta property=\"og:image:type\" content=\"image\/jpeg\" \/>\n<meta name=\"author\" content=\"Jorge Mir\u00f3\" \/>\n<meta name=\"twitter:card\" content=\"summary_large_image\" \/>\n<meta name=\"twitter:creator\" content=\"@Exaudi_News\" \/>\n<meta name=\"twitter:site\" content=\"@Exaudi_News\" \/>\n<meta name=\"twitter:label1\" content=\"Escrito por\" \/>\n\t<meta name=\"twitter:data1\" content=\"Jorge Mir\u00f3\" \/>\n\t<meta name=\"twitter:label2\" content=\"Tiempo de lectura\" \/>\n\t<meta name=\"twitter:data2\" content=\"2 minutos\" \/>\n<script type=\"application\/ld+json\" class=\"yoast-schema-graph\">{\"@context\":\"https:\\\/\\\/schema.org\",\"@graph\":[{\"@type\":\"Article\",\"@id\":\"https:\\\/\\\/exaudi.org\\\/es\\\/este-es-mi-hijo-el-amado-mi-predilecto-escuchadlo-comentario-p-jorge-miro\\\/#article\",\"isPartOf\":{\"@id\":\"https:\\\/\\\/exaudi.org\\\/es\\\/este-es-mi-hijo-el-amado-mi-predilecto-escuchadlo-comentario-p-jorge-miro\\\/\"},\"author\":{\"name\":\"Jorge Mir\u00f3\",\"@id\":\"https:\\\/\\\/exaudi.org\\\/#\\\/schema\\\/person\\\/a258c56b05e63b2b367bdca29e0ed3e3\"},\"headline\":\"Este es mi Hijo, el amado, mi predilecto. Escuchadlo: Comentario P. Jorge Mir\u00f3\",\"datePublished\":\"2024-02-25T09:24:47+00:00\",\"mainEntityOfPage\":{\"@id\":\"https:\\\/\\\/exaudi.org\\\/es\\\/este-es-mi-hijo-el-amado-mi-predilecto-escuchadlo-comentario-p-jorge-miro\\\/\"},\"wordCount\":505,\"image\":{\"@id\":\"https:\\\/\\\/exaudi.org\\\/es\\\/este-es-mi-hijo-el-amado-mi-predilecto-escuchadlo-comentario-p-jorge-miro\\\/#primaryimage\"},\"thumbnailUrl\":\"https:\\\/\\\/exaudi.org\\\/wp-content\\\/uploads\\\/2024\\\/02\\\/pexels-tima-miroshnichenko-6860470-scaled.jpg\",\"keywords\":[\"Comentario\",\"cuaresma\",\"Evangelio\",\"Jorge Mir\u00f3\",\"Trending\"],\"articleSection\":[\"Espiritualidad\",\"Iglesia y Mundo\"],\"inLanguage\":\"es\"},{\"@type\":\"WebPage\",\"@id\":\"https:\\\/\\\/exaudi.org\\\/es\\\/este-es-mi-hijo-el-amado-mi-predilecto-escuchadlo-comentario-p-jorge-miro\\\/\",\"url\":\"https:\\\/\\\/exaudi.org\\\/es\\\/este-es-mi-hijo-el-amado-mi-predilecto-escuchadlo-comentario-p-jorge-miro\\\/\",\"name\":\"Este es mi Hijo, el amado, mi predilecto. Escuchadlo: Comentario P. Jorge Mir\u00f3 &#8211; Exaudi\",\"isPartOf\":{\"@id\":\"https:\\\/\\\/exaudi.org\\\/#website\"},\"primaryImageOfPage\":{\"@id\":\"https:\\\/\\\/exaudi.org\\\/es\\\/este-es-mi-hijo-el-amado-mi-predilecto-escuchadlo-comentario-p-jorge-miro\\\/#primaryimage\"},\"image\":{\"@id\":\"https:\\\/\\\/exaudi.org\\\/es\\\/este-es-mi-hijo-el-amado-mi-predilecto-escuchadlo-comentario-p-jorge-miro\\\/#primaryimage\"},\"thumbnailUrl\":\"https:\\\/\\\/exaudi.org\\\/wp-content\\\/uploads\\\/2024\\\/02\\\/pexels-tima-miroshnichenko-6860470-scaled.jpg\",\"datePublished\":\"2024-02-25T09:24:47+00:00\",\"author\":{\"@id\":\"https:\\\/\\\/exaudi.org\\\/#\\\/schema\\\/person\\\/a258c56b05e63b2b367bdca29e0ed3e3\"},\"breadcrumb\":{\"@id\":\"https:\\\/\\\/exaudi.org\\\/es\\\/este-es-mi-hijo-el-amado-mi-predilecto-escuchadlo-comentario-p-jorge-miro\\\/#breadcrumb\"},\"inLanguage\":\"es\",\"potentialAction\":[{\"@type\":\"ReadAction\",\"target\":[\"https:\\\/\\\/exaudi.org\\\/es\\\/este-es-mi-hijo-el-amado-mi-predilecto-escuchadlo-comentario-p-jorge-miro\\\/\"]}]},{\"@type\":\"ImageObject\",\"inLanguage\":\"es\",\"@id\":\"https:\\\/\\\/exaudi.org\\\/es\\\/este-es-mi-hijo-el-amado-mi-predilecto-escuchadlo-comentario-p-jorge-miro\\\/#primaryimage\",\"url\":\"https:\\\/\\\/exaudi.org\\\/wp-content\\\/uploads\\\/2024\\\/02\\\/pexels-tima-miroshnichenko-6860470-scaled.jpg\",\"contentUrl\":\"https:\\\/\\\/exaudi.org\\\/wp-content\\\/uploads\\\/2024\\\/02\\\/pexels-tima-miroshnichenko-6860470-scaled.jpg\",\"width\":2560,\"height\":1707,\"caption\":\"Pexels\"},{\"@type\":\"BreadcrumbList\",\"@id\":\"https:\\\/\\\/exaudi.org\\\/es\\\/este-es-mi-hijo-el-amado-mi-predilecto-escuchadlo-comentario-p-jorge-miro\\\/#breadcrumb\",\"itemListElement\":[{\"@type\":\"ListItem\",\"position\":1,\"name\":\"Portada\",\"item\":\"https:\\\/\\\/exaudi.org\\\/es\\\/\"},{\"@type\":\"ListItem\",\"position\":2,\"name\":\"Este es mi Hijo, el amado, mi predilecto. Escuchadlo: Comentario P. Jorge Mir\u00f3\"}]},{\"@type\":\"WebSite\",\"@id\":\"https:\\\/\\\/exaudi.org\\\/#website\",\"url\":\"https:\\\/\\\/exaudi.org\\\/\",\"name\":\"Exaudi\",\"description\":\"News\",\"potentialAction\":[{\"@type\":\"SearchAction\",\"target\":{\"@type\":\"EntryPoint\",\"urlTemplate\":\"https:\\\/\\\/exaudi.org\\\/?s={search_term_string}\"},\"query-input\":{\"@type\":\"PropertyValueSpecification\",\"valueRequired\":true,\"valueName\":\"search_term_string\"}}],\"inLanguage\":\"es\"},{\"@type\":\"Person\",\"@id\":\"https:\\\/\\\/exaudi.org\\\/#\\\/schema\\\/person\\\/a258c56b05e63b2b367bdca29e0ed3e3\",\"name\":\"Jorge Mir\u00f3\",\"image\":{\"@type\":\"ImageObject\",\"inLanguage\":\"es\",\"@id\":\"https:\\\/\\\/secure.gravatar.com\\\/avatar\\\/f5ea26c436669b01b7b02124bf13596df002525d6f392707d301543be365bd44?s=96&d=mm&r=g\",\"url\":\"https:\\\/\\\/secure.gravatar.com\\\/avatar\\\/f5ea26c436669b01b7b02124bf13596df002525d6f392707d301543be365bd44?s=96&d=mm&r=g\",\"contentUrl\":\"https:\\\/\\\/secure.gravatar.com\\\/avatar\\\/f5ea26c436669b01b7b02124bf13596df002525d6f392707d301543be365bd44?s=96&d=mm&r=g\",\"caption\":\"Jorge Mir\u00f3\"},\"description\":\"Sacerdote de la archidi\u00f3cesis de Valencia y profesor en la Facultad de Ciencias Jur\u00eddicas, Econ\u00f3micas y Sociales de la Universidad Cat\u00f3lica de Valencia\",\"url\":\"https:\\\/\\\/exaudi.org\\\/es\\\/author\\\/jorgemiro\\\/\"}]}<\/script>\n<!-- \/ Yoast SEO plugin. -->","yoast_head_json":{"title":"Este es mi Hijo, el amado, mi predilecto. Escuchadlo: Comentario P. Jorge Mir\u00f3 &#8211; Exaudi","robots":{"index":"index","follow":"follow","max-snippet":"max-snippet:-1","max-image-preview":"max-image-preview:large","max-video-preview":"max-video-preview:-1"},"canonical":"https:\/\/exaudi.org\/es\/este-es-mi-hijo-el-amado-mi-predilecto-escuchadlo-comentario-p-jorge-miro\/","og_locale":"es_ES","og_type":"article","og_title":"Este es mi Hijo, el amado, mi predilecto. Escuchadlo: Comentario P. Jorge Mir\u00f3 &#8211; Exaudi","og_description":"Domingo 25 de febrero de 2024  2\u00ba de Cuaresma","og_url":"https:\/\/exaudi.org\/es\/este-es-mi-hijo-el-amado-mi-predilecto-escuchadlo-comentario-p-jorge-miro\/","og_site_name":"Exaudi","article_publisher":"https:\/\/www.facebook.com\/ExaudiNews","article_published_time":"2024-02-25T09:24:47+00:00","og_image":[{"width":2560,"height":1707,"url":"https:\/\/exaudi.org\/wp-content\/uploads\/2024\/02\/pexels-tima-miroshnichenko-6860470-scaled.jpg","type":"image\/jpeg"}],"author":"Jorge Mir\u00f3","twitter_card":"summary_large_image","twitter_creator":"@Exaudi_News","twitter_site":"@Exaudi_News","twitter_misc":{"Escrito por":"Jorge Mir\u00f3","Tiempo de lectura":"2 minutos"},"schema":{"@context":"https:\/\/schema.org","@graph":[{"@type":"Article","@id":"https:\/\/exaudi.org\/es\/este-es-mi-hijo-el-amado-mi-predilecto-escuchadlo-comentario-p-jorge-miro\/#article","isPartOf":{"@id":"https:\/\/exaudi.org\/es\/este-es-mi-hijo-el-amado-mi-predilecto-escuchadlo-comentario-p-jorge-miro\/"},"author":{"name":"Jorge Mir\u00f3","@id":"https:\/\/exaudi.org\/#\/schema\/person\/a258c56b05e63b2b367bdca29e0ed3e3"},"headline":"Este es mi Hijo, el amado, mi predilecto. Escuchadlo: Comentario P. Jorge Mir\u00f3","datePublished":"2024-02-25T09:24:47+00:00","mainEntityOfPage":{"@id":"https:\/\/exaudi.org\/es\/este-es-mi-hijo-el-amado-mi-predilecto-escuchadlo-comentario-p-jorge-miro\/"},"wordCount":505,"image":{"@id":"https:\/\/exaudi.org\/es\/este-es-mi-hijo-el-amado-mi-predilecto-escuchadlo-comentario-p-jorge-miro\/#primaryimage"},"thumbnailUrl":"https:\/\/exaudi.org\/wp-content\/uploads\/2024\/02\/pexels-tima-miroshnichenko-6860470-scaled.jpg","keywords":["Comentario","cuaresma","Evangelio","Jorge Mir\u00f3","Trending"],"articleSection":["Espiritualidad","Iglesia y Mundo"],"inLanguage":"es"},{"@type":"WebPage","@id":"https:\/\/exaudi.org\/es\/este-es-mi-hijo-el-amado-mi-predilecto-escuchadlo-comentario-p-jorge-miro\/","url":"https:\/\/exaudi.org\/es\/este-es-mi-hijo-el-amado-mi-predilecto-escuchadlo-comentario-p-jorge-miro\/","name":"Este es mi Hijo, el amado, mi predilecto. Escuchadlo: Comentario P. Jorge Mir\u00f3 &#8211; Exaudi","isPartOf":{"@id":"https:\/\/exaudi.org\/#website"},"primaryImageOfPage":{"@id":"https:\/\/exaudi.org\/es\/este-es-mi-hijo-el-amado-mi-predilecto-escuchadlo-comentario-p-jorge-miro\/#primaryimage"},"image":{"@id":"https:\/\/exaudi.org\/es\/este-es-mi-hijo-el-amado-mi-predilecto-escuchadlo-comentario-p-jorge-miro\/#primaryimage"},"thumbnailUrl":"https:\/\/exaudi.org\/wp-content\/uploads\/2024\/02\/pexels-tima-miroshnichenko-6860470-scaled.jpg","datePublished":"2024-02-25T09:24:47+00:00","author":{"@id":"https:\/\/exaudi.org\/#\/schema\/person\/a258c56b05e63b2b367bdca29e0ed3e3"},"breadcrumb":{"@id":"https:\/\/exaudi.org\/es\/este-es-mi-hijo-el-amado-mi-predilecto-escuchadlo-comentario-p-jorge-miro\/#breadcrumb"},"inLanguage":"es","potentialAction":[{"@type":"ReadAction","target":["https:\/\/exaudi.org\/es\/este-es-mi-hijo-el-amado-mi-predilecto-escuchadlo-comentario-p-jorge-miro\/"]}]},{"@type":"ImageObject","inLanguage":"es","@id":"https:\/\/exaudi.org\/es\/este-es-mi-hijo-el-amado-mi-predilecto-escuchadlo-comentario-p-jorge-miro\/#primaryimage","url":"https:\/\/exaudi.org\/wp-content\/uploads\/2024\/02\/pexels-tima-miroshnichenko-6860470-scaled.jpg","contentUrl":"https:\/\/exaudi.org\/wp-content\/uploads\/2024\/02\/pexels-tima-miroshnichenko-6860470-scaled.jpg","width":2560,"height":1707,"caption":"Pexels"},{"@type":"BreadcrumbList","@id":"https:\/\/exaudi.org\/es\/este-es-mi-hijo-el-amado-mi-predilecto-escuchadlo-comentario-p-jorge-miro\/#breadcrumb","itemListElement":[{"@type":"ListItem","position":1,"name":"Portada","item":"https:\/\/exaudi.org\/es\/"},{"@type":"ListItem","position":2,"name":"Este es mi Hijo, el amado, mi predilecto. Escuchadlo: Comentario P. Jorge Mir\u00f3"}]},{"@type":"WebSite","@id":"https:\/\/exaudi.org\/#website","url":"https:\/\/exaudi.org\/","name":"Exaudi","description":"News","potentialAction":[{"@type":"SearchAction","target":{"@type":"EntryPoint","urlTemplate":"https:\/\/exaudi.org\/?s={search_term_string}"},"query-input":{"@type":"PropertyValueSpecification","valueRequired":true,"valueName":"search_term_string"}}],"inLanguage":"es"},{"@type":"Person","@id":"https:\/\/exaudi.org\/#\/schema\/person\/a258c56b05e63b2b367bdca29e0ed3e3","name":"Jorge Mir\u00f3","image":{"@type":"ImageObject","inLanguage":"es","@id":"https:\/\/secure.gravatar.com\/avatar\/f5ea26c436669b01b7b02124bf13596df002525d6f392707d301543be365bd44?s=96&d=mm&r=g","url":"https:\/\/secure.gravatar.com\/avatar\/f5ea26c436669b01b7b02124bf13596df002525d6f392707d301543be365bd44?s=96&d=mm&r=g","contentUrl":"https:\/\/secure.gravatar.com\/avatar\/f5ea26c436669b01b7b02124bf13596df002525d6f392707d301543be365bd44?s=96&d=mm&r=g","caption":"Jorge Mir\u00f3"},"description":"Sacerdote de la archidi\u00f3cesis de Valencia y profesor en la Facultad de Ciencias Jur\u00eddicas, Econ\u00f3micas y Sociales de la Universidad Cat\u00f3lica de Valencia","url":"https:\/\/exaudi.org\/es\/author\/jorgemiro\/"}]}},"jetpack_featured_media_url":"https:\/\/exaudi.org\/wp-content\/uploads\/2024\/02\/pexels-tima-miroshnichenko-6860470-scaled.jpg","jetpack_shortlink":"https:\/\/wp.me\/pgKjF2-oKL","_links":{"self":[{"href":"https:\/\/exaudi.org\/es\/wp-json\/wp\/v2\/posts\/95155","targetHints":{"allow":["GET"]}}],"collection":[{"href":"https:\/\/exaudi.org\/es\/wp-json\/wp\/v2\/posts"}],"about":[{"href":"https:\/\/exaudi.org\/es\/wp-json\/wp\/v2\/types\/post"}],"author":[{"embeddable":true,"href":"https:\/\/exaudi.org\/es\/wp-json\/wp\/v2\/users\/20"}],"replies":[{"embeddable":true,"href":"https:\/\/exaudi.org\/es\/wp-json\/wp\/v2\/comments?post=95155"}],"version-history":[{"count":0,"href":"https:\/\/exaudi.org\/es\/wp-json\/wp\/v2\/posts\/95155\/revisions"}],"wp:featuredmedia":[{"embeddable":true,"href":"https:\/\/exaudi.org\/es\/wp-json\/wp\/v2\/media\/95159"}],"wp:attachment":[{"href":"https:\/\/exaudi.org\/es\/wp-json\/wp\/v2\/media?parent=95155"}],"wp:term":[{"taxonomy":"category","embeddable":true,"href":"https:\/\/exaudi.org\/es\/wp-json\/wp\/v2\/categories?post=95155"},{"taxonomy":"post_tag","embeddable":true,"href":"https:\/\/exaudi.org\/es\/wp-json\/wp\/v2\/tags?post=95155"}],"curies":[{"name":"wp","href":"https:\/\/api.w.org\/{rel}","templated":true}]}}