{"id":95137,"date":"2024-02-24T09:08:07","date_gmt":"2024-02-24T08:08:07","guid":{"rendered":"https:\/\/exaudi.org\/?p=95137"},"modified":"2024-02-24T09:08:07","modified_gmt":"2024-02-24T08:08:07","slug":"reflexion-de-mons-enrique-diaz-siempre-confiare-en-el-senor","status":"publish","type":"post","link":"https:\/\/exaudi.org\/es\/reflexion-de-mons-enrique-diaz-siempre-confiare-en-el-senor\/","title":{"rendered":"Reflexi\u00f3n de Mons. Enrique D\u00edaz: Siempre confiar\u00e9 en el Se\u00f1or"},"content":{"rendered":"<audio class=\"wp-audio-shortcode\" id=\"audio-95137-1\" preload=\"none\" style=\"width: 100%;\" controls=\"controls\"><source type=\"audio\/mpeg\" src=\"https:\/\/exaudi.org\/wp-content\/uploads\/2024\/02\/25-Febrero.mp3?_=1\" \/><a href=\"https:\/\/exaudi.org\/wp-content\/uploads\/2024\/02\/25-Febrero.mp3\">https:\/\/exaudi.org\/wp-content\/uploads\/2024\/02\/25-Febrero.mp3<\/a><\/audio>\n<p>Mons. Enrique D\u00edaz D\u00edaz comparte con los lectores de Exaudi su reflexi\u00f3n sobre el\u00a0<a href=\"https:\/\/www.dominicos.org\/predicacion\/homilia\/25-2-2024\/lecturas\/\" target=\"_blank\" rel=\"noopener\">Evangelio de este Domingo 24 de febrero de 2024<\/a>, titulado:\u00a0<em>\u201cSiempre confiar\u00e9 en el Se\u00f1or\u201d<\/em><\/p>\n<p>***<\/p>\n<p>G\u00e9nesis 22, 1-2, 9-13, 15-18: <em>\u201cEl sacrificio de nuestro patriarca Abraham\u201d<\/em><\/p>\n<p>Salmo 115: <em>\u201cSiempre confiar\u00e9 en el Se\u00f1or\u201d<\/em><\/p>\n<p>Romanos 8, 31-34: <em>\u201cDios nos entreg\u00f3 a su propio Hijo\u201d<\/em><\/p>\n<p>San Marcos 9, 2-10: <em>\u201cEste es mi Hijo amado\u201d<\/em><\/p>\n<p>En nuestra vida hay momentos de oscuridad que\u00a0 nos confunden y obstaculizan nuestros ideales. Parecen momentos de profunda noche que impiden nuestro camino. As\u00ed le sucede a Abraham cuando escucha el mandato del Se\u00f1or pidiendo en sacrificio la vida de su hijo. Tambi\u00e9n es noche y oscuridad para muchas personas que se sienten acusadas y condenadas con Pablo. Es noche para los desconcertados disc\u00edpulos al escuchar a su maestro hablar del camino de la cruz. Quisi\u00e9ramos dejar pronto la oscuridad y revestirnos de la luz. No es tan f\u00e1cil, se requiere recorrer la oscuridad para escuchar como Abraham que no extienda la mano sobre su hijo, o como Pablo que se aferra a la seguridad de que \u201cSi Dios est\u00e1 con nosotros \u00bfQui\u00e9n estar\u00e1 en contra nuestra?\u201d Tambi\u00e9n los disc\u00edpulos recorrer\u00e1n en la inseguridad el camino del Se\u00f1or para poder contemplarlo como luz salvadora.<\/p>\n<p>Colocada en el centro del Evangelio de San Marcos, la transfiguraci\u00f3n de Jes\u00fas se presenta como una de las escenas m\u00e1s importantes del Nuevo Testamento. Es como mirar la meta hacia donde se dirigen los pasos para no escatimar las dificultades del camino. San Marcos nos ayuda a descubrir, a trav\u00e9s del propio descubrimiento de los disc\u00edpulos, la identidad de Jes\u00fas y a la vez el sentido del propio camino. En este camino de descubrimiento no puede faltar la gran clave de interpretaci\u00f3n\u00a0 para comprender el misterio de Jes\u00fas: su pasi\u00f3n y resurrecci\u00f3n. Tras las crisis y las dudas que pueden asaltar a los disc\u00edpulos al contemplar a un Mes\u00edas no triunfal sino entregado, es Dios mismo quien habla para confirmar a Jes\u00fas en el camino que ha elegido. Es como una nueva revelaci\u00f3n parecida a la del Bautismo pero ahora dirigida tambi\u00e9n a los disc\u00edpulos. Pero no basta conocer y saber que Jes\u00fas es el Mes\u00edas, el contemplarlo se convierte en una norma de vida: <em>\u201cEse es mi Hijo amado; esc\u00fachenlo\u201d.<\/em><\/p>\n<p>El camino de la Transfiguraci\u00f3n nos explica el camino de la cuaresma: es el tiempo de recogimiento y silencio, de dolor y fortalecimiento, pero no para quedarse ocultos y sobreprotegidos desde\u00f1ando el compromiso diario que nos lleve a transformar la realidad. Hay tiempo de descubrimiento del Se\u00f1or y de nutrirse de sus ense\u00f1anzas, pero no para aislarlos irresponsablemente de un mundo que nos exige nuestra participaci\u00f3n y \u00a0nuestro compromiso. El cristiano se tiene que abrir y romper las protecciones para salir a enfrentarse a un mundo de injusticias y sin sentido donde se lucha en medio de las tinieblas pero buscando, anhelando, un sentido y una orientaci\u00f3n para sus esfuerzos. El disc\u00edpulo tiene el compromiso de romper sus capullos y no vivir entre algodones, inmiscuirse en la vida diaria para transformarla, probar el amargo sabor de la incomprensi\u00f3n, pero nunca perder el sentido de su actividad. Hay que arriesgarse para ver la luz, pero no volar sin sentido, a tontas y a locas, sino recordar qu\u00e9 es lo que da orientaci\u00f3n a nuestra vida: la muerte y resurrecci\u00f3n de Jes\u00fas. As\u00ed enfrentaremos las actividades diarias y les daremos su justo valor.<\/p>\n<p>Cualquiera de nosotros puede verse sumido en un abismo de dudas y desaliento al contemplar tanto el proyecto personal, como la vida de la Iglesia o el desarrollo de la sociedad. Son tiempos de falta de ideales, de tensiones y guerras, de injusticias y corrupci\u00f3n, que pueden llevarnos a una desilusi\u00f3n y abatimiento. Nos hemos equivocado en esperar resultados f\u00e1ciles e inmediatos sin tener presente la sabidur\u00eda y la paciencia de las contradicciones de la cruz. Y hoy el Se\u00f1or Jes\u00fas tambi\u00e9n nos llama a nosotros para que lo contemplemos y nos llenemos de esperanza, no en el triunfo f\u00e1cil, no en la conquista victoriosa, sino en su mismo camino y ense\u00f1anza. Hay que darse todo para llegar a su victoria.<\/p>\n<p>En medio de dos anuncios de la pasi\u00f3n, san Marcos nos presenta la Transfiguraci\u00f3n como para asegurar que la cruz es el camino para la glorificaci\u00f3n. A Pedro le costaba trabajo aceptar la cruz, pero no le cost\u00f3 ning\u00fan trabajo aceptar la Transfiguraci\u00f3n a tal grado de decir: \u201c\u00a1Qu\u00e9 a gusto estamos aqu\u00ed!\u201d Por un lado no hab\u00eda sufrimiento, pero por otro estaba la seguridad que da tener a Mois\u00e9s y a El\u00edas de su lado, la ley y los profetas. La voz venida del cielo da todo el sentido a este episodio: \u201cEste es mi Hijo amado, esc\u00fachenlo\u201d. Ya no estar\u00e1 la seguridad ni en la ley, ni en los profetas, ni el templo, ni en el sacrificio. El requisito es escuchar a Jes\u00fas y guardar su palabra. As\u00ed la Transfiguraci\u00f3n se convierte en la seguridad del verdadero disc\u00edpulo: se entrega a Jes\u00fas y no reh\u00faye todo el dolor que implica escuchar la palabra porque ha pre-visto la gloria. M\u00e1s que un episodio aislado en la vida de Jes\u00fas es s\u00edmbolo real de todo el cambio y la transformaci\u00f3n que hace de la religi\u00f3n jud\u00eda y del concepto de Mes\u00edas que prevalec\u00eda en los tiempos de Jes\u00fas. Ahora tambi\u00e9n nosotros corremos el riesgo de parecernos a Pedro que nos cobijamos con la ley y nuestras costumbres y no nos arriesgamos a escuchar realmente lo que quiere Jes\u00fas. Que al contemplar su rostro luminoso estemos tambi\u00e9n dispuestos a cargar la cruz y hacer su mismo camino.<\/p>\n<p>\u00bfNos dejamos llevar por nuestras seguridades y no nos arriesgamos a seguir a Jes\u00fas en su camino? \u00bfC\u00f3mo escuchamos su Palabra y la hacemos vida en nuestra vida? \u00bfCu\u00e1les son nuestros miedos que nos impiden salir de nosotros mismos e ir en busca de los dem\u00e1s al estilo de Jes\u00fas? \u00bfA qu\u00e9 nos compromete el contemplar a Jes\u00fas Transfigurado?<\/p>\n<p><em>Padre Bueno, que nos mandaste escuchar a tu amado Hijo, alimenta nuestra fe con tu palabra y purifica los ojos de nuestro esp\u00edritu, para que podamos alegrarnos en la contemplaci\u00f3n de tu gloria y nos comprometamos en la transformaci\u00f3n de nuestro mundo.\u00a0 Am\u00e9n.<\/em><\/p>\n","protected":false},"excerpt":{"rendered":"<p>II Domingo de Cuaresma<\/p>\n","protected":false},"author":25,"featured_media":95138,"comment_status":"closed","ping_status":"closed","sticky":false,"template":"","format":"standard","meta":{"_acf_changed":false,"_crdt_document":"","inline_featured_image":false,"footnotes":""},"categories":[96,74],"tags":[5654,1372,414,4953],"class_list":["post-95137","post","type-post","status-publish","format-standard","has-post-thumbnail","hentry","category-espiritualidad","category-iglesia-y-mundo","tag-enrique-diaz","tag-evangelio","tag-reflexion","tag-trending-es"],"acf":[],"yoast_head":"<!-- This site is optimized with the Yoast SEO plugin v27.4 - https:\/\/yoast.com\/product\/yoast-seo-wordpress\/ -->\n<title>Reflexi\u00f3n de Mons. Enrique D\u00edaz: Siempre confiar\u00e9 en el Se\u00f1or &#8211; Exaudi<\/title>\n<meta name=\"robots\" content=\"index, follow, max-snippet:-1, max-image-preview:large, max-video-preview:-1\" \/>\n<link rel=\"canonical\" href=\"https:\/\/exaudi.org\/es\/reflexion-de-mons-enrique-diaz-siempre-confiare-en-el-senor\/\" \/>\n<meta property=\"og:locale\" content=\"es_ES\" \/>\n<meta property=\"og:type\" content=\"article\" \/>\n<meta property=\"og:title\" content=\"Reflexi\u00f3n de Mons. Enrique D\u00edaz: Siempre confiar\u00e9 en el Se\u00f1or &#8211; Exaudi\" \/>\n<meta property=\"og:description\" content=\"II Domingo de Cuaresma\" \/>\n<meta property=\"og:url\" content=\"https:\/\/exaudi.org\/es\/reflexion-de-mons-enrique-diaz-siempre-confiare-en-el-senor\/\" \/>\n<meta property=\"og:site_name\" content=\"Exaudi\" \/>\n<meta property=\"article:publisher\" content=\"https:\/\/www.facebook.com\/ExaudiNews\" \/>\n<meta property=\"article:published_time\" content=\"2024-02-24T08:08:07+00:00\" \/>\n<meta property=\"og:image\" content=\"https:\/\/exaudi.org\/wp-content\/uploads\/2024\/02\/pexels-emiliano-arano-1370725-scaled.jpg\" \/>\n\t<meta property=\"og:image:width\" content=\"2560\" \/>\n\t<meta property=\"og:image:height\" content=\"1440\" \/>\n\t<meta property=\"og:image:type\" content=\"image\/jpeg\" \/>\n<meta name=\"author\" content=\"Enrique D\u00edaz\" \/>\n<meta name=\"twitter:card\" content=\"summary_large_image\" \/>\n<meta name=\"twitter:creator\" content=\"@Exaudi_News\" \/>\n<meta name=\"twitter:site\" content=\"@Exaudi_News\" \/>\n<meta name=\"twitter:label1\" content=\"Escrito por\" \/>\n\t<meta name=\"twitter:data1\" content=\"Enrique D\u00edaz\" \/>\n\t<meta name=\"twitter:label2\" content=\"Tiempo de lectura\" \/>\n\t<meta name=\"twitter:data2\" content=\"6 minutos\" \/>\n<script type=\"application\/ld+json\" class=\"yoast-schema-graph\">{\"@context\":\"https:\\\/\\\/schema.org\",\"@graph\":[{\"@type\":\"Article\",\"@id\":\"https:\\\/\\\/exaudi.org\\\/es\\\/reflexion-de-mons-enrique-diaz-siempre-confiare-en-el-senor\\\/#article\",\"isPartOf\":{\"@id\":\"https:\\\/\\\/exaudi.org\\\/es\\\/reflexion-de-mons-enrique-diaz-siempre-confiare-en-el-senor\\\/\"},\"author\":{\"name\":\"Enrique D\u00edaz\",\"@id\":\"https:\\\/\\\/exaudi.org\\\/#\\\/schema\\\/person\\\/c02ffbd10830fa375f6882f7dcf1844d\"},\"headline\":\"Reflexi\u00f3n de Mons. Enrique D\u00edaz: Siempre confiar\u00e9 en el Se\u00f1or\",\"datePublished\":\"2024-02-24T08:08:07+00:00\",\"mainEntityOfPage\":{\"@id\":\"https:\\\/\\\/exaudi.org\\\/es\\\/reflexion-de-mons-enrique-diaz-siempre-confiare-en-el-senor\\\/\"},\"wordCount\":1150,\"image\":{\"@id\":\"https:\\\/\\\/exaudi.org\\\/es\\\/reflexion-de-mons-enrique-diaz-siempre-confiare-en-el-senor\\\/#primaryimage\"},\"thumbnailUrl\":\"https:\\\/\\\/exaudi.org\\\/wp-content\\\/uploads\\\/2024\\\/02\\\/pexels-emiliano-arano-1370725-scaled.jpg\",\"keywords\":[\"Enrique D\u00edaz\",\"Evangelio\",\"Reflexi\u00f3n\",\"Trending\"],\"articleSection\":[\"Espiritualidad\",\"Iglesia y Mundo\"],\"inLanguage\":\"es\"},{\"@type\":\"WebPage\",\"@id\":\"https:\\\/\\\/exaudi.org\\\/es\\\/reflexion-de-mons-enrique-diaz-siempre-confiare-en-el-senor\\\/\",\"url\":\"https:\\\/\\\/exaudi.org\\\/es\\\/reflexion-de-mons-enrique-diaz-siempre-confiare-en-el-senor\\\/\",\"name\":\"Reflexi\u00f3n de Mons. Enrique D\u00edaz: Siempre confiar\u00e9 en el Se\u00f1or &#8211; Exaudi\",\"isPartOf\":{\"@id\":\"https:\\\/\\\/exaudi.org\\\/#website\"},\"primaryImageOfPage\":{\"@id\":\"https:\\\/\\\/exaudi.org\\\/es\\\/reflexion-de-mons-enrique-diaz-siempre-confiare-en-el-senor\\\/#primaryimage\"},\"image\":{\"@id\":\"https:\\\/\\\/exaudi.org\\\/es\\\/reflexion-de-mons-enrique-diaz-siempre-confiare-en-el-senor\\\/#primaryimage\"},\"thumbnailUrl\":\"https:\\\/\\\/exaudi.org\\\/wp-content\\\/uploads\\\/2024\\\/02\\\/pexels-emiliano-arano-1370725-scaled.jpg\",\"datePublished\":\"2024-02-24T08:08:07+00:00\",\"author\":{\"@id\":\"https:\\\/\\\/exaudi.org\\\/#\\\/schema\\\/person\\\/c02ffbd10830fa375f6882f7dcf1844d\"},\"breadcrumb\":{\"@id\":\"https:\\\/\\\/exaudi.org\\\/es\\\/reflexion-de-mons-enrique-diaz-siempre-confiare-en-el-senor\\\/#breadcrumb\"},\"inLanguage\":\"es\",\"potentialAction\":[{\"@type\":\"ReadAction\",\"target\":[\"https:\\\/\\\/exaudi.org\\\/es\\\/reflexion-de-mons-enrique-diaz-siempre-confiare-en-el-senor\\\/\"]}]},{\"@type\":\"ImageObject\",\"inLanguage\":\"es\",\"@id\":\"https:\\\/\\\/exaudi.org\\\/es\\\/reflexion-de-mons-enrique-diaz-siempre-confiare-en-el-senor\\\/#primaryimage\",\"url\":\"https:\\\/\\\/exaudi.org\\\/wp-content\\\/uploads\\\/2024\\\/02\\\/pexels-emiliano-arano-1370725-scaled.jpg\",\"contentUrl\":\"https:\\\/\\\/exaudi.org\\\/wp-content\\\/uploads\\\/2024\\\/02\\\/pexels-emiliano-arano-1370725-scaled.jpg\",\"width\":2560,\"height\":1440,\"caption\":\"Pexels\"},{\"@type\":\"BreadcrumbList\",\"@id\":\"https:\\\/\\\/exaudi.org\\\/es\\\/reflexion-de-mons-enrique-diaz-siempre-confiare-en-el-senor\\\/#breadcrumb\",\"itemListElement\":[{\"@type\":\"ListItem\",\"position\":1,\"name\":\"Portada\",\"item\":\"https:\\\/\\\/exaudi.org\\\/es\\\/\"},{\"@type\":\"ListItem\",\"position\":2,\"name\":\"Reflexi\u00f3n de Mons. Enrique D\u00edaz: Siempre confiar\u00e9 en el Se\u00f1or\"}]},{\"@type\":\"WebSite\",\"@id\":\"https:\\\/\\\/exaudi.org\\\/#website\",\"url\":\"https:\\\/\\\/exaudi.org\\\/\",\"name\":\"Exaudi\",\"description\":\"News\",\"potentialAction\":[{\"@type\":\"SearchAction\",\"target\":{\"@type\":\"EntryPoint\",\"urlTemplate\":\"https:\\\/\\\/exaudi.org\\\/?s={search_term_string}\"},\"query-input\":{\"@type\":\"PropertyValueSpecification\",\"valueRequired\":true,\"valueName\":\"search_term_string\"}}],\"inLanguage\":\"es\"},{\"@type\":\"Person\",\"@id\":\"https:\\\/\\\/exaudi.org\\\/#\\\/schema\\\/person\\\/c02ffbd10830fa375f6882f7dcf1844d\",\"name\":\"Enrique D\u00edaz\",\"image\":{\"@type\":\"ImageObject\",\"inLanguage\":\"es\",\"@id\":\"https:\\\/\\\/secure.gravatar.com\\\/avatar\\\/7ca10be5325a95d04b74082d68ba605aa69611eb0f68f47096cb1bc349873284?s=96&d=mm&r=g\",\"url\":\"https:\\\/\\\/secure.gravatar.com\\\/avatar\\\/7ca10be5325a95d04b74082d68ba605aa69611eb0f68f47096cb1bc349873284?s=96&d=mm&r=g\",\"contentUrl\":\"https:\\\/\\\/secure.gravatar.com\\\/avatar\\\/7ca10be5325a95d04b74082d68ba605aa69611eb0f68f47096cb1bc349873284?s=96&d=mm&r=g\",\"caption\":\"Enrique D\u00edaz\"},\"description\":\"Naci\u00f3 en Huandacareo, Michoac\u00e1n, M\u00e9xico, en 1952. Realiz\u00f3 sus estudios de Filosof\u00eda y Teolog\u00eda en el Seminario de Morelia. Ordenado di\u00e1cono el 22 de mayo de 1977, y presb\u00edtero el 23 de octubre del mismo a\u00f1o. Obtuvo la Licenciatura en Sagrada Escritura en el Pontificio Instituto B\u00edblico en Roma. Ha desarrollado m\u00faltiples encargos pastorales como el de capell\u00e1n de la rector\u00eda de las Tres Aves Mar\u00edas; responsable de la Pastoral B\u00edblica Diocesana y director de la Escuela B\u00edblica en Morelia; maestro de Biblia en el Seminario Conciliar de Morelia, p\u00e1rroco de la Parroquia de Nuestra Se\u00f1ora de Guadalupe, Col. Guadalupe, Morelia; o vicario episcopal para la Zona de Nuestra Se\u00f1ora de la Luz, P\u00e1tzcuaro. Ordenado obispo auxiliar de san Crist\u00f3bal de las Casas en 2003. En la Conferencia Episcopal form\u00f3 parte de las Comisiones de Biblia, Diaconado y Ministerios Laicales. Fue responsable de las Dimensiones de Ministerios Laicales, de Educaci\u00f3n y Cultura. Ha participado en encuentros latinoamericanos y mundiales sobre el Diaconado Permanente. Actualmente es el responsable de la Dimensi\u00f3n de Pastoral de la Cultura. Particip\u00f3 como Miembro del S\u00ednodo de Obispos sobre la Palabra de Dios en la Vida y Misi\u00f3n de la Iglesia en Roma, en 2008. Recibi\u00f3 el nombramiento de obispo coadjutor de San Crist\u00f3bal de las Casas en 2014. Nombrado II obispo de Irapuato el d\u00eda 11 de marzo, tom\u00f3 posesi\u00f3n el 19 de Mayo. Colabora en varias revistas y publicaciones sobre todo con la reflexi\u00f3n diaria y dominical tanto en audio como escrita.\",\"url\":\"https:\\\/\\\/exaudi.org\\\/es\\\/author\\\/enriquediaz\\\/\"}]}<\/script>\n<!-- \/ Yoast SEO plugin. -->","yoast_head_json":{"title":"Reflexi\u00f3n de Mons. Enrique D\u00edaz: Siempre confiar\u00e9 en el Se\u00f1or &#8211; Exaudi","robots":{"index":"index","follow":"follow","max-snippet":"max-snippet:-1","max-image-preview":"max-image-preview:large","max-video-preview":"max-video-preview:-1"},"canonical":"https:\/\/exaudi.org\/es\/reflexion-de-mons-enrique-diaz-siempre-confiare-en-el-senor\/","og_locale":"es_ES","og_type":"article","og_title":"Reflexi\u00f3n de Mons. Enrique D\u00edaz: Siempre confiar\u00e9 en el Se\u00f1or &#8211; Exaudi","og_description":"II Domingo de Cuaresma","og_url":"https:\/\/exaudi.org\/es\/reflexion-de-mons-enrique-diaz-siempre-confiare-en-el-senor\/","og_site_name":"Exaudi","article_publisher":"https:\/\/www.facebook.com\/ExaudiNews","article_published_time":"2024-02-24T08:08:07+00:00","og_image":[{"width":2560,"height":1440,"url":"https:\/\/exaudi.org\/wp-content\/uploads\/2024\/02\/pexels-emiliano-arano-1370725-scaled.jpg","type":"image\/jpeg"}],"author":"Enrique D\u00edaz","twitter_card":"summary_large_image","twitter_creator":"@Exaudi_News","twitter_site":"@Exaudi_News","twitter_misc":{"Escrito por":"Enrique D\u00edaz","Tiempo de lectura":"6 minutos"},"schema":{"@context":"https:\/\/schema.org","@graph":[{"@type":"Article","@id":"https:\/\/exaudi.org\/es\/reflexion-de-mons-enrique-diaz-siempre-confiare-en-el-senor\/#article","isPartOf":{"@id":"https:\/\/exaudi.org\/es\/reflexion-de-mons-enrique-diaz-siempre-confiare-en-el-senor\/"},"author":{"name":"Enrique D\u00edaz","@id":"https:\/\/exaudi.org\/#\/schema\/person\/c02ffbd10830fa375f6882f7dcf1844d"},"headline":"Reflexi\u00f3n de Mons. Enrique D\u00edaz: Siempre confiar\u00e9 en el Se\u00f1or","datePublished":"2024-02-24T08:08:07+00:00","mainEntityOfPage":{"@id":"https:\/\/exaudi.org\/es\/reflexion-de-mons-enrique-diaz-siempre-confiare-en-el-senor\/"},"wordCount":1150,"image":{"@id":"https:\/\/exaudi.org\/es\/reflexion-de-mons-enrique-diaz-siempre-confiare-en-el-senor\/#primaryimage"},"thumbnailUrl":"https:\/\/exaudi.org\/wp-content\/uploads\/2024\/02\/pexels-emiliano-arano-1370725-scaled.jpg","keywords":["Enrique D\u00edaz","Evangelio","Reflexi\u00f3n","Trending"],"articleSection":["Espiritualidad","Iglesia y Mundo"],"inLanguage":"es"},{"@type":"WebPage","@id":"https:\/\/exaudi.org\/es\/reflexion-de-mons-enrique-diaz-siempre-confiare-en-el-senor\/","url":"https:\/\/exaudi.org\/es\/reflexion-de-mons-enrique-diaz-siempre-confiare-en-el-senor\/","name":"Reflexi\u00f3n de Mons. Enrique D\u00edaz: Siempre confiar\u00e9 en el Se\u00f1or &#8211; Exaudi","isPartOf":{"@id":"https:\/\/exaudi.org\/#website"},"primaryImageOfPage":{"@id":"https:\/\/exaudi.org\/es\/reflexion-de-mons-enrique-diaz-siempre-confiare-en-el-senor\/#primaryimage"},"image":{"@id":"https:\/\/exaudi.org\/es\/reflexion-de-mons-enrique-diaz-siempre-confiare-en-el-senor\/#primaryimage"},"thumbnailUrl":"https:\/\/exaudi.org\/wp-content\/uploads\/2024\/02\/pexels-emiliano-arano-1370725-scaled.jpg","datePublished":"2024-02-24T08:08:07+00:00","author":{"@id":"https:\/\/exaudi.org\/#\/schema\/person\/c02ffbd10830fa375f6882f7dcf1844d"},"breadcrumb":{"@id":"https:\/\/exaudi.org\/es\/reflexion-de-mons-enrique-diaz-siempre-confiare-en-el-senor\/#breadcrumb"},"inLanguage":"es","potentialAction":[{"@type":"ReadAction","target":["https:\/\/exaudi.org\/es\/reflexion-de-mons-enrique-diaz-siempre-confiare-en-el-senor\/"]}]},{"@type":"ImageObject","inLanguage":"es","@id":"https:\/\/exaudi.org\/es\/reflexion-de-mons-enrique-diaz-siempre-confiare-en-el-senor\/#primaryimage","url":"https:\/\/exaudi.org\/wp-content\/uploads\/2024\/02\/pexels-emiliano-arano-1370725-scaled.jpg","contentUrl":"https:\/\/exaudi.org\/wp-content\/uploads\/2024\/02\/pexels-emiliano-arano-1370725-scaled.jpg","width":2560,"height":1440,"caption":"Pexels"},{"@type":"BreadcrumbList","@id":"https:\/\/exaudi.org\/es\/reflexion-de-mons-enrique-diaz-siempre-confiare-en-el-senor\/#breadcrumb","itemListElement":[{"@type":"ListItem","position":1,"name":"Portada","item":"https:\/\/exaudi.org\/es\/"},{"@type":"ListItem","position":2,"name":"Reflexi\u00f3n de Mons. Enrique D\u00edaz: Siempre confiar\u00e9 en el Se\u00f1or"}]},{"@type":"WebSite","@id":"https:\/\/exaudi.org\/#website","url":"https:\/\/exaudi.org\/","name":"Exaudi","description":"News","potentialAction":[{"@type":"SearchAction","target":{"@type":"EntryPoint","urlTemplate":"https:\/\/exaudi.org\/?s={search_term_string}"},"query-input":{"@type":"PropertyValueSpecification","valueRequired":true,"valueName":"search_term_string"}}],"inLanguage":"es"},{"@type":"Person","@id":"https:\/\/exaudi.org\/#\/schema\/person\/c02ffbd10830fa375f6882f7dcf1844d","name":"Enrique D\u00edaz","image":{"@type":"ImageObject","inLanguage":"es","@id":"https:\/\/secure.gravatar.com\/avatar\/7ca10be5325a95d04b74082d68ba605aa69611eb0f68f47096cb1bc349873284?s=96&d=mm&r=g","url":"https:\/\/secure.gravatar.com\/avatar\/7ca10be5325a95d04b74082d68ba605aa69611eb0f68f47096cb1bc349873284?s=96&d=mm&r=g","contentUrl":"https:\/\/secure.gravatar.com\/avatar\/7ca10be5325a95d04b74082d68ba605aa69611eb0f68f47096cb1bc349873284?s=96&d=mm&r=g","caption":"Enrique D\u00edaz"},"description":"Naci\u00f3 en Huandacareo, Michoac\u00e1n, M\u00e9xico, en 1952. Realiz\u00f3 sus estudios de Filosof\u00eda y Teolog\u00eda en el Seminario de Morelia. Ordenado di\u00e1cono el 22 de mayo de 1977, y presb\u00edtero el 23 de octubre del mismo a\u00f1o. Obtuvo la Licenciatura en Sagrada Escritura en el Pontificio Instituto B\u00edblico en Roma. Ha desarrollado m\u00faltiples encargos pastorales como el de capell\u00e1n de la rector\u00eda de las Tres Aves Mar\u00edas; responsable de la Pastoral B\u00edblica Diocesana y director de la Escuela B\u00edblica en Morelia; maestro de Biblia en el Seminario Conciliar de Morelia, p\u00e1rroco de la Parroquia de Nuestra Se\u00f1ora de Guadalupe, Col. Guadalupe, Morelia; o vicario episcopal para la Zona de Nuestra Se\u00f1ora de la Luz, P\u00e1tzcuaro. Ordenado obispo auxiliar de san Crist\u00f3bal de las Casas en 2003. En la Conferencia Episcopal form\u00f3 parte de las Comisiones de Biblia, Diaconado y Ministerios Laicales. Fue responsable de las Dimensiones de Ministerios Laicales, de Educaci\u00f3n y Cultura. Ha participado en encuentros latinoamericanos y mundiales sobre el Diaconado Permanente. Actualmente es el responsable de la Dimensi\u00f3n de Pastoral de la Cultura. Particip\u00f3 como Miembro del S\u00ednodo de Obispos sobre la Palabra de Dios en la Vida y Misi\u00f3n de la Iglesia en Roma, en 2008. Recibi\u00f3 el nombramiento de obispo coadjutor de San Crist\u00f3bal de las Casas en 2014. Nombrado II obispo de Irapuato el d\u00eda 11 de marzo, tom\u00f3 posesi\u00f3n el 19 de Mayo. Colabora en varias revistas y publicaciones sobre todo con la reflexi\u00f3n diaria y dominical tanto en audio como escrita.","url":"https:\/\/exaudi.org\/es\/author\/enriquediaz\/"}]}},"jetpack_featured_media_url":"https:\/\/exaudi.org\/wp-content\/uploads\/2024\/02\/pexels-emiliano-arano-1370725-scaled.jpg","jetpack_shortlink":"https:\/\/wp.me\/pgKjF2-oKt","_links":{"self":[{"href":"https:\/\/exaudi.org\/es\/wp-json\/wp\/v2\/posts\/95137","targetHints":{"allow":["GET"]}}],"collection":[{"href":"https:\/\/exaudi.org\/es\/wp-json\/wp\/v2\/posts"}],"about":[{"href":"https:\/\/exaudi.org\/es\/wp-json\/wp\/v2\/types\/post"}],"author":[{"embeddable":true,"href":"https:\/\/exaudi.org\/es\/wp-json\/wp\/v2\/users\/25"}],"replies":[{"embeddable":true,"href":"https:\/\/exaudi.org\/es\/wp-json\/wp\/v2\/comments?post=95137"}],"version-history":[{"count":0,"href":"https:\/\/exaudi.org\/es\/wp-json\/wp\/v2\/posts\/95137\/revisions"}],"wp:featuredmedia":[{"embeddable":true,"href":"https:\/\/exaudi.org\/es\/wp-json\/wp\/v2\/media\/95138"}],"wp:attachment":[{"href":"https:\/\/exaudi.org\/es\/wp-json\/wp\/v2\/media?parent=95137"}],"wp:term":[{"taxonomy":"category","embeddable":true,"href":"https:\/\/exaudi.org\/es\/wp-json\/wp\/v2\/categories?post=95137"},{"taxonomy":"post_tag","embeddable":true,"href":"https:\/\/exaudi.org\/es\/wp-json\/wp\/v2\/tags?post=95137"}],"curies":[{"name":"wp","href":"https:\/\/api.w.org\/{rel}","templated":true}]}}