{"id":95022,"date":"2024-02-23T08:30:27","date_gmt":"2024-02-23T07:30:27","guid":{"rendered":"https:\/\/exaudi.org\/?p=95022"},"modified":"2024-02-22T12:47:33","modified_gmt":"2024-02-22T11:47:33","slug":"de-los-pobres-al-papa-del-papa-al-mundo","status":"publish","type":"post","link":"https:\/\/exaudi.org\/es\/de-los-pobres-al-papa-del-papa-al-mundo\/","title":{"rendered":"\u201cDe Los Pobres Al Papa, Del Papa Al Mundo\u201d"},"content":{"rendered":"<p>El pasado jueves 15 de febrero de 2024, a las 19h, en la Universidad Francisco de Vitoria, D. Gin\u00e9s Garc\u00eda Beltr\u00e1n, Obispo de la di\u00f3cesis de Getafe, present\u00f3 el libro <em>\u201cDe los pobres al Papa, del Papa al mundo\u201d<\/em>, que recoge el <strong>extraordinario di\u00e1logo entre los pobres de los cinco continentes y el Papa Francisco<\/strong>, organizado y publicado por la asociaci\u00f3n L\u00e1zaro.<\/p>\n<p>La presentaci\u00f3n, a la que asistieron unas ochenta personas, fue presidida por el obispo de Getafe, conducida por el sacerdote \u00c1lvaro C\u00e1rdenas Delgado, presidente fundador de L\u00e1zaro Espa\u00f1a, y seguida de las intervenciones de Bernab\u00e9 Villalba Silva, joven voluntario del proyecto, responsable de comunicaci\u00f3n de L\u00e1zaro Espa\u00f1a y profesor de la Universidad Francisco de Vitoria, y de Ricardo Barajas, compa\u00f1ero de piso del proyecto en Madrid y uno de los protagonistas de este di\u00e1logo con el Papa.<\/p>\n<p>En las intervenciones, D. \u00c1lvaro C\u00e1rdenas present\u00f3 el proyecto L\u00e1zaro, organizador de este di\u00e1logo, como <strong>\u201cuna<\/strong> <strong>propuesta m\u00e1s en nuestras comunidades y en nuestra sociedad que saque del anonimato y de la exclusi\u00f3n a nuestros hermanos que viven en la calle\u201d<\/strong>. Record\u00f3 que <strong>\u201csi<\/strong> <strong>las personas que viven en la calle <\/strong>necesitan un techo tambi\u00e9n <strong>necesitan relaciones humanas: acogida, escucha, afecto y amistad\u201d. <\/strong>Explic\u00f3 que \u201cL\u00e1zaro es m\u00e1s que un proyecto social o que unos hermosos pisos compartidos, es m\u00e1s que una respuesta a la necesidad que tienen las personas en riesgo de exclusi\u00f3n. Quiere ser tambi\u00e9n <strong>fermento de una cultura nueva de la que sean protagonistas los j\u00f3venes, comprometidos en hacer posible la\u00a0necesaria transformaci\u00f3n de nuestra sociedad\u201d. <\/strong><\/p>\n<p><img loading=\"lazy\" decoding=\"async\" class=\"alignleft size-full wp-image-95023\" src=\"https:\/\/exaudi.org\/wp-content\/uploads\/2024\/02\/DSC00214-scaled.jpg\" alt=\"\" width=\"2560\" height=\"1707\" srcset=\"https:\/\/exaudi.org\/wp-content\/uploads\/2024\/02\/DSC00214-scaled.jpg 2560w, https:\/\/exaudi.org\/wp-content\/uploads\/2024\/02\/DSC00214-300x200.jpg 300w, https:\/\/exaudi.org\/wp-content\/uploads\/2024\/02\/DSC00214-1024x683.jpg 1024w, https:\/\/exaudi.org\/wp-content\/uploads\/2024\/02\/DSC00214-770x513.jpg 770w, https:\/\/exaudi.org\/wp-content\/uploads\/2024\/02\/DSC00214-1536x1024.jpg 1536w, https:\/\/exaudi.org\/wp-content\/uploads\/2024\/02\/DSC00214-2048x1365.jpg 2048w, https:\/\/exaudi.org\/wp-content\/uploads\/2024\/02\/DSC00214-360x240.jpg?crop=1 360w, https:\/\/exaudi.org\/wp-content\/uploads\/2024\/02\/DSC00214-500x333.jpg 500w, https:\/\/exaudi.org\/wp-content\/uploads\/2024\/02\/DSC00214-1155x770.jpg 1155w, https:\/\/exaudi.org\/wp-content\/uploads\/2024\/02\/DSC00214-370x247.jpg 370w, https:\/\/exaudi.org\/wp-content\/uploads\/2024\/02\/DSC00214-293x195.jpg 293w, https:\/\/exaudi.org\/wp-content\/uploads\/2024\/02\/DSC00214-1400x933.jpg 1400w, https:\/\/exaudi.org\/wp-content\/uploads\/2024\/02\/DSC00214-120x80.jpg 120w, https:\/\/exaudi.org\/wp-content\/uploads\/2024\/02\/DSC00214-240x160.jpg 240w, https:\/\/exaudi.org\/wp-content\/uploads\/2024\/02\/DSC00214-390x260.jpg 390w\" sizes=\"auto, (max-width: 2560px) 100vw, 2560px\" \/>A continuaci\u00f3n present\u00f3 la g\u00e9nesis de este di\u00e1logo entre los pobres y el Papa, invitando a todos a su lectura. \u201cSus p\u00e1ginas constituyen un s<strong>encillo, directo e iluminador di\u00e1logo entre los pobres y el Papa, y a trav\u00e9s de ellos con todos nosotros<\/strong>, cristianos, creyentes o no, miembros todos de la misma familia humana. <strong>Una conversaci\u00f3n cara a cara y coraz\u00f3n a coraz\u00f3n con \u00e9l en esta hora actual de la Iglesia y del mundo, llena de enormes desaf\u00edos\u201d<\/strong>. \u201cUn <strong>insospechado, ins\u00f3lito y singular di\u00e1logo entre el Papa y los pobres del mundo entero<\/strong>, <strong>dif\u00edcil de imaginar\u201d.<\/strong><\/p>\n<p><img loading=\"lazy\" decoding=\"async\" class=\"size-full wp-image-95032 alignright\" src=\"https:\/\/exaudi.org\/wp-content\/uploads\/2024\/02\/Screenshot_20240218_111921_WhatsApp.jpg\" alt=\"\" width=\"1080\" height=\"787\" srcset=\"https:\/\/exaudi.org\/wp-content\/uploads\/2024\/02\/Screenshot_20240218_111921_WhatsApp.jpg 1080w, https:\/\/exaudi.org\/wp-content\/uploads\/2024\/02\/Screenshot_20240218_111921_WhatsApp-300x219.jpg 300w, https:\/\/exaudi.org\/wp-content\/uploads\/2024\/02\/Screenshot_20240218_111921_WhatsApp-1024x746.jpg 1024w, https:\/\/exaudi.org\/wp-content\/uploads\/2024\/02\/Screenshot_20240218_111921_WhatsApp-770x561.jpg 770w, https:\/\/exaudi.org\/wp-content\/uploads\/2024\/02\/Screenshot_20240218_111921_WhatsApp-500x364.jpg 500w, https:\/\/exaudi.org\/wp-content\/uploads\/2024\/02\/Screenshot_20240218_111921_WhatsApp-293x214.jpg 293w, https:\/\/exaudi.org\/wp-content\/uploads\/2024\/02\/Screenshot_20240218_111921_WhatsApp-390x284.jpg 390w\" sizes=\"auto, (max-width: 1080px) 100vw, 1080px\" \/>Gin\u00e9s se\u00f1al\u00f3 como <strong>en este libro<\/strong> <strong>\u201cencontramos a Francisco en estado puro\u201d<\/strong>. Indic\u00f3 que el libro nos ofrece confidencias preciosas sobre <strong>\u201cel lado m\u00e1s humano del Papa y la profundidad de su coraz\u00f3n\u201d<\/strong>, los momentos de oscuridad m\u00e1s dif\u00edciles por los que ha atravesado, y la pregunta que en ocasiones se ha hecho \u201c\u00bfD\u00f3nde est\u00e1 Dios?\u201d. <strong>Muestra tambi\u00e9n su sensibilidad especial por los pobres y la denuncia de un mundo injusto <\/strong>que excluye a los pobres. <strong>\u201cHabla de dignidad verg\u00fcenza, de exclusi\u00f3n, del pecado de la mala distribuci\u00f3n de la riqueza, de la propiedad privada y del uso universal de los bienes, de los hombres de la calle y de la importancia de la familia\u201d. <\/strong>Y por supuesto<strong> \u201cdel sentido de la vida\u201d, \u201cde la fe, del sufrimiento y de la esperanza\u201d. Al final de su lectura \u201cpuedes decir que lo conoces un poco m\u00e1s, que es m\u00e1s parte de ti, de tu familia\u201d.<\/strong> Termin\u00f3 agradeciendo a los hogares L\u00e1zaro este di\u00e1logo con el Papa y el regalo que nos ha hecho con su publicaci\u00f3n, expresando su vivo deseo de que los hogares L\u00e1zaro puedan ser pronto una realidad en el sur de Madrid.<\/p>\n<p>Como expresi\u00f3n concreta de las invitaciones que nos dirige el Papa en este di\u00e1logo, <strong>Bernab\u00e9 expres\u00f3 la enorme riqueza que ha supuesto para \u00e9l compartir piso durante cinco a\u00f1os en L\u00e1zaro con sus compa\u00f1eros que han pasado por la dura experiencia de vivir en la calle<\/strong> o de encontrarse al borde de la exclusi\u00f3n. Testimoni\u00f3 c\u00f3mo <strong>\u201cla vida en la peque\u00f1a comunidad del piso hace extraordinaria la vida ordinaria\u201d<\/strong>. Coment\u00f3 c\u00f3mo <strong>sus compa\u00f1eros de piso lo han acompa\u00f1ado durante esos cinco a\u00f1os y su compa\u00f1\u00eda le ha cambiado la vida<\/strong>. <strong>Invit\u00f3 a los j\u00f3venes a acercarse a conocer L\u00e1zaro y a vivir esta experiencia transformadora<\/strong> que permite encontrar en el otro a Cristo y esta amistad que resucita, como le ha sucedido a \u00e9l.<\/p>\n<p><strong><img loading=\"lazy\" decoding=\"async\" class=\"size-full wp-image-95026 alignleft\" src=\"https:\/\/exaudi.org\/wp-content\/uploads\/2024\/02\/DSC00237-scaled.jpg\" alt=\"\" width=\"2560\" height=\"1707\" srcset=\"https:\/\/exaudi.org\/wp-content\/uploads\/2024\/02\/DSC00237-scaled.jpg 2560w, https:\/\/exaudi.org\/wp-content\/uploads\/2024\/02\/DSC00237-300x200.jpg 300w, https:\/\/exaudi.org\/wp-content\/uploads\/2024\/02\/DSC00237-1024x683.jpg 1024w, https:\/\/exaudi.org\/wp-content\/uploads\/2024\/02\/DSC00237-770x513.jpg 770w, https:\/\/exaudi.org\/wp-content\/uploads\/2024\/02\/DSC00237-1536x1024.jpg 1536w, https:\/\/exaudi.org\/wp-content\/uploads\/2024\/02\/DSC00237-2048x1365.jpg 2048w, https:\/\/exaudi.org\/wp-content\/uploads\/2024\/02\/DSC00237-360x240.jpg?crop=1 360w, https:\/\/exaudi.org\/wp-content\/uploads\/2024\/02\/DSC00237-500x333.jpg 500w, https:\/\/exaudi.org\/wp-content\/uploads\/2024\/02\/DSC00237-1155x770.jpg 1155w, https:\/\/exaudi.org\/wp-content\/uploads\/2024\/02\/DSC00237-370x247.jpg 370w, https:\/\/exaudi.org\/wp-content\/uploads\/2024\/02\/DSC00237-293x195.jpg 293w, https:\/\/exaudi.org\/wp-content\/uploads\/2024\/02\/DSC00237-1400x933.jpg 1400w, https:\/\/exaudi.org\/wp-content\/uploads\/2024\/02\/DSC00237-120x80.jpg 120w, https:\/\/exaudi.org\/wp-content\/uploads\/2024\/02\/DSC00237-240x160.jpg 240w, https:\/\/exaudi.org\/wp-content\/uploads\/2024\/02\/DSC00237-390x260.jpg 390w\" sizes=\"auto, (max-width: 2560px) 100vw, 2560px\" \/>Ricardo, que un a\u00f1o antes de dialogar con el Sucesor de Pedro dorm\u00eda en los duros soportales de la Plaza Mayor de Madrid, relat\u00f3 vivamente como L\u00e1zaro fue la mano que un d\u00eda le ofrecieron para levantarlo de su postraci\u00f3n y salir de la calle, y el profundo impacto que supuso para \u00e9l este di\u00e1logo \u00fanico con el Papa en el que \u00e9l en primera persona particip\u00f3<\/strong> junto con siete participantes m\u00e1s. <strong>Confes\u00f3 que el Papa les concedi\u00f3 casi cuatro horas, \u201cm\u00e1s que a cualquier ministro, que a cualquier presidente de Gobierno, incluso que al rey\u201d<\/strong>, relat\u00f3. Ricardo afirm\u00f3 que <strong>\u201ccada pregunta que respond\u00eda el Papa era un ladrillo del puente para poder cruzar hacia una vida mejor\u201d<\/strong>, como ha sido L\u00e1zaro para \u00e9l, seg\u00fan testimoni\u00f3. <strong>El libro con sus respuestas \u201ces el puente que cruzamos todos y que seguiremos cruzando, porque es nuestra vida\u201d<\/strong>.<\/p>\n<p>L\u00e1zaro busca j\u00f3venes interesados, familias y amigos que quieran colaborar en el proyecto en el sur de Madrid. Interesados ponerse en contacto con D. \u00c1lvaro C\u00e1rdenas, sacerdote de la di\u00f3cesis y promotor del proyecto:\u00a0<a href=\"http:\/\/fundacionlazaro.es\/\" target=\"_blank\" rel=\"noopener\">fundacionlazaro.es<\/a>; <a href=\"mailto:alvaro.sacerdote@gmail.com\" target=\"_blank\" rel=\"noopener\">alvaro.sacerdote@gmail.com<\/a>.<\/p>\n<p>***<\/p>\n<h3><strong>Palabras del Obispo de Getafe:<\/strong><\/h3>\n<p>La asociaci\u00f3n L\u00e1zaro en Espa\u00f1a, a trav\u00e9s de su Presidente, el P. \u00c1lvaro C\u00e1rdenas, tuvo la gentileza de pedirme que prologara este precioso libro, en su edici\u00f3n espa\u00f1ola. El libro es una conversaci\u00f3n, un di\u00e1logo a modo de coloquio del Papa Francisco con los pobres de la tierra. Un di\u00e1logo directo, sincero, cercano, sugerente e interpelante en tantos momentos como le gusta al Papa, y que tanto bien hace a los que nos acercamos a \u00e9l.<\/p>\n<p>En esta obra encontramos a Francisco \u201cen estado puro\u201d. No se resiste a ninguna pregunta, responde siempre con sencillez y con un lenguaje que llega a todos y todos pueden entender. Conforme vas leyendo cada p\u00e1gina vas entrando en el di\u00e1logo, y as\u00ed parece que cada uno de los lectores estuviera presente en Santa Marta \u2013la residencia romana del Papa- hablando con \u00e9l. Los que hemos tenido el privilegio de compartir unos momentos de di\u00e1logo con Francisco, sabemos bien que tiene un don especial para crear un clima de acogida y cercan\u00eda que no solo no te coh\u00edbe, sino que te sientes en casa y con un amigo. Eso es un don que crea una relaci\u00f3n de cordialidad y uni\u00f3n capaz de cambiar el coraz\u00f3n. Despu\u00e9s de hablar con el Papa no sales indiferente.<\/p>\n<p>El primer cap\u00edtulo de este di\u00e1logo \u201cno tiene desperdicio\u201d (\u201cEl Papa es un hombre cualquiera\u201d, se titula). Contesta a todas las preguntas con una sencillez y una espontaneidad que conmueven: \u00bfc\u00f3mo es tu d\u00eda?, \u00bfqu\u00e9 haces?, \u00bfqu\u00e9 comes?, \u00bfcu\u00e1nto ganas?, \u00bfqu\u00e9 familia tienes?, etc. Las respuestas no solo nos revelan unos datos objetivos de la biograf\u00eda del Papa, sino la profundidad de su coraz\u00f3n; por ejemplo: \u00bfQu\u00e9 hace usted en las situaciones de incertidumbre?, y la respuesta muestra su interior: \u201cLa tentaci\u00f3n en esos momentos es querer resolver la situaci\u00f3n pronto. Yo lo que hago es pararme, trato de pararme, porque a veces soy inquieto y quiero resolver la situaci\u00f3n lo antes posible. Y cuando obro as\u00ed no siempre est\u00e1 bien. Entonces trato de detenerme y tomar tiempo para considerar el asunto, consultar, rezar, dejar que pasen unos d\u00edas y ver\u2026 Mirar tranquilamente hoy lo que tengo entre manos, volverlo a mirar ma\u00f1ana\u201d.<\/p>\n<p>Es hermoso tambi\u00e9n leer las palabras con las que el Papa va describiendo en trazos su vocaci\u00f3n, el \u201casombro ante alguien que los est\u00e1 esperando\u201d, y el camino de toda vocaci\u00f3n tambi\u00e9n con sus dificultades. Confiesa el Pont\u00edfice que tambi\u00e9n en su coraz\u00f3n ha surgido en algunas ocasiones la pregunta: \u00bfD\u00f3nde est\u00e1 Dios? \u201cNo me envolv\u00eda siempre esa oscuridad, pero \u00e9sta me atravesaba\u201d. Una expresi\u00f3n muy unamuniana, por cierto.<\/p>\n<p>Como tantas veces se afirma en estas p\u00e1ginas, el Papa tiene una sensibilidad especial hacia los pobres, todos somos testigos de sus gestos tan expresivos hacia los que m\u00e1s lo necesitan \u2013un abrazo, una caricia, una mirada, la bendici\u00f3n-, y su denuncia de la indiferencia de un mundo rico que excluye a los pobres. El Papa ha contado en varias ocasiones las palabras que el cardenal brasile\u00f1o, Claudio Hummes le dijera durante el c\u00f3nclave, y que lo sacudieron con fuerza; palabras que tom\u00f3 muy en serio: \u201cNo te olvides de los pobres\u201d. Estas palabras han marcado su pontificado de una manera evidente y significativa. Por eso, el di\u00e1logo con los pobres de la tierra que contiene estas p\u00e1ginas, son una expresi\u00f3n m\u00e1s de esta preocupaci\u00f3n, del amor por los m\u00e1s necesitados, por los que se quedaron en las cunetas de la vida, de los que no cuentan, de los descartados. Es una nueva oportunidad que el Papa no desaprovecha para dar voz a los que no la tienen.<\/p>\n<p>El Papa habla de dignidad, de verg\u00fcenza, de exclusi\u00f3n, del pecado de la mala distribuci\u00f3n de las riquezas, de la propiedad privada y del uso universal de los bienes, de los hombres de la calle y de la importancia de la familia, habla de acoger, de acompa\u00f1ar, de cuidar, explica para todos el contenido y el sentido de su aportaci\u00f3n a la DSI; adem\u00e1s, sin falsas contemplaciones tampoco hacia los pobres: el camino es salir de ah\u00ed, y t\u00fa puede, con la ayuda de los dem\u00e1s, pero puedes. La esperanza es un regalo, un don precioso que hay que cuidar cada d\u00eda.<\/p>\n<p>En todas las respuestas, pienso en las que hace referencia a un problema tan presente y acuciante hoy, como la salud mental, el Papa llama siempre al sentido. El sentido que est\u00e1 en Dios, por eso el camino del hombre al sentido es la santidad. \u201cEs dif\u00edcil dejarse amar por el amor. Es dif\u00edcil, pero \u00a1es tan bello!\u201d<\/p>\n<p>En muchas ocasiones las entrevistas del Papa est\u00e1n rodeadas por la pol\u00e9mica, no obstante, el Papa quiere correr ese riesgo, y concede entrevistas varias a medios de comunicaci\u00f3n de procedencias e idearios muy distintos. Estoy seguro que \u00e9l sabe el riesgo que tiene una entrevista, pero es m\u00e1s fuerte en \u00e9l el deseo de acercarse y dialogar con el hombre de hoy que lo que puedan generar sus opiniones. El Papa suele repetir, y yo se lo he o\u00eddo personalmente, que el leguaje de la cercan\u00eda es un lenguaje universal que entiende todo el mundo por encima de ideas, sentimientos, o creencias. Por eso, en las entrevistas de Francisco, si importantes son las respuestas, no lo es menos el lenguaje no verbal, su expresi\u00f3n, su tono de voz, su mirada que acoge al que pregunta, aunque lo que pregunta sea comprometido. Podr\u00e1s estar de acuerdo o no, pero te ha escuchado y acogido. En una palabra, te ha hecho sentirte importante.<\/p>\n<p>Me he sentido conmovido leyendo estas p\u00e1ginas al ver la delicadeza de Francisco al responder a las preguntas de los pobres, preguntas sencillas y profundas, no importa que sean muy personales o de cuestiones relacionadas con la Iglesia y con el mundo. Responde siempre y responde a todos.\u00a0 Habla de lo que le gusta, y tambi\u00e9n de sus defectos, hasta de su confesi\u00f3n, habla de la fe y del sufrimiento. Al Papa le sobrecoge la humanidad, es lo que verdaderamente le mueve, esa humanidad que tiene su fuente y su destino en Dios, en el Dios hecho hombre en Cristo, nuestro hermano.<\/p>\n<p>El di\u00e1logo que contienen estas p\u00e1ginas es una verdadera conversaci\u00f3n con el Papa. Al final puedes decir que lo conoces un poco m\u00e1s, que es m\u00e1s parte de ti, de tu familia. Perm\u00edtaseme citar como ejemplo la respuesta de Francisco a la pregunta \u00bfCu\u00e1l es su mayor deseo como Papa? Contesta sencillamente: \u201cSer un buen sacerdote. Eso es lo que me viene. Nunca me he hecho esta pregunta, pero mi respuesta me sale del coraz\u00f3n\u201d.<\/p>\n<p>Agradezco a la asociaci\u00f3n L\u00e1zaro esta iniciativa de entrevista-encuentro con el Santo Padre, y el regalo que nos hace con su publicaci\u00f3n, ahora tambi\u00e9n para los lectores de lengua espa\u00f1ola. El agradecimiento a la familia \u201cL\u00e1zaro\u201d se hace extensivo a la labor que realizan a favor de los m\u00e1s vulnerables de la sociedad. Es una asociaci\u00f3n creada en Francia en 2011 para ofrecer un techo a la gente de la calle y dar un hogar a los que viven el desarraigo comunitario que los ha excluido de las relaciones sociales. Son hogares compartidos con j\u00f3venes estudiantes o profesionales que reconstruyen lo que estaba destruido haciendo de los hogares lugares para compartir y crear amistad. Conocer esta realidad es una experiencia extraordinaria que recomiendo a todos.<\/p>\n<p>El Papa en la audiencia concedida a la Asociaci\u00f3n L\u00e1zaro el 28 d agosto de 2021, les insiste: \u201cLo peor que le pude suceder a L\u00e1zaro es olvidarse de que es peque\u00f1ito, porque si se hace grande en el coraz\u00f3n por el poder, por la soberbia, por la complacencia, el \u00e1rbol no va a crecer y la masa no se levantar\u00e1. La riqueza de ustedes no est\u00e1 en el banco, la riqueza de ustedes es ser peque\u00f1os\u201d<\/p>\n<p>Estoy seguro que la lectura de estas p\u00e1ginas ser\u00e1 un momento de gozo y de descanso para los que se acerquen a ellas, no solo conocer\u00e1n mejor al hombre que la Providencia ha colocado al frente de la Iglesia en este momento de la historia, sino que saldr\u00e1n un poco mejores, que de eso se trata.<\/p>\n<p>Al final de la entrevista alguien interpela al Papa: \u201cY usted Papa Francisco si tuviera alguna pregunta que hacer a las personas de la calle, \u00bfqu\u00e9 le gustar\u00eda preguntarles? La respuesta es: Vosotros, \u00bfqu\u00e9 esper\u00e1is de la Iglesia? \u201cQu\u00e9 cre\u00e9is que la Iglesia podr\u00eda hacer para estar todav\u00eda m\u00e1s a la escucha de los m\u00e1s pobres. Vosotros que hab\u00e9is vivido la humillaci\u00f3n y el abandono \u00bfqu\u00e9 deben saber la Iglesia y la sociedad de esta experiencia?\u201d<\/p>\n<p>Os invito a leer este libro que trasmite vida, autenticidad, generosidad, al tiempo que agradezco a todos los que han hecho posible que llegue hasta nosotros.<\/p>\n<p>Ojal\u00e1, como nos dice el mismo Papa, que todos seamos capaces de abrir puertas, nunca cerrarlas, abrir el coraz\u00f3n para acoger y abrazar a todos, especialmente a los m\u00e1s pobres. Y no lo olvidemos, la puerta, insiste el Papa, es Dios<\/p>\n<p><em><strong>+ Gin\u00e9s Garc\u00eda Beltr\u00e1n &#8211; Obispo de Getafe<\/strong><\/em><\/p>\n<p>***<\/p>\n<p>&nbsp;<\/p>\n","protected":false},"excerpt":{"rendered":"<p>El Obispo De Getafe present\u00f3 el libro en la Universidad Francisco De Vitoria<\/p>\n","protected":false},"author":15,"featured_media":95029,"comment_status":"closed","ping_status":"closed","sticky":false,"template":"","format":"standard","meta":{"_acf_changed":false,"_crdt_document":"","inline_featured_image":false,"footnotes":""},"categories":[74],"tags":[9174,13116,3864,13115,1179,158,10831,4953,8888],"class_list":["post-95022","post","type-post","status-publish","format-standard","has-post-thumbnail","hentry","category-iglesia-y-mundo","tag-alvaro-cardenas","tag-diocesis-de-getafe","tag-fundacion-lazaro","tag-gines-garcia-beltran","tag-libro","tag-papa-francisco","tag-proyecto-lazaro","tag-trending-es","tag-universidad-francisco-de-vitoria"],"acf":[],"yoast_head":"<!-- This site is optimized with the Yoast SEO plugin v27.5 - https:\/\/yoast.com\/product\/yoast-seo-wordpress\/ -->\n<title>\u201cDe Los Pobres Al Papa, Del Papa Al Mundo\u201d &#8211; Exaudi<\/title>\n<meta name=\"robots\" content=\"index, follow, max-snippet:-1, max-image-preview:large, max-video-preview:-1\" \/>\n<link rel=\"canonical\" href=\"https:\/\/exaudi.org\/es\/de-los-pobres-al-papa-del-papa-al-mundo\/\" \/>\n<meta property=\"og:locale\" content=\"es_ES\" \/>\n<meta property=\"og:type\" content=\"article\" \/>\n<meta property=\"og:title\" content=\"\u201cDe Los Pobres Al Papa, Del Papa Al Mundo\u201d &#8211; Exaudi\" \/>\n<meta property=\"og:description\" content=\"El Obispo De Getafe present\u00f3 el libro en la Universidad Francisco De Vitoria\" \/>\n<meta property=\"og:url\" content=\"https:\/\/exaudi.org\/es\/de-los-pobres-al-papa-del-papa-al-mundo\/\" \/>\n<meta property=\"og:site_name\" content=\"Exaudi\" \/>\n<meta property=\"article:publisher\" content=\"https:\/\/www.facebook.com\/ExaudiNews\" \/>\n<meta property=\"article:author\" content=\"https:\/\/www.facebook.com\/ExaudiNoticias\/\" \/>\n<meta property=\"article:published_time\" content=\"2024-02-23T07:30:27+00:00\" \/>\n<meta property=\"og:image\" content=\"https:\/\/exaudi.org\/wp-content\/uploads\/2024\/02\/DSC00236-scaled.jpg\" \/>\n\t<meta property=\"og:image:width\" content=\"2560\" \/>\n\t<meta property=\"og:image:height\" content=\"1707\" \/>\n\t<meta property=\"og:image:type\" content=\"image\/jpeg\" \/>\n<meta name=\"author\" content=\"Exaudi Redacci\u00f3n\" \/>\n<meta name=\"twitter:card\" content=\"summary_large_image\" \/>\n<meta name=\"twitter:creator\" content=\"@Exaudi_noticias\" \/>\n<meta name=\"twitter:site\" content=\"@Exaudi_News\" \/>\n<meta name=\"twitter:label1\" content=\"Escrito por\" \/>\n\t<meta name=\"twitter:data1\" content=\"Exaudi Redacci\u00f3n\" \/>\n\t<meta name=\"twitter:label2\" content=\"Tiempo de lectura\" \/>\n\t<meta name=\"twitter:data2\" content=\"13 minutos\" \/>\n<script type=\"application\/ld+json\" class=\"yoast-schema-graph\">{\"@context\":\"https:\\\/\\\/schema.org\",\"@graph\":[{\"@type\":\"Article\",\"@id\":\"https:\\\/\\\/exaudi.org\\\/es\\\/de-los-pobres-al-papa-del-papa-al-mundo\\\/#article\",\"isPartOf\":{\"@id\":\"https:\\\/\\\/exaudi.org\\\/es\\\/de-los-pobres-al-papa-del-papa-al-mundo\\\/\"},\"author\":{\"name\":\"Exaudi Redacci\u00f3n\",\"@id\":\"https:\\\/\\\/exaudi.org\\\/#\\\/schema\\\/person\\\/f5fc8f063065e38742da7afe15f25df7\"},\"headline\":\"\u201cDe Los Pobres Al Papa, Del Papa Al Mundo\u201d\",\"datePublished\":\"2024-02-23T07:30:27+00:00\",\"mainEntityOfPage\":{\"@id\":\"https:\\\/\\\/exaudi.org\\\/es\\\/de-los-pobres-al-papa-del-papa-al-mundo\\\/\"},\"wordCount\":2576,\"image\":{\"@id\":\"https:\\\/\\\/exaudi.org\\\/es\\\/de-los-pobres-al-papa-del-papa-al-mundo\\\/#primaryimage\"},\"thumbnailUrl\":\"https:\\\/\\\/exaudi.org\\\/wp-content\\\/uploads\\\/2024\\\/02\\\/DSC00236-scaled.jpg\",\"keywords\":[\"\u00c1lvaro C\u00e1rdenas\",\"di\u00f3cesis de Getafe\",\"Fundaci\u00f3n L\u00e1zaro\",\"Gin\u00e9s Garc\u00eda Beltr\u00e1n\",\"Libro\",\"papa francisco\",\"Proyecto L\u00e1zaro\",\"Trending\",\"Universidad Francisco de Vitoria\"],\"articleSection\":[\"Iglesia y Mundo\"],\"inLanguage\":\"es\"},{\"@type\":\"WebPage\",\"@id\":\"https:\\\/\\\/exaudi.org\\\/es\\\/de-los-pobres-al-papa-del-papa-al-mundo\\\/\",\"url\":\"https:\\\/\\\/exaudi.org\\\/es\\\/de-los-pobres-al-papa-del-papa-al-mundo\\\/\",\"name\":\"\u201cDe Los Pobres Al Papa, Del Papa Al Mundo\u201d &#8211; Exaudi\",\"isPartOf\":{\"@id\":\"https:\\\/\\\/exaudi.org\\\/#website\"},\"primaryImageOfPage\":{\"@id\":\"https:\\\/\\\/exaudi.org\\\/es\\\/de-los-pobres-al-papa-del-papa-al-mundo\\\/#primaryimage\"},\"image\":{\"@id\":\"https:\\\/\\\/exaudi.org\\\/es\\\/de-los-pobres-al-papa-del-papa-al-mundo\\\/#primaryimage\"},\"thumbnailUrl\":\"https:\\\/\\\/exaudi.org\\\/wp-content\\\/uploads\\\/2024\\\/02\\\/DSC00236-scaled.jpg\",\"datePublished\":\"2024-02-23T07:30:27+00:00\",\"author\":{\"@id\":\"https:\\\/\\\/exaudi.org\\\/#\\\/schema\\\/person\\\/f5fc8f063065e38742da7afe15f25df7\"},\"breadcrumb\":{\"@id\":\"https:\\\/\\\/exaudi.org\\\/es\\\/de-los-pobres-al-papa-del-papa-al-mundo\\\/#breadcrumb\"},\"inLanguage\":\"es\",\"potentialAction\":[{\"@type\":\"ReadAction\",\"target\":[\"https:\\\/\\\/exaudi.org\\\/es\\\/de-los-pobres-al-papa-del-papa-al-mundo\\\/\"]}]},{\"@type\":\"ImageObject\",\"inLanguage\":\"es\",\"@id\":\"https:\\\/\\\/exaudi.org\\\/es\\\/de-los-pobres-al-papa-del-papa-al-mundo\\\/#primaryimage\",\"url\":\"https:\\\/\\\/exaudi.org\\\/wp-content\\\/uploads\\\/2024\\\/02\\\/DSC00236-scaled.jpg\",\"contentUrl\":\"https:\\\/\\\/exaudi.org\\\/wp-content\\\/uploads\\\/2024\\\/02\\\/DSC00236-scaled.jpg\",\"width\":2560,\"height\":1707},{\"@type\":\"BreadcrumbList\",\"@id\":\"https:\\\/\\\/exaudi.org\\\/es\\\/de-los-pobres-al-papa-del-papa-al-mundo\\\/#breadcrumb\",\"itemListElement\":[{\"@type\":\"ListItem\",\"position\":1,\"name\":\"Portada\",\"item\":\"https:\\\/\\\/exaudi.org\\\/es\\\/\"},{\"@type\":\"ListItem\",\"position\":2,\"name\":\"\u201cDe Los Pobres Al Papa, Del Papa Al Mundo\u201d\"}]},{\"@type\":\"WebSite\",\"@id\":\"https:\\\/\\\/exaudi.org\\\/#website\",\"url\":\"https:\\\/\\\/exaudi.org\\\/\",\"name\":\"Exaudi\",\"description\":\"News\",\"potentialAction\":[{\"@type\":\"SearchAction\",\"target\":{\"@type\":\"EntryPoint\",\"urlTemplate\":\"https:\\\/\\\/exaudi.org\\\/?s={search_term_string}\"},\"query-input\":{\"@type\":\"PropertyValueSpecification\",\"valueRequired\":true,\"valueName\":\"search_term_string\"}}],\"inLanguage\":\"es\"},{\"@type\":\"Person\",\"@id\":\"https:\\\/\\\/exaudi.org\\\/#\\\/schema\\\/person\\\/f5fc8f063065e38742da7afe15f25df7\",\"name\":\"Exaudi Redacci\u00f3n\",\"image\":{\"@type\":\"ImageObject\",\"inLanguage\":\"es\",\"@id\":\"https:\\\/\\\/secure.gravatar.com\\\/avatar\\\/fe0f6a059fb68d9b3e11bc5850dd4899b1c7492091a3cb6dd9b01b56ad828be2?s=96&d=mm&r=g\",\"url\":\"https:\\\/\\\/secure.gravatar.com\\\/avatar\\\/fe0f6a059fb68d9b3e11bc5850dd4899b1c7492091a3cb6dd9b01b56ad828be2?s=96&d=mm&r=g\",\"contentUrl\":\"https:\\\/\\\/secure.gravatar.com\\\/avatar\\\/fe0f6a059fb68d9b3e11bc5850dd4899b1c7492091a3cb6dd9b01b56ad828be2?s=96&d=mm&r=g\",\"caption\":\"Exaudi Redacci\u00f3n\"},\"description\":\"\u00bfQu\u00e9 es Exaudi News? Exaudi News es un medio de comunicaci\u00f3n cat\u00f3lico internacional que informa, forma y transforma, diariamente en espa\u00f1ol, ingl\u00e9s e italiano. A trav\u00e9s de noticias, art\u00edculos de an\u00e1lisis y transmisiones en directo de los eventos del Papa, Exaudi busca fortalecer la unidad de los cristianos y contribuir a la evangelizaci\u00f3n del mundo, siempre guiados por la doctrina social de la Iglesia. Trabajamos para acercar la verdad y los valores cristianos a cada rinc\u00f3n del planeta. \u00a1Ay\u00fadanos a transformar el mundo con Exaudi! En Exaudi creemos que la evangelizaci\u00f3n y la informaci\u00f3n de calidad pueden cambiar vidas. Para continuar con nuestra misi\u00f3n y expandir nuestro alcance, necesitamos tu ayuda. Adem\u00e1s, buscamos personas comprometidas que deseen unirse a nuestro equipo. Con tu apoyo, lograremos llegar a m\u00e1s personas, difundir el mensaje de Cristo y reforzar la unidad de los cristianos. \u00bfTe unes a nuestra misi\u00f3n? Para m\u00e1s informaci\u00f3n sobre c\u00f3mo colaborar, visita Exaudi.org\\\/es o cont\u00e1ctanos directamente: info@exaudi.org Exaudi: Informa, forma y transforma.\",\"sameAs\":[\"https:\\\/\\\/www.facebook.com\\\/ExaudiNoticias\\\/\",\"https:\\\/\\\/www.instagram.com\\\/exaudi_noticias\\\/\",\"https:\\\/\\\/x.com\\\/Exaudi_noticias\",\"https:\\\/\\\/www.youtube.com\\\/@exaudicatholicnews\"],\"url\":\"https:\\\/\\\/exaudi.org\\\/es\\\/author\\\/redaccionexaudi\\\/\"}]}<\/script>\n<!-- \/ Yoast SEO plugin. -->","yoast_head_json":{"title":"\u201cDe Los Pobres Al Papa, Del Papa Al Mundo\u201d &#8211; Exaudi","robots":{"index":"index","follow":"follow","max-snippet":"max-snippet:-1","max-image-preview":"max-image-preview:large","max-video-preview":"max-video-preview:-1"},"canonical":"https:\/\/exaudi.org\/es\/de-los-pobres-al-papa-del-papa-al-mundo\/","og_locale":"es_ES","og_type":"article","og_title":"\u201cDe Los Pobres Al Papa, Del Papa Al Mundo\u201d &#8211; Exaudi","og_description":"El Obispo De Getafe present\u00f3 el libro en la Universidad Francisco De Vitoria","og_url":"https:\/\/exaudi.org\/es\/de-los-pobres-al-papa-del-papa-al-mundo\/","og_site_name":"Exaudi","article_publisher":"https:\/\/www.facebook.com\/ExaudiNews","article_author":"https:\/\/www.facebook.com\/ExaudiNoticias\/","article_published_time":"2024-02-23T07:30:27+00:00","og_image":[{"width":2560,"height":1707,"url":"https:\/\/exaudi.org\/wp-content\/uploads\/2024\/02\/DSC00236-scaled.jpg","type":"image\/jpeg"}],"author":"Exaudi Redacci\u00f3n","twitter_card":"summary_large_image","twitter_creator":"@Exaudi_noticias","twitter_site":"@Exaudi_News","twitter_misc":{"Escrito por":"Exaudi Redacci\u00f3n","Tiempo de lectura":"13 minutos"},"schema":{"@context":"https:\/\/schema.org","@graph":[{"@type":"Article","@id":"https:\/\/exaudi.org\/es\/de-los-pobres-al-papa-del-papa-al-mundo\/#article","isPartOf":{"@id":"https:\/\/exaudi.org\/es\/de-los-pobres-al-papa-del-papa-al-mundo\/"},"author":{"name":"Exaudi Redacci\u00f3n","@id":"https:\/\/exaudi.org\/#\/schema\/person\/f5fc8f063065e38742da7afe15f25df7"},"headline":"\u201cDe Los Pobres Al Papa, Del Papa Al Mundo\u201d","datePublished":"2024-02-23T07:30:27+00:00","mainEntityOfPage":{"@id":"https:\/\/exaudi.org\/es\/de-los-pobres-al-papa-del-papa-al-mundo\/"},"wordCount":2576,"image":{"@id":"https:\/\/exaudi.org\/es\/de-los-pobres-al-papa-del-papa-al-mundo\/#primaryimage"},"thumbnailUrl":"https:\/\/exaudi.org\/wp-content\/uploads\/2024\/02\/DSC00236-scaled.jpg","keywords":["\u00c1lvaro C\u00e1rdenas","di\u00f3cesis de Getafe","Fundaci\u00f3n L\u00e1zaro","Gin\u00e9s Garc\u00eda Beltr\u00e1n","Libro","papa francisco","Proyecto L\u00e1zaro","Trending","Universidad Francisco de Vitoria"],"articleSection":["Iglesia y Mundo"],"inLanguage":"es"},{"@type":"WebPage","@id":"https:\/\/exaudi.org\/es\/de-los-pobres-al-papa-del-papa-al-mundo\/","url":"https:\/\/exaudi.org\/es\/de-los-pobres-al-papa-del-papa-al-mundo\/","name":"\u201cDe Los Pobres Al Papa, Del Papa Al Mundo\u201d &#8211; Exaudi","isPartOf":{"@id":"https:\/\/exaudi.org\/#website"},"primaryImageOfPage":{"@id":"https:\/\/exaudi.org\/es\/de-los-pobres-al-papa-del-papa-al-mundo\/#primaryimage"},"image":{"@id":"https:\/\/exaudi.org\/es\/de-los-pobres-al-papa-del-papa-al-mundo\/#primaryimage"},"thumbnailUrl":"https:\/\/exaudi.org\/wp-content\/uploads\/2024\/02\/DSC00236-scaled.jpg","datePublished":"2024-02-23T07:30:27+00:00","author":{"@id":"https:\/\/exaudi.org\/#\/schema\/person\/f5fc8f063065e38742da7afe15f25df7"},"breadcrumb":{"@id":"https:\/\/exaudi.org\/es\/de-los-pobres-al-papa-del-papa-al-mundo\/#breadcrumb"},"inLanguage":"es","potentialAction":[{"@type":"ReadAction","target":["https:\/\/exaudi.org\/es\/de-los-pobres-al-papa-del-papa-al-mundo\/"]}]},{"@type":"ImageObject","inLanguage":"es","@id":"https:\/\/exaudi.org\/es\/de-los-pobres-al-papa-del-papa-al-mundo\/#primaryimage","url":"https:\/\/exaudi.org\/wp-content\/uploads\/2024\/02\/DSC00236-scaled.jpg","contentUrl":"https:\/\/exaudi.org\/wp-content\/uploads\/2024\/02\/DSC00236-scaled.jpg","width":2560,"height":1707},{"@type":"BreadcrumbList","@id":"https:\/\/exaudi.org\/es\/de-los-pobres-al-papa-del-papa-al-mundo\/#breadcrumb","itemListElement":[{"@type":"ListItem","position":1,"name":"Portada","item":"https:\/\/exaudi.org\/es\/"},{"@type":"ListItem","position":2,"name":"\u201cDe Los Pobres Al Papa, Del Papa Al Mundo\u201d"}]},{"@type":"WebSite","@id":"https:\/\/exaudi.org\/#website","url":"https:\/\/exaudi.org\/","name":"Exaudi","description":"News","potentialAction":[{"@type":"SearchAction","target":{"@type":"EntryPoint","urlTemplate":"https:\/\/exaudi.org\/?s={search_term_string}"},"query-input":{"@type":"PropertyValueSpecification","valueRequired":true,"valueName":"search_term_string"}}],"inLanguage":"es"},{"@type":"Person","@id":"https:\/\/exaudi.org\/#\/schema\/person\/f5fc8f063065e38742da7afe15f25df7","name":"Exaudi Redacci\u00f3n","image":{"@type":"ImageObject","inLanguage":"es","@id":"https:\/\/secure.gravatar.com\/avatar\/fe0f6a059fb68d9b3e11bc5850dd4899b1c7492091a3cb6dd9b01b56ad828be2?s=96&d=mm&r=g","url":"https:\/\/secure.gravatar.com\/avatar\/fe0f6a059fb68d9b3e11bc5850dd4899b1c7492091a3cb6dd9b01b56ad828be2?s=96&d=mm&r=g","contentUrl":"https:\/\/secure.gravatar.com\/avatar\/fe0f6a059fb68d9b3e11bc5850dd4899b1c7492091a3cb6dd9b01b56ad828be2?s=96&d=mm&r=g","caption":"Exaudi Redacci\u00f3n"},"description":"\u00bfQu\u00e9 es Exaudi News? Exaudi News es un medio de comunicaci\u00f3n cat\u00f3lico internacional que informa, forma y transforma, diariamente en espa\u00f1ol, ingl\u00e9s e italiano. A trav\u00e9s de noticias, art\u00edculos de an\u00e1lisis y transmisiones en directo de los eventos del Papa, Exaudi busca fortalecer la unidad de los cristianos y contribuir a la evangelizaci\u00f3n del mundo, siempre guiados por la doctrina social de la Iglesia. Trabajamos para acercar la verdad y los valores cristianos a cada rinc\u00f3n del planeta. \u00a1Ay\u00fadanos a transformar el mundo con Exaudi! En Exaudi creemos que la evangelizaci\u00f3n y la informaci\u00f3n de calidad pueden cambiar vidas. Para continuar con nuestra misi\u00f3n y expandir nuestro alcance, necesitamos tu ayuda. Adem\u00e1s, buscamos personas comprometidas que deseen unirse a nuestro equipo. Con tu apoyo, lograremos llegar a m\u00e1s personas, difundir el mensaje de Cristo y reforzar la unidad de los cristianos. \u00bfTe unes a nuestra misi\u00f3n? Para m\u00e1s informaci\u00f3n sobre c\u00f3mo colaborar, visita Exaudi.org\/es o cont\u00e1ctanos directamente: info@exaudi.org Exaudi: Informa, forma y transforma.","sameAs":["https:\/\/www.facebook.com\/ExaudiNoticias\/","https:\/\/www.instagram.com\/exaudi_noticias\/","https:\/\/x.com\/Exaudi_noticias","https:\/\/www.youtube.com\/@exaudicatholicnews"],"url":"https:\/\/exaudi.org\/es\/author\/redaccionexaudi\/"}]}},"jetpack_featured_media_url":"https:\/\/exaudi.org\/wp-content\/uploads\/2024\/02\/DSC00236-scaled.jpg","jetpack_shortlink":"https:\/\/wp.me\/pgKjF2-oIC","_links":{"self":[{"href":"https:\/\/exaudi.org\/es\/wp-json\/wp\/v2\/posts\/95022","targetHints":{"allow":["GET"]}}],"collection":[{"href":"https:\/\/exaudi.org\/es\/wp-json\/wp\/v2\/posts"}],"about":[{"href":"https:\/\/exaudi.org\/es\/wp-json\/wp\/v2\/types\/post"}],"author":[{"embeddable":true,"href":"https:\/\/exaudi.org\/es\/wp-json\/wp\/v2\/users\/15"}],"replies":[{"embeddable":true,"href":"https:\/\/exaudi.org\/es\/wp-json\/wp\/v2\/comments?post=95022"}],"version-history":[{"count":0,"href":"https:\/\/exaudi.org\/es\/wp-json\/wp\/v2\/posts\/95022\/revisions"}],"wp:featuredmedia":[{"embeddable":true,"href":"https:\/\/exaudi.org\/es\/wp-json\/wp\/v2\/media\/95029"}],"wp:attachment":[{"href":"https:\/\/exaudi.org\/es\/wp-json\/wp\/v2\/media?parent=95022"}],"wp:term":[{"taxonomy":"category","embeddable":true,"href":"https:\/\/exaudi.org\/es\/wp-json\/wp\/v2\/categories?post=95022"},{"taxonomy":"post_tag","embeddable":true,"href":"https:\/\/exaudi.org\/es\/wp-json\/wp\/v2\/tags?post=95022"}],"curies":[{"name":"wp","href":"https:\/\/api.w.org\/{rel}","templated":true}]}}