{"id":94942,"date":"2024-02-22T08:30:09","date_gmt":"2024-02-22T07:30:09","guid":{"rendered":"https:\/\/exaudi.org\/?p=94942"},"modified":"2024-02-21T11:42:18","modified_gmt":"2024-02-21T10:42:18","slug":"desenmascarando-a-los-demonios","status":"publish","type":"post","link":"https:\/\/exaudi.org\/es\/desenmascarando-a-los-demonios\/","title":{"rendered":"Desenmascarando a los demonios"},"content":{"rendered":"<p>El pr\u00f3ximo jueves 22 de febrero a las 21:00 h (hora de Espa\u00f1a), el Padre Javier Luz\u00f3n, reconocido ex-exorcista y autor del libro \u00abLas seis puertas del enemigo. Experiencias de un exorcista\u00bb, impartir\u00e1 una charla el canal de YouTube de la Asociaci\u00f3n Enraizados sobre c\u00f3mo desenmascarar a los demonios.<\/p>\n<p>El Padre Luz\u00f3n, quien cuenta con una vasta experiencia en este campo y es considerado un experto en la materia, compartir\u00e1 su conocimiento y ofrecer\u00e1 consejos pr\u00e1cticos para identificar y enfrentar la influencia demon\u00edaca en nuestras vidas.<\/p>\n<p>La charla, que tendr\u00e1 una duraci\u00f3n aproximada de una hora, incluir\u00e1 un espacio de preguntas y respuestas, donde los espectadores podr\u00e1n interactuar directamente con el Padre Luz\u00f3n y resolver sus dudas sobre el tema.<\/p>\n<p>No se pierdas esta oportunidad \u00fanica de ampliar tus conocimientos sobre c\u00f3mo desenmascarar a los demonios. \u00a1Reg\u00edstrese en el formulario para recibir un recordatorio con el enlace de la conferencia y unirse el pr\u00f3ximo jueves!<\/p>\n<p>Enlace para registrarte: <a href=\"https:\/\/forms.gle\/D8L5oEDPnTi7BDxw7\" target=\"_blank\" rel=\"noopener\">Formulario\u00a0de\u00a0registro<\/a><\/p>\n<p>\ud83d\uddd3 Jueves, 22 de febrero<br \/>\n\ud83d\udd58 21:00 h. \ud83c\uddea\ud83c\uddf8<br \/>\n20:00 h. \ud83c\uddec\ud83c\uddf6 \ud83c\uddea\ud83c\udded \ud83c\uddea\ud83c\uddf8 (Islas Canarias)<br \/>\n14:00 h. \ud83c\uddf2\ud83c\uddfd \ud83c\uddec\ud83c\uddf9 \ud83c\udde8\ud83c\uddf7 \ud83c\uddf8\ud83c\uddfb \ud83c\udded\ud83c\uddf3 \ud83c\uddf3\ud83c\uddee<br \/>\n15:00 h. \ud83c\uddea\ud83c\udde8 \ud83c\udde8\ud83c\uddf4 \ud83c\uddf5\ud83c\udde6 \ud83c\uddf5\ud83c\uddea \ud83c\uddfa\ud83c\uddf8 (Miami)<br \/>\n16:00 h. \ud83c\uddfb\ud83c\uddea \ud83c\uddf5\ud83c\uddfe \ud83c\udde9\ud83c\uddf4 \ud83c\udde8\ud83c\uddfa \ud83c\uddf5\ud83c\uddf7 \ud83c\udde7\ud83c\uddf4<br \/>\n17:00 h. \ud83c\udde6\ud83c\uddf7 \ud83c\uddfa\ud83c\uddfe \ud83c\udde8\ud83c\uddf1 \ud83c\udde7\ud83c\uddf7 (R\u00edo)<br \/>\n04:00 h. \ud83c\uddf5\ud83c\udded<br \/>\n06:00 h. \ud83c\uddec\ud83c\uddfa<\/p>\n<p>\u00a1No se pierda esta oportunidad de conocer m\u00e1s sobre el tema!<\/p>\n<p><img loading=\"lazy\" decoding=\"async\" class=\"size-full wp-image-94943 alignnone\" src=\"https:\/\/exaudi.org\/wp-content\/uploads\/2024\/02\/Imagen-de-WhatsApp-2024-02-15-a-las-17.44.13_e743ae82.jpg\" alt=\"\" width=\"1080\" height=\"1080\" srcset=\"https:\/\/exaudi.org\/wp-content\/uploads\/2024\/02\/Imagen-de-WhatsApp-2024-02-15-a-las-17.44.13_e743ae82.jpg 1080w, https:\/\/exaudi.org\/wp-content\/uploads\/2024\/02\/Imagen-de-WhatsApp-2024-02-15-a-las-17.44.13_e743ae82-300x300.jpg 300w, https:\/\/exaudi.org\/wp-content\/uploads\/2024\/02\/Imagen-de-WhatsApp-2024-02-15-a-las-17.44.13_e743ae82-1024x1024.jpg 1024w, https:\/\/exaudi.org\/wp-content\/uploads\/2024\/02\/Imagen-de-WhatsApp-2024-02-15-a-las-17.44.13_e743ae82-100x100.jpg?crop=1 100w, https:\/\/exaudi.org\/wp-content\/uploads\/2024\/02\/Imagen-de-WhatsApp-2024-02-15-a-las-17.44.13_e743ae82-770x770.jpg 770w, https:\/\/exaudi.org\/wp-content\/uploads\/2024\/02\/Imagen-de-WhatsApp-2024-02-15-a-las-17.44.13_e743ae82-500x500.jpg 500w, https:\/\/exaudi.org\/wp-content\/uploads\/2024\/02\/Imagen-de-WhatsApp-2024-02-15-a-las-17.44.13_e743ae82-293x293.jpg 293w, https:\/\/exaudi.org\/wp-content\/uploads\/2024\/02\/Imagen-de-WhatsApp-2024-02-15-a-las-17.44.13_e743ae82-390x390.jpg 390w, https:\/\/exaudi.org\/wp-content\/uploads\/2024\/02\/Imagen-de-WhatsApp-2024-02-15-a-las-17.44.13_e743ae82-585x585.jpg 585w, https:\/\/exaudi.org\/wp-content\/uploads\/2024\/02\/Imagen-de-WhatsApp-2024-02-15-a-las-17.44.13_e743ae82-900x900.jpg 900w\" sizes=\"auto, (max-width: 1080px) 100vw, 1080px\" \/><\/p>\n","protected":false},"excerpt":{"rendered":"<p>El pr\u00f3ximo jueves 22 de febrero a las 21:00 h (hora de Espa\u00f1a), el Padre Javier Luz\u00f3n, reconocido ex-exorcista y autor del libro \u00abLas seis puertas del enemigo. Experiencias de un exorcista\u00bb, impartir\u00e1 una charla el canal de YouTube de la Asociaci\u00f3n Enraizados sobre c\u00f3mo desenmascarar a los demonios. El Padre Luz\u00f3n, quien cuenta con [&hellip;]<\/p>\n","protected":false},"author":123,"featured_media":94943,"comment_status":"closed","ping_status":"closed","sticky":false,"template":"","format":"standard","meta":{"_acf_changed":false,"_crdt_document":"","inline_featured_image":false,"footnotes":""},"categories":[74],"tags":[10142,9060,13096,13095],"class_list":["post-94942","post","type-post","status-publish","format-standard","has-post-thumbnail","hentry","category-iglesia-y-mundo","tag-asociacion-enraizados","tag-demonio","tag-demonios","tag-p-javier-luzon"],"acf":[],"yoast_head":"<!-- This site is optimized with the Yoast SEO plugin v27.4 - https:\/\/yoast.com\/product\/yoast-seo-wordpress\/ -->\n<title>Desenmascarando a los demonios &#8211; Exaudi<\/title>\n<meta name=\"robots\" content=\"index, follow, max-snippet:-1, max-image-preview:large, max-video-preview:-1\" \/>\n<link rel=\"canonical\" href=\"https:\/\/exaudi.org\/es\/desenmascarando-a-los-demonios\/\" \/>\n<meta property=\"og:locale\" content=\"es_ES\" \/>\n<meta property=\"og:type\" content=\"article\" \/>\n<meta property=\"og:title\" content=\"Desenmascarando a los demonios &#8211; Exaudi\" \/>\n<meta property=\"og:description\" content=\"El pr\u00f3ximo jueves 22 de febrero a las 21:00 h (hora de Espa\u00f1a), el Padre Javier Luz\u00f3n, reconocido ex-exorcista y autor del libro \u00abLas seis puertas del enemigo. Experiencias de un exorcista\u00bb, impartir\u00e1 una charla el canal de YouTube de la Asociaci\u00f3n Enraizados sobre c\u00f3mo desenmascarar a los demonios. El Padre Luz\u00f3n, quien cuenta con [&hellip;]\" \/>\n<meta property=\"og:url\" content=\"https:\/\/exaudi.org\/es\/desenmascarando-a-los-demonios\/\" \/>\n<meta property=\"og:site_name\" content=\"Exaudi\" \/>\n<meta property=\"article:publisher\" content=\"https:\/\/www.facebook.com\/ExaudiNews\" \/>\n<meta property=\"article:author\" content=\"https:\/\/www.facebook.com\/asociacionenraizados\" \/>\n<meta property=\"article:published_time\" content=\"2024-02-22T07:30:09+00:00\" \/>\n<meta property=\"og:image\" content=\"https:\/\/exaudi.org\/wp-content\/uploads\/2024\/02\/Imagen-de-WhatsApp-2024-02-15-a-las-17.44.13_e743ae82.jpg\" \/>\n\t<meta property=\"og:image:width\" content=\"1080\" \/>\n\t<meta property=\"og:image:height\" content=\"1080\" \/>\n\t<meta property=\"og:image:type\" content=\"image\/jpeg\" \/>\n<meta name=\"author\" content=\"Enraizados\" \/>\n<meta name=\"twitter:card\" content=\"summary_large_image\" \/>\n<meta name=\"twitter:creator\" content=\"@https:\/\/twitter.com\/asocenraizados\/\" \/>\n<meta name=\"twitter:site\" content=\"@Exaudi_News\" \/>\n<meta name=\"twitter:label1\" content=\"Escrito por\" \/>\n\t<meta name=\"twitter:data1\" content=\"Enraizados\" \/>\n\t<meta name=\"twitter:label2\" content=\"Tiempo de lectura\" \/>\n\t<meta name=\"twitter:data2\" content=\"1 minuto\" \/>\n<script type=\"application\/ld+json\" class=\"yoast-schema-graph\">{\"@context\":\"https:\\\/\\\/schema.org\",\"@graph\":[{\"@type\":\"Article\",\"@id\":\"https:\\\/\\\/exaudi.org\\\/es\\\/desenmascarando-a-los-demonios\\\/#article\",\"isPartOf\":{\"@id\":\"https:\\\/\\\/exaudi.org\\\/es\\\/desenmascarando-a-los-demonios\\\/\"},\"author\":{\"name\":\"Enraizados\",\"@id\":\"https:\\\/\\\/exaudi.org\\\/#\\\/schema\\\/person\\\/20d66a3249df43321f92e55f42e42e4a\"},\"headline\":\"Desenmascarando a los demonios\",\"datePublished\":\"2024-02-22T07:30:09+00:00\",\"mainEntityOfPage\":{\"@id\":\"https:\\\/\\\/exaudi.org\\\/es\\\/desenmascarando-a-los-demonios\\\/\"},\"wordCount\":205,\"image\":{\"@id\":\"https:\\\/\\\/exaudi.org\\\/es\\\/desenmascarando-a-los-demonios\\\/#primaryimage\"},\"thumbnailUrl\":\"https:\\\/\\\/exaudi.org\\\/wp-content\\\/uploads\\\/2024\\\/02\\\/Imagen-de-WhatsApp-2024-02-15-a-las-17.44.13_e743ae82.jpg\",\"keywords\":[\"Asociaci\u00f3n Enraizados\",\"Demonio\",\"Demonios\",\"P Javier Luz\u00f3n\"],\"articleSection\":[\"Iglesia y Mundo\"],\"inLanguage\":\"es\"},{\"@type\":\"WebPage\",\"@id\":\"https:\\\/\\\/exaudi.org\\\/es\\\/desenmascarando-a-los-demonios\\\/\",\"url\":\"https:\\\/\\\/exaudi.org\\\/es\\\/desenmascarando-a-los-demonios\\\/\",\"name\":\"Desenmascarando a los demonios &#8211; Exaudi\",\"isPartOf\":{\"@id\":\"https:\\\/\\\/exaudi.org\\\/#website\"},\"primaryImageOfPage\":{\"@id\":\"https:\\\/\\\/exaudi.org\\\/es\\\/desenmascarando-a-los-demonios\\\/#primaryimage\"},\"image\":{\"@id\":\"https:\\\/\\\/exaudi.org\\\/es\\\/desenmascarando-a-los-demonios\\\/#primaryimage\"},\"thumbnailUrl\":\"https:\\\/\\\/exaudi.org\\\/wp-content\\\/uploads\\\/2024\\\/02\\\/Imagen-de-WhatsApp-2024-02-15-a-las-17.44.13_e743ae82.jpg\",\"datePublished\":\"2024-02-22T07:30:09+00:00\",\"author\":{\"@id\":\"https:\\\/\\\/exaudi.org\\\/#\\\/schema\\\/person\\\/20d66a3249df43321f92e55f42e42e4a\"},\"breadcrumb\":{\"@id\":\"https:\\\/\\\/exaudi.org\\\/es\\\/desenmascarando-a-los-demonios\\\/#breadcrumb\"},\"inLanguage\":\"es\",\"potentialAction\":[{\"@type\":\"ReadAction\",\"target\":[\"https:\\\/\\\/exaudi.org\\\/es\\\/desenmascarando-a-los-demonios\\\/\"]}]},{\"@type\":\"ImageObject\",\"inLanguage\":\"es\",\"@id\":\"https:\\\/\\\/exaudi.org\\\/es\\\/desenmascarando-a-los-demonios\\\/#primaryimage\",\"url\":\"https:\\\/\\\/exaudi.org\\\/wp-content\\\/uploads\\\/2024\\\/02\\\/Imagen-de-WhatsApp-2024-02-15-a-las-17.44.13_e743ae82.jpg\",\"contentUrl\":\"https:\\\/\\\/exaudi.org\\\/wp-content\\\/uploads\\\/2024\\\/02\\\/Imagen-de-WhatsApp-2024-02-15-a-las-17.44.13_e743ae82.jpg\",\"width\":1080,\"height\":1080},{\"@type\":\"BreadcrumbList\",\"@id\":\"https:\\\/\\\/exaudi.org\\\/es\\\/desenmascarando-a-los-demonios\\\/#breadcrumb\",\"itemListElement\":[{\"@type\":\"ListItem\",\"position\":1,\"name\":\"Portada\",\"item\":\"https:\\\/\\\/exaudi.org\\\/es\\\/\"},{\"@type\":\"ListItem\",\"position\":2,\"name\":\"Desenmascarando a los demonios\"}]},{\"@type\":\"WebSite\",\"@id\":\"https:\\\/\\\/exaudi.org\\\/#website\",\"url\":\"https:\\\/\\\/exaudi.org\\\/\",\"name\":\"Exaudi\",\"description\":\"News\",\"potentialAction\":[{\"@type\":\"SearchAction\",\"target\":{\"@type\":\"EntryPoint\",\"urlTemplate\":\"https:\\\/\\\/exaudi.org\\\/?s={search_term_string}\"},\"query-input\":{\"@type\":\"PropertyValueSpecification\",\"valueRequired\":true,\"valueName\":\"search_term_string\"}}],\"inLanguage\":\"es\"},{\"@type\":\"Person\",\"@id\":\"https:\\\/\\\/exaudi.org\\\/#\\\/schema\\\/person\\\/20d66a3249df43321f92e55f42e42e4a\",\"name\":\"Enraizados\",\"image\":{\"@type\":\"ImageObject\",\"inLanguage\":\"es\",\"@id\":\"https:\\\/\\\/secure.gravatar.com\\\/avatar\\\/766befbb46a56201d09facd10f18b7d0b7764f075a7f94099d7102d86fc2f90b?s=96&d=mm&r=g\",\"url\":\"https:\\\/\\\/secure.gravatar.com\\\/avatar\\\/766befbb46a56201d09facd10f18b7d0b7764f075a7f94099d7102d86fc2f90b?s=96&d=mm&r=g\",\"contentUrl\":\"https:\\\/\\\/secure.gravatar.com\\\/avatar\\\/766befbb46a56201d09facd10f18b7d0b7764f075a7f94099d7102d86fc2f90b?s=96&d=mm&r=g\",\"caption\":\"Enraizados\"},\"description\":\"Trabajando desde 2012 por mejorar la sociedad en la que vivimos La Asociaci\u00f3n Enraizados en Cristo y en la Sociedad nace en el a\u00f1o 2012 con el objetivo de ser una voz cat\u00f3lica en la vida p\u00fablica, aportando una perspectiva cristiana a la visi\u00f3n de la vida y sus acontecimientos en la sociedad actual, tanto en Espa\u00f1a como en el Mundo.\",\"sameAs\":[\"https:\\\/\\\/enraizados.org\\\/\",\"https:\\\/\\\/www.facebook.com\\\/asociacionenraizados\",\"https:\\\/\\\/www.instagram.com\\\/asociacionenraizados\\\/\",\"https:\\\/\\\/x.com\\\/https:\\\/\\\/twitter.com\\\/asocenraizados\\\/\",\"https:\\\/\\\/www.youtube.com\\\/@AsociacionEnraizados\"],\"url\":\"https:\\\/\\\/exaudi.org\\\/es\\\/author\\\/enraizados\\\/\"}]}<\/script>\n<!-- \/ Yoast SEO plugin. -->","yoast_head_json":{"title":"Desenmascarando a los demonios &#8211; Exaudi","robots":{"index":"index","follow":"follow","max-snippet":"max-snippet:-1","max-image-preview":"max-image-preview:large","max-video-preview":"max-video-preview:-1"},"canonical":"https:\/\/exaudi.org\/es\/desenmascarando-a-los-demonios\/","og_locale":"es_ES","og_type":"article","og_title":"Desenmascarando a los demonios &#8211; Exaudi","og_description":"El pr\u00f3ximo jueves 22 de febrero a las 21:00 h (hora de Espa\u00f1a), el Padre Javier Luz\u00f3n, reconocido ex-exorcista y autor del libro \u00abLas seis puertas del enemigo. Experiencias de un exorcista\u00bb, impartir\u00e1 una charla el canal de YouTube de la Asociaci\u00f3n Enraizados sobre c\u00f3mo desenmascarar a los demonios. El Padre Luz\u00f3n, quien cuenta con [&hellip;]","og_url":"https:\/\/exaudi.org\/es\/desenmascarando-a-los-demonios\/","og_site_name":"Exaudi","article_publisher":"https:\/\/www.facebook.com\/ExaudiNews","article_author":"https:\/\/www.facebook.com\/asociacionenraizados","article_published_time":"2024-02-22T07:30:09+00:00","og_image":[{"width":1080,"height":1080,"url":"https:\/\/exaudi.org\/wp-content\/uploads\/2024\/02\/Imagen-de-WhatsApp-2024-02-15-a-las-17.44.13_e743ae82.jpg","type":"image\/jpeg"}],"author":"Enraizados","twitter_card":"summary_large_image","twitter_creator":"@https:\/\/twitter.com\/asocenraizados\/","twitter_site":"@Exaudi_News","twitter_misc":{"Escrito por":"Enraizados","Tiempo de lectura":"1 minuto"},"schema":{"@context":"https:\/\/schema.org","@graph":[{"@type":"Article","@id":"https:\/\/exaudi.org\/es\/desenmascarando-a-los-demonios\/#article","isPartOf":{"@id":"https:\/\/exaudi.org\/es\/desenmascarando-a-los-demonios\/"},"author":{"name":"Enraizados","@id":"https:\/\/exaudi.org\/#\/schema\/person\/20d66a3249df43321f92e55f42e42e4a"},"headline":"Desenmascarando a los demonios","datePublished":"2024-02-22T07:30:09+00:00","mainEntityOfPage":{"@id":"https:\/\/exaudi.org\/es\/desenmascarando-a-los-demonios\/"},"wordCount":205,"image":{"@id":"https:\/\/exaudi.org\/es\/desenmascarando-a-los-demonios\/#primaryimage"},"thumbnailUrl":"https:\/\/exaudi.org\/wp-content\/uploads\/2024\/02\/Imagen-de-WhatsApp-2024-02-15-a-las-17.44.13_e743ae82.jpg","keywords":["Asociaci\u00f3n Enraizados","Demonio","Demonios","P Javier Luz\u00f3n"],"articleSection":["Iglesia y Mundo"],"inLanguage":"es"},{"@type":"WebPage","@id":"https:\/\/exaudi.org\/es\/desenmascarando-a-los-demonios\/","url":"https:\/\/exaudi.org\/es\/desenmascarando-a-los-demonios\/","name":"Desenmascarando a los demonios &#8211; Exaudi","isPartOf":{"@id":"https:\/\/exaudi.org\/#website"},"primaryImageOfPage":{"@id":"https:\/\/exaudi.org\/es\/desenmascarando-a-los-demonios\/#primaryimage"},"image":{"@id":"https:\/\/exaudi.org\/es\/desenmascarando-a-los-demonios\/#primaryimage"},"thumbnailUrl":"https:\/\/exaudi.org\/wp-content\/uploads\/2024\/02\/Imagen-de-WhatsApp-2024-02-15-a-las-17.44.13_e743ae82.jpg","datePublished":"2024-02-22T07:30:09+00:00","author":{"@id":"https:\/\/exaudi.org\/#\/schema\/person\/20d66a3249df43321f92e55f42e42e4a"},"breadcrumb":{"@id":"https:\/\/exaudi.org\/es\/desenmascarando-a-los-demonios\/#breadcrumb"},"inLanguage":"es","potentialAction":[{"@type":"ReadAction","target":["https:\/\/exaudi.org\/es\/desenmascarando-a-los-demonios\/"]}]},{"@type":"ImageObject","inLanguage":"es","@id":"https:\/\/exaudi.org\/es\/desenmascarando-a-los-demonios\/#primaryimage","url":"https:\/\/exaudi.org\/wp-content\/uploads\/2024\/02\/Imagen-de-WhatsApp-2024-02-15-a-las-17.44.13_e743ae82.jpg","contentUrl":"https:\/\/exaudi.org\/wp-content\/uploads\/2024\/02\/Imagen-de-WhatsApp-2024-02-15-a-las-17.44.13_e743ae82.jpg","width":1080,"height":1080},{"@type":"BreadcrumbList","@id":"https:\/\/exaudi.org\/es\/desenmascarando-a-los-demonios\/#breadcrumb","itemListElement":[{"@type":"ListItem","position":1,"name":"Portada","item":"https:\/\/exaudi.org\/es\/"},{"@type":"ListItem","position":2,"name":"Desenmascarando a los demonios"}]},{"@type":"WebSite","@id":"https:\/\/exaudi.org\/#website","url":"https:\/\/exaudi.org\/","name":"Exaudi","description":"News","potentialAction":[{"@type":"SearchAction","target":{"@type":"EntryPoint","urlTemplate":"https:\/\/exaudi.org\/?s={search_term_string}"},"query-input":{"@type":"PropertyValueSpecification","valueRequired":true,"valueName":"search_term_string"}}],"inLanguage":"es"},{"@type":"Person","@id":"https:\/\/exaudi.org\/#\/schema\/person\/20d66a3249df43321f92e55f42e42e4a","name":"Enraizados","image":{"@type":"ImageObject","inLanguage":"es","@id":"https:\/\/secure.gravatar.com\/avatar\/766befbb46a56201d09facd10f18b7d0b7764f075a7f94099d7102d86fc2f90b?s=96&d=mm&r=g","url":"https:\/\/secure.gravatar.com\/avatar\/766befbb46a56201d09facd10f18b7d0b7764f075a7f94099d7102d86fc2f90b?s=96&d=mm&r=g","contentUrl":"https:\/\/secure.gravatar.com\/avatar\/766befbb46a56201d09facd10f18b7d0b7764f075a7f94099d7102d86fc2f90b?s=96&d=mm&r=g","caption":"Enraizados"},"description":"Trabajando desde 2012 por mejorar la sociedad en la que vivimos La Asociaci\u00f3n Enraizados en Cristo y en la Sociedad nace en el a\u00f1o 2012 con el objetivo de ser una voz cat\u00f3lica en la vida p\u00fablica, aportando una perspectiva cristiana a la visi\u00f3n de la vida y sus acontecimientos en la sociedad actual, tanto en Espa\u00f1a como en el Mundo.","sameAs":["https:\/\/enraizados.org\/","https:\/\/www.facebook.com\/asociacionenraizados","https:\/\/www.instagram.com\/asociacionenraizados\/","https:\/\/x.com\/https:\/\/twitter.com\/asocenraizados\/","https:\/\/www.youtube.com\/@AsociacionEnraizados"],"url":"https:\/\/exaudi.org\/es\/author\/enraizados\/"}]}},"jetpack_featured_media_url":"https:\/\/exaudi.org\/wp-content\/uploads\/2024\/02\/Imagen-de-WhatsApp-2024-02-15-a-las-17.44.13_e743ae82.jpg","jetpack_shortlink":"https:\/\/wp.me\/pgKjF2-oHk","_links":{"self":[{"href":"https:\/\/exaudi.org\/es\/wp-json\/wp\/v2\/posts\/94942","targetHints":{"allow":["GET"]}}],"collection":[{"href":"https:\/\/exaudi.org\/es\/wp-json\/wp\/v2\/posts"}],"about":[{"href":"https:\/\/exaudi.org\/es\/wp-json\/wp\/v2\/types\/post"}],"author":[{"embeddable":true,"href":"https:\/\/exaudi.org\/es\/wp-json\/wp\/v2\/users\/123"}],"replies":[{"embeddable":true,"href":"https:\/\/exaudi.org\/es\/wp-json\/wp\/v2\/comments?post=94942"}],"version-history":[{"count":0,"href":"https:\/\/exaudi.org\/es\/wp-json\/wp\/v2\/posts\/94942\/revisions"}],"wp:featuredmedia":[{"embeddable":true,"href":"https:\/\/exaudi.org\/es\/wp-json\/wp\/v2\/media\/94943"}],"wp:attachment":[{"href":"https:\/\/exaudi.org\/es\/wp-json\/wp\/v2\/media?parent=94942"}],"wp:term":[{"taxonomy":"category","embeddable":true,"href":"https:\/\/exaudi.org\/es\/wp-json\/wp\/v2\/categories?post=94942"},{"taxonomy":"post_tag","embeddable":true,"href":"https:\/\/exaudi.org\/es\/wp-json\/wp\/v2\/tags?post=94942"}],"curies":[{"name":"wp","href":"https:\/\/api.w.org\/{rel}","templated":true}]}}