{"id":9467,"date":"2021-04-02T11:29:42","date_gmt":"2021-04-02T09:29:42","guid":{"rendered":"https:\/\/exaudi.org\/?p=9467"},"modified":"2021-04-02T22:55:24","modified_gmt":"2021-04-02T20:55:24","slug":"papa-misa-in-coena-domini-cardenal-becciu","status":"publish","type":"post","link":"https:\/\/exaudi.org\/es\/papa-misa-in-coena-domini-cardenal-becciu\/","title":{"rendered":"El Papa celebra Misa &#8216;in Coena Domini&#8217; en casa del cardenal Becciu"},"content":{"rendered":"<p>El <a href=\"https:\/\/exaudi.org\/es\/jueves-santo-2021-eucaristia\/\" target=\"_blank\" rel=\"noopener noreferrer\">Jueves Santo<\/a>, en un gesto sorpresa, el Papa Francisco ha celebrado la <a href=\"https:\/\/exaudi.org\/es\/santa-misa-cena-del-senor-2021-homilia-monsenor-battista-re\/\" target=\"_blank\" rel=\"noopener noreferrer\">Misa in <em>Coena Domini<\/em> <\/a>en la capilla privada del cardenal Angelo Becciu de la casa del cardenal.<\/p>\n<p>Esto fue comunicado a trav\u00e9s del cardenal Becciu a los periodistas y posteriormente informado por Vatican News. Normalmente, el Papa habr\u00eda presidido la Misa in <em>Coena Domini<\/em> en el Vaticano aproximadamente a la misma hora, pero este a\u00f1o la presidi\u00f3 el cardenal Giovanni Battista Re. El Vaticano no dio la raz\u00f3n de este cambio.<\/p>\n<p>En septiembre de 2020, el Santo Padre hab\u00eda aceptado la doble dimisi\u00f3n del cardenal Becciu tras las acusaciones de nepotismo y malversaci\u00f3n. El cardenal Becciu hab\u00eda ejercido como sustituto en la <a href=\"http:\/\/www.vatican.va\/roman_curia\/secretariat_state\/index_sp.htm\" target=\"_blank\" rel=\"noopener noreferrer\">Secretar\u00eda de Estado del Vaticano<\/a> y, posteriormente, como prefecto de la <a href=\"http:\/\/www.causesanti.va\/it.html\">Congregaci\u00f3n para las Causas de los Santos<\/a> del Vaticano, hasta que fue destituido en ese momento a la luz de estas sospechas de malas pr\u00e1cticas financieras.<\/p>\n<p>Adem\u00e1s, Becciu, a pesar de conservar el t\u00edtulo de cardenal, fue despojado de sus derechos del cardenalato, incluido el derecho a votar en un c\u00f3nclave. El cardenal Becciu ha mantenido su inocencia.<\/p>\n","protected":false},"excerpt":{"rendered":"<p>El purpurado mantiene su inocencia<\/p>\n","protected":false},"author":3,"featured_media":9483,"comment_status":"closed","ping_status":"closed","sticky":false,"template":"","format":"standard","meta":{"_acf_changed":false,"_crdt_document":"","inline_featured_image":false,"footnotes":""},"categories":[68,298],"tags":[1406,1407,158],"class_list":["post-9467","post","type-post","status-publish","format-standard","has-post-thumbnail","hentry","category-leon-xiv","category-ultimas-noticias","tag-cardenal-angelo-becciu","tag-misa-in-coena-domini","tag-papa-francisco"],"acf":[],"yoast_head":"<!-- This site is optimized with the Yoast SEO plugin v27.5 - https:\/\/yoast.com\/product\/yoast-seo-wordpress\/ -->\n<title>El Papa celebra Misa &#039;in Coena Domini&#039; en casa del cardenal Becciu &#8211; Exaudi<\/title>\n<meta name=\"description\" content=\"El Jueves Santo, en un gesto sorpresa, el Papa ha celebrado la Misa in Coena Domini en la capilla privada del cardenal Angelo Becciu\" \/>\n<meta name=\"robots\" content=\"index, follow, max-snippet:-1, max-image-preview:large, max-video-preview:-1\" \/>\n<link rel=\"canonical\" href=\"https:\/\/exaudi.org\/es\/papa-misa-in-coena-domini-cardenal-becciu\/\" \/>\n<meta property=\"og:locale\" content=\"es_ES\" \/>\n<meta property=\"og:type\" content=\"article\" \/>\n<meta property=\"og:title\" content=\"El Papa celebra Misa &#039;in Coena Domini&#039; en casa del cardenal Becciu &#8211; Exaudi\" \/>\n<meta property=\"og:description\" content=\"El Jueves Santo, en un gesto sorpresa, el Papa ha celebrado la Misa in Coena Domini en la capilla privada del cardenal Angelo Becciu\" \/>\n<meta property=\"og:url\" content=\"https:\/\/exaudi.org\/es\/papa-misa-in-coena-domini-cardenal-becciu\/\" \/>\n<meta property=\"og:site_name\" content=\"Exaudi\" \/>\n<meta property=\"article:publisher\" content=\"https:\/\/www.facebook.com\/ExaudiNews\" \/>\n<meta property=\"article:published_time\" content=\"2021-04-02T09:29:42+00:00\" \/>\n<meta property=\"article:modified_time\" content=\"2021-04-02T20:55:24+00:00\" \/>\n<meta property=\"og:image\" content=\"https:\/\/exaudi.org\/wp-content\/uploads\/2021\/04\/El-Papa-saluda-al-cardenal-Becciu.jpeg\" \/>\n\t<meta property=\"og:image:width\" content=\"1500\" \/>\n\t<meta property=\"og:image:height\" content=\"844\" \/>\n\t<meta property=\"og:image:type\" content=\"image\/jpeg\" \/>\n<meta name=\"author\" content=\"Deborah Castellano Lubov\" \/>\n<meta name=\"twitter:card\" content=\"summary_large_image\" \/>\n<meta name=\"twitter:creator\" content=\"@Exaudi_News\" \/>\n<meta name=\"twitter:site\" content=\"@Exaudi_News\" \/>\n<meta name=\"twitter:label1\" content=\"Escrito por\" \/>\n\t<meta name=\"twitter:data1\" content=\"Deborah Castellano Lubov\" \/>\n\t<meta name=\"twitter:label2\" content=\"Tiempo de lectura\" \/>\n\t<meta name=\"twitter:data2\" content=\"1 minuto\" \/>\n<script type=\"application\/ld+json\" class=\"yoast-schema-graph\">{\"@context\":\"https:\\\/\\\/schema.org\",\"@graph\":[{\"@type\":\"Article\",\"@id\":\"https:\\\/\\\/exaudi.org\\\/es\\\/papa-misa-in-coena-domini-cardenal-becciu\\\/#article\",\"isPartOf\":{\"@id\":\"https:\\\/\\\/exaudi.org\\\/es\\\/papa-misa-in-coena-domini-cardenal-becciu\\\/\"},\"author\":{\"name\":\"Deborah Castellano Lubov\",\"@id\":\"https:\\\/\\\/exaudi.org\\\/#\\\/schema\\\/person\\\/ca36230f63b85cb8badafaa15f06d602\"},\"headline\":\"El Papa celebra Misa &#8216;in Coena Domini&#8217; en casa del cardenal Becciu\",\"datePublished\":\"2021-04-02T09:29:42+00:00\",\"dateModified\":\"2021-04-02T20:55:24+00:00\",\"mainEntityOfPage\":{\"@id\":\"https:\\\/\\\/exaudi.org\\\/es\\\/papa-misa-in-coena-domini-cardenal-becciu\\\/\"},\"wordCount\":209,\"image\":{\"@id\":\"https:\\\/\\\/exaudi.org\\\/es\\\/papa-misa-in-coena-domini-cardenal-becciu\\\/#primaryimage\"},\"thumbnailUrl\":\"https:\\\/\\\/exaudi.org\\\/wp-content\\\/uploads\\\/2021\\\/04\\\/El-Papa-saluda-al-cardenal-Becciu.jpeg\",\"keywords\":[\"Cardenal Angelo Becciu\",\"Misa in Coena Domini\",\"papa francisco\"],\"articleSection\":[\"Le\u00f3n XIV\",\"\u00daltimas noticias\"],\"inLanguage\":\"es\"},{\"@type\":\"WebPage\",\"@id\":\"https:\\\/\\\/exaudi.org\\\/es\\\/papa-misa-in-coena-domini-cardenal-becciu\\\/\",\"url\":\"https:\\\/\\\/exaudi.org\\\/es\\\/papa-misa-in-coena-domini-cardenal-becciu\\\/\",\"name\":\"El Papa celebra Misa 'in Coena Domini' en casa del cardenal Becciu &#8211; Exaudi\",\"isPartOf\":{\"@id\":\"https:\\\/\\\/exaudi.org\\\/#website\"},\"primaryImageOfPage\":{\"@id\":\"https:\\\/\\\/exaudi.org\\\/es\\\/papa-misa-in-coena-domini-cardenal-becciu\\\/#primaryimage\"},\"image\":{\"@id\":\"https:\\\/\\\/exaudi.org\\\/es\\\/papa-misa-in-coena-domini-cardenal-becciu\\\/#primaryimage\"},\"thumbnailUrl\":\"https:\\\/\\\/exaudi.org\\\/wp-content\\\/uploads\\\/2021\\\/04\\\/El-Papa-saluda-al-cardenal-Becciu.jpeg\",\"datePublished\":\"2021-04-02T09:29:42+00:00\",\"dateModified\":\"2021-04-02T20:55:24+00:00\",\"author\":{\"@id\":\"https:\\\/\\\/exaudi.org\\\/#\\\/schema\\\/person\\\/ca36230f63b85cb8badafaa15f06d602\"},\"description\":\"El Jueves Santo, en un gesto sorpresa, el Papa ha celebrado la Misa in Coena Domini en la capilla privada del cardenal Angelo Becciu\",\"breadcrumb\":{\"@id\":\"https:\\\/\\\/exaudi.org\\\/es\\\/papa-misa-in-coena-domini-cardenal-becciu\\\/#breadcrumb\"},\"inLanguage\":\"es\",\"potentialAction\":[{\"@type\":\"ReadAction\",\"target\":[\"https:\\\/\\\/exaudi.org\\\/es\\\/papa-misa-in-coena-domini-cardenal-becciu\\\/\"]}]},{\"@type\":\"ImageObject\",\"inLanguage\":\"es\",\"@id\":\"https:\\\/\\\/exaudi.org\\\/es\\\/papa-misa-in-coena-domini-cardenal-becciu\\\/#primaryimage\",\"url\":\"https:\\\/\\\/exaudi.org\\\/wp-content\\\/uploads\\\/2021\\\/04\\\/El-Papa-saluda-al-cardenal-Becciu.jpeg\",\"contentUrl\":\"https:\\\/\\\/exaudi.org\\\/wp-content\\\/uploads\\\/2021\\\/04\\\/El-Papa-saluda-al-cardenal-Becciu.jpeg\",\"width\":1500,\"height\":844,\"caption\":\"El Papa saluda al cardenal Becciu \u00a9 Vatican Media\"},{\"@type\":\"BreadcrumbList\",\"@id\":\"https:\\\/\\\/exaudi.org\\\/es\\\/papa-misa-in-coena-domini-cardenal-becciu\\\/#breadcrumb\",\"itemListElement\":[{\"@type\":\"ListItem\",\"position\":1,\"name\":\"Portada\",\"item\":\"https:\\\/\\\/exaudi.org\\\/es\\\/\"},{\"@type\":\"ListItem\",\"position\":2,\"name\":\"El Papa celebra Misa &#8216;in Coena Domini&#8217; en casa del cardenal Becciu\"}]},{\"@type\":\"WebSite\",\"@id\":\"https:\\\/\\\/exaudi.org\\\/#website\",\"url\":\"https:\\\/\\\/exaudi.org\\\/\",\"name\":\"Exaudi\",\"description\":\"News\",\"potentialAction\":[{\"@type\":\"SearchAction\",\"target\":{\"@type\":\"EntryPoint\",\"urlTemplate\":\"https:\\\/\\\/exaudi.org\\\/?s={search_term_string}\"},\"query-input\":{\"@type\":\"PropertyValueSpecification\",\"valueRequired\":true,\"valueName\":\"search_term_string\"}}],\"inLanguage\":\"es\"},{\"@type\":\"Person\",\"@id\":\"https:\\\/\\\/exaudi.org\\\/#\\\/schema\\\/person\\\/ca36230f63b85cb8badafaa15f06d602\",\"name\":\"Deborah Castellano Lubov\",\"image\":{\"@type\":\"ImageObject\",\"inLanguage\":\"es\",\"@id\":\"https:\\\/\\\/secure.gravatar.com\\\/avatar\\\/1634e49afca8a60560a6701011a51b43f0e7362f22afa1fa6c37dfb70bd8d6a8?s=96&d=mm&r=g\",\"url\":\"https:\\\/\\\/secure.gravatar.com\\\/avatar\\\/1634e49afca8a60560a6701011a51b43f0e7362f22afa1fa6c37dfb70bd8d6a8?s=96&d=mm&r=g\",\"contentUrl\":\"https:\\\/\\\/secure.gravatar.com\\\/avatar\\\/1634e49afca8a60560a6701011a51b43f0e7362f22afa1fa6c37dfb70bd8d6a8?s=96&d=mm&r=g\",\"caption\":\"Deborah Castellano Lubov\"},\"description\":\"Deborah Castellano Lubov is Editorial Director &amp; Senior Vatican &amp; Rome Correspondent for EXAUDI (&amp; Prior, for ZENIT); Author of 'The Other Francis' ('L'Altro Francesco') featuring interviews with those closest to the Pope and preface by Vatican Secretary of State Cardinal Parolin (currently published in 5 languages); Deborah is also NBC &amp; MSNBC Vatican Analyst. She often covers the Pope's travels abroad, often from the Papal Flight (including for historic trips such as to Abu Dhabi and Japan &amp; Thailand), and has also asked him questions on the return-flight press conference on behalf of the English-speaking press present. Lubov has done much TV &amp; radio commentary, including for NBC, Sky, EWTN, BBC, Vatican Radio, AP, Reuters and more. She also has contributed to various books on the Pope and has written for various Catholic publications. For 'The Other Francis': http:\\\/\\\/www.gracewing.co.uk\\\/page219.html or https:\\\/\\\/www.amazon.com\\\/Other-Francis-Everything-They-about\\\/dp\\\/0852449348\\\/\",\"url\":\"https:\\\/\\\/exaudi.org\\\/es\\\/author\\\/dlubovexaudi-org\\\/\"}]}<\/script>\n<!-- \/ Yoast SEO plugin. -->","yoast_head_json":{"title":"El Papa celebra Misa 'in Coena Domini' en casa del cardenal Becciu &#8211; Exaudi","description":"El Jueves Santo, en un gesto sorpresa, el Papa ha celebrado la Misa in Coena Domini en la capilla privada del cardenal Angelo Becciu","robots":{"index":"index","follow":"follow","max-snippet":"max-snippet:-1","max-image-preview":"max-image-preview:large","max-video-preview":"max-video-preview:-1"},"canonical":"https:\/\/exaudi.org\/es\/papa-misa-in-coena-domini-cardenal-becciu\/","og_locale":"es_ES","og_type":"article","og_title":"El Papa celebra Misa 'in Coena Domini' en casa del cardenal Becciu &#8211; Exaudi","og_description":"El Jueves Santo, en un gesto sorpresa, el Papa ha celebrado la Misa in Coena Domini en la capilla privada del cardenal Angelo Becciu","og_url":"https:\/\/exaudi.org\/es\/papa-misa-in-coena-domini-cardenal-becciu\/","og_site_name":"Exaudi","article_publisher":"https:\/\/www.facebook.com\/ExaudiNews","article_published_time":"2021-04-02T09:29:42+00:00","article_modified_time":"2021-04-02T20:55:24+00:00","og_image":[{"width":1500,"height":844,"url":"https:\/\/exaudi.org\/wp-content\/uploads\/2021\/04\/El-Papa-saluda-al-cardenal-Becciu.jpeg","type":"image\/jpeg"}],"author":"Deborah Castellano Lubov","twitter_card":"summary_large_image","twitter_creator":"@Exaudi_News","twitter_site":"@Exaudi_News","twitter_misc":{"Escrito por":"Deborah Castellano Lubov","Tiempo de lectura":"1 minuto"},"schema":{"@context":"https:\/\/schema.org","@graph":[{"@type":"Article","@id":"https:\/\/exaudi.org\/es\/papa-misa-in-coena-domini-cardenal-becciu\/#article","isPartOf":{"@id":"https:\/\/exaudi.org\/es\/papa-misa-in-coena-domini-cardenal-becciu\/"},"author":{"name":"Deborah Castellano Lubov","@id":"https:\/\/exaudi.org\/#\/schema\/person\/ca36230f63b85cb8badafaa15f06d602"},"headline":"El Papa celebra Misa &#8216;in Coena Domini&#8217; en casa del cardenal Becciu","datePublished":"2021-04-02T09:29:42+00:00","dateModified":"2021-04-02T20:55:24+00:00","mainEntityOfPage":{"@id":"https:\/\/exaudi.org\/es\/papa-misa-in-coena-domini-cardenal-becciu\/"},"wordCount":209,"image":{"@id":"https:\/\/exaudi.org\/es\/papa-misa-in-coena-domini-cardenal-becciu\/#primaryimage"},"thumbnailUrl":"https:\/\/exaudi.org\/wp-content\/uploads\/2021\/04\/El-Papa-saluda-al-cardenal-Becciu.jpeg","keywords":["Cardenal Angelo Becciu","Misa in Coena Domini","papa francisco"],"articleSection":["Le\u00f3n XIV","\u00daltimas noticias"],"inLanguage":"es"},{"@type":"WebPage","@id":"https:\/\/exaudi.org\/es\/papa-misa-in-coena-domini-cardenal-becciu\/","url":"https:\/\/exaudi.org\/es\/papa-misa-in-coena-domini-cardenal-becciu\/","name":"El Papa celebra Misa 'in Coena Domini' en casa del cardenal Becciu &#8211; Exaudi","isPartOf":{"@id":"https:\/\/exaudi.org\/#website"},"primaryImageOfPage":{"@id":"https:\/\/exaudi.org\/es\/papa-misa-in-coena-domini-cardenal-becciu\/#primaryimage"},"image":{"@id":"https:\/\/exaudi.org\/es\/papa-misa-in-coena-domini-cardenal-becciu\/#primaryimage"},"thumbnailUrl":"https:\/\/exaudi.org\/wp-content\/uploads\/2021\/04\/El-Papa-saluda-al-cardenal-Becciu.jpeg","datePublished":"2021-04-02T09:29:42+00:00","dateModified":"2021-04-02T20:55:24+00:00","author":{"@id":"https:\/\/exaudi.org\/#\/schema\/person\/ca36230f63b85cb8badafaa15f06d602"},"description":"El Jueves Santo, en un gesto sorpresa, el Papa ha celebrado la Misa in Coena Domini en la capilla privada del cardenal Angelo Becciu","breadcrumb":{"@id":"https:\/\/exaudi.org\/es\/papa-misa-in-coena-domini-cardenal-becciu\/#breadcrumb"},"inLanguage":"es","potentialAction":[{"@type":"ReadAction","target":["https:\/\/exaudi.org\/es\/papa-misa-in-coena-domini-cardenal-becciu\/"]}]},{"@type":"ImageObject","inLanguage":"es","@id":"https:\/\/exaudi.org\/es\/papa-misa-in-coena-domini-cardenal-becciu\/#primaryimage","url":"https:\/\/exaudi.org\/wp-content\/uploads\/2021\/04\/El-Papa-saluda-al-cardenal-Becciu.jpeg","contentUrl":"https:\/\/exaudi.org\/wp-content\/uploads\/2021\/04\/El-Papa-saluda-al-cardenal-Becciu.jpeg","width":1500,"height":844,"caption":"El Papa saluda al cardenal Becciu \u00a9 Vatican Media"},{"@type":"BreadcrumbList","@id":"https:\/\/exaudi.org\/es\/papa-misa-in-coena-domini-cardenal-becciu\/#breadcrumb","itemListElement":[{"@type":"ListItem","position":1,"name":"Portada","item":"https:\/\/exaudi.org\/es\/"},{"@type":"ListItem","position":2,"name":"El Papa celebra Misa &#8216;in Coena Domini&#8217; en casa del cardenal Becciu"}]},{"@type":"WebSite","@id":"https:\/\/exaudi.org\/#website","url":"https:\/\/exaudi.org\/","name":"Exaudi","description":"News","potentialAction":[{"@type":"SearchAction","target":{"@type":"EntryPoint","urlTemplate":"https:\/\/exaudi.org\/?s={search_term_string}"},"query-input":{"@type":"PropertyValueSpecification","valueRequired":true,"valueName":"search_term_string"}}],"inLanguage":"es"},{"@type":"Person","@id":"https:\/\/exaudi.org\/#\/schema\/person\/ca36230f63b85cb8badafaa15f06d602","name":"Deborah Castellano Lubov","image":{"@type":"ImageObject","inLanguage":"es","@id":"https:\/\/secure.gravatar.com\/avatar\/1634e49afca8a60560a6701011a51b43f0e7362f22afa1fa6c37dfb70bd8d6a8?s=96&d=mm&r=g","url":"https:\/\/secure.gravatar.com\/avatar\/1634e49afca8a60560a6701011a51b43f0e7362f22afa1fa6c37dfb70bd8d6a8?s=96&d=mm&r=g","contentUrl":"https:\/\/secure.gravatar.com\/avatar\/1634e49afca8a60560a6701011a51b43f0e7362f22afa1fa6c37dfb70bd8d6a8?s=96&d=mm&r=g","caption":"Deborah Castellano Lubov"},"description":"Deborah Castellano Lubov is Editorial Director &amp; Senior Vatican &amp; Rome Correspondent for EXAUDI (&amp; Prior, for ZENIT); Author of 'The Other Francis' ('L'Altro Francesco') featuring interviews with those closest to the Pope and preface by Vatican Secretary of State Cardinal Parolin (currently published in 5 languages); Deborah is also NBC &amp; MSNBC Vatican Analyst. She often covers the Pope's travels abroad, often from the Papal Flight (including for historic trips such as to Abu Dhabi and Japan &amp; Thailand), and has also asked him questions on the return-flight press conference on behalf of the English-speaking press present. Lubov has done much TV &amp; radio commentary, including for NBC, Sky, EWTN, BBC, Vatican Radio, AP, Reuters and more. She also has contributed to various books on the Pope and has written for various Catholic publications. For 'The Other Francis': http:\/\/www.gracewing.co.uk\/page219.html or https:\/\/www.amazon.com\/Other-Francis-Everything-They-about\/dp\/0852449348\/","url":"https:\/\/exaudi.org\/es\/author\/dlubovexaudi-org\/"}]}},"jetpack_featured_media_url":"https:\/\/exaudi.org\/wp-content\/uploads\/2021\/04\/El-Papa-saluda-al-cardenal-Becciu.jpeg","jetpack_shortlink":"https:\/\/wp.me\/pgKjF2-2sH","_links":{"self":[{"href":"https:\/\/exaudi.org\/es\/wp-json\/wp\/v2\/posts\/9467","targetHints":{"allow":["GET"]}}],"collection":[{"href":"https:\/\/exaudi.org\/es\/wp-json\/wp\/v2\/posts"}],"about":[{"href":"https:\/\/exaudi.org\/es\/wp-json\/wp\/v2\/types\/post"}],"author":[{"embeddable":true,"href":"https:\/\/exaudi.org\/es\/wp-json\/wp\/v2\/users\/3"}],"replies":[{"embeddable":true,"href":"https:\/\/exaudi.org\/es\/wp-json\/wp\/v2\/comments?post=9467"}],"version-history":[{"count":0,"href":"https:\/\/exaudi.org\/es\/wp-json\/wp\/v2\/posts\/9467\/revisions"}],"wp:featuredmedia":[{"embeddable":true,"href":"https:\/\/exaudi.org\/es\/wp-json\/wp\/v2\/media\/9483"}],"wp:attachment":[{"href":"https:\/\/exaudi.org\/es\/wp-json\/wp\/v2\/media?parent=9467"}],"wp:term":[{"taxonomy":"category","embeddable":true,"href":"https:\/\/exaudi.org\/es\/wp-json\/wp\/v2\/categories?post=9467"},{"taxonomy":"post_tag","embeddable":true,"href":"https:\/\/exaudi.org\/es\/wp-json\/wp\/v2\/tags?post=9467"}],"curies":[{"name":"wp","href":"https:\/\/api.w.org\/{rel}","templated":true}]}}