{"id":94336,"date":"2024-02-12T08:50:13","date_gmt":"2024-02-12T07:50:13","guid":{"rendered":"https:\/\/exaudi.org\/?p=94336"},"modified":"2024-02-12T11:03:46","modified_gmt":"2024-02-12T10:03:46","slug":"entre-la-mirada-idealizada-de-la-infancia-trans-y-el-influjo-de-la-ideologia-queer","status":"publish","type":"post","link":"https:\/\/exaudi.org\/es\/entre-la-mirada-idealizada-de-la-infancia-trans-y-el-influjo-de-la-ideologia-queer\/","title":{"rendered":"Entre la mirada idealizada de la infancia trans y el influjo de la ideolog\u00eda \u2018queer\u2019"},"content":{"rendered":"<audio class=\"wp-audio-shortcode\" id=\"audio-94336-1\" preload=\"none\" style=\"width: 100%;\" controls=\"controls\"><source type=\"audio\/mpeg\" src=\"https:\/\/exaudi.org\/wp-content\/uploads\/2024\/02\/Entre-la-mirada-idealizada-de-la-infancia-trans-y-el-influjo-de-la-ideologia-\u2018queer.mp3?_=1\" \/><a href=\"https:\/\/exaudi.org\/wp-content\/uploads\/2024\/02\/Entre-la-mirada-idealizada-de-la-infancia-trans-y-el-influjo-de-la-ideologia-\u2018queer.mp3\">https:\/\/exaudi.org\/wp-content\/uploads\/2024\/02\/Entre-la-mirada-idealizada-de-la-infancia-trans-y-el-influjo-de-la-ideologia-\u2018queer.mp3<\/a><\/audio>\n<p>La cineasta vasca, Est\u00edbaliz Urresola, ha logrado dos premios Goya del cine espa\u00f1ol, a la mejor direcci\u00f3n novel y al guion original, por su \u00f3pera prima\u00a0<em>20.000 especies de abejas<\/em>\u00a0en la que despliega una mirada idealizada sobre la transexualidad en la infancia bajo el influjo de la ideolog\u00eda \u2018<em>queer<\/em>\u2018. Esta teor\u00eda sociopol\u00edtica defiende que la identidad sexual no est\u00e1 determinada por la biolog\u00eda, sino a merced de los sentimientos o de una voluntad coyuntural. El enfoque f\u00edlmico conmueve tanto como confunde al mezclar la disforia de g\u00e9nero con la curiosidad, el autodescubrimiento o inseguridades naturales que requieren un acompa\u00f1amiento afectivo y profesional frente al autodiagn\u00f3stico, los tratamientos con bloqueadores hormonales o las intervenciones irreversibles.<\/p>\n<p>Ane no puede dormir. Intuye que a su hijo Aitor le pasa algo. \u201cS\u00e9 que no est\u00e1s durmiendo. \u00bfHas sido t\u00fa: s\u00ed o no? \u00bfTe gusta Martina?\u201d. El ni\u00f1o responde a la madre moviendo la cabeza con una negativa. \u201cSi no es eso, \u00bfentonces qu\u00e9 es? \u00bfno conf\u00edas en m\u00ed?\u201d La pel\u00edcula\u00a0<em>20.000 especies de abejas<\/em>\u00a0muestra, desde el inicio, su principal punto candente: el secreto que Aitor (Sof\u00eda Otero), de apenas ocho a\u00f1os, no quiere desvelar ni siquiera a su madre (Patricia L\u00f3pez). La trama del film de la directora vasca, Est\u00edbaliz Urresola, se desarrolla a principios de un verano en el que Ane, en crisis con su esposo Gorka (Martxelo Rubio) y desorientada profesionalmente, regresa en vacaciones a la casa de pueblo familiar, donde viven su madre y una t\u00eda, acompa\u00f1ada s\u00f3lo por sus tres hijos: Arantxa, Eneko y Aitor. El verano se presenta, m\u00e1s all\u00e1 de lo cronol\u00f3gico, como el tiempo en el que el hijo peque\u00f1o, al que todos llaman Coc\u00f3, acaba desvelando que no se reconoce en ese nombre, ni como Aitor, ni en la mirada de los dem\u00e1s y que desea llamarse Luc\u00eda. El espectador puede intuir que el ni\u00f1o elige ese nombre, tras acudir con su abuela a la iglesia y contarle \u00e9sta la historia del martirio de Santa Luc\u00eda por combatir la sociedad de su \u00e9poca y despertar los corazones ciegos.<\/p>\n<p><iframe loading=\"lazy\" title=\"20.000 ESPECIES DE ABEJAS | TRAILER ESPA\u00d1OL | 21 Abril CINE\" width=\"500\" height=\"281\" src=\"https:\/\/www.youtube.com\/embed\/9Q86FKcBHZE?feature=oembed\" frameborder=\"0\" allow=\"accelerometer; autoplay; clipboard-write; encrypted-media; gyroscope; picture-in-picture; web-share\" referrerpolicy=\"strict-origin-when-cross-origin\" allowfullscreen><\/iframe><\/p>\n<p>El supuesto anhelo de transici\u00f3n de g\u00e9nero de Aitor-Coc\u00f3 a Luc\u00eda se argumenta en la pel\u00edcula mediante las dudas e inseguridades en torno a su cuerpo que se averg\u00fcenza de mostrar desnudo, preferir la amistad de ni\u00f1as, as\u00ed como los vestidos y los ba\u00f1adores femeninos. \u00a0En cualquier caso, pone a prueba unos v\u00ednculos familiares superficiales, con muchos secretos, rencillas y asuntos pendientes que se evitan nombrar.<\/p>\n<p>La distancia de Ane con su madre, abuela de Aitor, se hace palpable mediante di\u00e1logos tensos e incisivos, cargados de iron\u00eda y de reproches. \u201cVigila c\u00f3mo llevas a tu hijo que la gente lo confunde con una ni\u00f1a (\u2026) Y ponle l\u00edmites que ese ni\u00f1o est\u00e1 muy confundido (\u2026) \u00a1No ves que le consientes todo!\u201d. Ane responde a las advertencias de la madre alegando que Aitor \u201ctiene una sensibilidad especial y s\u00f3lo est\u00e1 explorando\u201d.<\/p>\n<p>La cinta convierte a los espectadores en testigos de algunos de los asuntos silenciados como las infidelidades del abuelo, un escultor famoso ya fallecido, con sus modelos a las que denominaba \u201clas s\u00edlfides\u201d, en alusi\u00f3n a un canon idealizado de delgadez y belleza. Esos cuerpo mod\u00e9licos e ideales contrastan con la diversidad a la que apunta el propio t\u00edtulo del film. Adem\u00e1s, la frustraci\u00f3n de Ane al no seguir los pasos art\u00edsticos de su padre porque cre\u00eda que su obra no era lo suficientemente buena y el simbolismo en torno a la cr\u00eda de abejas y a la producci\u00f3n de cera a las que se dedica la t\u00eda Lourdes son otros trasuntos de la pel\u00edcula con importancia en la trama.<\/p>\n<p>Cuerpos s\u00edlfides y cuerpos<a href=\"https:\/\/www.observatoriobioetica.org\/2020\/07\/la-teoria-queer-puede-negar-la-realidad-de-las-mujeres\/33665\">\u00a0<strong><em>queer<\/em><\/strong>\u00a0<\/a>se confrontan, especialmente, en una escena en la que Ane pide a sus hijos que moldeen con cera un autorretrato de sus cuerpos. La cera es un material muy utilizado en la escultura, a lo largo de la historia, y que evoca lo maleable y lo fluido. Aitor sorprende a su madre con la figura de una sirena. \u201cMe he hecho a m\u00ed, \u00bfa que estoy guapa?\u201d La directora de\u00a0<em>20.000 especies de abejas<\/em>\u00a0otorga peso en el film a la idea de que la anatom\u00eda no es el destino, mantra de la ideolog\u00eda\u00a0<em>queer\u00a0<\/em>encarnado en la pel\u00edcula por el personaje de la t\u00eda Lourdes. Se trata de un marco te\u00f3rico sobre el g\u00e9nero y la sexualidad que sostiene que la identidad y la orientaci\u00f3n sexual no se inscriben en la biolog\u00eda, sino que son un constructo social y, por ende, pueden variar en cada sociedad, a merced de la cultura, los sentimientos o de una voluntad coyuntural. Es decir, el var\u00f3n y la mujer no son determinados por la biolog\u00eda, sino que cada uno se posiciona de una manera libre y cambiante.<\/p>\n<p>En la pel\u00edcula, las tensiones familiares crecen a medida que Aitor expresa con mayor vehemencia su deseo de llamarse Luc\u00eda. El padre, que acude a la casa de veraneo para asistir a un bautizo, reprocha a su esposa no haber puesto l\u00edmites al ni\u00f1o y muestra a Ane su disconformidad con la decisi\u00f3n de permitirle ir vestido de ni\u00f1a a la ceremonia familiar. La abuela tambi\u00e9n recrimina a su hija que no haya prestado a Aitor la suficiente atenci\u00f3n en los \u00faltimos a\u00f1os por la inestabilidad profesional y por las constantes crisis de la pareja que han hecho peligrar la continuidad del matrimonio. Tambi\u00e9n hace notar que considera extravagante y fuera de lugar que el ni\u00f1o acuda al bautizo con un vestido de ni\u00f1a de tul blanco.<\/p>\n<p><a href=\"https:\/\/www.observatoriobioetica.org\/wp-content\/uploads\/2024\/02\/abejas3.jpg\" data-caption=\"\"><img loading=\"lazy\" decoding=\"async\" class=\"alignnone wp-image-10000522 \" src=\"https:\/\/www.observatoriobioetica.org\/wp-content\/uploads\/2024\/02\/abejas3.jpg\" alt=\"\" width=\"1533\" height=\"393\" \/><\/a><\/p>\n<p>Frente a todos, Lourdes, la t\u00eda apicultora, es la \u00fanica que se pone del lado de Aitor, le cuenta historias familiares relacionadas con las abejas y le facilita que comience a referirse a s\u00ed mismo en femenino. En una escena, la t\u00eda le dice a la madre de Aitor: \u201cT\u00fa sabes lo que haces con tu vida, pero que tus hijos no vivan sus vidas con verg\u00fcenza (\u2026) Y ya sabes c\u00f3mo es tu madre, que mira para otro lado\u201d. Incluso revela que el peque\u00f1o ha comentado en distintas ocasiones que se quiere morir para nacer, de nuevo, siendo una ni\u00f1a. En uno de estos episodios, es la propia apicultora la que responde a Aitor: \u201c\u00bfpara qu\u00e9 necesitas morirte si t\u00fa ya eres una chica bien guapa? (\u2026) Hay muchas especies de abejas y todas son buenas\u201d. A lo largo del film Aitor\/Coc\u00f3 tambi\u00e9n pregunta a su hermano Eneko: \u201c\u00bfdesde cu\u00e1ndo sabes que eres chico? o \u00bfcrees que cuando yo estaba en la tripa de mam\u00e1 algo sali\u00f3 mal\u201d.<\/p>\n<p>En un final angustioso, el peque\u00f1o desaparece y la familia sale a buscarlo por el bosque temiendo lo peor. Unos gritan \u00a1Aitor! y otros \u00a1Luc\u00eda!, mientras el ni\u00f1o, juguetea entre las colmenas, cantando lo que la t\u00eda abuela le ense\u00f1\u00f3: \u201cBella cera, al\u00fambrame, en este largo viaje, me tienes que guiar\u201d.<\/p>\n<h3><strong>Valoraci\u00f3n bio\u00e9tica<\/strong><\/h3>\n<p>El psicoanalista y psiquiatra franc\u00e9s, Jacques Lacan, dec\u00eda que toda persona siente, en alg\u00fan momento de su vida, que vive en un cuerpo equivocado. Por ello, el conocimiento, la \u00e9tica y la pr\u00e1ctica cl\u00ednica cuestionan la autodeterminaci\u00f3n plenamente elegible de la identidad sexual. Y, en este sentido, frente a adoptar decisiones de forma urgente y arriesgada, se recomienda el acompa\u00f1amiento afectivo de la familia y el seguimiento profesional, concediendo un tiempo para que puedan aflorar cuestiones inconscientes, sufrimientos, temores o inseguridades naturales. Ello, a fin de discernir la disforia de g\u00e9nero de otras manifestaciones que pueden requerir, especialmente en edades vulnerables como en la infancia, la pubertad y la adolescencia, un acompa\u00f1amiento afectivo y profesional frente al autodiagn\u00f3stico, tratamientos hormonales e incluso intervenciones irreversibles.<\/p>\n<p><a href=\"https:\/\/www.observatoriobioetica.org\/wp-content\/uploads\/2024\/02\/abejas1.jpg\" data-caption=\"\"><img loading=\"lazy\" decoding=\"async\" class=\"wp-image-10000523 alignleft\" src=\"https:\/\/www.observatoriobioetica.org\/wp-content\/uploads\/2024\/02\/abejas1.jpg\" alt=\"\" width=\"475\" height=\"267\" \/><\/a>La pel\u00edcula\u00a0<em>20.000 especies de abejas<\/em>\u00a0se estrena en el Festival Internacional de Cine de Berl\u00edn, coincidiendo con la aprobaci\u00f3n de la\u00a0<strong><a href=\"https:\/\/www.observatoriobioetica.org\/2022\/11\/la-ley-trans-malintencionada-injusta-y-cruel-con-los-menores-con-disforia-de-genero\/40389\" target=\"_blank\" rel=\"noopener\">ley trans en Espa\u00f1a<\/a><\/strong>, en vigor desde marzo de 2023. \u00c9sta ha suscitado importantes objeciones entre psiquiatras, psic\u00f3logos y pediatras, a quienes se les aparta de valorar los procesos de transici\u00f3n de g\u00e9nero. Numerosos especialistas han esgrimido argumentos contundentes frente a la ligereza con la que se proyectan ideolog\u00edas a toda la sociedad, sin reparar en los da\u00f1os que pueden causar.<\/p>\n<p>En el caso de este film \u2013 con 15 nominaciones a los Goya que se han sustanciado, finalmente, en tres premios- uno de los aspectos m\u00e1s controvertidos, adem\u00e1s de los se\u00f1alados, es la falta de verdadera protecci\u00f3n familiar y sost\u00e9n hacia Aitor, a todas luces insuficientes al quedarse en el autodiagn\u00f3stico de un ni\u00f1o de ocho a\u00f1os, sin ir m\u00e1s all\u00e1. Nombrar no es suficiente y la p\u00e1tina de sentimentalismo e idealizaci\u00f3n complican y sesgan el enfoque de un tema delicado que, por primera vez, se aborda en el \u00e1mbito del cine espa\u00f1ol. El principal problema que plantea la idealizaci\u00f3n de algo es que conduce a la exageraci\u00f3n de virtudes, supuestos beneficios o da alas a fantas\u00edas que cuando se alejan de la realidad, acaban ocasionando sufrimiento. Adem\u00e1s de Espa\u00f1a, seis pa\u00edses de la UE, Dinamarca, Irlanda, Malta, B\u00e9lgica, Portugal y Luxemburgo reconocen la autodeterminaci\u00f3n de g\u00e9nero. Pero, leyes trans pioneras en Europa est\u00e1n dando marcha atr\u00e1s por sus catastr\u00f3ficas consecuencias. Varios pa\u00edses como Reino Unido, Suecia y Finlandia han rectificado y tomado medidas dr\u00e1sticas ante los da\u00f1os irreversibles que sufren los pacientes y el aumento de las falsas disforias de g\u00e9nero. Uno de los casos m\u00e1s sonados ha sido el cierre de la cl\u00ednica Tavistock, en su momento pionera y, actualmente, clausurada tras una condena por el caso de una ni\u00f1a de 16 a\u00f1os sometida al tratamiento con bloqueadores de pubertad. Otras mil familias se han unido en una demanda colectiva.<a href=\"https:\/\/www.observatoriobioetica.org\/2024\/02\/20-000-especies-de-abejas-entre-la-mirada-idealizada-de-la-infancia-trans-y-el-influjo-de-la-ideologia-queer\/10000515#_ftn1\" name=\"_ftnref1\">[1]<\/a><\/p>\n<p>Los principios bio\u00e9ticos de defensa de la vida humana, beneficencia, no maleficencia y justicia invitan a la prudencia y a la moderaci\u00f3n responsable como un ejercicio de raz\u00f3n suficiente cuando se desconocen las consecuencias \u00faltimas de nuestras decisiones y acciones. Con Hans Jonas: \u201cla sabidur\u00eda nos es m\u00e1s necesaria, precisamente, cuando menos creemos en ella\u201d.\u00a0<a href=\"https:\/\/www.observatoriobioetica.org\/2024\/02\/20-000-especies-de-abejas-entre-la-mirada-idealizada-de-la-infancia-trans-y-el-influjo-de-la-ideologia-queer\/10000515#_ftn2\" name=\"_ftnref2\">[2]<\/a><\/p>\n<p><strong><em><a href=\"https:\/\/www.observatoriobioetica.org\/?s=Amparo+Aygues&amp;post_type%5B%5D=any&amp;search_limit_to_post_titles=0&amp;fs=1\">Amparo Ayg\u00fces<\/a> &#8211; Ex alumna Master Universitario en Bio\u00e9tica &#8211;\u00a0Colaboradora del Observatorio de Bio\u00e9tica<\/em><\/strong><\/p>\n<p><a href=\"https:\/\/open.spotify.com\/episode\/4IcyAvuEd5HrJ96LGrhnsU?si=3d44d582196f44d2\" target=\"_blank\" rel=\"noopener\"><strong>Spotify<\/strong><\/a><\/p>\n<p>______<\/p>\n<p><a href=\"https:\/\/www.observatoriobioetica.org\/2024\/02\/20-000-especies-de-abejas-entre-la-mirada-idealizada-de-la-infancia-trans-y-el-influjo-de-la-ideologia-queer\/10000515#_ftnref1\" name=\"_ftn1\">[1]<\/a>\u00a0<strong><a href=\"https:\/\/www.cope.es\/actualidad\/internacional\/noticias\/leyes-trans-pioneras-europa-dan-marcha-atras-ante-sus-catastroficas-consecuencias-20230213_2547742\">https:\/\/www.cope.es\/actualidad\/internacional\/noticias\/leyes-trans-pioneras-europa-dan-marcha-atras-ante-sus-catastroficas-consecuencias-20230213_2547742<\/a><\/strong><\/p>\n<p><a href=\"https:\/\/www.observatoriobioetica.org\/2024\/02\/20-000-especies-de-abejas-entre-la-mirada-idealizada-de-la-infancia-trans-y-el-influjo-de-la-ideologia-queer\/10000515#_ftnref2\" name=\"_ftn2\">[2]<\/a>\u00a0<strong><a href=\"https:\/\/www.jstor.org\/stable\/j.ctvt9k2sz\">Jonas, H. (1955).\u00a0<em>El principio de responsabilidad. Ensayo de una \u00e9tica para la civilizaci\u00f3n tecnol\u00f3gica.<\/em>\u00a0Barcelona: Herder, p.55<\/a><\/strong><\/p>\n","protected":false},"excerpt":{"rendered":"<p>20.000 especies de abejas<\/p>\n","protected":false},"author":87,"featured_media":94337,"comment_status":"closed","ping_status":"closed","sticky":false,"template":"","format":"standard","meta":{"_acf_changed":false,"_crdt_document":"","inline_featured_image":false,"footnotes":""},"categories":[130],"tags":[12935,728,12936,3471,4953],"class_list":["post-94336","post","type-post","status-publish","format-standard","has-post-thumbnail","hentry","category-voces","tag-20-000-especies-de-abejas","tag-bioetica","tag-cine-familia","tag-ley-trans","tag-trending-es"],"acf":[],"yoast_head":"<!-- This site is optimized with the Yoast SEO plugin v27.5 - https:\/\/yoast.com\/product\/yoast-seo-wordpress\/ -->\n<title>Entre la mirada idealizada de la infancia trans y el influjo de la ideolog\u00eda \u2018queer\u2019 &#8211; Exaudi<\/title>\n<meta name=\"robots\" content=\"index, follow, max-snippet:-1, max-image-preview:large, max-video-preview:-1\" \/>\n<link rel=\"canonical\" href=\"https:\/\/exaudi.org\/es\/entre-la-mirada-idealizada-de-la-infancia-trans-y-el-influjo-de-la-ideologia-queer\/\" \/>\n<meta property=\"og:locale\" content=\"es_ES\" \/>\n<meta property=\"og:type\" content=\"article\" \/>\n<meta property=\"og:title\" content=\"Entre la mirada idealizada de la infancia trans y el influjo de la ideolog\u00eda \u2018queer\u2019 &#8211; Exaudi\" \/>\n<meta property=\"og:description\" content=\"20.000 especies de abejas\" \/>\n<meta property=\"og:url\" content=\"https:\/\/exaudi.org\/es\/entre-la-mirada-idealizada-de-la-infancia-trans-y-el-influjo-de-la-ideologia-queer\/\" \/>\n<meta property=\"og:site_name\" content=\"Exaudi\" \/>\n<meta property=\"article:publisher\" content=\"https:\/\/www.facebook.com\/ExaudiNews\" \/>\n<meta property=\"article:author\" content=\"https:\/\/www.facebook.com\/observatoriodebioetica\/\" \/>\n<meta property=\"article:published_time\" content=\"2024-02-12T07:50:13+00:00\" \/>\n<meta property=\"article:modified_time\" content=\"2024-02-12T10:03:46+00:00\" \/>\n<meta property=\"og:image\" content=\"https:\/\/exaudi.org\/wp-content\/uploads\/2024\/02\/maxresdefault.jpg\" \/>\n\t<meta property=\"og:image:width\" content=\"1280\" \/>\n\t<meta property=\"og:image:height\" content=\"720\" \/>\n\t<meta property=\"og:image:type\" content=\"image\/jpeg\" \/>\n<meta name=\"author\" content=\"Observatorio de Bio\u00e9tica UCV\" \/>\n<meta name=\"twitter:card\" content=\"summary_large_image\" \/>\n<meta name=\"twitter:creator\" content=\"@obioetica\" \/>\n<meta name=\"twitter:site\" content=\"@Exaudi_News\" \/>\n<meta name=\"twitter:label1\" content=\"Escrito por\" \/>\n\t<meta name=\"twitter:data1\" content=\"Observatorio de Bio\u00e9tica UCV\" \/>\n\t<meta name=\"twitter:label2\" content=\"Tiempo de lectura\" \/>\n\t<meta name=\"twitter:data2\" content=\"9 minutos\" \/>\n<script type=\"application\/ld+json\" class=\"yoast-schema-graph\">{\"@context\":\"https:\\\/\\\/schema.org\",\"@graph\":[{\"@type\":\"Article\",\"@id\":\"https:\\\/\\\/exaudi.org\\\/es\\\/entre-la-mirada-idealizada-de-la-infancia-trans-y-el-influjo-de-la-ideologia-queer\\\/#article\",\"isPartOf\":{\"@id\":\"https:\\\/\\\/exaudi.org\\\/es\\\/entre-la-mirada-idealizada-de-la-infancia-trans-y-el-influjo-de-la-ideologia-queer\\\/\"},\"author\":{\"name\":\"Observatorio de Bio\u00e9tica UCV\",\"@id\":\"https:\\\/\\\/exaudi.org\\\/#\\\/schema\\\/person\\\/05d1c06e56ecb5490e9bff0d27026595\"},\"headline\":\"Entre la mirada idealizada de la infancia trans y el influjo de la ideolog\u00eda \u2018queer\u2019\",\"datePublished\":\"2024-02-12T07:50:13+00:00\",\"dateModified\":\"2024-02-12T10:03:46+00:00\",\"mainEntityOfPage\":{\"@id\":\"https:\\\/\\\/exaudi.org\\\/es\\\/entre-la-mirada-idealizada-de-la-infancia-trans-y-el-influjo-de-la-ideologia-queer\\\/\"},\"wordCount\":1866,\"image\":{\"@id\":\"https:\\\/\\\/exaudi.org\\\/es\\\/entre-la-mirada-idealizada-de-la-infancia-trans-y-el-influjo-de-la-ideologia-queer\\\/#primaryimage\"},\"thumbnailUrl\":\"https:\\\/\\\/exaudi.org\\\/wp-content\\\/uploads\\\/2024\\\/02\\\/maxresdefault.jpg\",\"keywords\":[\"20.000 especies de abejas\",\"Bio\u00e9tica\",\"Cine Familia\",\"Ley trans\",\"Trending\"],\"articleSection\":[\"Voces\"],\"inLanguage\":\"es\"},{\"@type\":\"WebPage\",\"@id\":\"https:\\\/\\\/exaudi.org\\\/es\\\/entre-la-mirada-idealizada-de-la-infancia-trans-y-el-influjo-de-la-ideologia-queer\\\/\",\"url\":\"https:\\\/\\\/exaudi.org\\\/es\\\/entre-la-mirada-idealizada-de-la-infancia-trans-y-el-influjo-de-la-ideologia-queer\\\/\",\"name\":\"Entre la mirada idealizada de la infancia trans y el influjo de la ideolog\u00eda \u2018queer\u2019 &#8211; Exaudi\",\"isPartOf\":{\"@id\":\"https:\\\/\\\/exaudi.org\\\/#website\"},\"primaryImageOfPage\":{\"@id\":\"https:\\\/\\\/exaudi.org\\\/es\\\/entre-la-mirada-idealizada-de-la-infancia-trans-y-el-influjo-de-la-ideologia-queer\\\/#primaryimage\"},\"image\":{\"@id\":\"https:\\\/\\\/exaudi.org\\\/es\\\/entre-la-mirada-idealizada-de-la-infancia-trans-y-el-influjo-de-la-ideologia-queer\\\/#primaryimage\"},\"thumbnailUrl\":\"https:\\\/\\\/exaudi.org\\\/wp-content\\\/uploads\\\/2024\\\/02\\\/maxresdefault.jpg\",\"datePublished\":\"2024-02-12T07:50:13+00:00\",\"dateModified\":\"2024-02-12T10:03:46+00:00\",\"author\":{\"@id\":\"https:\\\/\\\/exaudi.org\\\/#\\\/schema\\\/person\\\/05d1c06e56ecb5490e9bff0d27026595\"},\"breadcrumb\":{\"@id\":\"https:\\\/\\\/exaudi.org\\\/es\\\/entre-la-mirada-idealizada-de-la-infancia-trans-y-el-influjo-de-la-ideologia-queer\\\/#breadcrumb\"},\"inLanguage\":\"es\",\"potentialAction\":[{\"@type\":\"ReadAction\",\"target\":[\"https:\\\/\\\/exaudi.org\\\/es\\\/entre-la-mirada-idealizada-de-la-infancia-trans-y-el-influjo-de-la-ideologia-queer\\\/\"]}]},{\"@type\":\"ImageObject\",\"inLanguage\":\"es\",\"@id\":\"https:\\\/\\\/exaudi.org\\\/es\\\/entre-la-mirada-idealizada-de-la-infancia-trans-y-el-influjo-de-la-ideologia-queer\\\/#primaryimage\",\"url\":\"https:\\\/\\\/exaudi.org\\\/wp-content\\\/uploads\\\/2024\\\/02\\\/maxresdefault.jpg\",\"contentUrl\":\"https:\\\/\\\/exaudi.org\\\/wp-content\\\/uploads\\\/2024\\\/02\\\/maxresdefault.jpg\",\"width\":1280,\"height\":720},{\"@type\":\"BreadcrumbList\",\"@id\":\"https:\\\/\\\/exaudi.org\\\/es\\\/entre-la-mirada-idealizada-de-la-infancia-trans-y-el-influjo-de-la-ideologia-queer\\\/#breadcrumb\",\"itemListElement\":[{\"@type\":\"ListItem\",\"position\":1,\"name\":\"Portada\",\"item\":\"https:\\\/\\\/exaudi.org\\\/es\\\/\"},{\"@type\":\"ListItem\",\"position\":2,\"name\":\"Entre la mirada idealizada de la infancia trans y el influjo de la ideolog\u00eda \u2018queer\u2019\"}]},{\"@type\":\"WebSite\",\"@id\":\"https:\\\/\\\/exaudi.org\\\/#website\",\"url\":\"https:\\\/\\\/exaudi.org\\\/\",\"name\":\"Exaudi\",\"description\":\"News\",\"potentialAction\":[{\"@type\":\"SearchAction\",\"target\":{\"@type\":\"EntryPoint\",\"urlTemplate\":\"https:\\\/\\\/exaudi.org\\\/?s={search_term_string}\"},\"query-input\":{\"@type\":\"PropertyValueSpecification\",\"valueRequired\":true,\"valueName\":\"search_term_string\"}}],\"inLanguage\":\"es\"},{\"@type\":\"Person\",\"@id\":\"https:\\\/\\\/exaudi.org\\\/#\\\/schema\\\/person\\\/05d1c06e56ecb5490e9bff0d27026595\",\"name\":\"Observatorio de Bio\u00e9tica UCV\",\"image\":{\"@type\":\"ImageObject\",\"inLanguage\":\"es\",\"@id\":\"https:\\\/\\\/secure.gravatar.com\\\/avatar\\\/086563f59595a89fb0851de25d712a03657b1cdfa8af3c9cd0a1ee122fc5d596?s=96&d=mm&r=g\",\"url\":\"https:\\\/\\\/secure.gravatar.com\\\/avatar\\\/086563f59595a89fb0851de25d712a03657b1cdfa8af3c9cd0a1ee122fc5d596?s=96&d=mm&r=g\",\"contentUrl\":\"https:\\\/\\\/secure.gravatar.com\\\/avatar\\\/086563f59595a89fb0851de25d712a03657b1cdfa8af3c9cd0a1ee122fc5d596?s=96&d=mm&r=g\",\"caption\":\"Observatorio de Bio\u00e9tica UCV\"},\"description\":\"El Observatorio de Bio\u00e9tica se encuentra dentro del Instituto Ciencias de la vida de la Universidad Cat\u00f3lica de Valencia \u201cSan Vicente M\u00e1rtir\u201d . En el trasfondo de sus publicaciones, se defiende la vida humana desde la fecundaci\u00f3n a la muerte natural y la dignidad de la persona, teniendo como objetivo aunar esfuerzos para difundir la cultura de la vida como la define la Evangelium Vitae.\",\"sameAs\":[\"https:\\\/\\\/www.observatoriobioetica.org\\\/\",\"https:\\\/\\\/www.facebook.com\\\/observatoriodebioetica\\\/\",\"https:\\\/\\\/x.com\\\/obioetica\",\"https:\\\/\\\/www.youtube.com\\\/channel\\\/UC_Tr4WS5-TXoNo5e1MdQc7w\"],\"url\":\"https:\\\/\\\/exaudi.org\\\/es\\\/author\\\/observatoriodebioeticaucv\\\/\"}]}<\/script>\n<!-- \/ Yoast SEO plugin. -->","yoast_head_json":{"title":"Entre la mirada idealizada de la infancia trans y el influjo de la ideolog\u00eda \u2018queer\u2019 &#8211; Exaudi","robots":{"index":"index","follow":"follow","max-snippet":"max-snippet:-1","max-image-preview":"max-image-preview:large","max-video-preview":"max-video-preview:-1"},"canonical":"https:\/\/exaudi.org\/es\/entre-la-mirada-idealizada-de-la-infancia-trans-y-el-influjo-de-la-ideologia-queer\/","og_locale":"es_ES","og_type":"article","og_title":"Entre la mirada idealizada de la infancia trans y el influjo de la ideolog\u00eda \u2018queer\u2019 &#8211; Exaudi","og_description":"20.000 especies de abejas","og_url":"https:\/\/exaudi.org\/es\/entre-la-mirada-idealizada-de-la-infancia-trans-y-el-influjo-de-la-ideologia-queer\/","og_site_name":"Exaudi","article_publisher":"https:\/\/www.facebook.com\/ExaudiNews","article_author":"https:\/\/www.facebook.com\/observatoriodebioetica\/","article_published_time":"2024-02-12T07:50:13+00:00","article_modified_time":"2024-02-12T10:03:46+00:00","og_image":[{"width":1280,"height":720,"url":"https:\/\/exaudi.org\/wp-content\/uploads\/2024\/02\/maxresdefault.jpg","type":"image\/jpeg"}],"author":"Observatorio de Bio\u00e9tica UCV","twitter_card":"summary_large_image","twitter_creator":"@obioetica","twitter_site":"@Exaudi_News","twitter_misc":{"Escrito por":"Observatorio de Bio\u00e9tica UCV","Tiempo de lectura":"9 minutos"},"schema":{"@context":"https:\/\/schema.org","@graph":[{"@type":"Article","@id":"https:\/\/exaudi.org\/es\/entre-la-mirada-idealizada-de-la-infancia-trans-y-el-influjo-de-la-ideologia-queer\/#article","isPartOf":{"@id":"https:\/\/exaudi.org\/es\/entre-la-mirada-idealizada-de-la-infancia-trans-y-el-influjo-de-la-ideologia-queer\/"},"author":{"name":"Observatorio de Bio\u00e9tica UCV","@id":"https:\/\/exaudi.org\/#\/schema\/person\/05d1c06e56ecb5490e9bff0d27026595"},"headline":"Entre la mirada idealizada de la infancia trans y el influjo de la ideolog\u00eda \u2018queer\u2019","datePublished":"2024-02-12T07:50:13+00:00","dateModified":"2024-02-12T10:03:46+00:00","mainEntityOfPage":{"@id":"https:\/\/exaudi.org\/es\/entre-la-mirada-idealizada-de-la-infancia-trans-y-el-influjo-de-la-ideologia-queer\/"},"wordCount":1866,"image":{"@id":"https:\/\/exaudi.org\/es\/entre-la-mirada-idealizada-de-la-infancia-trans-y-el-influjo-de-la-ideologia-queer\/#primaryimage"},"thumbnailUrl":"https:\/\/exaudi.org\/wp-content\/uploads\/2024\/02\/maxresdefault.jpg","keywords":["20.000 especies de abejas","Bio\u00e9tica","Cine Familia","Ley trans","Trending"],"articleSection":["Voces"],"inLanguage":"es"},{"@type":"WebPage","@id":"https:\/\/exaudi.org\/es\/entre-la-mirada-idealizada-de-la-infancia-trans-y-el-influjo-de-la-ideologia-queer\/","url":"https:\/\/exaudi.org\/es\/entre-la-mirada-idealizada-de-la-infancia-trans-y-el-influjo-de-la-ideologia-queer\/","name":"Entre la mirada idealizada de la infancia trans y el influjo de la ideolog\u00eda \u2018queer\u2019 &#8211; Exaudi","isPartOf":{"@id":"https:\/\/exaudi.org\/#website"},"primaryImageOfPage":{"@id":"https:\/\/exaudi.org\/es\/entre-la-mirada-idealizada-de-la-infancia-trans-y-el-influjo-de-la-ideologia-queer\/#primaryimage"},"image":{"@id":"https:\/\/exaudi.org\/es\/entre-la-mirada-idealizada-de-la-infancia-trans-y-el-influjo-de-la-ideologia-queer\/#primaryimage"},"thumbnailUrl":"https:\/\/exaudi.org\/wp-content\/uploads\/2024\/02\/maxresdefault.jpg","datePublished":"2024-02-12T07:50:13+00:00","dateModified":"2024-02-12T10:03:46+00:00","author":{"@id":"https:\/\/exaudi.org\/#\/schema\/person\/05d1c06e56ecb5490e9bff0d27026595"},"breadcrumb":{"@id":"https:\/\/exaudi.org\/es\/entre-la-mirada-idealizada-de-la-infancia-trans-y-el-influjo-de-la-ideologia-queer\/#breadcrumb"},"inLanguage":"es","potentialAction":[{"@type":"ReadAction","target":["https:\/\/exaudi.org\/es\/entre-la-mirada-idealizada-de-la-infancia-trans-y-el-influjo-de-la-ideologia-queer\/"]}]},{"@type":"ImageObject","inLanguage":"es","@id":"https:\/\/exaudi.org\/es\/entre-la-mirada-idealizada-de-la-infancia-trans-y-el-influjo-de-la-ideologia-queer\/#primaryimage","url":"https:\/\/exaudi.org\/wp-content\/uploads\/2024\/02\/maxresdefault.jpg","contentUrl":"https:\/\/exaudi.org\/wp-content\/uploads\/2024\/02\/maxresdefault.jpg","width":1280,"height":720},{"@type":"BreadcrumbList","@id":"https:\/\/exaudi.org\/es\/entre-la-mirada-idealizada-de-la-infancia-trans-y-el-influjo-de-la-ideologia-queer\/#breadcrumb","itemListElement":[{"@type":"ListItem","position":1,"name":"Portada","item":"https:\/\/exaudi.org\/es\/"},{"@type":"ListItem","position":2,"name":"Entre la mirada idealizada de la infancia trans y el influjo de la ideolog\u00eda \u2018queer\u2019"}]},{"@type":"WebSite","@id":"https:\/\/exaudi.org\/#website","url":"https:\/\/exaudi.org\/","name":"Exaudi","description":"News","potentialAction":[{"@type":"SearchAction","target":{"@type":"EntryPoint","urlTemplate":"https:\/\/exaudi.org\/?s={search_term_string}"},"query-input":{"@type":"PropertyValueSpecification","valueRequired":true,"valueName":"search_term_string"}}],"inLanguage":"es"},{"@type":"Person","@id":"https:\/\/exaudi.org\/#\/schema\/person\/05d1c06e56ecb5490e9bff0d27026595","name":"Observatorio de Bio\u00e9tica UCV","image":{"@type":"ImageObject","inLanguage":"es","@id":"https:\/\/secure.gravatar.com\/avatar\/086563f59595a89fb0851de25d712a03657b1cdfa8af3c9cd0a1ee122fc5d596?s=96&d=mm&r=g","url":"https:\/\/secure.gravatar.com\/avatar\/086563f59595a89fb0851de25d712a03657b1cdfa8af3c9cd0a1ee122fc5d596?s=96&d=mm&r=g","contentUrl":"https:\/\/secure.gravatar.com\/avatar\/086563f59595a89fb0851de25d712a03657b1cdfa8af3c9cd0a1ee122fc5d596?s=96&d=mm&r=g","caption":"Observatorio de Bio\u00e9tica UCV"},"description":"El Observatorio de Bio\u00e9tica se encuentra dentro del Instituto Ciencias de la vida de la Universidad Cat\u00f3lica de Valencia \u201cSan Vicente M\u00e1rtir\u201d . En el trasfondo de sus publicaciones, se defiende la vida humana desde la fecundaci\u00f3n a la muerte natural y la dignidad de la persona, teniendo como objetivo aunar esfuerzos para difundir la cultura de la vida como la define la Evangelium Vitae.","sameAs":["https:\/\/www.observatoriobioetica.org\/","https:\/\/www.facebook.com\/observatoriodebioetica\/","https:\/\/x.com\/obioetica","https:\/\/www.youtube.com\/channel\/UC_Tr4WS5-TXoNo5e1MdQc7w"],"url":"https:\/\/exaudi.org\/es\/author\/observatoriodebioeticaucv\/"}]}},"jetpack_featured_media_url":"https:\/\/exaudi.org\/wp-content\/uploads\/2024\/02\/maxresdefault.jpg","jetpack_shortlink":"https:\/\/wp.me\/pgKjF2-oxy","_links":{"self":[{"href":"https:\/\/exaudi.org\/es\/wp-json\/wp\/v2\/posts\/94336","targetHints":{"allow":["GET"]}}],"collection":[{"href":"https:\/\/exaudi.org\/es\/wp-json\/wp\/v2\/posts"}],"about":[{"href":"https:\/\/exaudi.org\/es\/wp-json\/wp\/v2\/types\/post"}],"author":[{"embeddable":true,"href":"https:\/\/exaudi.org\/es\/wp-json\/wp\/v2\/users\/87"}],"replies":[{"embeddable":true,"href":"https:\/\/exaudi.org\/es\/wp-json\/wp\/v2\/comments?post=94336"}],"version-history":[{"count":0,"href":"https:\/\/exaudi.org\/es\/wp-json\/wp\/v2\/posts\/94336\/revisions"}],"wp:featuredmedia":[{"embeddable":true,"href":"https:\/\/exaudi.org\/es\/wp-json\/wp\/v2\/media\/94337"}],"wp:attachment":[{"href":"https:\/\/exaudi.org\/es\/wp-json\/wp\/v2\/media?parent=94336"}],"wp:term":[{"taxonomy":"category","embeddable":true,"href":"https:\/\/exaudi.org\/es\/wp-json\/wp\/v2\/categories?post=94336"},{"taxonomy":"post_tag","embeddable":true,"href":"https:\/\/exaudi.org\/es\/wp-json\/wp\/v2\/tags?post=94336"}],"curies":[{"name":"wp","href":"https:\/\/api.w.org\/{rel}","templated":true}]}}