{"id":94314,"date":"2024-02-12T09:16:26","date_gmt":"2024-02-12T08:16:26","guid":{"rendered":"https:\/\/exaudi.org\/?p=94314"},"modified":"2024-02-12T09:26:46","modified_gmt":"2024-02-12T08:26:46","slug":"recuerda-que-eres-polvo","status":"publish","type":"post","link":"https:\/\/exaudi.org\/es\/recuerda-que-eres-polvo\/","title":{"rendered":"Recuerda que eres polvo"},"content":{"rendered":"<div class=\"&quot;gXrIZOLIGN&quot;\">\n<div class=\"&quot;WLUZpmeAeP&quot;\">\n<div class=\"&quot;qvleDkUQnD&quot;\">\n<div class=\"&quot;gXrIZOLIGN&quot;\">\n<div class=\"&quot;WLUZpmeAeP&quot;\">\n<div class=\"&quot;qvleDkUQnD&quot;\">\n<audio class=\"wp-audio-shortcode\" id=\"audio-94314-1\" preload=\"none\" style=\"width: 100%;\" controls=\"controls\"><source type=\"audio\/mpeg\" src=\"https:\/\/exaudi.org\/wp-content\/uploads\/2024\/02\/Recuerda-que-eres-polvo.mp3?_=1\" \/><a href=\"https:\/\/exaudi.org\/wp-content\/uploads\/2024\/02\/Recuerda-que-eres-polvo.mp3\">https:\/\/exaudi.org\/wp-content\/uploads\/2024\/02\/Recuerda-que-eres-polvo.mp3<\/a><\/audio>\n<p>Erik Varden (1974) es un monje cisterciense y obispo noruego. Consegu\u00ed\u00a0<em>La explosi\u00f3n de la soledad. Sobre la memoria cristiana\u00a0<\/em>(Fonte, 2021). Un escrito que es, a la vez, meditaci\u00f3n espiritual y reflexi\u00f3n intelectual, pensado para ser le\u00eddo a c\u00e1mara lenta. En cada cap\u00edtulo saltan a la vista las citas b\u00edblicas y los textos literarios y espirituales que iluminan los temas escogidos por el autor: recuerda que eres polvo, recuerda que eras esclavo en Egipto, recordad a la mujer de Lot, haced esto en memoria m\u00eda, cu\u00eddate de olvidar al Se\u00f1or. Bastan estos t\u00edtulos para darse cuenta del ritornelo del libro: la memoria.<\/p>\n<p>La cercan\u00eda del Mi\u00e9rcoles de Ceniza hace juego con el primer cap\u00edtulo del libro: recuerda que eres polvo. \u201cEntonces, el Se\u00f1or Dios form\u00f3 al hombre del polvo de la tierra (<em>adamah<\/em>\u00a0en hebreo); insufl\u00f3 en sus narices aliento de vida (<em>spiraculum vitae<\/em>), y el hombre se convirti\u00f3 en un ser vivo\u201d. Gen. 2, 7. \u201cLas palabras -dice Varden- que Dios dijo despu\u00e9s de la ca\u00edda, repetidas el mi\u00e9rcoles de ceniza, simplemente regresan a la verdad a quien se ha rendido a la amnesia moment\u00e1nea. Decir que\u00a0<em>Adam\u00a0<\/em>volver\u00e1 a\u00a0<em>el-hadamah,\u00a0<\/em>a la tierra, es equivalente a decir: recuerda lo que eres, de d\u00f3nde viniste\u201d (p. 24). Un llamado a la humildad desde el mismo inicio de la creaci\u00f3n para librarnos de la inclinaci\u00f3n a parecer m\u00e1s de lo que somos, rescat\u00e1ndonos de \u201cnuestro ilusorio autoensalzamiento\u201d (cfr. p. 26). El esp\u00edritu de vida que nos otorga Dios es un puro don. Esta dotaci\u00f3n de vida espiritual a imagen y semejanza suya, hemos de mantenerla presente para que los \u00e9xitos y logros no nos hagan olvidar de donde nos ha levantado el Se\u00f1or.<\/p>\n<p>Procurar vivir de acuerdo a la vocaci\u00f3n cristiana supone, de ordinario, una conversi\u00f3n: intentar dejar el hombre viejo para imitar la vida del Maestro. Somos conscientes de los apegos de nuestro coraz\u00f3n, no siempre anclados en los bienes que nos perfeccionan. Procuramos desprendernos de los malos apegos, pero, en m\u00e1s de una ocasi\u00f3n, se vuelven a activar reclamando nuestra atenci\u00f3n y deseo. Volvemos la mirada hacia ellos y el coraz\u00f3n cae en esos insidiosos apegos. Un mal paso que detiene el crecimiento espiritual convirti\u00e9ndonos en estatuas de sal como le pas\u00f3 a la esposa de Lot. No es el final, desde luego, porque la imagen de Dios impresa en nuestra alma, nos capacita para volver a despegarnos y recuperar la vida espiritual paralizada. Despegarse de esos malos quereres no es de una vez y para siempre. Hemos de recordar, con Job, que la vida del ser humano es una lucha continua para llegar a ser nuestra mejor versi\u00f3n. \u201cEs lo que los griegos llamaban <em>ascesis<\/em>, el ejercicio atl\u00e9tico del esp\u00edritu\u201d (p. 137).<\/p>\n<p>Entre los tantos textos y testimonios que Varden cita, recojo \u00e9ste de Ma\u00efti Gertanner, hero\u00edna de la Resistencia francesa. Ella fue sometida a duras torturas que truncaron su virtuosismo en el piano a m\u00e1s de inhabilitarla f\u00edsicamente: \u201cel sufrimiento, para m\u00ed, no era un estado transitorio, sino una forma de ser\u201d. Sin embargo, pese a estas limitaciones no buscadas, naci\u00f3 en ella una certeza: \u201cno ten\u00eda que tener nostalgia de lo que hab\u00eda sido o de lo que habr\u00eda podido ser. En vez de eso ten\u00eda que amar lo que era y buscar lo que deb\u00eda ser\u201d. Al cabo de unos a\u00f1os, su torturador -un m\u00e9dico nazi- fue a buscarla para pedirle perd\u00f3n y ella cuenta que fue en la oraci\u00f3n en donde encontr\u00f3 fuerza para perdonar a su torturador: \u201cperdonarlo me liber\u00f3\u201d (cfr. pp. 108-110).<\/p>\n<p>Amar, perdonar son palabras mayores, porque tocan las vibras m\u00e1s sensibles de nuestra condici\u00f3n humana, realidades que los cristianos viviremos en el ya pr\u00f3ximo Tiempo de Cuaresma. Amor de Jesucristo que da su Vida por nosotros, pidiendo a su Padre que nos perdone porque no sabemos lo que hacemos.<\/p>\n<p><a href=\"https:\/\/open.spotify.com\/episode\/7etc0zBExhruyuRpeDNyrC?si=a2747878508d4aa2\" target=\"_blank\" rel=\"noopener\"><strong>Spotify<\/strong><\/a><\/p>\n<\/div>\n<\/div>\n<\/div>\n<\/div>\n<\/div>\n<\/div>\n","protected":false},"excerpt":{"rendered":"<p>Amar, perdonar son palabras mayores, porque tocan las vibras m\u00e1s sensibles de nuestra condici\u00f3n humana<\/p>\n","protected":false},"author":109,"featured_media":94315,"comment_status":"closed","ping_status":"closed","sticky":false,"template":"","format":"standard","meta":{"_acf_changed":false,"_crdt_document":"","inline_featured_image":false,"footnotes":""},"categories":[96,130],"tags":[8422,1371,11510,9410,4953,12932],"class_list":["post-94314","post","type-post","status-publish","format-standard","has-post-thumbnail","hentry","category-espiritualidad","category-voces","tag-catolicismo","tag-espiritualidad","tag-memoria-2","tag-soledad","tag-trending-es","tag-varden"],"acf":[],"yoast_head":"<!-- This site is optimized with the Yoast SEO plugin v27.5 - https:\/\/yoast.com\/product\/yoast-seo-wordpress\/ -->\n<title>Recuerda que eres polvo &#8211; Exaudi<\/title>\n<meta name=\"robots\" content=\"index, follow, max-snippet:-1, max-image-preview:large, max-video-preview:-1\" \/>\n<link rel=\"canonical\" href=\"https:\/\/exaudi.org\/es\/recuerda-que-eres-polvo\/\" \/>\n<meta property=\"og:locale\" content=\"es_ES\" \/>\n<meta property=\"og:type\" content=\"article\" \/>\n<meta property=\"og:title\" content=\"Recuerda que eres polvo &#8211; Exaudi\" \/>\n<meta property=\"og:description\" content=\"Amar, perdonar son palabras mayores, porque tocan las vibras m\u00e1s sensibles de nuestra condici\u00f3n humana\" \/>\n<meta property=\"og:url\" content=\"https:\/\/exaudi.org\/es\/recuerda-que-eres-polvo\/\" \/>\n<meta property=\"og:site_name\" content=\"Exaudi\" \/>\n<meta property=\"article:publisher\" content=\"https:\/\/www.facebook.com\/ExaudiNews\" \/>\n<meta property=\"article:published_time\" content=\"2024-02-12T08:16:26+00:00\" \/>\n<meta property=\"article:modified_time\" content=\"2024-02-12T08:26:46+00:00\" \/>\n<meta property=\"og:image\" content=\"https:\/\/exaudi.org\/wp-content\/uploads\/2024\/02\/pexels-sebastian-arie-voortman-566641-scaled.jpg\" \/>\n\t<meta property=\"og:image:width\" content=\"2560\" \/>\n\t<meta property=\"og:image:height\" content=\"1707\" \/>\n\t<meta property=\"og:image:type\" content=\"image\/jpeg\" \/>\n<meta name=\"author\" content=\"Francisco Bobadilla\" \/>\n<meta name=\"twitter:card\" content=\"summary_large_image\" \/>\n<meta name=\"twitter:creator\" content=\"@Exaudi_News\" \/>\n<meta name=\"twitter:site\" content=\"@Exaudi_News\" \/>\n<meta name=\"twitter:label1\" content=\"Escrito por\" \/>\n\t<meta name=\"twitter:data1\" content=\"Francisco Bobadilla\" \/>\n\t<meta name=\"twitter:label2\" content=\"Tiempo de lectura\" \/>\n\t<meta name=\"twitter:data2\" content=\"3 minutos\" \/>\n<script type=\"application\/ld+json\" class=\"yoast-schema-graph\">{\"@context\":\"https:\\\/\\\/schema.org\",\"@graph\":[{\"@type\":\"Article\",\"@id\":\"https:\\\/\\\/exaudi.org\\\/es\\\/recuerda-que-eres-polvo\\\/#article\",\"isPartOf\":{\"@id\":\"https:\\\/\\\/exaudi.org\\\/es\\\/recuerda-que-eres-polvo\\\/\"},\"author\":{\"name\":\"Francisco Bobadilla\",\"@id\":\"https:\\\/\\\/exaudi.org\\\/#\\\/schema\\\/person\\\/f2d4ad1e1e2bb7dad42a623b75b7166b\"},\"headline\":\"Recuerda que eres polvo\",\"datePublished\":\"2024-02-12T08:16:26+00:00\",\"dateModified\":\"2024-02-12T08:26:46+00:00\",\"mainEntityOfPage\":{\"@id\":\"https:\\\/\\\/exaudi.org\\\/es\\\/recuerda-que-eres-polvo\\\/\"},\"wordCount\":703,\"image\":{\"@id\":\"https:\\\/\\\/exaudi.org\\\/es\\\/recuerda-que-eres-polvo\\\/#primaryimage\"},\"thumbnailUrl\":\"https:\\\/\\\/exaudi.org\\\/wp-content\\\/uploads\\\/2024\\\/02\\\/pexels-sebastian-arie-voortman-566641-scaled.jpg\",\"keywords\":[\"Catolicismo\",\"Espiritualidad\",\"memoria\",\"Soledad\",\"Trending\",\"Varden\"],\"articleSection\":[\"Espiritualidad\",\"Voces\"],\"inLanguage\":\"es\"},{\"@type\":\"WebPage\",\"@id\":\"https:\\\/\\\/exaudi.org\\\/es\\\/recuerda-que-eres-polvo\\\/\",\"url\":\"https:\\\/\\\/exaudi.org\\\/es\\\/recuerda-que-eres-polvo\\\/\",\"name\":\"Recuerda que eres polvo &#8211; Exaudi\",\"isPartOf\":{\"@id\":\"https:\\\/\\\/exaudi.org\\\/#website\"},\"primaryImageOfPage\":{\"@id\":\"https:\\\/\\\/exaudi.org\\\/es\\\/recuerda-que-eres-polvo\\\/#primaryimage\"},\"image\":{\"@id\":\"https:\\\/\\\/exaudi.org\\\/es\\\/recuerda-que-eres-polvo\\\/#primaryimage\"},\"thumbnailUrl\":\"https:\\\/\\\/exaudi.org\\\/wp-content\\\/uploads\\\/2024\\\/02\\\/pexels-sebastian-arie-voortman-566641-scaled.jpg\",\"datePublished\":\"2024-02-12T08:16:26+00:00\",\"dateModified\":\"2024-02-12T08:26:46+00:00\",\"author\":{\"@id\":\"https:\\\/\\\/exaudi.org\\\/#\\\/schema\\\/person\\\/f2d4ad1e1e2bb7dad42a623b75b7166b\"},\"breadcrumb\":{\"@id\":\"https:\\\/\\\/exaudi.org\\\/es\\\/recuerda-que-eres-polvo\\\/#breadcrumb\"},\"inLanguage\":\"es\",\"potentialAction\":[{\"@type\":\"ReadAction\",\"target\":[\"https:\\\/\\\/exaudi.org\\\/es\\\/recuerda-que-eres-polvo\\\/\"]}]},{\"@type\":\"ImageObject\",\"inLanguage\":\"es\",\"@id\":\"https:\\\/\\\/exaudi.org\\\/es\\\/recuerda-que-eres-polvo\\\/#primaryimage\",\"url\":\"https:\\\/\\\/exaudi.org\\\/wp-content\\\/uploads\\\/2024\\\/02\\\/pexels-sebastian-arie-voortman-566641-scaled.jpg\",\"contentUrl\":\"https:\\\/\\\/exaudi.org\\\/wp-content\\\/uploads\\\/2024\\\/02\\\/pexels-sebastian-arie-voortman-566641-scaled.jpg\",\"width\":2560,\"height\":1707},{\"@type\":\"BreadcrumbList\",\"@id\":\"https:\\\/\\\/exaudi.org\\\/es\\\/recuerda-que-eres-polvo\\\/#breadcrumb\",\"itemListElement\":[{\"@type\":\"ListItem\",\"position\":1,\"name\":\"Portada\",\"item\":\"https:\\\/\\\/exaudi.org\\\/es\\\/\"},{\"@type\":\"ListItem\",\"position\":2,\"name\":\"Recuerda que eres polvo\"}]},{\"@type\":\"WebSite\",\"@id\":\"https:\\\/\\\/exaudi.org\\\/#website\",\"url\":\"https:\\\/\\\/exaudi.org\\\/\",\"name\":\"Exaudi\",\"description\":\"News\",\"potentialAction\":[{\"@type\":\"SearchAction\",\"target\":{\"@type\":\"EntryPoint\",\"urlTemplate\":\"https:\\\/\\\/exaudi.org\\\/?s={search_term_string}\"},\"query-input\":{\"@type\":\"PropertyValueSpecification\",\"valueRequired\":true,\"valueName\":\"search_term_string\"}}],\"inLanguage\":\"es\"},{\"@type\":\"Person\",\"@id\":\"https:\\\/\\\/exaudi.org\\\/#\\\/schema\\\/person\\\/f2d4ad1e1e2bb7dad42a623b75b7166b\",\"name\":\"Francisco Bobadilla\",\"image\":{\"@type\":\"ImageObject\",\"inLanguage\":\"es\",\"@id\":\"https:\\\/\\\/secure.gravatar.com\\\/avatar\\\/8d65d74eeda045f5ef133a25b739fed12768ab871a0ddb2772cf98408d61ee37?s=96&d=mm&r=g\",\"url\":\"https:\\\/\\\/secure.gravatar.com\\\/avatar\\\/8d65d74eeda045f5ef133a25b739fed12768ab871a0ddb2772cf98408d61ee37?s=96&d=mm&r=g\",\"contentUrl\":\"https:\\\/\\\/secure.gravatar.com\\\/avatar\\\/8d65d74eeda045f5ef133a25b739fed12768ab871a0ddb2772cf98408d61ee37?s=96&d=mm&r=g\",\"caption\":\"Francisco Bobadilla\"},\"description\":\"Francisco Bobadilla es profesor principal de la Universidad de Piura, donde dicta clases para el pre-grado y posgrado. Interesado en las Humanidades y en la dimensi\u00f3n \u00e9tica de la conducta humana. Lector habitual, de cuyas lecturas se nutre en gran parte este blog. Es autor, entre otros, de los libros \u201cPasi\u00f3n por la Excelencia\u201d, \u201cEmpresas con alma\u201d, \u00abProgreso econ\u00f3mico y desarrollo humano\u00bb, \u00abEl C\u00f3digo da Vinci: de la ficci\u00f3n a la realidad\u00bb; \u00abLa disponibilidad de los derechos de la personalidad\u00bb. Abogado y Master en Derecho Civil por la PUCP, doctor en Derecho por la Universidad de Zaragoza; Licenciado en Ciencias de la Informaci\u00f3n por la Universidad de Piura. Sus temas: pensamiento pol\u00edtico y social, \u00e9tica y cultura, derechos de la persona.\",\"sameAs\":[\"https:\\\/\\\/tertuliaabierta.wordpress.com\\\/\"],\"url\":\"https:\\\/\\\/exaudi.org\\\/es\\\/author\\\/francisco-bobadilla\\\/\"}]}<\/script>\n<!-- \/ Yoast SEO plugin. -->","yoast_head_json":{"title":"Recuerda que eres polvo &#8211; Exaudi","robots":{"index":"index","follow":"follow","max-snippet":"max-snippet:-1","max-image-preview":"max-image-preview:large","max-video-preview":"max-video-preview:-1"},"canonical":"https:\/\/exaudi.org\/es\/recuerda-que-eres-polvo\/","og_locale":"es_ES","og_type":"article","og_title":"Recuerda que eres polvo &#8211; Exaudi","og_description":"Amar, perdonar son palabras mayores, porque tocan las vibras m\u00e1s sensibles de nuestra condici\u00f3n humana","og_url":"https:\/\/exaudi.org\/es\/recuerda-que-eres-polvo\/","og_site_name":"Exaudi","article_publisher":"https:\/\/www.facebook.com\/ExaudiNews","article_published_time":"2024-02-12T08:16:26+00:00","article_modified_time":"2024-02-12T08:26:46+00:00","og_image":[{"width":2560,"height":1707,"url":"https:\/\/exaudi.org\/wp-content\/uploads\/2024\/02\/pexels-sebastian-arie-voortman-566641-scaled.jpg","type":"image\/jpeg"}],"author":"Francisco Bobadilla","twitter_card":"summary_large_image","twitter_creator":"@Exaudi_News","twitter_site":"@Exaudi_News","twitter_misc":{"Escrito por":"Francisco Bobadilla","Tiempo de lectura":"3 minutos"},"schema":{"@context":"https:\/\/schema.org","@graph":[{"@type":"Article","@id":"https:\/\/exaudi.org\/es\/recuerda-que-eres-polvo\/#article","isPartOf":{"@id":"https:\/\/exaudi.org\/es\/recuerda-que-eres-polvo\/"},"author":{"name":"Francisco Bobadilla","@id":"https:\/\/exaudi.org\/#\/schema\/person\/f2d4ad1e1e2bb7dad42a623b75b7166b"},"headline":"Recuerda que eres polvo","datePublished":"2024-02-12T08:16:26+00:00","dateModified":"2024-02-12T08:26:46+00:00","mainEntityOfPage":{"@id":"https:\/\/exaudi.org\/es\/recuerda-que-eres-polvo\/"},"wordCount":703,"image":{"@id":"https:\/\/exaudi.org\/es\/recuerda-que-eres-polvo\/#primaryimage"},"thumbnailUrl":"https:\/\/exaudi.org\/wp-content\/uploads\/2024\/02\/pexels-sebastian-arie-voortman-566641-scaled.jpg","keywords":["Catolicismo","Espiritualidad","memoria","Soledad","Trending","Varden"],"articleSection":["Espiritualidad","Voces"],"inLanguage":"es"},{"@type":"WebPage","@id":"https:\/\/exaudi.org\/es\/recuerda-que-eres-polvo\/","url":"https:\/\/exaudi.org\/es\/recuerda-que-eres-polvo\/","name":"Recuerda que eres polvo &#8211; Exaudi","isPartOf":{"@id":"https:\/\/exaudi.org\/#website"},"primaryImageOfPage":{"@id":"https:\/\/exaudi.org\/es\/recuerda-que-eres-polvo\/#primaryimage"},"image":{"@id":"https:\/\/exaudi.org\/es\/recuerda-que-eres-polvo\/#primaryimage"},"thumbnailUrl":"https:\/\/exaudi.org\/wp-content\/uploads\/2024\/02\/pexels-sebastian-arie-voortman-566641-scaled.jpg","datePublished":"2024-02-12T08:16:26+00:00","dateModified":"2024-02-12T08:26:46+00:00","author":{"@id":"https:\/\/exaudi.org\/#\/schema\/person\/f2d4ad1e1e2bb7dad42a623b75b7166b"},"breadcrumb":{"@id":"https:\/\/exaudi.org\/es\/recuerda-que-eres-polvo\/#breadcrumb"},"inLanguage":"es","potentialAction":[{"@type":"ReadAction","target":["https:\/\/exaudi.org\/es\/recuerda-que-eres-polvo\/"]}]},{"@type":"ImageObject","inLanguage":"es","@id":"https:\/\/exaudi.org\/es\/recuerda-que-eres-polvo\/#primaryimage","url":"https:\/\/exaudi.org\/wp-content\/uploads\/2024\/02\/pexels-sebastian-arie-voortman-566641-scaled.jpg","contentUrl":"https:\/\/exaudi.org\/wp-content\/uploads\/2024\/02\/pexels-sebastian-arie-voortman-566641-scaled.jpg","width":2560,"height":1707},{"@type":"BreadcrumbList","@id":"https:\/\/exaudi.org\/es\/recuerda-que-eres-polvo\/#breadcrumb","itemListElement":[{"@type":"ListItem","position":1,"name":"Portada","item":"https:\/\/exaudi.org\/es\/"},{"@type":"ListItem","position":2,"name":"Recuerda que eres polvo"}]},{"@type":"WebSite","@id":"https:\/\/exaudi.org\/#website","url":"https:\/\/exaudi.org\/","name":"Exaudi","description":"News","potentialAction":[{"@type":"SearchAction","target":{"@type":"EntryPoint","urlTemplate":"https:\/\/exaudi.org\/?s={search_term_string}"},"query-input":{"@type":"PropertyValueSpecification","valueRequired":true,"valueName":"search_term_string"}}],"inLanguage":"es"},{"@type":"Person","@id":"https:\/\/exaudi.org\/#\/schema\/person\/f2d4ad1e1e2bb7dad42a623b75b7166b","name":"Francisco Bobadilla","image":{"@type":"ImageObject","inLanguage":"es","@id":"https:\/\/secure.gravatar.com\/avatar\/8d65d74eeda045f5ef133a25b739fed12768ab871a0ddb2772cf98408d61ee37?s=96&d=mm&r=g","url":"https:\/\/secure.gravatar.com\/avatar\/8d65d74eeda045f5ef133a25b739fed12768ab871a0ddb2772cf98408d61ee37?s=96&d=mm&r=g","contentUrl":"https:\/\/secure.gravatar.com\/avatar\/8d65d74eeda045f5ef133a25b739fed12768ab871a0ddb2772cf98408d61ee37?s=96&d=mm&r=g","caption":"Francisco Bobadilla"},"description":"Francisco Bobadilla es profesor principal de la Universidad de Piura, donde dicta clases para el pre-grado y posgrado. Interesado en las Humanidades y en la dimensi\u00f3n \u00e9tica de la conducta humana. Lector habitual, de cuyas lecturas se nutre en gran parte este blog. Es autor, entre otros, de los libros \u201cPasi\u00f3n por la Excelencia\u201d, \u201cEmpresas con alma\u201d, \u00abProgreso econ\u00f3mico y desarrollo humano\u00bb, \u00abEl C\u00f3digo da Vinci: de la ficci\u00f3n a la realidad\u00bb; \u00abLa disponibilidad de los derechos de la personalidad\u00bb. Abogado y Master en Derecho Civil por la PUCP, doctor en Derecho por la Universidad de Zaragoza; Licenciado en Ciencias de la Informaci\u00f3n por la Universidad de Piura. Sus temas: pensamiento pol\u00edtico y social, \u00e9tica y cultura, derechos de la persona.","sameAs":["https:\/\/tertuliaabierta.wordpress.com\/"],"url":"https:\/\/exaudi.org\/es\/author\/francisco-bobadilla\/"}]}},"jetpack_featured_media_url":"https:\/\/exaudi.org\/wp-content\/uploads\/2024\/02\/pexels-sebastian-arie-voortman-566641-scaled.jpg","jetpack_shortlink":"https:\/\/wp.me\/pgKjF2-oxc","_links":{"self":[{"href":"https:\/\/exaudi.org\/es\/wp-json\/wp\/v2\/posts\/94314","targetHints":{"allow":["GET"]}}],"collection":[{"href":"https:\/\/exaudi.org\/es\/wp-json\/wp\/v2\/posts"}],"about":[{"href":"https:\/\/exaudi.org\/es\/wp-json\/wp\/v2\/types\/post"}],"author":[{"embeddable":true,"href":"https:\/\/exaudi.org\/es\/wp-json\/wp\/v2\/users\/109"}],"replies":[{"embeddable":true,"href":"https:\/\/exaudi.org\/es\/wp-json\/wp\/v2\/comments?post=94314"}],"version-history":[{"count":0,"href":"https:\/\/exaudi.org\/es\/wp-json\/wp\/v2\/posts\/94314\/revisions"}],"wp:featuredmedia":[{"embeddable":true,"href":"https:\/\/exaudi.org\/es\/wp-json\/wp\/v2\/media\/94315"}],"wp:attachment":[{"href":"https:\/\/exaudi.org\/es\/wp-json\/wp\/v2\/media?parent=94314"}],"wp:term":[{"taxonomy":"category","embeddable":true,"href":"https:\/\/exaudi.org\/es\/wp-json\/wp\/v2\/categories?post=94314"},{"taxonomy":"post_tag","embeddable":true,"href":"https:\/\/exaudi.org\/es\/wp-json\/wp\/v2\/tags?post=94314"}],"curies":[{"name":"wp","href":"https:\/\/api.w.org\/{rel}","templated":true}]}}