{"id":94068,"date":"2024-02-07T15:16:20","date_gmt":"2024-02-07T14:16:20","guid":{"rendered":"https:\/\/exaudi.org\/?p=94068"},"modified":"2024-02-10T09:05:26","modified_gmt":"2024-02-10T08:05:26","slug":"el-papa-la-tristeza-puede-convertirse-en-una-enfermedad-del-alma","status":"publish","type":"post","link":"https:\/\/exaudi.org\/es\/el-papa-la-tristeza-puede-convertirse-en-una-enfermedad-del-alma\/","title":{"rendered":"El Papa: La tristeza puede convertirse en una enfermedad del alma"},"content":{"rendered":"<audio class=\"wp-audio-shortcode\" id=\"audio-94068-1\" preload=\"none\" style=\"width: 100%;\" controls=\"controls\"><source type=\"audio\/mpeg\" src=\"https:\/\/exaudi.org\/wp-content\/uploads\/2024\/02\/La-tristeza-puede-convertirse-en-una-enfermedad-del-alma.mp3?_=1\" \/><a href=\"https:\/\/exaudi.org\/wp-content\/uploads\/2024\/02\/La-tristeza-puede-convertirse-en-una-enfermedad-del-alma.mp3\">https:\/\/exaudi.org\/wp-content\/uploads\/2024\/02\/La-tristeza-puede-convertirse-en-una-enfermedad-del-alma.mp3<\/a><\/audio>\n<p>En la audiencia general de este mi\u00e9rcoles, 7 d e febrero de 2024,\u00a0 en el Aula Pablo VI, donde el Santo Padre Francisco se ha reunido con grupos de peregrinos y fieles de Italia y de todo el mundo. el Papa Francisco continu\u00f3 el ciclo de catequesis sobre vicios y virtudes y reflexion\u00f3 sobre el vicio de <em>La tristeza<\/em>, una \u00abenfermedad del alma\u00bb que puede insinuarse y postrar a una persona hasta derrumbarla: este \u00abdemonio astuto\u00bb debe combatirse pensando en Jes\u00fas, que \u00abnos trae la alegr\u00eda de la resurrecci\u00f3n\u00bb<\/p>\n<p>La Audiencia General concluy\u00f3 con el rezo del\u00a0<em>Pater Noster<\/em>\u00a0y la Bendici\u00f3n Apost\u00f3lica.<\/p>\n<p>A continuaci\u00f3n, sigue el texto completo de la catequesis del Papa en la audiencia general.<\/p>\n<p>***<\/p>\n<p><span class=\"medium\"><b>Catequesis. Vicios y virtudes. 7.\u00a0<i>La tristeza.<\/i><\/b><\/span><\/p>\n<p><span class=\"medium\">Queridos hermanos y hermanas, \u00a1buenos d\u00edas!<\/span><\/p>\n<p><span class=\"medium\">En nuestro recorrido de catequesis sobre los vicios y las virtudes, hoy nos detenemos en un vicio bastante feo, la\u00a0<i>tristeza<\/i>, entendida como un abatimiento del \u00e1nimo, una aflicci\u00f3n constante que impide al ser humano experimentar alegr\u00eda por su propia existencia.<\/span><\/p>\n<p><span class=\"medium\"><img loading=\"lazy\" decoding=\"async\" class=\"size-medium wp-image-94072 alignleft\" src=\"https:\/\/exaudi.org\/wp-content\/uploads\/2024\/02\/cq5dam.web_.800.800-1-1-300x200.jpeg\" alt=\"\" width=\"300\" height=\"200\" srcset=\"https:\/\/exaudi.org\/wp-content\/uploads\/2024\/02\/cq5dam.web_.800.800-1-1-300x200.jpeg 300w, https:\/\/exaudi.org\/wp-content\/uploads\/2024\/02\/cq5dam.web_.800.800-1-1-770x513.jpeg 770w, https:\/\/exaudi.org\/wp-content\/uploads\/2024\/02\/cq5dam.web_.800.800-1-1-360x240.jpeg?crop=1 360w, https:\/\/exaudi.org\/wp-content\/uploads\/2024\/02\/cq5dam.web_.800.800-1-1-500x333.jpeg 500w, https:\/\/exaudi.org\/wp-content\/uploads\/2024\/02\/cq5dam.web_.800.800-1-1-370x247.jpeg 370w, https:\/\/exaudi.org\/wp-content\/uploads\/2024\/02\/cq5dam.web_.800.800-1-1-293x195.jpeg 293w, https:\/\/exaudi.org\/wp-content\/uploads\/2024\/02\/cq5dam.web_.800.800-1-1-120x80.jpeg 120w, https:\/\/exaudi.org\/wp-content\/uploads\/2024\/02\/cq5dam.web_.800.800-1-1-240x160.jpeg 240w, https:\/\/exaudi.org\/wp-content\/uploads\/2024\/02\/cq5dam.web_.800.800-1-1-390x260.jpeg 390w, https:\/\/exaudi.org\/wp-content\/uploads\/2024\/02\/cq5dam.web_.800.800-1-1.jpeg 800w\" sizes=\"auto, (max-width: 300px) 100vw, 300px\" \/>Ante todo, hay que se\u00f1alar que, respecto a la tristeza, los Padres hac\u00edan una distinci\u00f3n importante. Hay, en efecto, una tristeza que conviene a de la vida cristiana, y que con la gracia de Dios se transforma en alegr\u00eda: \u00e9sta, por supuesto, no debe rechazarse y forma parte del camino de conversi\u00f3n. Pero existe tambi\u00e9n un segundo tipo de tristeza que se\u00a0<i>insin\u00faa en el alma y la postra en un estado de abatimiento<\/i>: es este segundo tipo de tristeza el que hay que combatir resueltamente y con todas las fuerzas, porque procede del Maligno. Esta distinci\u00f3n la encontramos tambi\u00e9n en San Pablo, que cuando escribe a los Corintios dice lo siguiente: \u00abLa tristeza que proviene de Dios produce un arrepentimiento que lleva a la salvaci\u00f3n y no se debe lamentar; en cambio, la tristeza del mundo produce la muerte.\u00bb (<i>2 Cor<\/i>\u00a07,10).<\/span><\/p>\n<p><span class=\"medium\">Hay, entonces, una tristeza amiga que nos lleva a la salvaci\u00f3n. Pensemos en el hijo pr\u00f3digo de la par\u00e1bola: cuando toca el fondo de su degeneraci\u00f3n, experimenta una gran amargura, y esto le impulsa a recapacitar y a decidir volver a la casa paterna (cfr.\u00a0<i>Lc<\/i>\u00a015, 11-20). Es una gracia gemir por los propios pecados, recordar el estado de gracia del que hemos ca\u00eddo, llorar porque hemos perdido la pureza con la que Dios nos so\u00f1\u00f3.<\/span><\/p>\n<p><span class=\"medium\"><img loading=\"lazy\" decoding=\"async\" class=\"alignright size-medium wp-image-94075\" src=\"https:\/\/exaudi.org\/wp-content\/uploads\/2024\/02\/cq5dam.web_.800.800-2-1-300x200.jpeg\" alt=\"\" width=\"300\" height=\"200\" srcset=\"https:\/\/exaudi.org\/wp-content\/uploads\/2024\/02\/cq5dam.web_.800.800-2-1-300x200.jpeg 300w, https:\/\/exaudi.org\/wp-content\/uploads\/2024\/02\/cq5dam.web_.800.800-2-1-770x513.jpeg 770w, https:\/\/exaudi.org\/wp-content\/uploads\/2024\/02\/cq5dam.web_.800.800-2-1-360x240.jpeg?crop=1 360w, https:\/\/exaudi.org\/wp-content\/uploads\/2024\/02\/cq5dam.web_.800.800-2-1-500x333.jpeg 500w, https:\/\/exaudi.org\/wp-content\/uploads\/2024\/02\/cq5dam.web_.800.800-2-1-370x247.jpeg 370w, https:\/\/exaudi.org\/wp-content\/uploads\/2024\/02\/cq5dam.web_.800.800-2-1-293x195.jpeg 293w, https:\/\/exaudi.org\/wp-content\/uploads\/2024\/02\/cq5dam.web_.800.800-2-1-120x80.jpeg 120w, https:\/\/exaudi.org\/wp-content\/uploads\/2024\/02\/cq5dam.web_.800.800-2-1-240x160.jpeg 240w, https:\/\/exaudi.org\/wp-content\/uploads\/2024\/02\/cq5dam.web_.800.800-2-1-390x260.jpeg 390w, https:\/\/exaudi.org\/wp-content\/uploads\/2024\/02\/cq5dam.web_.800.800-2-1.jpeg 800w\" sizes=\"auto, (max-width: 300px) 100vw, 300px\" \/>Pero hay una segunda tristeza, que es\u00a0<i>una enfermedad del alma<\/i>. Surge en el coraz\u00f3n humano cuando se desvanece un deseo o una esperanza. Aqu\u00ed podemos referirnos al relato de los disc\u00edpulos de Ema\u00fas. Aquellos dos disc\u00edpulos salen de Jerusal\u00e9n con el coraz\u00f3n desilusionado, y se conf\u00edan al forastero, que en cierto momento los acompa\u00f1a: \u00abNosotros esper\u00e1bamos que fuera \u00e9l \u2013 o sea, Jes\u00fas &#8211; quien librara a Israel.\u00bb (<i>Lc<\/i>\u00a024,21). La din\u00e1mica de la tristeza est\u00e1 ligada a la\u00a0<i>experiencia de la p\u00e9rdida<\/i>. En el coraz\u00f3n del ser humano nacen esperanzas que a veces se ven defraudadas. Pue<\/span>de tratarse del deseo de poseer algo que no se puede conseguir, pero tambi\u00e9n de algo importante, como la p\u00e9rdida de un afecto. Cuando esto sucede, es como si el coraz\u00f3n del ser humano cayera en un precipicio, y los sentimientos que experimenta son des\u00e1nimo, debilidad de esp\u00edritu, depresi\u00f3n, angustia. Todos pasamos por pruebas que nos generan tristeza, porque la vida nos hace concebir sue\u00f1os que luego se hacen a\u00f1icos. En esta situaci\u00f3n, algunos, tras un tiempo de agitaci\u00f3n, se apoyan en la esperanza; pero otros se regodean en la melancol\u00eda, dejando que \u00e9sta se pudra en sus corazones. \u00bfSe siente placer en esto? Ver\u00e1n: la tristeza es como\u00a0<i>el placer del no-placer<\/i>; es como tomar un caramelo amargo, sin az\u00facar, malo, y chupar ese caramelo. La tristeza es\u00a0<i>el placer del no-placer<\/i>.<\/p>\n<div class=\"testo\">\n<div class=\"text parbase vaticanrichtext\">\n<p><span class=\"medium\"><img loading=\"lazy\" decoding=\"async\" class=\"size-medium wp-image-94078 alignleft\" src=\"https:\/\/exaudi.org\/wp-content\/uploads\/2024\/02\/cq5dam.web_.800.800-3-1-300x200.jpeg\" alt=\"\" width=\"300\" height=\"200\" srcset=\"https:\/\/exaudi.org\/wp-content\/uploads\/2024\/02\/cq5dam.web_.800.800-3-1-300x200.jpeg 300w, https:\/\/exaudi.org\/wp-content\/uploads\/2024\/02\/cq5dam.web_.800.800-3-1-770x513.jpeg 770w, https:\/\/exaudi.org\/wp-content\/uploads\/2024\/02\/cq5dam.web_.800.800-3-1-360x240.jpeg?crop=1 360w, https:\/\/exaudi.org\/wp-content\/uploads\/2024\/02\/cq5dam.web_.800.800-3-1-500x333.jpeg 500w, https:\/\/exaudi.org\/wp-content\/uploads\/2024\/02\/cq5dam.web_.800.800-3-1-370x247.jpeg 370w, https:\/\/exaudi.org\/wp-content\/uploads\/2024\/02\/cq5dam.web_.800.800-3-1-293x195.jpeg 293w, https:\/\/exaudi.org\/wp-content\/uploads\/2024\/02\/cq5dam.web_.800.800-3-1-120x80.jpeg 120w, https:\/\/exaudi.org\/wp-content\/uploads\/2024\/02\/cq5dam.web_.800.800-3-1-240x160.jpeg 240w, https:\/\/exaudi.org\/wp-content\/uploads\/2024\/02\/cq5dam.web_.800.800-3-1-390x260.jpeg 390w, https:\/\/exaudi.org\/wp-content\/uploads\/2024\/02\/cq5dam.web_.800.800-3-1.jpeg 800w\" sizes=\"auto, (max-width: 300px) 100vw, 300px\" \/>El monje Evagrio explica que todos los vicios persiguen un placer, por ef\u00edmero que sea, mientras que la tristeza disfruta de lo contrario: del\u00a0<i>adormecerse en una tristeza sin fin.<\/i>\u00a0Ciertos lutos prolongados, en los que una persona sigue agrandando el vac\u00edo de quien ya no est\u00e1, no son propios de la vida en el Esp\u00edritu. Ciertas amarguras resentidas, en las que una persona tiene siempre en mente una reivindicaci\u00f3n que le hace adoptar el papel de v\u00edctima, no producen en nosotros una vida sana, y menos a\u00fan cristiana. Hay algo en el pasado de todos que necesita ser sanado. La tristeza, de ser una emoci\u00f3n natural, puede convertirse en un estado de \u00e1nimo maligno.<\/span><\/p>\n<p><span class=\"medium\">Es un demonio taimado, el de la tristeza. Los padres del desierto la describ\u00edan como un gusano del coraz\u00f3n, que roe y vac\u00eda a quien lo alberga. Esta imagen es buena, nos ayuda a comprender. Entonces, \u00bfqu\u00e9 debo hacer cuando estoy triste? Detenerte y ver: \u00bfesta tristeza es buena? \u00bfNo es una buena tristeza? Y reaccionar seg\u00fan la naturaleza de la tristeza. No se olviden de que la tristeza puede ser algo muy malo que nos lleva al pesimismo, nos lleva a un ego\u00edsmo que dif\u00edcilmente se cura.<\/span><\/p>\n<p><span class=\"medium\">Hermanos y hermanas, debemos tener cuidado con esta tristeza y pensar que Jes\u00fas nos trae la alegr\u00eda de la resurrecci\u00f3n.<\/span><\/p>\n<p><span class=\"medium\">Por muy llena que est\u00e9 la vida de contradicciones, de deseos incumplidos, de sue\u00f1os no realizados, de amistades perdidas, gracias a la resurrecci\u00f3n de Jes\u00fas podemos creer que\u00a0<i>todo se salvar\u00e1<\/i>. Jes\u00fas ha resucitado no s\u00f3lo para s\u00ed mismo, sino tambi\u00e9n para nosotros, a fin de\u00a0<i>rescatar todas las felicidades<\/i>\u00a0que no se han realizado en nuestras vidas. La fe expulsa el miedo, y la resurrecci\u00f3n de Cristo quita la tristeza como la piedra del sepulcro. Cada d\u00eda del cristiano es un ejercicio de resurrecci\u00f3n. Georges Bernanos, en su famosa novela\u00a0<i>Diario de un cura rural<\/i>, hace decir al p\u00e1rroco de Torcy lo siguiente: \u00abLa Iglesia dispone de la alegr\u00eda, de toda esa alegr\u00eda que est\u00e1 reservada a este triste mundo. Lo que han hecho contra ella, lo han hecho contra la alegr\u00eda\u00bb. Y otro escritor franc\u00e9s, Le\u00f3n Bloy, nos dej\u00f3 esta maravillosa frase: \u00abNo hay m\u00e1s que una tristeza, [&#8230;] la de no ser santos\u00bb. Que el Esp\u00edritu de Jes\u00fas resucitado nos ayude a vencer la tristeza con la santidad.<\/span><\/p>\n<p><span class=\"medium\">__________________<\/span><\/p>\n<p><span class=\"medium\"><b>Saludos<\/b><\/span><\/p>\n<p><span class=\"medium\"><img loading=\"lazy\" decoding=\"async\" class=\"alignright size-medium wp-image-94081\" src=\"https:\/\/exaudi.org\/wp-content\/uploads\/2024\/02\/cq5dam.web_.800.800-4-1-300x200.jpeg\" alt=\"\" width=\"300\" height=\"200\" srcset=\"https:\/\/exaudi.org\/wp-content\/uploads\/2024\/02\/cq5dam.web_.800.800-4-1-300x200.jpeg 300w, https:\/\/exaudi.org\/wp-content\/uploads\/2024\/02\/cq5dam.web_.800.800-4-1-770x513.jpeg 770w, https:\/\/exaudi.org\/wp-content\/uploads\/2024\/02\/cq5dam.web_.800.800-4-1-360x240.jpeg?crop=1 360w, https:\/\/exaudi.org\/wp-content\/uploads\/2024\/02\/cq5dam.web_.800.800-4-1-500x333.jpeg 500w, https:\/\/exaudi.org\/wp-content\/uploads\/2024\/02\/cq5dam.web_.800.800-4-1-370x247.jpeg 370w, https:\/\/exaudi.org\/wp-content\/uploads\/2024\/02\/cq5dam.web_.800.800-4-1-293x195.jpeg 293w, https:\/\/exaudi.org\/wp-content\/uploads\/2024\/02\/cq5dam.web_.800.800-4-1-120x80.jpeg 120w, https:\/\/exaudi.org\/wp-content\/uploads\/2024\/02\/cq5dam.web_.800.800-4-1-240x160.jpeg 240w, https:\/\/exaudi.org\/wp-content\/uploads\/2024\/02\/cq5dam.web_.800.800-4-1-390x260.jpeg 390w, https:\/\/exaudi.org\/wp-content\/uploads\/2024\/02\/cq5dam.web_.800.800-4-1.jpeg 800w\" sizes=\"auto, (max-width: 300px) 100vw, 300px\" \/>Saludo cordialmente a los peregrinos de lengua espa\u00f1ola. El pr\u00f3ximo domingo celebramos la Jornada Mundial del Enfermo. Pidamos a Mar\u00eda, Salud de los enfermos, por todos los que sufren, para que sepan poner su confianza en Dios, experimentando la alegr\u00eda de saberse amados por \u00c9l. Que Dios<b>\u00a0<\/b>los bendiga y la Virgen Santa los cuide. Muchas gracias.<\/span><\/p>\n<p><span class=\"medium\"><i>Y no olvidemos las guerras, no olvidemos la atormentada Ucrania, Palestina, Israel, los Rohingya, muchas, muchas guerras que hay por doquier. Recemos por la paz. La guerra es siempre una derrota, siempre. Recemos por la paz. Se necesita la paz.<\/i><\/span><\/p>\n<p><span class=\"medium\">__________________<\/span><\/p>\n<p><span class=\"medium\"><b>Resumen le\u00eddo por le Santo Padre en espa\u00f1ol<\/b><\/span><\/p>\n<p><span class=\"medium\">Queridos hermanos y hermanas:<\/span><\/p>\n<p><span class=\"medium\">En la catequesis de hoy reflexionamos sobre el vicio de la tristeza. Se trata de ese estado de \u00e1nimo que todos llegamos a experimentar en alg\u00fan momento de nuestra vida. Se presenta como un sentimiento de abatimiento y de aflicci\u00f3n constantes, y est\u00e1 ligado a una experiencia de \u201cp\u00e9rdida\u201d de algo o de alguien.<\/span><\/p>\n<p><span class=\"medium\">Podemos distinguir dos tipos de tristeza: por un lado, est\u00e1 la tristeza que lleva a la salvaci\u00f3n si se vive seg\u00fan la fe, porque nos impulsa a mirar nuestro interior, nos inspira el dolor y la amargura de haber pecado, coloc\u00e1ndonos as\u00ed en el camino del arrepentimiento y en la esperanza de recuperar la amistad con Dios. Pero, por otro lado, tenemos otra tristeza<b>,\u00a0<\/b>aquella tristeza que, si nos descuidamos, puede convertirse en una enfermedad del alma; como un gusano que corroe y destruye el coraz\u00f3n. Nos har\u00e1 bien pues combatir esta segunda tristeza \u2014esta enfermedad\u2014 con la fe en la resurrecci\u00f3n de Cristo, que nos colma de esperanza, de gozo y de paz.<\/span><\/p>\n<p><iframe loading=\"lazy\" title=\"Audiencia General - 07 febrero 2024 - Papa Francisco\" width=\"500\" height=\"281\" src=\"https:\/\/www.youtube.com\/embed\/8IR8M4LDKa0?feature=oembed\" frameborder=\"0\" allow=\"accelerometer; autoplay; clipboard-write; encrypted-media; gyroscope; picture-in-picture; web-share\" referrerpolicy=\"strict-origin-when-cross-origin\" allowfullscreen><\/iframe><\/p>\n<p><span class=\"medium\">\u00a0<\/span><\/p>\n<p>&nbsp;<\/p>\n<div class=\"clearfix\"><\/div>\n<\/div>\n<div class=\"content parsys\"><\/div>\n<\/div>\n","protected":false},"excerpt":{"rendered":"<p>Audiencia General<\/p>\n","protected":false},"author":15,"featured_media":94092,"comment_status":"closed","ping_status":"closed","sticky":false,"template":"","format":"standard","meta":{"_acf_changed":false,"_crdt_document":"","inline_featured_image":false,"footnotes":""},"categories":[112,59,68],"tags":[179,182,2419,12823],"class_list":["post-94068","post","type-post","status-publish","format-standard","has-post-thumbnail","hentry","category-audiencia-general","category-featured-news","category-leon-xiv","tag-audiencia-general","tag-catequesis","tag-featured","tag-vicios-y-virtudes-7-la-tristeza"],"acf":[],"yoast_head":"<!-- This site is optimized with the Yoast SEO plugin v27.5 - https:\/\/yoast.com\/product\/yoast-seo-wordpress\/ -->\n<title>El Papa: La tristeza puede convertirse en una enfermedad del alma &#8211; Exaudi<\/title>\n<meta name=\"robots\" content=\"index, follow, max-snippet:-1, max-image-preview:large, max-video-preview:-1\" \/>\n<link rel=\"canonical\" href=\"https:\/\/exaudi.org\/es\/el-papa-la-tristeza-puede-convertirse-en-una-enfermedad-del-alma\/\" \/>\n<meta property=\"og:locale\" content=\"es_ES\" \/>\n<meta property=\"og:type\" content=\"article\" \/>\n<meta property=\"og:title\" content=\"El Papa: La tristeza puede convertirse en una enfermedad del alma &#8211; Exaudi\" \/>\n<meta property=\"og:description\" content=\"Audiencia General\" \/>\n<meta property=\"og:url\" content=\"https:\/\/exaudi.org\/es\/el-papa-la-tristeza-puede-convertirse-en-una-enfermedad-del-alma\/\" \/>\n<meta property=\"og:site_name\" content=\"Exaudi\" \/>\n<meta property=\"article:publisher\" content=\"https:\/\/www.facebook.com\/ExaudiNews\" \/>\n<meta property=\"article:author\" content=\"https:\/\/www.facebook.com\/ExaudiNoticias\/\" \/>\n<meta property=\"article:published_time\" content=\"2024-02-07T14:16:20+00:00\" \/>\n<meta property=\"article:modified_time\" content=\"2024-02-10T08:05:26+00:00\" \/>\n<meta property=\"og:image\" content=\"https:\/\/exaudi.org\/wp-content\/uploads\/2024\/02\/Snapinsta.app_422465758_773062008180669_3043496706062495046_n_1080.jpg\" \/>\n\t<meta property=\"og:image:width\" content=\"1080\" \/>\n\t<meta property=\"og:image:height\" content=\"720\" \/>\n\t<meta property=\"og:image:type\" content=\"image\/jpeg\" \/>\n<meta name=\"author\" content=\"Exaudi Redacci\u00f3n\" \/>\n<meta name=\"twitter:card\" content=\"summary_large_image\" \/>\n<meta name=\"twitter:creator\" content=\"@Exaudi_noticias\" \/>\n<meta name=\"twitter:site\" content=\"@Exaudi_News\" \/>\n<meta name=\"twitter:label1\" content=\"Escrito por\" \/>\n\t<meta name=\"twitter:data1\" content=\"Exaudi Redacci\u00f3n\" \/>\n\t<meta name=\"twitter:label2\" content=\"Tiempo de lectura\" \/>\n\t<meta name=\"twitter:data2\" content=\"7 minutos\" \/>\n<script type=\"application\/ld+json\" class=\"yoast-schema-graph\">{\"@context\":\"https:\\\/\\\/schema.org\",\"@graph\":[{\"@type\":\"Article\",\"@id\":\"https:\\\/\\\/exaudi.org\\\/es\\\/el-papa-la-tristeza-puede-convertirse-en-una-enfermedad-del-alma\\\/#article\",\"isPartOf\":{\"@id\":\"https:\\\/\\\/exaudi.org\\\/es\\\/el-papa-la-tristeza-puede-convertirse-en-una-enfermedad-del-alma\\\/\"},\"author\":{\"name\":\"Exaudi Redacci\u00f3n\",\"@id\":\"https:\\\/\\\/exaudi.org\\\/#\\\/schema\\\/person\\\/f5fc8f063065e38742da7afe15f25df7\"},\"headline\":\"El Papa: La tristeza puede convertirse en una enfermedad del alma\",\"datePublished\":\"2024-02-07T14:16:20+00:00\",\"dateModified\":\"2024-02-10T08:05:26+00:00\",\"mainEntityOfPage\":{\"@id\":\"https:\\\/\\\/exaudi.org\\\/es\\\/el-papa-la-tristeza-puede-convertirse-en-una-enfermedad-del-alma\\\/\"},\"wordCount\":1416,\"image\":{\"@id\":\"https:\\\/\\\/exaudi.org\\\/es\\\/el-papa-la-tristeza-puede-convertirse-en-una-enfermedad-del-alma\\\/#primaryimage\"},\"thumbnailUrl\":\"https:\\\/\\\/exaudi.org\\\/wp-content\\\/uploads\\\/2024\\\/02\\\/Snapinsta.app_422465758_773062008180669_3043496706062495046_n_1080.jpg\",\"keywords\":[\"audiencia general\",\"catequesis\",\"Featured\",\"Vicios y virtudes. 7.\u00a0La tristeza.\"],\"articleSection\":[\"Audiencia General\",\"Featured News\",\"Le\u00f3n XIV\"],\"inLanguage\":\"es\"},{\"@type\":\"WebPage\",\"@id\":\"https:\\\/\\\/exaudi.org\\\/es\\\/el-papa-la-tristeza-puede-convertirse-en-una-enfermedad-del-alma\\\/\",\"url\":\"https:\\\/\\\/exaudi.org\\\/es\\\/el-papa-la-tristeza-puede-convertirse-en-una-enfermedad-del-alma\\\/\",\"name\":\"El Papa: La tristeza puede convertirse en una enfermedad del alma &#8211; Exaudi\",\"isPartOf\":{\"@id\":\"https:\\\/\\\/exaudi.org\\\/#website\"},\"primaryImageOfPage\":{\"@id\":\"https:\\\/\\\/exaudi.org\\\/es\\\/el-papa-la-tristeza-puede-convertirse-en-una-enfermedad-del-alma\\\/#primaryimage\"},\"image\":{\"@id\":\"https:\\\/\\\/exaudi.org\\\/es\\\/el-papa-la-tristeza-puede-convertirse-en-una-enfermedad-del-alma\\\/#primaryimage\"},\"thumbnailUrl\":\"https:\\\/\\\/exaudi.org\\\/wp-content\\\/uploads\\\/2024\\\/02\\\/Snapinsta.app_422465758_773062008180669_3043496706062495046_n_1080.jpg\",\"datePublished\":\"2024-02-07T14:16:20+00:00\",\"dateModified\":\"2024-02-10T08:05:26+00:00\",\"author\":{\"@id\":\"https:\\\/\\\/exaudi.org\\\/#\\\/schema\\\/person\\\/f5fc8f063065e38742da7afe15f25df7\"},\"breadcrumb\":{\"@id\":\"https:\\\/\\\/exaudi.org\\\/es\\\/el-papa-la-tristeza-puede-convertirse-en-una-enfermedad-del-alma\\\/#breadcrumb\"},\"inLanguage\":\"es\",\"potentialAction\":[{\"@type\":\"ReadAction\",\"target\":[\"https:\\\/\\\/exaudi.org\\\/es\\\/el-papa-la-tristeza-puede-convertirse-en-una-enfermedad-del-alma\\\/\"]}]},{\"@type\":\"ImageObject\",\"inLanguage\":\"es\",\"@id\":\"https:\\\/\\\/exaudi.org\\\/es\\\/el-papa-la-tristeza-puede-convertirse-en-una-enfermedad-del-alma\\\/#primaryimage\",\"url\":\"https:\\\/\\\/exaudi.org\\\/wp-content\\\/uploads\\\/2024\\\/02\\\/Snapinsta.app_422465758_773062008180669_3043496706062495046_n_1080.jpg\",\"contentUrl\":\"https:\\\/\\\/exaudi.org\\\/wp-content\\\/uploads\\\/2024\\\/02\\\/Snapinsta.app_422465758_773062008180669_3043496706062495046_n_1080.jpg\",\"width\":1080,\"height\":720,\"caption\":\"Vatican Media\"},{\"@type\":\"BreadcrumbList\",\"@id\":\"https:\\\/\\\/exaudi.org\\\/es\\\/el-papa-la-tristeza-puede-convertirse-en-una-enfermedad-del-alma\\\/#breadcrumb\",\"itemListElement\":[{\"@type\":\"ListItem\",\"position\":1,\"name\":\"Portada\",\"item\":\"https:\\\/\\\/exaudi.org\\\/es\\\/\"},{\"@type\":\"ListItem\",\"position\":2,\"name\":\"El Papa: La tristeza puede convertirse en una enfermedad del alma\"}]},{\"@type\":\"WebSite\",\"@id\":\"https:\\\/\\\/exaudi.org\\\/#website\",\"url\":\"https:\\\/\\\/exaudi.org\\\/\",\"name\":\"Exaudi\",\"description\":\"News\",\"potentialAction\":[{\"@type\":\"SearchAction\",\"target\":{\"@type\":\"EntryPoint\",\"urlTemplate\":\"https:\\\/\\\/exaudi.org\\\/?s={search_term_string}\"},\"query-input\":{\"@type\":\"PropertyValueSpecification\",\"valueRequired\":true,\"valueName\":\"search_term_string\"}}],\"inLanguage\":\"es\"},{\"@type\":\"Person\",\"@id\":\"https:\\\/\\\/exaudi.org\\\/#\\\/schema\\\/person\\\/f5fc8f063065e38742da7afe15f25df7\",\"name\":\"Exaudi Redacci\u00f3n\",\"image\":{\"@type\":\"ImageObject\",\"inLanguage\":\"es\",\"@id\":\"https:\\\/\\\/secure.gravatar.com\\\/avatar\\\/fe0f6a059fb68d9b3e11bc5850dd4899b1c7492091a3cb6dd9b01b56ad828be2?s=96&d=mm&r=g\",\"url\":\"https:\\\/\\\/secure.gravatar.com\\\/avatar\\\/fe0f6a059fb68d9b3e11bc5850dd4899b1c7492091a3cb6dd9b01b56ad828be2?s=96&d=mm&r=g\",\"contentUrl\":\"https:\\\/\\\/secure.gravatar.com\\\/avatar\\\/fe0f6a059fb68d9b3e11bc5850dd4899b1c7492091a3cb6dd9b01b56ad828be2?s=96&d=mm&r=g\",\"caption\":\"Exaudi Redacci\u00f3n\"},\"description\":\"\u00bfQu\u00e9 es Exaudi News? Exaudi News es un medio de comunicaci\u00f3n cat\u00f3lico internacional que informa, forma y transforma, diariamente en espa\u00f1ol, ingl\u00e9s e italiano. A trav\u00e9s de noticias, art\u00edculos de an\u00e1lisis y transmisiones en directo de los eventos del Papa, Exaudi busca fortalecer la unidad de los cristianos y contribuir a la evangelizaci\u00f3n del mundo, siempre guiados por la doctrina social de la Iglesia. Trabajamos para acercar la verdad y los valores cristianos a cada rinc\u00f3n del planeta. \u00a1Ay\u00fadanos a transformar el mundo con Exaudi! En Exaudi creemos que la evangelizaci\u00f3n y la informaci\u00f3n de calidad pueden cambiar vidas. Para continuar con nuestra misi\u00f3n y expandir nuestro alcance, necesitamos tu ayuda. Adem\u00e1s, buscamos personas comprometidas que deseen unirse a nuestro equipo. Con tu apoyo, lograremos llegar a m\u00e1s personas, difundir el mensaje de Cristo y reforzar la unidad de los cristianos. \u00bfTe unes a nuestra misi\u00f3n? Para m\u00e1s informaci\u00f3n sobre c\u00f3mo colaborar, visita Exaudi.org\\\/es o cont\u00e1ctanos directamente: info@exaudi.org Exaudi: Informa, forma y transforma.\",\"sameAs\":[\"https:\\\/\\\/www.facebook.com\\\/ExaudiNoticias\\\/\",\"https:\\\/\\\/www.instagram.com\\\/exaudi_noticias\\\/\",\"https:\\\/\\\/x.com\\\/Exaudi_noticias\",\"https:\\\/\\\/www.youtube.com\\\/@exaudicatholicnews\"],\"url\":\"https:\\\/\\\/exaudi.org\\\/es\\\/author\\\/redaccionexaudi\\\/\"}]}<\/script>\n<!-- \/ Yoast SEO plugin. -->","yoast_head_json":{"title":"El Papa: La tristeza puede convertirse en una enfermedad del alma &#8211; Exaudi","robots":{"index":"index","follow":"follow","max-snippet":"max-snippet:-1","max-image-preview":"max-image-preview:large","max-video-preview":"max-video-preview:-1"},"canonical":"https:\/\/exaudi.org\/es\/el-papa-la-tristeza-puede-convertirse-en-una-enfermedad-del-alma\/","og_locale":"es_ES","og_type":"article","og_title":"El Papa: La tristeza puede convertirse en una enfermedad del alma &#8211; Exaudi","og_description":"Audiencia General","og_url":"https:\/\/exaudi.org\/es\/el-papa-la-tristeza-puede-convertirse-en-una-enfermedad-del-alma\/","og_site_name":"Exaudi","article_publisher":"https:\/\/www.facebook.com\/ExaudiNews","article_author":"https:\/\/www.facebook.com\/ExaudiNoticias\/","article_published_time":"2024-02-07T14:16:20+00:00","article_modified_time":"2024-02-10T08:05:26+00:00","og_image":[{"width":1080,"height":720,"url":"https:\/\/exaudi.org\/wp-content\/uploads\/2024\/02\/Snapinsta.app_422465758_773062008180669_3043496706062495046_n_1080.jpg","type":"image\/jpeg"}],"author":"Exaudi Redacci\u00f3n","twitter_card":"summary_large_image","twitter_creator":"@Exaudi_noticias","twitter_site":"@Exaudi_News","twitter_misc":{"Escrito por":"Exaudi Redacci\u00f3n","Tiempo de lectura":"7 minutos"},"schema":{"@context":"https:\/\/schema.org","@graph":[{"@type":"Article","@id":"https:\/\/exaudi.org\/es\/el-papa-la-tristeza-puede-convertirse-en-una-enfermedad-del-alma\/#article","isPartOf":{"@id":"https:\/\/exaudi.org\/es\/el-papa-la-tristeza-puede-convertirse-en-una-enfermedad-del-alma\/"},"author":{"name":"Exaudi Redacci\u00f3n","@id":"https:\/\/exaudi.org\/#\/schema\/person\/f5fc8f063065e38742da7afe15f25df7"},"headline":"El Papa: La tristeza puede convertirse en una enfermedad del alma","datePublished":"2024-02-07T14:16:20+00:00","dateModified":"2024-02-10T08:05:26+00:00","mainEntityOfPage":{"@id":"https:\/\/exaudi.org\/es\/el-papa-la-tristeza-puede-convertirse-en-una-enfermedad-del-alma\/"},"wordCount":1416,"image":{"@id":"https:\/\/exaudi.org\/es\/el-papa-la-tristeza-puede-convertirse-en-una-enfermedad-del-alma\/#primaryimage"},"thumbnailUrl":"https:\/\/exaudi.org\/wp-content\/uploads\/2024\/02\/Snapinsta.app_422465758_773062008180669_3043496706062495046_n_1080.jpg","keywords":["audiencia general","catequesis","Featured","Vicios y virtudes. 7.\u00a0La tristeza."],"articleSection":["Audiencia General","Featured News","Le\u00f3n XIV"],"inLanguage":"es"},{"@type":"WebPage","@id":"https:\/\/exaudi.org\/es\/el-papa-la-tristeza-puede-convertirse-en-una-enfermedad-del-alma\/","url":"https:\/\/exaudi.org\/es\/el-papa-la-tristeza-puede-convertirse-en-una-enfermedad-del-alma\/","name":"El Papa: La tristeza puede convertirse en una enfermedad del alma &#8211; Exaudi","isPartOf":{"@id":"https:\/\/exaudi.org\/#website"},"primaryImageOfPage":{"@id":"https:\/\/exaudi.org\/es\/el-papa-la-tristeza-puede-convertirse-en-una-enfermedad-del-alma\/#primaryimage"},"image":{"@id":"https:\/\/exaudi.org\/es\/el-papa-la-tristeza-puede-convertirse-en-una-enfermedad-del-alma\/#primaryimage"},"thumbnailUrl":"https:\/\/exaudi.org\/wp-content\/uploads\/2024\/02\/Snapinsta.app_422465758_773062008180669_3043496706062495046_n_1080.jpg","datePublished":"2024-02-07T14:16:20+00:00","dateModified":"2024-02-10T08:05:26+00:00","author":{"@id":"https:\/\/exaudi.org\/#\/schema\/person\/f5fc8f063065e38742da7afe15f25df7"},"breadcrumb":{"@id":"https:\/\/exaudi.org\/es\/el-papa-la-tristeza-puede-convertirse-en-una-enfermedad-del-alma\/#breadcrumb"},"inLanguage":"es","potentialAction":[{"@type":"ReadAction","target":["https:\/\/exaudi.org\/es\/el-papa-la-tristeza-puede-convertirse-en-una-enfermedad-del-alma\/"]}]},{"@type":"ImageObject","inLanguage":"es","@id":"https:\/\/exaudi.org\/es\/el-papa-la-tristeza-puede-convertirse-en-una-enfermedad-del-alma\/#primaryimage","url":"https:\/\/exaudi.org\/wp-content\/uploads\/2024\/02\/Snapinsta.app_422465758_773062008180669_3043496706062495046_n_1080.jpg","contentUrl":"https:\/\/exaudi.org\/wp-content\/uploads\/2024\/02\/Snapinsta.app_422465758_773062008180669_3043496706062495046_n_1080.jpg","width":1080,"height":720,"caption":"Vatican Media"},{"@type":"BreadcrumbList","@id":"https:\/\/exaudi.org\/es\/el-papa-la-tristeza-puede-convertirse-en-una-enfermedad-del-alma\/#breadcrumb","itemListElement":[{"@type":"ListItem","position":1,"name":"Portada","item":"https:\/\/exaudi.org\/es\/"},{"@type":"ListItem","position":2,"name":"El Papa: La tristeza puede convertirse en una enfermedad del alma"}]},{"@type":"WebSite","@id":"https:\/\/exaudi.org\/#website","url":"https:\/\/exaudi.org\/","name":"Exaudi","description":"News","potentialAction":[{"@type":"SearchAction","target":{"@type":"EntryPoint","urlTemplate":"https:\/\/exaudi.org\/?s={search_term_string}"},"query-input":{"@type":"PropertyValueSpecification","valueRequired":true,"valueName":"search_term_string"}}],"inLanguage":"es"},{"@type":"Person","@id":"https:\/\/exaudi.org\/#\/schema\/person\/f5fc8f063065e38742da7afe15f25df7","name":"Exaudi Redacci\u00f3n","image":{"@type":"ImageObject","inLanguage":"es","@id":"https:\/\/secure.gravatar.com\/avatar\/fe0f6a059fb68d9b3e11bc5850dd4899b1c7492091a3cb6dd9b01b56ad828be2?s=96&d=mm&r=g","url":"https:\/\/secure.gravatar.com\/avatar\/fe0f6a059fb68d9b3e11bc5850dd4899b1c7492091a3cb6dd9b01b56ad828be2?s=96&d=mm&r=g","contentUrl":"https:\/\/secure.gravatar.com\/avatar\/fe0f6a059fb68d9b3e11bc5850dd4899b1c7492091a3cb6dd9b01b56ad828be2?s=96&d=mm&r=g","caption":"Exaudi Redacci\u00f3n"},"description":"\u00bfQu\u00e9 es Exaudi News? Exaudi News es un medio de comunicaci\u00f3n cat\u00f3lico internacional que informa, forma y transforma, diariamente en espa\u00f1ol, ingl\u00e9s e italiano. A trav\u00e9s de noticias, art\u00edculos de an\u00e1lisis y transmisiones en directo de los eventos del Papa, Exaudi busca fortalecer la unidad de los cristianos y contribuir a la evangelizaci\u00f3n del mundo, siempre guiados por la doctrina social de la Iglesia. Trabajamos para acercar la verdad y los valores cristianos a cada rinc\u00f3n del planeta. \u00a1Ay\u00fadanos a transformar el mundo con Exaudi! En Exaudi creemos que la evangelizaci\u00f3n y la informaci\u00f3n de calidad pueden cambiar vidas. Para continuar con nuestra misi\u00f3n y expandir nuestro alcance, necesitamos tu ayuda. Adem\u00e1s, buscamos personas comprometidas que deseen unirse a nuestro equipo. Con tu apoyo, lograremos llegar a m\u00e1s personas, difundir el mensaje de Cristo y reforzar la unidad de los cristianos. \u00bfTe unes a nuestra misi\u00f3n? Para m\u00e1s informaci\u00f3n sobre c\u00f3mo colaborar, visita Exaudi.org\/es o cont\u00e1ctanos directamente: info@exaudi.org Exaudi: Informa, forma y transforma.","sameAs":["https:\/\/www.facebook.com\/ExaudiNoticias\/","https:\/\/www.instagram.com\/exaudi_noticias\/","https:\/\/x.com\/Exaudi_noticias","https:\/\/www.youtube.com\/@exaudicatholicnews"],"url":"https:\/\/exaudi.org\/es\/author\/redaccionexaudi\/"}]}},"jetpack_featured_media_url":"https:\/\/exaudi.org\/wp-content\/uploads\/2024\/02\/Snapinsta.app_422465758_773062008180669_3043496706062495046_n_1080.jpg","jetpack_shortlink":"https:\/\/wp.me\/pgKjF2-ote","_links":{"self":[{"href":"https:\/\/exaudi.org\/es\/wp-json\/wp\/v2\/posts\/94068","targetHints":{"allow":["GET"]}}],"collection":[{"href":"https:\/\/exaudi.org\/es\/wp-json\/wp\/v2\/posts"}],"about":[{"href":"https:\/\/exaudi.org\/es\/wp-json\/wp\/v2\/types\/post"}],"author":[{"embeddable":true,"href":"https:\/\/exaudi.org\/es\/wp-json\/wp\/v2\/users\/15"}],"replies":[{"embeddable":true,"href":"https:\/\/exaudi.org\/es\/wp-json\/wp\/v2\/comments?post=94068"}],"version-history":[{"count":0,"href":"https:\/\/exaudi.org\/es\/wp-json\/wp\/v2\/posts\/94068\/revisions"}],"wp:featuredmedia":[{"embeddable":true,"href":"https:\/\/exaudi.org\/es\/wp-json\/wp\/v2\/media\/94092"}],"wp:attachment":[{"href":"https:\/\/exaudi.org\/es\/wp-json\/wp\/v2\/media?parent=94068"}],"wp:term":[{"taxonomy":"category","embeddable":true,"href":"https:\/\/exaudi.org\/es\/wp-json\/wp\/v2\/categories?post=94068"},{"taxonomy":"post_tag","embeddable":true,"href":"https:\/\/exaudi.org\/es\/wp-json\/wp\/v2\/tags?post=94068"}],"curies":[{"name":"wp","href":"https:\/\/api.w.org\/{rel}","templated":true}]}}