{"id":93741,"date":"2024-02-03T08:46:33","date_gmt":"2024-02-03T07:46:33","guid":{"rendered":"https:\/\/exaudi.org\/?p=93741"},"modified":"2024-02-04T15:34:30","modified_gmt":"2024-02-04T14:34:30","slug":"el-papa-esperar-en-el-senor-una-llamada-a-la-paciencia-y-a-la-fe","status":"publish","type":"post","link":"https:\/\/exaudi.org\/es\/el-papa-esperar-en-el-senor-una-llamada-a-la-paciencia-y-a-la-fe\/","title":{"rendered":"El Papa: Esperar en el Se\u00f1or: una llamada a la paciencia y a la fe"},"content":{"rendered":"<p>A las 17.30 horas de esta tarde, viernes 2 de febrero de 2024, Fiesta de la Presentaci\u00f3n del Se\u00f1or y XXVIII Jornada Mundial de la Vida Consagrada, el Santo Padre Francisco ha celebrado la Santa Misa en la Bas\u00edlica Vaticana.<\/p>\n<p>Concelebraron con el Santo Padre Cardenales, Obispos y Sacerdotes pertenecientes a \u00d3rdenes, Congregaciones e Institutos Religiosos.<\/p>\n<p>El rito se abri\u00f3 con la bendici\u00f3n de las velas y la procesi\u00f3n y continu\u00f3 con la celebraci\u00f3n eucar\u00edstica.<\/p>\n<p>Publicamos a continuaci\u00f3n el texto de la homil\u00eda que el Papa pronunci\u00f3 tras la proclamaci\u00f3n del Santo Evangelio:<\/p>\n<p>***<\/p>\n<h3><strong>Homil\u00eda del Papa<\/strong><\/h3>\n<div class=\"testo\">\n<div class=\"text parbase vaticanrichtext\">\n<p>Mientras el pueblo esperaba la salvaci\u00f3n del Se\u00f1or, los profetas anunciaban su venida, como afirmaba el profeta Malaqu\u00edas: \u00abentrar\u00e1 en su Templo el Se\u00f1or que ustedes buscan; y el \u00c1ngel de la alianza que ustedes desean ya viene, dice el Se\u00f1or de los ej\u00e9rcitos\u00bb (3,1). Sime\u00f3n y Ana son imagen y figura de esta espera. Ellos ven al Se\u00f1or entrar en su templo e, iluminados por el Esp\u00edritu Santo, lo reconocen en el Ni\u00f1o que Mar\u00eda lleva en brazos. Llevaban toda la vida esper\u00e1ndolo: Sime\u00f3n, \u00abque era justo y piadoso, y esperaba el consuelo de Israel\u00bb (<i>Lc<\/i>\u00a02,25); Ana, que \u00abno se apartaba del Templo\u00bb (<i>Lc\u00a0<\/i>2,37).<\/p>\n<p>Nos hace bien mirar a estos dos ancianos pacientes en la espera, vigilantes en el esp\u00edritu y perseverantes en la oraci\u00f3n. Sus corazones permanecen velando, como una antorcha siempre encendida. Son de edad avanzada, pero tienen la juventud del coraz\u00f3n; no se dejan consumir por los d\u00edas que pasan porque sus ojos permanecen fijos en Dios, en la espera (cf.\u00a0<i>Sal<\/i>\u00a0145,15). Fijos en el Se\u00f1or, en la espera, siempre en la espera. A lo largo del camino de la vida experimentaron dificultades y decepciones, pero no se rindieron al derrotismo: no \u201cjubilaron\u201d la esperanza. Y as\u00ed, contemplando al Ni\u00f1o, reconocieron que se hab\u00eda cumplido el tiempo, la profec\u00eda se hab\u00eda hecho realidad, hab\u00eda llegado Aquel a quien buscaban y por quien suspiraban, el Mes\u00edas de las naciones. Habiendo mantenido despierta la espera del Se\u00f1or, se hicieron capaces de acogerlo en la novedad de su venida.<\/p>\n<figure id=\"attachment_93737\" aria-describedby=\"caption-attachment-93737\" style=\"width: 300px\" class=\"wp-caption alignright\"><img loading=\"lazy\" decoding=\"async\" class=\"size-medium wp-image-93737\" src=\"https:\/\/exaudi.org\/wp-content\/uploads\/2024\/02\/1-300x200.jpg\" alt=\"\" width=\"300\" height=\"200\" srcset=\"https:\/\/exaudi.org\/wp-content\/uploads\/2024\/02\/1-300x200.jpg 300w, https:\/\/exaudi.org\/wp-content\/uploads\/2024\/02\/1-770x513.jpg 770w, https:\/\/exaudi.org\/wp-content\/uploads\/2024\/02\/1-360x240.jpg?crop=1 360w, https:\/\/exaudi.org\/wp-content\/uploads\/2024\/02\/1-500x333.jpg 500w, https:\/\/exaudi.org\/wp-content\/uploads\/2024\/02\/1-370x247.jpg 370w, https:\/\/exaudi.org\/wp-content\/uploads\/2024\/02\/1-293x195.jpg 293w, https:\/\/exaudi.org\/wp-content\/uploads\/2024\/02\/1-120x80.jpg 120w, https:\/\/exaudi.org\/wp-content\/uploads\/2024\/02\/1-240x160.jpg 240w, https:\/\/exaudi.org\/wp-content\/uploads\/2024\/02\/1-390x260.jpg 390w, https:\/\/exaudi.org\/wp-content\/uploads\/2024\/02\/1.jpg 800w\" sizes=\"auto, (max-width: 300px) 100vw, 300px\" \/><figcaption id=\"caption-attachment-93737\" class=\"wp-caption-text\">Vatican Media<\/figcaption><\/figure>\n<p>Hermanos y hermanas,\u00a0<i>la espera de Dios<\/i>\u00a0tambi\u00e9n es importante para nosotros, para nuestro camino de fe. Cada d\u00eda el Se\u00f1or nos visita, nos habla, se revela de maneras inesperadas y, al final de la vida y de los tiempos, vendr\u00e1. Por eso \u00c9l mismo nos exhorta a permanecer despiertos, a estar vigilantes, a perseverar en la espera. Lo peor que nos puede ocurrir, en efecto, es caer en el \u201csue\u00f1o del esp\u00edritu\u201d: dejar adormecer el coraz\u00f3n, anestesiar el alma, almacenar la esperanza en los rincones oscuros de la decepci\u00f3n y la resignaci\u00f3n.<\/p>\n<p>Pienso en ustedes, hermanas y hermanos consagrados, y en el don que representan; pienso en cada uno de nosotros, los cristianos de hoy: \u00bfsomos todav\u00eda capaces de vivir la espera? \u00bfNo estamos a veces demasiado atrapados en nosotros mismos, en las cosas y en los ritmos intensos de cada d\u00eda, hasta el punto de olvidarnos de Dios que siempre viene? \u00bfNo estamos demasiado embelesados por nuestras buenas obras, corriendo incluso el riesgo de convertir la vida religiosa y cristiana en las \u201cmuchas cosas que hacer\u201d y de descuidar la b\u00fasqueda cotidiana del Se\u00f1or? \u00bfNo corremos a veces el peligro de programar nuestra vida personal y la vida comunitaria sobre el c\u00e1lculo de las posibilidades de \u00e9xito, en lugar de cultivar con alegr\u00eda y humildad la peque\u00f1a semilla que se nos conf\u00eda, con la paciencia de quien siembra sin esperar nada, y de quien sabe esperar los tiempos y las sorpresas de Dios? A veces \u2014hay que reconocerlo\u2014 hemos perdido esta\u00a0<i>capacidad de esperar<\/i>. Esto se debe a diversos obst\u00e1culos, y de entre ellos quisiera destacar dos.<\/p>\n<p>El primer obst\u00e1culo que nos hace perder la capacidad de esperar es el\u00a0<i>descuido de la vida interior<\/i>. Es lo que ocurre cuando el cansancio prevalece sobre el asombro, cuando la costumbre sustituye al entusiasmo, cuando perdemos la perseverancia en el camino espiritual, cuando las experiencias negativas, los conflictos o los frutos, que parecen retrasarse, nos convierten en\u00a0<i>personas amargadas y resentidas<\/i>. No es bueno masticar amargura, porque en una familia religiosa -\u2014como en cualquier comunidad y familia\u2014 las personas amargadas y con \u201ccara sombr\u00eda\u201d hacen pesado el ambiente; estas personas que parecer tener vinagre en el coraz\u00f3n. Es necesario entonces recuperar la gracia perdida, es decir, volver atr\u00e1s y, mediante una intensa vida interior, retornar al esp\u00edritu de humildad gozosa y de gratitud silenciosa. Y esto se alimenta con la adoraci\u00f3n, con el empe\u00f1o de las rodillas y del coraz\u00f3n, con la oraci\u00f3n concreta que combate e intercede, que es capaz de avivar el deseo de Dios, el amor de anta\u00f1o, el asombro del primer d\u00eda, el sabor de la espera.<\/p>\n<p><img loading=\"lazy\" decoding=\"async\" class=\"size-medium wp-image-93749 alignleft\" src=\"https:\/\/exaudi.org\/wp-content\/uploads\/2024\/02\/cq5dam.web_.800.800-20-300x200.jpeg\" alt=\"\" width=\"300\" height=\"200\" srcset=\"https:\/\/exaudi.org\/wp-content\/uploads\/2024\/02\/cq5dam.web_.800.800-20-300x200.jpeg 300w, https:\/\/exaudi.org\/wp-content\/uploads\/2024\/02\/cq5dam.web_.800.800-20-770x513.jpeg 770w, https:\/\/exaudi.org\/wp-content\/uploads\/2024\/02\/cq5dam.web_.800.800-20-360x240.jpeg?crop=1 360w, https:\/\/exaudi.org\/wp-content\/uploads\/2024\/02\/cq5dam.web_.800.800-20-500x333.jpeg 500w, https:\/\/exaudi.org\/wp-content\/uploads\/2024\/02\/cq5dam.web_.800.800-20-370x247.jpeg 370w, https:\/\/exaudi.org\/wp-content\/uploads\/2024\/02\/cq5dam.web_.800.800-20-293x195.jpeg 293w, https:\/\/exaudi.org\/wp-content\/uploads\/2024\/02\/cq5dam.web_.800.800-20-120x80.jpeg 120w, https:\/\/exaudi.org\/wp-content\/uploads\/2024\/02\/cq5dam.web_.800.800-20-240x160.jpeg 240w, https:\/\/exaudi.org\/wp-content\/uploads\/2024\/02\/cq5dam.web_.800.800-20-390x260.jpeg 390w, https:\/\/exaudi.org\/wp-content\/uploads\/2024\/02\/cq5dam.web_.800.800-20.jpeg 800w\" sizes=\"auto, (max-width: 300px) 100vw, 300px\" \/>El segundo obst\u00e1culo es\u00a0<i>la adaptaci\u00f3n al estilo del mundo<\/i>, que acaba ocupando el lugar del Evangelio. Y el nuestro es un mundo que a menudo corre a gran velocidad, que exalta el \u201ctodo y ahora\u201d, que se consume en el activismo y en el buscar exorcizar los miedos y las ansiedades de la vida en los templos paganos del consumismo o en la b\u00fasqueda de diversi\u00f3n a toda costa. En un contexto as\u00ed, en el que se destierra y se pierde el silencio, esperar no es f\u00e1cil, porque requiere una actitud de sana pasividad, la valent\u00eda de bajar el ritmo, de no dejarnos abrumar por las actividades, de dejar espacio en nuestro interior a la acci\u00f3n de Dios, como ense\u00f1a la m\u00edstica cristiana. Cuidemos, pues, de que el esp\u00edritu del mundo no entre en nuestras comunidades religiosas, en la vida de la Iglesia y en el camino de cada uno de nosotros, pues de lo contrario no daremos fruto. La vida cristiana y la misi\u00f3n apost\u00f3lica necesitan de la espera, madurada en la oraci\u00f3n y en la fidelidad cotidiana, para liberarnos del mito de la eficiencia, de la obsesi\u00f3n por la productividad y, sobre todo, de la pretensi\u00f3n de encerrar a Dios en nuestras categor\u00edas, porque \u00c9l viene siempre de manera imprevisible, viene siempre en tiempos que no son los nuestros y de formas que no son las que esperamos.<\/p>\n<p><img loading=\"lazy\" decoding=\"async\" class=\"alignright size-medium wp-image-93745\" src=\"https:\/\/exaudi.org\/wp-content\/uploads\/2024\/02\/cq5dam.web_.800.800-19-300x200.jpeg\" alt=\"\" width=\"300\" height=\"200\" srcset=\"https:\/\/exaudi.org\/wp-content\/uploads\/2024\/02\/cq5dam.web_.800.800-19-300x200.jpeg 300w, https:\/\/exaudi.org\/wp-content\/uploads\/2024\/02\/cq5dam.web_.800.800-19-770x513.jpeg 770w, https:\/\/exaudi.org\/wp-content\/uploads\/2024\/02\/cq5dam.web_.800.800-19-360x240.jpeg?crop=1 360w, https:\/\/exaudi.org\/wp-content\/uploads\/2024\/02\/cq5dam.web_.800.800-19-500x333.jpeg 500w, https:\/\/exaudi.org\/wp-content\/uploads\/2024\/02\/cq5dam.web_.800.800-19-370x247.jpeg 370w, https:\/\/exaudi.org\/wp-content\/uploads\/2024\/02\/cq5dam.web_.800.800-19-293x195.jpeg 293w, https:\/\/exaudi.org\/wp-content\/uploads\/2024\/02\/cq5dam.web_.800.800-19-120x80.jpeg 120w, https:\/\/exaudi.org\/wp-content\/uploads\/2024\/02\/cq5dam.web_.800.800-19-240x160.jpeg 240w, https:\/\/exaudi.org\/wp-content\/uploads\/2024\/02\/cq5dam.web_.800.800-19-390x260.jpeg 390w, https:\/\/exaudi.org\/wp-content\/uploads\/2024\/02\/cq5dam.web_.800.800-19.jpeg 800w\" sizes=\"auto, (max-width: 300px) 100vw, 300px\" \/>Como afirma la m\u00edstica y fil\u00f3sofa francesa Simone Weil, somos la esposa que espera en la noche la llegada del esposo, y \u00abel papel de la futura esposa es esperar [&#8230;]. Desear a Dios y renunciar a todo lo dem\u00e1s es lo \u00fanico que salva\u00bb (S. Weil,\u00a0<i>A la espera de Dios<\/i>, Madrid 1996, 125-126). Hermanas, hermanos, cultivemos en la oraci\u00f3n la espera del Se\u00f1or y aprendamos la buena \u201cpasividad del Esp\u00edritu\u201d: as\u00ed podremos abrirnos a la novedad de Dios.<\/p>\n<p>Como Sime\u00f3n, tambi\u00e9n nosotros carguemos en brazos al Ni\u00f1o, al Dios de la novedad y de las sorpresas. Cuando acogemos al Se\u00f1or, el pasado se abre al futuro, lo viejo en nosotros se abre a lo nuevo que \u00c9l hace nacer. No es f\u00e1cil \u2014lo sabemos\u2014 porque, en la vida religiosa como en la vida de todo cristiano, es dif\u00edcil oponerse a la \u201cfuerza de lo viejo\u201d: \u00abporque no es f\u00e1cil que lo viejo que hay en nosotros acoja a lo nuevo \u2014acoger lo nuevo, acogerlo en nuestra vejez\u2014 [&#8230;]. La novedad de Dios se presenta como un ni\u00f1o y nosotros, con todos nuestros h\u00e1bitos, miedos, temores, envidias \u2014pensemos en las envidas\u2014, preocupaciones, nos hallamos frente a este ni\u00f1o. \u00bfLe abrazaremos, le acogeremos, le haremos espacio? \u00bfEntrar\u00e1 esta novedad de veras en nuestra vida, o m\u00e1s bien intentaremos casar lo viejo y lo nuevo, tratando que la presencia de la novedad de Dios nos moleste lo menos posible?\u00bb. (C.M. Martini,\u00a0<i>Meditaciones sobre la oraci\u00f3n<\/i>, Madrid 2011, 32).<\/p>\n<p>Hermanos y hermanas, estas preguntas son para nosotros, para cada uno de nosotros, son para nuestras comunidades, son para la Iglesia. Dej\u00e9monos interpelar, dej\u00e9monos mover por el Esp\u00edritu, como Sime\u00f3n y Ana. Si como ellos sabremos vivir la espera en el cuidado de la vida interior y en coherencia con el estilo del Evangelio, si como ellos viviremos la espera, entonces abrazaremos a Jes\u00fas, que es luz y esperanza de la vida.<\/p>\n<p><iframe loading=\"lazy\" title=\"Santa Misa - XXVIII Jornada Mundial de la Vida Consagrada - 02 febrero 2024\" width=\"500\" height=\"281\" src=\"https:\/\/www.youtube.com\/embed\/QmgZN0uGRNc?feature=oembed\" frameborder=\"0\" allow=\"accelerometer; autoplay; clipboard-write; encrypted-media; gyroscope; picture-in-picture; web-share\" referrerpolicy=\"strict-origin-when-cross-origin\" allowfullscreen><\/iframe><\/p>\n<div class=\"clearfix\"><\/div>\n<\/div>\n<div class=\"content parsys\"><\/div>\n<\/div>\n<hr \/>\n","protected":false},"excerpt":{"rendered":"<p>XXVIII Jornada Mundial de la Vida Consagrada<\/p>\n","protected":false},"author":15,"featured_media":93742,"comment_status":"closed","ping_status":"closed","sticky":false,"template":"","format":"standard","meta":{"_acf_changed":false,"_crdt_document":"","inline_featured_image":false,"footnotes":""},"categories":[114,68],"tags":[173,177,178,4953,9779,12705],"class_list":["post-93741","post","type-post","status-publish","format-standard","has-post-thumbnail","hentry","category-homilias","category-leon-xiv","tag-homilia","tag-misa","tag-presentacion-del-senor","tag-trending-es","tag-vida-consagrada","tag-xxviii-jornada-mundial"],"acf":[],"yoast_head":"<!-- This site is optimized with the Yoast SEO plugin v27.5 - https:\/\/yoast.com\/product\/yoast-seo-wordpress\/ -->\n<title>El Papa: Esperar en el Se\u00f1or: una llamada a la paciencia y a la fe &#8211; Exaudi<\/title>\n<meta name=\"robots\" content=\"index, follow, max-snippet:-1, max-image-preview:large, max-video-preview:-1\" \/>\n<link rel=\"canonical\" href=\"https:\/\/exaudi.org\/es\/el-papa-esperar-en-el-senor-una-llamada-a-la-paciencia-y-a-la-fe\/\" \/>\n<meta property=\"og:locale\" content=\"es_ES\" \/>\n<meta property=\"og:type\" content=\"article\" \/>\n<meta property=\"og:title\" content=\"El Papa: Esperar en el Se\u00f1or: una llamada a la paciencia y a la fe &#8211; Exaudi\" \/>\n<meta property=\"og:description\" content=\"XXVIII Jornada Mundial de la Vida Consagrada\" \/>\n<meta property=\"og:url\" content=\"https:\/\/exaudi.org\/es\/el-papa-esperar-en-el-senor-una-llamada-a-la-paciencia-y-a-la-fe\/\" \/>\n<meta property=\"og:site_name\" content=\"Exaudi\" \/>\n<meta property=\"article:publisher\" content=\"https:\/\/www.facebook.com\/ExaudiNews\" \/>\n<meta property=\"article:author\" content=\"https:\/\/www.facebook.com\/ExaudiNoticias\/\" \/>\n<meta property=\"article:published_time\" content=\"2024-02-03T07:46:33+00:00\" \/>\n<meta property=\"article:modified_time\" content=\"2024-02-04T14:34:30+00:00\" \/>\n<meta property=\"og:image\" content=\"https:\/\/exaudi.org\/wp-content\/uploads\/2024\/02\/cq5dam.web_.800.800-18.jpeg\" \/>\n\t<meta property=\"og:image:width\" content=\"800\" \/>\n\t<meta property=\"og:image:height\" content=\"533\" \/>\n\t<meta property=\"og:image:type\" content=\"image\/jpeg\" \/>\n<meta name=\"author\" content=\"Exaudi Redacci\u00f3n\" \/>\n<meta name=\"twitter:card\" content=\"summary_large_image\" \/>\n<meta name=\"twitter:creator\" content=\"@Exaudi_noticias\" \/>\n<meta name=\"twitter:site\" content=\"@Exaudi_News\" \/>\n<meta name=\"twitter:label1\" content=\"Escrito por\" \/>\n\t<meta name=\"twitter:data1\" content=\"Exaudi Redacci\u00f3n\" \/>\n\t<meta name=\"twitter:label2\" content=\"Tiempo de lectura\" \/>\n\t<meta name=\"twitter:data2\" content=\"7 minutos\" \/>\n<script type=\"application\/ld+json\" class=\"yoast-schema-graph\">{\"@context\":\"https:\\\/\\\/schema.org\",\"@graph\":[{\"@type\":\"Article\",\"@id\":\"https:\\\/\\\/exaudi.org\\\/es\\\/el-papa-esperar-en-el-senor-una-llamada-a-la-paciencia-y-a-la-fe\\\/#article\",\"isPartOf\":{\"@id\":\"https:\\\/\\\/exaudi.org\\\/es\\\/el-papa-esperar-en-el-senor-una-llamada-a-la-paciencia-y-a-la-fe\\\/\"},\"author\":{\"name\":\"Exaudi Redacci\u00f3n\",\"@id\":\"https:\\\/\\\/exaudi.org\\\/#\\\/schema\\\/person\\\/f5fc8f063065e38742da7afe15f25df7\"},\"headline\":\"El Papa: Esperar en el Se\u00f1or: una llamada a la paciencia y a la fe\",\"datePublished\":\"2024-02-03T07:46:33+00:00\",\"dateModified\":\"2024-02-04T14:34:30+00:00\",\"mainEntityOfPage\":{\"@id\":\"https:\\\/\\\/exaudi.org\\\/es\\\/el-papa-esperar-en-el-senor-una-llamada-a-la-paciencia-y-a-la-fe\\\/\"},\"wordCount\":1466,\"image\":{\"@id\":\"https:\\\/\\\/exaudi.org\\\/es\\\/el-papa-esperar-en-el-senor-una-llamada-a-la-paciencia-y-a-la-fe\\\/#primaryimage\"},\"thumbnailUrl\":\"https:\\\/\\\/exaudi.org\\\/wp-content\\\/uploads\\\/2024\\\/02\\\/cq5dam.web_.800.800-18.jpeg\",\"keywords\":[\"homil\u00eda\",\"misa\",\"presentaci\u00f3n del se\u00f1or\",\"Trending\",\"VIDA CONSAGRADA\",\"XXVIII Jornada Mundial\"],\"articleSection\":[\"Homilias\",\"Le\u00f3n XIV\"],\"inLanguage\":\"es\"},{\"@type\":\"WebPage\",\"@id\":\"https:\\\/\\\/exaudi.org\\\/es\\\/el-papa-esperar-en-el-senor-una-llamada-a-la-paciencia-y-a-la-fe\\\/\",\"url\":\"https:\\\/\\\/exaudi.org\\\/es\\\/el-papa-esperar-en-el-senor-una-llamada-a-la-paciencia-y-a-la-fe\\\/\",\"name\":\"El Papa: Esperar en el Se\u00f1or: una llamada a la paciencia y a la fe &#8211; Exaudi\",\"isPartOf\":{\"@id\":\"https:\\\/\\\/exaudi.org\\\/#website\"},\"primaryImageOfPage\":{\"@id\":\"https:\\\/\\\/exaudi.org\\\/es\\\/el-papa-esperar-en-el-senor-una-llamada-a-la-paciencia-y-a-la-fe\\\/#primaryimage\"},\"image\":{\"@id\":\"https:\\\/\\\/exaudi.org\\\/es\\\/el-papa-esperar-en-el-senor-una-llamada-a-la-paciencia-y-a-la-fe\\\/#primaryimage\"},\"thumbnailUrl\":\"https:\\\/\\\/exaudi.org\\\/wp-content\\\/uploads\\\/2024\\\/02\\\/cq5dam.web_.800.800-18.jpeg\",\"datePublished\":\"2024-02-03T07:46:33+00:00\",\"dateModified\":\"2024-02-04T14:34:30+00:00\",\"author\":{\"@id\":\"https:\\\/\\\/exaudi.org\\\/#\\\/schema\\\/person\\\/f5fc8f063065e38742da7afe15f25df7\"},\"breadcrumb\":{\"@id\":\"https:\\\/\\\/exaudi.org\\\/es\\\/el-papa-esperar-en-el-senor-una-llamada-a-la-paciencia-y-a-la-fe\\\/#breadcrumb\"},\"inLanguage\":\"es\",\"potentialAction\":[{\"@type\":\"ReadAction\",\"target\":[\"https:\\\/\\\/exaudi.org\\\/es\\\/el-papa-esperar-en-el-senor-una-llamada-a-la-paciencia-y-a-la-fe\\\/\"]}]},{\"@type\":\"ImageObject\",\"inLanguage\":\"es\",\"@id\":\"https:\\\/\\\/exaudi.org\\\/es\\\/el-papa-esperar-en-el-senor-una-llamada-a-la-paciencia-y-a-la-fe\\\/#primaryimage\",\"url\":\"https:\\\/\\\/exaudi.org\\\/wp-content\\\/uploads\\\/2024\\\/02\\\/cq5dam.web_.800.800-18.jpeg\",\"contentUrl\":\"https:\\\/\\\/exaudi.org\\\/wp-content\\\/uploads\\\/2024\\\/02\\\/cq5dam.web_.800.800-18.jpeg\",\"width\":800,\"height\":533},{\"@type\":\"BreadcrumbList\",\"@id\":\"https:\\\/\\\/exaudi.org\\\/es\\\/el-papa-esperar-en-el-senor-una-llamada-a-la-paciencia-y-a-la-fe\\\/#breadcrumb\",\"itemListElement\":[{\"@type\":\"ListItem\",\"position\":1,\"name\":\"Portada\",\"item\":\"https:\\\/\\\/exaudi.org\\\/es\\\/\"},{\"@type\":\"ListItem\",\"position\":2,\"name\":\"El Papa: Esperar en el Se\u00f1or: una llamada a la paciencia y a la fe\"}]},{\"@type\":\"WebSite\",\"@id\":\"https:\\\/\\\/exaudi.org\\\/#website\",\"url\":\"https:\\\/\\\/exaudi.org\\\/\",\"name\":\"Exaudi\",\"description\":\"News\",\"potentialAction\":[{\"@type\":\"SearchAction\",\"target\":{\"@type\":\"EntryPoint\",\"urlTemplate\":\"https:\\\/\\\/exaudi.org\\\/?s={search_term_string}\"},\"query-input\":{\"@type\":\"PropertyValueSpecification\",\"valueRequired\":true,\"valueName\":\"search_term_string\"}}],\"inLanguage\":\"es\"},{\"@type\":\"Person\",\"@id\":\"https:\\\/\\\/exaudi.org\\\/#\\\/schema\\\/person\\\/f5fc8f063065e38742da7afe15f25df7\",\"name\":\"Exaudi Redacci\u00f3n\",\"image\":{\"@type\":\"ImageObject\",\"inLanguage\":\"es\",\"@id\":\"https:\\\/\\\/secure.gravatar.com\\\/avatar\\\/fe0f6a059fb68d9b3e11bc5850dd4899b1c7492091a3cb6dd9b01b56ad828be2?s=96&d=mm&r=g\",\"url\":\"https:\\\/\\\/secure.gravatar.com\\\/avatar\\\/fe0f6a059fb68d9b3e11bc5850dd4899b1c7492091a3cb6dd9b01b56ad828be2?s=96&d=mm&r=g\",\"contentUrl\":\"https:\\\/\\\/secure.gravatar.com\\\/avatar\\\/fe0f6a059fb68d9b3e11bc5850dd4899b1c7492091a3cb6dd9b01b56ad828be2?s=96&d=mm&r=g\",\"caption\":\"Exaudi Redacci\u00f3n\"},\"description\":\"\u00bfQu\u00e9 es Exaudi News? Exaudi News es un medio de comunicaci\u00f3n cat\u00f3lico internacional que informa, forma y transforma, diariamente en espa\u00f1ol, ingl\u00e9s e italiano. A trav\u00e9s de noticias, art\u00edculos de an\u00e1lisis y transmisiones en directo de los eventos del Papa, Exaudi busca fortalecer la unidad de los cristianos y contribuir a la evangelizaci\u00f3n del mundo, siempre guiados por la doctrina social de la Iglesia. Trabajamos para acercar la verdad y los valores cristianos a cada rinc\u00f3n del planeta. \u00a1Ay\u00fadanos a transformar el mundo con Exaudi! En Exaudi creemos que la evangelizaci\u00f3n y la informaci\u00f3n de calidad pueden cambiar vidas. Para continuar con nuestra misi\u00f3n y expandir nuestro alcance, necesitamos tu ayuda. Adem\u00e1s, buscamos personas comprometidas que deseen unirse a nuestro equipo. Con tu apoyo, lograremos llegar a m\u00e1s personas, difundir el mensaje de Cristo y reforzar la unidad de los cristianos. \u00bfTe unes a nuestra misi\u00f3n? Para m\u00e1s informaci\u00f3n sobre c\u00f3mo colaborar, visita Exaudi.org\\\/es o cont\u00e1ctanos directamente: info@exaudi.org Exaudi: Informa, forma y transforma.\",\"sameAs\":[\"https:\\\/\\\/www.facebook.com\\\/ExaudiNoticias\\\/\",\"https:\\\/\\\/www.instagram.com\\\/exaudi_noticias\\\/\",\"https:\\\/\\\/x.com\\\/Exaudi_noticias\",\"https:\\\/\\\/www.youtube.com\\\/@exaudicatholicnews\"],\"url\":\"https:\\\/\\\/exaudi.org\\\/es\\\/author\\\/redaccionexaudi\\\/\"}]}<\/script>\n<!-- \/ Yoast SEO plugin. -->","yoast_head_json":{"title":"El Papa: Esperar en el Se\u00f1or: una llamada a la paciencia y a la fe &#8211; Exaudi","robots":{"index":"index","follow":"follow","max-snippet":"max-snippet:-1","max-image-preview":"max-image-preview:large","max-video-preview":"max-video-preview:-1"},"canonical":"https:\/\/exaudi.org\/es\/el-papa-esperar-en-el-senor-una-llamada-a-la-paciencia-y-a-la-fe\/","og_locale":"es_ES","og_type":"article","og_title":"El Papa: Esperar en el Se\u00f1or: una llamada a la paciencia y a la fe &#8211; Exaudi","og_description":"XXVIII Jornada Mundial de la Vida Consagrada","og_url":"https:\/\/exaudi.org\/es\/el-papa-esperar-en-el-senor-una-llamada-a-la-paciencia-y-a-la-fe\/","og_site_name":"Exaudi","article_publisher":"https:\/\/www.facebook.com\/ExaudiNews","article_author":"https:\/\/www.facebook.com\/ExaudiNoticias\/","article_published_time":"2024-02-03T07:46:33+00:00","article_modified_time":"2024-02-04T14:34:30+00:00","og_image":[{"width":800,"height":533,"url":"https:\/\/exaudi.org\/wp-content\/uploads\/2024\/02\/cq5dam.web_.800.800-18.jpeg","type":"image\/jpeg"}],"author":"Exaudi Redacci\u00f3n","twitter_card":"summary_large_image","twitter_creator":"@Exaudi_noticias","twitter_site":"@Exaudi_News","twitter_misc":{"Escrito por":"Exaudi Redacci\u00f3n","Tiempo de lectura":"7 minutos"},"schema":{"@context":"https:\/\/schema.org","@graph":[{"@type":"Article","@id":"https:\/\/exaudi.org\/es\/el-papa-esperar-en-el-senor-una-llamada-a-la-paciencia-y-a-la-fe\/#article","isPartOf":{"@id":"https:\/\/exaudi.org\/es\/el-papa-esperar-en-el-senor-una-llamada-a-la-paciencia-y-a-la-fe\/"},"author":{"name":"Exaudi Redacci\u00f3n","@id":"https:\/\/exaudi.org\/#\/schema\/person\/f5fc8f063065e38742da7afe15f25df7"},"headline":"El Papa: Esperar en el Se\u00f1or: una llamada a la paciencia y a la fe","datePublished":"2024-02-03T07:46:33+00:00","dateModified":"2024-02-04T14:34:30+00:00","mainEntityOfPage":{"@id":"https:\/\/exaudi.org\/es\/el-papa-esperar-en-el-senor-una-llamada-a-la-paciencia-y-a-la-fe\/"},"wordCount":1466,"image":{"@id":"https:\/\/exaudi.org\/es\/el-papa-esperar-en-el-senor-una-llamada-a-la-paciencia-y-a-la-fe\/#primaryimage"},"thumbnailUrl":"https:\/\/exaudi.org\/wp-content\/uploads\/2024\/02\/cq5dam.web_.800.800-18.jpeg","keywords":["homil\u00eda","misa","presentaci\u00f3n del se\u00f1or","Trending","VIDA CONSAGRADA","XXVIII Jornada Mundial"],"articleSection":["Homilias","Le\u00f3n XIV"],"inLanguage":"es"},{"@type":"WebPage","@id":"https:\/\/exaudi.org\/es\/el-papa-esperar-en-el-senor-una-llamada-a-la-paciencia-y-a-la-fe\/","url":"https:\/\/exaudi.org\/es\/el-papa-esperar-en-el-senor-una-llamada-a-la-paciencia-y-a-la-fe\/","name":"El Papa: Esperar en el Se\u00f1or: una llamada a la paciencia y a la fe &#8211; Exaudi","isPartOf":{"@id":"https:\/\/exaudi.org\/#website"},"primaryImageOfPage":{"@id":"https:\/\/exaudi.org\/es\/el-papa-esperar-en-el-senor-una-llamada-a-la-paciencia-y-a-la-fe\/#primaryimage"},"image":{"@id":"https:\/\/exaudi.org\/es\/el-papa-esperar-en-el-senor-una-llamada-a-la-paciencia-y-a-la-fe\/#primaryimage"},"thumbnailUrl":"https:\/\/exaudi.org\/wp-content\/uploads\/2024\/02\/cq5dam.web_.800.800-18.jpeg","datePublished":"2024-02-03T07:46:33+00:00","dateModified":"2024-02-04T14:34:30+00:00","author":{"@id":"https:\/\/exaudi.org\/#\/schema\/person\/f5fc8f063065e38742da7afe15f25df7"},"breadcrumb":{"@id":"https:\/\/exaudi.org\/es\/el-papa-esperar-en-el-senor-una-llamada-a-la-paciencia-y-a-la-fe\/#breadcrumb"},"inLanguage":"es","potentialAction":[{"@type":"ReadAction","target":["https:\/\/exaudi.org\/es\/el-papa-esperar-en-el-senor-una-llamada-a-la-paciencia-y-a-la-fe\/"]}]},{"@type":"ImageObject","inLanguage":"es","@id":"https:\/\/exaudi.org\/es\/el-papa-esperar-en-el-senor-una-llamada-a-la-paciencia-y-a-la-fe\/#primaryimage","url":"https:\/\/exaudi.org\/wp-content\/uploads\/2024\/02\/cq5dam.web_.800.800-18.jpeg","contentUrl":"https:\/\/exaudi.org\/wp-content\/uploads\/2024\/02\/cq5dam.web_.800.800-18.jpeg","width":800,"height":533},{"@type":"BreadcrumbList","@id":"https:\/\/exaudi.org\/es\/el-papa-esperar-en-el-senor-una-llamada-a-la-paciencia-y-a-la-fe\/#breadcrumb","itemListElement":[{"@type":"ListItem","position":1,"name":"Portada","item":"https:\/\/exaudi.org\/es\/"},{"@type":"ListItem","position":2,"name":"El Papa: Esperar en el Se\u00f1or: una llamada a la paciencia y a la fe"}]},{"@type":"WebSite","@id":"https:\/\/exaudi.org\/#website","url":"https:\/\/exaudi.org\/","name":"Exaudi","description":"News","potentialAction":[{"@type":"SearchAction","target":{"@type":"EntryPoint","urlTemplate":"https:\/\/exaudi.org\/?s={search_term_string}"},"query-input":{"@type":"PropertyValueSpecification","valueRequired":true,"valueName":"search_term_string"}}],"inLanguage":"es"},{"@type":"Person","@id":"https:\/\/exaudi.org\/#\/schema\/person\/f5fc8f063065e38742da7afe15f25df7","name":"Exaudi Redacci\u00f3n","image":{"@type":"ImageObject","inLanguage":"es","@id":"https:\/\/secure.gravatar.com\/avatar\/fe0f6a059fb68d9b3e11bc5850dd4899b1c7492091a3cb6dd9b01b56ad828be2?s=96&d=mm&r=g","url":"https:\/\/secure.gravatar.com\/avatar\/fe0f6a059fb68d9b3e11bc5850dd4899b1c7492091a3cb6dd9b01b56ad828be2?s=96&d=mm&r=g","contentUrl":"https:\/\/secure.gravatar.com\/avatar\/fe0f6a059fb68d9b3e11bc5850dd4899b1c7492091a3cb6dd9b01b56ad828be2?s=96&d=mm&r=g","caption":"Exaudi Redacci\u00f3n"},"description":"\u00bfQu\u00e9 es Exaudi News? Exaudi News es un medio de comunicaci\u00f3n cat\u00f3lico internacional que informa, forma y transforma, diariamente en espa\u00f1ol, ingl\u00e9s e italiano. A trav\u00e9s de noticias, art\u00edculos de an\u00e1lisis y transmisiones en directo de los eventos del Papa, Exaudi busca fortalecer la unidad de los cristianos y contribuir a la evangelizaci\u00f3n del mundo, siempre guiados por la doctrina social de la Iglesia. Trabajamos para acercar la verdad y los valores cristianos a cada rinc\u00f3n del planeta. \u00a1Ay\u00fadanos a transformar el mundo con Exaudi! En Exaudi creemos que la evangelizaci\u00f3n y la informaci\u00f3n de calidad pueden cambiar vidas. Para continuar con nuestra misi\u00f3n y expandir nuestro alcance, necesitamos tu ayuda. Adem\u00e1s, buscamos personas comprometidas que deseen unirse a nuestro equipo. Con tu apoyo, lograremos llegar a m\u00e1s personas, difundir el mensaje de Cristo y reforzar la unidad de los cristianos. \u00bfTe unes a nuestra misi\u00f3n? Para m\u00e1s informaci\u00f3n sobre c\u00f3mo colaborar, visita Exaudi.org\/es o cont\u00e1ctanos directamente: info@exaudi.org Exaudi: Informa, forma y transforma.","sameAs":["https:\/\/www.facebook.com\/ExaudiNoticias\/","https:\/\/www.instagram.com\/exaudi_noticias\/","https:\/\/x.com\/Exaudi_noticias","https:\/\/www.youtube.com\/@exaudicatholicnews"],"url":"https:\/\/exaudi.org\/es\/author\/redaccionexaudi\/"}]}},"jetpack_featured_media_url":"https:\/\/exaudi.org\/wp-content\/uploads\/2024\/02\/cq5dam.web_.800.800-18.jpeg","jetpack_shortlink":"https:\/\/wp.me\/pgKjF2-onX","_links":{"self":[{"href":"https:\/\/exaudi.org\/es\/wp-json\/wp\/v2\/posts\/93741","targetHints":{"allow":["GET"]}}],"collection":[{"href":"https:\/\/exaudi.org\/es\/wp-json\/wp\/v2\/posts"}],"about":[{"href":"https:\/\/exaudi.org\/es\/wp-json\/wp\/v2\/types\/post"}],"author":[{"embeddable":true,"href":"https:\/\/exaudi.org\/es\/wp-json\/wp\/v2\/users\/15"}],"replies":[{"embeddable":true,"href":"https:\/\/exaudi.org\/es\/wp-json\/wp\/v2\/comments?post=93741"}],"version-history":[{"count":0,"href":"https:\/\/exaudi.org\/es\/wp-json\/wp\/v2\/posts\/93741\/revisions"}],"wp:featuredmedia":[{"embeddable":true,"href":"https:\/\/exaudi.org\/es\/wp-json\/wp\/v2\/media\/93742"}],"wp:attachment":[{"href":"https:\/\/exaudi.org\/es\/wp-json\/wp\/v2\/media?parent=93741"}],"wp:term":[{"taxonomy":"category","embeddable":true,"href":"https:\/\/exaudi.org\/es\/wp-json\/wp\/v2\/categories?post=93741"},{"taxonomy":"post_tag","embeddable":true,"href":"https:\/\/exaudi.org\/es\/wp-json\/wp\/v2\/tags?post=93741"}],"curies":[{"name":"wp","href":"https:\/\/api.w.org\/{rel}","templated":true}]}}