{"id":93633,"date":"2024-02-02T08:21:11","date_gmt":"2024-02-02T07:21:11","guid":{"rendered":"https:\/\/exaudi.org\/?p=93633"},"modified":"2024-02-02T10:30:21","modified_gmt":"2024-02-02T09:30:21","slug":"aunque-cuesta-senor-mi-vida-es-tuya","status":"publish","type":"post","link":"https:\/\/exaudi.org\/es\/aunque-cuesta-senor-mi-vida-es-tuya\/","title":{"rendered":"\u00abAunque cuesta, Se\u00f1or, mi vida es tuya\u00bb"},"content":{"rendered":"<audio class=\"wp-audio-shortcode\" id=\"audio-93633-1\" preload=\"none\" style=\"width: 100%;\" controls=\"controls\"><source type=\"audio\/mpeg\" src=\"https:\/\/exaudi.org\/wp-content\/uploads\/2024\/02\/SaveTube.io-TESTIMONIO-DIOS-tiene-SUENOS-para-cada-uno-Jorman-seminarista-de-Venezuela-128-kbps.mp3?_=1\" \/><a href=\"https:\/\/exaudi.org\/wp-content\/uploads\/2024\/02\/SaveTube.io-TESTIMONIO-DIOS-tiene-SUENOS-para-cada-uno-Jorman-seminarista-de-Venezuela-128-kbps.mp3\">https:\/\/exaudi.org\/wp-content\/uploads\/2024\/02\/SaveTube.io-TESTIMONIO-DIOS-tiene-SUENOS-para-cada-uno-Jorman-seminarista-de-Venezuela-128-kbps.mp3<\/a><\/audio>\n<p id=\"headline-102-170180\" class=\"ct-headline\"><span id=\"span-103-170180\" class=\"ct-span\">Jorman se qued\u00f3 solo en Venezuela, despu\u00e9s de que sus hermanas y sus padres partieran para Colombia. Pero, antes de su partida y con amor infinito, sus padres pasaron con \u00e9l una \u00faltima Navidad. Tambi\u00e9n le acompa\u00f1aron cuando ingres\u00f3 en el Seminario proped\u00e9utico de la di\u00f3cesis de Cabimas. Jorman Rafael C\u00e1ceres ten\u00eda entonces 22 a\u00f1os y fue recibido con los brazos abiertos en el seminario de su di\u00f3cesis.\u00a0<\/span><\/p>\n<p><iframe loading=\"lazy\" title=\"#TESTIMONIO - \u00abDIOS tiene SUE\u00d1OS para cada uno\u00bb - Jorman, seminarista de Venezuela\" width=\"500\" height=\"281\" src=\"https:\/\/www.youtube.com\/embed\/igGngKGlv1w?feature=oembed\" frameborder=\"0\" allow=\"accelerometer; autoplay; clipboard-write; encrypted-media; gyroscope; picture-in-picture; web-share\" referrerpolicy=\"strict-origin-when-cross-origin\" allowfullscreen><\/iframe><\/p>\n<p>Jorman es el \u00fanico hijo var\u00f3n de su familia, el menor de tres hermanas. Sus padres hab\u00edan decidido emigrar a Colombia, cuando les sorprendi\u00f3 su intenci\u00f3n de ingresar en el seminario para ser sacerdote. Ellos le dijeron que, s\u00ed \u00e9l se quedaba en\u00a0<a href=\"https:\/\/fundacioncarf.org\/luis-fernando-venezuela-estudia-para-sacerdote\/\" target=\"_blank\" rel=\"noopener\" data-type=\"post\" data-id=\"191999\">Venezuela<\/a>, ellos tambi\u00e9n permanecer\u00edan en el pa\u00eds. \u00abPero yo les dije que lo mejor era que se reunieran con mis hermanas en Colombia, porque atravesaban una situaci\u00f3n econ\u00f3mica delicada\u00bb.<\/p>\n<h3 class=\"wp-block-heading\"><strong>No es f\u00e1cil decir s\u00ed a Dios\u00a0<\/strong><\/h3>\n<p>Su\u00a0<a href=\"https:\/\/fundacioncarf.org\/fiesta-de-la-sagrada-familia-cuna-de-la-vocacion-al-amor\/\" target=\"_blank\" rel=\"noopener\" data-type=\"post\" data-id=\"167809\">familia<\/a>\u00a0est\u00e1 ahora muy orgullosa de \u00e9l. Son cat\u00f3licos y, aunque al principio les supuso una sorpresa, le apoyaron en su decisi\u00f3n, convencidos de que decir s\u00ed a Dios, no es una respuesta f\u00e1cil. Pero Jorman no siempre lo hab\u00eda tenido tan claro.<\/p>\n<p>Hasta entrar en el\u00a0<a href=\"https:\/\/fundacioncarf.org\/cinco-maneras-de-aumentar-numero-de-seminaristas\/\" target=\"_blank\" rel=\"noopener\" data-type=\"post\" data-id=\"190565\">seminario<\/a>, pas\u00f3 por varias etapas. Su proceso vocacional fue progresivo. Comenz\u00f3 de peque\u00f1o, cuando participaba en las obras pontificias de su pa\u00eds, en\u00a0<a href=\"https:\/\/infanciamisionera.es\/\" target=\"_blank\" rel=\"noreferrer noopener\">Infancia Misionera<\/a>. En sus a\u00f1os de juventud se comprometi\u00f3 en\u00a0<a href=\"https:\/\/ompvzla.com\/jovenmision\/\" target=\"_blank\" rel=\"noreferrer noopener\" data-type=\"link\" data-id=\"https:\/\/ompvzla.com\/jovenmision\/\">Joven Misi\u00f3n<\/a>, donde fue el coordinador diocesano en la pastoral de j\u00f3venes.<\/p>\n<p>En Joven Misi\u00f3n, sent\u00eda que Dios le quer\u00eda para servirle, para dejar todo por \u00c9l, pero no quer\u00eda escuchar su voz. As\u00ed que, para ahogar la voz de Dios, prefiri\u00f3 conocer a algunas chicas, algo as\u00ed como ir de novia en novia. Hasta que a una de ellas le comparti\u00f3 su inquietud de entrar en el seminario. Si no era lo suyo, volver\u00edan juntos. Ella le apoy\u00f3 sin condiciones, un gesto muy importante para Jorman.<\/p>\n<h3 class=\"wp-block-heading\"><strong>Los efectos de la pandemia\u00a0<\/strong><\/h3>\n<p>Durante la pandemia, la voz de Dios retumb\u00f3 con m\u00e1s presencia en su coraz\u00f3n. \u00abLa quietud en mi casa, con mi familia, me provoc\u00f3 inquietud por dentro. Hab\u00eda dejado atr\u00e1s la vor\u00e1gine de mi vida y ten\u00eda tiempo y calma para escuchar a Dios. Fue entonces cuando me decid\u00ed a empezar mi proceso\u00a0<a href=\"https:\/\/fundacioncarf.org\/oracion-por-las-vocaciones-sacerdotales-y-religiosas\/\" target=\"_blank\" rel=\"noopener\" data-type=\"post\" data-id=\"167694\">vocacional<\/a>\u00a0de manera\u00a0<em>online<\/em>\u00bb.<\/p>\n<p>Despu\u00e9s, durante una convivencia vocacional, repet\u00eda continuamente que se hiciera la voluntad de Dios: \u00abTe he evitado mucho, Se\u00f1or, pero aunque cueste mi vida es tuya\u00bb. Fue una etapa de ciertas dudas que se disiparon cuando el rector del seminario le pregunt\u00f3 si finalmente quer\u00eda formarse como seminarista. \u00ab<strong>Dije que s\u00ed, y me imagin\u00e9 el s\u00ed de Mar\u00eda. Entonces, toda la tierra se paus\u00f3, hubo un silencio total a m\u00ed alrededor\u00bb.<\/strong><\/p>\n<h3 class=\"wp-block-heading\"><strong>\u00abS\u00f3lo cuento con tus fuerzas\u00bb\u00a0<\/strong><\/h3>\n<p>El primer a\u00f1o de seminario fue muy duro. Le asaltaban la tristeza y las dudas. Estaba muy cansado y sent\u00eda muy lejos a su familia. En una Hora Santa se rindi\u00f3 ante Dios: \u00abque se haga tu Voluntad, no tengo fuerzas, s\u00f3lo cuento con las tuyas\u00bb. Pidi\u00f3 una\u00a0<a href=\"https:\/\/fundacioncarf.org\/discernimiento-del-corazon\/\" target=\"_blank\" rel=\"noopener\" data-type=\"post\" data-id=\"183298\">se\u00f1al<\/a>. Necesitaba saber si realmente Dios quer\u00eda que fuera sacerdote.<\/p>\n<p>A los pocos d\u00edas, el Vicario General de la di\u00f3cesis le coment\u00f3: \u00abEl obispo te ha elegido para que vayas a estudiar ala Universidad de Navarra y alojarte en el Seminario Bidasoa en Espa\u00f1a\u00bb. Y en ese momento, la luz borr\u00f3 su angustia. Se qued\u00f3 en shock. \u00abNo me ve\u00eda con capacidades para estudiar en Espa\u00f1a, pero me vino a la mente que esta era la se\u00f1al que le hab\u00eda pedido a Dios. As\u00ed que acept\u00e9\u00bb.<\/p>\n<h3><strong>El sue\u00f1o de Dios\u00a0<\/strong><\/h3>\n<p>Ahora, con 25 a\u00f1os, se encuentra en el\u00a0<a href=\"https:\/\/fundacioncarf.org\/seminario-internacional-bidasoa-fundacion-carf\/\" target=\"_blank\" rel=\"noopener\" data-type=\"post\" data-id=\"190038\">Seminario Internacional Bidasoa<\/a>\u00a0cumpliendo su sue\u00f1o y \u00abel\u00a0<a href=\"https:\/\/fundacioncarf.org\/vocaciones-sueno-servicio-y-fidelidad\/\" target=\"_blank\" rel=\"noopener\" data-type=\"post\" data-id=\"183105\">sue\u00f1o que Dios<\/a>\u00a0tiene para m\u00ed. Dios tiene sue\u00f1os para cada uno y nosotros solo los tenemos que aceptar y recibir\u00bb.<\/p>\n<p>Est\u00e1 convencido de que su s\u00ed a Dios y la\u00a0<a href=\"https:\/\/fundacioncarf.org\/cuanto-cuesta-la-formacion-de-un-seminarista\/\" data-type=\"post\" data-id=\"182707\">formaci\u00f3n<\/a>\u00a0integral que est\u00e1 recibiendo en Pamplona, contribuir\u00e1n a ayudar a las gentes de\u00a0<a href=\"https:\/\/fundacioncarf.org\/p-elio-en-venezuela-seguimos-pasando-hambre-obispo-me-envio-a-roma-para-formarme-y-servir-a-mi-pueblo-hambriento\/\" target=\"_blank\" rel=\"noopener\" data-type=\"post\" data-id=\"137661\">Venezuela<\/a>. \u00abEn mi pa\u00eds, la Iglesia Cat\u00f3lica est\u00e1 mediando como canal de di\u00e1logo ante la polarizaci\u00f3n del pueblo y de las instituciones. Pero, sobre todo, con la pastoral social y acompa\u00f1ando a los fieles para que no se vean desamparados en sus luchas\u00bb.<\/p>\n<h4 class=\"wp-block-heading\">Los sacerdotes del siglo XXI<\/h4>\n<p>Y es que, los j\u00f3venes\u00a0<a href=\"https:\/\/fundacioncarf.org\/sacerdotes-debemos-transmitir-certeza\/\" target=\"_blank\" rel=\"noopener\" data-type=\"post\" data-id=\"193163\">sacerdotes del siglo XXI<\/a>\u00a0tienen una misi\u00f3n muy concreta, cada uno en su destino. Para Jorman, deben ser \u00abcreativos e ingeniosos, con muy buena formaci\u00f3n doctrinal y con una profunda vida interior\u00bb que sea capaz de transmitir con nuevos m\u00e9todos y formas lo que han recibido.<\/p>\n<p>\u00abCreo que las principales dificultades de un sacerdote en la actualidad radican en encontrar formas efectivas de conectarse con las personas en una sociedad cada vez m\u00e1s secularizada y digitalizada\u00bb.<\/p>\n<h4 id=\"headline-5-184597\" class=\"ct-headline et_pb_module_header\"><a id=\"span-6-184597\" class=\"ct-link-text\" href=\"https:\/\/fundacioncarf.org\/donar\/\" target=\"_self\" rel=\"noopener\"><span id=\"span-7-184597\" class=\"ct-span\">Ay\u00fada a formar sacerdotes diocesanos y seminaristas de Venezuela para servir a la Iglesia en todo el mundo<\/span><\/a><\/h4>\n<p><strong><a href=\"https:\/\/open.spotify.com\/episode\/2TG7dncQoP9Rc0mmkoCx0v?si=085d345cb26a46fd\" target=\"_blank\" rel=\"noopener\">Spotify<\/a><\/strong><\/p>\n","protected":false},"excerpt":{"rendered":"<p>No es f\u00e1cil decir s\u00ed a Dios\u00a0<\/p>\n","protected":false},"author":119,"featured_media":93637,"comment_status":"closed","ping_status":"closed","sticky":false,"template":"","format":"standard","meta":{"_acf_changed":false,"_crdt_document":"","inline_featured_image":false,"footnotes":""},"categories":[74,98],"tags":[12685,12684,1926,4953,966,7440],"class_list":["post-93633","post","type-post","status-publish","format-standard","has-post-thumbnail","hentry","category-iglesia-y-mundo","category-testimonios","tag-diocesis-de-cabimas","tag-jorman-rafael-caceres","tag-sacerdote","tag-trending-es","tag-venezuela","tag-vocacion"],"acf":[],"yoast_head":"<!-- This site is optimized with the Yoast SEO plugin v27.4 - https:\/\/yoast.com\/product\/yoast-seo-wordpress\/ -->\n<title>\u00abAunque cuesta, Se\u00f1or, mi vida es tuya\u00bb &#8211; Exaudi<\/title>\n<meta name=\"robots\" content=\"index, follow, max-snippet:-1, max-image-preview:large, max-video-preview:-1\" \/>\n<link rel=\"canonical\" href=\"https:\/\/exaudi.org\/es\/aunque-cuesta-senor-mi-vida-es-tuya\/\" \/>\n<meta property=\"og:locale\" content=\"es_ES\" \/>\n<meta property=\"og:type\" content=\"article\" \/>\n<meta property=\"og:title\" content=\"\u00abAunque cuesta, Se\u00f1or, mi vida es tuya\u00bb &#8211; Exaudi\" \/>\n<meta property=\"og:description\" content=\"No es f\u00e1cil decir s\u00ed a Dios\u00a0\" \/>\n<meta property=\"og:url\" content=\"https:\/\/exaudi.org\/es\/aunque-cuesta-senor-mi-vida-es-tuya\/\" \/>\n<meta property=\"og:site_name\" content=\"Exaudi\" \/>\n<meta property=\"article:publisher\" content=\"https:\/\/www.facebook.com\/ExaudiNews\" \/>\n<meta property=\"article:author\" content=\"https:\/\/www.facebook.com\/fundacioncarf\/\" \/>\n<meta property=\"article:published_time\" content=\"2024-02-02T07:21:11+00:00\" \/>\n<meta property=\"article:modified_time\" content=\"2024-02-02T09:30:21+00:00\" \/>\n<meta property=\"og:image\" content=\"https:\/\/exaudi.org\/wp-content\/uploads\/2024\/02\/jorman1-1.png\" \/>\n\t<meta property=\"og:image:width\" content=\"800\" \/>\n\t<meta property=\"og:image:height\" content=\"458\" \/>\n\t<meta property=\"og:image:type\" content=\"image\/png\" \/>\n<meta name=\"author\" content=\"Fundaci\u00f3n CARF\" \/>\n<meta name=\"twitter:card\" content=\"summary_large_image\" \/>\n<meta name=\"twitter:creator\" content=\"@https:\/\/x.com\/fundacioncarf\" \/>\n<meta name=\"twitter:site\" content=\"@Exaudi_News\" \/>\n<meta name=\"twitter:label1\" content=\"Escrito por\" \/>\n\t<meta name=\"twitter:data1\" content=\"Fundaci\u00f3n CARF\" \/>\n\t<meta name=\"twitter:label2\" content=\"Tiempo de lectura\" \/>\n\t<meta name=\"twitter:data2\" content=\"4 minutos\" \/>\n<script type=\"application\/ld+json\" class=\"yoast-schema-graph\">{\"@context\":\"https:\\\/\\\/schema.org\",\"@graph\":[{\"@type\":\"Article\",\"@id\":\"https:\\\/\\\/exaudi.org\\\/es\\\/aunque-cuesta-senor-mi-vida-es-tuya\\\/#article\",\"isPartOf\":{\"@id\":\"https:\\\/\\\/exaudi.org\\\/es\\\/aunque-cuesta-senor-mi-vida-es-tuya\\\/\"},\"author\":{\"name\":\"Fundaci\u00f3n CARF\",\"@id\":\"https:\\\/\\\/exaudi.org\\\/#\\\/schema\\\/person\\\/fab8261a088ccf38cb54b3c50baa7baf\"},\"headline\":\"\u00abAunque cuesta, Se\u00f1or, mi vida es tuya\u00bb\",\"datePublished\":\"2024-02-02T07:21:11+00:00\",\"dateModified\":\"2024-02-02T09:30:21+00:00\",\"mainEntityOfPage\":{\"@id\":\"https:\\\/\\\/exaudi.org\\\/es\\\/aunque-cuesta-senor-mi-vida-es-tuya\\\/\"},\"wordCount\":900,\"image\":{\"@id\":\"https:\\\/\\\/exaudi.org\\\/es\\\/aunque-cuesta-senor-mi-vida-es-tuya\\\/#primaryimage\"},\"thumbnailUrl\":\"https:\\\/\\\/exaudi.org\\\/wp-content\\\/uploads\\\/2024\\\/02\\\/jorman1-1.png\",\"keywords\":[\"di\u00f3cesis de Cabimas\",\"Jorman Rafael C\u00e1ceres\",\"Sacerdote\",\"Trending\",\"Venezuela\",\"Vocaci\u00f3n\"],\"articleSection\":[\"Iglesia y Mundo\",\"Testimonios\"],\"inLanguage\":\"es\"},{\"@type\":\"WebPage\",\"@id\":\"https:\\\/\\\/exaudi.org\\\/es\\\/aunque-cuesta-senor-mi-vida-es-tuya\\\/\",\"url\":\"https:\\\/\\\/exaudi.org\\\/es\\\/aunque-cuesta-senor-mi-vida-es-tuya\\\/\",\"name\":\"\u00abAunque cuesta, Se\u00f1or, mi vida es tuya\u00bb &#8211; Exaudi\",\"isPartOf\":{\"@id\":\"https:\\\/\\\/exaudi.org\\\/#website\"},\"primaryImageOfPage\":{\"@id\":\"https:\\\/\\\/exaudi.org\\\/es\\\/aunque-cuesta-senor-mi-vida-es-tuya\\\/#primaryimage\"},\"image\":{\"@id\":\"https:\\\/\\\/exaudi.org\\\/es\\\/aunque-cuesta-senor-mi-vida-es-tuya\\\/#primaryimage\"},\"thumbnailUrl\":\"https:\\\/\\\/exaudi.org\\\/wp-content\\\/uploads\\\/2024\\\/02\\\/jorman1-1.png\",\"datePublished\":\"2024-02-02T07:21:11+00:00\",\"dateModified\":\"2024-02-02T09:30:21+00:00\",\"author\":{\"@id\":\"https:\\\/\\\/exaudi.org\\\/#\\\/schema\\\/person\\\/fab8261a088ccf38cb54b3c50baa7baf\"},\"breadcrumb\":{\"@id\":\"https:\\\/\\\/exaudi.org\\\/es\\\/aunque-cuesta-senor-mi-vida-es-tuya\\\/#breadcrumb\"},\"inLanguage\":\"es\",\"potentialAction\":[{\"@type\":\"ReadAction\",\"target\":[\"https:\\\/\\\/exaudi.org\\\/es\\\/aunque-cuesta-senor-mi-vida-es-tuya\\\/\"]}]},{\"@type\":\"ImageObject\",\"inLanguage\":\"es\",\"@id\":\"https:\\\/\\\/exaudi.org\\\/es\\\/aunque-cuesta-senor-mi-vida-es-tuya\\\/#primaryimage\",\"url\":\"https:\\\/\\\/exaudi.org\\\/wp-content\\\/uploads\\\/2024\\\/02\\\/jorman1-1.png\",\"contentUrl\":\"https:\\\/\\\/exaudi.org\\\/wp-content\\\/uploads\\\/2024\\\/02\\\/jorman1-1.png\",\"width\":800,\"height\":458},{\"@type\":\"BreadcrumbList\",\"@id\":\"https:\\\/\\\/exaudi.org\\\/es\\\/aunque-cuesta-senor-mi-vida-es-tuya\\\/#breadcrumb\",\"itemListElement\":[{\"@type\":\"ListItem\",\"position\":1,\"name\":\"Portada\",\"item\":\"https:\\\/\\\/exaudi.org\\\/es\\\/\"},{\"@type\":\"ListItem\",\"position\":2,\"name\":\"\u00abAunque cuesta, Se\u00f1or, mi vida es tuya\u00bb\"}]},{\"@type\":\"WebSite\",\"@id\":\"https:\\\/\\\/exaudi.org\\\/#website\",\"url\":\"https:\\\/\\\/exaudi.org\\\/\",\"name\":\"Exaudi\",\"description\":\"News\",\"potentialAction\":[{\"@type\":\"SearchAction\",\"target\":{\"@type\":\"EntryPoint\",\"urlTemplate\":\"https:\\\/\\\/exaudi.org\\\/?s={search_term_string}\"},\"query-input\":{\"@type\":\"PropertyValueSpecification\",\"valueRequired\":true,\"valueName\":\"search_term_string\"}}],\"inLanguage\":\"es\"},{\"@type\":\"Person\",\"@id\":\"https:\\\/\\\/exaudi.org\\\/#\\\/schema\\\/person\\\/fab8261a088ccf38cb54b3c50baa7baf\",\"name\":\"Fundaci\u00f3n CARF\",\"image\":{\"@type\":\"ImageObject\",\"inLanguage\":\"es\",\"@id\":\"https:\\\/\\\/secure.gravatar.com\\\/avatar\\\/ab292d3529973c0d1cf4cda9208c6a8a7ee52923f0a291c39104715fa46aae4b?s=96&d=mm&r=g\",\"url\":\"https:\\\/\\\/secure.gravatar.com\\\/avatar\\\/ab292d3529973c0d1cf4cda9208c6a8a7ee52923f0a291c39104715fa46aae4b?s=96&d=mm&r=g\",\"contentUrl\":\"https:\\\/\\\/secure.gravatar.com\\\/avatar\\\/ab292d3529973c0d1cf4cda9208c6a8a7ee52923f0a291c39104715fa46aae4b?s=96&d=mm&r=g\",\"caption\":\"Fundaci\u00f3n CARF\"},\"description\":\"Trabajamos para llevar la sonrisa de Dios a todos los rincones del mundo a trav\u00e9s de los sacerdotes y ayudando a su formaci\u00f3n. Gracias a nuestros benefactores, ayudamos a la formaci\u00f3n de los sacerdotes, difundimos su buen nombre y rezamos por su fidelidad y las vocaciones. Trabajamos para servir a la Iglesia y que ninguna vocaci\u00f3n se pierda y luego ellos puedan transmitir en su labor pastoral toda la luz, ciencia y doctrina recibida. Acad\u00e9mico Las licenciaturas, programas de especializacio\u0301n o doctorados, otorgan a cada candidato una formaci\u00f3n espec\u00edfica en Teologi\u0301a, Filosofi\u0301a, Derecho Cano\u0301nico o Comunicacio\u0301n Social Institucional. Espiritual Los seminaristas y sacerdotes complementan su formacio\u0301n acade\u0301mica y humana con la espiritual, ya que deben estar preparados para seguir su vocaci\u00f3n y prestar su cuerpo y su espi\u0301ritu al Sen\u0303or. Humano A trave\u0301s del ambiente de familia y de preparaci\u00f3n, se consigue el desarrollo de actitudes, capacidades y valores que impactan en el crecimiento personal y social de los sacerdotes.\",\"sameAs\":[\"https:\\\/\\\/fundacioncarf.org\\\/\",\"https:\\\/\\\/www.facebook.com\\\/fundacioncarf\\\/\",\"https:\\\/\\\/www.instagram.com\\\/fundacioncarf\\\/\",\"https:\\\/\\\/www.linkedin.com\\\/company\\\/fundacioncarf\\\/posts\\\/?feedView=all\",\"https:\\\/\\\/x.com\\\/https:\\\/\\\/x.com\\\/fundacioncarf\",\"https:\\\/\\\/www.youtube.com\\\/c\\\/fundacioncarf\"],\"url\":\"https:\\\/\\\/exaudi.org\\\/es\\\/author\\\/carf\\\/\"}]}<\/script>\n<!-- \/ Yoast SEO plugin. -->","yoast_head_json":{"title":"\u00abAunque cuesta, Se\u00f1or, mi vida es tuya\u00bb &#8211; Exaudi","robots":{"index":"index","follow":"follow","max-snippet":"max-snippet:-1","max-image-preview":"max-image-preview:large","max-video-preview":"max-video-preview:-1"},"canonical":"https:\/\/exaudi.org\/es\/aunque-cuesta-senor-mi-vida-es-tuya\/","og_locale":"es_ES","og_type":"article","og_title":"\u00abAunque cuesta, Se\u00f1or, mi vida es tuya\u00bb &#8211; Exaudi","og_description":"No es f\u00e1cil decir s\u00ed a Dios\u00a0","og_url":"https:\/\/exaudi.org\/es\/aunque-cuesta-senor-mi-vida-es-tuya\/","og_site_name":"Exaudi","article_publisher":"https:\/\/www.facebook.com\/ExaudiNews","article_author":"https:\/\/www.facebook.com\/fundacioncarf\/","article_published_time":"2024-02-02T07:21:11+00:00","article_modified_time":"2024-02-02T09:30:21+00:00","og_image":[{"width":800,"height":458,"url":"https:\/\/exaudi.org\/wp-content\/uploads\/2024\/02\/jorman1-1.png","type":"image\/png"}],"author":"Fundaci\u00f3n CARF","twitter_card":"summary_large_image","twitter_creator":"@https:\/\/x.com\/fundacioncarf","twitter_site":"@Exaudi_News","twitter_misc":{"Escrito por":"Fundaci\u00f3n CARF","Tiempo de lectura":"4 minutos"},"schema":{"@context":"https:\/\/schema.org","@graph":[{"@type":"Article","@id":"https:\/\/exaudi.org\/es\/aunque-cuesta-senor-mi-vida-es-tuya\/#article","isPartOf":{"@id":"https:\/\/exaudi.org\/es\/aunque-cuesta-senor-mi-vida-es-tuya\/"},"author":{"name":"Fundaci\u00f3n CARF","@id":"https:\/\/exaudi.org\/#\/schema\/person\/fab8261a088ccf38cb54b3c50baa7baf"},"headline":"\u00abAunque cuesta, Se\u00f1or, mi vida es tuya\u00bb","datePublished":"2024-02-02T07:21:11+00:00","dateModified":"2024-02-02T09:30:21+00:00","mainEntityOfPage":{"@id":"https:\/\/exaudi.org\/es\/aunque-cuesta-senor-mi-vida-es-tuya\/"},"wordCount":900,"image":{"@id":"https:\/\/exaudi.org\/es\/aunque-cuesta-senor-mi-vida-es-tuya\/#primaryimage"},"thumbnailUrl":"https:\/\/exaudi.org\/wp-content\/uploads\/2024\/02\/jorman1-1.png","keywords":["di\u00f3cesis de Cabimas","Jorman Rafael C\u00e1ceres","Sacerdote","Trending","Venezuela","Vocaci\u00f3n"],"articleSection":["Iglesia y Mundo","Testimonios"],"inLanguage":"es"},{"@type":"WebPage","@id":"https:\/\/exaudi.org\/es\/aunque-cuesta-senor-mi-vida-es-tuya\/","url":"https:\/\/exaudi.org\/es\/aunque-cuesta-senor-mi-vida-es-tuya\/","name":"\u00abAunque cuesta, Se\u00f1or, mi vida es tuya\u00bb &#8211; Exaudi","isPartOf":{"@id":"https:\/\/exaudi.org\/#website"},"primaryImageOfPage":{"@id":"https:\/\/exaudi.org\/es\/aunque-cuesta-senor-mi-vida-es-tuya\/#primaryimage"},"image":{"@id":"https:\/\/exaudi.org\/es\/aunque-cuesta-senor-mi-vida-es-tuya\/#primaryimage"},"thumbnailUrl":"https:\/\/exaudi.org\/wp-content\/uploads\/2024\/02\/jorman1-1.png","datePublished":"2024-02-02T07:21:11+00:00","dateModified":"2024-02-02T09:30:21+00:00","author":{"@id":"https:\/\/exaudi.org\/#\/schema\/person\/fab8261a088ccf38cb54b3c50baa7baf"},"breadcrumb":{"@id":"https:\/\/exaudi.org\/es\/aunque-cuesta-senor-mi-vida-es-tuya\/#breadcrumb"},"inLanguage":"es","potentialAction":[{"@type":"ReadAction","target":["https:\/\/exaudi.org\/es\/aunque-cuesta-senor-mi-vida-es-tuya\/"]}]},{"@type":"ImageObject","inLanguage":"es","@id":"https:\/\/exaudi.org\/es\/aunque-cuesta-senor-mi-vida-es-tuya\/#primaryimage","url":"https:\/\/exaudi.org\/wp-content\/uploads\/2024\/02\/jorman1-1.png","contentUrl":"https:\/\/exaudi.org\/wp-content\/uploads\/2024\/02\/jorman1-1.png","width":800,"height":458},{"@type":"BreadcrumbList","@id":"https:\/\/exaudi.org\/es\/aunque-cuesta-senor-mi-vida-es-tuya\/#breadcrumb","itemListElement":[{"@type":"ListItem","position":1,"name":"Portada","item":"https:\/\/exaudi.org\/es\/"},{"@type":"ListItem","position":2,"name":"\u00abAunque cuesta, Se\u00f1or, mi vida es tuya\u00bb"}]},{"@type":"WebSite","@id":"https:\/\/exaudi.org\/#website","url":"https:\/\/exaudi.org\/","name":"Exaudi","description":"News","potentialAction":[{"@type":"SearchAction","target":{"@type":"EntryPoint","urlTemplate":"https:\/\/exaudi.org\/?s={search_term_string}"},"query-input":{"@type":"PropertyValueSpecification","valueRequired":true,"valueName":"search_term_string"}}],"inLanguage":"es"},{"@type":"Person","@id":"https:\/\/exaudi.org\/#\/schema\/person\/fab8261a088ccf38cb54b3c50baa7baf","name":"Fundaci\u00f3n CARF","image":{"@type":"ImageObject","inLanguage":"es","@id":"https:\/\/secure.gravatar.com\/avatar\/ab292d3529973c0d1cf4cda9208c6a8a7ee52923f0a291c39104715fa46aae4b?s=96&d=mm&r=g","url":"https:\/\/secure.gravatar.com\/avatar\/ab292d3529973c0d1cf4cda9208c6a8a7ee52923f0a291c39104715fa46aae4b?s=96&d=mm&r=g","contentUrl":"https:\/\/secure.gravatar.com\/avatar\/ab292d3529973c0d1cf4cda9208c6a8a7ee52923f0a291c39104715fa46aae4b?s=96&d=mm&r=g","caption":"Fundaci\u00f3n CARF"},"description":"Trabajamos para llevar la sonrisa de Dios a todos los rincones del mundo a trav\u00e9s de los sacerdotes y ayudando a su formaci\u00f3n. Gracias a nuestros benefactores, ayudamos a la formaci\u00f3n de los sacerdotes, difundimos su buen nombre y rezamos por su fidelidad y las vocaciones. Trabajamos para servir a la Iglesia y que ninguna vocaci\u00f3n se pierda y luego ellos puedan transmitir en su labor pastoral toda la luz, ciencia y doctrina recibida. Acad\u00e9mico Las licenciaturas, programas de especializacio\u0301n o doctorados, otorgan a cada candidato una formaci\u00f3n espec\u00edfica en Teologi\u0301a, Filosofi\u0301a, Derecho Cano\u0301nico o Comunicacio\u0301n Social Institucional. Espiritual Los seminaristas y sacerdotes complementan su formacio\u0301n acade\u0301mica y humana con la espiritual, ya que deben estar preparados para seguir su vocaci\u00f3n y prestar su cuerpo y su espi\u0301ritu al Sen\u0303or. Humano A trave\u0301s del ambiente de familia y de preparaci\u00f3n, se consigue el desarrollo de actitudes, capacidades y valores que impactan en el crecimiento personal y social de los sacerdotes.","sameAs":["https:\/\/fundacioncarf.org\/","https:\/\/www.facebook.com\/fundacioncarf\/","https:\/\/www.instagram.com\/fundacioncarf\/","https:\/\/www.linkedin.com\/company\/fundacioncarf\/posts\/?feedView=all","https:\/\/x.com\/https:\/\/x.com\/fundacioncarf","https:\/\/www.youtube.com\/c\/fundacioncarf"],"url":"https:\/\/exaudi.org\/es\/author\/carf\/"}]}},"jetpack_featured_media_url":"https:\/\/exaudi.org\/wp-content\/uploads\/2024\/02\/jorman1-1.png","jetpack_shortlink":"https:\/\/wp.me\/pgKjF2-omd","_links":{"self":[{"href":"https:\/\/exaudi.org\/es\/wp-json\/wp\/v2\/posts\/93633","targetHints":{"allow":["GET"]}}],"collection":[{"href":"https:\/\/exaudi.org\/es\/wp-json\/wp\/v2\/posts"}],"about":[{"href":"https:\/\/exaudi.org\/es\/wp-json\/wp\/v2\/types\/post"}],"author":[{"embeddable":true,"href":"https:\/\/exaudi.org\/es\/wp-json\/wp\/v2\/users\/119"}],"replies":[{"embeddable":true,"href":"https:\/\/exaudi.org\/es\/wp-json\/wp\/v2\/comments?post=93633"}],"version-history":[{"count":0,"href":"https:\/\/exaudi.org\/es\/wp-json\/wp\/v2\/posts\/93633\/revisions"}],"wp:featuredmedia":[{"embeddable":true,"href":"https:\/\/exaudi.org\/es\/wp-json\/wp\/v2\/media\/93637"}],"wp:attachment":[{"href":"https:\/\/exaudi.org\/es\/wp-json\/wp\/v2\/media?parent=93633"}],"wp:term":[{"taxonomy":"category","embeddable":true,"href":"https:\/\/exaudi.org\/es\/wp-json\/wp\/v2\/categories?post=93633"},{"taxonomy":"post_tag","embeddable":true,"href":"https:\/\/exaudi.org\/es\/wp-json\/wp\/v2\/tags?post=93633"}],"curies":[{"name":"wp","href":"https:\/\/api.w.org\/{rel}","templated":true}]}}