{"id":93563,"date":"2024-02-01T10:59:20","date_gmt":"2024-02-01T09:59:20","guid":{"rendered":"https:\/\/exaudi.org\/?p=93563"},"modified":"2024-02-01T14:23:13","modified_gmt":"2024-02-01T13:23:13","slug":"la-sabiduria-popular-de-los-refranes","status":"publish","type":"post","link":"https:\/\/exaudi.org\/es\/la-sabiduria-popular-de-los-refranes\/","title":{"rendered":"La sabidur\u00eda popular de los refranes"},"content":{"rendered":"<audio class=\"wp-audio-shortcode\" id=\"audio-93563-1\" preload=\"none\" style=\"width: 100%;\" controls=\"controls\"><source type=\"audio\/mpeg\" src=\"https:\/\/exaudi.org\/wp-content\/uploads\/2024\/02\/La-sabiduria-popular-de-los-refranes.mp3?_=1\" \/><a href=\"https:\/\/exaudi.org\/wp-content\/uploads\/2024\/02\/La-sabiduria-popular-de-los-refranes.mp3\">https:\/\/exaudi.org\/wp-content\/uploads\/2024\/02\/La-sabiduria-popular-de-los-refranes.mp3<\/a><\/audio>\n<p data-adtags-visited=\"true\">Andr\u00e9s Amor\u00f3s es un escritor amable. Disfruto sus escritos. Uno reciente me atrajo a la primera por su t\u00edtulo:\u00a0<em>Filosof\u00eda vulgar. La verdad de los refranes<\/em>\u00a0(F\u00f3rcola, 2023). Un libro para leer sin apuro y detenerse de continuo en el tramado de temas y refranes que Amor\u00f3s consigue enlazar con la soltura de un maestro. Desfilan un sinf\u00edn de refranes, con breves e incisivos comentarios del autor que arrancan reflexiones, respuestas y sonrisas al lector. Los refranes son, ciertamente, sabidur\u00eda popular, destilada desde la experiencia del ciudadano de a pie. Refranes que nos recuerdan que en la vida hay de todo como en botica: p\u00f3cimas que nos devuelven la salud como p\u00f3cimas que nos pueden matar. Y as\u00ed podemos decir \u201ca quien madruga Dios ayuda\u201d y, tambi\u00e9n, que \u201cno por mucho madrugar amanece m\u00e1s temprano\u201d. \u00bfUn refr\u00e1n anula al otro? No, ambos dan luces, uno para ser diligentes y el otro para no esperar frutos antes de tiempo.<\/p>\n<p data-adtags-visited=\"true\">Por eso Amor\u00f3s se\u00f1ala que \u201csi de algo no se puede acusar al refranero es de buenismo, de optimismo ingenuo. Todo lo contrario. No es de extra\u00f1ar. A cualquiera que no cierre los ojos, la experiencia le ense\u00f1a que el mal existe y que tiene tantas variedades: envidia, ambici\u00f3n, orgullo, codicia, estupidez, mezquindad\u2026 En el catecismo aprend\u00edamos la lista de los siete pecados capitales, que puede f\u00e1cilmente prolongarse. Es dif\u00edcil calibrar con justeza el inmenso error de Rousseau, al defender que el hombre es bueno por naturaleza y echar la culpa de sus malas acciones a la sociedad que lo corrompe. No es as\u00ed, no es verdad. Enga\u00f1arse viendo las cosas de color de rosa no conduce a nada. No caen en esa ingenua simpleza los refranes\u201d (p. 213).<\/p>\n<p data-adtags-visited=\"true\">Recuerda, asimismo, Amor\u00f3s que \u201cla cr\u00edtica de los excesos y la defensa de la moderaci\u00f3n, en todos los terrenos, es uno de los principios b\u00e1sicos de lo que podemos llamar la filosof\u00eda de nuestro refranero\u201d (p. 170). El voluntarismo desenfrenado, propio de cierta cultura del \u00e9xito contempor\u00e1nea, tiene mucho que aprender de la mesura de los refranes, que apelan a la humildad y liman la soberbia personal, anim\u00e1ndonos a no cantar victoria antes de tiempo y, al mismo tiempo, nos guapean para afrontar las consecuencias de las propias decisiones, dando la cara cuando las papas queman: a lo hecho pecho. Nada de zafar cuerpo.<\/p>\n<p data-adtags-visited=\"true\">En los refranes anida el sentido com\u00fan. Dicen bastante, pero no pretenden decirlo todo, de ah\u00ed que entre unos y otros se iluminen para ver el paisaje con mayor amplitud. \u201cEl sentido com\u00fan del refranero -indica Amor\u00f3s- enlaza lo imposible con lo que no es razonable. Pascal, un verdadero genio, defend\u00eda que el coraz\u00f3n tiene sus razones que la raz\u00f3n no comprende. Es verdad, pero tambi\u00e9n puede serlo lo contrario. No fue s\u00f3lo un juego de ingenio la r\u00e9plica de Eugenio d\u2019Ors: La raz\u00f3n tiene sus sentires en que el coraz\u00f3n no palpita. Los dos aciertan: en ese balanceo se mueve todo ser humano (p. 212)\u201d. Efectivamente, ambos aciertan al haber captado las razones del coraz\u00f3n y los sentires de la raz\u00f3n humana.<\/p>\n<p data-adtags-visited=\"true\">Para quienes llevamos d\u00e9cadas de a\u00f1os en nuestra narrativa personal, el tema del tiempo, de lo que hicimos o de lo que podr\u00edamos haber hecho es un asunto al que le damos vuelta de una u otra manera. Amor\u00f3s tambi\u00e9n lo piensa y escribe que \u201cde algunos genios \u2014Cervantes, Shakespeare, Bach, Goya\u2014 se suele decir que se adelantaron a su tiempo. Es muy posible. La mayor\u00eda de nosotros, en cambio, podemos resumir nuestra biograf\u00eda con la enumeraci\u00f3n \u2014siempre, incompleta\u2014 de las cosas a las que hemos llegado tarde. Algo nos consuela un refr\u00e1n, haci\u00e9ndonos la ilusi\u00f3n de que hemos acabado remedi\u00e1ndolo: <em>M\u00e1s vale tarde que nunca<\/em>\u00a0(p. 177)\u201d. De acuerdo y agregar\u00eda que siempre se est\u00e1 a tiempo de dar un buen do de pecho, aun cuando las circunstancias sean adversas.<\/p>\n","protected":false},"excerpt":{"rendered":"<p>M\u00e1s vale tarde que nunca<\/p>\n","protected":false},"author":109,"featured_media":93564,"comment_status":"closed","ping_status":"closed","sticky":false,"template":"","format":"standard","meta":{"_acf_changed":false,"_crdt_document":"","inline_featured_image":false,"footnotes":""},"categories":[130],"tags":[12659,4054,12658,12657,4953,6448],"class_list":["post-93563","post","type-post","status-publish","format-standard","has-post-thumbnail","hentry","category-voces","tag-amoros","tag-filosofia","tag-refranero","tag-refranes","tag-trending-es","tag-verdad"],"acf":[],"yoast_head":"<!-- This site is optimized with the Yoast SEO plugin v27.4 - https:\/\/yoast.com\/product\/yoast-seo-wordpress\/ -->\n<title>La sabidur\u00eda popular de los refranes &#8211; Exaudi<\/title>\n<meta name=\"robots\" content=\"index, follow, max-snippet:-1, max-image-preview:large, max-video-preview:-1\" \/>\n<link rel=\"canonical\" href=\"https:\/\/exaudi.org\/es\/la-sabiduria-popular-de-los-refranes\/\" \/>\n<meta property=\"og:locale\" content=\"es_ES\" \/>\n<meta property=\"og:type\" content=\"article\" \/>\n<meta property=\"og:title\" content=\"La sabidur\u00eda popular de los refranes &#8211; Exaudi\" \/>\n<meta property=\"og:description\" content=\"M\u00e1s vale tarde que nunca\" \/>\n<meta property=\"og:url\" content=\"https:\/\/exaudi.org\/es\/la-sabiduria-popular-de-los-refranes\/\" \/>\n<meta property=\"og:site_name\" content=\"Exaudi\" \/>\n<meta property=\"article:publisher\" content=\"https:\/\/www.facebook.com\/ExaudiNews\" \/>\n<meta property=\"article:published_time\" content=\"2024-02-01T09:59:20+00:00\" \/>\n<meta property=\"article:modified_time\" content=\"2024-02-01T13:23:13+00:00\" \/>\n<meta property=\"og:image\" content=\"https:\/\/exaudi.org\/wp-content\/uploads\/2024\/02\/pexels-caio-46274-scaled.jpg\" \/>\n\t<meta property=\"og:image:width\" content=\"2560\" \/>\n\t<meta property=\"og:image:height\" content=\"1702\" \/>\n\t<meta property=\"og:image:type\" content=\"image\/jpeg\" \/>\n<meta name=\"author\" content=\"Francisco Bobadilla\" \/>\n<meta name=\"twitter:card\" content=\"summary_large_image\" \/>\n<meta name=\"twitter:creator\" content=\"@Exaudi_News\" \/>\n<meta name=\"twitter:site\" content=\"@Exaudi_News\" \/>\n<meta name=\"twitter:label1\" content=\"Escrito por\" \/>\n\t<meta name=\"twitter:data1\" content=\"Francisco Bobadilla\" \/>\n\t<meta name=\"twitter:label2\" content=\"Tiempo de lectura\" \/>\n\t<meta name=\"twitter:data2\" content=\"4 minutos\" \/>\n<script type=\"application\/ld+json\" class=\"yoast-schema-graph\">{\"@context\":\"https:\\\/\\\/schema.org\",\"@graph\":[{\"@type\":\"Article\",\"@id\":\"https:\\\/\\\/exaudi.org\\\/es\\\/la-sabiduria-popular-de-los-refranes\\\/#article\",\"isPartOf\":{\"@id\":\"https:\\\/\\\/exaudi.org\\\/es\\\/la-sabiduria-popular-de-los-refranes\\\/\"},\"author\":{\"name\":\"Francisco Bobadilla\",\"@id\":\"https:\\\/\\\/exaudi.org\\\/#\\\/schema\\\/person\\\/f2d4ad1e1e2bb7dad42a623b75b7166b\"},\"headline\":\"La sabidur\u00eda popular de los refranes\",\"datePublished\":\"2024-02-01T09:59:20+00:00\",\"dateModified\":\"2024-02-01T13:23:13+00:00\",\"mainEntityOfPage\":{\"@id\":\"https:\\\/\\\/exaudi.org\\\/es\\\/la-sabiduria-popular-de-los-refranes\\\/\"},\"wordCount\":714,\"image\":{\"@id\":\"https:\\\/\\\/exaudi.org\\\/es\\\/la-sabiduria-popular-de-los-refranes\\\/#primaryimage\"},\"thumbnailUrl\":\"https:\\\/\\\/exaudi.org\\\/wp-content\\\/uploads\\\/2024\\\/02\\\/pexels-caio-46274-scaled.jpg\",\"keywords\":[\"Amor\u00f3s\",\"Filosof\u00eda\",\"Refranero\",\"Refranes\",\"Trending\",\"verdad\"],\"articleSection\":[\"Voces\"],\"inLanguage\":\"es\"},{\"@type\":\"WebPage\",\"@id\":\"https:\\\/\\\/exaudi.org\\\/es\\\/la-sabiduria-popular-de-los-refranes\\\/\",\"url\":\"https:\\\/\\\/exaudi.org\\\/es\\\/la-sabiduria-popular-de-los-refranes\\\/\",\"name\":\"La sabidur\u00eda popular de los refranes &#8211; Exaudi\",\"isPartOf\":{\"@id\":\"https:\\\/\\\/exaudi.org\\\/#website\"},\"primaryImageOfPage\":{\"@id\":\"https:\\\/\\\/exaudi.org\\\/es\\\/la-sabiduria-popular-de-los-refranes\\\/#primaryimage\"},\"image\":{\"@id\":\"https:\\\/\\\/exaudi.org\\\/es\\\/la-sabiduria-popular-de-los-refranes\\\/#primaryimage\"},\"thumbnailUrl\":\"https:\\\/\\\/exaudi.org\\\/wp-content\\\/uploads\\\/2024\\\/02\\\/pexels-caio-46274-scaled.jpg\",\"datePublished\":\"2024-02-01T09:59:20+00:00\",\"dateModified\":\"2024-02-01T13:23:13+00:00\",\"author\":{\"@id\":\"https:\\\/\\\/exaudi.org\\\/#\\\/schema\\\/person\\\/f2d4ad1e1e2bb7dad42a623b75b7166b\"},\"breadcrumb\":{\"@id\":\"https:\\\/\\\/exaudi.org\\\/es\\\/la-sabiduria-popular-de-los-refranes\\\/#breadcrumb\"},\"inLanguage\":\"es\",\"potentialAction\":[{\"@type\":\"ReadAction\",\"target\":[\"https:\\\/\\\/exaudi.org\\\/es\\\/la-sabiduria-popular-de-los-refranes\\\/\"]}]},{\"@type\":\"ImageObject\",\"inLanguage\":\"es\",\"@id\":\"https:\\\/\\\/exaudi.org\\\/es\\\/la-sabiduria-popular-de-los-refranes\\\/#primaryimage\",\"url\":\"https:\\\/\\\/exaudi.org\\\/wp-content\\\/uploads\\\/2024\\\/02\\\/pexels-caio-46274-scaled.jpg\",\"contentUrl\":\"https:\\\/\\\/exaudi.org\\\/wp-content\\\/uploads\\\/2024\\\/02\\\/pexels-caio-46274-scaled.jpg\",\"width\":2560,\"height\":1702},{\"@type\":\"BreadcrumbList\",\"@id\":\"https:\\\/\\\/exaudi.org\\\/es\\\/la-sabiduria-popular-de-los-refranes\\\/#breadcrumb\",\"itemListElement\":[{\"@type\":\"ListItem\",\"position\":1,\"name\":\"Portada\",\"item\":\"https:\\\/\\\/exaudi.org\\\/es\\\/\"},{\"@type\":\"ListItem\",\"position\":2,\"name\":\"La sabidur\u00eda popular de los refranes\"}]},{\"@type\":\"WebSite\",\"@id\":\"https:\\\/\\\/exaudi.org\\\/#website\",\"url\":\"https:\\\/\\\/exaudi.org\\\/\",\"name\":\"Exaudi\",\"description\":\"News\",\"potentialAction\":[{\"@type\":\"SearchAction\",\"target\":{\"@type\":\"EntryPoint\",\"urlTemplate\":\"https:\\\/\\\/exaudi.org\\\/?s={search_term_string}\"},\"query-input\":{\"@type\":\"PropertyValueSpecification\",\"valueRequired\":true,\"valueName\":\"search_term_string\"}}],\"inLanguage\":\"es\"},{\"@type\":\"Person\",\"@id\":\"https:\\\/\\\/exaudi.org\\\/#\\\/schema\\\/person\\\/f2d4ad1e1e2bb7dad42a623b75b7166b\",\"name\":\"Francisco Bobadilla\",\"image\":{\"@type\":\"ImageObject\",\"inLanguage\":\"es\",\"@id\":\"https:\\\/\\\/secure.gravatar.com\\\/avatar\\\/8d65d74eeda045f5ef133a25b739fed12768ab871a0ddb2772cf98408d61ee37?s=96&d=mm&r=g\",\"url\":\"https:\\\/\\\/secure.gravatar.com\\\/avatar\\\/8d65d74eeda045f5ef133a25b739fed12768ab871a0ddb2772cf98408d61ee37?s=96&d=mm&r=g\",\"contentUrl\":\"https:\\\/\\\/secure.gravatar.com\\\/avatar\\\/8d65d74eeda045f5ef133a25b739fed12768ab871a0ddb2772cf98408d61ee37?s=96&d=mm&r=g\",\"caption\":\"Francisco Bobadilla\"},\"description\":\"Francisco Bobadilla es profesor principal de la Universidad de Piura, donde dicta clases para el pre-grado y posgrado. Interesado en las Humanidades y en la dimensi\u00f3n \u00e9tica de la conducta humana. Lector habitual, de cuyas lecturas se nutre en gran parte este blog. Es autor, entre otros, de los libros \u201cPasi\u00f3n por la Excelencia\u201d, \u201cEmpresas con alma\u201d, \u00abProgreso econ\u00f3mico y desarrollo humano\u00bb, \u00abEl C\u00f3digo da Vinci: de la ficci\u00f3n a la realidad\u00bb; \u00abLa disponibilidad de los derechos de la personalidad\u00bb. Abogado y Master en Derecho Civil por la PUCP, doctor en Derecho por la Universidad de Zaragoza; Licenciado en Ciencias de la Informaci\u00f3n por la Universidad de Piura. Sus temas: pensamiento pol\u00edtico y social, \u00e9tica y cultura, derechos de la persona.\",\"sameAs\":[\"https:\\\/\\\/tertuliaabierta.wordpress.com\\\/\"],\"url\":\"https:\\\/\\\/exaudi.org\\\/es\\\/author\\\/francisco-bobadilla\\\/\"}]}<\/script>\n<!-- \/ Yoast SEO plugin. -->","yoast_head_json":{"title":"La sabidur\u00eda popular de los refranes &#8211; Exaudi","robots":{"index":"index","follow":"follow","max-snippet":"max-snippet:-1","max-image-preview":"max-image-preview:large","max-video-preview":"max-video-preview:-1"},"canonical":"https:\/\/exaudi.org\/es\/la-sabiduria-popular-de-los-refranes\/","og_locale":"es_ES","og_type":"article","og_title":"La sabidur\u00eda popular de los refranes &#8211; Exaudi","og_description":"M\u00e1s vale tarde que nunca","og_url":"https:\/\/exaudi.org\/es\/la-sabiduria-popular-de-los-refranes\/","og_site_name":"Exaudi","article_publisher":"https:\/\/www.facebook.com\/ExaudiNews","article_published_time":"2024-02-01T09:59:20+00:00","article_modified_time":"2024-02-01T13:23:13+00:00","og_image":[{"width":2560,"height":1702,"url":"https:\/\/exaudi.org\/wp-content\/uploads\/2024\/02\/pexels-caio-46274-scaled.jpg","type":"image\/jpeg"}],"author":"Francisco Bobadilla","twitter_card":"summary_large_image","twitter_creator":"@Exaudi_News","twitter_site":"@Exaudi_News","twitter_misc":{"Escrito por":"Francisco Bobadilla","Tiempo de lectura":"4 minutos"},"schema":{"@context":"https:\/\/schema.org","@graph":[{"@type":"Article","@id":"https:\/\/exaudi.org\/es\/la-sabiduria-popular-de-los-refranes\/#article","isPartOf":{"@id":"https:\/\/exaudi.org\/es\/la-sabiduria-popular-de-los-refranes\/"},"author":{"name":"Francisco Bobadilla","@id":"https:\/\/exaudi.org\/#\/schema\/person\/f2d4ad1e1e2bb7dad42a623b75b7166b"},"headline":"La sabidur\u00eda popular de los refranes","datePublished":"2024-02-01T09:59:20+00:00","dateModified":"2024-02-01T13:23:13+00:00","mainEntityOfPage":{"@id":"https:\/\/exaudi.org\/es\/la-sabiduria-popular-de-los-refranes\/"},"wordCount":714,"image":{"@id":"https:\/\/exaudi.org\/es\/la-sabiduria-popular-de-los-refranes\/#primaryimage"},"thumbnailUrl":"https:\/\/exaudi.org\/wp-content\/uploads\/2024\/02\/pexels-caio-46274-scaled.jpg","keywords":["Amor\u00f3s","Filosof\u00eda","Refranero","Refranes","Trending","verdad"],"articleSection":["Voces"],"inLanguage":"es"},{"@type":"WebPage","@id":"https:\/\/exaudi.org\/es\/la-sabiduria-popular-de-los-refranes\/","url":"https:\/\/exaudi.org\/es\/la-sabiduria-popular-de-los-refranes\/","name":"La sabidur\u00eda popular de los refranes &#8211; Exaudi","isPartOf":{"@id":"https:\/\/exaudi.org\/#website"},"primaryImageOfPage":{"@id":"https:\/\/exaudi.org\/es\/la-sabiduria-popular-de-los-refranes\/#primaryimage"},"image":{"@id":"https:\/\/exaudi.org\/es\/la-sabiduria-popular-de-los-refranes\/#primaryimage"},"thumbnailUrl":"https:\/\/exaudi.org\/wp-content\/uploads\/2024\/02\/pexels-caio-46274-scaled.jpg","datePublished":"2024-02-01T09:59:20+00:00","dateModified":"2024-02-01T13:23:13+00:00","author":{"@id":"https:\/\/exaudi.org\/#\/schema\/person\/f2d4ad1e1e2bb7dad42a623b75b7166b"},"breadcrumb":{"@id":"https:\/\/exaudi.org\/es\/la-sabiduria-popular-de-los-refranes\/#breadcrumb"},"inLanguage":"es","potentialAction":[{"@type":"ReadAction","target":["https:\/\/exaudi.org\/es\/la-sabiduria-popular-de-los-refranes\/"]}]},{"@type":"ImageObject","inLanguage":"es","@id":"https:\/\/exaudi.org\/es\/la-sabiduria-popular-de-los-refranes\/#primaryimage","url":"https:\/\/exaudi.org\/wp-content\/uploads\/2024\/02\/pexels-caio-46274-scaled.jpg","contentUrl":"https:\/\/exaudi.org\/wp-content\/uploads\/2024\/02\/pexels-caio-46274-scaled.jpg","width":2560,"height":1702},{"@type":"BreadcrumbList","@id":"https:\/\/exaudi.org\/es\/la-sabiduria-popular-de-los-refranes\/#breadcrumb","itemListElement":[{"@type":"ListItem","position":1,"name":"Portada","item":"https:\/\/exaudi.org\/es\/"},{"@type":"ListItem","position":2,"name":"La sabidur\u00eda popular de los refranes"}]},{"@type":"WebSite","@id":"https:\/\/exaudi.org\/#website","url":"https:\/\/exaudi.org\/","name":"Exaudi","description":"News","potentialAction":[{"@type":"SearchAction","target":{"@type":"EntryPoint","urlTemplate":"https:\/\/exaudi.org\/?s={search_term_string}"},"query-input":{"@type":"PropertyValueSpecification","valueRequired":true,"valueName":"search_term_string"}}],"inLanguage":"es"},{"@type":"Person","@id":"https:\/\/exaudi.org\/#\/schema\/person\/f2d4ad1e1e2bb7dad42a623b75b7166b","name":"Francisco Bobadilla","image":{"@type":"ImageObject","inLanguage":"es","@id":"https:\/\/secure.gravatar.com\/avatar\/8d65d74eeda045f5ef133a25b739fed12768ab871a0ddb2772cf98408d61ee37?s=96&d=mm&r=g","url":"https:\/\/secure.gravatar.com\/avatar\/8d65d74eeda045f5ef133a25b739fed12768ab871a0ddb2772cf98408d61ee37?s=96&d=mm&r=g","contentUrl":"https:\/\/secure.gravatar.com\/avatar\/8d65d74eeda045f5ef133a25b739fed12768ab871a0ddb2772cf98408d61ee37?s=96&d=mm&r=g","caption":"Francisco Bobadilla"},"description":"Francisco Bobadilla es profesor principal de la Universidad de Piura, donde dicta clases para el pre-grado y posgrado. Interesado en las Humanidades y en la dimensi\u00f3n \u00e9tica de la conducta humana. Lector habitual, de cuyas lecturas se nutre en gran parte este blog. Es autor, entre otros, de los libros \u201cPasi\u00f3n por la Excelencia\u201d, \u201cEmpresas con alma\u201d, \u00abProgreso econ\u00f3mico y desarrollo humano\u00bb, \u00abEl C\u00f3digo da Vinci: de la ficci\u00f3n a la realidad\u00bb; \u00abLa disponibilidad de los derechos de la personalidad\u00bb. Abogado y Master en Derecho Civil por la PUCP, doctor en Derecho por la Universidad de Zaragoza; Licenciado en Ciencias de la Informaci\u00f3n por la Universidad de Piura. Sus temas: pensamiento pol\u00edtico y social, \u00e9tica y cultura, derechos de la persona.","sameAs":["https:\/\/tertuliaabierta.wordpress.com\/"],"url":"https:\/\/exaudi.org\/es\/author\/francisco-bobadilla\/"}]}},"jetpack_featured_media_url":"https:\/\/exaudi.org\/wp-content\/uploads\/2024\/02\/pexels-caio-46274-scaled.jpg","jetpack_shortlink":"https:\/\/wp.me\/pgKjF2-ol5","_links":{"self":[{"href":"https:\/\/exaudi.org\/es\/wp-json\/wp\/v2\/posts\/93563","targetHints":{"allow":["GET"]}}],"collection":[{"href":"https:\/\/exaudi.org\/es\/wp-json\/wp\/v2\/posts"}],"about":[{"href":"https:\/\/exaudi.org\/es\/wp-json\/wp\/v2\/types\/post"}],"author":[{"embeddable":true,"href":"https:\/\/exaudi.org\/es\/wp-json\/wp\/v2\/users\/109"}],"replies":[{"embeddable":true,"href":"https:\/\/exaudi.org\/es\/wp-json\/wp\/v2\/comments?post=93563"}],"version-history":[{"count":0,"href":"https:\/\/exaudi.org\/es\/wp-json\/wp\/v2\/posts\/93563\/revisions"}],"wp:featuredmedia":[{"embeddable":true,"href":"https:\/\/exaudi.org\/es\/wp-json\/wp\/v2\/media\/93564"}],"wp:attachment":[{"href":"https:\/\/exaudi.org\/es\/wp-json\/wp\/v2\/media?parent=93563"}],"wp:term":[{"taxonomy":"category","embeddable":true,"href":"https:\/\/exaudi.org\/es\/wp-json\/wp\/v2\/categories?post=93563"},{"taxonomy":"post_tag","embeddable":true,"href":"https:\/\/exaudi.org\/es\/wp-json\/wp\/v2\/tags?post=93563"}],"curies":[{"name":"wp","href":"https:\/\/api.w.org\/{rel}","templated":true}]}}